{"id":17764,"date":"2019-05-04T13:09:59","date_gmt":"2019-05-04T11:09:59","guid":{"rendered":"http:\/\/localhost\/wordpress\/2019\/05\/04\/mouvement-2019-postes-indiqus-sur-siam\/"},"modified":"2019-09-23T14:47:27","modified_gmt":"2019-09-23T12:47:27","slug":"mouvement-2019-postes-indiqus-sur-siam","status":"publish","type":"post","link":"https:\/\/snuipp86.fr\/index.php\/2019\/05\/04\/mouvement-2019-postes-indiqus-sur-siam\/","title":{"rendered":"Mouvement 2019 : postes indiqu\u00e9s sur SIAM"},"content":{"rendered":"<div class='rss_texte'>\n<p class=\"spip\">Le SNUipp-FSU 86 vous propose les listes suivantes en pj issues de SIAM, fruit de notre travail, pour vous aider dans votre mouvement. Si vous voyez des erreurs de votre c\u00f4t\u00e9 dans votre \u00e9cole, faites nous remonter l&rsquo;info que l&rsquo;on intervienne aupr\u00e8s de la DPE5 avec plus d&rsquo;infos.<\/p>\n<dl class='spip_document_3977 spip_documents spip_documents_center' >\n<dt><img src='https:\/\/snuipp86.fr\/wp-content\/spip\/cache-vignettes\/L300xH218\/mouvement-6-21340.jpg' width='300' height='218' alt='JPEG - 91.6 ko' style='height:218px;width:300px;' class='' \/><\/dt>\n<dt class='spip_doc_titre' style='width:300px;'><strong>mouvement<\/strong><\/dt>\n<\/dl>\n<dl class='spip_document_3957 spip_documents spip_documents_center' >\n<dt><a href=\"https:\/\/snuipp86.fr\/wp-content\/spip\/IMG\/pdf\/postes_de_directions_maternelle.pdf\" title='PDF - 453.6 ko' type=\"application\/pdf\"><img src='https:\/\/snuipp86.fr\/wp-content\/spip\/cache-vignettes\/L52xH52\/pdf-d7486.png' width='52' height='52' alt='PDF - 453.6 ko' style='height:52px;width:52px;' class=' format_png' \/><\/a><\/dt>\n<dt class='spip_doc_titre' style='width:120px;'><strong>postes de directions maternelle<\/strong><\/dt>\n<\/dl>\n<dl class='spip_document_3959 spip_documents spip_documents_center' >\n<dt><a href=\"https:\/\/snuipp86.fr\/wp-content\/spip\/IMG\/pdf\/postes_de_directions_elementaires-2.pdf\" title='PDF - 552.6 ko' type=\"application\/pdf\"><img src='https:\/\/snuipp86.fr\/wp-content\/spip\/cache-vignettes\/L52xH52\/pdf-d7486.png' width='52' height='52' alt='PDF - 552.6 ko' style='height:52px;width:52px;' class=' format_png' \/><\/a><\/dt>\n<dt class='spip_doc_titre' style='width:120px;'><strong>postes de directions \u00e9l\u00e9mentaires<\/strong><\/dt>\n<\/dl>\n<dl class='spip_document_3960 spip_documents spip_documents_center' >\n<dt><a href=\"https:\/\/snuipp86.fr\/wp-content\/spip\/IMG\/pdf\/postes_sv_adjoints_maternelles.pdf\" title='PDF - 499.9 ko' type=\"application\/pdf\"><img src='https:\/\/snuipp86.fr\/wp-content\/spip\/cache-vignettes\/L52xH52\/pdf-d7486.png' width='52' height='52' alt='PDF - 499.9 ko' style='height:52px;width:52px;' class=' format_png' \/><\/a><\/dt>\n<dt class='spip_doc_titre' style='width:120px;'><strong>adjoints maternelles<\/strong><\/dt>\n<\/dl>\n<dl class='spip_document_3961 spip_documents spip_documents_center' >\n<dt><a href=\"https:\/\/snuipp86.fr\/wp-content\/spip\/IMG\/pdf\/Postes_sv_adjoints_elem_3_.pdf\" title='PDF - 498.8 ko' type=\"application\/pdf\"><img src='https:\/\/snuipp86.fr\/wp-content\/spip\/cache-vignettes\/L52xH52\/pdf-d7486.png' width='52' height='52' alt='PDF - 498.8 ko' style='height:52px;width:52px;' class=' format_png' \/><\/a><\/dt>\n<dt class='spip_doc_titre' style='width:120px;'><strong>adjoints \u00e9l\u00e9m<\/strong><\/dt>\n<\/dl>\n<dl class='spip_document_3962 spip_documents spip_documents_center' >\n<dt><a href=\"https:\/\/snuipp86.fr\/wp-content\/spip\/IMG\/pdf\/postes_zil.pdf\" title='PDF - 449.3 ko' type=\"application\/pdf\"><img src='https:\/\/snuipp86.fr\/wp-content\/spip\/cache-vignettes\/L52xH52\/pdf-d7486.png' width='52' height='52' alt='PDF - 449.3 ko' style='height:52px;width:52px;' class=' format_png' \/><\/a><\/dt>\n<dt class='spip_doc_titre' style='width:120px;'><strong>postes zil &#8211; TR infra<\/strong><\/dt>\n<\/dl>\n<dl class='spip_document_3963 spip_documents spip_documents_center' >\n<dt><a href=\"https:\/\/snuipp86.fr\/wp-content\/spip\/IMG\/pdf\/postes_fract_TD.pdf\" title='PDF - 436.3 ko' type=\"application\/pdf\"><img src='https:\/\/snuipp86.fr\/wp-content\/spip\/cache-vignettes\/L52xH52\/pdf-d7486.png' width='52' height='52' alt='PDF - 436.3 ko' style='height:52px;width:52px;' class=' format_png' \/><\/a><\/dt>\n<dt class='spip_doc_titre' style='width:120px;'><strong>postes fractionn\u00e9s TD<\/strong><\/dt>\n<\/dl>\n<dl class='spip_document_3964 spip_documents spip_documents_center' >\n<dt><a href=\"https:\/\/snuipp86.fr\/wp-content\/spip\/IMG\/pdf\/postes_brigades-1.pdf\" title='PDF - 422.7 ko' type=\"application\/pdf\"><img src='https:\/\/snuipp86.fr\/wp-content\/spip\/cache-vignettes\/L52xH52\/pdf-d7486.png' width='52' height='52' alt='PDF - 422.7 ko' style='height:52px;width:52px;' class=' format_png' \/><\/a><\/dt>\n<dt class='spip_doc_titre' style='width:120px;'><strong>postes brigades-TR dep<\/strong><\/dt>\n<\/dl>\n<dl class='spip_document_3965 spip_documents spip_documents_center' >\n<dt><a href=\"https:\/\/snuipp86.fr\/wp-content\/spip\/IMG\/pdf\/Maitre_en_plus-01.pdf\" title='PDF - 394.8 ko' type=\"application\/pdf\"><img src='https:\/\/snuipp86.fr\/wp-content\/spip\/cache-vignettes\/L52xH52\/pdf-d7486.png' width='52' height='52' alt='PDF - 394.8 ko' style='height:52px;width:52px;' class=' format_png' \/><\/a><\/dt>\n<dt class='spip_doc_titre' style='width:120px;'><strong>Ma\u00eetre en plus-01<\/strong><\/dt>\n<\/dl>\n<dl class='spip_document_3966 spip_documents spip_documents_center' >\n<dt><a href=\"https:\/\/snuipp86.fr\/wp-content\/spip\/IMG\/pdf\/CLIS_ecole.pdf\" title='PDF - 409 ko' type=\"application\/pdf\"><img src='https:\/\/snuipp86.fr\/wp-content\/spip\/cache-vignettes\/L52xH52\/pdf-d7486.png' width='52' height='52' alt='PDF - 409 ko' style='height:52px;width:52px;' class=' format_png' \/><\/a><\/dt>\n<dt class='spip_doc_titre' style='width:120px;'><strong>CLIS \u00e9cole<\/strong><\/dt>\n<\/dl>\n<dl class='spip_document_3967 spip_documents spip_documents_center' >\n<dt><a href=\"https:\/\/snuipp86.fr\/wp-content\/spip\/IMG\/pdf\/ULIS_ecole.pdf\" title='PDF - 422.2 ko' type=\"application\/pdf\"><img src='https:\/\/snuipp86.fr\/wp-content\/spip\/cache-vignettes\/L52xH52\/pdf-d7486.png' width='52' height='52' alt='PDF - 422.2 ko' style='height:52px;width:52px;' class=' format_png' \/><\/a><\/dt>\n<dt class='spip_doc_titre' style='width:120px;'><strong>ULIS \u00e9cole<\/strong><\/dt>\n<\/dl>\n<dl class='spip_document_3968 spip_documents spip_documents_center' >\n<dt><a href=\"https:\/\/snuipp86.fr\/wp-content\/spip\/IMG\/pdf\/ULIS_college_lycee.pdf\" title='PDF - 401.2 ko' type=\"application\/pdf\"><img src='https:\/\/snuipp86.fr\/wp-content\/spip\/cache-vignettes\/L52xH52\/pdf-d7486.png' width='52' height='52' alt='PDF - 401.2 ko' style='height:52px;width:52px;' class=' format_png' \/><\/a><\/dt>\n<dt class='spip_doc_titre' style='width:120px;'><strong>ULIS coll\u00e8ge lyc\u00e9e<\/strong><\/dt>\n<\/dl>\n<dl class='spip_document_3969 spip_documents spip_documents_center' >\n<dt><a href=\"https:\/\/snuipp86.fr\/wp-content\/spip\/IMG\/pdf\/Enseignant_classe_specialisee.pdf\" title='PDF - 402.1 ko' type=\"application\/pdf\"><img src='https:\/\/snuipp86.fr\/wp-content\/spip\/cache-vignettes\/L52xH52\/pdf-d7486.png' width='52' height='52' alt='PDF - 402.1 ko' style='height:52px;width:52px;' class=' format_png' \/><\/a><\/dt>\n<dt class='spip_doc_titre' style='width:120px;'><strong>Enseignant classe sp\u00e9cialis\u00e9e<\/strong><\/dt>\n<\/dl>\n<dl class='spip_document_3970 spip_documents spip_documents_center' >\n<dt><a href=\"https:\/\/snuipp86.fr\/wp-content\/spip\/IMG\/pdf\/Unite_d_enseignement_elem_et_mat.pdf\" title='PDF - 408 ko' type=\"application\/pdf\"><img src='https:\/\/snuipp86.fr\/wp-content\/spip\/cache-vignettes\/L52xH52\/pdf-d7486.png' width='52' height='52' alt='PDF - 408 ko' style='height:52px;width:52px;' class=' format_png' \/><\/a><\/dt>\n<dt class='spip_doc_titre' style='width:120px;'><strong>Unit\u00e9 d&rsquo;enseignement sp\u00e9cialis\u00e9e<\/strong><\/dt>\n<\/dl>\n<dl class='spip_document_3971 spip_documents spip_documents_center' >\n<dt><a href=\"https:\/\/snuipp86.fr\/wp-content\/spip\/IMG\/pdf\/Enseignant_1er_degre_itinerant_specialise.pdf\" title='PDF - 379.1 ko' type=\"application\/pdf\"><img src='https:\/\/snuipp86.fr\/wp-content\/spip\/cache-vignettes\/L52xH52\/pdf-d7486.png' width='52' height='52' alt='PDF - 379.1 ko' style='height:52px;width:52px;' class=' format_png' \/><\/a><\/dt>\n<dt class='spip_doc_titre' style='width:120px;'><strong>Brigade ASH<\/strong><\/dt>\n<\/dl>\n<dl class='spip_document_3972 spip_documents spip_documents_center' >\n<dt><a href=\"https:\/\/snuipp86.fr\/wp-content\/spip\/IMG\/pdf\/ens_spe_SEGPA_EREA.pdf\" title='PDF - 411.6 ko' type=\"application\/pdf\"><img src='https:\/\/snuipp86.fr\/wp-content\/spip\/cache-vignettes\/L52xH52\/pdf-d7486.png' width='52' height='52' alt='PDF - 411.6 ko' style='height:52px;width:52px;' class=' format_png' \/><\/a><\/dt>\n<dt class='spip_doc_titre' style='width:120px;'><strong>ens sp\u00e9 SEGPA EREA<\/strong><\/dt>\n<\/dl>\n<dl class='spip_document_3973 spip_documents spip_documents_center' >\n<dt><a href=\"https:\/\/snuipp86.fr\/wp-content\/spip\/IMG\/pdf\/EDUC_EREA.pdf\" title='PDF - 382.3 ko' type=\"application\/pdf\"><img src='https:\/\/snuipp86.fr\/wp-content\/spip\/cache-vignettes\/L52xH52\/pdf-d7486.png' width='52' height='52' alt='PDF - 382.3 ko' style='height:52px;width:52px;' class=' format_png' \/><\/a><\/dt>\n<dt class='spip_doc_titre' style='width:120px;'><strong>EDUC EREA<\/strong><\/dt>\n<\/dl>\n<dl class='spip_document_3974 spip_documents spip_documents_center' >\n<dt><a href=\"https:\/\/snuipp86.fr\/wp-content\/spip\/IMG\/pdf\/dech_dir_etab_spe.pdf\" title='PDF - 380.2 ko' type=\"application\/pdf\"><img src='https:\/\/snuipp86.fr\/wp-content\/spip\/cache-vignettes\/L52xH52\/pdf-d7486.png' width='52' height='52' alt='PDF - 380.2 ko' style='height:52px;width:52px;' class=' format_png' \/><\/a><\/dt>\n<dt class='spip_doc_titre' style='width:120px;'><strong>dech dir \u00e9tab sp\u00e9<\/strong><\/dt>\n<\/dl>\n<dl class='spip_document_3975 spip_documents spip_documents_center' >\n<dt><a href=\"https:\/\/snuipp86.fr\/wp-content\/spip\/IMG\/pdf\/Coordonnateur_pedagogique_unite_d_enseignement.pdf\" title='PDF - 409.2 ko' type=\"application\/pdf\"><img src='https:\/\/snuipp86.fr\/wp-content\/spip\/cache-vignettes\/L52xH52\/pdf-d7486.png' width='52' height='52' alt='PDF - 409.2 ko' style='height:52px;width:52px;' class=' format_png' \/><\/a><\/dt>\n<dt class='spip_doc_titre' style='width:120px;'><strong>Coordonnateur p\u00e9dagogique unit\u00e9 d&rsquo;enseignement<\/strong><\/dt>\n<\/dl>\n<dl class='spip_document_3976 spip_documents spip_documents_center' >\n<dt><img src='https:\/\/snuipp86.fr\/wp-content\/spip\/cache-vignettes\/L300xH277\/elus-person-informent-2-4-26-9b2cf.jpg' width='300' height='277' alt='JPEG - 27.6 ko' style='height:277px;width:300px;' class='' \/><\/dt>\n<\/dl>\n<dl class='spip_document_3979 spip_documents spip_documents_center' >\n<dt><a href=\"https:\/\/snuipp86.fr\/wp-content\/spip\/IMG\/pdf\/Maitre_E.pdf\" title='PDF - 414 ko' type=\"application\/pdf\"><img src='https:\/\/snuipp86.fr\/wp-content\/spip\/cache-vignettes\/L52xH52\/pdf-d7486.png' width='52' height='52' alt='PDF - 414 ko' style='height:52px;width:52px;' class=' format_png' \/><\/a><\/dt>\n<dt class='spip_doc_titre' style='width:120px;'><strong>Ma\u00eetre E<\/strong><\/dt>\n<\/dl>\n<dl class='spip_document_3978 spip_documents spip_documents_center' >\n<dt><a href=\"https:\/\/snuipp86.fr\/wp-content\/spip\/IMG\/pdf\/Maitre_G.pdf\" title='PDF - 404.5 ko' type=\"application\/pdf\"><img src='https:\/\/snuipp86.fr\/wp-content\/spip\/cache-vignettes\/L52xH52\/pdf-d7486.png' width='52' height='52' alt='PDF - 404.5 ko' style='height:52px;width:52px;' class=' format_png' \/><\/a><\/dt>\n<dt class='spip_doc_titre' style='width:120px;'><strong>Ma\u00eetre G<\/strong><\/dt>\n<\/dl>\n<p class=\"spip\"><!-- htmlA --><span class='spip_document_3976 spip_documents' ><br \/>\n<img src='https:\/\/snuipp86.fr\/wp-content\/spip\/cache-vignettes\/L300xH277\/elus-person-informent-2-4-26-9b2cf.jpg' width='300' height='277' alt=\"\" style='height:277px;width:300px;' class='' \/><\/span><!-- htmlB --><\/p>\n<\/div>\n","protected":false},"excerpt":{"rendered":"<p>Le SNUipp-FSU 86 vous propose les listes suivantes en pj issues de SIAM, fruit de notre travail, pour vous aider dans votre mouvement. Si vous voyez des erreurs de votre c\u00f4t\u00e9 dans votre \u00e9cole, faites nous remonter l&rsquo;info que l&rsquo;on intervienne aupr\u00e8s de la DPE5 avec plus d&rsquo;infos.<br \/>\n&#8211;<br \/>\n<a href=\"http:\/\/86.snuipp.fr\/spip.php?rubrique117\" rel=\"directory\">Mouvement des personnels &#8211; <\/a><br \/>\n\/<br \/>\n<a href=\"http:\/\/86.snuipp.fr\/spip.php?mot306\" rel=\"tag\">Mouvement<\/a><\/p>\n","protected":false},"author":1,"featured_media":0,"comment_status":"open","ping_status":"open","sticky":false,"template":"","format":"standard","meta":{"footnotes":""},"categories":[14],"tags":[3],"class_list":["post-17764","post","type-post","status-publish","format-standard","hentry","category-a-la-une","tag-capd"],"yoast_head":"<!-- This site is optimized with the Yoast SEO plugin v26.6 - https:\/\/yoast.com\/wordpress\/plugins\/seo\/ -->\n<title>Mouvement 2019 : postes indiqu\u00e9s sur SIAM - FSU-SNUipp 86<\/title>\n<meta name=\"robots\" content=\"index, follow, max-snippet:-1, max-image-preview:large, max-video-preview:-1\" \/>\n<link rel=\"canonical\" href=\"https:\/\/snuipp86.fr\/index.php\/2019\/05\/04\/mouvement-2019-postes-indiqus-sur-siam\/\" \/>\n<meta property=\"og:locale\" content=\"fr_FR\" \/>\n<meta property=\"og:type\" content=\"article\" \/>\n<meta property=\"og:title\" content=\"Mouvement 2019 : postes indiqu\u00e9s sur SIAM - FSU-SNUipp 86\" \/>\n<meta property=\"og:description\" content=\"Le SNUipp-FSU 86 vous propose les listes suivantes en pj issues de SIAM, fruit de notre travail, pour vous aider dans votre mouvement. Si vous voyez des erreurs de votre c\u00f4t\u00e9 dans votre \u00e9cole, faites nous remonter l&#039;info que l&#039;on intervienne aupr\u00e8s de la DPE5 avec plus d&#039;infos. - Mouvement des personnels - \/ Mouvement\" \/>\n<meta property=\"og:url\" content=\"https:\/\/snuipp86.fr\/index.php\/2019\/05\/04\/mouvement-2019-postes-indiqus-sur-siam\/\" \/>\n<meta property=\"og:site_name\" content=\"FSU-SNUipp 86\" \/>\n<meta property=\"article:published_time\" content=\"2019-05-04T11:09:59+00:00\" \/>\n<meta property=\"article:modified_time\" content=\"2019-09-23T12:47:27+00:00\" \/>\n<meta property=\"og:image\" content=\"http:\/\/snuipp86.fr\/wp-content\/spip\/cache-vignettes\/L300xH218\/mouvement-6-21340.jpg\" \/>\n<meta name=\"author\" content=\"WP86Admin\" \/>\n<meta name=\"twitter:card\" content=\"summary_large_image\" \/>\n<meta name=\"twitter:label1\" content=\"\u00c9crit par\" \/>\n\t<meta name=\"twitter:data1\" content=\"WP86Admin\" \/>\n\t<meta name=\"twitter:label2\" content=\"Dur\u00e9e de lecture estim\u00e9e\" \/>\n\t<meta name=\"twitter:data2\" content=\"1 minute\" \/>\n<script type=\"application\/ld+json\" class=\"yoast-schema-graph\">{\"@context\":\"https:\/\/schema.org\",\"@graph\":[{\"@type\":\"WebPage\",\"@id\":\"https:\/\/snuipp86.fr\/index.php\/2019\/05\/04\/mouvement-2019-postes-indiqus-sur-siam\/\",\"url\":\"https:\/\/snuipp86.fr\/index.php\/2019\/05\/04\/mouvement-2019-postes-indiqus-sur-siam\/\",\"name\":\"Mouvement 2019 : postes indiqu\u00e9s sur SIAM - FSU-SNUipp 86\",\"isPartOf\":{\"@id\":\"https:\/\/snuipp86.fr\/#website\"},\"primaryImageOfPage\":{\"@id\":\"https:\/\/snuipp86.fr\/index.php\/2019\/05\/04\/mouvement-2019-postes-indiqus-sur-siam\/#primaryimage\"},\"image\":{\"@id\":\"https:\/\/snuipp86.fr\/index.php\/2019\/05\/04\/mouvement-2019-postes-indiqus-sur-siam\/#primaryimage\"},\"thumbnailUrl\":\"http:\/\/snuipp86.fr\/wp-content\/spip\/cache-vignettes\/L300xH218\/mouvement-6-21340.jpg\",\"datePublished\":\"2019-05-04T11:09:59+00:00\",\"dateModified\":\"2019-09-23T12:47:27+00:00\",\"author\":{\"@id\":\"https:\/\/snuipp86.fr\/#\/schema\/person\/901b28b9ae1c7a63a6a940102e52a7a2\"},\"breadcrumb\":{\"@id\":\"https:\/\/snuipp86.fr\/index.php\/2019\/05\/04\/mouvement-2019-postes-indiqus-sur-siam\/#breadcrumb\"},\"inLanguage\":\"fr-FR\",\"potentialAction\":[{\"@type\":\"ReadAction\",\"target\":[\"https:\/\/snuipp86.fr\/index.php\/2019\/05\/04\/mouvement-2019-postes-indiqus-sur-siam\/\"]}]},{\"@type\":\"ImageObject\",\"inLanguage\":\"fr-FR\",\"@id\":\"https:\/\/snuipp86.fr\/index.php\/2019\/05\/04\/mouvement-2019-postes-indiqus-sur-siam\/#primaryimage\",\"url\":\"http:\/\/snuipp86.fr\/wp-content\/spip\/cache-vignettes\/L300xH218\/mouvement-6-21340.jpg\",\"contentUrl\":\"http:\/\/snuipp86.fr\/wp-content\/spip\/cache-vignettes\/L300xH218\/mouvement-6-21340.jpg\"},{\"@type\":\"BreadcrumbList\",\"@id\":\"https:\/\/snuipp86.fr\/index.php\/2019\/05\/04\/mouvement-2019-postes-indiqus-sur-siam\/#breadcrumb\",\"itemListElement\":[{\"@type\":\"ListItem\",\"position\":1,\"name\":\"Accueil\",\"item\":\"https:\/\/snuipp86.fr\/\"},{\"@type\":\"ListItem\",\"position\":2,\"name\":\"Mouvement 2019 : postes indiqu\u00e9s sur SIAM\"}]},{\"@type\":\"WebSite\",\"@id\":\"https:\/\/snuipp86.fr\/#website\",\"url\":\"https:\/\/snuipp86.fr\/\",\"name\":\"FSU-SNUipp 86\",\"description\":\"Des id\u00e9es qui font l&#039;\u00e9cole\",\"potentialAction\":[{\"@type\":\"SearchAction\",\"target\":{\"@type\":\"EntryPoint\",\"urlTemplate\":\"https:\/\/snuipp86.fr\/?s={search_term_string}\"},\"query-input\":{\"@type\":\"PropertyValueSpecification\",\"valueRequired\":true,\"valueName\":\"search_term_string\"}}],\"inLanguage\":\"fr-FR\"},{\"@type\":\"Person\",\"@id\":\"https:\/\/snuipp86.fr\/#\/schema\/person\/901b28b9ae1c7a63a6a940102e52a7a2\",\"name\":\"WP86Admin\",\"image\":{\"@type\":\"ImageObject\",\"inLanguage\":\"fr-FR\",\"@id\":\"https:\/\/snuipp86.fr\/#\/schema\/person\/image\/\",\"url\":\"https:\/\/secure.gravatar.com\/avatar\/0099845c7ec05dc10d777d8ab4f5142c5ba316283821af2459738ad469a37a1a?s=96&d=mm&r=g\",\"contentUrl\":\"https:\/\/secure.gravatar.com\/avatar\/0099845c7ec05dc10d777d8ab4f5142c5ba316283821af2459738ad469a37a1a?s=96&d=mm&r=g\",\"caption\":\"WP86Admin\"},\"url\":\"https:\/\/snuipp86.fr\/index.php\/author\/wp86admin\/\"}]}<\/script>\n<!-- \/ Yoast SEO plugin. -->","yoast_head_json":{"title":"Mouvement 2019 : postes indiqu\u00e9s sur SIAM - FSU-SNUipp 86","robots":{"index":"index","follow":"follow","max-snippet":"max-snippet:-1","max-image-preview":"max-image-preview:large","max-video-preview":"max-video-preview:-1"},"canonical":"https:\/\/snuipp86.fr\/index.php\/2019\/05\/04\/mouvement-2019-postes-indiqus-sur-siam\/","og_locale":"fr_FR","og_type":"article","og_title":"Mouvement 2019 : postes indiqu\u00e9s sur SIAM - FSU-SNUipp 86","og_description":"Le SNUipp-FSU 86 vous propose les listes suivantes en pj issues de SIAM, fruit de notre travail, pour vous aider dans votre mouvement. Si vous voyez des erreurs de votre c\u00f4t\u00e9 dans votre \u00e9cole, faites nous remonter l'info que l'on intervienne aupr\u00e8s de la DPE5 avec plus d'infos. - Mouvement des personnels - \/ Mouvement","og_url":"https:\/\/snuipp86.fr\/index.php\/2019\/05\/04\/mouvement-2019-postes-indiqus-sur-siam\/","og_site_name":"FSU-SNUipp 86","article_published_time":"2019-05-04T11:09:59+00:00","article_modified_time":"2019-09-23T12:47:27+00:00","og_image":[{"url":"http:\/\/snuipp86.fr\/wp-content\/spip\/cache-vignettes\/L300xH218\/mouvement-6-21340.jpg","type":"","width":"","height":""}],"author":"WP86Admin","twitter_card":"summary_large_image","twitter_misc":{"\u00c9crit par":"WP86Admin","Dur\u00e9e de lecture estim\u00e9e":"1 minute"},"schema":{"@context":"https:\/\/schema.org","@graph":[{"@type":"WebPage","@id":"https:\/\/snuipp86.fr\/index.php\/2019\/05\/04\/mouvement-2019-postes-indiqus-sur-siam\/","url":"https:\/\/snuipp86.fr\/index.php\/2019\/05\/04\/mouvement-2019-postes-indiqus-sur-siam\/","name":"Mouvement 2019 : postes indiqu\u00e9s sur SIAM - FSU-SNUipp 86","isPartOf":{"@id":"https:\/\/snuipp86.fr\/#website"},"primaryImageOfPage":{"@id":"https:\/\/snuipp86.fr\/index.php\/2019\/05\/04\/mouvement-2019-postes-indiqus-sur-siam\/#primaryimage"},"image":{"@id":"https:\/\/snuipp86.fr\/index.php\/2019\/05\/04\/mouvement-2019-postes-indiqus-sur-siam\/#primaryimage"},"thumbnailUrl":"http:\/\/snuipp86.fr\/wp-content\/spip\/cache-vignettes\/L300xH218\/mouvement-6-21340.jpg","datePublished":"2019-05-04T11:09:59+00:00","dateModified":"2019-09-23T12:47:27+00:00","author":{"@id":"https:\/\/snuipp86.fr\/#\/schema\/person\/901b28b9ae1c7a63a6a940102e52a7a2"},"breadcrumb":{"@id":"https:\/\/snuipp86.fr\/index.php\/2019\/05\/04\/mouvement-2019-postes-indiqus-sur-siam\/#breadcrumb"},"inLanguage":"fr-FR","potentialAction":[{"@type":"ReadAction","target":["https:\/\/snuipp86.fr\/index.php\/2019\/05\/04\/mouvement-2019-postes-indiqus-sur-siam\/"]}]},{"@type":"ImageObject","inLanguage":"fr-FR","@id":"https:\/\/snuipp86.fr\/index.php\/2019\/05\/04\/mouvement-2019-postes-indiqus-sur-siam\/#primaryimage","url":"http:\/\/snuipp86.fr\/wp-content\/spip\/cache-vignettes\/L300xH218\/mouvement-6-21340.jpg","contentUrl":"http:\/\/snuipp86.fr\/wp-content\/spip\/cache-vignettes\/L300xH218\/mouvement-6-21340.jpg"},{"@type":"BreadcrumbList","@id":"https:\/\/snuipp86.fr\/index.php\/2019\/05\/04\/mouvement-2019-postes-indiqus-sur-siam\/#breadcrumb","itemListElement":[{"@type":"ListItem","position":1,"name":"Accueil","item":"https:\/\/snuipp86.fr\/"},{"@type":"ListItem","position":2,"name":"Mouvement 2019 : postes indiqu\u00e9s sur SIAM"}]},{"@type":"WebSite","@id":"https:\/\/snuipp86.fr\/#website","url":"https:\/\/snuipp86.fr\/","name":"FSU-SNUipp 86","description":"Des id\u00e9es qui font l&#039;\u00e9cole","potentialAction":[{"@type":"SearchAction","target":{"@type":"EntryPoint","urlTemplate":"https:\/\/snuipp86.fr\/?s={search_term_string}"},"query-input":{"@type":"PropertyValueSpecification","valueRequired":true,"valueName":"search_term_string"}}],"inLanguage":"fr-FR"},{"@type":"Person","@id":"https:\/\/snuipp86.fr\/#\/schema\/person\/901b28b9ae1c7a63a6a940102e52a7a2","name":"WP86Admin","image":{"@type":"ImageObject","inLanguage":"fr-FR","@id":"https:\/\/snuipp86.fr\/#\/schema\/person\/image\/","url":"https:\/\/secure.gravatar.com\/avatar\/0099845c7ec05dc10d777d8ab4f5142c5ba316283821af2459738ad469a37a1a?s=96&d=mm&r=g","contentUrl":"https:\/\/secure.gravatar.com\/avatar\/0099845c7ec05dc10d777d8ab4f5142c5ba316283821af2459738ad469a37a1a?s=96&d=mm&r=g","caption":"WP86Admin"},"url":"https:\/\/snuipp86.fr\/index.php\/author\/wp86admin\/"}]}},"_links":{"self":[{"href":"https:\/\/snuipp86.fr\/index.php\/wp-json\/wp\/v2\/posts\/17764","targetHints":{"allow":["GET"]}}],"collection":[{"href":"https:\/\/snuipp86.fr\/index.php\/wp-json\/wp\/v2\/posts"}],"about":[{"href":"https:\/\/snuipp86.fr\/index.php\/wp-json\/wp\/v2\/types\/post"}],"author":[{"embeddable":true,"href":"https:\/\/snuipp86.fr\/index.php\/wp-json\/wp\/v2\/users\/1"}],"replies":[{"embeddable":true,"href":"https:\/\/snuipp86.fr\/index.php\/wp-json\/wp\/v2\/comments?post=17764"}],"version-history":[{"count":0,"href":"https:\/\/snuipp86.fr\/index.php\/wp-json\/wp\/v2\/posts\/17764\/revisions"}],"wp:attachment":[{"href":"https:\/\/snuipp86.fr\/index.php\/wp-json\/wp\/v2\/media?parent=17764"}],"wp:term":[{"taxonomy":"category","embeddable":true,"href":"https:\/\/snuipp86.fr\/index.php\/wp-json\/wp\/v2\/categories?post=17764"},{"taxonomy":"post_tag","embeddable":true,"href":"https:\/\/snuipp86.fr\/index.php\/wp-json\/wp\/v2\/tags?post=17764"}],"curies":[{"name":"wp","href":"https:\/\/api.w.org\/{rel}","templated":true}]}}