{"id":17775,"date":"2019-08-21T10:45:25","date_gmt":"2019-08-21T08:45:25","guid":{"rendered":"http:\/\/localhost\/wordpress\/2019\/08\/21\/mouvement-suite-des-nominations-le-28-aot-en-capd\/"},"modified":"2019-09-23T14:43:12","modified_gmt":"2019-09-23T12:43:12","slug":"mouvement-suite-des-nominations-le-28-aot-en-capd","status":"publish","type":"post","link":"https:\/\/snuipp86.fr\/index.php\/2019\/08\/21\/mouvement-suite-des-nominations-le-28-aot-en-capd\/","title":{"rendered":"Mouvement : suite des nominations le 28 ao\u00fbt en CAPD"},"content":{"rendered":"<p><img decoding=\"async\" src=\"https:\/\/snuipp86.fr\/wp-content\/spip\/IMG\/arton4354.jpg\" alt=\"\" align=\"right\" width=\"234\" height=\"216\" class=\"spip_logos\" \/><\/p>\n<div class='rss_texte'>\n<p class=\"spip\">Suite \u00e0 la CAPD du 9 juillet, 150 coll\u00e8gues restent sans affectation.<\/p>\n<p class=\"spip\">La prochaine CAPD se tiendra le mercredi 28 ao\u00fbt prochain.<\/p>\n<p class=\"spip\">L&rsquo;heure de fin est \u00e0 ce jour impossible \u00e0 pr\u00e9voir &#8230;<\/p>\n<p class=\"spip\">Pour connaitre les r\u00e9sultats, plusieurs solutions :<\/p>\n<p class=\"spip\"><img decoding=\"async\" src=\"https:\/\/snuipp86.fr\/wp-content\/spip\/cache-vignettes\/L8xH11\/puce-68c92.gif\" width='8' height='11' alt=\"-\" style='height:11px;width:8px;' class='' \/> En passant \u00e0 la section du SNUipp-FSU 86 , 16 avenue du parc d&rsquo;artillerie \u00e0 Poitiers.<br \/>\n<br \/><img decoding=\"async\" src=\"https:\/\/snuipp86.fr\/wp-content\/spip\/cache-vignettes\/L8xH11\/puce-68c92.gif\" width='8' height='11' alt=\"-\" style='height:11px;width:8px;' class='' \/> Par t\u00e9l\u00e9phone au 05 49 01 36 71<br \/>\n<br \/><img decoding=\"async\" src=\"https:\/\/snuipp86.fr\/wp-content\/spip\/cache-vignettes\/L8xH11\/puce-68c92.gif\" width='8' height='11' alt=\"-\" style='height:11px;width:8px;' class='' \/> Par mail en \u00e9crivant \u00e0 snu86@snuipp.fr<\/p>\n<p class=\"spip\"><!-- htmlA --><span class='spip_document_4014 spip_documents spip_documents_center' ><br \/>\n<img src='https:\/\/snuipp86.fr\/wp-content\/spip\/cache-vignettes\/L234xH216\/capd-18-3ef7d.jpg' width='234' height='216' alt=\"\" style='height:216px;width:234px;' class='' \/><\/span><!-- htmlB --><\/p>\n<p class=\"spip\"><strong class=\"spip\">Postes vacants ?<\/strong><\/p>\n<p class=\"spip\">Vous trouverez ci-dessous une liste de postes entiers vacants \u00e0 titre provisoire.<\/p>\n<p class=\"spip\">Cette liste est issue du travail des repr\u00e9sentant-es des personnels du SNUipp-FSU 86. Elle n&rsquo;est pas officielle et pr\u00e9sente donc certainement des erreurs ou des oublis. N&rsquo;h\u00e9sitez pas \u00e0 nous les faire remonter si vous en trouvez.<\/p>\n<dl class='spip_document_4030 spip_documents spip_documents_center' >\n<dt><a href=\"https:\/\/snuipp86.fr\/wp-content\/spip\/IMG\/pdf\/postes_vacants_CAPD_aout-2.pdf\" title='PDF - 420.3 ko' type=\"application\/pdf\"><img src='https:\/\/snuipp86.fr\/wp-content\/spip\/cache-vignettes\/L52xH52\/pdf-d7486.png' width='52' height='52' alt='PDF - 420.3 ko' style='height:52px;width:52px;' class=' format_png' \/><\/a><\/dt>\n<dt class='spip_doc_titre' style='width:120px;'><strong>postes vacants CAPD ao\u00fbt<\/strong><\/dt>\n<\/dl>\n<p class=\"spip\">C&rsquo;est gr\u00e2ce \u00e0 ses syndiqu\u00e9-es que le SNUipp-FSU 86 dispose du temps et des outils pour arriver \u00e0 mener ce travail. Syndiquez-vous et faites syndiquer au SNUipp-FSU 86<\/p>\n<p class=\"spip\"><a href=\"https:\/\/adherer.snuipp.fr\/86\" class=\"spip_out\">https:\/\/adherer.snuipp.fr\/86<\/a><\/p>\n<dl class='spip_document_4016 spip_documents spip_documents_center' >\n<dt><img src='https:\/\/snuipp86.fr\/wp-content\/spip\/IMG\/jpg\/snuipp-syndic-600x300-2.jpg' width='520' height='260' alt='JPEG - 645.8 ko' style='height:260px;width:520px;' class='' \/><\/dt>\n<\/dl>\n<\/div>\n","protected":false},"excerpt":{"rendered":"<p>Suite \u00e0 la CAPD du 9 juillet, 150 coll\u00e8gues restent sans affectation. <br \/>La prochaine CAPD se tiendra le mercredi 28 ao\u00fbt prochain. <br \/>L&rsquo;heure de fin est \u00e0 ce jour impossible \u00e0 pr\u00e9voir &#8230; <br \/>Pour connaitre les r\u00e9sultats, plusieurs solutions : <br \/>En passant \u00e0 la section du SNUipp-FSU 86 , 16 avenue du parc d&rsquo;artillerie \u00e0 Poitiers. <br \/>Par t\u00e9l\u00e9phone au 05 49 01 36 71 <br \/>Par mail en \u00e9crivant \u00e0 snu86@snuipp.fr <br \/>Postes vacants ? <br \/>Vous trouverez ci-dessous une liste de postes entiers vacants \u00e0 titre provisoire. (&#8230;)<br \/>\n&#8211;<br \/>\n<a href=\"http:\/\/86.snuipp.fr\/spip.php?rubrique117\" rel=\"directory\">Mouvement des personnels &#8211; <\/a><\/p>\n","protected":false},"author":1,"featured_media":0,"comment_status":"open","ping_status":"open","sticky":false,"template":"","format":"standard","meta":{"footnotes":""},"categories":[14],"tags":[3],"class_list":["post-17775","post","type-post","status-publish","format-standard","hentry","category-a-la-une","tag-capd"],"yoast_head":"<!-- This site is optimized with the Yoast SEO plugin v26.6 - https:\/\/yoast.com\/wordpress\/plugins\/seo\/ -->\n<title>Mouvement : suite des nominations le 28 ao\u00fbt en CAPD - FSU-SNUipp 86<\/title>\n<meta name=\"robots\" content=\"index, follow, max-snippet:-1, max-image-preview:large, max-video-preview:-1\" \/>\n<link rel=\"canonical\" href=\"https:\/\/snuipp86.fr\/index.php\/2019\/08\/21\/mouvement-suite-des-nominations-le-28-aot-en-capd\/\" \/>\n<meta property=\"og:locale\" content=\"fr_FR\" \/>\n<meta property=\"og:type\" content=\"article\" \/>\n<meta property=\"og:title\" content=\"Mouvement : suite des nominations le 28 ao\u00fbt en CAPD - FSU-SNUipp 86\" \/>\n<meta property=\"og:description\" content=\"Suite \u00e0 la CAPD du 9 juillet, 150 coll\u00e8gues restent sans affectation. La prochaine CAPD se tiendra le mercredi 28 ao\u00fbt prochain. L&#039;heure de fin est \u00e0 ce jour impossible \u00e0 pr\u00e9voir ... Pour connaitre les r\u00e9sultats, plusieurs solutions : En passant \u00e0 la section du SNUipp-FSU 86 , 16 avenue du parc d&#039;artillerie \u00e0 Poitiers. Par t\u00e9l\u00e9phone au 05 49 01 36 71 Par mail en \u00e9crivant \u00e0 snu86@snuipp.fr Postes vacants ? Vous trouverez ci-dessous une liste de postes entiers vacants \u00e0 titre provisoire. (...) - Mouvement des personnels -\" \/>\n<meta property=\"og:url\" content=\"https:\/\/snuipp86.fr\/index.php\/2019\/08\/21\/mouvement-suite-des-nominations-le-28-aot-en-capd\/\" \/>\n<meta property=\"og:site_name\" content=\"FSU-SNUipp 86\" \/>\n<meta property=\"article:published_time\" content=\"2019-08-21T08:45:25+00:00\" \/>\n<meta property=\"article:modified_time\" content=\"2019-09-23T12:43:12+00:00\" \/>\n<meta property=\"og:image\" content=\"http:\/\/snuipp86.fr\/wp-content\/spip\/IMG\/arton4354.jpg\" \/>\n<meta name=\"author\" content=\"WP86Admin\" \/>\n<meta name=\"twitter:card\" content=\"summary_large_image\" \/>\n<meta name=\"twitter:label1\" content=\"\u00c9crit par\" \/>\n\t<meta name=\"twitter:data1\" content=\"WP86Admin\" \/>\n\t<meta name=\"twitter:label2\" content=\"Dur\u00e9e de lecture estim\u00e9e\" \/>\n\t<meta name=\"twitter:data2\" content=\"1 minute\" \/>\n<script type=\"application\/ld+json\" class=\"yoast-schema-graph\">{\"@context\":\"https:\/\/schema.org\",\"@graph\":[{\"@type\":\"WebPage\",\"@id\":\"https:\/\/snuipp86.fr\/index.php\/2019\/08\/21\/mouvement-suite-des-nominations-le-28-aot-en-capd\/\",\"url\":\"https:\/\/snuipp86.fr\/index.php\/2019\/08\/21\/mouvement-suite-des-nominations-le-28-aot-en-capd\/\",\"name\":\"Mouvement : suite des nominations le 28 ao\u00fbt en CAPD - FSU-SNUipp 86\",\"isPartOf\":{\"@id\":\"https:\/\/snuipp86.fr\/#website\"},\"primaryImageOfPage\":{\"@id\":\"https:\/\/snuipp86.fr\/index.php\/2019\/08\/21\/mouvement-suite-des-nominations-le-28-aot-en-capd\/#primaryimage\"},\"image\":{\"@id\":\"https:\/\/snuipp86.fr\/index.php\/2019\/08\/21\/mouvement-suite-des-nominations-le-28-aot-en-capd\/#primaryimage\"},\"thumbnailUrl\":\"http:\/\/snuipp86.fr\/wp-content\/spip\/IMG\/arton4354.jpg\",\"datePublished\":\"2019-08-21T08:45:25+00:00\",\"dateModified\":\"2019-09-23T12:43:12+00:00\",\"author\":{\"@id\":\"https:\/\/snuipp86.fr\/#\/schema\/person\/901b28b9ae1c7a63a6a940102e52a7a2\"},\"breadcrumb\":{\"@id\":\"https:\/\/snuipp86.fr\/index.php\/2019\/08\/21\/mouvement-suite-des-nominations-le-28-aot-en-capd\/#breadcrumb\"},\"inLanguage\":\"fr-FR\",\"potentialAction\":[{\"@type\":\"ReadAction\",\"target\":[\"https:\/\/snuipp86.fr\/index.php\/2019\/08\/21\/mouvement-suite-des-nominations-le-28-aot-en-capd\/\"]}]},{\"@type\":\"ImageObject\",\"inLanguage\":\"fr-FR\",\"@id\":\"https:\/\/snuipp86.fr\/index.php\/2019\/08\/21\/mouvement-suite-des-nominations-le-28-aot-en-capd\/#primaryimage\",\"url\":\"http:\/\/snuipp86.fr\/wp-content\/spip\/IMG\/arton4354.jpg\",\"contentUrl\":\"http:\/\/snuipp86.fr\/wp-content\/spip\/IMG\/arton4354.jpg\"},{\"@type\":\"BreadcrumbList\",\"@id\":\"https:\/\/snuipp86.fr\/index.php\/2019\/08\/21\/mouvement-suite-des-nominations-le-28-aot-en-capd\/#breadcrumb\",\"itemListElement\":[{\"@type\":\"ListItem\",\"position\":1,\"name\":\"Accueil\",\"item\":\"https:\/\/snuipp86.fr\/\"},{\"@type\":\"ListItem\",\"position\":2,\"name\":\"Mouvement : suite des nominations le 28 ao\u00fbt en CAPD\"}]},{\"@type\":\"WebSite\",\"@id\":\"https:\/\/snuipp86.fr\/#website\",\"url\":\"https:\/\/snuipp86.fr\/\",\"name\":\"FSU-SNUipp 86\",\"description\":\"Des id\u00e9es qui font l&#039;\u00e9cole\",\"potentialAction\":[{\"@type\":\"SearchAction\",\"target\":{\"@type\":\"EntryPoint\",\"urlTemplate\":\"https:\/\/snuipp86.fr\/?s={search_term_string}\"},\"query-input\":{\"@type\":\"PropertyValueSpecification\",\"valueRequired\":true,\"valueName\":\"search_term_string\"}}],\"inLanguage\":\"fr-FR\"},{\"@type\":\"Person\",\"@id\":\"https:\/\/snuipp86.fr\/#\/schema\/person\/901b28b9ae1c7a63a6a940102e52a7a2\",\"name\":\"WP86Admin\",\"image\":{\"@type\":\"ImageObject\",\"inLanguage\":\"fr-FR\",\"@id\":\"https:\/\/snuipp86.fr\/#\/schema\/person\/image\/\",\"url\":\"https:\/\/secure.gravatar.com\/avatar\/0099845c7ec05dc10d777d8ab4f5142c5ba316283821af2459738ad469a37a1a?s=96&d=mm&r=g\",\"contentUrl\":\"https:\/\/secure.gravatar.com\/avatar\/0099845c7ec05dc10d777d8ab4f5142c5ba316283821af2459738ad469a37a1a?s=96&d=mm&r=g\",\"caption\":\"WP86Admin\"},\"url\":\"https:\/\/snuipp86.fr\/index.php\/author\/wp86admin\/\"}]}<\/script>\n<!-- \/ Yoast SEO plugin. -->","yoast_head_json":{"title":"Mouvement : suite des nominations le 28 ao\u00fbt en CAPD - FSU-SNUipp 86","robots":{"index":"index","follow":"follow","max-snippet":"max-snippet:-1","max-image-preview":"max-image-preview:large","max-video-preview":"max-video-preview:-1"},"canonical":"https:\/\/snuipp86.fr\/index.php\/2019\/08\/21\/mouvement-suite-des-nominations-le-28-aot-en-capd\/","og_locale":"fr_FR","og_type":"article","og_title":"Mouvement : suite des nominations le 28 ao\u00fbt en CAPD - FSU-SNUipp 86","og_description":"Suite \u00e0 la CAPD du 9 juillet, 150 coll\u00e8gues restent sans affectation. La prochaine CAPD se tiendra le mercredi 28 ao\u00fbt prochain. L'heure de fin est \u00e0 ce jour impossible \u00e0 pr\u00e9voir ... Pour connaitre les r\u00e9sultats, plusieurs solutions : En passant \u00e0 la section du SNUipp-FSU 86 , 16 avenue du parc d'artillerie \u00e0 Poitiers. Par t\u00e9l\u00e9phone au 05 49 01 36 71 Par mail en \u00e9crivant \u00e0 snu86@snuipp.fr Postes vacants ? Vous trouverez ci-dessous une liste de postes entiers vacants \u00e0 titre provisoire. (...) - Mouvement des personnels -","og_url":"https:\/\/snuipp86.fr\/index.php\/2019\/08\/21\/mouvement-suite-des-nominations-le-28-aot-en-capd\/","og_site_name":"FSU-SNUipp 86","article_published_time":"2019-08-21T08:45:25+00:00","article_modified_time":"2019-09-23T12:43:12+00:00","og_image":[{"url":"http:\/\/snuipp86.fr\/wp-content\/spip\/IMG\/arton4354.jpg","type":"","width":"","height":""}],"author":"WP86Admin","twitter_card":"summary_large_image","twitter_misc":{"\u00c9crit par":"WP86Admin","Dur\u00e9e de lecture estim\u00e9e":"1 minute"},"schema":{"@context":"https:\/\/schema.org","@graph":[{"@type":"WebPage","@id":"https:\/\/snuipp86.fr\/index.php\/2019\/08\/21\/mouvement-suite-des-nominations-le-28-aot-en-capd\/","url":"https:\/\/snuipp86.fr\/index.php\/2019\/08\/21\/mouvement-suite-des-nominations-le-28-aot-en-capd\/","name":"Mouvement : suite des nominations le 28 ao\u00fbt en CAPD - FSU-SNUipp 86","isPartOf":{"@id":"https:\/\/snuipp86.fr\/#website"},"primaryImageOfPage":{"@id":"https:\/\/snuipp86.fr\/index.php\/2019\/08\/21\/mouvement-suite-des-nominations-le-28-aot-en-capd\/#primaryimage"},"image":{"@id":"https:\/\/snuipp86.fr\/index.php\/2019\/08\/21\/mouvement-suite-des-nominations-le-28-aot-en-capd\/#primaryimage"},"thumbnailUrl":"http:\/\/snuipp86.fr\/wp-content\/spip\/IMG\/arton4354.jpg","datePublished":"2019-08-21T08:45:25+00:00","dateModified":"2019-09-23T12:43:12+00:00","author":{"@id":"https:\/\/snuipp86.fr\/#\/schema\/person\/901b28b9ae1c7a63a6a940102e52a7a2"},"breadcrumb":{"@id":"https:\/\/snuipp86.fr\/index.php\/2019\/08\/21\/mouvement-suite-des-nominations-le-28-aot-en-capd\/#breadcrumb"},"inLanguage":"fr-FR","potentialAction":[{"@type":"ReadAction","target":["https:\/\/snuipp86.fr\/index.php\/2019\/08\/21\/mouvement-suite-des-nominations-le-28-aot-en-capd\/"]}]},{"@type":"ImageObject","inLanguage":"fr-FR","@id":"https:\/\/snuipp86.fr\/index.php\/2019\/08\/21\/mouvement-suite-des-nominations-le-28-aot-en-capd\/#primaryimage","url":"http:\/\/snuipp86.fr\/wp-content\/spip\/IMG\/arton4354.jpg","contentUrl":"http:\/\/snuipp86.fr\/wp-content\/spip\/IMG\/arton4354.jpg"},{"@type":"BreadcrumbList","@id":"https:\/\/snuipp86.fr\/index.php\/2019\/08\/21\/mouvement-suite-des-nominations-le-28-aot-en-capd\/#breadcrumb","itemListElement":[{"@type":"ListItem","position":1,"name":"Accueil","item":"https:\/\/snuipp86.fr\/"},{"@type":"ListItem","position":2,"name":"Mouvement : suite des nominations le 28 ao\u00fbt en CAPD"}]},{"@type":"WebSite","@id":"https:\/\/snuipp86.fr\/#website","url":"https:\/\/snuipp86.fr\/","name":"FSU-SNUipp 86","description":"Des id\u00e9es qui font l&#039;\u00e9cole","potentialAction":[{"@type":"SearchAction","target":{"@type":"EntryPoint","urlTemplate":"https:\/\/snuipp86.fr\/?s={search_term_string}"},"query-input":{"@type":"PropertyValueSpecification","valueRequired":true,"valueName":"search_term_string"}}],"inLanguage":"fr-FR"},{"@type":"Person","@id":"https:\/\/snuipp86.fr\/#\/schema\/person\/901b28b9ae1c7a63a6a940102e52a7a2","name":"WP86Admin","image":{"@type":"ImageObject","inLanguage":"fr-FR","@id":"https:\/\/snuipp86.fr\/#\/schema\/person\/image\/","url":"https:\/\/secure.gravatar.com\/avatar\/0099845c7ec05dc10d777d8ab4f5142c5ba316283821af2459738ad469a37a1a?s=96&d=mm&r=g","contentUrl":"https:\/\/secure.gravatar.com\/avatar\/0099845c7ec05dc10d777d8ab4f5142c5ba316283821af2459738ad469a37a1a?s=96&d=mm&r=g","caption":"WP86Admin"},"url":"https:\/\/snuipp86.fr\/index.php\/author\/wp86admin\/"}]}},"_links":{"self":[{"href":"https:\/\/snuipp86.fr\/index.php\/wp-json\/wp\/v2\/posts\/17775","targetHints":{"allow":["GET"]}}],"collection":[{"href":"https:\/\/snuipp86.fr\/index.php\/wp-json\/wp\/v2\/posts"}],"about":[{"href":"https:\/\/snuipp86.fr\/index.php\/wp-json\/wp\/v2\/types\/post"}],"author":[{"embeddable":true,"href":"https:\/\/snuipp86.fr\/index.php\/wp-json\/wp\/v2\/users\/1"}],"replies":[{"embeddable":true,"href":"https:\/\/snuipp86.fr\/index.php\/wp-json\/wp\/v2\/comments?post=17775"}],"version-history":[{"count":0,"href":"https:\/\/snuipp86.fr\/index.php\/wp-json\/wp\/v2\/posts\/17775\/revisions"}],"wp:attachment":[{"href":"https:\/\/snuipp86.fr\/index.php\/wp-json\/wp\/v2\/media?parent=17775"}],"wp:term":[{"taxonomy":"category","embeddable":true,"href":"https:\/\/snuipp86.fr\/index.php\/wp-json\/wp\/v2\/categories?post=17775"},{"taxonomy":"post_tag","embeddable":true,"href":"https:\/\/snuipp86.fr\/index.php\/wp-json\/wp\/v2\/tags?post=17775"}],"curies":[{"name":"wp","href":"https:\/\/api.w.org\/{rel}","templated":true}]}}