{"id":1818,"date":"2008-11-30T09:13:00","date_gmt":"2008-11-30T09:13:00","guid":{"rendered":"http:\/\/localhost\/wordpress\/2008\/11\/30\/ag-des-retraits-lundi-15-dcembre-2008\/"},"modified":"2008-11-30T09:13:00","modified_gmt":"2008-11-30T09:13:00","slug":"ag-des-retraits-lundi-15-dcembre-2008","status":"publish","type":"post","link":"https:\/\/snuipp86.fr\/index.php\/2008\/11\/30\/ag-des-retraits-lundi-15-dcembre-2008\/","title":{"rendered":"AG des retrait\u00e9s : Lundi 15 d\u00e9cembre 2008"},"content":{"rendered":"<div class='rss_texte'>\n<h3 class=\"spip\" id=\"outil_sommaire_0\"><a title=\"Sommaire\" href=\"http:\/\/86.snuipp.fr\/spip.php?page=backend&#038;id_rubrique=#outil_sommaire\" class=\"sommaire_ancre\"> <\/a>Assembl\u00e9e g\u00e9n\u00e9rale le lundi 15 d\u00e9cembre \u00e0 partir de 9h30<br \/>\n\u00e0 la maison syndicale \u00e0 Poitiers<\/h3>\n<h3 class=\"spip\" id=\"outil_sommaire_1\"><a title=\"Sommaire\" href=\"http:\/\/86.snuipp.fr\/spip.php?page=backend&#038;id_rubrique=#outil_sommaire\" class=\"sommaire_ancre\"> <\/a>invitation<\/h3>\n<p class=\"spip\">Bonjour et bienvenu(e) au club !<\/p>\n<p class=\"spip\">Parfois, la rupture avec l&rsquo;activit\u00e9 professionnelle laisse un grand vide. La vague impression d&rsquo;oisivet\u00e9, voire de charge pour la soci\u00e9t\u00e9, savamment entretenue par certaines d\u00e9clarations de responsables politiques, peut entra\u00eener un malaise chez les nouveaux retrait\u00e9s.<br \/>\nOr, quoi qu&rsquo;on en dise, les retrait\u00e9s contribuent pleinement \u00e0 la vie sociale et \u00e9conomique du pays,<\/p>\n<p class=\"spip\">C&rsquo;est ce que nous vous proposons d&rsquo;\u00e9voquer lors d&rsquo;une rencontre conviviale des nouveaux retrait\u00e9s de la FSU 86 le<\/p>\n<p class=\"spip\"><strong class=\"spip\">Lundi 15 d\u00e9cembre de 9h30 \u00e0 12 heures \u00e0 la maison syndicale.<\/strong><\/p>\n<p class=\"spip\">Les retrait\u00e9s s&rsquo;organisent et revendiquent en premier lieu la l\u00e9gitime revalorisation de leurs pensions. La loi de 2003 (loi Fillon), que nous avons combattue en son temps, pr\u00e9voit l&rsquo;indexation des pensions sur les prix (indice Insee). Cette loi n&rsquo;est pas respect\u00e9e par les dirigeants qui l&rsquo;ont eux-m\u00eames fait voter ! Sur la seule ann\u00e9e civile 2008, nos pensions auront perdu au moins 1,5 % par rapport aux prix. C&rsquo;est pourquoi nous \u00e9tions dans la rue le 16 octobre (500 retrait\u00e9s \u00e0 Poitiers), pour r\u00e9clamer notre d\u00fb.<\/p>\n<p class=\"spip\">Nous ne faisons pas l&rsquo;impasse sur les luttes en cours, en particulier dans l&rsquo;Education Nationale, car nous nous sentons toujours proches des pr\u00e9occupations des actifs et leur apportons notre soutien comme lors de la gr\u00e8ve du 20 novembre. Comment rester indiff\u00e9rent face au d\u00e9mant\u00e8lement de l&rsquo;Ecole publique et plus largement, des Services Publics, orchestr\u00e9 par l&rsquo;actuel gouvernement ?<\/p>\n<p class=\"spip\">Plus que jamais, s&rsquo;organiser collectivement en continuant \u00e0 se syndiquer, quand on est retrait\u00e9 comme quand on \u00e9tait en activit\u00e9, est une n\u00e9cessit\u00e9 par solidarit\u00e9 avec les actifs mais \u00e9galement pour d\u00e9fendre ses propres int\u00e9r\u00eats. M\u00eame si ce mot sonne \u00ab \u00e9go\u00efste \u00bb, c&rsquo;est bien le but premier d&rsquo;un syndicat que de d\u00e9fendre les int\u00e9r\u00eats de ses syndiqu\u00e9s.<\/p>\n<p class=\"spip\">Les membres de la commission d&rsquo;animation de la SFR-FSU 86,<i class=\"spip\"> Marie-Th\u00e9r\u00e8se AMAND, Martine BERTHELEMY, Marie-Raymonde HITIER, Michel ANTONIN, Yvon MIRBEAUX, Bernard CHARBONNIER, Pierre VALLAT, Jean-Pierre MENEGHIN, Christian GEZE, Guy AUBARBIER, Michel BONTE, Pierre MOREAU, Marcelle KAWA, H\u00e9l\u00e8ne POUGNANT, Marie-Luce BARDY, Fran\u00e7oise GABRIEL,<\/i><\/p>\n<p class=\"spip\">esp\u00e8rent donc vous retrouver nombreux le Lundi 15 d\u00e9cembre de 9h30 \u00e0 12 heures,<\/p>\n<p class=\"spip\">A l&rsquo;issue de la r\u00e9union, la Fsu offrira l&rsquo;ap\u00e9ritif puis nous partagerons sur place ce que chacun aura apport\u00e9 : une entr\u00e9e, un plat, un dessert, du fromage, du vin \u2026<\/p>\n<p class=\"spip\">A bient\u00f4t, Pour la commission Pierre Vallat<\/p>\n<p class=\"spip\">PS : Cette invitation n&rsquo;est adress\u00e9e qu&rsquo;aux nouveaux retrait\u00e9s dont nous avons les coordonn\u00e9es, N&rsquo;h\u00e9sitez pas \u00e0 la transmettre \u00e0 d&rsquo;autres,<\/p>\n<p class=\"spip\">Rappel : se syndiquer \u00e0 un syndicat de la FSU entra\u00eene l&rsquo;adh\u00e9sion sans surco\u00fbt \u00e0 la FGR-FP (F\u00e9d\u00e9ration G\u00e9n\u00e9rale des Retrait\u00e9s de la Fonction Publique) qui regroupe tous les syndiqu\u00e9s fonctionnaires retrait\u00e9s. De surcro\u00eet, les deux-tiers de la cotisation sont d\u00e9ductibles du montant des imp\u00f4ts sur le revenu pour ceux qui en paient.<\/p>\n<\/div>\n","protected":false},"excerpt":{"rendered":"<p>Assembl\u00e9e g\u00e9n\u00e9rale le lundi 15 d\u00e9cembre \u00e0 partir de 9h30 \u00e0 la maison syndicale \u00e0 Poitiers <br \/>invitation <br \/>Bonjour et bienvenu(e) au club ! <br \/>Parfois, la rupture avec l&rsquo;activit\u00e9 professionnelle laisse un grand vide. La vague impression d&rsquo;oisivet\u00e9, voire de charge pour la soci\u00e9t\u00e9, savamment entretenue par certaines d\u00e9clarations de responsables politiques, peut entra\u00eener un malaise chez les nouveaux retrait\u00e9s. Or, quoi qu&rsquo;on en dise, les retrait\u00e9s contribuent pleinement \u00e0 la vie sociale (&#8230;)<br \/>\n&#8211;<br \/>\n<a href=\"http:\/\/86.snuipp.fr\/spip.php?rubrique203\" rel=\"directory\">Assembl\u00e9e g\u00e9n\u00e9rale<\/a><\/p>\n","protected":false},"author":1,"featured_media":0,"comment_status":"open","ping_status":"open","sticky":false,"template":"","format":"standard","meta":{"footnotes":""},"categories":[14],"tags":[],"class_list":["post-1818","post","type-post","status-publish","format-standard","hentry","category-a-la-une"],"yoast_head":"<!-- This site is optimized with the Yoast SEO plugin v26.6 - https:\/\/yoast.com\/wordpress\/plugins\/seo\/ -->\n<title>AG des retrait\u00e9s : Lundi 15 d\u00e9cembre 2008 - FSU-SNUipp 86<\/title>\n<meta name=\"robots\" content=\"index, follow, max-snippet:-1, max-image-preview:large, max-video-preview:-1\" \/>\n<link rel=\"canonical\" href=\"https:\/\/snuipp86.fr\/index.php\/2008\/11\/30\/ag-des-retraits-lundi-15-dcembre-2008\/\" \/>\n<meta property=\"og:locale\" content=\"fr_FR\" \/>\n<meta property=\"og:type\" content=\"article\" \/>\n<meta property=\"og:title\" content=\"AG des retrait\u00e9s : Lundi 15 d\u00e9cembre 2008 - FSU-SNUipp 86\" \/>\n<meta property=\"og:description\" content=\"Assembl\u00e9e g\u00e9n\u00e9rale le lundi 15 d\u00e9cembre \u00e0 partir de 9h30 \u00e0 la maison syndicale \u00e0 Poitiers invitation Bonjour et bienvenu(e) au club ! Parfois, la rupture avec l&#039;activit\u00e9 professionnelle laisse un grand vide. La vague impression d&#039;oisivet\u00e9, voire de charge pour la soci\u00e9t\u00e9, savamment entretenue par certaines d\u00e9clarations de responsables politiques, peut entra\u00eener un malaise chez les nouveaux retrait\u00e9s. Or, quoi qu&#039;on en dise, les retrait\u00e9s contribuent pleinement \u00e0 la vie sociale (...) - Assembl\u00e9e g\u00e9n\u00e9rale\" \/>\n<meta property=\"og:url\" content=\"https:\/\/snuipp86.fr\/index.php\/2008\/11\/30\/ag-des-retraits-lundi-15-dcembre-2008\/\" \/>\n<meta property=\"og:site_name\" content=\"FSU-SNUipp 86\" \/>\n<meta property=\"article:published_time\" content=\"2008-11-30T09:13:00+00:00\" \/>\n<meta name=\"author\" content=\"WP86Admin\" \/>\n<meta name=\"twitter:card\" content=\"summary_large_image\" \/>\n<meta name=\"twitter:label1\" content=\"\u00c9crit par\" \/>\n\t<meta name=\"twitter:data1\" content=\"WP86Admin\" \/>\n\t<meta name=\"twitter:label2\" content=\"Dur\u00e9e de lecture estim\u00e9e\" \/>\n\t<meta name=\"twitter:data2\" content=\"3 minutes\" \/>\n<script type=\"application\/ld+json\" class=\"yoast-schema-graph\">{\"@context\":\"https:\/\/schema.org\",\"@graph\":[{\"@type\":\"WebPage\",\"@id\":\"https:\/\/snuipp86.fr\/index.php\/2008\/11\/30\/ag-des-retraits-lundi-15-dcembre-2008\/\",\"url\":\"https:\/\/snuipp86.fr\/index.php\/2008\/11\/30\/ag-des-retraits-lundi-15-dcembre-2008\/\",\"name\":\"AG des retrait\u00e9s : Lundi 15 d\u00e9cembre 2008 - FSU-SNUipp 86\",\"isPartOf\":{\"@id\":\"https:\/\/snuipp86.fr\/#website\"},\"datePublished\":\"2008-11-30T09:13:00+00:00\",\"author\":{\"@id\":\"https:\/\/snuipp86.fr\/#\/schema\/person\/901b28b9ae1c7a63a6a940102e52a7a2\"},\"breadcrumb\":{\"@id\":\"https:\/\/snuipp86.fr\/index.php\/2008\/11\/30\/ag-des-retraits-lundi-15-dcembre-2008\/#breadcrumb\"},\"inLanguage\":\"fr-FR\",\"potentialAction\":[{\"@type\":\"ReadAction\",\"target\":[\"https:\/\/snuipp86.fr\/index.php\/2008\/11\/30\/ag-des-retraits-lundi-15-dcembre-2008\/\"]}]},{\"@type\":\"BreadcrumbList\",\"@id\":\"https:\/\/snuipp86.fr\/index.php\/2008\/11\/30\/ag-des-retraits-lundi-15-dcembre-2008\/#breadcrumb\",\"itemListElement\":[{\"@type\":\"ListItem\",\"position\":1,\"name\":\"Accueil\",\"item\":\"https:\/\/snuipp86.fr\/\"},{\"@type\":\"ListItem\",\"position\":2,\"name\":\"AG des retrait\u00e9s : Lundi 15 d\u00e9cembre 2008\"}]},{\"@type\":\"WebSite\",\"@id\":\"https:\/\/snuipp86.fr\/#website\",\"url\":\"https:\/\/snuipp86.fr\/\",\"name\":\"FSU-SNUipp 86\",\"description\":\"Des id\u00e9es qui font l&#039;\u00e9cole\",\"potentialAction\":[{\"@type\":\"SearchAction\",\"target\":{\"@type\":\"EntryPoint\",\"urlTemplate\":\"https:\/\/snuipp86.fr\/?s={search_term_string}\"},\"query-input\":{\"@type\":\"PropertyValueSpecification\",\"valueRequired\":true,\"valueName\":\"search_term_string\"}}],\"inLanguage\":\"fr-FR\"},{\"@type\":\"Person\",\"@id\":\"https:\/\/snuipp86.fr\/#\/schema\/person\/901b28b9ae1c7a63a6a940102e52a7a2\",\"name\":\"WP86Admin\",\"image\":{\"@type\":\"ImageObject\",\"inLanguage\":\"fr-FR\",\"@id\":\"https:\/\/snuipp86.fr\/#\/schema\/person\/image\/\",\"url\":\"https:\/\/secure.gravatar.com\/avatar\/0099845c7ec05dc10d777d8ab4f5142c5ba316283821af2459738ad469a37a1a?s=96&d=mm&r=g\",\"contentUrl\":\"https:\/\/secure.gravatar.com\/avatar\/0099845c7ec05dc10d777d8ab4f5142c5ba316283821af2459738ad469a37a1a?s=96&d=mm&r=g\",\"caption\":\"WP86Admin\"},\"url\":\"https:\/\/snuipp86.fr\/index.php\/author\/wp86admin\/\"}]}<\/script>\n<!-- \/ Yoast SEO plugin. -->","yoast_head_json":{"title":"AG des retrait\u00e9s : Lundi 15 d\u00e9cembre 2008 - FSU-SNUipp 86","robots":{"index":"index","follow":"follow","max-snippet":"max-snippet:-1","max-image-preview":"max-image-preview:large","max-video-preview":"max-video-preview:-1"},"canonical":"https:\/\/snuipp86.fr\/index.php\/2008\/11\/30\/ag-des-retraits-lundi-15-dcembre-2008\/","og_locale":"fr_FR","og_type":"article","og_title":"AG des retrait\u00e9s : Lundi 15 d\u00e9cembre 2008 - FSU-SNUipp 86","og_description":"Assembl\u00e9e g\u00e9n\u00e9rale le lundi 15 d\u00e9cembre \u00e0 partir de 9h30 \u00e0 la maison syndicale \u00e0 Poitiers invitation Bonjour et bienvenu(e) au club ! Parfois, la rupture avec l'activit\u00e9 professionnelle laisse un grand vide. La vague impression d'oisivet\u00e9, voire de charge pour la soci\u00e9t\u00e9, savamment entretenue par certaines d\u00e9clarations de responsables politiques, peut entra\u00eener un malaise chez les nouveaux retrait\u00e9s. Or, quoi qu'on en dise, les retrait\u00e9s contribuent pleinement \u00e0 la vie sociale (...) - Assembl\u00e9e g\u00e9n\u00e9rale","og_url":"https:\/\/snuipp86.fr\/index.php\/2008\/11\/30\/ag-des-retraits-lundi-15-dcembre-2008\/","og_site_name":"FSU-SNUipp 86","article_published_time":"2008-11-30T09:13:00+00:00","author":"WP86Admin","twitter_card":"summary_large_image","twitter_misc":{"\u00c9crit par":"WP86Admin","Dur\u00e9e de lecture estim\u00e9e":"3 minutes"},"schema":{"@context":"https:\/\/schema.org","@graph":[{"@type":"WebPage","@id":"https:\/\/snuipp86.fr\/index.php\/2008\/11\/30\/ag-des-retraits-lundi-15-dcembre-2008\/","url":"https:\/\/snuipp86.fr\/index.php\/2008\/11\/30\/ag-des-retraits-lundi-15-dcembre-2008\/","name":"AG des retrait\u00e9s : Lundi 15 d\u00e9cembre 2008 - FSU-SNUipp 86","isPartOf":{"@id":"https:\/\/snuipp86.fr\/#website"},"datePublished":"2008-11-30T09:13:00+00:00","author":{"@id":"https:\/\/snuipp86.fr\/#\/schema\/person\/901b28b9ae1c7a63a6a940102e52a7a2"},"breadcrumb":{"@id":"https:\/\/snuipp86.fr\/index.php\/2008\/11\/30\/ag-des-retraits-lundi-15-dcembre-2008\/#breadcrumb"},"inLanguage":"fr-FR","potentialAction":[{"@type":"ReadAction","target":["https:\/\/snuipp86.fr\/index.php\/2008\/11\/30\/ag-des-retraits-lundi-15-dcembre-2008\/"]}]},{"@type":"BreadcrumbList","@id":"https:\/\/snuipp86.fr\/index.php\/2008\/11\/30\/ag-des-retraits-lundi-15-dcembre-2008\/#breadcrumb","itemListElement":[{"@type":"ListItem","position":1,"name":"Accueil","item":"https:\/\/snuipp86.fr\/"},{"@type":"ListItem","position":2,"name":"AG des retrait\u00e9s : Lundi 15 d\u00e9cembre 2008"}]},{"@type":"WebSite","@id":"https:\/\/snuipp86.fr\/#website","url":"https:\/\/snuipp86.fr\/","name":"FSU-SNUipp 86","description":"Des id\u00e9es qui font l&#039;\u00e9cole","potentialAction":[{"@type":"SearchAction","target":{"@type":"EntryPoint","urlTemplate":"https:\/\/snuipp86.fr\/?s={search_term_string}"},"query-input":{"@type":"PropertyValueSpecification","valueRequired":true,"valueName":"search_term_string"}}],"inLanguage":"fr-FR"},{"@type":"Person","@id":"https:\/\/snuipp86.fr\/#\/schema\/person\/901b28b9ae1c7a63a6a940102e52a7a2","name":"WP86Admin","image":{"@type":"ImageObject","inLanguage":"fr-FR","@id":"https:\/\/snuipp86.fr\/#\/schema\/person\/image\/","url":"https:\/\/secure.gravatar.com\/avatar\/0099845c7ec05dc10d777d8ab4f5142c5ba316283821af2459738ad469a37a1a?s=96&d=mm&r=g","contentUrl":"https:\/\/secure.gravatar.com\/avatar\/0099845c7ec05dc10d777d8ab4f5142c5ba316283821af2459738ad469a37a1a?s=96&d=mm&r=g","caption":"WP86Admin"},"url":"https:\/\/snuipp86.fr\/index.php\/author\/wp86admin\/"}]}},"_links":{"self":[{"href":"https:\/\/snuipp86.fr\/index.php\/wp-json\/wp\/v2\/posts\/1818","targetHints":{"allow":["GET"]}}],"collection":[{"href":"https:\/\/snuipp86.fr\/index.php\/wp-json\/wp\/v2\/posts"}],"about":[{"href":"https:\/\/snuipp86.fr\/index.php\/wp-json\/wp\/v2\/types\/post"}],"author":[{"embeddable":true,"href":"https:\/\/snuipp86.fr\/index.php\/wp-json\/wp\/v2\/users\/1"}],"replies":[{"embeddable":true,"href":"https:\/\/snuipp86.fr\/index.php\/wp-json\/wp\/v2\/comments?post=1818"}],"version-history":[{"count":0,"href":"https:\/\/snuipp86.fr\/index.php\/wp-json\/wp\/v2\/posts\/1818\/revisions"}],"wp:attachment":[{"href":"https:\/\/snuipp86.fr\/index.php\/wp-json\/wp\/v2\/media?parent=1818"}],"wp:term":[{"taxonomy":"category","embeddable":true,"href":"https:\/\/snuipp86.fr\/index.php\/wp-json\/wp\/v2\/categories?post=1818"},{"taxonomy":"post_tag","embeddable":true,"href":"https:\/\/snuipp86.fr\/index.php\/wp-json\/wp\/v2\/tags?post=1818"}],"curies":[{"name":"wp","href":"https:\/\/api.w.org\/{rel}","templated":true}]}}