{"id":1820,"date":"2008-11-30T08:17:00","date_gmt":"2008-11-30T08:17:00","guid":{"rendered":"http:\/\/localhost\/wordpress\/2008\/11\/30\/nadine-morano-lcole-maternelle-cest-3-ans\/"},"modified":"2008-11-30T08:17:00","modified_gmt":"2008-11-30T08:17:00","slug":"nadine-morano-lcole-maternelle-cest-3-ans","status":"publish","type":"post","link":"https:\/\/snuipp86.fr\/index.php\/2008\/11\/30\/nadine-morano-lcole-maternelle-cest-3-ans\/","title":{"rendered":".Nadine Morano : \u00ab\u00a0l&rsquo;\u00e9cole maternelle c&rsquo;est 3 ans\u00a0\u00bb."},"content":{"rendered":"<div class='rss_texte'>\n<p class=\"spip\"><strong class=\"spip\">Nadine Morano : \u00ab\u00a0l&rsquo;\u00e9cole maternelle c&rsquo;est 3 ans\u00a0\u00bb<\/strong><\/p>\n<p class=\"spip\">La secr\u00e9taire d&rsquo;Etat charg\u00e9e de la Famille Nadine Morano a soulign\u00e9 dimanche que \u00ab\u00a0l&rsquo;\u00e9cole maternelle c&rsquo;est trois ans\u00a0\u00bb, et indiqu\u00e9 avoir \u00ab\u00a0\u00e0 l&rsquo;\u00e9tude\u00a0\u00bb un dispositif de \u00ab\u00a0financement crois\u00e9\u00a0\u00bb pour des jardins d&rsquo;\u00e9veil destin\u00e9s aux enfants \u00e2g\u00e9s de deux \u00e0 trois ans.<\/p>\n<p class=\"spip\">\u00ab\u00a0La maternelle n&rsquo;existe pas pour les deux ans, il y a des tol\u00e9rances qui existent dans certaines r\u00e9gions\u00a0\u00bb, mais en fait \u00ab\u00a0dans tr\u00e8s peu de secteurs\u00a0\u00bb, car \u00ab\u00a0l&rsquo;\u00e9cole maternelle c&rsquo;est trois ans\u00a0\u00bb, a d\u00e9clar\u00e9 Mme Morano au au Grand Jury RTL\/Le Figaro\/LCI.<\/p>\n<p class=\"spip\">En milieu rural, \u00ab\u00a0il y deux d\u00e9partements qui souhaitent exp\u00e9rimenter les jardins d&rsquo;\u00e9veil, je pense \u00e0 la Mayenne et au Rh\u00f4ne\u00a0\u00bb, a-t-elle poursuivi. Elle a indiqu\u00e9 avoir \u00ab\u00a0\u00e0 l&rsquo;\u00e9tude\u00a0\u00bb un dispositif qui consisterait \u00e0 abriter ces structures dans des \u00e9coles disposant de locaux pour les accueillir, ce qui permettrait d&rsquo;\u00e9conomiser les frais d&rsquo;eau, de chauffage ou d&rsquo;\u00e9lectricit\u00e9.<\/p>\n<p class=\"spip\">Dans ce sch\u00e9ma, \u00ab\u00a0on fait garder les enfants par du personnel form\u00e9 petite enfance, parce qu&rsquo;un enfant de deux ans, c&rsquo;est encore un b\u00e9b\u00e9 et que la quasi-totalit\u00e9 des rapports faits par des p\u00e9do-psychologues d\u00e9montrent que la scolarit\u00e9 des enfants de deux ans n&rsquo;est pas bonne\u00a0\u00bb, a-t-elle expliqu\u00e9.<\/p>\n<p class=\"spip\">\u00ab\u00a0Nous sommes en train de travailler sur un dispositif de financement crois\u00e9 par la Caf (caisse d&rsquo;allocations familiales), les communes et les communaut\u00e9s de communes, mais aussi les parents en fonction de leurs revenus\u00a0\u00bb, a pr\u00e9cis\u00e9 Mme Morano.<\/p>\n<p class=\"spip\">Elle a \u00e9galement indiqu\u00e9 souhaiter \u00ab\u00a0associer les entreprises pour qu&rsquo;elles financent, comme elles le font pour les cr\u00e8ches d&rsquo;entreprise, des places de berceau\u00a0\u00bb.<\/p>\n<p class=\"spip\">Nadine Morano s&rsquo;\u00e9tait d\u00e9j\u00e0 d\u00e9clar\u00e9 d\u00e9but novembre favorable \u00e0 un rapport s\u00e9natorial proposant de d\u00e9velopper des jardins d&rsquo;\u00e9veil pour les enfants de 2 \u00e0 3 ans.<\/p>\n<p class=\"spip\">\u00ab\u00a0La cr\u00e9ation de jardins d&rsquo;\u00e9veil, structures alternatives entre la cr\u00e8che et l&rsquo;\u00e9cole, aurait le m\u00e9rite d&rsquo;am\u00e9liorer la prise en consid\u00e9ration des rythmes des jeunes enfants, tout en offrant \u00e0 ces derniers la possibilit\u00e9 d&rsquo;un d\u00e9veloppement harmonieux, au sein de structures adapt\u00e9es\u00a0\u00bb, avait-elle alors comment\u00e9.<\/p>\n<\/div>\n","protected":false},"excerpt":{"rendered":"<p>Nadine Morano : \u00ab\u00a0l&rsquo;\u00e9cole maternelle c&rsquo;est 3 ans\u00a0\u00bb <br \/>La secr\u00e9taire d&rsquo;Etat charg\u00e9e de la Famille Nadine Morano a soulign\u00e9 dimanche que \u00ab\u00a0l&rsquo;\u00e9cole maternelle c&rsquo;est trois ans\u00a0\u00bb, et indiqu\u00e9 avoir \u00ab\u00a0\u00e0 l&rsquo;\u00e9tude\u00a0\u00bb un dispositif de \u00ab\u00a0financement crois\u00e9\u00a0\u00bb pour des jardins d&rsquo;\u00e9veil destin\u00e9s aux enfants \u00e2g\u00e9s de deux \u00e0 trois ans. <br \/>\u00ab\u00a0La maternelle n&rsquo;existe pas pour les deux ans, il y a des tol\u00e9rances qui existent dans certaines r\u00e9gions\u00a0\u00bb, mais en fait \u00ab\u00a0dans tr\u00e8s peu de secteurs\u00a0\u00bb, car \u00ab\u00a0l&rsquo;\u00e9cole maternelle c&rsquo;est trois (&#8230;)<br \/>\n&#8211;<br \/>\n<a href=\"http:\/\/86.snuipp.fr\/spip.php?rubrique70\" rel=\"directory\">Maternelle<\/a><\/p>\n","protected":false},"author":1,"featured_media":0,"comment_status":"open","ping_status":"open","sticky":false,"template":"","format":"standard","meta":{"footnotes":""},"categories":[14],"tags":[],"class_list":["post-1820","post","type-post","status-publish","format-standard","hentry","category-a-la-une"],"yoast_head":"<!-- This site is optimized with the Yoast SEO plugin v26.6 - https:\/\/yoast.com\/wordpress\/plugins\/seo\/ -->\n<title>.Nadine Morano : &quot;l&#039;\u00e9cole maternelle c&#039;est 3 ans&quot;. - FSU-SNUipp 86<\/title>\n<meta name=\"robots\" content=\"index, follow, max-snippet:-1, max-image-preview:large, max-video-preview:-1\" \/>\n<link rel=\"canonical\" href=\"https:\/\/snuipp86.fr\/index.php\/2008\/11\/30\/nadine-morano-lcole-maternelle-cest-3-ans\/\" \/>\n<meta property=\"og:locale\" content=\"fr_FR\" \/>\n<meta property=\"og:type\" content=\"article\" \/>\n<meta property=\"og:title\" content=\".Nadine Morano : &quot;l&#039;\u00e9cole maternelle c&#039;est 3 ans&quot;. - FSU-SNUipp 86\" \/>\n<meta property=\"og:description\" content=\"Nadine Morano : &quot;l&#039;\u00e9cole maternelle c&#039;est 3 ans&quot; La secr\u00e9taire d&#039;Etat charg\u00e9e de la Famille Nadine Morano a soulign\u00e9 dimanche que &quot;l&#039;\u00e9cole maternelle c&#039;est trois ans&quot;, et indiqu\u00e9 avoir &quot;\u00e0 l&#039;\u00e9tude&quot; un dispositif de &quot;financement crois\u00e9&quot; pour des jardins d&#039;\u00e9veil destin\u00e9s aux enfants \u00e2g\u00e9s de deux \u00e0 trois ans. &quot;La maternelle n&#039;existe pas pour les deux ans, il y a des tol\u00e9rances qui existent dans certaines r\u00e9gions&quot;, mais en fait &quot;dans tr\u00e8s peu de secteurs&quot;, car &quot;l&#039;\u00e9cole maternelle c&#039;est trois (...) - Maternelle\" \/>\n<meta property=\"og:url\" content=\"https:\/\/snuipp86.fr\/index.php\/2008\/11\/30\/nadine-morano-lcole-maternelle-cest-3-ans\/\" \/>\n<meta property=\"og:site_name\" content=\"FSU-SNUipp 86\" \/>\n<meta property=\"article:published_time\" content=\"2008-11-30T08:17:00+00:00\" \/>\n<meta name=\"author\" content=\"WP86Admin\" \/>\n<meta name=\"twitter:card\" content=\"summary_large_image\" \/>\n<meta name=\"twitter:label1\" content=\"\u00c9crit par\" \/>\n\t<meta name=\"twitter:data1\" content=\"WP86Admin\" \/>\n\t<meta name=\"twitter:label2\" content=\"Dur\u00e9e de lecture estim\u00e9e\" \/>\n\t<meta name=\"twitter:data2\" content=\"2 minutes\" \/>\n<script type=\"application\/ld+json\" class=\"yoast-schema-graph\">{\"@context\":\"https:\/\/schema.org\",\"@graph\":[{\"@type\":\"WebPage\",\"@id\":\"https:\/\/snuipp86.fr\/index.php\/2008\/11\/30\/nadine-morano-lcole-maternelle-cest-3-ans\/\",\"url\":\"https:\/\/snuipp86.fr\/index.php\/2008\/11\/30\/nadine-morano-lcole-maternelle-cest-3-ans\/\",\"name\":\".Nadine Morano : \\\"l'\u00e9cole maternelle c'est 3 ans\\\". - FSU-SNUipp 86\",\"isPartOf\":{\"@id\":\"https:\/\/snuipp86.fr\/#website\"},\"datePublished\":\"2008-11-30T08:17:00+00:00\",\"author\":{\"@id\":\"https:\/\/snuipp86.fr\/#\/schema\/person\/901b28b9ae1c7a63a6a940102e52a7a2\"},\"breadcrumb\":{\"@id\":\"https:\/\/snuipp86.fr\/index.php\/2008\/11\/30\/nadine-morano-lcole-maternelle-cest-3-ans\/#breadcrumb\"},\"inLanguage\":\"fr-FR\",\"potentialAction\":[{\"@type\":\"ReadAction\",\"target\":[\"https:\/\/snuipp86.fr\/index.php\/2008\/11\/30\/nadine-morano-lcole-maternelle-cest-3-ans\/\"]}]},{\"@type\":\"BreadcrumbList\",\"@id\":\"https:\/\/snuipp86.fr\/index.php\/2008\/11\/30\/nadine-morano-lcole-maternelle-cest-3-ans\/#breadcrumb\",\"itemListElement\":[{\"@type\":\"ListItem\",\"position\":1,\"name\":\"Accueil\",\"item\":\"https:\/\/snuipp86.fr\/\"},{\"@type\":\"ListItem\",\"position\":2,\"name\":\".Nadine Morano : &#8220;l&#8217;\u00e9cole maternelle c&#8217;est 3 ans&#8221;.\"}]},{\"@type\":\"WebSite\",\"@id\":\"https:\/\/snuipp86.fr\/#website\",\"url\":\"https:\/\/snuipp86.fr\/\",\"name\":\"FSU-SNUipp 86\",\"description\":\"Des id\u00e9es qui font l&#039;\u00e9cole\",\"potentialAction\":[{\"@type\":\"SearchAction\",\"target\":{\"@type\":\"EntryPoint\",\"urlTemplate\":\"https:\/\/snuipp86.fr\/?s={search_term_string}\"},\"query-input\":{\"@type\":\"PropertyValueSpecification\",\"valueRequired\":true,\"valueName\":\"search_term_string\"}}],\"inLanguage\":\"fr-FR\"},{\"@type\":\"Person\",\"@id\":\"https:\/\/snuipp86.fr\/#\/schema\/person\/901b28b9ae1c7a63a6a940102e52a7a2\",\"name\":\"WP86Admin\",\"image\":{\"@type\":\"ImageObject\",\"inLanguage\":\"fr-FR\",\"@id\":\"https:\/\/snuipp86.fr\/#\/schema\/person\/image\/\",\"url\":\"https:\/\/secure.gravatar.com\/avatar\/0099845c7ec05dc10d777d8ab4f5142c5ba316283821af2459738ad469a37a1a?s=96&d=mm&r=g\",\"contentUrl\":\"https:\/\/secure.gravatar.com\/avatar\/0099845c7ec05dc10d777d8ab4f5142c5ba316283821af2459738ad469a37a1a?s=96&d=mm&r=g\",\"caption\":\"WP86Admin\"},\"url\":\"https:\/\/snuipp86.fr\/index.php\/author\/wp86admin\/\"}]}<\/script>\n<!-- \/ Yoast SEO plugin. -->","yoast_head_json":{"title":".Nadine Morano : \"l'\u00e9cole maternelle c'est 3 ans\". - FSU-SNUipp 86","robots":{"index":"index","follow":"follow","max-snippet":"max-snippet:-1","max-image-preview":"max-image-preview:large","max-video-preview":"max-video-preview:-1"},"canonical":"https:\/\/snuipp86.fr\/index.php\/2008\/11\/30\/nadine-morano-lcole-maternelle-cest-3-ans\/","og_locale":"fr_FR","og_type":"article","og_title":".Nadine Morano : \"l'\u00e9cole maternelle c'est 3 ans\". - FSU-SNUipp 86","og_description":"Nadine Morano : \"l'\u00e9cole maternelle c'est 3 ans\" La secr\u00e9taire d'Etat charg\u00e9e de la Famille Nadine Morano a soulign\u00e9 dimanche que \"l'\u00e9cole maternelle c'est trois ans\", et indiqu\u00e9 avoir \"\u00e0 l'\u00e9tude\" un dispositif de \"financement crois\u00e9\" pour des jardins d'\u00e9veil destin\u00e9s aux enfants \u00e2g\u00e9s de deux \u00e0 trois ans. \"La maternelle n'existe pas pour les deux ans, il y a des tol\u00e9rances qui existent dans certaines r\u00e9gions\", mais en fait \"dans tr\u00e8s peu de secteurs\", car \"l'\u00e9cole maternelle c'est trois (...) - Maternelle","og_url":"https:\/\/snuipp86.fr\/index.php\/2008\/11\/30\/nadine-morano-lcole-maternelle-cest-3-ans\/","og_site_name":"FSU-SNUipp 86","article_published_time":"2008-11-30T08:17:00+00:00","author":"WP86Admin","twitter_card":"summary_large_image","twitter_misc":{"\u00c9crit par":"WP86Admin","Dur\u00e9e de lecture estim\u00e9e":"2 minutes"},"schema":{"@context":"https:\/\/schema.org","@graph":[{"@type":"WebPage","@id":"https:\/\/snuipp86.fr\/index.php\/2008\/11\/30\/nadine-morano-lcole-maternelle-cest-3-ans\/","url":"https:\/\/snuipp86.fr\/index.php\/2008\/11\/30\/nadine-morano-lcole-maternelle-cest-3-ans\/","name":".Nadine Morano : \"l'\u00e9cole maternelle c'est 3 ans\". - FSU-SNUipp 86","isPartOf":{"@id":"https:\/\/snuipp86.fr\/#website"},"datePublished":"2008-11-30T08:17:00+00:00","author":{"@id":"https:\/\/snuipp86.fr\/#\/schema\/person\/901b28b9ae1c7a63a6a940102e52a7a2"},"breadcrumb":{"@id":"https:\/\/snuipp86.fr\/index.php\/2008\/11\/30\/nadine-morano-lcole-maternelle-cest-3-ans\/#breadcrumb"},"inLanguage":"fr-FR","potentialAction":[{"@type":"ReadAction","target":["https:\/\/snuipp86.fr\/index.php\/2008\/11\/30\/nadine-morano-lcole-maternelle-cest-3-ans\/"]}]},{"@type":"BreadcrumbList","@id":"https:\/\/snuipp86.fr\/index.php\/2008\/11\/30\/nadine-morano-lcole-maternelle-cest-3-ans\/#breadcrumb","itemListElement":[{"@type":"ListItem","position":1,"name":"Accueil","item":"https:\/\/snuipp86.fr\/"},{"@type":"ListItem","position":2,"name":".Nadine Morano : &#8220;l&#8217;\u00e9cole maternelle c&#8217;est 3 ans&#8221;."}]},{"@type":"WebSite","@id":"https:\/\/snuipp86.fr\/#website","url":"https:\/\/snuipp86.fr\/","name":"FSU-SNUipp 86","description":"Des id\u00e9es qui font l&#039;\u00e9cole","potentialAction":[{"@type":"SearchAction","target":{"@type":"EntryPoint","urlTemplate":"https:\/\/snuipp86.fr\/?s={search_term_string}"},"query-input":{"@type":"PropertyValueSpecification","valueRequired":true,"valueName":"search_term_string"}}],"inLanguage":"fr-FR"},{"@type":"Person","@id":"https:\/\/snuipp86.fr\/#\/schema\/person\/901b28b9ae1c7a63a6a940102e52a7a2","name":"WP86Admin","image":{"@type":"ImageObject","inLanguage":"fr-FR","@id":"https:\/\/snuipp86.fr\/#\/schema\/person\/image\/","url":"https:\/\/secure.gravatar.com\/avatar\/0099845c7ec05dc10d777d8ab4f5142c5ba316283821af2459738ad469a37a1a?s=96&d=mm&r=g","contentUrl":"https:\/\/secure.gravatar.com\/avatar\/0099845c7ec05dc10d777d8ab4f5142c5ba316283821af2459738ad469a37a1a?s=96&d=mm&r=g","caption":"WP86Admin"},"url":"https:\/\/snuipp86.fr\/index.php\/author\/wp86admin\/"}]}},"_links":{"self":[{"href":"https:\/\/snuipp86.fr\/index.php\/wp-json\/wp\/v2\/posts\/1820","targetHints":{"allow":["GET"]}}],"collection":[{"href":"https:\/\/snuipp86.fr\/index.php\/wp-json\/wp\/v2\/posts"}],"about":[{"href":"https:\/\/snuipp86.fr\/index.php\/wp-json\/wp\/v2\/types\/post"}],"author":[{"embeddable":true,"href":"https:\/\/snuipp86.fr\/index.php\/wp-json\/wp\/v2\/users\/1"}],"replies":[{"embeddable":true,"href":"https:\/\/snuipp86.fr\/index.php\/wp-json\/wp\/v2\/comments?post=1820"}],"version-history":[{"count":0,"href":"https:\/\/snuipp86.fr\/index.php\/wp-json\/wp\/v2\/posts\/1820\/revisions"}],"wp:attachment":[{"href":"https:\/\/snuipp86.fr\/index.php\/wp-json\/wp\/v2\/media?parent=1820"}],"wp:term":[{"taxonomy":"category","embeddable":true,"href":"https:\/\/snuipp86.fr\/index.php\/wp-json\/wp\/v2\/categories?post=1820"},{"taxonomy":"post_tag","embeddable":true,"href":"https:\/\/snuipp86.fr\/index.php\/wp-json\/wp\/v2\/tags?post=1820"}],"curies":[{"name":"wp","href":"https:\/\/api.w.org\/{rel}","templated":true}]}}