{"id":1825,"date":"2008-11-30T06:43:00","date_gmt":"2008-11-30T06:43:00","guid":{"rendered":"http:\/\/localhost\/wordpress\/2008\/11\/30\/lidentifiant-national-lve-ine\/"},"modified":"2008-11-30T06:43:00","modified_gmt":"2008-11-30T06:43:00","slug":"lidentifiant-national-lve-ine","status":"publish","type":"post","link":"https:\/\/snuipp86.fr\/index.php\/2008\/11\/30\/lidentifiant-national-lve-ine\/","title":{"rendered":"l&rsquo;identifiant national \u00e9l\u00e8ve (INE)"},"content":{"rendered":"<div class='rss_chapo'>\n<p class=\"spip\">L&rsquo;identifiant national \u00e9l\u00e8ve (INE) est un num\u00e9ro attribu\u00e9 \u00e0 chaque enfant\/\u00e9l\u00e8ve au moment o\u00f9 il entre dans le syst\u00e8me \u00e9ducatif. La proc\u00e9dure d&rsquo;affectation d&rsquo;un INE \u00e0 un enfant qui entre en primaire est expos\u00e9e ci-dessous \u00e0 partir de documents \u00e9manant du MEN. Ce num\u00e9ro lui servira d&rsquo;identifiant \u00e0 l&rsquo;int\u00e9rieur du syst\u00e8me \u00e9ducatif tout au long de son parcours scolaire.<\/p>\n<p class=\"spip\">A terme, ces num\u00e9ros INE permettront au minist\u00e8re de constituer un r\u00e9pertoire national d&rsquo;identification couvrant l&rsquo;ensemble des \u00e9l\u00e8ves ou \u00e9tudiants de la maternelle \u00e0 l&rsquo;enseignement sup\u00e9rieur.<\/p>\n<p class=\"spip\">L&rsquo;une des difficult\u00e9s du sujet est que, depuis 1995, l&rsquo;administration attribue \u00e0 chaque \u00e9l\u00e8ve du secondaire un identifiant d\u00e9sign\u00e9 par le m\u00eame sigle (INE) mais calcul\u00e9 de fa\u00e7on tout \u00e0 fait diff\u00e9rente.<\/p>\n<\/div>\n<div class='rss_texte'>\n<p class=\"spip\"><strong class=\"spip\">Proc\u00e9dure d&rsquo;affectation d&rsquo;un INE \u00e0 un \u00e9l\u00e8ve entrant en primaire<\/strong><!-- htmlA --> [<a href=\"http:\/\/86.snuipp.fr\/#nb1786-1\" name=\"nh1786-1\" id=\"nh1786-1\" class=\"spip_note\" title='[1] Le texte est extrait de la lettre du MEN \u00e0 la Cnil du 8 f\u00e9vrier 2007 ; (...)' >1<\/a>]<!-- htmlB --><\/p>\n<p class=\"spip\"><!-- htmlA --><span class='spip_document_1350 spip_documents spip_documents_center' ><br \/>\n<img src='https:\/\/snuipp86.fr\/wp-content\/spip\/cache-vignettes\/L481xH413\/echanges_be1d_bnie-93daf-89149.gif' width='481' height='413' alt=\"Proc\u00e9dure\" title=\"Proc\u00e9dure\" style='height:413px;width:481px;' class='' \/><\/span><!-- htmlB --><\/p>\n<p class=\"spip\">LITIGE : Une demande est en litige dans la BNIE<!-- htmlA --> [<a href=\"http:\/\/86.snuipp.fr\/#nb1786-2\" name=\"nh1786-2\" id=\"nh1786-2\" class=\"spip_note\" title='[2] Base Nationale des Identifiants El\u00e8ves' >2<\/a>]<!-- htmlB --> quand il existe un ou plusieurs \u00e9l\u00e8ves ressemblants trouv\u00e9s dans la base par l&rsquo;application lors du traitement. L&rsquo;application n&rsquo;a pas pu prendre seule de fa\u00e7on automatique une d\u00e9cision.<\/p>\n<p class=\"spip\">ERREUR : Une demande en erreur dans la BNIE correspond \u00e0 une demande dont des donn\u00e9es sont incoh\u00e9rentes, manquantes, ou ayant des probl\u00e8mes de format.<\/p>\n<p class=\"spip\">NON TRAITE : Une demande est non trait\u00e9e si elle a \u00e9t\u00e9 charg\u00e9e dans la BNIE mais le traitement est en liste d&rsquo;attente. __________________<\/p>\n<p class=\"spip\">Le d\u00e9roulement de la proc\u00e9dure d&rsquo;immatriculation de l&rsquo;INE d\u00e9bute par l&rsquo;envoi vers la BNIE \u00e0 partir de la base \u00e9l\u00e8ves 1er degr\u00e9, sur laquelle le directeur d&rsquo;\u00e9cole est en capacit\u00e9 d&rsquo;admettre ou de radier un \u00e9l\u00e8ve, d&rsquo;une demande de cr\u00e9ation d&rsquo;un INE qui se fait au moyen d&rsquo;une proc\u00e9dure automatis\u00e9e.<\/p>\n<p class=\"spip\">Si la demande de cr\u00e9ation, d&rsquo;admission ou de radiation peut \u00eatre trait\u00e9e automatiquement (aucun \u00e9l\u00e8ve ressemblant trouv\u00e9 dans la base pour une demande de cr\u00e9ation, \u00e9l\u00e8ve identifi\u00e9 en raison d&rsquo;une immatriculation d\u00e9j\u00e0 r\u00e9alis\u00e9e pour une demande d&rsquo;admission ou de radiation), le r\u00e9sultat du traitement est retourn\u00e9 \u00e0 Base \u00e9l\u00e8ves 1er degr\u00e9.<\/p>\n<p class=\"spip\">Si la demande de cr\u00e9ation, d&rsquo;admission ou de radiation ne peut \u00eatre trait\u00e9e automatiquement (erreur sur les donn\u00e9es fournies, \u00e9l\u00e8ve ressemblant pour une demande de cr\u00e9ation, non correspondance des donn\u00e9es d&rsquo;\u00e9tat civil dans la BNIE et la Base \u00e9l\u00e8ves 1er degr\u00e9 pour une demande d&rsquo;admission &#8230;), un gestionnaire au niveau de l&rsquo;inspection acad\u00e9mique doit traiter la demande gr\u00e2ce \u00e0 l&rsquo;interface web de la BNIE. La demande est donc en litige ou en erreur : elle suscite alors des \u00e9changes d&rsquo;information entre ce gestionnaire et le directeur d&rsquo;\u00e9cole concern\u00e9 afin de permettre au gestionnaire de trouver une solution au probl\u00e8me en vue de la cr\u00e9ation de l&rsquo;INE qui est alors enregistr\u00e9 dans la BNIE pr\u00e9alablement \u00e0 sa transmission dans la Base \u00e9l\u00e8ves 1er degr\u00e9.<\/p>\n<hr class=\"spip\" \/>\n<p class=\"spip\"><strong class=\"spip\">Historique<\/strong><\/p>\n<p class=\"spip\">L&rsquo;identifiant national \u00e9l\u00e8ve (INE) a \u00e9t\u00e9 cr\u00e9\u00e9 pour les \u00e9l\u00e8ves du secondaire par l&rsquo;arr\u00eat\u00e9 du 10 d\u00e9cembre 2002 repris ci-dessous, suivi de l&rsquo;avis de la Cnil.<\/p>\n<p class=\"spip\">L&rsquo;INE est cit\u00e9 dans la lettre accompagnant la d\u00e9claration de Base \u00e9l\u00e8ves \u00e0 la Cnil, le 24 d\u00e9cembre 2004 :<\/p>\n<p class=\"spip\">\u00ab Le fonctionnement de la Base \u00e9l\u00e8ves 1er degr\u00e9 n\u00e9cessitera la mise en place d&rsquo;un identifiant national de l&rsquo;\u00e9l\u00e8ve (INE), qui constitue un num\u00e9ro interne et sp\u00e9cifique \u00e0 l&rsquo;\u00e9ducation nationale, distinct du num\u00e9ro national d&rsquo;inscription au r\u00e9pertoire national d&rsquo;identification des personnes physiques. Un tel num\u00e9ro existe d\u00e9j\u00e0 pour les \u00e9l\u00e8ves relevant du second degr\u00e9 dans le syst\u00e8me d&rsquo;information Scolarit\u00e9.<\/p>\n<p class=\"spip\">\u00ab Le minist\u00e8re de l&rsquo;\u00e9ducation nationale a l&rsquo;intention d&rsquo;\u00e9largir progressivement l&rsquo;attribution du nouvel INE \u00e0 l&rsquo;ensemble du syst\u00e8me \u00e9ducatif, \u00e0 partir du premier degr\u00e9, au rythme du d\u00e9ploiement de Base \u00e9l\u00e8ves 1er degr\u00e9. \u00bb<\/p>\n<p class=\"spip\">Dans sa <a href=\"https:\/\/snuipp86.fr\/wp-content\/spip\/IMG\/pdf\/001_BE-Corres.CNIL-MEN.pdf\" class=\"spip_out\">lettre du 16 f\u00e9vrier 2005<\/a> adress\u00e9e au Minist\u00e8re de l&rsquo;Education nationale accompagnant l&rsquo;accus\u00e9 de r\u00e9ception de la d\u00e9claration de Base \u00e9l\u00e8ves 1er degr\u00e9, la Cnil prend acte de ce qu&rsquo;elle \u00ab sera prochainement saisie de la d\u00e9claration relative \u00e0 l&rsquo;INE \u00bb.<\/p>\n<p class=\"spip\">On ignore si l&rsquo;INE a effectivement fait l&rsquo;objet d&rsquo;une d\u00e9claration \u00e0 la Cnil pour son utilisation dans l&rsquo;ensemble du syst\u00e8me \u00e9ducatif. Mais l&rsquo;attribution d&rsquo;un INE \u00e0 chaque \u00e9l\u00e8ve ou \u00e9tudiant, et la mise en place d&rsquo;un r\u00e9pertoire des INE (voir la page consacr\u00e9e \u00e0 la BNIE), constituent certainement un des aspects les plus importants de la mise en place de BE1D \u2014 cela explique peut-\u00eatre la d\u00e9claration suivante de <a href=\"http:\/\/www.ldh-toulon.net\/spip.php?article2861\" class=\"spip_out\">Xavier Darcos<\/a> :<\/p>\n<p class=\"spip\">\u00ab L&rsquo;origine sociale des familles, la langue des parents, etc. ne nous int\u00e9ressent pas. Le fait de les indiquer est inutile et n&rsquo;est pas conforme \u00e0 la tradition r\u00e9publicaine de l&rsquo;\u00e9cole de Jules Ferry, qui doit accueillir les enfants quels qu&rsquo;ils soient pourvu qu&rsquo;ils soient d&rsquo;\u00e2ge scolaire. Nous avons donc modifi\u00e9 le d\u00e9cret relatif \u00e0 la \u201c base \u00e9l\u00e8ves \u201d, de fa\u00e7on qu&rsquo;elle indique uniquement le nom et l&rsquo;\u00e2ge de l&rsquo;\u00e9l\u00e8ve. \u00bb<\/p>\n<p class=\"spip\">Extension de l&rsquo;INE au syst\u00e8me \u00e9ducatif<\/p>\n<p class=\"spip\">Des <a href=\"https:\/\/snuipp86.fr\/wp-content\/spip\/IMG\/pdf\/CR_0365.pdf\" class=\"spip_out\">extraits du compte-rendu<\/a> de la r\u00e9union du 10 mai 2007 de la formation Education, du Conseil national de l&rsquo;information statistique (Cnis)<\/p>\n<\/div>\n<hr \/>\n<div class='rss_notes'>\n<p class=\"spip_note\"><!-- htmlA -->[<a href=\"http:\/\/86.snuipp.fr\/#nh1786-1\" name=\"nb1786-1\" class=\"spip_note\" title=\"Notes 1786-1\">1<\/a>] <!-- htmlB -->Le texte est extrait de la lettre du MEN \u00e0 la Cnil du 8 f\u00e9vrier 2007 ; le sch\u00e9ma, ainsi que les trois d\u00e9finitions qui le suivent, proviennent d&rsquo;un diaporama de pr\u00e9sentation tel qu&rsquo;il \u00e9tait publi\u00e9 sur le site de l&rsquo;IA de la Moselle, le 29 septembre 2008.<\/p>\n<p class=\"spip_note\"><!-- htmlA -->[<a href=\"http:\/\/86.snuipp.fr\/#nh1786-2\" name=\"nb1786-2\" class=\"spip_note\" title=\"Notes 1786-2\">2<\/a>] <!-- htmlB -->Base Nationale des Identifiants El\u00e8ves<\/p>\n<\/div>\n","protected":false},"excerpt":{"rendered":"<p>L&rsquo;identifiant national \u00e9l\u00e8ve (INE) est un num\u00e9ro attribu\u00e9 \u00e0 chaque enfant\/\u00e9l\u00e8ve au moment o\u00f9 il entre dans le syst\u00e8me \u00e9ducatif. La proc\u00e9dure d&rsquo;affectation d&rsquo;un INE \u00e0 un enfant qui entre en primaire est expos\u00e9e ci-dessous \u00e0 partir de documents \u00e9manant du MEN. Ce num\u00e9ro lui servira d&rsquo;identifiant \u00e0 l&rsquo;int\u00e9rieur du syst\u00e8me \u00e9ducatif tout au long de son parcours scolaire. <br \/>A terme, ces num\u00e9ros INE permettront au minist\u00e8re de constituer un r\u00e9pertoire national (&#8230;)<br \/>\n&#8211;<br \/>\n<a href=\"http:\/\/86.snuipp.fr\/spip.php?rubrique146\" rel=\"directory\">Base El\u00e8ves<\/a><\/p>\n","protected":false},"author":1,"featured_media":0,"comment_status":"open","ping_status":"open","sticky":false,"template":"","format":"standard","meta":{"footnotes":""},"categories":[14],"tags":[],"class_list":["post-1825","post","type-post","status-publish","format-standard","hentry","category-a-la-une"],"yoast_head":"<!-- This site is optimized with the Yoast SEO plugin v26.6 - https:\/\/yoast.com\/wordpress\/plugins\/seo\/ -->\n<title>l&#039;identifiant national \u00e9l\u00e8ve (INE) - FSU-SNUipp 86<\/title>\n<meta name=\"robots\" content=\"index, follow, max-snippet:-1, max-image-preview:large, max-video-preview:-1\" \/>\n<link rel=\"canonical\" href=\"https:\/\/snuipp86.fr\/index.php\/2008\/11\/30\/lidentifiant-national-lve-ine\/\" \/>\n<meta property=\"og:locale\" content=\"fr_FR\" \/>\n<meta property=\"og:type\" content=\"article\" \/>\n<meta property=\"og:title\" content=\"l&#039;identifiant national \u00e9l\u00e8ve (INE) - FSU-SNUipp 86\" \/>\n<meta property=\"og:description\" content=\"L&#039;identifiant national \u00e9l\u00e8ve (INE) est un num\u00e9ro attribu\u00e9 \u00e0 chaque enfant\/\u00e9l\u00e8ve au moment o\u00f9 il entre dans le syst\u00e8me \u00e9ducatif. La proc\u00e9dure d&#039;affectation d&#039;un INE \u00e0 un enfant qui entre en primaire est expos\u00e9e ci-dessous \u00e0 partir de documents \u00e9manant du MEN. Ce num\u00e9ro lui servira d&#039;identifiant \u00e0 l&#039;int\u00e9rieur du syst\u00e8me \u00e9ducatif tout au long de son parcours scolaire. A terme, ces num\u00e9ros INE permettront au minist\u00e8re de constituer un r\u00e9pertoire national (...) - Base El\u00e8ves\" \/>\n<meta property=\"og:url\" content=\"https:\/\/snuipp86.fr\/index.php\/2008\/11\/30\/lidentifiant-national-lve-ine\/\" \/>\n<meta property=\"og:site_name\" content=\"FSU-SNUipp 86\" \/>\n<meta property=\"article:published_time\" content=\"2008-11-30T06:43:00+00:00\" \/>\n<meta property=\"og:image\" content=\"http:\/\/snuipp86.fr\/wp-content\/spip\/cache-vignettes\/L481xH413\/echanges_be1d_bnie-93daf-89149.gif\" \/>\n<meta name=\"author\" content=\"WP86Admin\" \/>\n<meta name=\"twitter:card\" content=\"summary_large_image\" \/>\n<meta name=\"twitter:label1\" content=\"\u00c9crit par\" \/>\n\t<meta name=\"twitter:data1\" content=\"WP86Admin\" \/>\n\t<meta name=\"twitter:label2\" content=\"Dur\u00e9e de lecture estim\u00e9e\" \/>\n\t<meta name=\"twitter:data2\" content=\"5 minutes\" \/>\n<script type=\"application\/ld+json\" class=\"yoast-schema-graph\">{\"@context\":\"https:\/\/schema.org\",\"@graph\":[{\"@type\":\"WebPage\",\"@id\":\"https:\/\/snuipp86.fr\/index.php\/2008\/11\/30\/lidentifiant-national-lve-ine\/\",\"url\":\"https:\/\/snuipp86.fr\/index.php\/2008\/11\/30\/lidentifiant-national-lve-ine\/\",\"name\":\"l'identifiant national \u00e9l\u00e8ve (INE) - FSU-SNUipp 86\",\"isPartOf\":{\"@id\":\"https:\/\/snuipp86.fr\/#website\"},\"primaryImageOfPage\":{\"@id\":\"https:\/\/snuipp86.fr\/index.php\/2008\/11\/30\/lidentifiant-national-lve-ine\/#primaryimage\"},\"image\":{\"@id\":\"https:\/\/snuipp86.fr\/index.php\/2008\/11\/30\/lidentifiant-national-lve-ine\/#primaryimage\"},\"thumbnailUrl\":\"http:\/\/snuipp86.fr\/wp-content\/spip\/cache-vignettes\/L481xH413\/echanges_be1d_bnie-93daf-89149.gif\",\"datePublished\":\"2008-11-30T06:43:00+00:00\",\"author\":{\"@id\":\"https:\/\/snuipp86.fr\/#\/schema\/person\/901b28b9ae1c7a63a6a940102e52a7a2\"},\"breadcrumb\":{\"@id\":\"https:\/\/snuipp86.fr\/index.php\/2008\/11\/30\/lidentifiant-national-lve-ine\/#breadcrumb\"},\"inLanguage\":\"fr-FR\",\"potentialAction\":[{\"@type\":\"ReadAction\",\"target\":[\"https:\/\/snuipp86.fr\/index.php\/2008\/11\/30\/lidentifiant-national-lve-ine\/\"]}]},{\"@type\":\"ImageObject\",\"inLanguage\":\"fr-FR\",\"@id\":\"https:\/\/snuipp86.fr\/index.php\/2008\/11\/30\/lidentifiant-national-lve-ine\/#primaryimage\",\"url\":\"http:\/\/snuipp86.fr\/wp-content\/spip\/cache-vignettes\/L481xH413\/echanges_be1d_bnie-93daf-89149.gif\",\"contentUrl\":\"http:\/\/snuipp86.fr\/wp-content\/spip\/cache-vignettes\/L481xH413\/echanges_be1d_bnie-93daf-89149.gif\"},{\"@type\":\"BreadcrumbList\",\"@id\":\"https:\/\/snuipp86.fr\/index.php\/2008\/11\/30\/lidentifiant-national-lve-ine\/#breadcrumb\",\"itemListElement\":[{\"@type\":\"ListItem\",\"position\":1,\"name\":\"Accueil\",\"item\":\"https:\/\/snuipp86.fr\/\"},{\"@type\":\"ListItem\",\"position\":2,\"name\":\"l&#8217;identifiant national \u00e9l\u00e8ve (INE)\"}]},{\"@type\":\"WebSite\",\"@id\":\"https:\/\/snuipp86.fr\/#website\",\"url\":\"https:\/\/snuipp86.fr\/\",\"name\":\"FSU-SNUipp 86\",\"description\":\"Des id\u00e9es qui font l&#039;\u00e9cole\",\"potentialAction\":[{\"@type\":\"SearchAction\",\"target\":{\"@type\":\"EntryPoint\",\"urlTemplate\":\"https:\/\/snuipp86.fr\/?s={search_term_string}\"},\"query-input\":{\"@type\":\"PropertyValueSpecification\",\"valueRequired\":true,\"valueName\":\"search_term_string\"}}],\"inLanguage\":\"fr-FR\"},{\"@type\":\"Person\",\"@id\":\"https:\/\/snuipp86.fr\/#\/schema\/person\/901b28b9ae1c7a63a6a940102e52a7a2\",\"name\":\"WP86Admin\",\"image\":{\"@type\":\"ImageObject\",\"inLanguage\":\"fr-FR\",\"@id\":\"https:\/\/snuipp86.fr\/#\/schema\/person\/image\/\",\"url\":\"https:\/\/secure.gravatar.com\/avatar\/0099845c7ec05dc10d777d8ab4f5142c5ba316283821af2459738ad469a37a1a?s=96&d=mm&r=g\",\"contentUrl\":\"https:\/\/secure.gravatar.com\/avatar\/0099845c7ec05dc10d777d8ab4f5142c5ba316283821af2459738ad469a37a1a?s=96&d=mm&r=g\",\"caption\":\"WP86Admin\"},\"url\":\"https:\/\/snuipp86.fr\/index.php\/author\/wp86admin\/\"}]}<\/script>\n<!-- \/ Yoast SEO plugin. -->","yoast_head_json":{"title":"l'identifiant national \u00e9l\u00e8ve (INE) - FSU-SNUipp 86","robots":{"index":"index","follow":"follow","max-snippet":"max-snippet:-1","max-image-preview":"max-image-preview:large","max-video-preview":"max-video-preview:-1"},"canonical":"https:\/\/snuipp86.fr\/index.php\/2008\/11\/30\/lidentifiant-national-lve-ine\/","og_locale":"fr_FR","og_type":"article","og_title":"l'identifiant national \u00e9l\u00e8ve (INE) - FSU-SNUipp 86","og_description":"L'identifiant national \u00e9l\u00e8ve (INE) est un num\u00e9ro attribu\u00e9 \u00e0 chaque enfant\/\u00e9l\u00e8ve au moment o\u00f9 il entre dans le syst\u00e8me \u00e9ducatif. La proc\u00e9dure d'affectation d'un INE \u00e0 un enfant qui entre en primaire est expos\u00e9e ci-dessous \u00e0 partir de documents \u00e9manant du MEN. Ce num\u00e9ro lui servira d'identifiant \u00e0 l'int\u00e9rieur du syst\u00e8me \u00e9ducatif tout au long de son parcours scolaire. A terme, ces num\u00e9ros INE permettront au minist\u00e8re de constituer un r\u00e9pertoire national (...) - Base El\u00e8ves","og_url":"https:\/\/snuipp86.fr\/index.php\/2008\/11\/30\/lidentifiant-national-lve-ine\/","og_site_name":"FSU-SNUipp 86","article_published_time":"2008-11-30T06:43:00+00:00","og_image":[{"url":"http:\/\/snuipp86.fr\/wp-content\/spip\/cache-vignettes\/L481xH413\/echanges_be1d_bnie-93daf-89149.gif","type":"","width":"","height":""}],"author":"WP86Admin","twitter_card":"summary_large_image","twitter_misc":{"\u00c9crit par":"WP86Admin","Dur\u00e9e de lecture estim\u00e9e":"5 minutes"},"schema":{"@context":"https:\/\/schema.org","@graph":[{"@type":"WebPage","@id":"https:\/\/snuipp86.fr\/index.php\/2008\/11\/30\/lidentifiant-national-lve-ine\/","url":"https:\/\/snuipp86.fr\/index.php\/2008\/11\/30\/lidentifiant-national-lve-ine\/","name":"l'identifiant national \u00e9l\u00e8ve (INE) - FSU-SNUipp 86","isPartOf":{"@id":"https:\/\/snuipp86.fr\/#website"},"primaryImageOfPage":{"@id":"https:\/\/snuipp86.fr\/index.php\/2008\/11\/30\/lidentifiant-national-lve-ine\/#primaryimage"},"image":{"@id":"https:\/\/snuipp86.fr\/index.php\/2008\/11\/30\/lidentifiant-national-lve-ine\/#primaryimage"},"thumbnailUrl":"http:\/\/snuipp86.fr\/wp-content\/spip\/cache-vignettes\/L481xH413\/echanges_be1d_bnie-93daf-89149.gif","datePublished":"2008-11-30T06:43:00+00:00","author":{"@id":"https:\/\/snuipp86.fr\/#\/schema\/person\/901b28b9ae1c7a63a6a940102e52a7a2"},"breadcrumb":{"@id":"https:\/\/snuipp86.fr\/index.php\/2008\/11\/30\/lidentifiant-national-lve-ine\/#breadcrumb"},"inLanguage":"fr-FR","potentialAction":[{"@type":"ReadAction","target":["https:\/\/snuipp86.fr\/index.php\/2008\/11\/30\/lidentifiant-national-lve-ine\/"]}]},{"@type":"ImageObject","inLanguage":"fr-FR","@id":"https:\/\/snuipp86.fr\/index.php\/2008\/11\/30\/lidentifiant-national-lve-ine\/#primaryimage","url":"http:\/\/snuipp86.fr\/wp-content\/spip\/cache-vignettes\/L481xH413\/echanges_be1d_bnie-93daf-89149.gif","contentUrl":"http:\/\/snuipp86.fr\/wp-content\/spip\/cache-vignettes\/L481xH413\/echanges_be1d_bnie-93daf-89149.gif"},{"@type":"BreadcrumbList","@id":"https:\/\/snuipp86.fr\/index.php\/2008\/11\/30\/lidentifiant-national-lve-ine\/#breadcrumb","itemListElement":[{"@type":"ListItem","position":1,"name":"Accueil","item":"https:\/\/snuipp86.fr\/"},{"@type":"ListItem","position":2,"name":"l&#8217;identifiant national \u00e9l\u00e8ve (INE)"}]},{"@type":"WebSite","@id":"https:\/\/snuipp86.fr\/#website","url":"https:\/\/snuipp86.fr\/","name":"FSU-SNUipp 86","description":"Des id\u00e9es qui font l&#039;\u00e9cole","potentialAction":[{"@type":"SearchAction","target":{"@type":"EntryPoint","urlTemplate":"https:\/\/snuipp86.fr\/?s={search_term_string}"},"query-input":{"@type":"PropertyValueSpecification","valueRequired":true,"valueName":"search_term_string"}}],"inLanguage":"fr-FR"},{"@type":"Person","@id":"https:\/\/snuipp86.fr\/#\/schema\/person\/901b28b9ae1c7a63a6a940102e52a7a2","name":"WP86Admin","image":{"@type":"ImageObject","inLanguage":"fr-FR","@id":"https:\/\/snuipp86.fr\/#\/schema\/person\/image\/","url":"https:\/\/secure.gravatar.com\/avatar\/0099845c7ec05dc10d777d8ab4f5142c5ba316283821af2459738ad469a37a1a?s=96&d=mm&r=g","contentUrl":"https:\/\/secure.gravatar.com\/avatar\/0099845c7ec05dc10d777d8ab4f5142c5ba316283821af2459738ad469a37a1a?s=96&d=mm&r=g","caption":"WP86Admin"},"url":"https:\/\/snuipp86.fr\/index.php\/author\/wp86admin\/"}]}},"_links":{"self":[{"href":"https:\/\/snuipp86.fr\/index.php\/wp-json\/wp\/v2\/posts\/1825","targetHints":{"allow":["GET"]}}],"collection":[{"href":"https:\/\/snuipp86.fr\/index.php\/wp-json\/wp\/v2\/posts"}],"about":[{"href":"https:\/\/snuipp86.fr\/index.php\/wp-json\/wp\/v2\/types\/post"}],"author":[{"embeddable":true,"href":"https:\/\/snuipp86.fr\/index.php\/wp-json\/wp\/v2\/users\/1"}],"replies":[{"embeddable":true,"href":"https:\/\/snuipp86.fr\/index.php\/wp-json\/wp\/v2\/comments?post=1825"}],"version-history":[{"count":0,"href":"https:\/\/snuipp86.fr\/index.php\/wp-json\/wp\/v2\/posts\/1825\/revisions"}],"wp:attachment":[{"href":"https:\/\/snuipp86.fr\/index.php\/wp-json\/wp\/v2\/media?parent=1825"}],"wp:term":[{"taxonomy":"category","embeddable":true,"href":"https:\/\/snuipp86.fr\/index.php\/wp-json\/wp\/v2\/categories?post=1825"},{"taxonomy":"post_tag","embeddable":true,"href":"https:\/\/snuipp86.fr\/index.php\/wp-json\/wp\/v2\/tags?post=1825"}],"curies":[{"name":"wp","href":"https:\/\/api.w.org\/{rel}","templated":true}]}}