{"id":184,"date":"2018-03-22T06:37:00","date_gmt":"2018-03-22T06:37:00","guid":{"rendered":"http:\/\/localhost\/wordpress\/2018\/03\/22\/108-heures-epuises-monsieur-le-ministre\/"},"modified":"2018-03-22T06:37:00","modified_gmt":"2018-03-22T06:37:00","slug":"108-heures-epuises-monsieur-le-ministre","status":"publish","type":"post","link":"https:\/\/snuipp86.fr\/index.php\/2018\/03\/22\/108-heures-epuises-monsieur-le-ministre\/","title":{"rendered":"108 heures ? Epuis\u00e9es Monsieur le ministre !"},"content":{"rendered":"<p><img decoding=\"async\" src=\"https:\/\/snuipp86.fr\/wp-content\/spip\/IMG\/arton3822.jpg\" alt=\"\" align=\"right\" width=\"267\" height=\"189\" class=\"spip_logos\" \/><\/p>\n","protected":false},"excerpt":{"rendered":"<p>Sous l&rsquo;horloge de la gare Saint-Lazare ce mercredi 14 mars le SNUipp-FSU a sonn\u00e9 l&rsquo;alarme : en ce jour la grande majorit\u00e9 des enseignants a \u00e9puis\u00e9 le volant des 108 heures institutionnelles pr\u00e9vues par l&rsquo;administration pour assurer leurs missions en dehors du temps pass\u00e9 devant les \u00e9l\u00e8ves. Retrouvez l&rsquo;article avec la vid\u00e9o de l&rsquo;happening ainsi que l&rsquo;annonce du futur compteur pour la profession.<br \/>\n&#8211;<br \/>\n<a href=\"http:\/\/86.snuipp.fr\/spip.php?rubrique125\" rel=\"directory\">Organisation de la semaine scolaire et temps de travail<\/a><br \/>\n\/<br \/>\n<a href=\"http:\/\/86.snuipp.fr\/spip.php?mot323\" rel=\"tag\">Rythmes scolaires<\/a><\/p>\n","protected":false},"author":1,"featured_media":0,"comment_status":"open","ping_status":"open","sticky":false,"template":"","format":"standard","meta":{"footnotes":""},"categories":[14],"tags":[],"class_list":["post-184","post","type-post","status-publish","format-standard","hentry","category-a-la-une"],"yoast_head":"<!-- This site is optimized with the Yoast SEO plugin v26.6 - https:\/\/yoast.com\/wordpress\/plugins\/seo\/ -->\n<title>108 heures ? Epuis\u00e9es Monsieur le ministre ! - FSU-SNUipp 86<\/title>\n<meta name=\"robots\" content=\"index, follow, max-snippet:-1, max-image-preview:large, max-video-preview:-1\" \/>\n<link rel=\"canonical\" href=\"https:\/\/snuipp86.fr\/index.php\/2018\/03\/22\/108-heures-epuises-monsieur-le-ministre\/\" \/>\n<meta property=\"og:locale\" content=\"fr_FR\" \/>\n<meta property=\"og:type\" content=\"article\" \/>\n<meta property=\"og:title\" content=\"108 heures ? Epuis\u00e9es Monsieur le ministre ! - FSU-SNUipp 86\" \/>\n<meta property=\"og:description\" content=\"Sous l&#039;horloge de la gare Saint-Lazare ce mercredi 14 mars le SNUipp-FSU a sonn\u00e9 l&#039;alarme : en ce jour la grande majorit\u00e9 des enseignants a \u00e9puis\u00e9 le volant des 108 heures institutionnelles pr\u00e9vues par l&#039;administration pour assurer leurs missions en dehors du temps pass\u00e9 devant les \u00e9l\u00e8ves. Retrouvez l&#039;article avec la vid\u00e9o de l&#039;happening ainsi que l&#039;annonce du futur compteur pour la profession. - Organisation de la semaine scolaire et temps de travail \/ Rythmes scolaires\" \/>\n<meta property=\"og:url\" content=\"https:\/\/snuipp86.fr\/index.php\/2018\/03\/22\/108-heures-epuises-monsieur-le-ministre\/\" \/>\n<meta property=\"og:site_name\" content=\"FSU-SNUipp 86\" \/>\n<meta property=\"article:published_time\" content=\"2018-03-22T06:37:00+00:00\" \/>\n<meta property=\"og:image\" content=\"http:\/\/snuipp86.fr\/wp-content\/spip\/IMG\/arton3822.jpg\" \/>\n<meta name=\"author\" content=\"WP86Admin\" \/>\n<meta name=\"twitter:card\" content=\"summary_large_image\" \/>\n<meta name=\"twitter:label1\" content=\"\u00c9crit par\" \/>\n\t<meta name=\"twitter:data1\" content=\"WP86Admin\" \/>\n<script type=\"application\/ld+json\" class=\"yoast-schema-graph\">{\"@context\":\"https:\/\/schema.org\",\"@graph\":[{\"@type\":\"WebPage\",\"@id\":\"https:\/\/snuipp86.fr\/index.php\/2018\/03\/22\/108-heures-epuises-monsieur-le-ministre\/\",\"url\":\"https:\/\/snuipp86.fr\/index.php\/2018\/03\/22\/108-heures-epuises-monsieur-le-ministre\/\",\"name\":\"108 heures ? Epuis\u00e9es Monsieur le ministre ! - FSU-SNUipp 86\",\"isPartOf\":{\"@id\":\"https:\/\/snuipp86.fr\/#website\"},\"primaryImageOfPage\":{\"@id\":\"https:\/\/snuipp86.fr\/index.php\/2018\/03\/22\/108-heures-epuises-monsieur-le-ministre\/#primaryimage\"},\"image\":{\"@id\":\"https:\/\/snuipp86.fr\/index.php\/2018\/03\/22\/108-heures-epuises-monsieur-le-ministre\/#primaryimage\"},\"thumbnailUrl\":\"http:\/\/snuipp86.fr\/wp-content\/spip\/IMG\/arton3822.jpg\",\"datePublished\":\"2018-03-22T06:37:00+00:00\",\"author\":{\"@id\":\"https:\/\/snuipp86.fr\/#\/schema\/person\/901b28b9ae1c7a63a6a940102e52a7a2\"},\"breadcrumb\":{\"@id\":\"https:\/\/snuipp86.fr\/index.php\/2018\/03\/22\/108-heures-epuises-monsieur-le-ministre\/#breadcrumb\"},\"inLanguage\":\"fr-FR\",\"potentialAction\":[{\"@type\":\"ReadAction\",\"target\":[\"https:\/\/snuipp86.fr\/index.php\/2018\/03\/22\/108-heures-epuises-monsieur-le-ministre\/\"]}]},{\"@type\":\"ImageObject\",\"inLanguage\":\"fr-FR\",\"@id\":\"https:\/\/snuipp86.fr\/index.php\/2018\/03\/22\/108-heures-epuises-monsieur-le-ministre\/#primaryimage\",\"url\":\"http:\/\/snuipp86.fr\/wp-content\/spip\/IMG\/arton3822.jpg\",\"contentUrl\":\"http:\/\/snuipp86.fr\/wp-content\/spip\/IMG\/arton3822.jpg\"},{\"@type\":\"BreadcrumbList\",\"@id\":\"https:\/\/snuipp86.fr\/index.php\/2018\/03\/22\/108-heures-epuises-monsieur-le-ministre\/#breadcrumb\",\"itemListElement\":[{\"@type\":\"ListItem\",\"position\":1,\"name\":\"Accueil\",\"item\":\"https:\/\/snuipp86.fr\/\"},{\"@type\":\"ListItem\",\"position\":2,\"name\":\"108 heures ? Epuis\u00e9es Monsieur le ministre !\"}]},{\"@type\":\"WebSite\",\"@id\":\"https:\/\/snuipp86.fr\/#website\",\"url\":\"https:\/\/snuipp86.fr\/\",\"name\":\"FSU-SNUipp 86\",\"description\":\"Des id\u00e9es qui font l&#039;\u00e9cole\",\"potentialAction\":[{\"@type\":\"SearchAction\",\"target\":{\"@type\":\"EntryPoint\",\"urlTemplate\":\"https:\/\/snuipp86.fr\/?s={search_term_string}\"},\"query-input\":{\"@type\":\"PropertyValueSpecification\",\"valueRequired\":true,\"valueName\":\"search_term_string\"}}],\"inLanguage\":\"fr-FR\"},{\"@type\":\"Person\",\"@id\":\"https:\/\/snuipp86.fr\/#\/schema\/person\/901b28b9ae1c7a63a6a940102e52a7a2\",\"name\":\"WP86Admin\",\"image\":{\"@type\":\"ImageObject\",\"inLanguage\":\"fr-FR\",\"@id\":\"https:\/\/snuipp86.fr\/#\/schema\/person\/image\/\",\"url\":\"https:\/\/secure.gravatar.com\/avatar\/0099845c7ec05dc10d777d8ab4f5142c5ba316283821af2459738ad469a37a1a?s=96&d=mm&r=g\",\"contentUrl\":\"https:\/\/secure.gravatar.com\/avatar\/0099845c7ec05dc10d777d8ab4f5142c5ba316283821af2459738ad469a37a1a?s=96&d=mm&r=g\",\"caption\":\"WP86Admin\"},\"url\":\"https:\/\/snuipp86.fr\/index.php\/author\/wp86admin\/\"}]}<\/script>\n<!-- \/ Yoast SEO plugin. -->","yoast_head_json":{"title":"108 heures ? Epuis\u00e9es Monsieur le ministre ! - FSU-SNUipp 86","robots":{"index":"index","follow":"follow","max-snippet":"max-snippet:-1","max-image-preview":"max-image-preview:large","max-video-preview":"max-video-preview:-1"},"canonical":"https:\/\/snuipp86.fr\/index.php\/2018\/03\/22\/108-heures-epuises-monsieur-le-ministre\/","og_locale":"fr_FR","og_type":"article","og_title":"108 heures ? Epuis\u00e9es Monsieur le ministre ! - FSU-SNUipp 86","og_description":"Sous l'horloge de la gare Saint-Lazare ce mercredi 14 mars le SNUipp-FSU a sonn\u00e9 l'alarme : en ce jour la grande majorit\u00e9 des enseignants a \u00e9puis\u00e9 le volant des 108 heures institutionnelles pr\u00e9vues par l'administration pour assurer leurs missions en dehors du temps pass\u00e9 devant les \u00e9l\u00e8ves. Retrouvez l'article avec la vid\u00e9o de l'happening ainsi que l'annonce du futur compteur pour la profession. - Organisation de la semaine scolaire et temps de travail \/ Rythmes scolaires","og_url":"https:\/\/snuipp86.fr\/index.php\/2018\/03\/22\/108-heures-epuises-monsieur-le-ministre\/","og_site_name":"FSU-SNUipp 86","article_published_time":"2018-03-22T06:37:00+00:00","og_image":[{"url":"http:\/\/snuipp86.fr\/wp-content\/spip\/IMG\/arton3822.jpg","type":"","width":"","height":""}],"author":"WP86Admin","twitter_card":"summary_large_image","twitter_misc":{"\u00c9crit par":"WP86Admin"},"schema":{"@context":"https:\/\/schema.org","@graph":[{"@type":"WebPage","@id":"https:\/\/snuipp86.fr\/index.php\/2018\/03\/22\/108-heures-epuises-monsieur-le-ministre\/","url":"https:\/\/snuipp86.fr\/index.php\/2018\/03\/22\/108-heures-epuises-monsieur-le-ministre\/","name":"108 heures ? Epuis\u00e9es Monsieur le ministre ! - FSU-SNUipp 86","isPartOf":{"@id":"https:\/\/snuipp86.fr\/#website"},"primaryImageOfPage":{"@id":"https:\/\/snuipp86.fr\/index.php\/2018\/03\/22\/108-heures-epuises-monsieur-le-ministre\/#primaryimage"},"image":{"@id":"https:\/\/snuipp86.fr\/index.php\/2018\/03\/22\/108-heures-epuises-monsieur-le-ministre\/#primaryimage"},"thumbnailUrl":"http:\/\/snuipp86.fr\/wp-content\/spip\/IMG\/arton3822.jpg","datePublished":"2018-03-22T06:37:00+00:00","author":{"@id":"https:\/\/snuipp86.fr\/#\/schema\/person\/901b28b9ae1c7a63a6a940102e52a7a2"},"breadcrumb":{"@id":"https:\/\/snuipp86.fr\/index.php\/2018\/03\/22\/108-heures-epuises-monsieur-le-ministre\/#breadcrumb"},"inLanguage":"fr-FR","potentialAction":[{"@type":"ReadAction","target":["https:\/\/snuipp86.fr\/index.php\/2018\/03\/22\/108-heures-epuises-monsieur-le-ministre\/"]}]},{"@type":"ImageObject","inLanguage":"fr-FR","@id":"https:\/\/snuipp86.fr\/index.php\/2018\/03\/22\/108-heures-epuises-monsieur-le-ministre\/#primaryimage","url":"http:\/\/snuipp86.fr\/wp-content\/spip\/IMG\/arton3822.jpg","contentUrl":"http:\/\/snuipp86.fr\/wp-content\/spip\/IMG\/arton3822.jpg"},{"@type":"BreadcrumbList","@id":"https:\/\/snuipp86.fr\/index.php\/2018\/03\/22\/108-heures-epuises-monsieur-le-ministre\/#breadcrumb","itemListElement":[{"@type":"ListItem","position":1,"name":"Accueil","item":"https:\/\/snuipp86.fr\/"},{"@type":"ListItem","position":2,"name":"108 heures ? Epuis\u00e9es Monsieur le ministre !"}]},{"@type":"WebSite","@id":"https:\/\/snuipp86.fr\/#website","url":"https:\/\/snuipp86.fr\/","name":"FSU-SNUipp 86","description":"Des id\u00e9es qui font l&#039;\u00e9cole","potentialAction":[{"@type":"SearchAction","target":{"@type":"EntryPoint","urlTemplate":"https:\/\/snuipp86.fr\/?s={search_term_string}"},"query-input":{"@type":"PropertyValueSpecification","valueRequired":true,"valueName":"search_term_string"}}],"inLanguage":"fr-FR"},{"@type":"Person","@id":"https:\/\/snuipp86.fr\/#\/schema\/person\/901b28b9ae1c7a63a6a940102e52a7a2","name":"WP86Admin","image":{"@type":"ImageObject","inLanguage":"fr-FR","@id":"https:\/\/snuipp86.fr\/#\/schema\/person\/image\/","url":"https:\/\/secure.gravatar.com\/avatar\/0099845c7ec05dc10d777d8ab4f5142c5ba316283821af2459738ad469a37a1a?s=96&d=mm&r=g","contentUrl":"https:\/\/secure.gravatar.com\/avatar\/0099845c7ec05dc10d777d8ab4f5142c5ba316283821af2459738ad469a37a1a?s=96&d=mm&r=g","caption":"WP86Admin"},"url":"https:\/\/snuipp86.fr\/index.php\/author\/wp86admin\/"}]}},"_links":{"self":[{"href":"https:\/\/snuipp86.fr\/index.php\/wp-json\/wp\/v2\/posts\/184","targetHints":{"allow":["GET"]}}],"collection":[{"href":"https:\/\/snuipp86.fr\/index.php\/wp-json\/wp\/v2\/posts"}],"about":[{"href":"https:\/\/snuipp86.fr\/index.php\/wp-json\/wp\/v2\/types\/post"}],"author":[{"embeddable":true,"href":"https:\/\/snuipp86.fr\/index.php\/wp-json\/wp\/v2\/users\/1"}],"replies":[{"embeddable":true,"href":"https:\/\/snuipp86.fr\/index.php\/wp-json\/wp\/v2\/comments?post=184"}],"version-history":[{"count":0,"href":"https:\/\/snuipp86.fr\/index.php\/wp-json\/wp\/v2\/posts\/184\/revisions"}],"wp:attachment":[{"href":"https:\/\/snuipp86.fr\/index.php\/wp-json\/wp\/v2\/media?parent=184"}],"wp:term":[{"taxonomy":"category","embeddable":true,"href":"https:\/\/snuipp86.fr\/index.php\/wp-json\/wp\/v2\/categories?post=184"},{"taxonomy":"post_tag","embeddable":true,"href":"https:\/\/snuipp86.fr\/index.php\/wp-json\/wp\/v2\/tags?post=184"}],"curies":[{"name":"wp","href":"https:\/\/api.w.org\/{rel}","templated":true}]}}