{"id":18842,"date":"2020-05-07T07:58:51","date_gmt":"2020-05-07T05:58:51","guid":{"rendered":"http:\/\/snuipp86.fr\/?p=18842"},"modified":"2020-05-08T07:59:37","modified_gmt":"2020-05-08T05:59:37","slug":"capd-le-14-mai-hors-classe-la-direction-cfp-dispositif-sante","status":"publish","type":"post","link":"https:\/\/snuipp86.fr\/index.php\/2020\/05\/07\/capd-le-14-mai-hors-classe-la-direction-cfp-dispositif-sante\/","title":{"rendered":"CAPD le 14 mai : Hors Classe, LA Direction, CFP, dispositif sant\u00e9 &#8230;"},"content":{"rendered":"<div class=\"yiv7867483059ox-c4d126f5be-yahoo-style-wrap\">\n<div dir=\"ltr\">\n<div>\n<p>La prochaine CAPD, initialement pr\u00e9vue le 11 mai, se tiendra le 14 mai.<\/p>\n<p>Un groupe de travail pr\u00e9paratoire s\u2019est tenu ce mardi 5 mai<\/p>\n<ul>\n<li style=\"list-style-type: none;\">\n<ul>\n<li><strong>Hors classe<\/strong> : l\u2019administration a officialis\u00e9 l\u2019augmentation de promotions pour cette ann\u00e9e + 22 (116 promotions contre 94 l\u2019ann\u00e9e <strong><img decoding=\"async\" class=\"size-medium wp-image-18792 alignleft\" src=\"https:\/\/snuipp86.fr\/wp-content\/uploads\/2020\/05\/hors-classe-300x150.jpg\" alt=\"\" width=\"300\" height=\"150\" srcset=\"https:\/\/snuipp86.fr\/wp-content\/uploads\/2020\/05\/hors-classe-200x100.jpg 200w, https:\/\/snuipp86.fr\/wp-content\/uploads\/2020\/05\/hors-classe-300x150.jpg 300w, https:\/\/snuipp86.fr\/wp-content\/uploads\/2020\/05\/hors-classe.jpg 318w\" sizes=\"(max-width: 300px) 100vw, 300px\" \/><\/strong>derni\u00e8re). Cela est d\u00fb \u00e0 la fois \u00e0 l\u2019augmentation du nombre de promouvables (686 promouvables contre 624 en 2019) et \u00e0 l&rsquo;augmentation des taux de promotion suite aux accords PPCR sign\u00e9s par la FSU (17% contre 15.1% en 2019).\u00a0 Lors de ce groupe de travail, le SNUipp-FSU 86 a redemand\u00e9 et obtenu que les crit\u00e8res que nous avions r\u00e9ussis \u00e0 obtenir l\u2019ann\u00e9e derni\u00e8re soient reconduits : promotions hors bar\u00e8me des retraitables pour esp\u00e9rer partir avec une meilleure pension, premier crit\u00e8re de d\u00e9partage par l\u2019Anciennet\u00e9 G\u00e9n\u00e9rale de Service compl\u00e8te (ann\u00e9es de PE mais aussi d\u2019instit). Gr\u00e2ce aux donn\u00e9es fournies par nos coll\u00e8gues dans les fiches de contr\u00f4le, le SNUipp-FSU 86 a fait remonter des erreurs sur le calcul de bar\u00e8me de coll\u00e8gues et m\u00eame sur l\u2019AGS d\u2019une coll\u00e8gue (erreur de copier-coller de l\u2019administration&#8230;). Le SNUipp-FSU 86 a fait remonter aussi le d\u00e9saccord de 2 coll\u00e8gues avec l\u2019avis de l\u2019IA.<br \/>\n<span style=\"color: #ff0000;\">Le SNUipp-FSU 86 enverra\u00a0 l\u2019annonce du r\u00e9sultat \u00e0 tou-tes les coll\u00e8gues syndiqu\u00e9-es qui seront promu-es et le r\u00e9sultat, positif ou n\u00e9gatif et \u00e0 tous les coll\u00e8gues qui auront rempli une fiche de contr\u00f4le : <a href=\"https:\/\/e-hors-classe.snuipp.fr\/86\/controle\" target=\"_blank\" rel=\"nofollow noopener noreferrer\" shape=\"rect\">https:\/\/e-hors-classe.snuipp.fr\/86\/controle<\/a><\/span><\/li>\n<\/ul>\n<\/li>\n<\/ul>\n<p>&nbsp;<\/p>\n<ul>\n<li><strong>Liste d\u2019Aptitude Direction<\/strong> <img decoding=\"async\" class=\" wp-image-18843 alignleft\" src=\"https:\/\/snuipp86.fr\/wp-content\/uploads\/2020\/05\/direction-logo.png\" alt=\"\" width=\"118\" height=\"102\" srcset=\"https:\/\/snuipp86.fr\/wp-content\/uploads\/2020\/05\/direction-logo-200x173.png 200w, https:\/\/snuipp86.fr\/wp-content\/uploads\/2020\/05\/direction-logo.png 241w\" sizes=\"(max-width: 118px) 100vw, 118px\" \/>: La liste d\u2019aptitude permet d\u2019\u00eatre nomm\u00e9-e \u00e0 titre d\u00e9finitif sur un poste de direction.<br \/>\n<span style=\"color: #ff0000;\">Le SNUipp-FSU 86 a fait remonter la probl\u00e9matique pour les coll\u00e8gues de conna\u00eetre les r\u00e9sultats si tard alors que le mouvement aura d\u00e9j\u00e0 d\u00e9but\u00e9 \u2026 contactez-nous \u00e0 l\u2019issue de la CAPD pour conna\u00eetre votre r\u00e9sultat.<\/span><\/li>\n<\/ul>\n<p>&nbsp;<\/p>\n<ul>\n<li><strong>Cong\u00e9s formation professionnelle<\/strong> : l\u2019administration est revenue sur 4 remont\u00e9es du SNUipp-FSU 86 lors du groupe de travail pr\u00e9c\u00e9dent, en accordant 2 ajouts de crit\u00e8re<img decoding=\"async\" class=\"size-full wp-image-18844 alignleft\" src=\"https:\/\/snuipp86.fr\/wp-content\/uploads\/2020\/05\/cong\u00e9-formation.png\" alt=\"\" width=\"119\" height=\"150\" \/>s \u00e0 des dossiers mais en les refusant sur les 2 autres dossiers. Seul le SNUipp-FSU 86 avait fait des interventions et, en a encore fait \u00e0 ce groupe de travail, sur un dossier dont nous avons eu connaissance qu\u2019\u00e0 l\u2019issue du groupe de travail pr\u00e9c\u00e9dent.<br \/>\n<span style=\"color: #ff0000;\"> Contactez-nous \u00e0 l\u2019issue de la CAPD pour conna\u00eetre votre classement.<\/span><\/li>\n<\/ul>\n<\/div>\n<\/div>\n<\/div>\n<p>&nbsp;<\/p>\n<p>&nbsp;<\/p>\n<blockquote>\n<div class=\"yiv7867483059ox-c4d126f5be-yahoo-style-wrap\">\n<div dir=\"ltr\">\n<div>\n<p><strong>Infos TEMPS PARTIEL et DISPONIBILIT\u00c9<\/strong> : l\u2019administration a indiqu\u00e9 que les r\u00e9ponses \u2026 arriveraient dans les meilleurs d\u00e9lais \u00a0 :\/ \u00a0 M. Monlun a pr\u00e9cis\u00e9 qu\u2019ils esp\u00e9raient que cela soit le cas d\u2019ici 2 semaines. Pour le SNUipp-FSU 86, cela pose de r\u00e9els probl\u00e8mes pour les coll\u00e8gues, tant en terme de choix pour le mouvement que d\u2019organisations personnelle et professionnelle pour les coll\u00e8gues.<br \/>\n<span style=\"color: #00f;\"> Le SNUipp-FSU 86 accompagnera tou-tes les coll\u00e8gues qui subiraient un refus dans les proc\u00e9dures de recours.<\/span><\/p>\n<p><strong>Dispositifs sant\u00e9<\/strong> : les coll\u00e8gues ont re\u00e7u les r\u00e9ponses concernant les all\u00e8gements de service et certain-es, sur les d\u00e9cisions de PACD et PALD.<br \/>\n<span style=\"color: #00f;\"> Le SNUipp-FSU portera en CAPD les recours que les coll\u00e8gues lui ont demand\u00e9s de porter. <\/span><\/p>\n<\/div>\n<p><strong>Mouvement<\/strong> :le SNUipp-FSU 86 a demand\u00e9 l&rsquo;augmentation du temps d&rsquo;ouverture du serveur comme l&rsquo;ensemble des organisations syndicales. En effet, dans le contexte actuel, une ouverture du 11 au 18 mai seulement du serveur pour effectuer ses voeux, va mettre en difficult\u00e9 un grand nombre de coll\u00e8gues. Le secr\u00e9taire g\u00e9n\u00e9ral transmet la demande \u00e0 l&rsquo;IA.\u00a0<span style=\"color: #ff0000;\"> Le SNUipp-FSU 86 vous incite d&rsquo;ores et d\u00e9j\u00e0 \u00e0<\/span> :<br \/>\n&#8211; remplir et envoyer \u00e0 mouvementdpe5@ac-poitiers.fr vos fiches si n\u00e9cessaires (4 et 5 volontariat, 6 PA, 8 et 9 bonifications) <span class=\"text_exposed_show\"><br \/>\n&#8211; si vous \u00eates titulaire d&rsquo;un poste \u00e0 TD, indiquez votre participation sur notre application comme d\u00e9j\u00e0 20 coll\u00e8gues <a href=\"http:\/\/86mouvement.snuipp.fr\/?fbclid=IwAR14JziGq50-zPYKkgnS3my9lgiw9bZ1Dp-3tfLAfw2S1AOTdYODk7-aJcg\" target=\"_blank\" rel=\"noopener nofollow noreferrer\" data-ft=\"{&quot;tn&quot;:&quot;-U&quot;}\" data-lynx-mode=\"asynclazy\" data-lynx-uri=\"https:\/\/l.facebook.com\/l.php?u=http%3A%2F%2F86mouvement.snuipp.fr%2F%3Ffbclid%3DIwAR14JziGq50-zPYKkgnS3my9lgiw9bZ1Dp-3tfLAfw2S1AOTdYODk7-aJcg&amp;h=AT3Vxkre_yMZ8AQ7hEzGyVbuPZdos_M0gQaw_KjcCQCsG6hkD3j7w8VSZa6f7oX5R-Y2izfQmj00O02C1wNWsmhzOV7RMWXCUiPv94AoQxpwM8eOWFe16w8yIZvcIRx4dToJ0Hx9AKY55RonBlkHF_frzVIwPRs5_A\">http:\/\/86mouvement.snuipp.fr\/<\/a><br \/>\n&#8211; remplir une fiche pour le bar\u00e8me et stockez vos documents sur notre espace \u00ab\u00a0Contr\u00f4le\u00a0\u00bb <a href=\"https:\/\/e-mouvement.snuipp.fr\/86\/controle?fbclid=IwAR2nwKhj9KfBZbDTrvJgN8eA-bCCjgQhSd010oUk7HRgtdREDjFntq12lRE\" target=\"_blank\" rel=\"noopener nofollow noreferrer\" data-ft=\"{&quot;tn&quot;:&quot;-U&quot;}\" data-lynx-mode=\"asynclazy\" data-lynx-uri=\"https:\/\/l.facebook.com\/l.php?u=https%3A%2F%2Fe-mouvement.snuipp.fr%2F86%2Fcontrole%3Ffbclid%3DIwAR2nwKhj9KfBZbDTrvJgN8eA-bCCjgQhSd010oUk7HRgtdREDjFntq12lRE&amp;h=AT3Mx9d3LkTKiwJdIJWXDptWWzba3kWX1GiAfTUCbtfitlFQ1M9hymePJFqL6y8nAWpZDYlvTX2E3pbdWOBYDfh8QJNDT7m8GiUCyBDP66c026Ugg8vCodZKwMeCZWZPLVPlNRooSWxiDzei8zIT3B_xWiAJJirWPQ\">https:\/\/e-mouvement.snuipp.fr\/86\/controle<\/a><\/span><\/p>\n<p>&nbsp;<\/p>\n<p>&nbsp;<\/p>\n<\/div>\n<\/div>\n<\/blockquote>\n<p>&nbsp;<\/p>\n<p><img decoding=\"async\" class=\"alignnone size-full wp-image-17928\" src=\"https:\/\/snuipp86.fr\/wp-content\/uploads\/2019\/10\/img.jpg\" alt=\"\" width=\"166\" height=\"153\" \/><\/p>\n","protected":false},"excerpt":{"rendered":"<p>La prochaine CAPD, initialement pr\u00e9vue le 11 mai, se tiendra le 14 mai. Un groupe de travail pr\u00e9paratoire s\u2019est tenu ce mardi 5 mai Hors classe : l\u2019administration a officialis\u00e9 l\u2019augmentation de promotions pour cette ann\u00e9e + 22 (116 promotions contre 94 l\u2019ann\u00e9e derni\u00e8re). Cela est d\u00fb \u00e0 la fois \u00e0 l\u2019augmentation du nombre de promouvables [&hellip;]<\/p>\n","protected":false},"author":4,"featured_media":18845,"comment_status":"open","ping_status":"open","sticky":false,"template":"","format":"standard","meta":{"footnotes":""},"categories":[14],"tags":[3,8,22,28,40],"class_list":["post-18842","post","type-post","status-publish","format-standard","has-post-thumbnail","hentry","category-a-la-une","tag-capd","tag-direction","tag-droits-des-personnels","tag-mouvement","tag-promotions"],"yoast_head":"<!-- This site is optimized with the Yoast SEO plugin v26.6 - https:\/\/yoast.com\/wordpress\/plugins\/seo\/ -->\n<title>CAPD le 14 mai : Hors Classe, LA Direction, CFP, dispositif sant\u00e9 ... - FSU-SNUipp 86<\/title>\n<meta name=\"robots\" content=\"index, follow, max-snippet:-1, max-image-preview:large, max-video-preview:-1\" \/>\n<link rel=\"canonical\" href=\"https:\/\/snuipp86.fr\/index.php\/2020\/05\/07\/capd-le-14-mai-hors-classe-la-direction-cfp-dispositif-sante\/\" \/>\n<meta property=\"og:locale\" content=\"fr_FR\" \/>\n<meta property=\"og:type\" content=\"article\" \/>\n<meta property=\"og:title\" content=\"CAPD le 14 mai : Hors Classe, LA Direction, CFP, dispositif sant\u00e9 ... - FSU-SNUipp 86\" \/>\n<meta property=\"og:description\" content=\"La prochaine CAPD, initialement pr\u00e9vue le 11 mai, se tiendra le 14 mai. Un groupe de travail pr\u00e9paratoire s\u2019est tenu ce mardi 5 mai Hors classe : l\u2019administration a officialis\u00e9 l\u2019augmentation de promotions pour cette ann\u00e9e + 22 (116 promotions contre 94 l\u2019ann\u00e9e derni\u00e8re). Cela est d\u00fb \u00e0 la fois \u00e0 l\u2019augmentation du nombre de promouvables [&hellip;]\" \/>\n<meta property=\"og:url\" content=\"https:\/\/snuipp86.fr\/index.php\/2020\/05\/07\/capd-le-14-mai-hors-classe-la-direction-cfp-dispositif-sante\/\" \/>\n<meta property=\"og:site_name\" content=\"FSU-SNUipp 86\" \/>\n<meta property=\"article:published_time\" content=\"2020-05-07T05:58:51+00:00\" \/>\n<meta property=\"article:modified_time\" content=\"2020-05-08T05:59:37+00:00\" \/>\n<meta property=\"og:image\" content=\"https:\/\/snuipp86.fr\/wp-content\/uploads\/2020\/05\/capd.jpg\" \/>\n\t<meta property=\"og:image:width\" content=\"264\" \/>\n\t<meta property=\"og:image:height\" content=\"191\" \/>\n\t<meta property=\"og:image:type\" content=\"image\/jpeg\" \/>\n<meta name=\"author\" content=\"Matthieu Menaut\" \/>\n<meta name=\"twitter:card\" content=\"summary_large_image\" \/>\n<meta name=\"twitter:label1\" content=\"\u00c9crit par\" \/>\n\t<meta name=\"twitter:data1\" content=\"Matthieu Menaut\" \/>\n\t<meta name=\"twitter:label2\" content=\"Dur\u00e9e de lecture estim\u00e9e\" \/>\n\t<meta name=\"twitter:data2\" content=\"3 minutes\" \/>\n<script type=\"application\/ld+json\" class=\"yoast-schema-graph\">{\"@context\":\"https:\/\/schema.org\",\"@graph\":[{\"@type\":\"WebPage\",\"@id\":\"https:\/\/snuipp86.fr\/index.php\/2020\/05\/07\/capd-le-14-mai-hors-classe-la-direction-cfp-dispositif-sante\/\",\"url\":\"https:\/\/snuipp86.fr\/index.php\/2020\/05\/07\/capd-le-14-mai-hors-classe-la-direction-cfp-dispositif-sante\/\",\"name\":\"CAPD le 14 mai : Hors Classe, LA Direction, CFP, dispositif sant\u00e9 ... - FSU-SNUipp 86\",\"isPartOf\":{\"@id\":\"https:\/\/snuipp86.fr\/#website\"},\"primaryImageOfPage\":{\"@id\":\"https:\/\/snuipp86.fr\/index.php\/2020\/05\/07\/capd-le-14-mai-hors-classe-la-direction-cfp-dispositif-sante\/#primaryimage\"},\"image\":{\"@id\":\"https:\/\/snuipp86.fr\/index.php\/2020\/05\/07\/capd-le-14-mai-hors-classe-la-direction-cfp-dispositif-sante\/#primaryimage\"},\"thumbnailUrl\":\"https:\/\/snuipp86.fr\/wp-content\/uploads\/2020\/05\/capd.jpg\",\"datePublished\":\"2020-05-07T05:58:51+00:00\",\"dateModified\":\"2020-05-08T05:59:37+00:00\",\"author\":{\"@id\":\"https:\/\/snuipp86.fr\/#\/schema\/person\/5a96b33672b90a1385fd0b096fd5ebcb\"},\"breadcrumb\":{\"@id\":\"https:\/\/snuipp86.fr\/index.php\/2020\/05\/07\/capd-le-14-mai-hors-classe-la-direction-cfp-dispositif-sante\/#breadcrumb\"},\"inLanguage\":\"fr-FR\",\"potentialAction\":[{\"@type\":\"ReadAction\",\"target\":[\"https:\/\/snuipp86.fr\/index.php\/2020\/05\/07\/capd-le-14-mai-hors-classe-la-direction-cfp-dispositif-sante\/\"]}]},{\"@type\":\"ImageObject\",\"inLanguage\":\"fr-FR\",\"@id\":\"https:\/\/snuipp86.fr\/index.php\/2020\/05\/07\/capd-le-14-mai-hors-classe-la-direction-cfp-dispositif-sante\/#primaryimage\",\"url\":\"https:\/\/snuipp86.fr\/wp-content\/uploads\/2020\/05\/capd.jpg\",\"contentUrl\":\"https:\/\/snuipp86.fr\/wp-content\/uploads\/2020\/05\/capd.jpg\",\"width\":264,\"height\":191},{\"@type\":\"BreadcrumbList\",\"@id\":\"https:\/\/snuipp86.fr\/index.php\/2020\/05\/07\/capd-le-14-mai-hors-classe-la-direction-cfp-dispositif-sante\/#breadcrumb\",\"itemListElement\":[{\"@type\":\"ListItem\",\"position\":1,\"name\":\"Accueil\",\"item\":\"https:\/\/snuipp86.fr\/\"},{\"@type\":\"ListItem\",\"position\":2,\"name\":\"CAPD le 14 mai : Hors Classe, LA Direction, CFP, dispositif sant\u00e9 &#8230;\"}]},{\"@type\":\"WebSite\",\"@id\":\"https:\/\/snuipp86.fr\/#website\",\"url\":\"https:\/\/snuipp86.fr\/\",\"name\":\"FSU-SNUipp 86\",\"description\":\"Des id\u00e9es qui font l&#039;\u00e9cole\",\"potentialAction\":[{\"@type\":\"SearchAction\",\"target\":{\"@type\":\"EntryPoint\",\"urlTemplate\":\"https:\/\/snuipp86.fr\/?s={search_term_string}\"},\"query-input\":{\"@type\":\"PropertyValueSpecification\",\"valueRequired\":true,\"valueName\":\"search_term_string\"}}],\"inLanguage\":\"fr-FR\"},{\"@type\":\"Person\",\"@id\":\"https:\/\/snuipp86.fr\/#\/schema\/person\/5a96b33672b90a1385fd0b096fd5ebcb\",\"name\":\"Matthieu Menaut\",\"image\":{\"@type\":\"ImageObject\",\"inLanguage\":\"fr-FR\",\"@id\":\"https:\/\/snuipp86.fr\/#\/schema\/person\/image\/\",\"url\":\"https:\/\/secure.gravatar.com\/avatar\/03e70f897b03256ddca91d16c3e33a876c31abbf1b31cb48e60e770f684a04d1?s=96&d=mm&r=g\",\"contentUrl\":\"https:\/\/secure.gravatar.com\/avatar\/03e70f897b03256ddca91d16c3e33a876c31abbf1b31cb48e60e770f684a04d1?s=96&d=mm&r=g\",\"caption\":\"Matthieu Menaut\"},\"url\":\"https:\/\/snuipp86.fr\/index.php\/author\/mmenaut\/\"}]}<\/script>\n<!-- \/ Yoast SEO plugin. -->","yoast_head_json":{"title":"CAPD le 14 mai : Hors Classe, LA Direction, CFP, dispositif sant\u00e9 ... - FSU-SNUipp 86","robots":{"index":"index","follow":"follow","max-snippet":"max-snippet:-1","max-image-preview":"max-image-preview:large","max-video-preview":"max-video-preview:-1"},"canonical":"https:\/\/snuipp86.fr\/index.php\/2020\/05\/07\/capd-le-14-mai-hors-classe-la-direction-cfp-dispositif-sante\/","og_locale":"fr_FR","og_type":"article","og_title":"CAPD le 14 mai : Hors Classe, LA Direction, CFP, dispositif sant\u00e9 ... - FSU-SNUipp 86","og_description":"La prochaine CAPD, initialement pr\u00e9vue le 11 mai, se tiendra le 14 mai. Un groupe de travail pr\u00e9paratoire s\u2019est tenu ce mardi 5 mai Hors classe : l\u2019administration a officialis\u00e9 l\u2019augmentation de promotions pour cette ann\u00e9e + 22 (116 promotions contre 94 l\u2019ann\u00e9e derni\u00e8re). Cela est d\u00fb \u00e0 la fois \u00e0 l\u2019augmentation du nombre de promouvables [&hellip;]","og_url":"https:\/\/snuipp86.fr\/index.php\/2020\/05\/07\/capd-le-14-mai-hors-classe-la-direction-cfp-dispositif-sante\/","og_site_name":"FSU-SNUipp 86","article_published_time":"2020-05-07T05:58:51+00:00","article_modified_time":"2020-05-08T05:59:37+00:00","og_image":[{"width":264,"height":191,"url":"https:\/\/snuipp86.fr\/wp-content\/uploads\/2020\/05\/capd.jpg","type":"image\/jpeg"}],"author":"Matthieu Menaut","twitter_card":"summary_large_image","twitter_misc":{"\u00c9crit par":"Matthieu Menaut","Dur\u00e9e de lecture estim\u00e9e":"3 minutes"},"schema":{"@context":"https:\/\/schema.org","@graph":[{"@type":"WebPage","@id":"https:\/\/snuipp86.fr\/index.php\/2020\/05\/07\/capd-le-14-mai-hors-classe-la-direction-cfp-dispositif-sante\/","url":"https:\/\/snuipp86.fr\/index.php\/2020\/05\/07\/capd-le-14-mai-hors-classe-la-direction-cfp-dispositif-sante\/","name":"CAPD le 14 mai : Hors Classe, LA Direction, CFP, dispositif sant\u00e9 ... - FSU-SNUipp 86","isPartOf":{"@id":"https:\/\/snuipp86.fr\/#website"},"primaryImageOfPage":{"@id":"https:\/\/snuipp86.fr\/index.php\/2020\/05\/07\/capd-le-14-mai-hors-classe-la-direction-cfp-dispositif-sante\/#primaryimage"},"image":{"@id":"https:\/\/snuipp86.fr\/index.php\/2020\/05\/07\/capd-le-14-mai-hors-classe-la-direction-cfp-dispositif-sante\/#primaryimage"},"thumbnailUrl":"https:\/\/snuipp86.fr\/wp-content\/uploads\/2020\/05\/capd.jpg","datePublished":"2020-05-07T05:58:51+00:00","dateModified":"2020-05-08T05:59:37+00:00","author":{"@id":"https:\/\/snuipp86.fr\/#\/schema\/person\/5a96b33672b90a1385fd0b096fd5ebcb"},"breadcrumb":{"@id":"https:\/\/snuipp86.fr\/index.php\/2020\/05\/07\/capd-le-14-mai-hors-classe-la-direction-cfp-dispositif-sante\/#breadcrumb"},"inLanguage":"fr-FR","potentialAction":[{"@type":"ReadAction","target":["https:\/\/snuipp86.fr\/index.php\/2020\/05\/07\/capd-le-14-mai-hors-classe-la-direction-cfp-dispositif-sante\/"]}]},{"@type":"ImageObject","inLanguage":"fr-FR","@id":"https:\/\/snuipp86.fr\/index.php\/2020\/05\/07\/capd-le-14-mai-hors-classe-la-direction-cfp-dispositif-sante\/#primaryimage","url":"https:\/\/snuipp86.fr\/wp-content\/uploads\/2020\/05\/capd.jpg","contentUrl":"https:\/\/snuipp86.fr\/wp-content\/uploads\/2020\/05\/capd.jpg","width":264,"height":191},{"@type":"BreadcrumbList","@id":"https:\/\/snuipp86.fr\/index.php\/2020\/05\/07\/capd-le-14-mai-hors-classe-la-direction-cfp-dispositif-sante\/#breadcrumb","itemListElement":[{"@type":"ListItem","position":1,"name":"Accueil","item":"https:\/\/snuipp86.fr\/"},{"@type":"ListItem","position":2,"name":"CAPD le 14 mai : Hors Classe, LA Direction, CFP, dispositif sant\u00e9 &#8230;"}]},{"@type":"WebSite","@id":"https:\/\/snuipp86.fr\/#website","url":"https:\/\/snuipp86.fr\/","name":"FSU-SNUipp 86","description":"Des id\u00e9es qui font l&#039;\u00e9cole","potentialAction":[{"@type":"SearchAction","target":{"@type":"EntryPoint","urlTemplate":"https:\/\/snuipp86.fr\/?s={search_term_string}"},"query-input":{"@type":"PropertyValueSpecification","valueRequired":true,"valueName":"search_term_string"}}],"inLanguage":"fr-FR"},{"@type":"Person","@id":"https:\/\/snuipp86.fr\/#\/schema\/person\/5a96b33672b90a1385fd0b096fd5ebcb","name":"Matthieu Menaut","image":{"@type":"ImageObject","inLanguage":"fr-FR","@id":"https:\/\/snuipp86.fr\/#\/schema\/person\/image\/","url":"https:\/\/secure.gravatar.com\/avatar\/03e70f897b03256ddca91d16c3e33a876c31abbf1b31cb48e60e770f684a04d1?s=96&d=mm&r=g","contentUrl":"https:\/\/secure.gravatar.com\/avatar\/03e70f897b03256ddca91d16c3e33a876c31abbf1b31cb48e60e770f684a04d1?s=96&d=mm&r=g","caption":"Matthieu Menaut"},"url":"https:\/\/snuipp86.fr\/index.php\/author\/mmenaut\/"}]}},"_links":{"self":[{"href":"https:\/\/snuipp86.fr\/index.php\/wp-json\/wp\/v2\/posts\/18842","targetHints":{"allow":["GET"]}}],"collection":[{"href":"https:\/\/snuipp86.fr\/index.php\/wp-json\/wp\/v2\/posts"}],"about":[{"href":"https:\/\/snuipp86.fr\/index.php\/wp-json\/wp\/v2\/types\/post"}],"author":[{"embeddable":true,"href":"https:\/\/snuipp86.fr\/index.php\/wp-json\/wp\/v2\/users\/4"}],"replies":[{"embeddable":true,"href":"https:\/\/snuipp86.fr\/index.php\/wp-json\/wp\/v2\/comments?post=18842"}],"version-history":[{"count":0,"href":"https:\/\/snuipp86.fr\/index.php\/wp-json\/wp\/v2\/posts\/18842\/revisions"}],"wp:featuredmedia":[{"embeddable":true,"href":"https:\/\/snuipp86.fr\/index.php\/wp-json\/wp\/v2\/media\/18845"}],"wp:attachment":[{"href":"https:\/\/snuipp86.fr\/index.php\/wp-json\/wp\/v2\/media?parent=18842"}],"wp:term":[{"taxonomy":"category","embeddable":true,"href":"https:\/\/snuipp86.fr\/index.php\/wp-json\/wp\/v2\/categories?post=18842"},{"taxonomy":"post_tag","embeddable":true,"href":"https:\/\/snuipp86.fr\/index.php\/wp-json\/wp\/v2\/tags?post=18842"}],"curies":[{"name":"wp","href":"https:\/\/api.w.org\/{rel}","templated":true}]}}