{"id":18939,"date":"2020-05-18T21:20:59","date_gmt":"2020-05-18T19:20:59","guid":{"rendered":"http:\/\/snuipp86.fr\/?p=18939"},"modified":"2020-05-18T22:35:08","modified_gmt":"2020-05-18T20:35:08","slug":"modifications-des-dispositions-relatives-au-conge-parental-et-a-la-disponibilite","status":"publish","type":"post","link":"https:\/\/snuipp86.fr\/index.php\/2020\/05\/18\/modifications-des-dispositions-relatives-au-conge-parental-et-a-la-disponibilite\/","title":{"rendered":"Modifications des dispositions relatives au cong\u00e9 parental et \u00e0 la disponibilit\u00e9\u00a0"},"content":{"rendered":"<h1 style=\"text-align: center;\" align=\"justify\"><span style=\"color: #ff0000;\">Modifications des dispositions relatives au cong\u00e9 parental et \u00e0 la disponibilit\u00e9\u00a0<\/span><\/h1>\n<p align=\"justify\"><span style=\"color: #000000;\"><span style=\"font-family: Arial, serif;\"><u>Textes de r\u00e9f\u00e9rence<\/u><\/span><\/span><span style=\"color: #000000;\"><span style=\"font-family: Arial, serif;\"> :<\/span><\/span><\/p>\n<p align=\"justify\"><span style=\"color: #000000;\"><span style=\"font-family: Arial, serif;\">&#8211; Loi n\u00b0 83-634 du 13 juillet 1983 modifi\u00e9e (droits et obligations des fonctionnaires).<\/span><\/span><\/p>\n<p align=\"justify\"><span style=\"color: #000000;\"><span style=\"font-family: Arial, serif;\">&#8211; Loi n\u00b0 84-16 du 11 janvier 1984 modifi\u00e9e (dispositions statutaires fonction publique de l\u2019\u00c9tat).<\/span><\/span><\/p>\n<p align=\"justify\"><span style=\"color: #000000;\"><span style=\"font-family: Arial, serif;\">&#8211; D\u00e9cret n\u00b0 85-986 du 16 septembre 1985 modifi\u00e9 (r\u00e9gime particulier de certaines positions des fonctionnaires de l\u2019\u00c9tat), article 54.<\/span><\/span><\/p>\n<p align=\"justify\"><span style=\"color: #000000;\"><span style=\"font-family: Arial, serif;\">&#8211; D\u00e9cret n\u00b0 2020-529 du 5 mai 2020 modifiant les dispositions relatives au cong\u00e9 parental des fonctionnaires et \u00e0 la disponibilit\u00e9 pour \u00e9lever un enfant.<\/span><\/span><\/p>\n<p align=\"justify\"><span style=\"color: #000000;\"><span style=\"font-family: Arial, serif;\">Le <\/span><\/span><span style=\"color: #000080;\"><u><a href=\"https:\/\/www.legifrance.gouv.fr\/affichTexte.do?cidTexte=JORFTEXT000041853770&amp;dateTexte=&amp;categorieLien=id\"><span style=\"color: #1155cc;\"><span style=\"font-family: Arial, serif;\">d\u00e9cret n\u00b02020-529<\/span><\/span><\/a><\/u><\/span><span style=\"color: #000000;\"><span style=\"font-family: Arial, serif;\"> du 5 mai 2020 et publi\u00e9 au JO du 7 mai 2020 modifie des dispositions relatives au cong\u00e9 parental des fonctionnaires et \u00e0 la disponibilit\u00e9. Ce d\u00e9cret d\u00e9coule de l&rsquo;article 85 de la loi du 6 ao\u00fbt 2019 dite de \u201ctransformation de la Fonction publique\u201d.<\/span><\/span><\/p>\n<h2><span style=\"color: #0000ff;\"><span style=\"font-family: Arial, serif;\"><b>1.<\/b><\/span> <span style=\"font-family: Arial, serif;\"><u><b>Modifications relatives au c<\/b><\/u><\/span><span style=\"font-family: Arial, serif;\"><u><b>ong\u00e9 parental <\/b><\/u><\/span><span style=\"font-family: Arial, serif;\"><b>:<\/b><\/span><\/span><\/h2>\n<ul>\n<li>\n<p align=\"justify\"><span style=\"color: #000000;\"><span style=\"font-family: Arial, serif;\">le cong\u00e9 parental est d\u00e9sormais accord\u00e9 par p\u00e9riodes <\/span><\/span><span style=\"color: #000000;\"><span style=\"font-family: Arial, serif;\"><b>de 2 \u00e0 6 mois renouvelables <\/b><\/span><\/span><span style=\"color: #000000;\"><span style=\"font-family: Arial, serif;\"><br \/>\n<\/span><\/span><\/p>\n<\/li>\n<li>\n<p align=\"justify\"><a name=\"_GoBack\"><\/a> <span style=\"color: #000000;\"><span style=\"font-family: Arial, serif;\">les demandes de renouvellement doivent \u00eatre pr\u00e9sent\u00e9es au moins <\/span><\/span><span style=\"color: #000000;\"><span style=\"font-family: Arial, serif;\"><b>1 mois<\/b><\/span><\/span><span style=\"color: #000000;\"><span style=\"font-family: Arial, serif;\"> \u00a0avant la fin de la p\u00e9riode de cong\u00e9 parental en cours (au lieu de 2 mois auparavant).<br \/>\n<\/span><\/span><\/p>\n<\/li>\n<li>\n<p align=\"justify\"><span style=\"color: #000000;\"><span style=\"font-family: Arial, serif;\">le cong\u00e9 parental prend fin <\/span><\/span><span style=\"color: #000000;\"><span style=\"font-family: Arial, serif;\">:<\/span><\/span><\/p>\n<\/li>\n<li>\n<p align=\"justify\"><span style=\"color: #000000;\"><span style=\"font-family: Arial, serif;\">aux 3 ans de l\u2019enfant.<\/span><\/span><\/p>\n<\/li>\n<li>\n<p align=\"justify\"><span style=\"color: #000000;\"><span style=\"font-family: Arial, serif;\">3 ans apr\u00e8s l\u2019arriv\u00e9e au foyer d\u2019un enfant de moins de 3 ans adopt\u00e9 ou confi\u00e9 en vue d\u2019une adoption.<\/span><\/span><\/p>\n<\/li>\n<li>\n<p align=\"justify\"><span style=\"color: #000000;\"><span style=\"font-family: Arial, serif;\">1 an apr\u00e8s l\u2019arriv\u00e9e au foyer d\u2019un enfant de plus de 3 ans mais qui n&rsquo;a pas encore atteint l&rsquo;\u00e2ge de la fin de l&rsquo;obligation scolaire, adopt\u00e9 ou confi\u00e9 en vue.<\/span><\/span><\/p>\n<\/li>\n<li>\n<p align=\"justify\"><span style=\"color: #000000;\"><span style=\"font-family: Arial, serif;\">lors de naissances multiples (2 enfants): \u00e0 l\u2019entr\u00e9e en maternelle.<\/span><\/span><\/p>\n<\/li>\n<li>\n<p align=\"justify\"><span style=\"color: #000000;\"><span style=\"font-family: Arial, serif;\">lors de naissances multiples (+ de 2 enfants) ou arriv\u00e9e simultan\u00e9e au foyer d\u2019au moins 3 enfants (adoption ou confi\u00e9 en vue d\u2019adoption): prolongation possible<\/span><\/span> <span style=\"color: #000000;\"><span style=\"font-family: Arial, serif;\">jusqu\u2019au sixi\u00e8me anniversaire du plus jeune enfant.<\/span><\/span><\/p>\n<\/li>\n<\/ul>\n<ul>\n<li>\n<p align=\"justify\"><span style=\"color: #000000;\"><span style=\"font-family: Arial, serif;\"><b>R\u00e9int\u00e9gration <\/b><\/span><\/span><span style=\"color: #000000;\"><span style=\"font-family: Arial, serif;\">: le fonctionnaire est r\u00e9int\u00e9gr\u00e9, \u00e0 sa demande, dans son administration d&rsquo;origine ou de d\u00e9tachement (dans ce dernier cas, il est plac\u00e9 en position de d\u00e9tachement pour une p\u00e9riode au moins \u00e9gale \u00e0 la dur\u00e9e restant \u00e0 courir du d\u00e9tachement initial). Il b\u00e9n\u00e9ficie d&rsquo;un entretien sur les modalit\u00e9s de sa r\u00e9int\u00e9gration au moins 4 semaines avant cette date. Ces dispositions sont aussi applicables si l&rsquo;agent a demand\u00e9 \u00e0 \u00e9courter son cong\u00e9.<\/span><\/span><\/p>\n<\/li>\n<\/ul>\n<p align=\"justify\"><span style=\"color: #000000;\"><span style=\"font-family: Arial, serif;\">La loi 84-16 du 11 janvier 84, dans son article 54 continue d\u2019affirmer qu\u2019au retour de cong\u00e9 parental, un fonctionnaire doit \u00eatre affect\u00e9 au plus pr\u00e8s de son emploi d\u2019origine, N\u00e9anmoins avec la disparition de l\u2019article 57 du d\u00e9cret 85-986 du 16 septembre 1985 qui stipulait : \u201c<\/span><\/span><span style=\"color: #000000;\"><span style=\"font-family: Arial, serif;\"><i>A l&rsquo;expiration du cong\u00e9 parental, le fonctionnaire est r\u00e9int\u00e9gr\u00e9 et r\u00e9affect\u00e9 dans son ancien emploi. Dans le cas o\u00f9 cet emploi ne peut lui \u00eatre propos\u00e9, il est affect\u00e9 dans l&#8217;emploi le plus proche de son dernier lieu de travail.\u201d, <\/i><\/span><\/span><span style=\"color: #000000;\"><span style=\"font-family: Arial, serif;\">il est \u00e0 craindre que les administrations d\u00e9partementales tentent de restreindre les priorit\u00e9s et\/ou les conditions de r\u00e9int\u00e9gration apr\u00e8s cong\u00e9 parental.<\/span><\/span><\/p>\n<ul>\n<li>\n<p align=\"justify\"><span style=\"color: #000000;\"><span style=\"font-family: Arial, serif;\"><b>Avancement <\/b><\/span><\/span><span style=\"color: #000000;\"><span style=\"font-family: Arial, serif;\">: Pour rappel : depuis la loi \u201cde transformation de la Fonction publique\u201d le fonctionnaire garde l&rsquo;int\u00e9gralit\u00e9 de ses droits \u00e0 avancement dans la limite d&rsquo;une dur\u00e9e de cinq ans pour l&rsquo;ensemble de sa carri\u00e8re.<\/span><\/span><\/p>\n<\/li>\n<\/ul>\n<p align=\"justify\"><span style=\"color: #000000;\"><span style=\"font-family: Arial, serif;\">Auparavant, les personnels pouvaient b\u00e9n\u00e9ficier de l\u2019\u00e9quivalent de 2 ans d\u2019avancement (un an la premi\u00e8re ann\u00e9e et pour la moiti\u00e9 les deux ann\u00e9es suivantes) lorsqu\u2019ils prenaient la totalit\u00e9 des 3 ans de cong\u00e9 parental par enfant.<\/span><\/span><\/p>\n<h2><span style=\"color: #0000ff;\"><span style=\"font-family: Arial, serif;\"><u><b>2. Modifications relatives \u00e0 la \u201cdisponibilit\u00e9\u201d :<\/b><\/u><\/span><\/span><\/h2>\n<ul>\n<li>\n<p align=\"justify\"><span style=\"color: #000000;\"><span style=\"font-family: Arial, serif;\">l&rsquo;\u00e2ge de l&rsquo;enfant permettant de b\u00e9n\u00e9ficier d&rsquo;une disponibilit\u00e9 de droit pour \u00e9lever un enfant est modifi\u00e9 : il passe de 8 \u00e0 <\/span><\/span><span style=\"color: #000000;\"><span style=\"font-family: Arial, serif;\"><b>12 ans<\/b><\/span><\/span><span style=\"color: #000000;\"><span style=\"font-family: Arial, serif;\"><b>.<\/b><\/span><\/span><\/p>\n<\/li>\n<\/ul>\n<ul>\n<li>\n<p align=\"justify\"><span style=\"color: #000000;\"><span style=\"font-family: Arial, serif;\">la disponibilit\u00e9 de droit pour donner des soins \u00e0 un ascendant atteint d&rsquo;un handicap n\u00e9cessitant la pr\u00e9sence d&rsquo;une tierce personne est \u00e9largie. Elle est \u00e9tendue d\u00e9sormais <\/span><\/span><span style=\"color: #000000;\"><span style=\"font-family: Arial, serif;\"><b>aux ascendants victimes d&rsquo;un accident ou de \u201cmaladie grave\u201d<\/b><\/span><\/span><span style=\"color: #000000;\"><span style=\"font-family: Arial, serif;\"> n\u00e9cessitant la pr\u00e9sence d&rsquo;une tierce personne.<\/span><\/span><\/p>\n<\/li>\n<li><span style=\"color: #000000;\"><span style=\"font-family: Arial, serif;\">les droits \u00e0 avancement conserv\u00e9s pendant une dur\u00e9e maximale de cinq ans lors d&rsquo;une disponibilit\u00e9 pendant laquelle le fonctionnaire exerce une activit\u00e9 professionnelle ou lors d&rsquo;une disponibilit\u00e9 pour \u00e9lever un enfant concernant les <\/span><\/span><span style=\"color: #000000;\"><span style=\"font-family: Arial, serif;\"><b>avancements d&rsquo;\u00e9chelon et de grade. <\/b><\/span><\/span><span style=\"color: #000000;\"><span style=\"font-family: Arial, serif;\">(voir sur ce sujet la circulaire n\u00b013331 du 18\/04\/19).<\/span><\/span><\/li>\n<\/ul>\n<p><span style=\"color: #000000;\"><span style=\"font-family: Arial, serif;\">Ces nouvelles dispositions sont applicables depuis le 8 mai 2020, \u00e0 l&rsquo;exception des dispositions concernant l&rsquo;avancement d&rsquo;\u00e9chelon et de grade qui elles sont entr\u00e9es en vigueur depuis la publication de la loi du 6 ao\u00fbt 2019 dite de \u201ctransformation de la Fonction publique\u201d.<\/span><\/span><\/p>\n","protected":false},"excerpt":{"rendered":"<p>Modifications des dispositions relatives au cong\u00e9 parental et \u00e0 la disponibilit\u00e9\u00a0 Textes de r\u00e9f\u00e9rence : &#8211; Loi n\u00b0 83-634 du 13 juillet 1983 modifi\u00e9e (droits et obligations des fonctionnaires). &#8211; Loi n\u00b0 84-16 du 11 janvier 1984 modifi\u00e9e (dispositions statutaires fonction publique de l\u2019\u00c9tat). &#8211; D\u00e9cret n\u00b0 85-986 du 16 septembre 1985 modifi\u00e9 (r\u00e9gime particulier de [&hellip;]<\/p>\n","protected":false},"author":4,"featured_media":0,"comment_status":"open","ping_status":"open","sticky":false,"template":"","format":"standard","meta":{"footnotes":""},"categories":[14],"tags":[22],"class_list":["post-18939","post","type-post","status-publish","format-standard","hentry","category-a-la-une","tag-droits-des-personnels"],"yoast_head":"<!-- This site is optimized with the Yoast SEO plugin v26.6 - https:\/\/yoast.com\/wordpress\/plugins\/seo\/ -->\n<title>Modifications des dispositions relatives au cong\u00e9 parental et \u00e0 la disponibilit\u00e9\u00a0 - FSU-SNUipp 86<\/title>\n<meta name=\"robots\" content=\"index, follow, max-snippet:-1, max-image-preview:large, max-video-preview:-1\" \/>\n<link rel=\"canonical\" href=\"https:\/\/snuipp86.fr\/index.php\/2020\/05\/18\/modifications-des-dispositions-relatives-au-conge-parental-et-a-la-disponibilite\/\" \/>\n<meta property=\"og:locale\" content=\"fr_FR\" \/>\n<meta property=\"og:type\" content=\"article\" \/>\n<meta property=\"og:title\" content=\"Modifications des dispositions relatives au cong\u00e9 parental et \u00e0 la disponibilit\u00e9\u00a0 - FSU-SNUipp 86\" \/>\n<meta property=\"og:description\" content=\"Modifications des dispositions relatives au cong\u00e9 parental et \u00e0 la disponibilit\u00e9\u00a0 Textes de r\u00e9f\u00e9rence : &#8211; Loi n\u00b0 83-634 du 13 juillet 1983 modifi\u00e9e (droits et obligations des fonctionnaires). &#8211; Loi n\u00b0 84-16 du 11 janvier 1984 modifi\u00e9e (dispositions statutaires fonction publique de l\u2019\u00c9tat). &#8211; D\u00e9cret n\u00b0 85-986 du 16 septembre 1985 modifi\u00e9 (r\u00e9gime particulier de [&hellip;]\" \/>\n<meta property=\"og:url\" content=\"https:\/\/snuipp86.fr\/index.php\/2020\/05\/18\/modifications-des-dispositions-relatives-au-conge-parental-et-a-la-disponibilite\/\" \/>\n<meta property=\"og:site_name\" content=\"FSU-SNUipp 86\" \/>\n<meta property=\"article:published_time\" content=\"2020-05-18T19:20:59+00:00\" \/>\n<meta property=\"article:modified_time\" content=\"2020-05-18T20:35:08+00:00\" \/>\n<meta property=\"og:image\" content=\"https:\/\/snuipp86.fr\/wp-content\/uploads\/2020\/05\/logo-ct.jpg\" \/>\n\t<meta property=\"og:image:width\" content=\"635\" \/>\n\t<meta property=\"og:image:height\" content=\"269\" \/>\n\t<meta property=\"og:image:type\" content=\"image\/jpeg\" \/>\n<meta name=\"author\" content=\"Matthieu Menaut\" \/>\n<meta name=\"twitter:card\" content=\"summary_large_image\" \/>\n<meta name=\"twitter:label1\" content=\"\u00c9crit par\" \/>\n\t<meta name=\"twitter:data1\" content=\"Matthieu Menaut\" \/>\n\t<meta name=\"twitter:label2\" content=\"Dur\u00e9e de lecture estim\u00e9e\" \/>\n\t<meta name=\"twitter:data2\" content=\"4 minutes\" \/>\n<script type=\"application\/ld+json\" class=\"yoast-schema-graph\">{\"@context\":\"https:\/\/schema.org\",\"@graph\":[{\"@type\":\"WebPage\",\"@id\":\"https:\/\/snuipp86.fr\/index.php\/2020\/05\/18\/modifications-des-dispositions-relatives-au-conge-parental-et-a-la-disponibilite\/\",\"url\":\"https:\/\/snuipp86.fr\/index.php\/2020\/05\/18\/modifications-des-dispositions-relatives-au-conge-parental-et-a-la-disponibilite\/\",\"name\":\"Modifications des dispositions relatives au cong\u00e9 parental et \u00e0 la disponibilit\u00e9\u00a0 - FSU-SNUipp 86\",\"isPartOf\":{\"@id\":\"https:\/\/snuipp86.fr\/#website\"},\"datePublished\":\"2020-05-18T19:20:59+00:00\",\"dateModified\":\"2020-05-18T20:35:08+00:00\",\"author\":{\"@id\":\"https:\/\/snuipp86.fr\/#\/schema\/person\/5a96b33672b90a1385fd0b096fd5ebcb\"},\"breadcrumb\":{\"@id\":\"https:\/\/snuipp86.fr\/index.php\/2020\/05\/18\/modifications-des-dispositions-relatives-au-conge-parental-et-a-la-disponibilite\/#breadcrumb\"},\"inLanguage\":\"fr-FR\",\"potentialAction\":[{\"@type\":\"ReadAction\",\"target\":[\"https:\/\/snuipp86.fr\/index.php\/2020\/05\/18\/modifications-des-dispositions-relatives-au-conge-parental-et-a-la-disponibilite\/\"]}]},{\"@type\":\"BreadcrumbList\",\"@id\":\"https:\/\/snuipp86.fr\/index.php\/2020\/05\/18\/modifications-des-dispositions-relatives-au-conge-parental-et-a-la-disponibilite\/#breadcrumb\",\"itemListElement\":[{\"@type\":\"ListItem\",\"position\":1,\"name\":\"Accueil\",\"item\":\"https:\/\/snuipp86.fr\/\"},{\"@type\":\"ListItem\",\"position\":2,\"name\":\"Modifications des dispositions relatives au cong\u00e9 parental et \u00e0 la disponibilit\u00e9\u00a0\"}]},{\"@type\":\"WebSite\",\"@id\":\"https:\/\/snuipp86.fr\/#website\",\"url\":\"https:\/\/snuipp86.fr\/\",\"name\":\"FSU-SNUipp 86\",\"description\":\"Des id\u00e9es qui font l&#039;\u00e9cole\",\"potentialAction\":[{\"@type\":\"SearchAction\",\"target\":{\"@type\":\"EntryPoint\",\"urlTemplate\":\"https:\/\/snuipp86.fr\/?s={search_term_string}\"},\"query-input\":{\"@type\":\"PropertyValueSpecification\",\"valueRequired\":true,\"valueName\":\"search_term_string\"}}],\"inLanguage\":\"fr-FR\"},{\"@type\":\"Person\",\"@id\":\"https:\/\/snuipp86.fr\/#\/schema\/person\/5a96b33672b90a1385fd0b096fd5ebcb\",\"name\":\"Matthieu Menaut\",\"image\":{\"@type\":\"ImageObject\",\"inLanguage\":\"fr-FR\",\"@id\":\"https:\/\/snuipp86.fr\/#\/schema\/person\/image\/\",\"url\":\"https:\/\/secure.gravatar.com\/avatar\/03e70f897b03256ddca91d16c3e33a876c31abbf1b31cb48e60e770f684a04d1?s=96&d=mm&r=g\",\"contentUrl\":\"https:\/\/secure.gravatar.com\/avatar\/03e70f897b03256ddca91d16c3e33a876c31abbf1b31cb48e60e770f684a04d1?s=96&d=mm&r=g\",\"caption\":\"Matthieu Menaut\"},\"url\":\"https:\/\/snuipp86.fr\/index.php\/author\/mmenaut\/\"}]}<\/script>\n<!-- \/ Yoast SEO plugin. -->","yoast_head_json":{"title":"Modifications des dispositions relatives au cong\u00e9 parental et \u00e0 la disponibilit\u00e9\u00a0 - FSU-SNUipp 86","robots":{"index":"index","follow":"follow","max-snippet":"max-snippet:-1","max-image-preview":"max-image-preview:large","max-video-preview":"max-video-preview:-1"},"canonical":"https:\/\/snuipp86.fr\/index.php\/2020\/05\/18\/modifications-des-dispositions-relatives-au-conge-parental-et-a-la-disponibilite\/","og_locale":"fr_FR","og_type":"article","og_title":"Modifications des dispositions relatives au cong\u00e9 parental et \u00e0 la disponibilit\u00e9\u00a0 - FSU-SNUipp 86","og_description":"Modifications des dispositions relatives au cong\u00e9 parental et \u00e0 la disponibilit\u00e9\u00a0 Textes de r\u00e9f\u00e9rence : &#8211; Loi n\u00b0 83-634 du 13 juillet 1983 modifi\u00e9e (droits et obligations des fonctionnaires). &#8211; Loi n\u00b0 84-16 du 11 janvier 1984 modifi\u00e9e (dispositions statutaires fonction publique de l\u2019\u00c9tat). &#8211; D\u00e9cret n\u00b0 85-986 du 16 septembre 1985 modifi\u00e9 (r\u00e9gime particulier de [&hellip;]","og_url":"https:\/\/snuipp86.fr\/index.php\/2020\/05\/18\/modifications-des-dispositions-relatives-au-conge-parental-et-a-la-disponibilite\/","og_site_name":"FSU-SNUipp 86","article_published_time":"2020-05-18T19:20:59+00:00","article_modified_time":"2020-05-18T20:35:08+00:00","og_image":[{"width":635,"height":269,"url":"https:\/\/snuipp86.fr\/wp-content\/uploads\/2020\/05\/logo-ct.jpg","type":"image\/jpeg"}],"author":"Matthieu Menaut","twitter_card":"summary_large_image","twitter_misc":{"\u00c9crit par":"Matthieu Menaut","Dur\u00e9e de lecture estim\u00e9e":"4 minutes"},"schema":{"@context":"https:\/\/schema.org","@graph":[{"@type":"WebPage","@id":"https:\/\/snuipp86.fr\/index.php\/2020\/05\/18\/modifications-des-dispositions-relatives-au-conge-parental-et-a-la-disponibilite\/","url":"https:\/\/snuipp86.fr\/index.php\/2020\/05\/18\/modifications-des-dispositions-relatives-au-conge-parental-et-a-la-disponibilite\/","name":"Modifications des dispositions relatives au cong\u00e9 parental et \u00e0 la disponibilit\u00e9\u00a0 - FSU-SNUipp 86","isPartOf":{"@id":"https:\/\/snuipp86.fr\/#website"},"datePublished":"2020-05-18T19:20:59+00:00","dateModified":"2020-05-18T20:35:08+00:00","author":{"@id":"https:\/\/snuipp86.fr\/#\/schema\/person\/5a96b33672b90a1385fd0b096fd5ebcb"},"breadcrumb":{"@id":"https:\/\/snuipp86.fr\/index.php\/2020\/05\/18\/modifications-des-dispositions-relatives-au-conge-parental-et-a-la-disponibilite\/#breadcrumb"},"inLanguage":"fr-FR","potentialAction":[{"@type":"ReadAction","target":["https:\/\/snuipp86.fr\/index.php\/2020\/05\/18\/modifications-des-dispositions-relatives-au-conge-parental-et-a-la-disponibilite\/"]}]},{"@type":"BreadcrumbList","@id":"https:\/\/snuipp86.fr\/index.php\/2020\/05\/18\/modifications-des-dispositions-relatives-au-conge-parental-et-a-la-disponibilite\/#breadcrumb","itemListElement":[{"@type":"ListItem","position":1,"name":"Accueil","item":"https:\/\/snuipp86.fr\/"},{"@type":"ListItem","position":2,"name":"Modifications des dispositions relatives au cong\u00e9 parental et \u00e0 la disponibilit\u00e9\u00a0"}]},{"@type":"WebSite","@id":"https:\/\/snuipp86.fr\/#website","url":"https:\/\/snuipp86.fr\/","name":"FSU-SNUipp 86","description":"Des id\u00e9es qui font l&#039;\u00e9cole","potentialAction":[{"@type":"SearchAction","target":{"@type":"EntryPoint","urlTemplate":"https:\/\/snuipp86.fr\/?s={search_term_string}"},"query-input":{"@type":"PropertyValueSpecification","valueRequired":true,"valueName":"search_term_string"}}],"inLanguage":"fr-FR"},{"@type":"Person","@id":"https:\/\/snuipp86.fr\/#\/schema\/person\/5a96b33672b90a1385fd0b096fd5ebcb","name":"Matthieu Menaut","image":{"@type":"ImageObject","inLanguage":"fr-FR","@id":"https:\/\/snuipp86.fr\/#\/schema\/person\/image\/","url":"https:\/\/secure.gravatar.com\/avatar\/03e70f897b03256ddca91d16c3e33a876c31abbf1b31cb48e60e770f684a04d1?s=96&d=mm&r=g","contentUrl":"https:\/\/secure.gravatar.com\/avatar\/03e70f897b03256ddca91d16c3e33a876c31abbf1b31cb48e60e770f684a04d1?s=96&d=mm&r=g","caption":"Matthieu Menaut"},"url":"https:\/\/snuipp86.fr\/index.php\/author\/mmenaut\/"}]}},"_links":{"self":[{"href":"https:\/\/snuipp86.fr\/index.php\/wp-json\/wp\/v2\/posts\/18939","targetHints":{"allow":["GET"]}}],"collection":[{"href":"https:\/\/snuipp86.fr\/index.php\/wp-json\/wp\/v2\/posts"}],"about":[{"href":"https:\/\/snuipp86.fr\/index.php\/wp-json\/wp\/v2\/types\/post"}],"author":[{"embeddable":true,"href":"https:\/\/snuipp86.fr\/index.php\/wp-json\/wp\/v2\/users\/4"}],"replies":[{"embeddable":true,"href":"https:\/\/snuipp86.fr\/index.php\/wp-json\/wp\/v2\/comments?post=18939"}],"version-history":[{"count":0,"href":"https:\/\/snuipp86.fr\/index.php\/wp-json\/wp\/v2\/posts\/18939\/revisions"}],"wp:attachment":[{"href":"https:\/\/snuipp86.fr\/index.php\/wp-json\/wp\/v2\/media?parent=18939"}],"wp:term":[{"taxonomy":"category","embeddable":true,"href":"https:\/\/snuipp86.fr\/index.php\/wp-json\/wp\/v2\/categories?post=18939"},{"taxonomy":"post_tag","embeddable":true,"href":"https:\/\/snuipp86.fr\/index.php\/wp-json\/wp\/v2\/tags?post=18939"}],"curies":[{"name":"wp","href":"https:\/\/api.w.org\/{rel}","templated":true}]}}