{"id":18962,"date":"2020-05-20T16:57:29","date_gmt":"2020-05-20T14:57:29","guid":{"rendered":"http:\/\/snuipp86.fr\/?p=18962"},"modified":"2020-05-20T16:57:29","modified_gmt":"2020-05-20T14:57:29","slug":"prime-covid19-qui-pourquoi-quand-comment","status":"publish","type":"post","link":"https:\/\/snuipp86.fr\/index.php\/2020\/05\/20\/prime-covid19-qui-pourquoi-quand-comment\/","title":{"rendered":"Prime \u201cCOVID19\u201d : qui ? pourquoi ? quand ? comment ? &#8230;"},"content":{"rendered":"<p>La DGRH et la DAF ont r\u00e9uni l\u2019ensemble des organisations syndicales repr\u00e9sentatives \u00e0 l\u2019\u00c9ducation nationale pour pr\u00e9senter la d\u00e9clinaison envisag\u00e9e de la prime Covid-19 sur la base du <a href=\"https:\/\/www.legifrance.gouv.fr\/affichTexte.do?cidTexte=JORFTEXT000041880864&amp;dateTexte=&amp;categorieLien=id\"><span style=\"color: #0000ff;\"><u><span style=\"color: #1155cc;\"><span style=\"font-family: Arial, serif;\"><span style=\"font-size: small;\"><b> d\u00e9cret 2020-570<\/b><\/span><\/span><\/span><\/u><\/span><span style=\"color: #0000ff;\"><u><span style=\"color: #1155cc;\"><span style=\"font-family: Arial, serif;\"><span style=\"font-size: small;\"> du 14 mai 2020<\/span><\/span><\/span><\/u><\/span><\/a><span style=\"color: #0000ff;\"><u><span style=\"color: #1155cc;\"><span style=\"font-family: Arial, serif;\"><span style=\"font-size: small;\">.<\/span><\/span><\/span><\/u><\/span><\/p>\n<p>Concernant le Minist\u00e8re de l\u2019\u00c9ducation Nationale (MEN), la prime dont le taux plein est de 1000 euros, modulable en paliers selon la dur\u00e9e de mobilisation (330\/660\/1000 \u20ac) est ouverte \u00e0 l\u2019ensemble des personnels (fonctionnaires, contractuel-les de droit public et priv\u00e9) mais cibl\u00e9e sur celles et ceux particuli\u00e8rement mobilis\u00e9-es durant le confinement (surcroit significatif et quantifiable de travail en pr\u00e9sentiel ou distanciel, participation \u00e0 la gestion de crise, maintien des missions de l\u2019Etat). Le versement sera unique (en ao\u00fbt ou septembre) et les b\u00e9n\u00e9ficiaires d\u00e9termin\u00e9s par le chef de service. L\u2019enveloppe est non ferm\u00e9e. Ce sont les acad\u00e9mies qui pr\u00e9senteront la facture avec un contr\u00f4le de coh\u00e9rence sur les volumes globaux par la DAF (Direction des affaires financi\u00e8res).<\/p>\n<p>Trois populations sont vis\u00e9es :<\/p>\n<ul>\n<li>Celles et ceux ayant assur\u00e9 l\u2019accueil des enfants des personnels indispensables \u00e0 la gestion de la crise (directrices et directeurs, AESH, AED, enseignant-es\u2026) sur la base d\u2019un cadrage national mis en \u0153uvre par les autorit\u00e9s acad\u00e9miques (sans marge de man\u0153uvre ni sur les paliers ni sur les sommes). Il est fond\u00e9 sur le nombre de jours de pr\u00e9sence (le dimanche comptera double)\u00a0: moins de 4 jours pas de prime, de 4 jours \u00e0 9,5 jours 330\u20ac, de 10 jours \u00e0 15,5 jours 660\u20ac et \u00e0 partir de 16 jours 1000\u20ac).<\/li>\n<li>Agent-es r\u00e9quisitionn\u00e9-es pour soins aux malades ou sdf (m\u00e9decins scolaires, infirmi\u00e8res du MEN\u2026), versement de la prime \u00e0 taux plein quelle que soit la dur\u00e9e de pr\u00e9sence.<\/li>\n<li>Agent-es non enseignants des rectorats, DSDEN, GRETA, CFA\u2026 Versement d\u00e8s lors qu\u2019il y a eu un surcroit significatif et quantifiable de travail en pr\u00e9sentiel (agent-es inscrit-es dans le plan de continuit\u00e9, par ex\u00a0: s\u00e9curit\u00e9, entretien, paie, informatique,\u2026) ou en distanciel. Aucun cadrage n\u2019est donn\u00e9, la main est laiss\u00e9e au chef de service.<\/li>\n<\/ul>\n<p>La DGRH a aussi indiqu\u00e9 que le ministre s\u2019exprimera sur la poursuite des chantiers notamment celui de la revalorisation des enseignant-es, li\u00e9 \u00e0 la r\u00e9forme des retraites suspendue.<\/p>\n<p>L\u2019agenda social est relanc\u00e9 avec pour ce qui nous concerne la direction d\u2019\u00e9cole et les AESH.<\/p>\n<p>Nous sommes intervenus pour rappeler que l\u2019engagement des personnels aupr\u00e8s des enfants des personnels indispensables a \u00e9t\u00e9 solidaire et non int\u00e9ress\u00e9 et qu\u2019il ne r\u00e9sume pas \u00e0 lui seul l\u2019engagement de toute la profession. Les enseignant-es et AESH ont travaill\u00e9 sans rel\u00e2che au maintien du lien avec leurs \u00e9l\u00e8ves. Nous avons demand\u00e9 \u00e0 ce que cet engagement quotidien de toutes et de tous plusieurs fois salu\u00e9 publiquement soit reconnu par des gestes forts, notamment par le d\u00e9gel du point d\u2019indice et des mesures en faveur du pouvoir d\u2019achat et de la reconnaissance salariale.<\/p>\n<p>Nous avons d\u00e9nonc\u00e9 le fait que les crit\u00e8res ainsi d\u00e9finis ne permettent pas de prendre en compte celles et ceux qui auraient souhait\u00e9 s\u2019investir mais qui n\u2019ont pas pu (trop de personnel volontaire, probl\u00e8me de sant\u00e9, charge de famille\u2026) ni celles et ceux qui ont pu \u00eatre expos\u00e9-es en appliquant les consignes de leur hi\u00e9rarchie (distribution exercices, accueil des familles, \u2026). Ni d\u2019ailleurs le fait que les enseignant-es et AESH ont d\u00fb utiliser leur propre mat\u00e9riel et connexion personnelle. C\u2019est pourquoi nous avons r\u00e9it\u00e9r\u00e9 notre demande de versement d\u2019une prime d\u2019\u00e9quipement, qui devra \u00eatre p\u00e9rennis\u00e9e, \u00e0 toutes et \u00e0 tous.<\/p>\n<p>Nous avons aussi questionn\u00e9 les modalit\u00e9s de collectes des informations. La DGRH indique que les acad\u00e9mies ont \u00e9t\u00e9 alert\u00e9es il y a plusieurs semaines sur la n\u00e9cessit\u00e9 de collecter ces infos.<\/p>\n<p>Nous avons demand\u00e9 \u00e0 ce que la transparence et l\u2019information des agent.es soit garantie. Sur ce point, le passage par les instances de concertations locales a \u00e9t\u00e9 abord\u00e9e lors d\u2019une concertation avec les SG et DRH acad\u00e9miques.<\/p>\n<p><b>A l\u2019occasion du CTMEN de ce jour, nous avons r\u00e9it\u00e9r\u00e9 notre demande que l\u2019ensemble des personnels soit \u00e9ligible \u00e0 cette prime<\/b>.<\/p>\n<p><img decoding=\"async\" class=\"alignnone size-medium wp-image-18837\" src=\"https:\/\/snuipp86.fr\/wp-content\/uploads\/2020\/05\/logo-ct-300x127.jpg\" alt=\"\" width=\"300\" height=\"127\" \/><\/p>\n<p>&nbsp;<\/p>\n","protected":false},"excerpt":{"rendered":"<p>La DGRH et la DAF ont r\u00e9uni l\u2019ensemble des organisations syndicales repr\u00e9sentatives \u00e0 l\u2019\u00c9ducation nationale pour pr\u00e9senter la d\u00e9clinaison envisag\u00e9e de la prime Covid-19 sur la base du d\u00e9cret 2020-570 du 14 mai 2020. Concernant le Minist\u00e8re de l\u2019\u00c9ducation Nationale (MEN), la prime dont le taux plein est de 1000 euros, modulable en paliers selon la [&hellip;]<\/p>\n","protected":false},"author":4,"featured_media":18498,"comment_status":"open","ping_status":"open","sticky":false,"template":"","format":"standard","meta":{"footnotes":""},"categories":[14],"tags":[38,8,30],"class_list":["post-18962","post","type-post","status-publish","format-standard","has-post-thumbnail","hentry","category-a-la-une","tag-aesh","tag-direction","tag-salaire"],"yoast_head":"<!-- This site is optimized with the Yoast SEO plugin v26.6 - https:\/\/yoast.com\/wordpress\/plugins\/seo\/ -->\n<title>Prime \u201cCOVID19\u201d : qui ? pourquoi ? quand ? comment ? ... - FSU-SNUipp 86<\/title>\n<meta name=\"robots\" content=\"index, follow, max-snippet:-1, max-image-preview:large, max-video-preview:-1\" \/>\n<link rel=\"canonical\" href=\"https:\/\/snuipp86.fr\/index.php\/2020\/05\/20\/prime-covid19-qui-pourquoi-quand-comment\/\" \/>\n<meta property=\"og:locale\" content=\"fr_FR\" \/>\n<meta property=\"og:type\" content=\"article\" \/>\n<meta property=\"og:title\" content=\"Prime \u201cCOVID19\u201d : qui ? pourquoi ? quand ? comment ? ... - FSU-SNUipp 86\" \/>\n<meta property=\"og:description\" content=\"La DGRH et la DAF ont r\u00e9uni l\u2019ensemble des organisations syndicales repr\u00e9sentatives \u00e0 l\u2019\u00c9ducation nationale pour pr\u00e9senter la d\u00e9clinaison envisag\u00e9e de la prime Covid-19 sur la base du d\u00e9cret 2020-570 du 14 mai 2020. Concernant le Minist\u00e8re de l\u2019\u00c9ducation Nationale (MEN), la prime dont le taux plein est de 1000 euros, modulable en paliers selon la [&hellip;]\" \/>\n<meta property=\"og:url\" content=\"https:\/\/snuipp86.fr\/index.php\/2020\/05\/20\/prime-covid19-qui-pourquoi-quand-comment\/\" \/>\n<meta property=\"og:site_name\" content=\"FSU-SNUipp 86\" \/>\n<meta property=\"article:published_time\" content=\"2020-05-20T14:57:29+00:00\" \/>\n<meta property=\"og:image\" content=\"https:\/\/snuipp86.fr\/wp-content\/uploads\/2020\/03\/89863519_1546918408792454_6460125374373167104_n.jpg\" \/>\n\t<meta property=\"og:image:width\" content=\"361\" \/>\n\t<meta property=\"og:image:height\" content=\"492\" \/>\n\t<meta property=\"og:image:type\" content=\"image\/jpeg\" \/>\n<meta name=\"author\" content=\"Matthieu Menaut\" \/>\n<meta name=\"twitter:card\" content=\"summary_large_image\" \/>\n<meta name=\"twitter:label1\" content=\"\u00c9crit par\" \/>\n\t<meta name=\"twitter:data1\" content=\"Matthieu Menaut\" \/>\n\t<meta name=\"twitter:label2\" content=\"Dur\u00e9e de lecture estim\u00e9e\" \/>\n\t<meta name=\"twitter:data2\" content=\"4 minutes\" \/>\n<script type=\"application\/ld+json\" class=\"yoast-schema-graph\">{\"@context\":\"https:\/\/schema.org\",\"@graph\":[{\"@type\":\"WebPage\",\"@id\":\"https:\/\/snuipp86.fr\/index.php\/2020\/05\/20\/prime-covid19-qui-pourquoi-quand-comment\/\",\"url\":\"https:\/\/snuipp86.fr\/index.php\/2020\/05\/20\/prime-covid19-qui-pourquoi-quand-comment\/\",\"name\":\"Prime \u201cCOVID19\u201d : qui ? pourquoi ? quand ? comment ? ... - FSU-SNUipp 86\",\"isPartOf\":{\"@id\":\"https:\/\/snuipp86.fr\/#website\"},\"primaryImageOfPage\":{\"@id\":\"https:\/\/snuipp86.fr\/index.php\/2020\/05\/20\/prime-covid19-qui-pourquoi-quand-comment\/#primaryimage\"},\"image\":{\"@id\":\"https:\/\/snuipp86.fr\/index.php\/2020\/05\/20\/prime-covid19-qui-pourquoi-quand-comment\/#primaryimage\"},\"thumbnailUrl\":\"https:\/\/snuipp86.fr\/wp-content\/uploads\/2020\/03\/89863519_1546918408792454_6460125374373167104_n.jpg\",\"datePublished\":\"2020-05-20T14:57:29+00:00\",\"author\":{\"@id\":\"https:\/\/snuipp86.fr\/#\/schema\/person\/5a96b33672b90a1385fd0b096fd5ebcb\"},\"breadcrumb\":{\"@id\":\"https:\/\/snuipp86.fr\/index.php\/2020\/05\/20\/prime-covid19-qui-pourquoi-quand-comment\/#breadcrumb\"},\"inLanguage\":\"fr-FR\",\"potentialAction\":[{\"@type\":\"ReadAction\",\"target\":[\"https:\/\/snuipp86.fr\/index.php\/2020\/05\/20\/prime-covid19-qui-pourquoi-quand-comment\/\"]}]},{\"@type\":\"ImageObject\",\"inLanguage\":\"fr-FR\",\"@id\":\"https:\/\/snuipp86.fr\/index.php\/2020\/05\/20\/prime-covid19-qui-pourquoi-quand-comment\/#primaryimage\",\"url\":\"https:\/\/snuipp86.fr\/wp-content\/uploads\/2020\/03\/89863519_1546918408792454_6460125374373167104_n.jpg\",\"contentUrl\":\"https:\/\/snuipp86.fr\/wp-content\/uploads\/2020\/03\/89863519_1546918408792454_6460125374373167104_n.jpg\",\"width\":361,\"height\":492},{\"@type\":\"BreadcrumbList\",\"@id\":\"https:\/\/snuipp86.fr\/index.php\/2020\/05\/20\/prime-covid19-qui-pourquoi-quand-comment\/#breadcrumb\",\"itemListElement\":[{\"@type\":\"ListItem\",\"position\":1,\"name\":\"Accueil\",\"item\":\"https:\/\/snuipp86.fr\/\"},{\"@type\":\"ListItem\",\"position\":2,\"name\":\"Prime \u201cCOVID19\u201d : qui ? pourquoi ? quand ? comment ? &#8230;\"}]},{\"@type\":\"WebSite\",\"@id\":\"https:\/\/snuipp86.fr\/#website\",\"url\":\"https:\/\/snuipp86.fr\/\",\"name\":\"FSU-SNUipp 86\",\"description\":\"Des id\u00e9es qui font l&#039;\u00e9cole\",\"potentialAction\":[{\"@type\":\"SearchAction\",\"target\":{\"@type\":\"EntryPoint\",\"urlTemplate\":\"https:\/\/snuipp86.fr\/?s={search_term_string}\"},\"query-input\":{\"@type\":\"PropertyValueSpecification\",\"valueRequired\":true,\"valueName\":\"search_term_string\"}}],\"inLanguage\":\"fr-FR\"},{\"@type\":\"Person\",\"@id\":\"https:\/\/snuipp86.fr\/#\/schema\/person\/5a96b33672b90a1385fd0b096fd5ebcb\",\"name\":\"Matthieu Menaut\",\"image\":{\"@type\":\"ImageObject\",\"inLanguage\":\"fr-FR\",\"@id\":\"https:\/\/snuipp86.fr\/#\/schema\/person\/image\/\",\"url\":\"https:\/\/secure.gravatar.com\/avatar\/03e70f897b03256ddca91d16c3e33a876c31abbf1b31cb48e60e770f684a04d1?s=96&d=mm&r=g\",\"contentUrl\":\"https:\/\/secure.gravatar.com\/avatar\/03e70f897b03256ddca91d16c3e33a876c31abbf1b31cb48e60e770f684a04d1?s=96&d=mm&r=g\",\"caption\":\"Matthieu Menaut\"},\"url\":\"https:\/\/snuipp86.fr\/index.php\/author\/mmenaut\/\"}]}<\/script>\n<!-- \/ Yoast SEO plugin. -->","yoast_head_json":{"title":"Prime \u201cCOVID19\u201d : qui ? pourquoi ? quand ? comment ? ... - FSU-SNUipp 86","robots":{"index":"index","follow":"follow","max-snippet":"max-snippet:-1","max-image-preview":"max-image-preview:large","max-video-preview":"max-video-preview:-1"},"canonical":"https:\/\/snuipp86.fr\/index.php\/2020\/05\/20\/prime-covid19-qui-pourquoi-quand-comment\/","og_locale":"fr_FR","og_type":"article","og_title":"Prime \u201cCOVID19\u201d : qui ? pourquoi ? quand ? comment ? ... - FSU-SNUipp 86","og_description":"La DGRH et la DAF ont r\u00e9uni l\u2019ensemble des organisations syndicales repr\u00e9sentatives \u00e0 l\u2019\u00c9ducation nationale pour pr\u00e9senter la d\u00e9clinaison envisag\u00e9e de la prime Covid-19 sur la base du d\u00e9cret 2020-570 du 14 mai 2020. Concernant le Minist\u00e8re de l\u2019\u00c9ducation Nationale (MEN), la prime dont le taux plein est de 1000 euros, modulable en paliers selon la [&hellip;]","og_url":"https:\/\/snuipp86.fr\/index.php\/2020\/05\/20\/prime-covid19-qui-pourquoi-quand-comment\/","og_site_name":"FSU-SNUipp 86","article_published_time":"2020-05-20T14:57:29+00:00","og_image":[{"width":361,"height":492,"url":"https:\/\/snuipp86.fr\/wp-content\/uploads\/2020\/03\/89863519_1546918408792454_6460125374373167104_n.jpg","type":"image\/jpeg"}],"author":"Matthieu Menaut","twitter_card":"summary_large_image","twitter_misc":{"\u00c9crit par":"Matthieu Menaut","Dur\u00e9e de lecture estim\u00e9e":"4 minutes"},"schema":{"@context":"https:\/\/schema.org","@graph":[{"@type":"WebPage","@id":"https:\/\/snuipp86.fr\/index.php\/2020\/05\/20\/prime-covid19-qui-pourquoi-quand-comment\/","url":"https:\/\/snuipp86.fr\/index.php\/2020\/05\/20\/prime-covid19-qui-pourquoi-quand-comment\/","name":"Prime \u201cCOVID19\u201d : qui ? pourquoi ? quand ? comment ? ... - FSU-SNUipp 86","isPartOf":{"@id":"https:\/\/snuipp86.fr\/#website"},"primaryImageOfPage":{"@id":"https:\/\/snuipp86.fr\/index.php\/2020\/05\/20\/prime-covid19-qui-pourquoi-quand-comment\/#primaryimage"},"image":{"@id":"https:\/\/snuipp86.fr\/index.php\/2020\/05\/20\/prime-covid19-qui-pourquoi-quand-comment\/#primaryimage"},"thumbnailUrl":"https:\/\/snuipp86.fr\/wp-content\/uploads\/2020\/03\/89863519_1546918408792454_6460125374373167104_n.jpg","datePublished":"2020-05-20T14:57:29+00:00","author":{"@id":"https:\/\/snuipp86.fr\/#\/schema\/person\/5a96b33672b90a1385fd0b096fd5ebcb"},"breadcrumb":{"@id":"https:\/\/snuipp86.fr\/index.php\/2020\/05\/20\/prime-covid19-qui-pourquoi-quand-comment\/#breadcrumb"},"inLanguage":"fr-FR","potentialAction":[{"@type":"ReadAction","target":["https:\/\/snuipp86.fr\/index.php\/2020\/05\/20\/prime-covid19-qui-pourquoi-quand-comment\/"]}]},{"@type":"ImageObject","inLanguage":"fr-FR","@id":"https:\/\/snuipp86.fr\/index.php\/2020\/05\/20\/prime-covid19-qui-pourquoi-quand-comment\/#primaryimage","url":"https:\/\/snuipp86.fr\/wp-content\/uploads\/2020\/03\/89863519_1546918408792454_6460125374373167104_n.jpg","contentUrl":"https:\/\/snuipp86.fr\/wp-content\/uploads\/2020\/03\/89863519_1546918408792454_6460125374373167104_n.jpg","width":361,"height":492},{"@type":"BreadcrumbList","@id":"https:\/\/snuipp86.fr\/index.php\/2020\/05\/20\/prime-covid19-qui-pourquoi-quand-comment\/#breadcrumb","itemListElement":[{"@type":"ListItem","position":1,"name":"Accueil","item":"https:\/\/snuipp86.fr\/"},{"@type":"ListItem","position":2,"name":"Prime \u201cCOVID19\u201d : qui ? pourquoi ? quand ? comment ? &#8230;"}]},{"@type":"WebSite","@id":"https:\/\/snuipp86.fr\/#website","url":"https:\/\/snuipp86.fr\/","name":"FSU-SNUipp 86","description":"Des id\u00e9es qui font l&#039;\u00e9cole","potentialAction":[{"@type":"SearchAction","target":{"@type":"EntryPoint","urlTemplate":"https:\/\/snuipp86.fr\/?s={search_term_string}"},"query-input":{"@type":"PropertyValueSpecification","valueRequired":true,"valueName":"search_term_string"}}],"inLanguage":"fr-FR"},{"@type":"Person","@id":"https:\/\/snuipp86.fr\/#\/schema\/person\/5a96b33672b90a1385fd0b096fd5ebcb","name":"Matthieu Menaut","image":{"@type":"ImageObject","inLanguage":"fr-FR","@id":"https:\/\/snuipp86.fr\/#\/schema\/person\/image\/","url":"https:\/\/secure.gravatar.com\/avatar\/03e70f897b03256ddca91d16c3e33a876c31abbf1b31cb48e60e770f684a04d1?s=96&d=mm&r=g","contentUrl":"https:\/\/secure.gravatar.com\/avatar\/03e70f897b03256ddca91d16c3e33a876c31abbf1b31cb48e60e770f684a04d1?s=96&d=mm&r=g","caption":"Matthieu Menaut"},"url":"https:\/\/snuipp86.fr\/index.php\/author\/mmenaut\/"}]}},"_links":{"self":[{"href":"https:\/\/snuipp86.fr\/index.php\/wp-json\/wp\/v2\/posts\/18962","targetHints":{"allow":["GET"]}}],"collection":[{"href":"https:\/\/snuipp86.fr\/index.php\/wp-json\/wp\/v2\/posts"}],"about":[{"href":"https:\/\/snuipp86.fr\/index.php\/wp-json\/wp\/v2\/types\/post"}],"author":[{"embeddable":true,"href":"https:\/\/snuipp86.fr\/index.php\/wp-json\/wp\/v2\/users\/4"}],"replies":[{"embeddable":true,"href":"https:\/\/snuipp86.fr\/index.php\/wp-json\/wp\/v2\/comments?post=18962"}],"version-history":[{"count":0,"href":"https:\/\/snuipp86.fr\/index.php\/wp-json\/wp\/v2\/posts\/18962\/revisions"}],"wp:featuredmedia":[{"embeddable":true,"href":"https:\/\/snuipp86.fr\/index.php\/wp-json\/wp\/v2\/media\/18498"}],"wp:attachment":[{"href":"https:\/\/snuipp86.fr\/index.php\/wp-json\/wp\/v2\/media?parent=18962"}],"wp:term":[{"taxonomy":"category","embeddable":true,"href":"https:\/\/snuipp86.fr\/index.php\/wp-json\/wp\/v2\/categories?post=18962"},{"taxonomy":"post_tag","embeddable":true,"href":"https:\/\/snuipp86.fr\/index.php\/wp-json\/wp\/v2\/tags?post=18962"}],"curies":[{"name":"wp","href":"https:\/\/api.w.org\/{rel}","templated":true}]}}