{"id":18994,"date":"2020-06-22T15:19:55","date_gmt":"2020-06-22T13:19:55","guid":{"rendered":"http:\/\/snuipp86.fr\/?p=18994"},"modified":"2020-06-23T10:27:25","modified_gmt":"2020-06-23T08:27:25","slug":"mouvement-resultats-du-15-juin-information-et-recours","status":"publish","type":"post","link":"https:\/\/snuipp86.fr\/index.php\/2020\/06\/22\/mouvement-resultats-du-15-juin-information-et-recours\/","title":{"rendered":"NOUVEAU : Mouvement Indiquez \u00e0 l&rsquo;IA vos priorit\u00e9s pour la phase d&rsquo;ajustement"},"content":{"rendered":"<h1 style=\"text-align: center;\"><img decoding=\"async\" class=\"size-full wp-image-17928 alignleft\" src=\"https:\/\/snuipp86.fr\/wp-content\/uploads\/2019\/10\/img.jpg\" alt=\"\" width=\"166\" height=\"153\" \/><strong><span style=\"color: #ff0000;\">Mouvement : <\/span><\/strong><\/h1>\n<h1 style=\"text-align: center;\"><strong><span style=\"color: #ff0000;\">R\u00e9sultats du 16 juin, information, recours et les suites<br \/>\n<\/span><\/strong><\/h1>\n<p><strong>Sommaire :\u00a0<\/strong><\/p>\n<ol>\n<li><a href=\"#infos\">Nous informer<\/a><\/li>\n<li><a href=\"#recours\">Possibilit\u00e9 de recours<\/a><\/li>\n<li><a href=\"#nomi\">Nominations d&rsquo;office : \u00e9crivez au DASEN <span style=\"color: #ff0000;\"><span style=\"background-color: #ffff00;\">(NOUVEAU)<\/span><\/span><\/a><\/li>\n<\/ol>\n<ul>\n<li style=\"list-style-type: none;\">\n<ul>\n<li style=\"list-style-type: none;\">\n<ul>\n<li style=\"list-style-type: none;\"><\/li>\n<\/ul>\n<\/li>\n<\/ul>\n<\/li>\n<\/ul>\n<ul>\n<li style=\"list-style-type: none;\">\n<ul>\n<li style=\"list-style-type: none;\">\n<ul>\n<li style=\"list-style-type: none;\"><\/li>\n<\/ul>\n<\/li>\n<\/ul>\n<\/li>\n<\/ul>\n<p><span style=\"color: #000000;\">Suite aux r\u00e9sultats du mouvement, voici quelques explications des suites que vous pouvez donner :<\/span><\/p>\n<h2 id=\"infos\"><span style=\"background-color: #ffff00; color: #000000;\"><strong>1. Nous informer<\/strong> :<\/span><\/h2>\n<p><span style=\"color: #000000;\">Que vous ayez obtenu un poste ou pas, <span style=\"color: #ff0000;\"><strong>il est essentiel que vous nous fassiez remonter votre r\u00e9sultat<\/strong><\/span> afin de nous permettre de vous garantir l\u2019\u00e9quit\u00e9 et la transparence des op\u00e9rations.<\/span><br clear=\"none\" \/><span style=\"color: #000000;\">Plus nous aurons de donn\u00e9es, plus nous serons \u00e0 m\u00eame de vous renseigner, de renseigner l&rsquo;ensemble de la profession l&rsquo;ann\u00e9e prochaine, de rep\u00e9rer des erreurs et de vous aider pour un \u00e9ventuel recours. <\/span><\/p>\n<p><span style=\"color: #ff0000;\"><strong>Si vous avez eu un poste, remplissez l&rsquo;enqu\u00eate ici :<\/strong><\/span> <a href=\"https:\/\/consultation.snuipp.fr\/resultats-mouvement\/86\">https:\/\/consultation.snuipp.fr\/resultats-mouvement\/86<\/a><\/p>\n<p><span style=\"color: #ff0000;\"><strong>Si vous n&rsquo;avez rien obtenu, remplissez celle-ci :<\/strong><\/span> <a href=\"https:\/\/forms.gle\/QxfnAKW5oS5sNWhYA\">https:\/\/forms.gle\/QxfnAKW5oS5sNWhYA<\/a><\/p>\n<h2 id=\"recours\"><span style=\"background-color: #ffff00; color: #000000;\"><strong>2. Possibilit\u00e9s de recours<\/strong><\/span><\/h2>\n<p><span style=\"color: #000000;\"><span style=\"color: #000000;\">Dans ces conditions et en l\u2019absence totale de transparence, <\/span><span style=\"color: #ff0000;\"><strong style=\"color: #ff0000;\">il est impossible pour un coll\u00e8gue de savoir pourquoi il obtient ce <\/strong><span style=\"color: #ff0000;\"><b>v\u0153u<\/b>.<\/span><\/span> <\/span><br clear=\"none\" \/><span style=\"color: #000000;\">Si l\u2019administration s\u2019est engag\u00e9e \u00e0 expliquer les raisons de la non-obtention du v\u0153u 1, elle ne le fera pas pour les v\u0153ux suivants.<\/span><\/p>\n<p><span style=\"color: #000000;\">Un recours est possible si :<\/span><\/p>\n<ul>\n<li><span style=\"color: #000000;\">aucun poste n\u2019est obtenu<\/span><\/li>\n<li><span style=\"color: #000000;\">une affectation est faite sur voeu non formul\u00e9<\/span><\/li>\n<li><span style=\"color: #000000;\">le voeu 1 n\u2019est pas obtenu<\/span><\/li>\n<\/ul>\n<div>\n<div style=\"border: 2px solid #1c75c8; padding: 3px; background-color: #c5ddf6; -moz-border-radius-topleft: 5px; -moz-border-radius-topright: 5px; -moz-border-radius-bottomright: 5px; -moz-border-radius-bottomleft: 5px;\">\n<div><span style=\"color: #000000;\"><strong>Le SNUipp-FSU 86 accompagnera et portera l&rsquo;ensemble des demandes de recours que vous pourrez formuler. <\/strong><\/span><\/div>\n<\/div>\n<\/div>\n<p><span style=\"color: #000000;\">Pour ce faire vous trouverez ci-dessous le mod\u00e8le de recours \u00e0 adapter selon la situation, qui mandate \u00e9galement le SNUipp-FSU 86 pour suivre votre dossier.<\/span><\/p>\n<p><a href=\"https:\/\/snuipp86.fr\/wp-content\/uploads\/2020\/06\/recours_MOUV_2020-snuipp.odt\">recours_MOUV_2020 snuipp<\/a><\/p>\n<p><span style=\"color: #000000;\">Ce recours est \u00e0 adresser \u00e0 <span style=\"color: #0000ff;\">mouvementdpe5@ac-poitiers.fr<\/span> et en m\u00eame temps \u00e0<\/span> <a href=\"mailto:snu86@snuipp.fr\" target=\"_blank\" rel=\"nofollow noopener noreferrer\" shape=\"rect\">snu86@snuipp.fr<\/a><\/p>\n<h2 id=\"nomi\"><span style=\"background-color: #ffff00; color: #000000;\"><strong>3. Nominations d&rsquo;office, c&rsquo;est le 2 juillet : \u00e9crivez \u00e0 l&rsquo;administration (<span style=\"color: #ff0000;\">NOUVEAU<\/span>)<\/strong><\/span><\/h2>\n<p><span style=\"color: #000000;\">La suite des nominations est annonc\u00e9e pour le 2 juillet. L&rsquo;IA proc\u00e8dera aux nominations d&rsquo;office en fonction de certains \u00e9l\u00e9ments : voeu n\u00b01, MUG, adresse personnelle&#8230; Chaque ann\u00e9e, le <a class=\"profileLink\" style=\"color: #000000;\" title=\"Snuipp Fsu Vienne\" href=\"https:\/\/www.facebook.com\/snuippfsu.vienne?__tn__=%2CdK-R-R-R&amp;eid=ARDZwoi6UEY03DNZmycnUdtaJdkLcjIabohxa-EOlkP_pxDiYg9qPLgYRJXdoWCpWmzcKCrsfZnAVUGe&amp;fref=mentions\" data-hovercard=\"\/ajax\/hovercard\/user.php?id=100004229287633&amp;extragetparams=%7B%22__tn__%22%3A%22%2CdK-R-R-R%22%2C%22eid%22%3A%22ARDZwoi6UEY03DNZmycnUdtaJdkLcjIabohxa-EOlkP_pxDiYg9qPLgYRJXdoWCpWmzcKCrsfZnAVUGe%22%2C%22fref%22%3A%22mentions%22%7D\" data-hovercard-prefer-more-content-show=\"1\">SNUipp-FSU 86<\/a> a fait corriger des dizaines d&rsquo;affectations propos\u00e9es par l&rsquo;administration en groupe de travail, gr\u00e2ce aux fiches de contr\u00f4le que vous remplissiez et qui nous permettaient de porter votre parole, vos ch<span class=\"text_exposed_show\">oix, vos pr\u00e9f\u00e9rences. Depuis le 1er janvier, les repr\u00e9sentant-es du personnel sont exclu-es du travail pr\u00e9paratoire, ce que nous continuons \u00e0 combattre et \u00e0 d\u00e9noncer, car cela est forc\u00e9ment une perte pour les coll\u00e8gues, donc pour les \u00e9coles et les \u00e9l\u00e8ves.<\/span><\/span><\/p>\n<p><span class=\"text_exposed_show\" style=\"color: #000000;\">Pour vous permettre d&rsquo;agir et de ne pas subir les nominations<strong>, le SNUipp-FSU 86 vous propose un mod\u00e8le de lettre pour indiquer \u00e0 l&rsquo;administration vos pr\u00e9f\u00e9rences de nomination<\/strong>. Retrouvez le mod\u00e8le ci-dessous \u00e0 adapter, modifier et \u00e0 envoyer \u00e0 mouvementdpe5@ac-poitiers.fr + sa circo + snu86@snuipp.fr<\/span><\/p>\n<p>Mod\u00e8le de lettre \u00e0 t\u00e9l\u00e9charger :\u00a0<a href=\"https:\/\/snuipp86.fr\/wp-content\/uploads\/2020\/06\/lettre-nomination-office-2020-1.odt\">lettre nomination office 2020<\/a><\/p>\n<p><span style=\"color: #ff0000;\">N&rsquo;h\u00e9sitez pas \u00e0 nous contacter pour vous aider dans cette d\u00e9marche.<\/span><\/p>\n<p><img decoding=\"async\" class=\"alignnone size-medium wp-image-18573\" src=\"https:\/\/snuipp86.fr\/wp-content\/uploads\/2020\/03\/Perdu-pour-le-mouvement-NON-grace-au-SNUipp_corps_m-300x225.jpg\" alt=\"\" width=\"300\" height=\"225\" \/><\/p>\n","protected":false},"excerpt":{"rendered":"<p>Suite aux r\u00e9sultats du mouvement, retrouvez sur cette page les infos pour initier un recours, un mod\u00e8le de lettre pour indiquer \u00e0 l&rsquo;IA vos priorit\u00e9s pour les nominations d&rsquo;office ainsi que le formulaire pour nous indiquer le poste que vous avez obtenu. <\/p>\n","protected":false},"author":4,"featured_media":0,"comment_status":"open","ping_status":"open","sticky":false,"template":"","format":"standard","meta":{"footnotes":""},"categories":[14],"tags":[22,28],"class_list":["post-18994","post","type-post","status-publish","format-standard","hentry","category-a-la-une","tag-droits-des-personnels","tag-mouvement"],"yoast_head":"<!-- This site is optimized with the Yoast SEO plugin v26.6 - https:\/\/yoast.com\/wordpress\/plugins\/seo\/ -->\n<title>NOUVEAU : Mouvement Indiquez \u00e0 l&#039;IA vos priorit\u00e9s pour la phase d&#039;ajustement - FSU-SNUipp 86<\/title>\n<meta name=\"robots\" content=\"index, follow, max-snippet:-1, max-image-preview:large, max-video-preview:-1\" \/>\n<link rel=\"canonical\" href=\"https:\/\/snuipp86.fr\/index.php\/2020\/06\/22\/mouvement-resultats-du-15-juin-information-et-recours\/\" \/>\n<meta property=\"og:locale\" content=\"fr_FR\" \/>\n<meta property=\"og:type\" content=\"article\" \/>\n<meta property=\"og:title\" content=\"NOUVEAU : Mouvement Indiquez \u00e0 l&#039;IA vos priorit\u00e9s pour la phase d&#039;ajustement - FSU-SNUipp 86\" \/>\n<meta property=\"og:description\" content=\"Suite aux r\u00e9sultats du mouvement, retrouvez sur cette page les infos pour initier un recours, un mod\u00e8le de lettre pour indiquer \u00e0 l&#039;IA vos priorit\u00e9s pour les nominations d&#039;office ainsi que le formulaire pour nous indiquer le poste que vous avez obtenu.\" \/>\n<meta property=\"og:url\" content=\"https:\/\/snuipp86.fr\/index.php\/2020\/06\/22\/mouvement-resultats-du-15-juin-information-et-recours\/\" \/>\n<meta property=\"og:site_name\" content=\"FSU-SNUipp 86\" \/>\n<meta property=\"article:published_time\" content=\"2020-06-22T13:19:55+00:00\" \/>\n<meta property=\"article:modified_time\" content=\"2020-06-23T08:27:25+00:00\" \/>\n<meta property=\"og:image\" content=\"https:\/\/snuipp86.fr\/wp-content\/uploads\/2020\/03\/Perdu-pour-le-mouvement-NON-grace-au-SNUipp_corps_m-e1588523035841.jpg\" \/>\n\t<meta property=\"og:image:width\" content=\"200\" \/>\n\t<meta property=\"og:image:height\" content=\"150\" \/>\n\t<meta property=\"og:image:type\" content=\"image\/jpeg\" \/>\n<meta name=\"author\" content=\"Matthieu Menaut\" \/>\n<meta name=\"twitter:card\" content=\"summary_large_image\" \/>\n<meta name=\"twitter:label1\" content=\"\u00c9crit par\" \/>\n\t<meta name=\"twitter:data1\" content=\"Matthieu Menaut\" \/>\n\t<meta name=\"twitter:label2\" content=\"Dur\u00e9e de lecture estim\u00e9e\" \/>\n\t<meta name=\"twitter:data2\" content=\"2 minutes\" \/>\n<script type=\"application\/ld+json\" class=\"yoast-schema-graph\">{\"@context\":\"https:\/\/schema.org\",\"@graph\":[{\"@type\":\"WebPage\",\"@id\":\"https:\/\/snuipp86.fr\/index.php\/2020\/06\/22\/mouvement-resultats-du-15-juin-information-et-recours\/\",\"url\":\"https:\/\/snuipp86.fr\/index.php\/2020\/06\/22\/mouvement-resultats-du-15-juin-information-et-recours\/\",\"name\":\"NOUVEAU : Mouvement Indiquez \u00e0 l'IA vos priorit\u00e9s pour la phase d'ajustement - FSU-SNUipp 86\",\"isPartOf\":{\"@id\":\"https:\/\/snuipp86.fr\/#website\"},\"primaryImageOfPage\":{\"@id\":\"https:\/\/snuipp86.fr\/index.php\/2020\/06\/22\/mouvement-resultats-du-15-juin-information-et-recours\/#primaryimage\"},\"image\":{\"@id\":\"https:\/\/snuipp86.fr\/index.php\/2020\/06\/22\/mouvement-resultats-du-15-juin-information-et-recours\/#primaryimage\"},\"thumbnailUrl\":\"http:\/\/snuipp86.fr\/wp-content\/uploads\/2019\/10\/img.jpg\",\"datePublished\":\"2020-06-22T13:19:55+00:00\",\"dateModified\":\"2020-06-23T08:27:25+00:00\",\"author\":{\"@id\":\"https:\/\/snuipp86.fr\/#\/schema\/person\/5a96b33672b90a1385fd0b096fd5ebcb\"},\"breadcrumb\":{\"@id\":\"https:\/\/snuipp86.fr\/index.php\/2020\/06\/22\/mouvement-resultats-du-15-juin-information-et-recours\/#breadcrumb\"},\"inLanguage\":\"fr-FR\",\"potentialAction\":[{\"@type\":\"ReadAction\",\"target\":[\"https:\/\/snuipp86.fr\/index.php\/2020\/06\/22\/mouvement-resultats-du-15-juin-information-et-recours\/\"]}]},{\"@type\":\"ImageObject\",\"inLanguage\":\"fr-FR\",\"@id\":\"https:\/\/snuipp86.fr\/index.php\/2020\/06\/22\/mouvement-resultats-du-15-juin-information-et-recours\/#primaryimage\",\"url\":\"\",\"contentUrl\":\"\"},{\"@type\":\"BreadcrumbList\",\"@id\":\"https:\/\/snuipp86.fr\/index.php\/2020\/06\/22\/mouvement-resultats-du-15-juin-information-et-recours\/#breadcrumb\",\"itemListElement\":[{\"@type\":\"ListItem\",\"position\":1,\"name\":\"Accueil\",\"item\":\"https:\/\/snuipp86.fr\/\"},{\"@type\":\"ListItem\",\"position\":2,\"name\":\"NOUVEAU : Mouvement Indiquez \u00e0 l&#8217;IA vos priorit\u00e9s pour la phase d&#8217;ajustement\"}]},{\"@type\":\"WebSite\",\"@id\":\"https:\/\/snuipp86.fr\/#website\",\"url\":\"https:\/\/snuipp86.fr\/\",\"name\":\"FSU-SNUipp 86\",\"description\":\"Des id\u00e9es qui font l&#039;\u00e9cole\",\"potentialAction\":[{\"@type\":\"SearchAction\",\"target\":{\"@type\":\"EntryPoint\",\"urlTemplate\":\"https:\/\/snuipp86.fr\/?s={search_term_string}\"},\"query-input\":{\"@type\":\"PropertyValueSpecification\",\"valueRequired\":true,\"valueName\":\"search_term_string\"}}],\"inLanguage\":\"fr-FR\"},{\"@type\":\"Person\",\"@id\":\"https:\/\/snuipp86.fr\/#\/schema\/person\/5a96b33672b90a1385fd0b096fd5ebcb\",\"name\":\"Matthieu Menaut\",\"image\":{\"@type\":\"ImageObject\",\"inLanguage\":\"fr-FR\",\"@id\":\"https:\/\/snuipp86.fr\/#\/schema\/person\/image\/\",\"url\":\"https:\/\/secure.gravatar.com\/avatar\/03e70f897b03256ddca91d16c3e33a876c31abbf1b31cb48e60e770f684a04d1?s=96&d=mm&r=g\",\"contentUrl\":\"https:\/\/secure.gravatar.com\/avatar\/03e70f897b03256ddca91d16c3e33a876c31abbf1b31cb48e60e770f684a04d1?s=96&d=mm&r=g\",\"caption\":\"Matthieu Menaut\"},\"url\":\"https:\/\/snuipp86.fr\/index.php\/author\/mmenaut\/\"}]}<\/script>\n<!-- \/ Yoast SEO plugin. -->","yoast_head_json":{"title":"NOUVEAU : Mouvement Indiquez \u00e0 l'IA vos priorit\u00e9s pour la phase d'ajustement - FSU-SNUipp 86","robots":{"index":"index","follow":"follow","max-snippet":"max-snippet:-1","max-image-preview":"max-image-preview:large","max-video-preview":"max-video-preview:-1"},"canonical":"https:\/\/snuipp86.fr\/index.php\/2020\/06\/22\/mouvement-resultats-du-15-juin-information-et-recours\/","og_locale":"fr_FR","og_type":"article","og_title":"NOUVEAU : Mouvement Indiquez \u00e0 l'IA vos priorit\u00e9s pour la phase d'ajustement - FSU-SNUipp 86","og_description":"Suite aux r\u00e9sultats du mouvement, retrouvez sur cette page les infos pour initier un recours, un mod\u00e8le de lettre pour indiquer \u00e0 l'IA vos priorit\u00e9s pour les nominations d'office ainsi que le formulaire pour nous indiquer le poste que vous avez obtenu.","og_url":"https:\/\/snuipp86.fr\/index.php\/2020\/06\/22\/mouvement-resultats-du-15-juin-information-et-recours\/","og_site_name":"FSU-SNUipp 86","article_published_time":"2020-06-22T13:19:55+00:00","article_modified_time":"2020-06-23T08:27:25+00:00","og_image":[{"width":200,"height":150,"url":"https:\/\/snuipp86.fr\/wp-content\/uploads\/2020\/03\/Perdu-pour-le-mouvement-NON-grace-au-SNUipp_corps_m-e1588523035841.jpg","type":"image\/jpeg"}],"author":"Matthieu Menaut","twitter_card":"summary_large_image","twitter_misc":{"\u00c9crit par":"Matthieu Menaut","Dur\u00e9e de lecture estim\u00e9e":"2 minutes"},"schema":{"@context":"https:\/\/schema.org","@graph":[{"@type":"WebPage","@id":"https:\/\/snuipp86.fr\/index.php\/2020\/06\/22\/mouvement-resultats-du-15-juin-information-et-recours\/","url":"https:\/\/snuipp86.fr\/index.php\/2020\/06\/22\/mouvement-resultats-du-15-juin-information-et-recours\/","name":"NOUVEAU : Mouvement Indiquez \u00e0 l'IA vos priorit\u00e9s pour la phase d'ajustement - FSU-SNUipp 86","isPartOf":{"@id":"https:\/\/snuipp86.fr\/#website"},"primaryImageOfPage":{"@id":"https:\/\/snuipp86.fr\/index.php\/2020\/06\/22\/mouvement-resultats-du-15-juin-information-et-recours\/#primaryimage"},"image":{"@id":"https:\/\/snuipp86.fr\/index.php\/2020\/06\/22\/mouvement-resultats-du-15-juin-information-et-recours\/#primaryimage"},"thumbnailUrl":"http:\/\/snuipp86.fr\/wp-content\/uploads\/2019\/10\/img.jpg","datePublished":"2020-06-22T13:19:55+00:00","dateModified":"2020-06-23T08:27:25+00:00","author":{"@id":"https:\/\/snuipp86.fr\/#\/schema\/person\/5a96b33672b90a1385fd0b096fd5ebcb"},"breadcrumb":{"@id":"https:\/\/snuipp86.fr\/index.php\/2020\/06\/22\/mouvement-resultats-du-15-juin-information-et-recours\/#breadcrumb"},"inLanguage":"fr-FR","potentialAction":[{"@type":"ReadAction","target":["https:\/\/snuipp86.fr\/index.php\/2020\/06\/22\/mouvement-resultats-du-15-juin-information-et-recours\/"]}]},{"@type":"ImageObject","inLanguage":"fr-FR","@id":"https:\/\/snuipp86.fr\/index.php\/2020\/06\/22\/mouvement-resultats-du-15-juin-information-et-recours\/#primaryimage","url":"","contentUrl":""},{"@type":"BreadcrumbList","@id":"https:\/\/snuipp86.fr\/index.php\/2020\/06\/22\/mouvement-resultats-du-15-juin-information-et-recours\/#breadcrumb","itemListElement":[{"@type":"ListItem","position":1,"name":"Accueil","item":"https:\/\/snuipp86.fr\/"},{"@type":"ListItem","position":2,"name":"NOUVEAU : Mouvement Indiquez \u00e0 l&#8217;IA vos priorit\u00e9s pour la phase d&#8217;ajustement"}]},{"@type":"WebSite","@id":"https:\/\/snuipp86.fr\/#website","url":"https:\/\/snuipp86.fr\/","name":"FSU-SNUipp 86","description":"Des id\u00e9es qui font l&#039;\u00e9cole","potentialAction":[{"@type":"SearchAction","target":{"@type":"EntryPoint","urlTemplate":"https:\/\/snuipp86.fr\/?s={search_term_string}"},"query-input":{"@type":"PropertyValueSpecification","valueRequired":true,"valueName":"search_term_string"}}],"inLanguage":"fr-FR"},{"@type":"Person","@id":"https:\/\/snuipp86.fr\/#\/schema\/person\/5a96b33672b90a1385fd0b096fd5ebcb","name":"Matthieu Menaut","image":{"@type":"ImageObject","inLanguage":"fr-FR","@id":"https:\/\/snuipp86.fr\/#\/schema\/person\/image\/","url":"https:\/\/secure.gravatar.com\/avatar\/03e70f897b03256ddca91d16c3e33a876c31abbf1b31cb48e60e770f684a04d1?s=96&d=mm&r=g","contentUrl":"https:\/\/secure.gravatar.com\/avatar\/03e70f897b03256ddca91d16c3e33a876c31abbf1b31cb48e60e770f684a04d1?s=96&d=mm&r=g","caption":"Matthieu Menaut"},"url":"https:\/\/snuipp86.fr\/index.php\/author\/mmenaut\/"}]}},"_links":{"self":[{"href":"https:\/\/snuipp86.fr\/index.php\/wp-json\/wp\/v2\/posts\/18994","targetHints":{"allow":["GET"]}}],"collection":[{"href":"https:\/\/snuipp86.fr\/index.php\/wp-json\/wp\/v2\/posts"}],"about":[{"href":"https:\/\/snuipp86.fr\/index.php\/wp-json\/wp\/v2\/types\/post"}],"author":[{"embeddable":true,"href":"https:\/\/snuipp86.fr\/index.php\/wp-json\/wp\/v2\/users\/4"}],"replies":[{"embeddable":true,"href":"https:\/\/snuipp86.fr\/index.php\/wp-json\/wp\/v2\/comments?post=18994"}],"version-history":[{"count":0,"href":"https:\/\/snuipp86.fr\/index.php\/wp-json\/wp\/v2\/posts\/18994\/revisions"}],"wp:attachment":[{"href":"https:\/\/snuipp86.fr\/index.php\/wp-json\/wp\/v2\/media?parent=18994"}],"wp:term":[{"taxonomy":"category","embeddable":true,"href":"https:\/\/snuipp86.fr\/index.php\/wp-json\/wp\/v2\/categories?post=18994"},{"taxonomy":"post_tag","embeddable":true,"href":"https:\/\/snuipp86.fr\/index.php\/wp-json\/wp\/v2\/tags?post=18994"}],"curies":[{"name":"wp","href":"https:\/\/api.w.org\/{rel}","templated":true}]}}