{"id":19085,"date":"2020-07-02T23:28:49","date_gmt":"2020-07-02T21:28:49","guid":{"rendered":"http:\/\/snuipp86.fr\/?p=19085"},"modified":"2020-07-08T22:09:41","modified_gmt":"2020-07-08T20:09:41","slug":"classe-exceptionnelle-86-gt-du-2-juillet-2020","status":"publish","type":"post","link":"https:\/\/snuipp86.fr\/index.php\/2020\/07\/02\/classe-exceptionnelle-86-gt-du-2-juillet-2020\/","title":{"rendered":"Classe exceptionnelle 86 : GT du 2 juillet 2020"},"content":{"rendered":"<h1><img decoding=\"async\" class=\"alignnone size-full wp-image-18419 aligncenter\" src=\"https:\/\/snuipp86.fr\/wp-content\/uploads\/2020\/01\/classe-ex.png\" alt=\"\" width=\"300\" height=\"226\" srcset=\"https:\/\/snuipp86.fr\/wp-content\/uploads\/2020\/01\/classe-ex-200x151.png 200w, https:\/\/snuipp86.fr\/wp-content\/uploads\/2020\/01\/classe-ex.png 300w\" sizes=\"(max-width: 300px) 100vw, 300px\" \/><\/h1>\n<h1 style=\"text-align: center;\"><span style=\"color: #0000ff;\"><b>Classe Exceptionnelle 2020<\/b><\/span><\/h1>\n<h1 style=\"text-align: center;\">Groupe de travail du 2 juillet 2020<\/h1>\n<h1><img decoding=\"async\" class=\"alignnone size-medium wp-image-18837 aligncenter\" src=\"https:\/\/snuipp86.fr\/wp-content\/uploads\/2020\/05\/logo-ct-300x127.jpg\" alt=\"\" width=\"300\" height=\"127\" \/><\/h1>\n<p>&nbsp;<\/p>\n<p>Etaient pr\u00e9sent-es : M. Monlun ( SG ) , Mme Jouhaud ( DPE 5 ), 2 IEN ( Poitiers Ouest et Poitiers Sud), <b>2 SNUipp-FSU 86,<\/b> 2 Unsa<\/p>\n<p><b>Retrouvez la circulaire 2020 classe exceptionnelle : <\/b><a href=\"https:\/\/www.education.gouv.fr\/bo\/20\/Hebdo1\/MENH1933197N.htm\"><b>https:\/\/www.education.gouv.fr\/bo\/20\/Hebdo1\/MENH1933197N.htm<\/b><\/a><\/p>\n<hr \/>\n<h2 id=\"ce\"><span style=\"color: #0000ff;\">C\u2019est quoi la classe exceptionnelle ?<\/span><\/h2>\n<p>Le minist\u00e8re a fait le choix de cr\u00e9er un grade suppl\u00e9mentaire, un 3\u00e8me apr\u00e8s la classe normale et la Hors classe : la classe exceptionnelle. Depuis 2017, c\u2019est un grade que l\u2019on peut atteindre uniquement si :<\/p>\n<ul>\n<li>vivier 1 : on est \u00e0 la hors classe et que l\u2019on remplisse 8 ann\u00e9es de conditions sp\u00e9cifiques (\u00e9ducation prioritaire, direction, conseiller p\u00e9da ..)<\/li>\n<\/ul>\n<p>ou<\/p>\n<ul>\n<li>vivier 2 : on est au dernier \u00e9chelon de la Hors classe.<\/li>\n<\/ul>\n<p>La promotion se fait selon un bar\u00e8me o\u00f9 l\u2019avis de l\u2019IA, qui peut changer chaque ann\u00e9e, \u00e0 un poids tr\u00e8s important. Seule une minorit\u00e9 des coll\u00e8gues \u00e0 la hors classe pourra y acc\u00e9der et elle sera plafonn\u00e9e \u00e0 10% du corps en 2023. L<span style=\"color: #ff0000;\">e SNUipp-FSU 86 est oppos\u00e9 \u00e0 ce principe qui exclut une grande partie de notre profession, alors que le probl\u00e8me salarial est reconnu comme l\u2019affaire de tou-tes. Le SNUipp-FSU 86 demande l\u2019int\u00e9gration des \u00e9chelons de la classe exceptionnelle, comme ceux de la Hors Classe, dans une seule unique grille salariale o\u00f9 les \u00e9chelons puissent \u00eatre atteints par tou-tes.<\/span><\/p>\n<hr \/>\n<h2 id=\"promo\"><span style=\"color: #0000ff;\">Combien de promotions en 2020 ?<\/span><\/h2>\n<p>Pour la rentr\u00e9e prochaine, le taux passe \u00e0 8,15 % du corps pour le tableau d&rsquo;avancement \u00e9tabli au titre de l&rsquo;ann\u00e9e 2020. Cela faisait 162 promotions suppl\u00e9mentaires sur l\u2019acad\u00e9mie donn\u00e9es par le minist\u00e8re. Pour notre d\u00e9partement cela fait 40 promotions suppl\u00e9mentaires pour la rentr\u00e9e prochaine.<\/p>\n<p><span style=\"color: #ff0000;\">Le SNUipp-FSU 86 s\u2019est interrog\u00e9 sur ce nombre et pos\u00e9 des questions \u00e0 l\u2019administration.<\/span>\u00a0 En effet, cette ann\u00e9e, il y avait 77 coll\u00e8gues \u00e0 la classe exceptionnelle sur 2339 coll\u00e8gues. Pour que cela repr\u00e9sente 8.15% du corps l\u2019ann\u00e9e prochaine, avec le m\u00eame nombre de coll\u00e8gues, il faudrait donc 190 coll\u00e8gues l\u2019ann\u00e9e prochaine \u00e0 la classe exceptionnelle &#8230; ce que 40 promotions suppl\u00e9mentaires ne permettront pas ! Surtout que des coll\u00e8gues actuellement \u00e0 classe exceptionnelle ne seront plus en exercice dans le d\u00e9partement \u00e0 la rentr\u00e9e prochaine ( 13 au minima selon les donn\u00e9es du SNUipp-FSU 86). Il faudrait pour atteindre ce chiffre de 8.15% alors 190 &#8211; (77-13) = 126 nouvelles promotions et non 40 promotions.<\/p>\n<p>Le SG a indiqu\u00e9 que normalement les d\u00e9parts en retraite \u00e9taient pris en compte et que la diff\u00e9rence pourrait s\u2019expliquer par un \u00e9quilibre entre acad\u00e9mie. Il se renseigne.<\/p>\n<hr \/>\n<h2 id=\"vivier\"><span style=\"color: #0000ff;\">R\u00e9partition des promotions selon le vivier ?<\/span><\/h2>\n<p>Le SNUIpp-FSU 86 a rappel\u00e9 le texte qui indique \u201c Les promotions au titre du second vivier sont prononc\u00e9es dans la limite de 20 % du nombre de promotions annuelles \u201c. L\u2019administration proposait dans ces documents comme principe de r\u00e9partition des 40 promotions :<\/p>\n<ul>\n<li>31 dans le vivier 1 , soit 77.5% des promotions<\/li>\n<li>9 dans le vivier 2, soit 22.5% des promotions \u2026 ce qui n\u2019est pas conforme au texte a fait remarquer le SNUipp-FSU 86<\/li>\n<\/ul>\n<p>L\u2019administration a donc d\u00fb modifier sa r\u00e9partition pour \u00eatre conforme au texte avec 32 promotions pour le vivier 1 et 8 pour le vivier 2.<\/p>\n<p><span style=\"color: #ff0000;\">Le SNUipp-FSU 86 a demand\u00e9 \u00e0 l\u2019administration de faire remonter au minist\u00e8re l\u2019arr\u00eat de ce quota de 20%.<\/span><\/p>\n<p>Au final, selon le vivier, les pourcentages de coll\u00e8gues qui seront promu-es sont de\u00a0 :<\/p>\n<ul>\n<li>vivier 1 : 32 promotions pour 51 promouvables , soit presque 63%<\/li>\n<li>vivier 2 : 8 promotions pour 14 promouvables, soit 57.14% \u2026 mais comme 3 partent en retraite, cela fait r\u00e9ellement 8 pour 11, donc 72.11%<\/li>\n<\/ul>\n<p>Une seule coll\u00e8gue \u00e9tait promouvable \u00e0 la fois au vivier 1 et au vivier 2.<\/p>\n<hr \/>\n<h2 id=\"avis\"><span style=\"color: #0000ff;\">Avis des promouvables<\/span><\/h2>\n<p>Les coll\u00e8gues sont class\u00e9-es par un bar\u00e8me, o\u00f9 le poids de l\u2019avis de l\u2019IA est d\u00e9cisif, contrairement au bar\u00e8me de la Hors classe ou l&rsquo;anciennet\u00e9 dans les \u00e9chelons est aussi importante.<\/p>\n<p>L\u2019IA est limit\u00e9 par certaines contraintes pour donner ses avis et il peut le r\u00e9viser chaque ann\u00e9e.<\/p>\n<ul>\n<li>\n<h3><b>pour le vivier 1<\/b><\/h3>\n<\/li>\n<\/ul>\n<p>Il y a 51 promouvables.<\/p>\n<p>Le SNUipp-FSU 86 a rappel\u00e9 le texte qui indique :<\/p>\n<p>&#8211;\u00a0 avis excellent : 15 % maximum des candidatures recevables pour le premier vivier ;<\/p>\n<p>&#8211;\u00a0 avis tr\u00e8s satisfaisant : 20% maximum des candidatures recevables pour le premier vivier ;<\/p>\n<p>L\u2019IA avait pr\u00e9vu<\/p>\n<ul>\n<li>8 avis excellent \u2026 ce qui fait 15.1 % donc en dehors du texte<\/li>\n<li>11 avis tr\u00e8s satisfaisant , soit 21.5% donc aussi en dehors du texte \u2026<\/li>\n<\/ul>\n<p>Au regard des remont\u00e9es du SNUipp-FSU 86, le SG a reconnu la diff\u00e9rence et indiqu\u00e9 qu\u2019il se renseignait pour savoir si ces avis seront maintenus ou s\u2019il y avait une obligation pour \u00eatre conforme au texte \u00e0 un maximum de 7 avis excellent et \u00e0 10 avis tr\u00e8s satisfaisant.<\/p>\n<ul>\n<li>\n<h3><b>pour le vivier 2<\/b><\/h3>\n<\/li>\n<\/ul>\n<p>Le SNUipp-FSU 86 a fait remonter qu\u2019une coll\u00e8gue du vivier 1\u00a0 \u00e9tait aussi \u00e9ligible au vivier 2, ce qui ferait 14 promouvables.<\/p>\n<p>Le SNUipp-FSU 86 a rappel\u00e9 le texte qui indique :<\/p>\n<p>&#8211;\u00a0 avis excellent : 20 % maximum des \u00e9ligibles pour le second vivier (non recevables au titre du premier vivier).;<\/p>\n<p>&#8211;\u00a0 avis tr\u00e8s satisfaisant : 20 % maximum des \u00e9ligibles pour le second vivier (non recevables au titre du premier vivier) ;<\/p>\n<p>L\u2019IA avait pr\u00e9vu<\/p>\n<ul>\n<li>3 avis excellent \u2026 ce qui fait 21.4 % donc en dehors du texte<\/li>\n<li>3 avis tr\u00e8s satisfaisant , soit 21.5% donc aussi en dehors du texte \u2026<\/li>\n<\/ul>\n<p>Au regard des remont\u00e9es du SNUipp-FSU 86, le SG a reconnu la diff\u00e9rence et indiqu\u00e9 qu\u2019il se renseignait pour savoir si ces avis seront maintenus ou s\u2019il y avait une obligation pour \u00eatre conforme au texte au texte \u00e0 un maximum de 2 avis excellent et \u00e0 2 avis tr\u00e8s satisfaisant.<\/p>\n<hr \/>\n<h2 id=\"analyse\"><span style=\"color: #0000ff;\">Analyse des promouvables selon le genre<\/span><\/h2>\n<p>Depuis la mise en place du protocole \u00e9galit\u00e9 Homme\/Femme en terme de r\u00e9mun\u00e9ration, sign\u00e9 par la FSU en 2018, l\u2019administration transmet les statistiques selon le genre lors des promotions.<\/p>\n<p>Pour rappel, notre profession est \u00e0 82% constitu\u00e9e de femmes et donc 18% d\u2019hommes<\/p>\n<p><b>Le premier constat est sur les promouvables,<\/b> il y a une proportion plus importante que la moyenne d\u2019hommes et en de\u00e7\u00e0 pour les femmes.<\/p>\n<p>L\u00e9g\u00e8rement sur le 1er vivier avec 75% de femmes et 25% d\u2019hommes, qui signifie que les fonctions ou exercices qui comptent pour les 8 ann\u00e9es pour la classe exceptionnelle sont moins pris\u00e9s chez les femmes que chez les hommes.<\/p>\n<p>\u00c9norm\u00e9ment sur le 2\u00e8me vivier avec 50% de femmes et donc 50% d\u2019hommes, ce qui signifie que les femmes acc\u00e8dent moins que les hommes au dernier niveau de la hors classe : carri\u00e8re frein\u00e9e, carri\u00e8re interrompue avant\u00a0 \u2026 le constat est connu : <a href=\"https:\/\/www.snuipp.fr\/actualites\/posts\/inegalites-salariales-femmes-hommes-agir-enfin\">https:\/\/www.snuipp.fr\/actualites\/posts\/inegalites-salariales-femmes-hommes-agir-enfin<\/a><\/p>\n<p><b>Le second constat est sur les avis<\/b>. :<\/p>\n<ul>\n<li>sur le vivier 1, alors qu\u2019il y a 75% de femmes, elles ont 87.5% des avis \u201cexcellent\u201d et 66% des avis \u201ctr\u00e8s satisfaisants\u201d ; les 2 avis cumul\u00e9s sont donc \u00e0 75% attribu\u00e9s \u00e0 des femmes<\/li>\n<li>sur le vivier 2, alors qu\u2019il y a 50% de femmes, elles ont 66% des avis \u201cexcellent\u201d et des avis \u201c tr\u00e8s satisfaisant \u201c<\/li>\n<\/ul>\n<p>L\u2019administration a donc \u00e9t\u00e9 soucieuse de respecter, voire de mettre en avant des avis aidant les femmes \u00e0 \u00eatre promu-es.<\/p>\n<hr \/>\n<h2 id=\"echelon\"><span style=\"color: #0000ff;\">\u00c9chelons sp\u00e9ciaux<\/span><\/h2>\n<p>Les \u00e9chelons sp\u00e9ciaux de cette classe exceptionnelle, d\u00e9bouchant sur l\u2019indice 972, seront contingent\u00e9s \u00e0 20% de la classe exceptionnelle.<\/p>\n<p>L\u2019administration proposait 4 promotions pour acc\u00e9der au 1er \u00e9chelon sp\u00e9cial \u2026 mais il y a actuellement que 2 coll\u00e8gues qui r\u00e9pondent \u00e0 ce crit\u00e8re.<\/p>\n<hr \/>\n<h2 id=\"classement\"><span style=\"color: #0000ff;\">Classement et r\u00e9sultats ce mercredi<\/span><\/h2>\n<p>La liste des promu-es sera arr\u00eat\u00e9e par l&rsquo;IA mercredi en CAPD.<\/p>\n<p>Concernant les \u00e9galit\u00e9s de bar\u00e8me, l&rsquo;administration proposait de mettre en discriminant : l&rsquo;anciennet\u00e9 en tant que professeur-e des \u00e9coles. <span style=\"color: #ff0000;\">Le SNUipp-FSU 86 s&rsquo;y est oppos\u00e9 et a propos\u00e9 que ce soit l&rsquo;Anciennet\u00e9 sur toute la carri\u00e8re (ann\u00e9es d&rsquo;instit + PE) qui soit prise en compte et si cela n&rsquo;est pas possible, que ce soit alors l&rsquo;\u00e2ge le discriminant pour permettre aux coll\u00e8gues les plus ag\u00e9-es de b\u00e9n\u00e9ficier d&rsquo;une promotion avant leur d\u00e9part en retraite.<\/span><\/p>\n<p>A l\u2019issue de la CAPD, les r\u00e9sultats devraient \u00eatre diffus\u00e9s par l\u2019administration dans les 3 jours selon le texte \u2026<\/p>\n<p><strong>D\u00e8s l\u2019issue de la CAPD, le SNUipp-FSU 86 informera l\u2019ensemble de ses syndiqu\u00e9-es concern\u00e9-es et les coll\u00e8gues qui nous ont contact\u00e9s. <\/strong><span style=\"color: #ff0000;\">Pour conna\u00eetre votre r\u00e9sultat, envoyez nous un mail \u00e0 snu86@snuipp.fr<\/span><\/p>\n<p>&nbsp;<\/p>\n<p style=\"text-align: center;\"><span style=\"color: #0000ff;\">Vos \u00e9lu-es du personnel<\/span><\/p>\n<p style=\"text-align: center;\"><span style=\"color: #0000ff;\"><i>Fabienne La\u00een\u00e9 et Matthieu Menaut<\/i><\/span><\/p>\n<p><img decoding=\"async\" class=\"size-full wp-image-17928 aligncenter\" src=\"https:\/\/snuipp86.fr\/wp-content\/uploads\/2019\/10\/img.jpg\" alt=\"\" width=\"166\" height=\"153\" \/><\/p>\n","protected":false},"excerpt":{"rendered":"<p>Classe Exceptionnelle 2020 Groupe de travail du 2 juillet 2020 &nbsp; Etaient pr\u00e9sent-es : M. Monlun ( SG ) , Mme Jouhaud ( DPE 5 ), 2 IEN ( Poitiers Ouest et Poitiers Sud), 2 SNUipp-FSU 86, 2 Unsa Retrouvez la circulaire 2020 classe exceptionnelle : https:\/\/www.education.gouv.fr\/bo\/20\/Hebdo1\/MENH1933197N.htm C\u2019est quoi la classe exceptionnelle ? Le minist\u00e8re a [&hellip;]<\/p>\n","protected":false},"author":4,"featured_media":0,"comment_status":"open","ping_status":"open","sticky":false,"template":"","format":"standard","meta":{"footnotes":""},"categories":[14],"tags":[22,40],"class_list":["post-19085","post","type-post","status-publish","format-standard","hentry","category-a-la-une","tag-droits-des-personnels","tag-promotions"],"yoast_head":"<!-- This site is optimized with the Yoast SEO plugin v26.6 - https:\/\/yoast.com\/wordpress\/plugins\/seo\/ -->\n<title>Classe exceptionnelle 86 : GT du 2 juillet 2020 - FSU-SNUipp 86<\/title>\n<meta name=\"robots\" content=\"index, follow, max-snippet:-1, max-image-preview:large, max-video-preview:-1\" \/>\n<link rel=\"canonical\" href=\"https:\/\/snuipp86.fr\/index.php\/2020\/07\/02\/classe-exceptionnelle-86-gt-du-2-juillet-2020\/\" \/>\n<meta property=\"og:locale\" content=\"fr_FR\" \/>\n<meta property=\"og:type\" content=\"article\" \/>\n<meta property=\"og:title\" content=\"Classe exceptionnelle 86 : GT du 2 juillet 2020 - FSU-SNUipp 86\" \/>\n<meta property=\"og:description\" content=\"Classe Exceptionnelle 2020 Groupe de travail du 2 juillet 2020 &nbsp; Etaient pr\u00e9sent-es : M. Monlun ( SG ) , Mme Jouhaud ( DPE 5 ), 2 IEN ( Poitiers Ouest et Poitiers Sud), 2 SNUipp-FSU 86, 2 Unsa Retrouvez la circulaire 2020 classe exceptionnelle : https:\/\/www.education.gouv.fr\/bo\/20\/Hebdo1\/MENH1933197N.htm C\u2019est quoi la classe exceptionnelle ? Le minist\u00e8re a [&hellip;]\" \/>\n<meta property=\"og:url\" content=\"https:\/\/snuipp86.fr\/index.php\/2020\/07\/02\/classe-exceptionnelle-86-gt-du-2-juillet-2020\/\" \/>\n<meta property=\"og:site_name\" content=\"FSU-SNUipp 86\" \/>\n<meta property=\"article:published_time\" content=\"2020-07-02T21:28:49+00:00\" \/>\n<meta property=\"article:modified_time\" content=\"2020-07-08T20:09:41+00:00\" \/>\n<meta property=\"og:image\" content=\"https:\/\/snuipp86.fr\/wp-content\/uploads\/2019\/10\/img.jpg\" \/>\n\t<meta property=\"og:image:width\" content=\"166\" \/>\n\t<meta property=\"og:image:height\" content=\"153\" \/>\n\t<meta property=\"og:image:type\" content=\"image\/jpeg\" \/>\n<meta name=\"author\" content=\"Matthieu Menaut\" \/>\n<meta name=\"twitter:card\" content=\"summary_large_image\" \/>\n<meta name=\"twitter:label1\" content=\"\u00c9crit par\" \/>\n\t<meta name=\"twitter:data1\" content=\"Matthieu Menaut\" \/>\n\t<meta name=\"twitter:label2\" content=\"Dur\u00e9e de lecture estim\u00e9e\" \/>\n\t<meta name=\"twitter:data2\" content=\"7 minutes\" \/>\n<script type=\"application\/ld+json\" class=\"yoast-schema-graph\">{\"@context\":\"https:\/\/schema.org\",\"@graph\":[{\"@type\":\"WebPage\",\"@id\":\"https:\/\/snuipp86.fr\/index.php\/2020\/07\/02\/classe-exceptionnelle-86-gt-du-2-juillet-2020\/\",\"url\":\"https:\/\/snuipp86.fr\/index.php\/2020\/07\/02\/classe-exceptionnelle-86-gt-du-2-juillet-2020\/\",\"name\":\"Classe exceptionnelle 86 : GT du 2 juillet 2020 - FSU-SNUipp 86\",\"isPartOf\":{\"@id\":\"https:\/\/snuipp86.fr\/#website\"},\"primaryImageOfPage\":{\"@id\":\"https:\/\/snuipp86.fr\/index.php\/2020\/07\/02\/classe-exceptionnelle-86-gt-du-2-juillet-2020\/#primaryimage\"},\"image\":{\"@id\":\"https:\/\/snuipp86.fr\/index.php\/2020\/07\/02\/classe-exceptionnelle-86-gt-du-2-juillet-2020\/#primaryimage\"},\"thumbnailUrl\":\"http:\/\/snuipp86.fr\/wp-content\/uploads\/2020\/01\/classe-ex.png\",\"datePublished\":\"2020-07-02T21:28:49+00:00\",\"dateModified\":\"2020-07-08T20:09:41+00:00\",\"author\":{\"@id\":\"https:\/\/snuipp86.fr\/#\/schema\/person\/5a96b33672b90a1385fd0b096fd5ebcb\"},\"breadcrumb\":{\"@id\":\"https:\/\/snuipp86.fr\/index.php\/2020\/07\/02\/classe-exceptionnelle-86-gt-du-2-juillet-2020\/#breadcrumb\"},\"inLanguage\":\"fr-FR\",\"potentialAction\":[{\"@type\":\"ReadAction\",\"target\":[\"https:\/\/snuipp86.fr\/index.php\/2020\/07\/02\/classe-exceptionnelle-86-gt-du-2-juillet-2020\/\"]}]},{\"@type\":\"ImageObject\",\"inLanguage\":\"fr-FR\",\"@id\":\"https:\/\/snuipp86.fr\/index.php\/2020\/07\/02\/classe-exceptionnelle-86-gt-du-2-juillet-2020\/#primaryimage\",\"url\":\"http:\/\/snuipp86.fr\/wp-content\/uploads\/2020\/01\/classe-ex.png\",\"contentUrl\":\"http:\/\/snuipp86.fr\/wp-content\/uploads\/2020\/01\/classe-ex.png\"},{\"@type\":\"BreadcrumbList\",\"@id\":\"https:\/\/snuipp86.fr\/index.php\/2020\/07\/02\/classe-exceptionnelle-86-gt-du-2-juillet-2020\/#breadcrumb\",\"itemListElement\":[{\"@type\":\"ListItem\",\"position\":1,\"name\":\"Accueil\",\"item\":\"https:\/\/snuipp86.fr\/\"},{\"@type\":\"ListItem\",\"position\":2,\"name\":\"Classe exceptionnelle 86 : GT du 2 juillet 2020\"}]},{\"@type\":\"WebSite\",\"@id\":\"https:\/\/snuipp86.fr\/#website\",\"url\":\"https:\/\/snuipp86.fr\/\",\"name\":\"FSU-SNUipp 86\",\"description\":\"Des id\u00e9es qui font l&#039;\u00e9cole\",\"potentialAction\":[{\"@type\":\"SearchAction\",\"target\":{\"@type\":\"EntryPoint\",\"urlTemplate\":\"https:\/\/snuipp86.fr\/?s={search_term_string}\"},\"query-input\":{\"@type\":\"PropertyValueSpecification\",\"valueRequired\":true,\"valueName\":\"search_term_string\"}}],\"inLanguage\":\"fr-FR\"},{\"@type\":\"Person\",\"@id\":\"https:\/\/snuipp86.fr\/#\/schema\/person\/5a96b33672b90a1385fd0b096fd5ebcb\",\"name\":\"Matthieu Menaut\",\"image\":{\"@type\":\"ImageObject\",\"inLanguage\":\"fr-FR\",\"@id\":\"https:\/\/snuipp86.fr\/#\/schema\/person\/image\/\",\"url\":\"https:\/\/secure.gravatar.com\/avatar\/03e70f897b03256ddca91d16c3e33a876c31abbf1b31cb48e60e770f684a04d1?s=96&d=mm&r=g\",\"contentUrl\":\"https:\/\/secure.gravatar.com\/avatar\/03e70f897b03256ddca91d16c3e33a876c31abbf1b31cb48e60e770f684a04d1?s=96&d=mm&r=g\",\"caption\":\"Matthieu Menaut\"},\"url\":\"https:\/\/snuipp86.fr\/index.php\/author\/mmenaut\/\"}]}<\/script>\n<!-- \/ Yoast SEO plugin. -->","yoast_head_json":{"title":"Classe exceptionnelle 86 : GT du 2 juillet 2020 - FSU-SNUipp 86","robots":{"index":"index","follow":"follow","max-snippet":"max-snippet:-1","max-image-preview":"max-image-preview:large","max-video-preview":"max-video-preview:-1"},"canonical":"https:\/\/snuipp86.fr\/index.php\/2020\/07\/02\/classe-exceptionnelle-86-gt-du-2-juillet-2020\/","og_locale":"fr_FR","og_type":"article","og_title":"Classe exceptionnelle 86 : GT du 2 juillet 2020 - FSU-SNUipp 86","og_description":"Classe Exceptionnelle 2020 Groupe de travail du 2 juillet 2020 &nbsp; Etaient pr\u00e9sent-es : M. Monlun ( SG ) , Mme Jouhaud ( DPE 5 ), 2 IEN ( Poitiers Ouest et Poitiers Sud), 2 SNUipp-FSU 86, 2 Unsa Retrouvez la circulaire 2020 classe exceptionnelle : https:\/\/www.education.gouv.fr\/bo\/20\/Hebdo1\/MENH1933197N.htm C\u2019est quoi la classe exceptionnelle ? Le minist\u00e8re a [&hellip;]","og_url":"https:\/\/snuipp86.fr\/index.php\/2020\/07\/02\/classe-exceptionnelle-86-gt-du-2-juillet-2020\/","og_site_name":"FSU-SNUipp 86","article_published_time":"2020-07-02T21:28:49+00:00","article_modified_time":"2020-07-08T20:09:41+00:00","og_image":[{"width":166,"height":153,"url":"https:\/\/snuipp86.fr\/wp-content\/uploads\/2019\/10\/img.jpg","type":"image\/jpeg"}],"author":"Matthieu Menaut","twitter_card":"summary_large_image","twitter_misc":{"\u00c9crit par":"Matthieu Menaut","Dur\u00e9e de lecture estim\u00e9e":"7 minutes"},"schema":{"@context":"https:\/\/schema.org","@graph":[{"@type":"WebPage","@id":"https:\/\/snuipp86.fr\/index.php\/2020\/07\/02\/classe-exceptionnelle-86-gt-du-2-juillet-2020\/","url":"https:\/\/snuipp86.fr\/index.php\/2020\/07\/02\/classe-exceptionnelle-86-gt-du-2-juillet-2020\/","name":"Classe exceptionnelle 86 : GT du 2 juillet 2020 - FSU-SNUipp 86","isPartOf":{"@id":"https:\/\/snuipp86.fr\/#website"},"primaryImageOfPage":{"@id":"https:\/\/snuipp86.fr\/index.php\/2020\/07\/02\/classe-exceptionnelle-86-gt-du-2-juillet-2020\/#primaryimage"},"image":{"@id":"https:\/\/snuipp86.fr\/index.php\/2020\/07\/02\/classe-exceptionnelle-86-gt-du-2-juillet-2020\/#primaryimage"},"thumbnailUrl":"http:\/\/snuipp86.fr\/wp-content\/uploads\/2020\/01\/classe-ex.png","datePublished":"2020-07-02T21:28:49+00:00","dateModified":"2020-07-08T20:09:41+00:00","author":{"@id":"https:\/\/snuipp86.fr\/#\/schema\/person\/5a96b33672b90a1385fd0b096fd5ebcb"},"breadcrumb":{"@id":"https:\/\/snuipp86.fr\/index.php\/2020\/07\/02\/classe-exceptionnelle-86-gt-du-2-juillet-2020\/#breadcrumb"},"inLanguage":"fr-FR","potentialAction":[{"@type":"ReadAction","target":["https:\/\/snuipp86.fr\/index.php\/2020\/07\/02\/classe-exceptionnelle-86-gt-du-2-juillet-2020\/"]}]},{"@type":"ImageObject","inLanguage":"fr-FR","@id":"https:\/\/snuipp86.fr\/index.php\/2020\/07\/02\/classe-exceptionnelle-86-gt-du-2-juillet-2020\/#primaryimage","url":"http:\/\/snuipp86.fr\/wp-content\/uploads\/2020\/01\/classe-ex.png","contentUrl":"http:\/\/snuipp86.fr\/wp-content\/uploads\/2020\/01\/classe-ex.png"},{"@type":"BreadcrumbList","@id":"https:\/\/snuipp86.fr\/index.php\/2020\/07\/02\/classe-exceptionnelle-86-gt-du-2-juillet-2020\/#breadcrumb","itemListElement":[{"@type":"ListItem","position":1,"name":"Accueil","item":"https:\/\/snuipp86.fr\/"},{"@type":"ListItem","position":2,"name":"Classe exceptionnelle 86 : GT du 2 juillet 2020"}]},{"@type":"WebSite","@id":"https:\/\/snuipp86.fr\/#website","url":"https:\/\/snuipp86.fr\/","name":"FSU-SNUipp 86","description":"Des id\u00e9es qui font l&#039;\u00e9cole","potentialAction":[{"@type":"SearchAction","target":{"@type":"EntryPoint","urlTemplate":"https:\/\/snuipp86.fr\/?s={search_term_string}"},"query-input":{"@type":"PropertyValueSpecification","valueRequired":true,"valueName":"search_term_string"}}],"inLanguage":"fr-FR"},{"@type":"Person","@id":"https:\/\/snuipp86.fr\/#\/schema\/person\/5a96b33672b90a1385fd0b096fd5ebcb","name":"Matthieu Menaut","image":{"@type":"ImageObject","inLanguage":"fr-FR","@id":"https:\/\/snuipp86.fr\/#\/schema\/person\/image\/","url":"https:\/\/secure.gravatar.com\/avatar\/03e70f897b03256ddca91d16c3e33a876c31abbf1b31cb48e60e770f684a04d1?s=96&d=mm&r=g","contentUrl":"https:\/\/secure.gravatar.com\/avatar\/03e70f897b03256ddca91d16c3e33a876c31abbf1b31cb48e60e770f684a04d1?s=96&d=mm&r=g","caption":"Matthieu Menaut"},"url":"https:\/\/snuipp86.fr\/index.php\/author\/mmenaut\/"}]}},"_links":{"self":[{"href":"https:\/\/snuipp86.fr\/index.php\/wp-json\/wp\/v2\/posts\/19085","targetHints":{"allow":["GET"]}}],"collection":[{"href":"https:\/\/snuipp86.fr\/index.php\/wp-json\/wp\/v2\/posts"}],"about":[{"href":"https:\/\/snuipp86.fr\/index.php\/wp-json\/wp\/v2\/types\/post"}],"author":[{"embeddable":true,"href":"https:\/\/snuipp86.fr\/index.php\/wp-json\/wp\/v2\/users\/4"}],"replies":[{"embeddable":true,"href":"https:\/\/snuipp86.fr\/index.php\/wp-json\/wp\/v2\/comments?post=19085"}],"version-history":[{"count":0,"href":"https:\/\/snuipp86.fr\/index.php\/wp-json\/wp\/v2\/posts\/19085\/revisions"}],"wp:attachment":[{"href":"https:\/\/snuipp86.fr\/index.php\/wp-json\/wp\/v2\/media?parent=19085"}],"wp:term":[{"taxonomy":"category","embeddable":true,"href":"https:\/\/snuipp86.fr\/index.php\/wp-json\/wp\/v2\/categories?post=19085"},{"taxonomy":"post_tag","embeddable":true,"href":"https:\/\/snuipp86.fr\/index.php\/wp-json\/wp\/v2\/tags?post=19085"}],"curies":[{"name":"wp","href":"https:\/\/api.w.org\/{rel}","templated":true}]}}