{"id":19207,"date":"2020-08-30T16:29:39","date_gmt":"2020-08-30T14:29:39","guid":{"rendered":"http:\/\/snuipp86.fr\/?p=19207"},"modified":"2020-08-30T16:32:25","modified_gmt":"2020-08-30T14:32:25","slug":"direction-et-fonctionnement-decole-le-4-pages-du-snuipp-fsu-ete-2020","status":"publish","type":"post","link":"https:\/\/snuipp86.fr\/index.php\/2020\/08\/30\/direction-et-fonctionnement-decole-le-4-pages-du-snuipp-fsu-ete-2020\/","title":{"rendered":"Direction et fonctionnement d&rsquo;\u00e9cole : le 4 pages du SNUipp-FSU &#8211; \u00c9T\u00c9 2020"},"content":{"rendered":"<p>&nbsp;<\/p>\n<p>Le SNUipp-FSU qui avait r\u00e9clam\u00e9 la r\u00e9ouverture des discussions sur la direction et le fonctionnment de l&rsquo;\u00e9cole avec le minist\u00e8re ne peut que se satisfaire que celui-ci entrouvre enfin la porte. Le SNUipp-FSU sera exigeant pour obtenir des mesures concr\u00e8tes r\u00e9pondant aux besoins revendiqu\u00e9s et \u00e0 une v\u00e9ritable reconnaissance de la fonction et des missions des directrices et directeurs d\u2019\u00e9cole.<\/p>\n<p>Retrouvez dans le 4 pages ci-dessous l&rsquo;analyse de loi Rilhac et les propositions du SNUipp-FSU 86<\/p>\n<a href=\"https:\/\/snuipp86.fr\/wp-content\/uploads\/2020\/08\/Direction-et-fonctionnement-de-l\u00e9cole-JUIN_20_BD.pdf\" class=\"pdfemb-viewer\" style=\"\" data-width=\"max\" data-height=\"max\" data-toolbar=\"bottom\" data-toolbar-fixed=\"off\">Direction et fonctionnement de l&#039;\u00e9cole-JUIN_20_BD<\/a>\n","protected":false},"excerpt":{"rendered":"<p>&nbsp; Le SNUipp-FSU qui avait r\u00e9clam\u00e9 la r\u00e9ouverture des discussions sur la direction et le fonctionnment de l&rsquo;\u00e9cole avec le minist\u00e8re ne peut que se satisfaire que celui-ci entrouvre enfin la porte. Le SNUipp-FSU sera exigeant pour obtenir des mesures concr\u00e8tes r\u00e9pondant aux besoins revendiqu\u00e9s et \u00e0 une v\u00e9ritable reconnaissance de la fonction et des missions [&hellip;]<\/p>\n","protected":false},"author":4,"featured_media":19210,"comment_status":"open","ping_status":"open","sticky":false,"template":"","format":"standard","meta":{"footnotes":""},"categories":[14],"tags":[8,45],"class_list":["post-19207","post","type-post","status-publish","format-standard","has-post-thumbnail","hentry","category-a-la-une","tag-direction","tag-publication"],"yoast_head":"<!-- This site is optimized with the Yoast SEO plugin v26.6 - https:\/\/yoast.com\/wordpress\/plugins\/seo\/ -->\n<title>Direction et fonctionnement d&#039;\u00e9cole : le 4 pages du SNUipp-FSU - \u00c9T\u00c9 2020 - FSU-SNUipp 86<\/title>\n<meta name=\"robots\" content=\"index, follow, max-snippet:-1, max-image-preview:large, max-video-preview:-1\" \/>\n<link rel=\"canonical\" href=\"https:\/\/snuipp86.fr\/index.php\/2020\/08\/30\/direction-et-fonctionnement-decole-le-4-pages-du-snuipp-fsu-ete-2020\/\" \/>\n<meta property=\"og:locale\" content=\"fr_FR\" \/>\n<meta property=\"og:type\" content=\"article\" \/>\n<meta property=\"og:title\" content=\"Direction et fonctionnement d&#039;\u00e9cole : le 4 pages du SNUipp-FSU - \u00c9T\u00c9 2020 - FSU-SNUipp 86\" \/>\n<meta property=\"og:description\" content=\"&nbsp; Le SNUipp-FSU qui avait r\u00e9clam\u00e9 la r\u00e9ouverture des discussions sur la direction et le fonctionnment de l&rsquo;\u00e9cole avec le minist\u00e8re ne peut que se satisfaire que celui-ci entrouvre enfin la porte. Le SNUipp-FSU sera exigeant pour obtenir des mesures concr\u00e8tes r\u00e9pondant aux besoins revendiqu\u00e9s et \u00e0 une v\u00e9ritable reconnaissance de la fonction et des missions [&hellip;]\" \/>\n<meta property=\"og:url\" content=\"https:\/\/snuipp86.fr\/index.php\/2020\/08\/30\/direction-et-fonctionnement-decole-le-4-pages-du-snuipp-fsu-ete-2020\/\" \/>\n<meta property=\"og:site_name\" content=\"FSU-SNUipp 86\" \/>\n<meta property=\"article:published_time\" content=\"2020-08-30T14:29:39+00:00\" \/>\n<meta property=\"article:modified_time\" content=\"2020-08-30T14:32:25+00:00\" \/>\n<meta property=\"og:image\" content=\"https:\/\/snuipp86.fr\/wp-content\/uploads\/2020\/08\/direction-logo.png\" \/>\n\t<meta property=\"og:image:width\" content=\"241\" \/>\n\t<meta property=\"og:image:height\" content=\"209\" \/>\n\t<meta property=\"og:image:type\" content=\"image\/png\" \/>\n<meta name=\"author\" content=\"Matthieu Menaut\" \/>\n<meta name=\"twitter:card\" content=\"summary_large_image\" \/>\n<meta name=\"twitter:label1\" content=\"\u00c9crit par\" \/>\n\t<meta name=\"twitter:data1\" content=\"Matthieu Menaut\" \/>\n\t<meta name=\"twitter:label2\" content=\"Dur\u00e9e de lecture estim\u00e9e\" \/>\n\t<meta name=\"twitter:data2\" content=\"1 minute\" \/>\n<script type=\"application\/ld+json\" class=\"yoast-schema-graph\">{\"@context\":\"https:\/\/schema.org\",\"@graph\":[{\"@type\":\"WebPage\",\"@id\":\"https:\/\/snuipp86.fr\/index.php\/2020\/08\/30\/direction-et-fonctionnement-decole-le-4-pages-du-snuipp-fsu-ete-2020\/\",\"url\":\"https:\/\/snuipp86.fr\/index.php\/2020\/08\/30\/direction-et-fonctionnement-decole-le-4-pages-du-snuipp-fsu-ete-2020\/\",\"name\":\"Direction et fonctionnement d'\u00e9cole : le 4 pages du SNUipp-FSU - \u00c9T\u00c9 2020 - FSU-SNUipp 86\",\"isPartOf\":{\"@id\":\"https:\/\/snuipp86.fr\/#website\"},\"primaryImageOfPage\":{\"@id\":\"https:\/\/snuipp86.fr\/index.php\/2020\/08\/30\/direction-et-fonctionnement-decole-le-4-pages-du-snuipp-fsu-ete-2020\/#primaryimage\"},\"image\":{\"@id\":\"https:\/\/snuipp86.fr\/index.php\/2020\/08\/30\/direction-et-fonctionnement-decole-le-4-pages-du-snuipp-fsu-ete-2020\/#primaryimage\"},\"thumbnailUrl\":\"https:\/\/snuipp86.fr\/wp-content\/uploads\/2020\/08\/direction-logo.png\",\"datePublished\":\"2020-08-30T14:29:39+00:00\",\"dateModified\":\"2020-08-30T14:32:25+00:00\",\"author\":{\"@id\":\"https:\/\/snuipp86.fr\/#\/schema\/person\/5a96b33672b90a1385fd0b096fd5ebcb\"},\"breadcrumb\":{\"@id\":\"https:\/\/snuipp86.fr\/index.php\/2020\/08\/30\/direction-et-fonctionnement-decole-le-4-pages-du-snuipp-fsu-ete-2020\/#breadcrumb\"},\"inLanguage\":\"fr-FR\",\"potentialAction\":[{\"@type\":\"ReadAction\",\"target\":[\"https:\/\/snuipp86.fr\/index.php\/2020\/08\/30\/direction-et-fonctionnement-decole-le-4-pages-du-snuipp-fsu-ete-2020\/\"]}]},{\"@type\":\"ImageObject\",\"inLanguage\":\"fr-FR\",\"@id\":\"https:\/\/snuipp86.fr\/index.php\/2020\/08\/30\/direction-et-fonctionnement-decole-le-4-pages-du-snuipp-fsu-ete-2020\/#primaryimage\",\"url\":\"https:\/\/snuipp86.fr\/wp-content\/uploads\/2020\/08\/direction-logo.png\",\"contentUrl\":\"https:\/\/snuipp86.fr\/wp-content\/uploads\/2020\/08\/direction-logo.png\",\"width\":241,\"height\":209},{\"@type\":\"BreadcrumbList\",\"@id\":\"https:\/\/snuipp86.fr\/index.php\/2020\/08\/30\/direction-et-fonctionnement-decole-le-4-pages-du-snuipp-fsu-ete-2020\/#breadcrumb\",\"itemListElement\":[{\"@type\":\"ListItem\",\"position\":1,\"name\":\"Accueil\",\"item\":\"https:\/\/snuipp86.fr\/\"},{\"@type\":\"ListItem\",\"position\":2,\"name\":\"Direction et fonctionnement d&#8217;\u00e9cole : le 4 pages du SNUipp-FSU &#8211; \u00c9T\u00c9 2020\"}]},{\"@type\":\"WebSite\",\"@id\":\"https:\/\/snuipp86.fr\/#website\",\"url\":\"https:\/\/snuipp86.fr\/\",\"name\":\"FSU-SNUipp 86\",\"description\":\"Des id\u00e9es qui font l&#039;\u00e9cole\",\"potentialAction\":[{\"@type\":\"SearchAction\",\"target\":{\"@type\":\"EntryPoint\",\"urlTemplate\":\"https:\/\/snuipp86.fr\/?s={search_term_string}\"},\"query-input\":{\"@type\":\"PropertyValueSpecification\",\"valueRequired\":true,\"valueName\":\"search_term_string\"}}],\"inLanguage\":\"fr-FR\"},{\"@type\":\"Person\",\"@id\":\"https:\/\/snuipp86.fr\/#\/schema\/person\/5a96b33672b90a1385fd0b096fd5ebcb\",\"name\":\"Matthieu Menaut\",\"image\":{\"@type\":\"ImageObject\",\"inLanguage\":\"fr-FR\",\"@id\":\"https:\/\/snuipp86.fr\/#\/schema\/person\/image\/\",\"url\":\"https:\/\/secure.gravatar.com\/avatar\/03e70f897b03256ddca91d16c3e33a876c31abbf1b31cb48e60e770f684a04d1?s=96&d=mm&r=g\",\"contentUrl\":\"https:\/\/secure.gravatar.com\/avatar\/03e70f897b03256ddca91d16c3e33a876c31abbf1b31cb48e60e770f684a04d1?s=96&d=mm&r=g\",\"caption\":\"Matthieu Menaut\"},\"url\":\"https:\/\/snuipp86.fr\/index.php\/author\/mmenaut\/\"}]}<\/script>\n<!-- \/ Yoast SEO plugin. -->","yoast_head_json":{"title":"Direction et fonctionnement d'\u00e9cole : le 4 pages du SNUipp-FSU - \u00c9T\u00c9 2020 - FSU-SNUipp 86","robots":{"index":"index","follow":"follow","max-snippet":"max-snippet:-1","max-image-preview":"max-image-preview:large","max-video-preview":"max-video-preview:-1"},"canonical":"https:\/\/snuipp86.fr\/index.php\/2020\/08\/30\/direction-et-fonctionnement-decole-le-4-pages-du-snuipp-fsu-ete-2020\/","og_locale":"fr_FR","og_type":"article","og_title":"Direction et fonctionnement d'\u00e9cole : le 4 pages du SNUipp-FSU - \u00c9T\u00c9 2020 - FSU-SNUipp 86","og_description":"&nbsp; Le SNUipp-FSU qui avait r\u00e9clam\u00e9 la r\u00e9ouverture des discussions sur la direction et le fonctionnment de l&rsquo;\u00e9cole avec le minist\u00e8re ne peut que se satisfaire que celui-ci entrouvre enfin la porte. Le SNUipp-FSU sera exigeant pour obtenir des mesures concr\u00e8tes r\u00e9pondant aux besoins revendiqu\u00e9s et \u00e0 une v\u00e9ritable reconnaissance de la fonction et des missions [&hellip;]","og_url":"https:\/\/snuipp86.fr\/index.php\/2020\/08\/30\/direction-et-fonctionnement-decole-le-4-pages-du-snuipp-fsu-ete-2020\/","og_site_name":"FSU-SNUipp 86","article_published_time":"2020-08-30T14:29:39+00:00","article_modified_time":"2020-08-30T14:32:25+00:00","og_image":[{"width":241,"height":209,"url":"https:\/\/snuipp86.fr\/wp-content\/uploads\/2020\/08\/direction-logo.png","type":"image\/png"}],"author":"Matthieu Menaut","twitter_card":"summary_large_image","twitter_misc":{"\u00c9crit par":"Matthieu Menaut","Dur\u00e9e de lecture estim\u00e9e":"1 minute"},"schema":{"@context":"https:\/\/schema.org","@graph":[{"@type":"WebPage","@id":"https:\/\/snuipp86.fr\/index.php\/2020\/08\/30\/direction-et-fonctionnement-decole-le-4-pages-du-snuipp-fsu-ete-2020\/","url":"https:\/\/snuipp86.fr\/index.php\/2020\/08\/30\/direction-et-fonctionnement-decole-le-4-pages-du-snuipp-fsu-ete-2020\/","name":"Direction et fonctionnement d'\u00e9cole : le 4 pages du SNUipp-FSU - \u00c9T\u00c9 2020 - FSU-SNUipp 86","isPartOf":{"@id":"https:\/\/snuipp86.fr\/#website"},"primaryImageOfPage":{"@id":"https:\/\/snuipp86.fr\/index.php\/2020\/08\/30\/direction-et-fonctionnement-decole-le-4-pages-du-snuipp-fsu-ete-2020\/#primaryimage"},"image":{"@id":"https:\/\/snuipp86.fr\/index.php\/2020\/08\/30\/direction-et-fonctionnement-decole-le-4-pages-du-snuipp-fsu-ete-2020\/#primaryimage"},"thumbnailUrl":"https:\/\/snuipp86.fr\/wp-content\/uploads\/2020\/08\/direction-logo.png","datePublished":"2020-08-30T14:29:39+00:00","dateModified":"2020-08-30T14:32:25+00:00","author":{"@id":"https:\/\/snuipp86.fr\/#\/schema\/person\/5a96b33672b90a1385fd0b096fd5ebcb"},"breadcrumb":{"@id":"https:\/\/snuipp86.fr\/index.php\/2020\/08\/30\/direction-et-fonctionnement-decole-le-4-pages-du-snuipp-fsu-ete-2020\/#breadcrumb"},"inLanguage":"fr-FR","potentialAction":[{"@type":"ReadAction","target":["https:\/\/snuipp86.fr\/index.php\/2020\/08\/30\/direction-et-fonctionnement-decole-le-4-pages-du-snuipp-fsu-ete-2020\/"]}]},{"@type":"ImageObject","inLanguage":"fr-FR","@id":"https:\/\/snuipp86.fr\/index.php\/2020\/08\/30\/direction-et-fonctionnement-decole-le-4-pages-du-snuipp-fsu-ete-2020\/#primaryimage","url":"https:\/\/snuipp86.fr\/wp-content\/uploads\/2020\/08\/direction-logo.png","contentUrl":"https:\/\/snuipp86.fr\/wp-content\/uploads\/2020\/08\/direction-logo.png","width":241,"height":209},{"@type":"BreadcrumbList","@id":"https:\/\/snuipp86.fr\/index.php\/2020\/08\/30\/direction-et-fonctionnement-decole-le-4-pages-du-snuipp-fsu-ete-2020\/#breadcrumb","itemListElement":[{"@type":"ListItem","position":1,"name":"Accueil","item":"https:\/\/snuipp86.fr\/"},{"@type":"ListItem","position":2,"name":"Direction et fonctionnement d&#8217;\u00e9cole : le 4 pages du SNUipp-FSU &#8211; \u00c9T\u00c9 2020"}]},{"@type":"WebSite","@id":"https:\/\/snuipp86.fr\/#website","url":"https:\/\/snuipp86.fr\/","name":"FSU-SNUipp 86","description":"Des id\u00e9es qui font l&#039;\u00e9cole","potentialAction":[{"@type":"SearchAction","target":{"@type":"EntryPoint","urlTemplate":"https:\/\/snuipp86.fr\/?s={search_term_string}"},"query-input":{"@type":"PropertyValueSpecification","valueRequired":true,"valueName":"search_term_string"}}],"inLanguage":"fr-FR"},{"@type":"Person","@id":"https:\/\/snuipp86.fr\/#\/schema\/person\/5a96b33672b90a1385fd0b096fd5ebcb","name":"Matthieu Menaut","image":{"@type":"ImageObject","inLanguage":"fr-FR","@id":"https:\/\/snuipp86.fr\/#\/schema\/person\/image\/","url":"https:\/\/secure.gravatar.com\/avatar\/03e70f897b03256ddca91d16c3e33a876c31abbf1b31cb48e60e770f684a04d1?s=96&d=mm&r=g","contentUrl":"https:\/\/secure.gravatar.com\/avatar\/03e70f897b03256ddca91d16c3e33a876c31abbf1b31cb48e60e770f684a04d1?s=96&d=mm&r=g","caption":"Matthieu Menaut"},"url":"https:\/\/snuipp86.fr\/index.php\/author\/mmenaut\/"}]}},"_links":{"self":[{"href":"https:\/\/snuipp86.fr\/index.php\/wp-json\/wp\/v2\/posts\/19207","targetHints":{"allow":["GET"]}}],"collection":[{"href":"https:\/\/snuipp86.fr\/index.php\/wp-json\/wp\/v2\/posts"}],"about":[{"href":"https:\/\/snuipp86.fr\/index.php\/wp-json\/wp\/v2\/types\/post"}],"author":[{"embeddable":true,"href":"https:\/\/snuipp86.fr\/index.php\/wp-json\/wp\/v2\/users\/4"}],"replies":[{"embeddable":true,"href":"https:\/\/snuipp86.fr\/index.php\/wp-json\/wp\/v2\/comments?post=19207"}],"version-history":[{"count":0,"href":"https:\/\/snuipp86.fr\/index.php\/wp-json\/wp\/v2\/posts\/19207\/revisions"}],"wp:featuredmedia":[{"embeddable":true,"href":"https:\/\/snuipp86.fr\/index.php\/wp-json\/wp\/v2\/media\/19210"}],"wp:attachment":[{"href":"https:\/\/snuipp86.fr\/index.php\/wp-json\/wp\/v2\/media?parent=19207"}],"wp:term":[{"taxonomy":"category","embeddable":true,"href":"https:\/\/snuipp86.fr\/index.php\/wp-json\/wp\/v2\/categories?post=19207"},{"taxonomy":"post_tag","embeddable":true,"href":"https:\/\/snuipp86.fr\/index.php\/wp-json\/wp\/v2\/tags?post=19207"}],"curies":[{"name":"wp","href":"https:\/\/api.w.org\/{rel}","templated":true}]}}