{"id":1952,"date":"2008-06-03T18:04:00","date_gmt":"2008-06-03T18:04:00","guid":{"rendered":"http:\/\/localhost\/wordpress\/2008\/06\/03\/requalification-en-cdi\/"},"modified":"2008-06-03T18:04:00","modified_gmt":"2008-06-03T18:04:00","slug":"requalification-en-cdi","status":"publish","type":"post","link":"https:\/\/snuipp86.fr\/index.php\/2008\/06\/03\/requalification-en-cdi\/","title":{"rendered":"Requalification en CDI"},"content":{"rendered":"<div class='rss_texte'>\n<p class=\"spip\">Absence de contrat de travail \u00e9crit ou non-d\u00e9livrance du contrat de travail dans les 48 heures suivant le d\u00e9but du contrat (commencement effectif du travail) :<\/p>\n<p class=\"spip\"><strong class=\"spip\">Le Code du Travail est clair :<\/strong><\/p>\n<p class=\"spip\"><strong class=\"spip\">L&rsquo;article L. 122-3-1<\/strong> pr\u00e9voit que : \u00ab le contrat de travail \u00e0 dur\u00e9e d\u00e9termin\u00e9e doit \u00eatre \u00e9tabli par \u00e9crit et comporter la d\u00e9finition pr\u00e9cise de son motif ; \u00e0 d\u00e9faut, il est r\u00e9put\u00e9 conclu pour une dur\u00e9e ind\u00e9termin\u00e9e (\u2026). Le contrat de travail doit \u00eatre transmis au salari\u00e9, au plus tard dans les deux jours suivant l&#8217;embauche \u00bb.<br \/>\n<strong class=\"spip\"><br \/>\nL&rsquo;article L. 122-3-13<\/strong> pr\u00e9voit : \u00ab tout contrat conclu en m\u00e9connaissance des dispositions des articles L. 122-1, L. 122-1-1, L. 122-1-2, L. 122-2, L. 122-3, L. 122-3-1 alin\u00e9a premier, (\u2026) est r\u00e9put\u00e9 \u00e0 dur\u00e9e ind\u00e9termin\u00e9e.<\/p>\n<p class=\"spip\">Lorsqu&rsquo;un conseil de prud&rsquo;hommes est saisi d&rsquo;une demande de requalification d&rsquo;un CDD en CDI, l&rsquo;affaire est port\u00e9e directement devant le bureau de jugement qui doit statuer au fond dans le d\u00e9lai d&rsquo;un mois suivant sa saisine.<\/p>\n<p class=\"spip\">La d\u00e9cision du Conseil de Prud&rsquo;hommes est ex\u00e9cutoire de droit \u00e0 titre provisoire. Si le tribunal fait droit \u00e0 la demande du salari\u00e9, il doit lui accorder, \u00e0 la charge de l&#8217;employeur, une indemnit\u00e9 qui ne peut \u00eatre inf\u00e9rieure \u00e0 un mois de salaire (\u2026) \u00bb.<br \/>\n[NB : \u00ab ex\u00e9cutoire de droit \u00e0 titre provisoire \u00bb signifie que la d\u00e9cision de justice est applicable imm\u00e9diatement, qu&rsquo;elle entra\u00eene tout de suite des cons\u00e9quences juridiques.]<\/p>\n<p class=\"spip\">La jurisprudence l&rsquo;a \u00e9galement confirm\u00e9 :<\/p>\n<p class=\"spip\"><img decoding=\"async\" src=\"https:\/\/snuipp86.fr\/wp-content\/spip\/cache-vignettes\/L8xH11\/puce-68c92.gif\" width='8' height='11' alt=\"-\" style='height:11px;width:8px;' class='' \/> A d\u00e9faut d&rsquo;\u00e9crit, le contrat est pr\u00e9sum\u00e9 conclu \u00e0 dur\u00e9e ind\u00e9termin\u00e9e (cf. arr\u00eat de la Chambre sociale de la Cour de Cassation, 8 octobre 1987) ;<br \/>\n<br \/><img decoding=\"async\" src=\"https:\/\/snuipp86.fr\/wp-content\/spip\/cache-vignettes\/L8xH11\/puce-68c92.gif\" width='8' height='11' alt=\"-\" style='height:11px;width:8px;' class='' \/> La transmission tardive du CDD pour signature \u00e9quivaut \u00e0 une absence d&rsquo;\u00e9crit qui entra\u00eene requalification de la relation de travail en CDI (cf. arr\u00eat de la Chambre sociale de la Cour de Cassation, 17 juin 2005).<\/p>\n<p class=\"spip\"><strong class=\"spip\">Qu&rsquo;est ce que la requalification ?<\/strong><\/p>\n<p class=\"spip\">Lorsqu&rsquo;un CDD est requalifi\u00e9 en CDI par les juges, cela \u00e9quivaut \u00e0 consid\u00e9rer que le CDD n&rsquo;a jamais exist\u00e9 et que le contrat pass\u00e9 entre l&#8217;employeur et le salari\u00e9 a toujours \u00e9t\u00e9 un CDI.<\/p>\n<p class=\"spip\">La requalification du contrat est donc r\u00e9troactive : elle entra\u00eene des effets tant sur le d\u00e9roulement du contrat depuis son commencement, que sur la suite du contrat.<br \/>\n<br \/><img decoding=\"async\" src=\"https:\/\/snuipp86.fr\/wp-content\/spip\/cache-vignettes\/L8xH11\/puce-68c92.gif\" width='8' height='11' alt=\"-\" style='height:11px;width:8px;' class='' \/> Ce qu&rsquo;il faut demander : La requalification du CDD en CDI, ce qui signifie :<\/p>\n<p class=\"spip\"><img decoding=\"async\" src=\"https:\/\/snuipp86.fr\/wp-content\/spip\/cache-vignettes\/L8xH11\/puce-68c92.gif\" width='8' height='11' alt=\"-\" style='height:11px;width:8px;' class='' \/> au moins un mois de salaire au titre de l&rsquo;indemnit\u00e9 de requalification (cf. art. L. 122-3-13) ;<\/p>\n<p class=\"spip\"><img decoding=\"async\" src=\"https:\/\/snuipp86.fr\/wp-content\/spip\/cache-vignettes\/L8xH11\/puce-68c92.gif\" width='8' height='11' alt=\"-\" style='height:11px;width:8px;' class='' \/> ainsi que, selon la situation (il y a deux cas de figure) :<\/p>\n<p class=\"spip\"><img decoding=\"async\" src=\"https:\/\/snuipp86.fr\/wp-content\/spip\/cache-vignettes\/L8xH11\/puce-68c92.gif\" width='8' height='11' alt=\"-\" style='height:11px;width:8px;' class='' \/> si le contrat est requalifi\u00e9 en CDI avant son terme (avant la fin pr\u00e9vue du CDD), il doit se poursuivre sous l&rsquo;\u00e9gide d&rsquo;un CDI ;<br \/>\n<br \/><img decoding=\"async\" src=\"https:\/\/snuipp86.fr\/wp-content\/spip\/cache-vignettes\/L8xH11\/puce-68c92.gif\" width='8' height='11' alt=\"-\" style='height:11px;width:8px;' class='' \/> si le contrat est requalifi\u00e9 en CDI alors que le CDD est arriv\u00e9 \u00e0 \u00e9ch\u00e9ance entre temps, on se trouve dans le cas d&rsquo;un CDI qui a \u00e9t\u00e9 rompu ill\u00e9galement, ce qui ouvre droit, pour le salari\u00e9, \u00e0 des indemnit\u00e9s pour licenciement sans cause r\u00e9elle et s\u00e9rieuse, ainsi que pour non-respect de la proc\u00e9dure de licenciement.<\/p>\n<p class=\"spip\"><strong class=\"spip\">Illustration :<\/strong><br \/>\nUne personne est recrut\u00e9e en CAE ou CAV (contrats \u00e0 dur\u00e9e d\u00e9termin\u00e9e) de 10 mois, du 1er septembre 2006 au 30 juin 2007.<br \/>\nSon contrat de travail ne lui a \u00e9t\u00e9 remis que d\u00e9but octobre 2006 (soit plus de deux jours apr\u00e8s le 1er septembre, date du commencement de son contrat).<\/p>\n<p class=\"spip\">Cette personne demande la requalification de son contrat de travail de CDD en CDI et obtient gain de cause devant le Conseil de Prud&rsquo;hommes.<br \/>\n<br \/><img decoding=\"async\" src=\"https:\/\/snuipp86.fr\/wp-content\/spip\/cache-vignettes\/L8xH11\/puce-68c92.gif\" width='8' height='11' alt=\"-\" style='height:11px;width:8px;' class='' \/> Si la requalification du contrat est prononc\u00e9e avant le 30 juin 2007, la personne est toujours sous contrat et ce contrat, qui est devenu un CDI, devra se poursuivre apr\u00e8s le 30 juin 2007.<br \/>\n<br \/><img decoding=\"async\" src=\"https:\/\/snuipp86.fr\/wp-content\/spip\/cache-vignettes\/L8xH11\/puce-68c92.gif\" width='8' height='11' alt=\"-\" style='height:11px;width:8px;' class='' \/> Si la requalification du contrat est prononc\u00e9e apr\u00e8s le 30 juin 2007, la personne ne se trouve plus sous contrat, puisque son CDD s&rsquo;est termin\u00e9 le 30 juin. Or ce contrat sera consid\u00e9r\u00e9 comme ayant \u00e9t\u00e9 un CDI, et non plus un CDD, et donc on se trouve dans la situation d&rsquo;un CDI qui a \u00e9t\u00e9 rompu le 30 juin 2007 (de fait, la personne est consid\u00e9r\u00e9e comme ayant \u00e9t\u00e9 licenci\u00e9e), sans aucune raison et sans que la proc\u00e9dure de licenciement ait \u00e9t\u00e9 respect\u00e9e. La personne pourra alors pr\u00e9tendre \u00e0 une indemnit\u00e9 pour licenciement sans cause r\u00e9elle et s\u00e9rieuse et pour non-respect de la proc\u00e9dure.<\/p>\n<p class=\"spip\"><strong class=\"spip\">Comment monter son dossier :<\/strong><\/p>\n<p class=\"spip\">Il faut prouver :<br \/>\n<br \/><img decoding=\"async\" src=\"https:\/\/snuipp86.fr\/wp-content\/spip\/cache-vignettes\/L8xH11\/puce-68c92.gif\" width='8' height='11' alt=\"-\" style='height:11px;width:8px;' class='' \/> soit l&rsquo;absence de contrat \u00e9crit, ce qui est assez facile, puisque l&#8217;employeur ne pourra apporter la preuve contraire en produisant un contrat sign\u00e9 des deux parties ;<br \/>\n<br \/><img decoding=\"async\" src=\"https:\/\/snuipp86.fr\/wp-content\/spip\/cache-vignettes\/L8xH11\/puce-68c92.gif\" width='8' height='11' alt=\"-\" style='height:11px;width:8px;' class='' \/> soit la remise tardive du contrat, en produisant :<br \/>\n<br \/><img decoding=\"async\" src=\"https:\/\/snuipp86.fr\/wp-content\/spip\/cache-vignettes\/L8xH11\/puce-68c92.gif\" width='8' height='11' alt=\"-\" style='height:11px;width:8px;' class='' \/> au moins un bulletin de salaire faisant appara\u00eetre la date d&rsquo;entr\u00e9e dans l&rsquo;\u00e9tablissement<br \/>\n<br \/><img decoding=\"async\" src=\"https:\/\/snuipp86.fr\/wp-content\/spip\/cache-vignettes\/L8xH11\/puce-68c92.gif\" width='8' height='11' alt=\"-\" style='height:11px;width:8px;' class='' \/> le contrat de travail faisant appara\u00eetre une date de signature post\u00e9rieure de plus de deux jours \u00e0 la date d&rsquo;entr\u00e9e.<\/p>\n<\/div>\n","protected":false},"excerpt":{"rendered":"<p>Absence de contrat de travail \u00e9crit ou non-d\u00e9livrance du contrat de travail dans les 48 heures suivant le d\u00e9but du contrat (commencement effectif du travail) : <br \/>Le Code du Travail est clair : <br \/>L&rsquo;article L. 122-3-1 pr\u00e9voit que : \u00ab le contrat de travail \u00e0 dur\u00e9e d\u00e9termin\u00e9e doit \u00eatre \u00e9tabli par \u00e9crit et comporter la d\u00e9finition pr\u00e9cise de son motif ; \u00e0 d\u00e9faut, il est r\u00e9put\u00e9 conclu pour une dur\u00e9e ind\u00e9termin\u00e9e (\u2026). Le contrat de travail doit \u00eatre transmis au salari\u00e9, au plus tard dans (&#8230;)<br \/>\n&#8211;<br \/>\n<a href=\"http:\/\/86.snuipp.fr\/spip.php?rubrique227\" rel=\"directory\">.Le prud&rsquo;homme &#8211; vos droits<\/a><\/p>\n","protected":false},"author":1,"featured_media":0,"comment_status":"open","ping_status":"open","sticky":false,"template":"","format":"standard","meta":{"footnotes":""},"categories":[14],"tags":[],"class_list":["post-1952","post","type-post","status-publish","format-standard","hentry","category-a-la-une"],"yoast_head":"<!-- This site is optimized with the Yoast SEO plugin v26.6 - https:\/\/yoast.com\/wordpress\/plugins\/seo\/ -->\n<title>Requalification en CDI - FSU-SNUipp 86<\/title>\n<meta name=\"robots\" content=\"index, follow, max-snippet:-1, max-image-preview:large, max-video-preview:-1\" \/>\n<link rel=\"canonical\" href=\"https:\/\/snuipp86.fr\/index.php\/2008\/06\/03\/requalification-en-cdi\/\" \/>\n<meta property=\"og:locale\" content=\"fr_FR\" \/>\n<meta property=\"og:type\" content=\"article\" \/>\n<meta property=\"og:title\" content=\"Requalification en CDI - FSU-SNUipp 86\" \/>\n<meta property=\"og:description\" content=\"Absence de contrat de travail \u00e9crit ou non-d\u00e9livrance du contrat de travail dans les 48 heures suivant le d\u00e9but du contrat (commencement effectif du travail) : Le Code du Travail est clair : L&#039;article L. 122-3-1 pr\u00e9voit que : \u00ab le contrat de travail \u00e0 dur\u00e9e d\u00e9termin\u00e9e doit \u00eatre \u00e9tabli par \u00e9crit et comporter la d\u00e9finition pr\u00e9cise de son motif ; \u00e0 d\u00e9faut, il est r\u00e9put\u00e9 conclu pour une dur\u00e9e ind\u00e9termin\u00e9e (\u2026). Le contrat de travail doit \u00eatre transmis au salari\u00e9, au plus tard dans (...) - .Le prud&#039;homme - vos droits\" \/>\n<meta property=\"og:url\" content=\"https:\/\/snuipp86.fr\/index.php\/2008\/06\/03\/requalification-en-cdi\/\" \/>\n<meta property=\"og:site_name\" content=\"FSU-SNUipp 86\" \/>\n<meta property=\"article:published_time\" content=\"2008-06-03T18:04:00+00:00\" \/>\n<meta property=\"og:image\" content=\"http:\/\/snuipp86.fr\/wp-content\/spip\/cache-vignettes\/L8xH11\/puce-68c92.gif\" \/>\n<meta name=\"author\" content=\"WP86Admin\" \/>\n<meta name=\"twitter:card\" content=\"summary_large_image\" \/>\n<meta name=\"twitter:label1\" content=\"\u00c9crit par\" \/>\n\t<meta name=\"twitter:data1\" content=\"WP86Admin\" \/>\n\t<meta name=\"twitter:label2\" content=\"Dur\u00e9e de lecture estim\u00e9e\" \/>\n\t<meta name=\"twitter:data2\" content=\"4 minutes\" \/>\n<script type=\"application\/ld+json\" class=\"yoast-schema-graph\">{\"@context\":\"https:\/\/schema.org\",\"@graph\":[{\"@type\":\"WebPage\",\"@id\":\"https:\/\/snuipp86.fr\/index.php\/2008\/06\/03\/requalification-en-cdi\/\",\"url\":\"https:\/\/snuipp86.fr\/index.php\/2008\/06\/03\/requalification-en-cdi\/\",\"name\":\"Requalification en CDI - FSU-SNUipp 86\",\"isPartOf\":{\"@id\":\"https:\/\/snuipp86.fr\/#website\"},\"primaryImageOfPage\":{\"@id\":\"https:\/\/snuipp86.fr\/index.php\/2008\/06\/03\/requalification-en-cdi\/#primaryimage\"},\"image\":{\"@id\":\"https:\/\/snuipp86.fr\/index.php\/2008\/06\/03\/requalification-en-cdi\/#primaryimage\"},\"thumbnailUrl\":\"http:\/\/snuipp86.fr\/wp-content\/spip\/cache-vignettes\/L8xH11\/puce-68c92.gif\",\"datePublished\":\"2008-06-03T18:04:00+00:00\",\"author\":{\"@id\":\"https:\/\/snuipp86.fr\/#\/schema\/person\/901b28b9ae1c7a63a6a940102e52a7a2\"},\"breadcrumb\":{\"@id\":\"https:\/\/snuipp86.fr\/index.php\/2008\/06\/03\/requalification-en-cdi\/#breadcrumb\"},\"inLanguage\":\"fr-FR\",\"potentialAction\":[{\"@type\":\"ReadAction\",\"target\":[\"https:\/\/snuipp86.fr\/index.php\/2008\/06\/03\/requalification-en-cdi\/\"]}]},{\"@type\":\"ImageObject\",\"inLanguage\":\"fr-FR\",\"@id\":\"https:\/\/snuipp86.fr\/index.php\/2008\/06\/03\/requalification-en-cdi\/#primaryimage\",\"url\":\"http:\/\/snuipp86.fr\/wp-content\/spip\/cache-vignettes\/L8xH11\/puce-68c92.gif\",\"contentUrl\":\"http:\/\/snuipp86.fr\/wp-content\/spip\/cache-vignettes\/L8xH11\/puce-68c92.gif\"},{\"@type\":\"BreadcrumbList\",\"@id\":\"https:\/\/snuipp86.fr\/index.php\/2008\/06\/03\/requalification-en-cdi\/#breadcrumb\",\"itemListElement\":[{\"@type\":\"ListItem\",\"position\":1,\"name\":\"Accueil\",\"item\":\"https:\/\/snuipp86.fr\/\"},{\"@type\":\"ListItem\",\"position\":2,\"name\":\"Requalification en CDI\"}]},{\"@type\":\"WebSite\",\"@id\":\"https:\/\/snuipp86.fr\/#website\",\"url\":\"https:\/\/snuipp86.fr\/\",\"name\":\"FSU-SNUipp 86\",\"description\":\"Des id\u00e9es qui font l&#039;\u00e9cole\",\"potentialAction\":[{\"@type\":\"SearchAction\",\"target\":{\"@type\":\"EntryPoint\",\"urlTemplate\":\"https:\/\/snuipp86.fr\/?s={search_term_string}\"},\"query-input\":{\"@type\":\"PropertyValueSpecification\",\"valueRequired\":true,\"valueName\":\"search_term_string\"}}],\"inLanguage\":\"fr-FR\"},{\"@type\":\"Person\",\"@id\":\"https:\/\/snuipp86.fr\/#\/schema\/person\/901b28b9ae1c7a63a6a940102e52a7a2\",\"name\":\"WP86Admin\",\"image\":{\"@type\":\"ImageObject\",\"inLanguage\":\"fr-FR\",\"@id\":\"https:\/\/snuipp86.fr\/#\/schema\/person\/image\/\",\"url\":\"https:\/\/secure.gravatar.com\/avatar\/0099845c7ec05dc10d777d8ab4f5142c5ba316283821af2459738ad469a37a1a?s=96&d=mm&r=g\",\"contentUrl\":\"https:\/\/secure.gravatar.com\/avatar\/0099845c7ec05dc10d777d8ab4f5142c5ba316283821af2459738ad469a37a1a?s=96&d=mm&r=g\",\"caption\":\"WP86Admin\"},\"url\":\"https:\/\/snuipp86.fr\/index.php\/author\/wp86admin\/\"}]}<\/script>\n<!-- \/ Yoast SEO plugin. -->","yoast_head_json":{"title":"Requalification en CDI - FSU-SNUipp 86","robots":{"index":"index","follow":"follow","max-snippet":"max-snippet:-1","max-image-preview":"max-image-preview:large","max-video-preview":"max-video-preview:-1"},"canonical":"https:\/\/snuipp86.fr\/index.php\/2008\/06\/03\/requalification-en-cdi\/","og_locale":"fr_FR","og_type":"article","og_title":"Requalification en CDI - FSU-SNUipp 86","og_description":"Absence de contrat de travail \u00e9crit ou non-d\u00e9livrance du contrat de travail dans les 48 heures suivant le d\u00e9but du contrat (commencement effectif du travail) : Le Code du Travail est clair : L'article L. 122-3-1 pr\u00e9voit que : \u00ab le contrat de travail \u00e0 dur\u00e9e d\u00e9termin\u00e9e doit \u00eatre \u00e9tabli par \u00e9crit et comporter la d\u00e9finition pr\u00e9cise de son motif ; \u00e0 d\u00e9faut, il est r\u00e9put\u00e9 conclu pour une dur\u00e9e ind\u00e9termin\u00e9e (\u2026). Le contrat de travail doit \u00eatre transmis au salari\u00e9, au plus tard dans (...) - .Le prud'homme - vos droits","og_url":"https:\/\/snuipp86.fr\/index.php\/2008\/06\/03\/requalification-en-cdi\/","og_site_name":"FSU-SNUipp 86","article_published_time":"2008-06-03T18:04:00+00:00","og_image":[{"url":"http:\/\/snuipp86.fr\/wp-content\/spip\/cache-vignettes\/L8xH11\/puce-68c92.gif","type":"","width":"","height":""}],"author":"WP86Admin","twitter_card":"summary_large_image","twitter_misc":{"\u00c9crit par":"WP86Admin","Dur\u00e9e de lecture estim\u00e9e":"4 minutes"},"schema":{"@context":"https:\/\/schema.org","@graph":[{"@type":"WebPage","@id":"https:\/\/snuipp86.fr\/index.php\/2008\/06\/03\/requalification-en-cdi\/","url":"https:\/\/snuipp86.fr\/index.php\/2008\/06\/03\/requalification-en-cdi\/","name":"Requalification en CDI - FSU-SNUipp 86","isPartOf":{"@id":"https:\/\/snuipp86.fr\/#website"},"primaryImageOfPage":{"@id":"https:\/\/snuipp86.fr\/index.php\/2008\/06\/03\/requalification-en-cdi\/#primaryimage"},"image":{"@id":"https:\/\/snuipp86.fr\/index.php\/2008\/06\/03\/requalification-en-cdi\/#primaryimage"},"thumbnailUrl":"http:\/\/snuipp86.fr\/wp-content\/spip\/cache-vignettes\/L8xH11\/puce-68c92.gif","datePublished":"2008-06-03T18:04:00+00:00","author":{"@id":"https:\/\/snuipp86.fr\/#\/schema\/person\/901b28b9ae1c7a63a6a940102e52a7a2"},"breadcrumb":{"@id":"https:\/\/snuipp86.fr\/index.php\/2008\/06\/03\/requalification-en-cdi\/#breadcrumb"},"inLanguage":"fr-FR","potentialAction":[{"@type":"ReadAction","target":["https:\/\/snuipp86.fr\/index.php\/2008\/06\/03\/requalification-en-cdi\/"]}]},{"@type":"ImageObject","inLanguage":"fr-FR","@id":"https:\/\/snuipp86.fr\/index.php\/2008\/06\/03\/requalification-en-cdi\/#primaryimage","url":"http:\/\/snuipp86.fr\/wp-content\/spip\/cache-vignettes\/L8xH11\/puce-68c92.gif","contentUrl":"http:\/\/snuipp86.fr\/wp-content\/spip\/cache-vignettes\/L8xH11\/puce-68c92.gif"},{"@type":"BreadcrumbList","@id":"https:\/\/snuipp86.fr\/index.php\/2008\/06\/03\/requalification-en-cdi\/#breadcrumb","itemListElement":[{"@type":"ListItem","position":1,"name":"Accueil","item":"https:\/\/snuipp86.fr\/"},{"@type":"ListItem","position":2,"name":"Requalification en CDI"}]},{"@type":"WebSite","@id":"https:\/\/snuipp86.fr\/#website","url":"https:\/\/snuipp86.fr\/","name":"FSU-SNUipp 86","description":"Des id\u00e9es qui font l&#039;\u00e9cole","potentialAction":[{"@type":"SearchAction","target":{"@type":"EntryPoint","urlTemplate":"https:\/\/snuipp86.fr\/?s={search_term_string}"},"query-input":{"@type":"PropertyValueSpecification","valueRequired":true,"valueName":"search_term_string"}}],"inLanguage":"fr-FR"},{"@type":"Person","@id":"https:\/\/snuipp86.fr\/#\/schema\/person\/901b28b9ae1c7a63a6a940102e52a7a2","name":"WP86Admin","image":{"@type":"ImageObject","inLanguage":"fr-FR","@id":"https:\/\/snuipp86.fr\/#\/schema\/person\/image\/","url":"https:\/\/secure.gravatar.com\/avatar\/0099845c7ec05dc10d777d8ab4f5142c5ba316283821af2459738ad469a37a1a?s=96&d=mm&r=g","contentUrl":"https:\/\/secure.gravatar.com\/avatar\/0099845c7ec05dc10d777d8ab4f5142c5ba316283821af2459738ad469a37a1a?s=96&d=mm&r=g","caption":"WP86Admin"},"url":"https:\/\/snuipp86.fr\/index.php\/author\/wp86admin\/"}]}},"_links":{"self":[{"href":"https:\/\/snuipp86.fr\/index.php\/wp-json\/wp\/v2\/posts\/1952","targetHints":{"allow":["GET"]}}],"collection":[{"href":"https:\/\/snuipp86.fr\/index.php\/wp-json\/wp\/v2\/posts"}],"about":[{"href":"https:\/\/snuipp86.fr\/index.php\/wp-json\/wp\/v2\/types\/post"}],"author":[{"embeddable":true,"href":"https:\/\/snuipp86.fr\/index.php\/wp-json\/wp\/v2\/users\/1"}],"replies":[{"embeddable":true,"href":"https:\/\/snuipp86.fr\/index.php\/wp-json\/wp\/v2\/comments?post=1952"}],"version-history":[{"count":0,"href":"https:\/\/snuipp86.fr\/index.php\/wp-json\/wp\/v2\/posts\/1952\/revisions"}],"wp:attachment":[{"href":"https:\/\/snuipp86.fr\/index.php\/wp-json\/wp\/v2\/media?parent=1952"}],"wp:term":[{"taxonomy":"category","embeddable":true,"href":"https:\/\/snuipp86.fr\/index.php\/wp-json\/wp\/v2\/categories?post=1952"},{"taxonomy":"post_tag","embeddable":true,"href":"https:\/\/snuipp86.fr\/index.php\/wp-json\/wp\/v2\/tags?post=1952"}],"curies":[{"name":"wp","href":"https:\/\/api.w.org\/{rel}","templated":true}]}}