{"id":1971,"date":"2008-05-07T11:49:08","date_gmt":"2008-05-07T11:49:08","guid":{"rendered":"http:\/\/localhost\/wordpress\/2008\/05\/07\/greve-nouvelles-consignes\/"},"modified":"2008-05-07T11:49:08","modified_gmt":"2008-05-07T11:49:08","slug":"greve-nouvelles-consignes","status":"publish","type":"post","link":"https:\/\/snuipp86.fr\/index.php\/2008\/05\/07\/greve-nouvelles-consignes\/","title":{"rendered":"GREVE : nouvelles consignes"},"content":{"rendered":"<div class='rss_texte'>\n<h3 class=\"spip\" id=\"outil_sommaire_0\"><a title=\"Sommaire\" href=\"http:\/\/86.snuipp.fr\/spip.php?page=backend&#038;id_rubrique=#outil_sommaire\" class=\"sommaire_ancre\"> <\/a>Les Consignes en cas de Gr\u00e8ve<\/h3>\n<h3 class=\"spip\" id=\"outil_sommaire_1\"><a title=\"Sommaire\" href=\"http:\/\/86.snuipp.fr\/spip.php?page=backend&#038;id_rubrique=#outil_sommaire\" class=\"sommaire_ancre\"> <\/a>Attention : nouvelle r\u00e9glementation applicable \u00e0 la rentr\u00e9e 2008<\/h3>\n<p class=\"spip\"><a href=\"http:\/\/www.legifrance.gouv.fr\/affichTexte.do?cidTexte=JORFTEXT000019344416&#038;dateTexte=\" class=\"spip_out\">LOI n\u00b0 2008-790 du 20\/08\/08.<\/a><\/p>\n<p class=\"spip\"><img decoding=\"async\" src=\"https:\/\/snuipp86.fr\/wp-content\/spip\/cache-vignettes\/L8xH11\/puce-68c92.gif\" width='8' height='11' alt=\"-\" style='height:11px;width:8px;' class='' \/> Qui fait gr\u00e8ve ?<br \/>\n<br \/><img decoding=\"async\" src=\"https:\/\/snuipp86.fr\/wp-content\/spip\/cache-vignettes\/L8xH11\/puce-68c92.gif\" width='8' height='11' alt=\"-\" style='height:11px;width:8px;' class='' \/> D\u00e9claration pr\u00e9alable<br \/>\n<br \/><img decoding=\"async\" src=\"https:\/\/snuipp86.fr\/wp-content\/spip\/cache-vignettes\/L8xH11\/puce-68c92.gif\" width='8' height='11' alt=\"-\" style='height:11px;width:8px;' class='' \/> Service d&rsquo;Accueil<br \/>\n<br \/><img decoding=\"async\" src=\"https:\/\/snuipp86.fr\/wp-content\/spip\/cache-vignettes\/L8xH11\/puce-68c92.gif\" width='8' height='11' alt=\"-\" style='height:11px;width:8px;' class='' \/> Pendant la gr\u00e8ve<br \/>\n<br \/><img decoding=\"async\" src=\"https:\/\/snuipp86.fr\/wp-content\/spip\/cache-vignettes\/L8xH11\/puce-68c92.gif\" width='8' height='11' alt=\"-\" style='height:11px;width:8px;' class='' \/> Apr\u00e8s la gr\u00e8ve<\/p>\n<p> <center>&#8230;&#8230;&#8230;&#8230;&#8230;&#8230;&#8230;&#8230;&#8230;&#8230;&#8230;&#8230;&#8230;&#8230;&#8230;&#8230;&#8230;&#8230;&#8230;&#8230;&#8230;<\/center><\/p>\n<p class=\"spip\"><strong class=\"spip\">Qui fait gr\u00e8ve ?<\/strong><\/p>\n<p class=\"spip\">L&rsquo;ensemble des instituteurs et des professeurs des \u00e9coles ont droit de gr\u00e8ve, les adjoints comme les directeurs, les personnels sp\u00e9cialis\u00e9s, les enseignants en stage, les titulaires, les non-titulaires, les stagiaires IUFM, les professeurs des \u00e9coles recrut\u00e9s sur liste compl\u00e9mentaire, les conseillers p\u00e9dagogiques, les assistants d&rsquo;\u00e9ducation &#8230; Les seuls personnels n&rsquo;ayant pas le droit de gr\u00e8ve sont les chefs d&rsquo;\u00e9tablissement du second degr\u00e9.<\/p>\n<p class=\"spip\"><b><font color=\"green\">Avant la gr\u00e8ve<\/b><\/font><\/p>\n<p class=\"spip\"><strong class=\"spip\">D\u00e9claration pr\u00e9alable<\/strong><\/p>\n<p class=\"spip\">Lorsqu&rsquo;un pr\u00e9avis de gr\u00e8ve a \u00e9t\u00e9 d\u00e9pos\u00e9, toute personne exer\u00e7ant des fonctions d&rsquo;enseignement dans une \u00e9cole, doit d\u00e9clarer au moins 48 heures avant la gr\u00e8ve son intention d&rsquo;y participer. La personne qui participerait \u00e0 un mouvement de gr\u00e8ve sans s&rsquo;\u00eatre pr\u00e9alablement d\u00e9clar\u00e9e gr\u00e9viste encourrait une sanction disciplinaire. En revanche, la personne qui aurait fait conna\u00eetre son intention de participer au mouvement de gr\u00e8ve peut librement y renoncer.<\/p>\n<p class=\"spip\">Le d\u00e9lai de d\u00e9claration pr\u00e9alable de 48 h doit n\u00e9cessairement comprendre un jour ouvr\u00e9. Les jours ouvr\u00e9s sont les jours travaill\u00e9s, c&rsquo;est-\u00e0-dire les jours de la semaine pendant lesquels des cours sont assur\u00e9s dans l&rsquo;\u00e9cole au sein de laquelle est affect\u00e9 l&rsquo;agent, m\u00eame si l&rsquo;int\u00e9ress\u00e9 n&rsquo;a aucun service \u00e0 assurer ce jour-l\u00e0. En raison de la nouvelle organisation du temps scolaire applicable \u00e0 compter de la rentr\u00e9e 2008, les samedis ne peuvent \u00eatre des jours ouvr\u00e9s dans les \u00e9coles publiques.<\/p>\n<p class=\"spip\"><b><font color=\"blue\">En cons\u00e9quence :<\/b><\/font><\/p>\n<p class=\"spip\">la participation \u00e0 un mouvement de gr\u00e8ve d\u00e9butant un lundi devra faire l&rsquo;objet d&rsquo;une d\u00e9claration individuelle au plus tard le jeudi soir de la semaine pr\u00e9c\u00e9dente.<\/p>\n<p class=\"spip\">Si le mouvement de gr\u00e8ve doit d\u00e9buter un jeudi, la d\u00e9claration individuelle devra intervenir au plus tard le lundi soir, que des cours soit organis\u00e9s le mercredi ou non.<\/p>\n<p class=\"spip\">Cette d\u00e9claration est faite \u00e0 l&rsquo;inspecteur d&rsquo;acad\u00e9mie, ou aux inspecteurs de l&rsquo;\u00e9ducation nationale lorsque l&rsquo;inspecteur d&rsquo;acad\u00e9mie leur a confi\u00e9 la mission de recueillir les d\u00e9clarations et que les personnels concern\u00e9s par cette obligation de d\u00e9claration en ont \u00e9t\u00e9 inform\u00e9s. La d\u00e9claration doit \u00eatre faite par \u00e9crit, par lettre ou par t\u00e9l\u00e9copie et doit parvenir \u00e0 l&rsquo;autorit\u00e9 comp\u00e9tente 48 h avant l&rsquo;entr\u00e9e en gr\u00e8ve de l&rsquo;int\u00e9ress\u00e9.<\/p>\n<p class=\"spip\"><strong class=\"spip\">Transmission de l&rsquo;information au maire :<\/strong><\/p>\n<p class=\"spip\">L&rsquo;inspecteur de l&rsquo;\u00e9ducation nationale ou l&rsquo;inspecteur d&rsquo;acad\u00e9mie destinataire des d\u00e9clarations pr\u00e9alables communique au maire d\u00e8s qu&rsquo;il en a connaissance, le nombre, par \u00e9cole, de personnes ayant proc\u00e9d\u00e9 \u00e0 la d\u00e9claration et lui pr\u00e9cise quelles sont les \u00e9coles pour lesquelles le taux de d\u00e9clarations pr\u00e9alables est \u00e9gal ou sup\u00e9rieur \u00e0 25 % du nombre des personnes soumises \u00e0 l&rsquo;obligation de d\u00e9claration. Cette information est transmise au maire par \u00e9crit, par t\u00e9l\u00e9copie ou message \u00e9lectronique. Avant le d\u00e9clenchement de la gr\u00e8ve le pr\u00e9fet est inform\u00e9 par l&rsquo;autorit\u00e9 acad\u00e9mique, des communes et des \u00e9tablissements pour lesquels le service d&rsquo;accueil devra \u00eatre organis\u00e9.<\/p>\n<p class=\"spip\"><strong class=\"spip\">Information des familles :<\/strong><\/p>\n<p class=\"spip\">Les directeurs d&rsquo;\u00e9cole informent les familles des cons\u00e9quences \u00e9ventuelles du mouvement social sur le fonctionnement de leur \u00e9cole, par les moyens de communication les plus appropri\u00e9s (affichage ext\u00e9rieur notamment). Lorsque le taux pr\u00e9visionnel de gr\u00e9vistes implique l&rsquo;intervention de la commune, ils facilitent la mise en place des mesures d&rsquo;information que cette derni\u00e8re organise \u00e0 destination des familles en application de l&rsquo;article L. 133-4 du code de l&rsquo;\u00e9ducation.<\/p>\n<p class=\"spip\"><b><font color=\"blue\">Service d&rsquo;accueil<\/b><\/font><\/p>\n<p class=\"spip\">La commune met en place le service d&rsquo;accueil au profit des \u00e9l\u00e8ves des \u00e9coles dans lesquelles le nombre de personnes qui ont d\u00e9clar\u00e9 leur intention de participer \u00e0 une gr\u00e8ve est \u00e9gal ou sup\u00e9rieur \u00e0 25 % du nombre des personnes qui y exercent des fonctions d&rsquo;enseignement. Le calcul s&rsquo;effectue par rapport au nombre total de personnes qui exercent des fonctions d&rsquo;enseignement dans chaque \u00e9cole. Ce nombre comprend les personnes appartenant aux corps des personnels enseignants ainsi que les enseignants non titulaires, qui exercent \u00e0 temps plein ou \u00e0 temps partiel dans l&rsquo;\u00e9cole.<\/p>\n<p class=\"spip\"><b><font color=\"blue\">1) Les locaux d&rsquo;accueil<\/b><\/font><\/p>\n<p class=\"spip\">Les communes d\u00e9terminent librement le lieu d&rsquo;accueil des enfants. L&rsquo;accueil peut \u00eatre assur\u00e9 dans l&rsquo;\u00e9cole, que celle-ci soit ferm\u00e9e ou partiellement ouverte conform\u00e9ment aux dispositions de l&rsquo;article L. 133-6 du code de l&rsquo;\u00e9ducation, ou dans d&rsquo;autres locaux de la commune. Elles peuvent choisir \u00e9galement de regrouper l&rsquo;ensemble des enfants concern\u00e9s dans un m\u00eame lieu.<\/p>\n<p class=\"spip\">Si l&rsquo;accueil est organis\u00e9 dans une \u00e9cole dont les locaux continuent d&rsquo;\u00eatre en partie utilis\u00e9s pour les besoins de l&rsquo;enseignement, le directeur d&rsquo;\u00e9cole ne peut s&rsquo;opposer \u00e0 ce que les salles de classe lib\u00e9r\u00e9es en raison de l&rsquo;absence d&rsquo;un enseignant et les locaux communs (cour de r\u00e9cr\u00e9ation, pr\u00e9au, salle polyvalente, biblioth\u00e8que&#8230;) soient utilis\u00e9es par la commune.<\/p>\n<p class=\"spip\">Il reviendra en outre au directeur d&rsquo;\u00e9cole ou, s&rsquo;il est absent, aux enseignants pr\u00e9sents le jour de la gr\u00e8ve d&rsquo;assurer la surveillance de ceux des \u00e9l\u00e8ves qui demeurent sous leur responsabilit\u00e9, y compris lorsque les locaux communs sont \u00e9galement utilis\u00e9s par la commune.<\/p>\n<p class=\"spip\"><b><font color=\"blue\">2) Les personnes assurant l&rsquo;accueil<\/b><\/font><\/p>\n<p class=\"spip\">L&rsquo;article L. 133-7 du code de l&rsquo;\u00e9ducation pr\u00e9voit l&rsquo;\u00e9tablissement dans chaque commune d&rsquo;une liste des personnes susceptibles d&rsquo;assurer le service d&rsquo;accueil. L&rsquo;identification de ces personnes rel\u00e8ve de la seule comp\u00e9tence du maire. Le fait que cette liste ne soit pas \u00e9tablie ne dispense pas la commune de son obligation d&rsquo;organiser le service d&rsquo;accueil. La commune peut faire appel \u00e0 des agents municipaux, dans le respect de leurs statuts, mais \u00e9galement \u00e0 des assistantes maternelles, des animateurs d&rsquo;associations gestionnaires de centre de loisirs, des membres d&rsquo;associations familiales, des enseignants retrait\u00e9s, des \u00e9tudiants, des parents d&rsquo;\u00e9l\u00e8ves, &#8230;<\/p>\n<p class=\"spip\">Les dispositions du code de l&rsquo;action sociale et des familles n&rsquo;imposent en effet, pour les modes d&rsquo;accueil des mineurs n&rsquo;exc\u00e9dant pas 14 jours par an, aucune obligation en termes de qualification des personnels ou de taux d&rsquo;encadrement. Conform\u00e9ment aux dispositions de l&rsquo;article L. 133.7 du code de l&rsquo;\u00e9ducation, la liste des personnes susceptibles d&rsquo;assurer l&rsquo;accueil est transmise \u00e0 l&rsquo;autorit\u00e9 acad\u00e9mique. Celle-ci v\u00e9rifie, dans les conditions pr\u00e9vues au 3\u00b0 de l&rsquo;article 706-53-7 du code de proc\u00e9dure p\u00e9nale, que les personnes qui y sont inscrites ne figurent pas dans le fichier judiciaire national automatis\u00e9 des auteurs d&rsquo;infractions sexuelles ou violentes.<\/p>\n<p class=\"spip\">Les personnes concern\u00e9es auront \u00e9t\u00e9 pr\u00e9alablement inform\u00e9es de cette v\u00e9rification par la commune. Lorsque la consultation fait appara\u00eetre qu&rsquo;une ou plusieurs personnes propos\u00e9es par le maire figurent sur ce fichier, le pr\u00e9fet en est \u00e9galement inform\u00e9. Le directeur d&rsquo;\u00e9cole transmet ensuite la liste qu&rsquo;il a re\u00e7ue du maire pour information aux repr\u00e9sentants des parents d&rsquo;\u00e9l\u00e8ves \u00e9lus au conseil d&rsquo;\u00e9cole. Les personnes y figurant sont pr\u00e9alablement inform\u00e9es de cette transmission par la commune. Il convient par ailleurs de souligner que les personnes charg\u00e9es par la commune d&rsquo;assurer l&rsquo;encadrement des enfants accueillis deviennent \u00e0 cette occasion des agents publics de la commune y compris lorsque leur participation au service n&rsquo;est pas r\u00e9mun\u00e9r\u00e9e. Elles sont par cons\u00e9quent<br \/>\n soumises au principe de neutralit\u00e9 du service public. Elles ne peuvent pour cette raison manifester leur appartenance politique, syndicale ou religieuse. Les agents du minist\u00e8re signaleront \u00e0 l&rsquo;inspection acad\u00e9mique toute m\u00e9connaissance de ce principe qu&rsquo;ils auront pu constater afin que ces faits soient port\u00e9s \u00e0 la connaissance des maires. Les pr\u00e9fets en seront en ce cas inform\u00e9s.<\/p>\n<p class=\"spip\"><b><font color=\"blue\">3) Recours \u00e0 la convention<\/b><\/font><\/p>\n<p class=\"spip\">Il pourra \u00eatre rappel\u00e9 aux maires, notamment dans les petites communes, que la loi autorise tous les m\u00e9canismes conventionnels d&rsquo;association ou de d\u00e9l\u00e9gation du service.<\/p>\n<p class=\"spip\">La commune peut ainsi confier le soin d&rsquo;organiser pour son compte le service d&rsquo;accueil \u00e0 une autre commune ou \u00e0 un \u00e9tablissement public de coop\u00e9ration intercommunale ou encore \u00e0 une caisse des \u00e9coles \u00e0 la demande expresse de son pr\u00e9sident ou encore \u00e0 une association gestionnaire d&rsquo;un centre de loisirs. Elle peut \u00e9galement s&rsquo;associer avec une ou plusieurs autres communes afin d&rsquo;organiser en commun le service. La loi pr\u00e9voit par ailleurs que lorsque les comp\u00e9tences en mati\u00e8re de fonctionnement des \u00e9coles et d&rsquo;accueil des enfants en dehors du temps scolaire ont \u00e9t\u00e9 transf\u00e9r\u00e9es \u00e0 un \u00e9tablissement public de coop\u00e9ration intercommunale, c&rsquo;est ce dernier qui est automatiquement comp\u00e9tent pour assurer le service d&rsquo;accueil.<\/p>\n<p class=\"spip\"><b><font color=\"blue\">4) Information des familles<\/b><\/font><\/p>\n<p class=\"spip\">Les communes qui mettent en place le service d&rsquo;accueil informent les familles conform\u00e9ment aux dispositions de l&rsquo;article L. 133-4 du code de l&rsquo;\u00e9ducation par les moyens qu&rsquo;elles jugent appropri\u00e9s. Cette information porte sur les modalit\u00e9s pratiques d&rsquo;organisation du service.<\/p>\n<p class=\"spip\"><b><font color=\"green\">Pendant la Gr\u00e8ve<\/b><\/font><\/p>\n<p class=\"spip\">En aucun cas, le directeur gr\u00e9viste, pas plus que les adjoints gr\u00e9vistes, ne sont tenus de surveiller les \u00e9l\u00e8ves ni d&rsquo;\u00eatre sur place. Aucune communication ne sera faite \u00e0 l&rsquo;ext\u00e9rieur (RG, police, gendarmerie) sur la situation dans l&rsquo;\u00e9cole (nombre et identit\u00e9 des gr\u00e9vistes, etc&#8230;). Ne r\u00e9pondez ni aux sondages, ni aux enqu\u00eates administratives. Par contre, faites conna\u00eetre au plus vite au SNUipp le nombre et le pourcentage de gr\u00e9vistes.<\/p>\n<p class=\"spip\"><b><font color=\"green\">Apr\u00e8s la Gr\u00e8ve<\/b><\/font><\/p>\n<p class=\"spip\">Pour les retenues de salaires, il appartient \u00e0 l&rsquo;Administration de faire la preuve de la participation \u00e0 la gr\u00e8ve. Ainsi les gr\u00e9vistes, quelle que soit leur fonction, ne r\u00e9pondent \u00e0 aucune enqu\u00eate, ne s&rsquo;inscrivent sur aucune liste, ne signent quelque \u00e9tat que ce soit. Les directeurs et directrices n&rsquo;ont \u00e0 accomplir aucune t\u00e2che administrative particuli\u00e8re \u00e0 ce sujet, sinon transmettre les documents de l&rsquo;Administration aux non gr\u00e9vistes qui les g\u00e8rent eux m\u00eames. Ils ne certifient rien.<\/p>\n<p class=\"spip\">Si des probl\u00e8mes surviennent (r\u00e9actions de parents, d&rsquo;\u00e9lus, &#8230;), aviser la section d\u00e9partementale du SNUipp et transmettre les documents \u00e9ventuels (tracts, articles de presse, &#8230;).<\/p>\n<\/div>\n","protected":false},"excerpt":{"rendered":"<p>Les Consignes en cas de Gr\u00e8ve Attention : nouvelle r\u00e9glementation applicable \u00e0 la rentr\u00e9e 2008 <br \/>LOI n\u00b0 2008-790 du 20\/08\/08. <br \/>Qui fait gr\u00e8ve ? <br \/>D\u00e9claration pr\u00e9alable <br \/>Service d&rsquo;Accueil <br \/>Pendant la gr\u00e8ve <br \/>Apr\u00e8s la gr\u00e8ve <br \/>&#8230;&#8230;&#8230;&#8230;&#8230;&#8230;&#8230;&#8230;&#8230;&#8230;&#8230;&#8230;&#8230;&#8230;&#8230;&#8230;&#8230;&#8230;&#8230;&#8230;&#8230; <br \/>Qui fait gr\u00e8ve ? <br \/>L&rsquo;ensemble des instituteurs et des professeurs des \u00e9coles ont droit de gr\u00e8ve, les adjoints comme les directeurs, les personnels sp\u00e9cialis\u00e9s, les enseignants en stage, les (&#8230;)<br \/>\n&#8211;<br \/>\n<a href=\"http:\/\/86.snuipp.fr\/spip.php?rubrique217\" rel=\"directory\">Que faire en cas de gr\u00e8ve ?<\/a><\/p>\n","protected":false},"author":1,"featured_media":0,"comment_status":"open","ping_status":"open","sticky":false,"template":"","format":"standard","meta":{"footnotes":""},"categories":[14],"tags":[],"class_list":["post-1971","post","type-post","status-publish","format-standard","hentry","category-a-la-une"],"yoast_head":"<!-- This site is optimized with the Yoast SEO plugin v26.6 - https:\/\/yoast.com\/wordpress\/plugins\/seo\/ -->\n<title>GREVE : nouvelles consignes - FSU-SNUipp 86<\/title>\n<meta name=\"robots\" content=\"index, follow, max-snippet:-1, max-image-preview:large, max-video-preview:-1\" \/>\n<link rel=\"canonical\" href=\"https:\/\/snuipp86.fr\/index.php\/2008\/05\/07\/greve-nouvelles-consignes\/\" \/>\n<meta property=\"og:locale\" content=\"fr_FR\" \/>\n<meta property=\"og:type\" content=\"article\" \/>\n<meta property=\"og:title\" content=\"GREVE : nouvelles consignes - FSU-SNUipp 86\" \/>\n<meta property=\"og:description\" content=\"Les Consignes en cas de Gr\u00e8ve Attention : nouvelle r\u00e9glementation applicable \u00e0 la rentr\u00e9e 2008 LOI n\u00b0 2008-790 du 20\/08\/08. Qui fait gr\u00e8ve ? D\u00e9claration pr\u00e9alable Service d&#039;Accueil Pendant la gr\u00e8ve Apr\u00e8s la gr\u00e8ve ............................................................... Qui fait gr\u00e8ve ? L&#039;ensemble des instituteurs et des professeurs des \u00e9coles ont droit de gr\u00e8ve, les adjoints comme les directeurs, les personnels sp\u00e9cialis\u00e9s, les enseignants en stage, les (...) - Que faire en cas de gr\u00e8ve ?\" \/>\n<meta property=\"og:url\" content=\"https:\/\/snuipp86.fr\/index.php\/2008\/05\/07\/greve-nouvelles-consignes\/\" \/>\n<meta property=\"og:site_name\" content=\"FSU-SNUipp 86\" \/>\n<meta property=\"article:published_time\" content=\"2008-05-07T11:49:08+00:00\" \/>\n<meta property=\"og:image\" content=\"http:\/\/snuipp86.fr\/wp-content\/spip\/cache-vignettes\/L8xH11\/puce-68c92.gif\" \/>\n<meta name=\"author\" content=\"WP86Admin\" \/>\n<meta name=\"twitter:card\" content=\"summary_large_image\" \/>\n<meta name=\"twitter:label1\" content=\"\u00c9crit par\" \/>\n\t<meta name=\"twitter:data1\" content=\"WP86Admin\" \/>\n\t<meta name=\"twitter:label2\" content=\"Dur\u00e9e de lecture estim\u00e9e\" \/>\n\t<meta name=\"twitter:data2\" content=\"8 minutes\" \/>\n<script type=\"application\/ld+json\" class=\"yoast-schema-graph\">{\"@context\":\"https:\/\/schema.org\",\"@graph\":[{\"@type\":\"WebPage\",\"@id\":\"https:\/\/snuipp86.fr\/index.php\/2008\/05\/07\/greve-nouvelles-consignes\/\",\"url\":\"https:\/\/snuipp86.fr\/index.php\/2008\/05\/07\/greve-nouvelles-consignes\/\",\"name\":\"GREVE : nouvelles consignes - FSU-SNUipp 86\",\"isPartOf\":{\"@id\":\"https:\/\/snuipp86.fr\/#website\"},\"primaryImageOfPage\":{\"@id\":\"https:\/\/snuipp86.fr\/index.php\/2008\/05\/07\/greve-nouvelles-consignes\/#primaryimage\"},\"image\":{\"@id\":\"https:\/\/snuipp86.fr\/index.php\/2008\/05\/07\/greve-nouvelles-consignes\/#primaryimage\"},\"thumbnailUrl\":\"http:\/\/snuipp86.fr\/wp-content\/spip\/cache-vignettes\/L8xH11\/puce-68c92.gif\",\"datePublished\":\"2008-05-07T11:49:08+00:00\",\"author\":{\"@id\":\"https:\/\/snuipp86.fr\/#\/schema\/person\/901b28b9ae1c7a63a6a940102e52a7a2\"},\"breadcrumb\":{\"@id\":\"https:\/\/snuipp86.fr\/index.php\/2008\/05\/07\/greve-nouvelles-consignes\/#breadcrumb\"},\"inLanguage\":\"fr-FR\",\"potentialAction\":[{\"@type\":\"ReadAction\",\"target\":[\"https:\/\/snuipp86.fr\/index.php\/2008\/05\/07\/greve-nouvelles-consignes\/\"]}]},{\"@type\":\"ImageObject\",\"inLanguage\":\"fr-FR\",\"@id\":\"https:\/\/snuipp86.fr\/index.php\/2008\/05\/07\/greve-nouvelles-consignes\/#primaryimage\",\"url\":\"http:\/\/snuipp86.fr\/wp-content\/spip\/cache-vignettes\/L8xH11\/puce-68c92.gif\",\"contentUrl\":\"http:\/\/snuipp86.fr\/wp-content\/spip\/cache-vignettes\/L8xH11\/puce-68c92.gif\"},{\"@type\":\"BreadcrumbList\",\"@id\":\"https:\/\/snuipp86.fr\/index.php\/2008\/05\/07\/greve-nouvelles-consignes\/#breadcrumb\",\"itemListElement\":[{\"@type\":\"ListItem\",\"position\":1,\"name\":\"Accueil\",\"item\":\"https:\/\/snuipp86.fr\/\"},{\"@type\":\"ListItem\",\"position\":2,\"name\":\"GREVE : nouvelles consignes\"}]},{\"@type\":\"WebSite\",\"@id\":\"https:\/\/snuipp86.fr\/#website\",\"url\":\"https:\/\/snuipp86.fr\/\",\"name\":\"FSU-SNUipp 86\",\"description\":\"Des id\u00e9es qui font l&#039;\u00e9cole\",\"potentialAction\":[{\"@type\":\"SearchAction\",\"target\":{\"@type\":\"EntryPoint\",\"urlTemplate\":\"https:\/\/snuipp86.fr\/?s={search_term_string}\"},\"query-input\":{\"@type\":\"PropertyValueSpecification\",\"valueRequired\":true,\"valueName\":\"search_term_string\"}}],\"inLanguage\":\"fr-FR\"},{\"@type\":\"Person\",\"@id\":\"https:\/\/snuipp86.fr\/#\/schema\/person\/901b28b9ae1c7a63a6a940102e52a7a2\",\"name\":\"WP86Admin\",\"image\":{\"@type\":\"ImageObject\",\"inLanguage\":\"fr-FR\",\"@id\":\"https:\/\/snuipp86.fr\/#\/schema\/person\/image\/\",\"url\":\"https:\/\/secure.gravatar.com\/avatar\/0099845c7ec05dc10d777d8ab4f5142c5ba316283821af2459738ad469a37a1a?s=96&d=mm&r=g\",\"contentUrl\":\"https:\/\/secure.gravatar.com\/avatar\/0099845c7ec05dc10d777d8ab4f5142c5ba316283821af2459738ad469a37a1a?s=96&d=mm&r=g\",\"caption\":\"WP86Admin\"},\"url\":\"https:\/\/snuipp86.fr\/index.php\/author\/wp86admin\/\"}]}<\/script>\n<!-- \/ Yoast SEO plugin. -->","yoast_head_json":{"title":"GREVE : nouvelles consignes - FSU-SNUipp 86","robots":{"index":"index","follow":"follow","max-snippet":"max-snippet:-1","max-image-preview":"max-image-preview:large","max-video-preview":"max-video-preview:-1"},"canonical":"https:\/\/snuipp86.fr\/index.php\/2008\/05\/07\/greve-nouvelles-consignes\/","og_locale":"fr_FR","og_type":"article","og_title":"GREVE : nouvelles consignes - FSU-SNUipp 86","og_description":"Les Consignes en cas de Gr\u00e8ve Attention : nouvelle r\u00e9glementation applicable \u00e0 la rentr\u00e9e 2008 LOI n\u00b0 2008-790 du 20\/08\/08. Qui fait gr\u00e8ve ? D\u00e9claration pr\u00e9alable Service d'Accueil Pendant la gr\u00e8ve Apr\u00e8s la gr\u00e8ve ............................................................... Qui fait gr\u00e8ve ? L'ensemble des instituteurs et des professeurs des \u00e9coles ont droit de gr\u00e8ve, les adjoints comme les directeurs, les personnels sp\u00e9cialis\u00e9s, les enseignants en stage, les (...) - Que faire en cas de gr\u00e8ve ?","og_url":"https:\/\/snuipp86.fr\/index.php\/2008\/05\/07\/greve-nouvelles-consignes\/","og_site_name":"FSU-SNUipp 86","article_published_time":"2008-05-07T11:49:08+00:00","og_image":[{"url":"http:\/\/snuipp86.fr\/wp-content\/spip\/cache-vignettes\/L8xH11\/puce-68c92.gif","type":"","width":"","height":""}],"author":"WP86Admin","twitter_card":"summary_large_image","twitter_misc":{"\u00c9crit par":"WP86Admin","Dur\u00e9e de lecture estim\u00e9e":"8 minutes"},"schema":{"@context":"https:\/\/schema.org","@graph":[{"@type":"WebPage","@id":"https:\/\/snuipp86.fr\/index.php\/2008\/05\/07\/greve-nouvelles-consignes\/","url":"https:\/\/snuipp86.fr\/index.php\/2008\/05\/07\/greve-nouvelles-consignes\/","name":"GREVE : nouvelles consignes - FSU-SNUipp 86","isPartOf":{"@id":"https:\/\/snuipp86.fr\/#website"},"primaryImageOfPage":{"@id":"https:\/\/snuipp86.fr\/index.php\/2008\/05\/07\/greve-nouvelles-consignes\/#primaryimage"},"image":{"@id":"https:\/\/snuipp86.fr\/index.php\/2008\/05\/07\/greve-nouvelles-consignes\/#primaryimage"},"thumbnailUrl":"http:\/\/snuipp86.fr\/wp-content\/spip\/cache-vignettes\/L8xH11\/puce-68c92.gif","datePublished":"2008-05-07T11:49:08+00:00","author":{"@id":"https:\/\/snuipp86.fr\/#\/schema\/person\/901b28b9ae1c7a63a6a940102e52a7a2"},"breadcrumb":{"@id":"https:\/\/snuipp86.fr\/index.php\/2008\/05\/07\/greve-nouvelles-consignes\/#breadcrumb"},"inLanguage":"fr-FR","potentialAction":[{"@type":"ReadAction","target":["https:\/\/snuipp86.fr\/index.php\/2008\/05\/07\/greve-nouvelles-consignes\/"]}]},{"@type":"ImageObject","inLanguage":"fr-FR","@id":"https:\/\/snuipp86.fr\/index.php\/2008\/05\/07\/greve-nouvelles-consignes\/#primaryimage","url":"http:\/\/snuipp86.fr\/wp-content\/spip\/cache-vignettes\/L8xH11\/puce-68c92.gif","contentUrl":"http:\/\/snuipp86.fr\/wp-content\/spip\/cache-vignettes\/L8xH11\/puce-68c92.gif"},{"@type":"BreadcrumbList","@id":"https:\/\/snuipp86.fr\/index.php\/2008\/05\/07\/greve-nouvelles-consignes\/#breadcrumb","itemListElement":[{"@type":"ListItem","position":1,"name":"Accueil","item":"https:\/\/snuipp86.fr\/"},{"@type":"ListItem","position":2,"name":"GREVE : nouvelles consignes"}]},{"@type":"WebSite","@id":"https:\/\/snuipp86.fr\/#website","url":"https:\/\/snuipp86.fr\/","name":"FSU-SNUipp 86","description":"Des id\u00e9es qui font l&#039;\u00e9cole","potentialAction":[{"@type":"SearchAction","target":{"@type":"EntryPoint","urlTemplate":"https:\/\/snuipp86.fr\/?s={search_term_string}"},"query-input":{"@type":"PropertyValueSpecification","valueRequired":true,"valueName":"search_term_string"}}],"inLanguage":"fr-FR"},{"@type":"Person","@id":"https:\/\/snuipp86.fr\/#\/schema\/person\/901b28b9ae1c7a63a6a940102e52a7a2","name":"WP86Admin","image":{"@type":"ImageObject","inLanguage":"fr-FR","@id":"https:\/\/snuipp86.fr\/#\/schema\/person\/image\/","url":"https:\/\/secure.gravatar.com\/avatar\/0099845c7ec05dc10d777d8ab4f5142c5ba316283821af2459738ad469a37a1a?s=96&d=mm&r=g","contentUrl":"https:\/\/secure.gravatar.com\/avatar\/0099845c7ec05dc10d777d8ab4f5142c5ba316283821af2459738ad469a37a1a?s=96&d=mm&r=g","caption":"WP86Admin"},"url":"https:\/\/snuipp86.fr\/index.php\/author\/wp86admin\/"}]}},"_links":{"self":[{"href":"https:\/\/snuipp86.fr\/index.php\/wp-json\/wp\/v2\/posts\/1971","targetHints":{"allow":["GET"]}}],"collection":[{"href":"https:\/\/snuipp86.fr\/index.php\/wp-json\/wp\/v2\/posts"}],"about":[{"href":"https:\/\/snuipp86.fr\/index.php\/wp-json\/wp\/v2\/types\/post"}],"author":[{"embeddable":true,"href":"https:\/\/snuipp86.fr\/index.php\/wp-json\/wp\/v2\/users\/1"}],"replies":[{"embeddable":true,"href":"https:\/\/snuipp86.fr\/index.php\/wp-json\/wp\/v2\/comments?post=1971"}],"version-history":[{"count":0,"href":"https:\/\/snuipp86.fr\/index.php\/wp-json\/wp\/v2\/posts\/1971\/revisions"}],"wp:attachment":[{"href":"https:\/\/snuipp86.fr\/index.php\/wp-json\/wp\/v2\/media?parent=1971"}],"wp:term":[{"taxonomy":"category","embeddable":true,"href":"https:\/\/snuipp86.fr\/index.php\/wp-json\/wp\/v2\/categories?post=1971"},{"taxonomy":"post_tag","embeddable":true,"href":"https:\/\/snuipp86.fr\/index.php\/wp-json\/wp\/v2\/tags?post=1971"}],"curies":[{"name":"wp","href":"https:\/\/api.w.org\/{rel}","templated":true}]}}