{"id":19969,"date":"2020-12-16T14:25:48","date_gmt":"2020-12-16T13:25:48","guid":{"rendered":"http:\/\/snuipp86.fr\/?p=19969"},"modified":"2020-12-16T19:02:26","modified_gmt":"2020-12-16T18:02:26","slug":"mouvement-2021-et-baremes-groupe-de-travail-academique-du-16-12-2020","status":"publish","type":"post","link":"https:\/\/snuipp86.fr\/index.php\/2020\/12\/16\/mouvement-2021-et-baremes-groupe-de-travail-academique-du-16-12-2020\/","title":{"rendered":"Mouvement 2021 et bar\u00e8mes : groupe de travail acad\u00e9mique du 16\/12\/2020"},"content":{"rendered":"<p><img decoding=\"async\" class=\"wp-image-18181 aligncenter\" src=\"https:\/\/snuipp86.fr\/wp-content\/uploads\/2020\/01\/Perdu-pour-le-mouvement-NON-grace-au-SNUipp_corps_m-300x225.jpg\" alt=\"\" width=\"220\" height=\"165\" srcset=\"https:\/\/snuipp86.fr\/wp-content\/uploads\/2020\/01\/Perdu-pour-le-mouvement-NON-grace-au-SNUipp_corps_m-200x150.jpg 200w, https:\/\/snuipp86.fr\/wp-content\/uploads\/2020\/01\/Perdu-pour-le-mouvement-NON-grace-au-SNUipp_corps_m-300x225.jpg 300w, https:\/\/snuipp86.fr\/wp-content\/uploads\/2020\/01\/Perdu-pour-le-mouvement-NON-grace-au-SNUipp_corps_m.jpg 400w\" sizes=\"(max-width: 220px) 100vw, 220px\" \/><\/p>\n<p>Ce groupe de travail fait suite \u00e0 une r\u00e9union bilan Mobilit\u00e9 2020 le 24 novembre (<a href=\"https:\/\/snuipp86.fr\/index.php\/2020\/11\/24\/bilan-mobilite-2020\/\">lien<\/a>) et \u00e0 un 1er groupe de travail le mercredi 9\/12 sur le d\u00e9roulement du mouvement ( <a href=\"https:\/\/snuipp86.fr\/index.php\/2020\/12\/09\/mouvement-1er-degre-groupe-de-travail-academique-du-9-decembre-2020\/\">lien<\/a>).<\/p>\n<p>Le but de ce groupe de travail est de faire la transcription des lignes de gestion nationale (<a href=\"https:\/\/www.education.gouv.fr\/bo\/20\/Special10\/MENH2030236X.htm\">lien<\/a>), qui organisent et\u00a0 cadrent les op\u00e9rations de mouvement, au niveau acad\u00e9mique. Dans ce compte rendu, nous revenons sur les changements principaux discut\u00e9s et \u00e9voqu\u00e9s par rapport \u00e0 la circulaire de l&rsquo;ann\u00e9e derni\u00e8re (<a href=\"https:\/\/e-mouvement.snuipp.fr\/86\/circulaires\/mouvement-circulaire-departementale-2019-3048\">lien<\/a>).<\/p>\n<p><img decoding=\"async\" class=\"size-full wp-image-18634 alignright\" src=\"https:\/\/snuipp86.fr\/wp-content\/uploads\/2020\/04\/cta_puce_fin-fsu-cgt2.png\" alt=\"\" width=\"150\" height=\"150\" \/><\/p>\n<p><strong>Etaient pr\u00e9sent-es<\/strong>\u00a0 ( mixte pr\u00e9sentiel\/distanciel) : Mme Depardieu (DRH), M. Monlun (SGa), Mme Jouhaud, M. Path\u00e9, Mme Proust (DPE5), M. Pipaud (DSDEN 16), 4 DSDEN 17, 2 DSDEN 79, <b>5 FSU\/CGT Educ\u2019Action,<\/b> 1 Fo, 5 Unsa, 3 Snalc,<\/p>\n<p><span style=\"color: #ff0000;\">Le SNUipp repr\u00e9sentait la d\u00e9l\u00e9gation FSU\/CGT Educ\u2019Action.<\/span><\/p>\n<p>&nbsp;<\/p>\n<p>&nbsp;<\/p>\n<h2><span style=\"color: #0000ff;\">Principe des lignes de gestion Acad\u00e9mique pour le bar\u00e8me<\/span><\/h2>\n<p>Les \u00e9l\u00e9ments qui ont \u00e9t\u00e9 travaill\u00e9 sont \u00ab\u00a0acad\u00e9miques\u00a0\u00bb, une d\u00e9clinaison d\u00e9partementale aura lieu pour certains d&rsquo;eux. <span style=\"color: #ff0000;\">Le SNUipp-FSU est d&rsquo;accord sur le principe car le mouvement est d\u00e9partemental et il doit tenir compte des sp\u00e9cificit\u00e9s de territoire.\u00a0<\/span><\/p>\n<p>Ainsi, le projet de bar\u00e8me pr\u00e9sente beaucoup de bar\u00e8mes indicatifs, par exemple il est indiqu\u00e9 pour les situations de handicap \u201c15 pts minimum \u201c. L\u2019administration explique que cela est pour permettre aux d\u00e9partements de conserver une autonomie de d\u00e9cision par rapport \u00e0 l\u2019historique du d\u00e9partement et de mettre ainsi en place des d\u00e9clinaisons. En effet, pour le handicap, il y avait 15 pts dans le 79 mais 50 pts dans le 86, la formulation \u00ab\u00a015 pts minimum\u00a0\u00bb permet \u00e0 tous les d\u00e9partements puissent conserver leur mode de calcul historique. <span style=\"color: #ff0000;\">Le SNUipp-FSU demande que ces ajustements se fassent en toute transparence et en concertation. Le SNUipp-FSU demande que des groupes de travail sur les notes de service d\u00e9partementales soient mis en place dans les 4 d\u00e9partements de l\u2019acad\u00e9mie avec les \u00e9lu.es du personnel au regard des r\u00e9sultats des derni\u00e8res \u00e9lections professionnelles de CAPD.\u00a0<\/span> L&rsquo;administration indique que les d\u00e9clinaisons pour les 4 d\u00e9partements seront pr\u00e9sent\u00e9es de fa\u00e7on acad\u00e9mique.<span style=\"color: #ff0000;\"> Le SNUipp-FSU a rappel\u00e9 que le SG avait indiqu\u00e9 qu\u2019il n\u2019est pas oppos\u00e9 \u00e0 des groupes de travail issus du CTA pour \u00e9tudier les sp\u00e9cificit\u00e9s d\u00e9partementales.<\/span><\/p>\n<p>Ces projets de bar\u00e8me est selon l&rsquo;administration \u00a0\u00bb exhaustif \u00ab\u00a0, c&rsquo;est \u00e0 dire que certains \u00e9l\u00e9ments qui apparaissent dans cette liste, ne se retrouveront pas dans les 4 d\u00e9partements. <span style=\"color: #ff0000;\">Le SNUipp-FSU a d\u00e9fendu que les \u00e9l\u00e9ments de<b> base soient identiques<\/b> dans les 4 d\u00e9partements et qu&rsquo;ensuite, les d\u00e9partements puissent ajouter des \u00e9l\u00e9ments sp\u00e9cifiques<\/span> ( ex : le 17 demande qu\u2019une bonification , anciennet\u00e9 sur le poste, puisse \u00eatre conserv\u00e9e).<\/p>\n<p>&nbsp;<\/p>\n<h2><span style=\"color: #0000ff;\">Le bar\u00e8me de base\u00a0<\/span><\/h2>\n<p><strong>Anciennet\u00e9<\/strong> : 5 pts minimum + 1 pt par ann\u00e9e d\u2019enseignement dans le 1er degr\u00e9 (l&rsquo;ann\u00e9e derni\u00e8re c&rsquo;\u00e9tait 3 pts + 1pts par ann\u00e9e). <span style=\"color: #ff0000;\">Le SNUipp-FSU demande que ce soit l\u2019AGS compl\u00e8te qui soit prise en compte et pas seulement les ann\u00e9es d\u2019enseignement dans le 1er degr\u00e9.\u00a0<\/span><\/p>\n<p><strong>Majoration li\u00e9e au caract\u00e8re r\u00e9p\u00e9t\u00e9 de la demande<\/strong> : 5 pts + 0.5 pts par r\u00e9p\u00e9tition &#8211; (pts l&rsquo;ann\u00e9e derni\u00e8re). Suite \u00e0 la demande du SNUipp-FSU, l\u2019administration indique qu\u2019elle a la main sur ses points et que si des intitul\u00e9s de postes devaient \u00eatre modifi\u00e9s, l&rsquo;administration pourrait corriger ce que le logiciel ne d\u00e9tectera pas.<\/p>\n<p><strong>\u00c9l\u00e9ments discriminants en cas d\u2019\u00e9galit\u00e9 de bar\u00e8me :<\/strong><\/p>\n<ol>\n<li>\u00a0le rang du voeu ; <strong><span style=\"color: #0000ff;\">Nouveaut\u00e9<\/span><\/strong><\/li>\n<li>l\u2019anciennet\u00e9 g\u00e9n\u00e9rale de services au 31\/08\/n-1 ;<\/li>\n<li><span style=\"color: #000000;\">l\u2019\u00e2ge.\u00a0<\/span><\/li>\n<\/ol>\n<p><span style=\"color: #ff0000;\">Le SNUipp-FSU a demand\u00e9 que ce soit l\u2019anciennet\u00e9 g\u00e9n\u00e9rale de service le crit\u00e8re n\u00b01. <span style=\"color: #000000;\">L&rsquo;administration a indiqu\u00e9 que le logiciel \u00e9tait configur\u00e9 avec le rang du voeu. <\/span><br \/>\n<\/span><\/p>\n<p>&nbsp;<\/p>\n<h2><span style=\"color: #0000ff;\">Les majorations familiales<\/span><\/h2>\n<p><strong>Enfant :<\/strong> 0.5 pt par enfant de moins de 18 ans &#8211; <span style=\"color: #ff0000;\">La prise en compte des enfants ne fait pas partie des crit\u00e8res nationaux et c\u2019est le SNUipp-FSU qui l\u2019a obtenu dans notre acad\u00e9mie l\u2019ann\u00e9e derni\u00e8re.<\/span> (<a href=\"https:\/\/snuipp86.fr\/index.php\/2019\/12\/12\/mouvement-2020-gt-sur-les-lignes-directrices-de-gestion-de-lacademie-de-poitiers\/\">voir compte rendu<\/a>)<\/p>\n<p><strong>Rapprochement de conjoint-e<\/strong> : 5 pts minimum (l&rsquo;ann\u00e9e derni\u00e8re en Vienne 5 pts + 0.5 pt par ann\u00e9e de s\u00e9paration)<\/p>\n<p><strong>Rapprochement avec le d\u00e9tenteur de l\u2019autorit\u00e9 parentale conjointe dans l\u2019int\u00e9r\u00eat de l\u2019enfant :<\/strong> 5 pts minimum ( (l&rsquo;ann\u00e9e derni\u00e8re en Vienne 5 pts + 0.5 pt par ann\u00e9e de s\u00e9paration)<\/p>\n<p><strong>Parent isol\u00e9 :<\/strong> 5 pts minimum<\/p>\n<h2><span style=\"color: #0000ff;\">Les majorations professionnelles<\/span><\/h2>\n<p><strong><img decoding=\"async\" class=\" wp-image-19176 alignleft\" src=\"https:\/\/snuipp86.fr\/wp-content\/uploads\/2020\/08\/unnamed-2.jpg\" alt=\"\" width=\"57\" height=\"56\" \/>Exercice en ASH sans certification :<\/strong> 5 pts minimum<\/p>\n<p>&nbsp;<\/p>\n<p><strong><img decoding=\"async\" class=\" wp-image-19293 alignleft\" src=\"https:\/\/snuipp86.fr\/wp-content\/uploads\/2020\/09\/direction-300x251.jpg\" alt=\"\" width=\"129\" height=\"108\" \/><\/strong><\/p>\n<p><strong>Directeur-trice d\u2019\u00e9cole faisant fonction sur une direction :<\/strong> 5 pts minimum sur ce voeu pr\u00e9cis. ( (l&rsquo;ann\u00e9e derni\u00e8re en Vienne 5 pts + 1 pt par ann\u00e9e de faisant fonction)<\/p>\n<p><strong>Directeur-trice d\u2019\u00e9cole, titulaire pendant 3 ans sur le m\u00eame poste<\/strong> : 5 pts minimum \u00a0 <strong><span style=\"color: #0000ff;\">Nouveaut\u00e9 possible dans le 86<\/span><\/strong>. L\u2019administration indique que cette mesure est faite pour inciter les coll\u00e8gues \u00e0 rester au moins 3 ans sur la m\u00eame direction et que cela ne sera pas forc\u00e9ment pr\u00e9sent dans tous les d\u00e9partements. <span style=\"color: #ff0000;\">Le SNUipp-FSU a indiqu\u00e9 que les premi\u00e8res mesures incitatives sont l\u2019augmentation des d\u00e9charges de direction, l\u2019augmentation de la r\u00e9mun\u00e9ration et l\u2019all\u00e8gement des t\u00e2ches administratives. Le SNUipp-FSU demande que cette mesure soit \u00e9tendue aux coll\u00e8gues charg\u00e9-es d\u2019\u00e9cole<\/span>.<\/p>\n<p>&nbsp;<\/p>\n<p><strong><img decoding=\"async\" class=\"size-full wp-image-19977 alignleft\" src=\"https:\/\/snuipp86.fr\/wp-content\/uploads\/2020\/12\/rep-rep.png\" alt=\"\" width=\"175\" height=\"175\" srcset=\"https:\/\/snuipp86.fr\/wp-content\/uploads\/2020\/12\/rep-rep-66x66.png 66w, https:\/\/snuipp86.fr\/wp-content\/uploads\/2020\/12\/rep-rep-150x150.png 150w, https:\/\/snuipp86.fr\/wp-content\/uploads\/2020\/12\/rep-rep.png 175w\" sizes=\"(max-width: 175px) 100vw, 175px\" \/>Exercice en \u00e9ducation prioritaire (REP et REP+)<\/strong> : 5 pts minimum pour 3 ans cons\u00e9cutifs.\u00a0 Suite \u00e0 la question du SNUipp-FSU, l&rsquo;administration a indiqu\u00e9 que ces points peuvent \u00eatre augment\u00e9s aussi avec la dur\u00e9e (il y avait 7 pts pour 5 ans dans le 86 l&rsquo;ann\u00e9e derni\u00e8re). L\u2019administration souhaite que ces points sont conditionn\u00e9s \u00e0 l\u2019exercice \u201csur le m\u00eame poste\u201d. <span style=\"color: #ff0000;\">Le SNUipp-FSU s\u2019est oppos\u00e9 \u00e0 cette partie qui exclurait un nombre important de coll\u00e8gues : des coll\u00e8gues qui changent d\u2019\u00e9cole ou m\u00eame de poste au sein d\u2019une m\u00eame \u00e9cole.<\/span><\/p>\n<p><strong>Exercice en \u00e9coles situ\u00e9es en quartier politique de la ville ou situ\u00e9es \u00e0 proximit\u00e9 imm\u00e9diate d\u2019un quartier politique de la ville : <\/strong>5 pts minimum pour 3 ans &#8211; <span style=\"color: #ff0000;\">M\u00eame remarque\u00a0 que pour l&rsquo;\u00e9ducation prioritaire, le SNUipp-FSU a demand\u00e9 la suppression de la r\u00e9f\u00e9rence \u00ab\u00a0sur le m\u00eame poste\u00a0\u00bb.<\/span><\/p>\n<p><strong><img decoding=\"async\" class=\" wp-image-19818 alignleft\" src=\"https:\/\/snuipp86.fr\/wp-content\/uploads\/2020\/11\/66550_prv-300x228.jpeg\" alt=\"\" width=\"151\" height=\"115\" srcset=\"https:\/\/snuipp86.fr\/wp-content\/uploads\/2020\/11\/66550_prv-200x152.jpeg 200w, https:\/\/snuipp86.fr\/wp-content\/uploads\/2020\/11\/66550_prv-300x228.jpeg 300w, https:\/\/snuipp86.fr\/wp-content\/uploads\/2020\/11\/66550_prv-400x303.jpeg 400w, https:\/\/snuipp86.fr\/wp-content\/uploads\/2020\/11\/66550_prv.jpeg 580w\" sizes=\"(max-width: 151px) 100vw, 151px\" \/>Exercice en \u00e9cole relevant du rural isol\u00e9 :<\/strong> 5 pts minimum pour 3 ans &#8211; <span style=\"color: #ff0000;\">Le SNUipp-FSU demande que la liste de ces \u00e9coles soit \u00e9tudi\u00e9e dans chaque d\u00e9partement. M\u00eame remarque\u00a0 que pour l&rsquo;\u00e9ducation prioritaire, le SNUipp-FSU a demand\u00e9 la suppression de la r\u00e9f\u00e9rence \u00ab\u00a0sur le m\u00eame poste\u00a0\u00bb.<br \/>\n<\/span><\/p>\n<p>&nbsp;<\/p>\n<p><strong><img decoding=\"async\" class=\"size-medium wp-image-18246 alignleft\" src=\"https:\/\/snuipp86.fr\/wp-content\/uploads\/2020\/01\/arton874-300x70.png\" alt=\"\" width=\"300\" height=\"70\" srcset=\"https:\/\/snuipp86.fr\/wp-content\/uploads\/2020\/01\/arton874-200x47.png 200w, https:\/\/snuipp86.fr\/wp-content\/uploads\/2020\/01\/arton874-300x70.png 300w, https:\/\/snuipp86.fr\/wp-content\/uploads\/2020\/01\/arton874.png 385w\" sizes=\"(max-width: 300px) 100vw, 300px\" \/>Mesures de carte scolaire :<\/strong> 5 points minimum et priorit\u00e9 absolue sur le v\u0153u de rang 1 (sur m\u00eame nature de poste ) &#8211;<span style=\"color: #ff0000;\"> le SNUipp-FSU a rappel\u00e9 que les situations de carte scolaire \u00e9taient tr\u00e8s diverses selon le type (fermeture classe, fusion, RPC &#8230;)\u00a0 ou les personnels touch\u00e9s ( adjoint-e, directeur-trice, rempla\u00e7ant-e ..) et que donc les bar\u00e8mes et les modalit\u00e9s de priorit\u00e9 devaient \u00eatre plus affin\u00e9s.<\/span><\/p>\n<p>&nbsp;<\/p>\n<h2><span style=\"color: #0000ff;\">Les majorations li\u00e9es \u00e0 des situations personnelles<\/span><\/h2>\n<p><strong>Handicap (coll\u00e8gue, conjoint-e ou enfant) ou enfant gravement malade<\/strong> : 15 pts minimum ( l&rsquo;ann\u00e9e derni\u00e8re en Vienne 50 pts pour handicap et 7 pts pour enfant malade).<\/p>\n<p><strong>Situation de sant\u00e9 ou sociale grave<\/strong> : 4 pts ( (l&rsquo;ann\u00e9e derni\u00e8re en Vienne 3 pts) &#8211; <span style=\"color: #ff0000;\">Ces situations ne font pas partie des crit\u00e8res nationaux et c\u2019est le SNUipp-FSU qui l\u2019a obtenu dans notre acad\u00e9mie l\u2019ann\u00e9e derni\u00e8re. <\/span>(<a href=\"https:\/\/snuipp86.fr\/index.php\/2019\/12\/12\/mouvement-2020-gt-sur-les-lignes-directrices-de-gestion-de-lacademie-de-poitiers\/\">voir compte rendu<\/a>)<\/p>\n<p>Les points pour\u00a0 <strong>\u201cSportif de haut niveau (SHN)\u201d<\/strong> n&rsquo;apparaissent plus. Le SNUipp-FSU a indiqu\u00e9 sa surprise au regard de l&rsquo;objectif des JO \u00e0 Paris 2024 et demand\u00e9 que les quelques coll\u00e8gues en relevant, puissent voir leur situation \u00e9tudi\u00e9e dans le cadre des situations sociales.<\/p>\n<p>&nbsp;<\/p>\n<h2><span style=\"color: #0000ff;\">Autres sujets mouvement : volontaires, ULIS, MUG, PA<\/span><\/h2>\n<p>&nbsp;<\/p>\n<h3>Volontaire<\/h3>\n<p><span style=\"color: #ff0000;\">Le SNUipp-FSU demande le maintien des possibilit\u00e9s de volontariat sur les postes de direction, ASH et brigades.<\/span> C\u2019est \u00e0 dire l\u2019exercice sur un 1 an sur ces types de postes tout en restant titulaire de son poste. Le SG indique que cela apparaitra dans les notes de service d\u00e9partementales.<\/p>\n<p>&nbsp;<\/p>\n<h3>ULIS<\/h3>\n<p><span style=\"color: #ff0000;\">Le SNUipp-FSU est intervenu pour rappeler que les postes d\u2019ULIS 1er degr\u00e9 et 2nd degr\u00e9 doivent appara\u00eetre dans le mouvement informatis\u00e9 et ne sont pas des postes \u00e0 profil.<\/span><\/p>\n<p>L\u2019administration confirme ces conditions d\u2019affectation et pr\u00e9cise, que si profilage, le SG du 79 \u00e9voque une ULIS TSA, cela sera publi\u00e9 dans les notes de service avec la liste des postes \u00e0 profil qui est d\u00e9partemental.<\/p>\n<p><span style=\"color: #ff0000;\">Le SNUipp-FSU demande que les projets de profilage soient pr\u00e9sent\u00e9s et discut\u00e9s en CTA en amont du mouvement.<br \/>\n<\/span><\/p>\n<p>&nbsp;<\/p>\n<h3>MUG<\/h3>\n<p>C&rsquo;est l&rsquo;acronyme de Mouvement Unit\u00e9 de Gestion, nom barbare pour d\u00e9signer une cat\u00e9gorie de postes. Ces MUG doivent \u00eatre associ\u00e9s \u00e0 une zone pour constituer les voeux larges.<\/p>\n<p>Il existe 7 choix de MUG\u00a0 :<\/p>\n<div>\n<ol>\n<li>Enseignants<\/li>\n<li>Remplacement<\/li>\n<li>Directions 14 classes et plus (jusqu\u2019\u00e0 19 classes)<\/li>\n<li>Directions 10 \u00e0 13 classes<\/li>\n<li>Directions 8 et 9 classes<\/li>\n<li>\u00a0Direction 2 \u00e0 7 classes<\/li>\n<li>ASH<\/li>\n<\/ol>\n<\/div>\n<p>Ces MUG sont divis\u00e9s en sous-cat\u00e9gories de postes, elles-m\u00eames prioris\u00e9es dans cet ordre pr\u00e9cis. Exemple pour le MUG Enseignants :<\/p>\n<p>a. Adjoint \u00e9l\u00e9mentaire<br \/>\nb. Adjoint maternelle<br \/>\nc. Poste fractionn\u00e9 \u00e0 titre d\u00e9finitif<br \/>\nd. Charg\u00e9 d\u2019\u00e9cole maternelle<br \/>\ne. Charg\u00e9 d\u2019\u00e9cole \u00e9l\u00e9mentaire<br \/>\nf. Titulaires de secteur<\/p>\n<p><span style=\"color: #ff0000;\">Le SNUipp-FSU demande que la liste des MUG soit travaill\u00e9e en amont du mouvement.<br \/>\n<\/span><\/p>\n<p><span style=\"color: #ff0000;\">Le SNUipp-FSU demande que le MUG ASH ne soit pas actif comme ce fut le cas l&rsquo;ann\u00e9e derni\u00e8re.<\/span><\/p>\n<p><span style=\"color: #ff0000;\">Le SNUipp-FSU a demand\u00e9 que les postes de charg\u00e9-e d\u2019\u00e9cole n\u2019apparaissent dans le MUG \u00ab\u00a0Enseignant\u00a0\u00bb. <span style=\"color: #000000;\">Seul le 86 l&rsquo;avait obtenu l&rsquo;ann\u00e9e derni\u00e8re.<\/span><\/span><\/p>\n<p>&nbsp;<\/p>\n<h3>Priorit\u00e9 d&rsquo;Affectation<\/h3>\n<p><span style=\"color: #ff0000;\">Le SNUipp-FSU a demand\u00e9 que le sujet des priorit\u00e9s d\u2019affectation soit \u00e9tudi\u00e9 d\u00e9partementalement.<\/span><\/p>\n<p><span style=\"color: #ff0000;\">Le SNUipp-FSU 86 a notamment demand\u00e9 que si des postes de \u00ab\u00a0titulaire secteur\u00a0\u00bb devaient \u00eatre cr\u00e9\u00e9s, les coll\u00e8gues en PA devaient b\u00e9n\u00e9ficier de bonifications.<\/span><\/p>\n<p>&nbsp;<\/p>\n<p>La r\u00e9union commenc\u00e9e \u00e0 9h s&rsquo;est termin\u00e9e \u00e0 12h30. Le SG nous a indiqu\u00e9 que les arbitrages demand\u00e9s nous seraient communiqu\u00e9s prochainement &#8230;<\/p>\n<p>&nbsp;<\/p>\n<p><strong>La seule certitude est, que vous pourrez compter sur vos repr\u00e9sentant-es du SNUipp-FSU 86 dans toutes les \u00e9tapes du mouvement 2021 !!!! <\/strong><\/p>\n<p><img decoding=\"async\" class=\"size-medium wp-image-18837 aligncenter\" src=\"https:\/\/snuipp86.fr\/wp-content\/uploads\/2020\/05\/logo-ct-300x127.jpg\" alt=\"\" width=\"300\" height=\"127\" \/><\/p>\n","protected":false},"excerpt":{"rendered":"<p>Ce groupe de travail fait suite \u00e0 une r\u00e9union bilan Mobilit\u00e9 2020 le 24 novembre (lien) et \u00e0 un 1er groupe de travail le mercredi 9\/12 sur le d\u00e9roulement du mouvement ( lien). Le but de ce groupe de travail est de faire la transcription des lignes de gestion nationale (lien), qui organisent et\u00a0 cadrent les [&hellip;]<\/p>\n","protected":false},"author":4,"featured_media":0,"comment_status":"closed","ping_status":"closed","sticky":false,"template":"","format":"standard","meta":{"footnotes":""},"categories":[14],"tags":[22,28],"class_list":["post-19969","post","type-post","status-publish","format-standard","hentry","category-a-la-une","tag-droits-des-personnels","tag-mouvement"],"yoast_head":"<!-- This site is optimized with the Yoast SEO plugin v26.6 - https:\/\/yoast.com\/wordpress\/plugins\/seo\/ -->\n<title>Mouvement 2021 et bar\u00e8mes : groupe de travail acad\u00e9mique du 16\/12\/2020 - FSU-SNUipp 86<\/title>\n<meta name=\"robots\" content=\"index, follow, max-snippet:-1, max-image-preview:large, max-video-preview:-1\" \/>\n<link rel=\"canonical\" href=\"https:\/\/snuipp86.fr\/index.php\/2020\/12\/16\/mouvement-2021-et-baremes-groupe-de-travail-academique-du-16-12-2020\/\" \/>\n<meta property=\"og:locale\" content=\"fr_FR\" \/>\n<meta property=\"og:type\" content=\"article\" \/>\n<meta property=\"og:title\" content=\"Mouvement 2021 et bar\u00e8mes : groupe de travail acad\u00e9mique du 16\/12\/2020 - FSU-SNUipp 86\" \/>\n<meta property=\"og:description\" content=\"Ce groupe de travail fait suite \u00e0 une r\u00e9union bilan Mobilit\u00e9 2020 le 24 novembre (lien) et \u00e0 un 1er groupe de travail le mercredi 9\/12 sur le d\u00e9roulement du mouvement ( lien). Le but de ce groupe de travail est de faire la transcription des lignes de gestion nationale (lien), qui organisent et\u00a0 cadrent les [&hellip;]\" \/>\n<meta property=\"og:url\" content=\"https:\/\/snuipp86.fr\/index.php\/2020\/12\/16\/mouvement-2021-et-baremes-groupe-de-travail-academique-du-16-12-2020\/\" \/>\n<meta property=\"og:site_name\" content=\"FSU-SNUipp 86\" \/>\n<meta property=\"article:published_time\" content=\"2020-12-16T13:25:48+00:00\" \/>\n<meta property=\"article:modified_time\" content=\"2020-12-16T18:02:26+00:00\" \/>\n<meta property=\"og:image\" content=\"https:\/\/snuipp86.fr\/wp-content\/uploads\/2020\/03\/Perdu-pour-le-mouvement-NON-grace-au-SNUipp_corps_m-e1588523035841.jpg\" \/>\n\t<meta property=\"og:image:width\" content=\"200\" \/>\n\t<meta property=\"og:image:height\" content=\"150\" \/>\n\t<meta property=\"og:image:type\" content=\"image\/jpeg\" \/>\n<meta name=\"author\" content=\"Matthieu Menaut\" \/>\n<meta name=\"twitter:card\" content=\"summary_large_image\" \/>\n<meta name=\"twitter:label1\" content=\"\u00c9crit par\" \/>\n\t<meta name=\"twitter:data1\" content=\"Matthieu Menaut\" \/>\n\t<meta name=\"twitter:label2\" content=\"Dur\u00e9e de lecture estim\u00e9e\" \/>\n\t<meta name=\"twitter:data2\" content=\"8 minutes\" \/>\n<script type=\"application\/ld+json\" class=\"yoast-schema-graph\">{\"@context\":\"https:\/\/schema.org\",\"@graph\":[{\"@type\":\"WebPage\",\"@id\":\"https:\/\/snuipp86.fr\/index.php\/2020\/12\/16\/mouvement-2021-et-baremes-groupe-de-travail-academique-du-16-12-2020\/\",\"url\":\"https:\/\/snuipp86.fr\/index.php\/2020\/12\/16\/mouvement-2021-et-baremes-groupe-de-travail-academique-du-16-12-2020\/\",\"name\":\"Mouvement 2021 et bar\u00e8mes : groupe de travail acad\u00e9mique du 16\/12\/2020 - FSU-SNUipp 86\",\"isPartOf\":{\"@id\":\"https:\/\/snuipp86.fr\/#website\"},\"primaryImageOfPage\":{\"@id\":\"https:\/\/snuipp86.fr\/index.php\/2020\/12\/16\/mouvement-2021-et-baremes-groupe-de-travail-academique-du-16-12-2020\/#primaryimage\"},\"image\":{\"@id\":\"https:\/\/snuipp86.fr\/index.php\/2020\/12\/16\/mouvement-2021-et-baremes-groupe-de-travail-academique-du-16-12-2020\/#primaryimage\"},\"thumbnailUrl\":\"http:\/\/snuipp86.fr\/wp-content\/uploads\/2020\/01\/Perdu-pour-le-mouvement-NON-grace-au-SNUipp_corps_m-300x225.jpg\",\"datePublished\":\"2020-12-16T13:25:48+00:00\",\"dateModified\":\"2020-12-16T18:02:26+00:00\",\"author\":{\"@id\":\"https:\/\/snuipp86.fr\/#\/schema\/person\/5a96b33672b90a1385fd0b096fd5ebcb\"},\"breadcrumb\":{\"@id\":\"https:\/\/snuipp86.fr\/index.php\/2020\/12\/16\/mouvement-2021-et-baremes-groupe-de-travail-academique-du-16-12-2020\/#breadcrumb\"},\"inLanguage\":\"fr-FR\",\"potentialAction\":[{\"@type\":\"ReadAction\",\"target\":[\"https:\/\/snuipp86.fr\/index.php\/2020\/12\/16\/mouvement-2021-et-baremes-groupe-de-travail-academique-du-16-12-2020\/\"]}]},{\"@type\":\"ImageObject\",\"inLanguage\":\"fr-FR\",\"@id\":\"https:\/\/snuipp86.fr\/index.php\/2020\/12\/16\/mouvement-2021-et-baremes-groupe-de-travail-academique-du-16-12-2020\/#primaryimage\",\"url\":\"https:\/\/snuipp86.fr\/wp-content\/uploads\/2020\/01\/Perdu-pour-le-mouvement-NON-grace-au-SNUipp_corps_m.jpg\",\"contentUrl\":\"https:\/\/snuipp86.fr\/wp-content\/uploads\/2020\/01\/Perdu-pour-le-mouvement-NON-grace-au-SNUipp_corps_m.jpg\",\"width\":400,\"height\":300},{\"@type\":\"BreadcrumbList\",\"@id\":\"https:\/\/snuipp86.fr\/index.php\/2020\/12\/16\/mouvement-2021-et-baremes-groupe-de-travail-academique-du-16-12-2020\/#breadcrumb\",\"itemListElement\":[{\"@type\":\"ListItem\",\"position\":1,\"name\":\"Accueil\",\"item\":\"https:\/\/snuipp86.fr\/\"},{\"@type\":\"ListItem\",\"position\":2,\"name\":\"Mouvement 2021 et bar\u00e8mes : groupe de travail acad\u00e9mique du 16\/12\/2020\"}]},{\"@type\":\"WebSite\",\"@id\":\"https:\/\/snuipp86.fr\/#website\",\"url\":\"https:\/\/snuipp86.fr\/\",\"name\":\"FSU-SNUipp 86\",\"description\":\"Des id\u00e9es qui font l&#039;\u00e9cole\",\"potentialAction\":[{\"@type\":\"SearchAction\",\"target\":{\"@type\":\"EntryPoint\",\"urlTemplate\":\"https:\/\/snuipp86.fr\/?s={search_term_string}\"},\"query-input\":{\"@type\":\"PropertyValueSpecification\",\"valueRequired\":true,\"valueName\":\"search_term_string\"}}],\"inLanguage\":\"fr-FR\"},{\"@type\":\"Person\",\"@id\":\"https:\/\/snuipp86.fr\/#\/schema\/person\/5a96b33672b90a1385fd0b096fd5ebcb\",\"name\":\"Matthieu Menaut\",\"image\":{\"@type\":\"ImageObject\",\"inLanguage\":\"fr-FR\",\"@id\":\"https:\/\/snuipp86.fr\/#\/schema\/person\/image\/\",\"url\":\"https:\/\/secure.gravatar.com\/avatar\/03e70f897b03256ddca91d16c3e33a876c31abbf1b31cb48e60e770f684a04d1?s=96&d=mm&r=g\",\"contentUrl\":\"https:\/\/secure.gravatar.com\/avatar\/03e70f897b03256ddca91d16c3e33a876c31abbf1b31cb48e60e770f684a04d1?s=96&d=mm&r=g\",\"caption\":\"Matthieu Menaut\"},\"url\":\"https:\/\/snuipp86.fr\/index.php\/author\/mmenaut\/\"}]}<\/script>\n<!-- \/ Yoast SEO plugin. -->","yoast_head_json":{"title":"Mouvement 2021 et bar\u00e8mes : groupe de travail acad\u00e9mique du 16\/12\/2020 - FSU-SNUipp 86","robots":{"index":"index","follow":"follow","max-snippet":"max-snippet:-1","max-image-preview":"max-image-preview:large","max-video-preview":"max-video-preview:-1"},"canonical":"https:\/\/snuipp86.fr\/index.php\/2020\/12\/16\/mouvement-2021-et-baremes-groupe-de-travail-academique-du-16-12-2020\/","og_locale":"fr_FR","og_type":"article","og_title":"Mouvement 2021 et bar\u00e8mes : groupe de travail acad\u00e9mique du 16\/12\/2020 - FSU-SNUipp 86","og_description":"Ce groupe de travail fait suite \u00e0 une r\u00e9union bilan Mobilit\u00e9 2020 le 24 novembre (lien) et \u00e0 un 1er groupe de travail le mercredi 9\/12 sur le d\u00e9roulement du mouvement ( lien). Le but de ce groupe de travail est de faire la transcription des lignes de gestion nationale (lien), qui organisent et\u00a0 cadrent les [&hellip;]","og_url":"https:\/\/snuipp86.fr\/index.php\/2020\/12\/16\/mouvement-2021-et-baremes-groupe-de-travail-academique-du-16-12-2020\/","og_site_name":"FSU-SNUipp 86","article_published_time":"2020-12-16T13:25:48+00:00","article_modified_time":"2020-12-16T18:02:26+00:00","og_image":[{"width":200,"height":150,"url":"https:\/\/snuipp86.fr\/wp-content\/uploads\/2020\/03\/Perdu-pour-le-mouvement-NON-grace-au-SNUipp_corps_m-e1588523035841.jpg","type":"image\/jpeg"}],"author":"Matthieu Menaut","twitter_card":"summary_large_image","twitter_misc":{"\u00c9crit par":"Matthieu Menaut","Dur\u00e9e de lecture estim\u00e9e":"8 minutes"},"schema":{"@context":"https:\/\/schema.org","@graph":[{"@type":"WebPage","@id":"https:\/\/snuipp86.fr\/index.php\/2020\/12\/16\/mouvement-2021-et-baremes-groupe-de-travail-academique-du-16-12-2020\/","url":"https:\/\/snuipp86.fr\/index.php\/2020\/12\/16\/mouvement-2021-et-baremes-groupe-de-travail-academique-du-16-12-2020\/","name":"Mouvement 2021 et bar\u00e8mes : groupe de travail acad\u00e9mique du 16\/12\/2020 - FSU-SNUipp 86","isPartOf":{"@id":"https:\/\/snuipp86.fr\/#website"},"primaryImageOfPage":{"@id":"https:\/\/snuipp86.fr\/index.php\/2020\/12\/16\/mouvement-2021-et-baremes-groupe-de-travail-academique-du-16-12-2020\/#primaryimage"},"image":{"@id":"https:\/\/snuipp86.fr\/index.php\/2020\/12\/16\/mouvement-2021-et-baremes-groupe-de-travail-academique-du-16-12-2020\/#primaryimage"},"thumbnailUrl":"http:\/\/snuipp86.fr\/wp-content\/uploads\/2020\/01\/Perdu-pour-le-mouvement-NON-grace-au-SNUipp_corps_m-300x225.jpg","datePublished":"2020-12-16T13:25:48+00:00","dateModified":"2020-12-16T18:02:26+00:00","author":{"@id":"https:\/\/snuipp86.fr\/#\/schema\/person\/5a96b33672b90a1385fd0b096fd5ebcb"},"breadcrumb":{"@id":"https:\/\/snuipp86.fr\/index.php\/2020\/12\/16\/mouvement-2021-et-baremes-groupe-de-travail-academique-du-16-12-2020\/#breadcrumb"},"inLanguage":"fr-FR","potentialAction":[{"@type":"ReadAction","target":["https:\/\/snuipp86.fr\/index.php\/2020\/12\/16\/mouvement-2021-et-baremes-groupe-de-travail-academique-du-16-12-2020\/"]}]},{"@type":"ImageObject","inLanguage":"fr-FR","@id":"https:\/\/snuipp86.fr\/index.php\/2020\/12\/16\/mouvement-2021-et-baremes-groupe-de-travail-academique-du-16-12-2020\/#primaryimage","url":"https:\/\/snuipp86.fr\/wp-content\/uploads\/2020\/01\/Perdu-pour-le-mouvement-NON-grace-au-SNUipp_corps_m.jpg","contentUrl":"https:\/\/snuipp86.fr\/wp-content\/uploads\/2020\/01\/Perdu-pour-le-mouvement-NON-grace-au-SNUipp_corps_m.jpg","width":400,"height":300},{"@type":"BreadcrumbList","@id":"https:\/\/snuipp86.fr\/index.php\/2020\/12\/16\/mouvement-2021-et-baremes-groupe-de-travail-academique-du-16-12-2020\/#breadcrumb","itemListElement":[{"@type":"ListItem","position":1,"name":"Accueil","item":"https:\/\/snuipp86.fr\/"},{"@type":"ListItem","position":2,"name":"Mouvement 2021 et bar\u00e8mes : groupe de travail acad\u00e9mique du 16\/12\/2020"}]},{"@type":"WebSite","@id":"https:\/\/snuipp86.fr\/#website","url":"https:\/\/snuipp86.fr\/","name":"FSU-SNUipp 86","description":"Des id\u00e9es qui font l&#039;\u00e9cole","potentialAction":[{"@type":"SearchAction","target":{"@type":"EntryPoint","urlTemplate":"https:\/\/snuipp86.fr\/?s={search_term_string}"},"query-input":{"@type":"PropertyValueSpecification","valueRequired":true,"valueName":"search_term_string"}}],"inLanguage":"fr-FR"},{"@type":"Person","@id":"https:\/\/snuipp86.fr\/#\/schema\/person\/5a96b33672b90a1385fd0b096fd5ebcb","name":"Matthieu Menaut","image":{"@type":"ImageObject","inLanguage":"fr-FR","@id":"https:\/\/snuipp86.fr\/#\/schema\/person\/image\/","url":"https:\/\/secure.gravatar.com\/avatar\/03e70f897b03256ddca91d16c3e33a876c31abbf1b31cb48e60e770f684a04d1?s=96&d=mm&r=g","contentUrl":"https:\/\/secure.gravatar.com\/avatar\/03e70f897b03256ddca91d16c3e33a876c31abbf1b31cb48e60e770f684a04d1?s=96&d=mm&r=g","caption":"Matthieu Menaut"},"url":"https:\/\/snuipp86.fr\/index.php\/author\/mmenaut\/"}]}},"_links":{"self":[{"href":"https:\/\/snuipp86.fr\/index.php\/wp-json\/wp\/v2\/posts\/19969","targetHints":{"allow":["GET"]}}],"collection":[{"href":"https:\/\/snuipp86.fr\/index.php\/wp-json\/wp\/v2\/posts"}],"about":[{"href":"https:\/\/snuipp86.fr\/index.php\/wp-json\/wp\/v2\/types\/post"}],"author":[{"embeddable":true,"href":"https:\/\/snuipp86.fr\/index.php\/wp-json\/wp\/v2\/users\/4"}],"replies":[{"embeddable":true,"href":"https:\/\/snuipp86.fr\/index.php\/wp-json\/wp\/v2\/comments?post=19969"}],"version-history":[{"count":0,"href":"https:\/\/snuipp86.fr\/index.php\/wp-json\/wp\/v2\/posts\/19969\/revisions"}],"wp:attachment":[{"href":"https:\/\/snuipp86.fr\/index.php\/wp-json\/wp\/v2\/media?parent=19969"}],"wp:term":[{"taxonomy":"category","embeddable":true,"href":"https:\/\/snuipp86.fr\/index.php\/wp-json\/wp\/v2\/categories?post=19969"},{"taxonomy":"post_tag","embeddable":true,"href":"https:\/\/snuipp86.fr\/index.php\/wp-json\/wp\/v2\/tags?post=19969"}],"curies":[{"name":"wp","href":"https:\/\/api.w.org\/{rel}","templated":true}]}}