{"id":20130,"date":"2021-01-28T14:09:54","date_gmt":"2021-01-28T13:09:54","guid":{"rendered":"http:\/\/snuipp86.fr\/?p=20130"},"modified":"2021-01-28T21:15:16","modified_gmt":"2021-01-28T20:15:16","slug":"supplement-familial-de-traitement-sft-partage-possible-en-cas-de-separation","status":"publish","type":"post","link":"https:\/\/snuipp86.fr\/index.php\/2021\/01\/28\/supplement-familial-de-traitement-sft-partage-possible-en-cas-de-separation\/","title":{"rendered":"Suppl\u00e9ment familial de traitement\u00a0(SFT)\u00a0: partage possible en cas de s\u00e9paration"},"content":{"rendered":"<p><strong><u>Textes de r\u00e9f\u00e9rence<\/u><\/strong> :<\/p>\n<ul>\n<li><a href=\"https:\/\/www.legifrance.gouv.fr\/jorf\/id\/JORFTEXT000042512739\">d\u00e9cret n\u00b0\u00a02020-1366<\/a> du 10\u00a0novembre\u00a02020<\/li>\n<li><a href=\"https:\/\/www.legifrance.gouv.fr\/affichTexte.do?cidTexte=JORFTEXT000000872483&amp;categorieLien=cid\">d\u00e9cret n\u00b0 85-1148 du 24 octobre 1985<\/a><\/li>\n<\/ul>\n<p>Le SFT est attribu\u00e9 aux fonctionnaires et aux non-titulaires (pas aux vacataires) en plus des prestations familiales, en fonction du nombre d\u2019enfants \u00e0 charge et \u00e0 raison d\u2019un seul droit par enfant.<\/p>\n<p>Le nouveau d\u00e9cret autorise un partage du SFT entre les 2 parents s\u00e9par\u00e9s.<\/p>\n<ul>\n<li><u>Garde accord\u00e9e \u00e0 un des deux parents<\/u> :<\/li>\n<\/ul>\n<p>Si les parents sont tous les deux fonctionnaires, alors le parent ayant la garde peut demander \u00e0 ce que le SFT soit calcul\u00e9 sur la base indiciaire de son ex conjoint s\u2019il est plus avantageux.<\/p>\n<p>Si l\u2019ancien conjoint.e n\u2019est pas fonctionnaire, le calcul sera de facto calcul\u00e9 sur la base indiciaire d\u00e9tenue par le ou la fonctionnaire.<\/p>\n<p>Celui ou celle qui a la garde de l\u2019enfant, fonctionnaire ou non, per\u00e7oit en totalit\u00e9 le SFT.<\/p>\n<ul>\n<li><u>Garde altern\u00e9e<\/u> :<\/li>\n<\/ul>\n<p>En cas de r\u00e9sidence altern\u00e9e de l&rsquo;enfant au domicile de chacun des parents, la charge de l&rsquo;enfant pour le calcul du SFT peut d\u00e9sormais \u00eatre partag\u00e9e par moiti\u00e9 entre les 2 parents\u00a0:<\/p>\n<p>&#8211; lorsque les parents en font la demande conjointe\u00a0;<\/p>\n<p>&#8211; lorsque les parents sont en d\u00e9saccord sur la d\u00e9signation du b\u00e9n\u00e9ficiaire unique.<\/p>\n<p><em>A noter que lorsque les parents ont fait une demande conjointe de partage, ces modalit\u00e9s ne peuvent \u00eatre remises en cause qu&rsquo;au bout d&rsquo;un an, sauf si intervient un changement de mode de r\u00e9sidence de l&rsquo;enfant.<\/em><\/p>\n<p><strong>Modalit\u00e9 de calcul g\u00e9n\u00e9rale :<\/strong><\/p>\n<p>SFT de base = part fixe + part indiciaire<\/p>\n<p>&nbsp;<\/p>\n<table width=\"624\">\n<tbody>\n<tr>\n<td width=\"123\">Nombre d&rsquo;enfants<\/td>\n<td width=\"85\">Part fixe<\/td>\n<td width=\"164\">Part proportionnelle au traitement brut<\/td>\n<td width=\"135\">Minimum mensuel<\/td>\n<td width=\"116\">Maximum mensuel<\/td>\n<\/tr>\n<tr>\n<td width=\"123\">\n<p style=\"text-align: left;\">1<\/p>\n<\/td>\n<td width=\"85\">2,29 \u20ac<\/td>\n<td width=\"164\"><\/td>\n<td width=\"135\">2,29 \u20ac<\/td>\n<td width=\"116\">2,29 \u20ac<\/td>\n<\/tr>\n<tr>\n<td width=\"123\">2<\/td>\n<td width=\"85\">10,67<\/td>\n<td width=\"164\">3,00%<\/td>\n<td width=\"135\">73,79 \u20ac<\/td>\n<td width=\"116\">111,47 \u20ac<\/td>\n<\/tr>\n<tr>\n<td width=\"123\">3<\/td>\n<td width=\"85\">15,24 \u20ac<\/td>\n<td width=\"164\">8,00%<\/td>\n<td width=\"135\">183,56 \u20ac<\/td>\n<td width=\"116\">284,03 \u20ac<\/td>\n<\/tr>\n<tr>\n<td width=\"123\">Par enfant suppl\u00e9mentaire<\/td>\n<td width=\"85\">4,57 \u20ac<\/td>\n<td width=\"164\">6,00%<\/td>\n<td width=\"135\">130,81 \u20ac<\/td>\n<td width=\"116\">206,17 \u20ac<\/td>\n<\/tr>\n<\/tbody>\n<\/table>\n<p>&nbsp;<\/p>\n<p>Quelle que soit la modalit\u00e9 de garde en cas de s\u00e9paration, le calcul tient compte du nombre d\u2019enfants \u00e0 charge pour chacun et se calcule ainsi :<\/p>\n<p>SFT de l\u2019agent = SFT de base x (volume de garde)\/(nbre d\u2019enfants total \u00e0 charge de l\u2019agent retenu \u00a0pour le calcul)<\/p>\n<p><em>Volume de garde : 0,5 en garde altern\u00e9e ; 1 en garde totale.<\/em><\/p>\n<p>&nbsp;<\/p>\n<p><u>Exemple<\/u> :<\/p>\n<p>Un couple a eu 2 enfants qui sont en garde altern\u00e9e. Le p\u00e8re, fonctionnaire, a 2 autres enfants (donc 4 au total). <strong>Le p\u00e8re ayant au total 4 enfants, il est plus avantageux de calculer le SFT sur sa base \u00e0 lui. Le SFT sera la somme du SFT allou\u00e9 \u00e0 chaque enfant.<\/strong><\/p>\n<p>Pour l\u2019exemple, le SFT de base du p\u00e8re est de 450 \u20ac.<\/p>\n<p>SFT du p\u00e8re = SFT enfant 1 + SFT enfant 2 + SFT enfant 3 + SFT enfant 4,<\/p>\n<p>enfant 1 et enfant 2 sont en garde altern\u00e9e. Enfant 3 et enfant 4 sont en garde pleine.<\/p>\n<p>&nbsp;<\/p>\n<p>Donc:<\/p>\n<p>SFT du p\u00e8re = 450 x (0,5\/4) + 450 x (0,5\/4) + 450x(\u00bc) + 450x(\u00bc) = 337,50 euros<\/p>\n<p>SFT de la m\u00e8re = SFT enfant 1 + SFT enfant 2<\/p>\n<p>Enfant 1 et enfant 2 sont en garde altern\u00e9e ; on a donc :<\/p>\n<p>SFT de la m\u00e8re = 450 x (0,5\/4) + 450 x (0,5\/4) = 112,50 euros<\/p>\n","protected":false},"excerpt":{"rendered":"<p>Textes de r\u00e9f\u00e9rence : d\u00e9cret n\u00b0\u00a02020-1366 du 10\u00a0novembre\u00a02020 d\u00e9cret n\u00b0 85-1148 du 24 octobre 1985 Le SFT est attribu\u00e9 aux fonctionnaires et aux non-titulaires (pas aux vacataires) en plus des prestations familiales, en fonction du nombre d\u2019enfants \u00e0 charge et \u00e0 raison d\u2019un seul droit par enfant. Le nouveau d\u00e9cret autorise un partage du SFT entre [&hellip;]<\/p>\n","protected":false},"author":4,"featured_media":0,"comment_status":"closed","ping_status":"closed","sticky":false,"template":"","format":"standard","meta":{"footnotes":""},"categories":[14],"tags":[22,30],"class_list":["post-20130","post","type-post","status-publish","format-standard","hentry","category-a-la-une","tag-droits-des-personnels","tag-salaire"],"yoast_head":"<!-- This site is optimized with the Yoast SEO plugin v26.6 - https:\/\/yoast.com\/wordpress\/plugins\/seo\/ -->\n<title>Suppl\u00e9ment familial de traitement\u00a0(SFT)\u00a0: partage possible en cas de s\u00e9paration - FSU-SNUipp 86<\/title>\n<meta name=\"robots\" content=\"index, follow, max-snippet:-1, max-image-preview:large, max-video-preview:-1\" \/>\n<link rel=\"canonical\" href=\"https:\/\/snuipp86.fr\/index.php\/2021\/01\/28\/supplement-familial-de-traitement-sft-partage-possible-en-cas-de-separation\/\" \/>\n<meta property=\"og:locale\" content=\"fr_FR\" \/>\n<meta property=\"og:type\" content=\"article\" \/>\n<meta property=\"og:title\" content=\"Suppl\u00e9ment familial de traitement\u00a0(SFT)\u00a0: partage possible en cas de s\u00e9paration - FSU-SNUipp 86\" \/>\n<meta property=\"og:description\" content=\"Textes de r\u00e9f\u00e9rence : d\u00e9cret n\u00b0\u00a02020-1366 du 10\u00a0novembre\u00a02020 d\u00e9cret n\u00b0 85-1148 du 24 octobre 1985 Le SFT est attribu\u00e9 aux fonctionnaires et aux non-titulaires (pas aux vacataires) en plus des prestations familiales, en fonction du nombre d\u2019enfants \u00e0 charge et \u00e0 raison d\u2019un seul droit par enfant. Le nouveau d\u00e9cret autorise un partage du SFT entre [&hellip;]\" \/>\n<meta property=\"og:url\" content=\"https:\/\/snuipp86.fr\/index.php\/2021\/01\/28\/supplement-familial-de-traitement-sft-partage-possible-en-cas-de-separation\/\" \/>\n<meta property=\"og:site_name\" content=\"FSU-SNUipp 86\" \/>\n<meta property=\"article:published_time\" content=\"2021-01-28T13:09:54+00:00\" \/>\n<meta property=\"article:modified_time\" content=\"2021-01-28T20:15:16+00:00\" \/>\n<meta property=\"og:image\" content=\"https:\/\/snuipp86.fr\/wp-content\/uploads\/2020\/09\/118765390_1701862016631425_650793011035140515_n.jpg\" \/>\n\t<meta property=\"og:image:width\" content=\"809\" \/>\n\t<meta property=\"og:image:height\" content=\"960\" \/>\n\t<meta property=\"og:image:type\" content=\"image\/jpeg\" \/>\n<meta name=\"author\" content=\"Matthieu Menaut\" \/>\n<meta name=\"twitter:card\" content=\"summary_large_image\" \/>\n<meta name=\"twitter:label1\" content=\"\u00c9crit par\" \/>\n\t<meta name=\"twitter:data1\" content=\"Matthieu Menaut\" \/>\n\t<meta name=\"twitter:label2\" content=\"Dur\u00e9e de lecture estim\u00e9e\" \/>\n\t<meta name=\"twitter:data2\" content=\"3 minutes\" \/>\n<script type=\"application\/ld+json\" class=\"yoast-schema-graph\">{\"@context\":\"https:\/\/schema.org\",\"@graph\":[{\"@type\":\"WebPage\",\"@id\":\"https:\/\/snuipp86.fr\/index.php\/2021\/01\/28\/supplement-familial-de-traitement-sft-partage-possible-en-cas-de-separation\/\",\"url\":\"https:\/\/snuipp86.fr\/index.php\/2021\/01\/28\/supplement-familial-de-traitement-sft-partage-possible-en-cas-de-separation\/\",\"name\":\"Suppl\u00e9ment familial de traitement\u00a0(SFT)\u00a0: partage possible en cas de s\u00e9paration - FSU-SNUipp 86\",\"isPartOf\":{\"@id\":\"https:\/\/snuipp86.fr\/#website\"},\"datePublished\":\"2021-01-28T13:09:54+00:00\",\"dateModified\":\"2021-01-28T20:15:16+00:00\",\"author\":{\"@id\":\"https:\/\/snuipp86.fr\/#\/schema\/person\/5a96b33672b90a1385fd0b096fd5ebcb\"},\"breadcrumb\":{\"@id\":\"https:\/\/snuipp86.fr\/index.php\/2021\/01\/28\/supplement-familial-de-traitement-sft-partage-possible-en-cas-de-separation\/#breadcrumb\"},\"inLanguage\":\"fr-FR\",\"potentialAction\":[{\"@type\":\"ReadAction\",\"target\":[\"https:\/\/snuipp86.fr\/index.php\/2021\/01\/28\/supplement-familial-de-traitement-sft-partage-possible-en-cas-de-separation\/\"]}]},{\"@type\":\"BreadcrumbList\",\"@id\":\"https:\/\/snuipp86.fr\/index.php\/2021\/01\/28\/supplement-familial-de-traitement-sft-partage-possible-en-cas-de-separation\/#breadcrumb\",\"itemListElement\":[{\"@type\":\"ListItem\",\"position\":1,\"name\":\"Accueil\",\"item\":\"https:\/\/snuipp86.fr\/\"},{\"@type\":\"ListItem\",\"position\":2,\"name\":\"Suppl\u00e9ment familial de traitement\u00a0(SFT)\u00a0: partage possible en cas de s\u00e9paration\"}]},{\"@type\":\"WebSite\",\"@id\":\"https:\/\/snuipp86.fr\/#website\",\"url\":\"https:\/\/snuipp86.fr\/\",\"name\":\"FSU-SNUipp 86\",\"description\":\"Des id\u00e9es qui font l&#039;\u00e9cole\",\"potentialAction\":[{\"@type\":\"SearchAction\",\"target\":{\"@type\":\"EntryPoint\",\"urlTemplate\":\"https:\/\/snuipp86.fr\/?s={search_term_string}\"},\"query-input\":{\"@type\":\"PropertyValueSpecification\",\"valueRequired\":true,\"valueName\":\"search_term_string\"}}],\"inLanguage\":\"fr-FR\"},{\"@type\":\"Person\",\"@id\":\"https:\/\/snuipp86.fr\/#\/schema\/person\/5a96b33672b90a1385fd0b096fd5ebcb\",\"name\":\"Matthieu Menaut\",\"image\":{\"@type\":\"ImageObject\",\"inLanguage\":\"fr-FR\",\"@id\":\"https:\/\/snuipp86.fr\/#\/schema\/person\/image\/\",\"url\":\"https:\/\/secure.gravatar.com\/avatar\/03e70f897b03256ddca91d16c3e33a876c31abbf1b31cb48e60e770f684a04d1?s=96&d=mm&r=g\",\"contentUrl\":\"https:\/\/secure.gravatar.com\/avatar\/03e70f897b03256ddca91d16c3e33a876c31abbf1b31cb48e60e770f684a04d1?s=96&d=mm&r=g\",\"caption\":\"Matthieu Menaut\"},\"url\":\"https:\/\/snuipp86.fr\/index.php\/author\/mmenaut\/\"}]}<\/script>\n<!-- \/ Yoast SEO plugin. -->","yoast_head_json":{"title":"Suppl\u00e9ment familial de traitement\u00a0(SFT)\u00a0: partage possible en cas de s\u00e9paration - FSU-SNUipp 86","robots":{"index":"index","follow":"follow","max-snippet":"max-snippet:-1","max-image-preview":"max-image-preview:large","max-video-preview":"max-video-preview:-1"},"canonical":"https:\/\/snuipp86.fr\/index.php\/2021\/01\/28\/supplement-familial-de-traitement-sft-partage-possible-en-cas-de-separation\/","og_locale":"fr_FR","og_type":"article","og_title":"Suppl\u00e9ment familial de traitement\u00a0(SFT)\u00a0: partage possible en cas de s\u00e9paration - FSU-SNUipp 86","og_description":"Textes de r\u00e9f\u00e9rence : d\u00e9cret n\u00b0\u00a02020-1366 du 10\u00a0novembre\u00a02020 d\u00e9cret n\u00b0 85-1148 du 24 octobre 1985 Le SFT est attribu\u00e9 aux fonctionnaires et aux non-titulaires (pas aux vacataires) en plus des prestations familiales, en fonction du nombre d\u2019enfants \u00e0 charge et \u00e0 raison d\u2019un seul droit par enfant. Le nouveau d\u00e9cret autorise un partage du SFT entre [&hellip;]","og_url":"https:\/\/snuipp86.fr\/index.php\/2021\/01\/28\/supplement-familial-de-traitement-sft-partage-possible-en-cas-de-separation\/","og_site_name":"FSU-SNUipp 86","article_published_time":"2021-01-28T13:09:54+00:00","article_modified_time":"2021-01-28T20:15:16+00:00","og_image":[{"width":809,"height":960,"url":"https:\/\/snuipp86.fr\/wp-content\/uploads\/2020\/09\/118765390_1701862016631425_650793011035140515_n.jpg","type":"image\/jpeg"}],"author":"Matthieu Menaut","twitter_card":"summary_large_image","twitter_misc":{"\u00c9crit par":"Matthieu Menaut","Dur\u00e9e de lecture estim\u00e9e":"3 minutes"},"schema":{"@context":"https:\/\/schema.org","@graph":[{"@type":"WebPage","@id":"https:\/\/snuipp86.fr\/index.php\/2021\/01\/28\/supplement-familial-de-traitement-sft-partage-possible-en-cas-de-separation\/","url":"https:\/\/snuipp86.fr\/index.php\/2021\/01\/28\/supplement-familial-de-traitement-sft-partage-possible-en-cas-de-separation\/","name":"Suppl\u00e9ment familial de traitement\u00a0(SFT)\u00a0: partage possible en cas de s\u00e9paration - FSU-SNUipp 86","isPartOf":{"@id":"https:\/\/snuipp86.fr\/#website"},"datePublished":"2021-01-28T13:09:54+00:00","dateModified":"2021-01-28T20:15:16+00:00","author":{"@id":"https:\/\/snuipp86.fr\/#\/schema\/person\/5a96b33672b90a1385fd0b096fd5ebcb"},"breadcrumb":{"@id":"https:\/\/snuipp86.fr\/index.php\/2021\/01\/28\/supplement-familial-de-traitement-sft-partage-possible-en-cas-de-separation\/#breadcrumb"},"inLanguage":"fr-FR","potentialAction":[{"@type":"ReadAction","target":["https:\/\/snuipp86.fr\/index.php\/2021\/01\/28\/supplement-familial-de-traitement-sft-partage-possible-en-cas-de-separation\/"]}]},{"@type":"BreadcrumbList","@id":"https:\/\/snuipp86.fr\/index.php\/2021\/01\/28\/supplement-familial-de-traitement-sft-partage-possible-en-cas-de-separation\/#breadcrumb","itemListElement":[{"@type":"ListItem","position":1,"name":"Accueil","item":"https:\/\/snuipp86.fr\/"},{"@type":"ListItem","position":2,"name":"Suppl\u00e9ment familial de traitement\u00a0(SFT)\u00a0: partage possible en cas de s\u00e9paration"}]},{"@type":"WebSite","@id":"https:\/\/snuipp86.fr\/#website","url":"https:\/\/snuipp86.fr\/","name":"FSU-SNUipp 86","description":"Des id\u00e9es qui font l&#039;\u00e9cole","potentialAction":[{"@type":"SearchAction","target":{"@type":"EntryPoint","urlTemplate":"https:\/\/snuipp86.fr\/?s={search_term_string}"},"query-input":{"@type":"PropertyValueSpecification","valueRequired":true,"valueName":"search_term_string"}}],"inLanguage":"fr-FR"},{"@type":"Person","@id":"https:\/\/snuipp86.fr\/#\/schema\/person\/5a96b33672b90a1385fd0b096fd5ebcb","name":"Matthieu Menaut","image":{"@type":"ImageObject","inLanguage":"fr-FR","@id":"https:\/\/snuipp86.fr\/#\/schema\/person\/image\/","url":"https:\/\/secure.gravatar.com\/avatar\/03e70f897b03256ddca91d16c3e33a876c31abbf1b31cb48e60e770f684a04d1?s=96&d=mm&r=g","contentUrl":"https:\/\/secure.gravatar.com\/avatar\/03e70f897b03256ddca91d16c3e33a876c31abbf1b31cb48e60e770f684a04d1?s=96&d=mm&r=g","caption":"Matthieu Menaut"},"url":"https:\/\/snuipp86.fr\/index.php\/author\/mmenaut\/"}]}},"_links":{"self":[{"href":"https:\/\/snuipp86.fr\/index.php\/wp-json\/wp\/v2\/posts\/20130","targetHints":{"allow":["GET"]}}],"collection":[{"href":"https:\/\/snuipp86.fr\/index.php\/wp-json\/wp\/v2\/posts"}],"about":[{"href":"https:\/\/snuipp86.fr\/index.php\/wp-json\/wp\/v2\/types\/post"}],"author":[{"embeddable":true,"href":"https:\/\/snuipp86.fr\/index.php\/wp-json\/wp\/v2\/users\/4"}],"replies":[{"embeddable":true,"href":"https:\/\/snuipp86.fr\/index.php\/wp-json\/wp\/v2\/comments?post=20130"}],"version-history":[{"count":0,"href":"https:\/\/snuipp86.fr\/index.php\/wp-json\/wp\/v2\/posts\/20130\/revisions"}],"wp:attachment":[{"href":"https:\/\/snuipp86.fr\/index.php\/wp-json\/wp\/v2\/media?parent=20130"}],"wp:term":[{"taxonomy":"category","embeddable":true,"href":"https:\/\/snuipp86.fr\/index.php\/wp-json\/wp\/v2\/categories?post=20130"},{"taxonomy":"post_tag","embeddable":true,"href":"https:\/\/snuipp86.fr\/index.php\/wp-json\/wp\/v2\/tags?post=20130"}],"curies":[{"name":"wp","href":"https:\/\/api.w.org\/{rel}","templated":true}]}}