{"id":20135,"date":"2021-01-28T14:26:35","date_gmt":"2021-01-28T13:26:35","guid":{"rendered":"http:\/\/snuipp86.fr\/?p=20135"},"modified":"2021-03-18T17:41:00","modified_gmt":"2021-03-18T16:41:00","slug":"pe-et-psy-en-taux-et-montants-des-indemnites-en-2021","status":"publish","type":"post","link":"https:\/\/snuipp86.fr\/index.php\/2021\/01\/28\/pe-et-psy-en-taux-et-montants-des-indemnites-en-2021\/","title":{"rendered":"PE et Psy EN : taux et montants des indemnit\u00e9s en 2021"},"content":{"rendered":"<p><strong><em>Toutes les valeurs sont en brut <\/em><\/strong><em>; les valeurs avec ast\u00e9risque sont mises \u00e0 jour selon les \u201ctables de Montpellier \u201d, centre charg\u00e9 de recalculer les taux et montants lors des changements des valeurs du point d\u2019indice.<\/em><\/p>\n<p><em>Montants \u00e0 compter du 1<\/em><em><sup>er<\/sup><\/em><em> septembre 2017 et toujours en vigueur \u00e0 ce jour<\/em> <em>(sauf pr\u00e9cisions contraires).<\/em><\/p>\n<p><strong>\u00a0<\/strong><\/p>\n<p><strong><u>A<\/u><\/strong><strong> la fin du document, une rubrique r\u00e9capitule les modifications intervenues par rapport \u00e0 la version pr\u00e9c\u00e9dente du th\u00e9ma.<\/strong><\/p>\n<p><strong>\u00a0<\/strong><\/p>\n<h1><span style=\"color: #0000ff;\"><strong><u>A : TRAITEMENT ET COTISATIONS<\/u><\/strong><\/span><\/h1>\n<h2><strong><u>GRILLES INDICIAIRES au<\/u><\/strong> <strong><u>1<\/u><\/strong><strong><u><sup>er<\/sup><\/u><\/strong><strong><u> janvier <\/u><\/strong><strong><u>2021<\/u><\/strong><\/h2>\n<p>&nbsp;<\/p>\n<table width=\"595\">\n<tbody>\n<tr>\n<td colspan=\"2\" width=\"157\"><strong>Instituteurs-trices<\/strong><\/td>\n<td width=\"38\"><strong>\u00a0<\/strong><\/td>\n<td colspan=\"2\" width=\"157\"><strong>P.E et psy EN<\/strong><\/p>\n<p><strong>classe normale<\/strong><\/td>\n<td width=\"37\"><strong>\u00a0<\/strong><\/td>\n<td colspan=\"2\" width=\"206\"><strong>P.E et psy EN<\/strong><\/p>\n<p><strong>\u00a0Hors classe<\/strong><\/td>\n<\/tr>\n<tr>\n<td width=\"79\">Echelon<\/td>\n<td width=\"79\">Indice<\/td>\n<td width=\"38\"><\/td>\n<td width=\"79\">Echelon<\/td>\n<td width=\"78\">Indice<\/td>\n<td width=\"37\"><\/td>\n<td width=\"144\">Echelon<\/td>\n<td width=\"62\">Indice<\/td>\n<\/tr>\n<tr>\n<td width=\"79\">1<\/td>\n<td width=\"79\">356<\/td>\n<td width=\"38\"><\/td>\n<td width=\"79\">1<\/td>\n<td width=\"78\">390<\/td>\n<td width=\"37\"><\/td>\n<td width=\"144\">1<\/td>\n<td width=\"62\">590<\/td>\n<\/tr>\n<tr>\n<td width=\"79\">2<\/td>\n<td width=\"79\">366<\/td>\n<td width=\"38\"><\/td>\n<td width=\"79\">2<\/td>\n<td width=\"78\">441<\/td>\n<td width=\"37\"><\/td>\n<td width=\"144\">2<\/td>\n<td width=\"62\">624<\/td>\n<\/tr>\n<tr>\n<td width=\"79\">3<\/td>\n<td width=\"79\">378<\/td>\n<td width=\"38\"><\/td>\n<td width=\"79\">3<\/td>\n<td width=\"78\">448<\/td>\n<td width=\"37\"><\/td>\n<td width=\"144\">3<\/td>\n<td width=\"62\">668<\/td>\n<\/tr>\n<tr>\n<td width=\"79\">4<\/td>\n<td width=\"79\">385<\/td>\n<td width=\"38\"><\/td>\n<td width=\"79\">4<\/td>\n<td width=\"78\">461<\/td>\n<td width=\"37\"><\/td>\n<td width=\"144\">4<\/td>\n<td width=\"62\">715<\/td>\n<\/tr>\n<tr>\n<td width=\"79\">5<\/td>\n<td width=\"79\">395<\/td>\n<td width=\"38\"><\/td>\n<td width=\"79\">5<\/td>\n<td width=\"78\">476<\/td>\n<td width=\"37\"><\/td>\n<td width=\"144\">5<\/td>\n<td width=\"62\">763<\/td>\n<\/tr>\n<tr>\n<td width=\"79\">6<\/td>\n<td width=\"79\">408<\/td>\n<td width=\"38\"><\/td>\n<td width=\"79\">6<\/td>\n<td width=\"78\">492<\/td>\n<td width=\"37\"><\/td>\n<td width=\"144\">6<\/td>\n<td width=\"62\">806<\/td>\n<\/tr>\n<tr>\n<td width=\"79\">7<\/td>\n<td width=\"79\">417<\/td>\n<td width=\"38\"><\/td>\n<td width=\"79\">7<\/td>\n<td width=\"78\">519<\/td>\n<td width=\"37\"><\/td>\n<td width=\"144\"><strong>7<\/strong><\/td>\n<td width=\"62\"><strong>821<\/strong><\/td>\n<\/tr>\n<tr>\n<td width=\"79\">8<\/td>\n<td width=\"79\">438<\/td>\n<td width=\"38\"><\/td>\n<td width=\"79\">8<\/td>\n<td width=\"78\">557<\/td>\n<td width=\"37\"><\/td>\n<td colspan=\"2\" width=\"206\"><strong>P.E et psy EN<\/strong> <strong>classe ex<\/strong><\/td>\n<\/tr>\n<tr>\n<td width=\"79\">9<\/td>\n<td width=\"79\">459<\/td>\n<td width=\"38\"><\/td>\n<td width=\"79\">9<\/td>\n<td width=\"78\">590<\/td>\n<td width=\"37\"><\/td>\n<td width=\"144\">1<\/td>\n<td width=\"62\">695<\/td>\n<\/tr>\n<tr>\n<td width=\"79\">10<\/td>\n<td width=\"79\">494<\/td>\n<td width=\"38\"><\/td>\n<td width=\"79\">10<\/td>\n<td width=\"78\">629<\/td>\n<td width=\"37\"><\/td>\n<td width=\"144\">2<\/td>\n<td width=\"62\">735<\/td>\n<\/tr>\n<tr>\n<td width=\"79\">11<\/td>\n<td width=\"79\">533<\/td>\n<td width=\"38\"><\/td>\n<td width=\"79\">11<\/td>\n<td width=\"78\">673<\/td>\n<td width=\"37\"><\/td>\n<td width=\"144\">3<\/td>\n<td width=\"62\">775<\/td>\n<\/tr>\n<tr>\n<td width=\"79\"><\/td>\n<td width=\"79\"><\/td>\n<td width=\"38\"><\/td>\n<td width=\"79\"><\/td>\n<td width=\"78\"><\/td>\n<td width=\"37\"><\/td>\n<td width=\"144\">4<\/td>\n<td width=\"62\">830<\/td>\n<\/tr>\n<tr>\n<td colspan=\"6\" width=\"389\"><strong>Indice fonction publique (valeur du point d&rsquo;indice) : <\/strong><\/p>\n<p><strong>\u00a0\u00a0\u00a0\u00a0\u00a0\u00a0\u00a0\u00a0\u00a0\u00a0\u00a0\u00a0\u00a0\u00a0\u00a0\u00a0\u00a0\u00a0\u00a0\u00a0\u00a0\u00a0\u00a0\u00a0\u00a0\u00a0\u00a0 <\/strong>(*)<em> depuis le <strong>01\/02\/2017<\/strong><\/em><\/p>\n<p><strong><em>\u00a0\u00a0\u00a0\u00a0\u00a0\u00a0\u00a0\u00a0\u00a0\u00a0\u00a0\u00a0\u00a0\u00a0\u00a0 56,2323\u00a0 \u20ac soit\u00a0 4,686 \u20ac brut par mois<\/em><\/strong><\/td>\n<td width=\"144\">sp\u00e9cial 1er chevron<\/p>\n<p>sp\u00e9cial 2\u00e8me chevron<\/p>\n<p>sp\u00e9cial 3\u00e8me chevron<\/td>\n<td width=\"62\">890<\/p>\n<p>925<\/p>\n<p>972<\/td>\n<\/tr>\n<\/tbody>\n<\/table>\n<p>&nbsp;<\/p>\n<p><strong><em>\u00a0\u00a0\u00a0\u00a0\u00a0\u00a0\u00a0\u00a0\u00a0\u00a0\u00a0\u00a0\u00a0\u00a0\u00a0\u00a0\u00a0\u00a0\u00a0\u00a0\u00a0\u00a0\u00a0\u00a0\u00a0\u00a0\u00a0\u00a0\u00a0\u00a0 <\/em><\/strong><\/p>\n<p>&nbsp;<\/p>\n<h2><strong>Indemnit\u00e9 de r\u00e9sidence<\/strong><\/h2>\n<p>Zone 1 : 3% du traitement brut mensuel<\/p>\n<p>Zone 2 : 1% du traitement brut mensuel<\/p>\n<p>Zone 3 : 0% du traitement brut mensuel<\/p>\n<p>&nbsp;<\/p>\n<h2><\/h2>\n<h2><strong><u>BONIFICATIONS INDICIAIRES (BI)<\/u><\/strong><\/h2>\n<p><strong><u>\u00a0<\/u><\/strong><\/p>\n<table width=\"689\">\n<tbody>\n<tr>\n<td width=\"242\">Instituteurs sp\u00e9cialis\u00e9s<\/td>\n<td width=\"254\">15 points<\/td>\n<td width=\"193\">D. 83-50 du 26\/01\/1983<\/td>\n<\/tr>\n<tr>\n<td width=\"242\">Instituteur CPD, Instituteur Ma\u00eetre formateur aupr\u00e8s IEN<\/td>\n<td width=\"254\">42 points<\/td>\n<td width=\"193\">D. 91-112 du 24\/01\/1991<\/p>\n<p>A. du 22\/01\/1985<\/td>\n<\/tr>\n<tr>\n<td width=\"242\">Directeur \u00e9cole<\/td>\n<td width=\"254\">1\u00b0 groupe (classe unique) \u00a0\u00a0\u00a0\u00a0\u00a0\u00a0\u00a0\u00a0\u00a0\u00a0\u00a0\u00a0\u00a0\u00a0 : 3 points<\/p>\n<p>2\u00b0 groupe (2 \u00e0 4 classes)\u00a0 : 16 points<\/p>\n<p>3\u00b0 groupe (5 \u00e0 9 classes) : 30 points<\/p>\n<p>4\u00b0 groupe (10 cl. et plus) \u00a0 : 40 points<\/td>\n<td width=\"193\">D. 83-50 du 26\/01\/1983<\/p>\n<p>&nbsp;<\/td>\n<\/tr>\n<tr>\n<td width=\"242\">Directeur SEGPA<\/td>\n<td width=\"254\">50 points<\/p>\n<p><strong><span style=\"text-decoration: line-through;\">\u00a0<\/span><\/strong><\/td>\n<td width=\"193\">D. 81-487 du 08\/05\/1981<\/p>\n<p>&nbsp;<\/p>\n<p>&nbsp;<\/p>\n<p><strong><span style=\"text-decoration: line-through;\">\u00a0<\/span><\/strong><\/td>\n<\/tr>\n<\/tbody>\n<\/table>\n<p><em>EREA et ERPD\u00a0: clause de sauvegarde de 120 points pendant 3 ans \u00e0 compter du 01\/09\/2016 si l\u2019\u00e9tablissement est class\u00e9 en 1\u00e8re ou 2\u00e8me cat\u00e9gorie et \u00e0 condition de rester sur l\u2019\u00e9tablissement (ceci fait suite \u00e0 l\u2019int\u00e9gration des directrices et directeurs d\u2019EREA dans le corps des personnels de direction).<\/em><\/p>\n<p>&nbsp;<\/p>\n<h2><strong><u>NOUVELLE BONIFICATION INDICIAIRE (NBI)<\/u><\/strong><\/h2>\n<ul>\n<li>Si affectation sur poste y ouvrant droit.<\/li>\n<li>Le cumul des NBI est plafonn\u00e9 \u00e0 50 points.<\/li>\n<li>Elle ne peut se cumuler avec d&rsquo;autres bonifications indiciaires, sauf pour les directeurs d&rsquo;\u00e9cole et les instituteurs.<\/li>\n<li>Elle est r\u00e9duite dans les m\u00eames proportions que le traitement en cas de travail \u00e0 temps partiel (article 3 d\u00e9cret 91-1229 du 06\/12\/1991).<\/li>\n<li>NBI Education nationale : CPC, enseignant ULIS \u00e9cole, instituteur sp\u00e9cialis\u00e9, directeur d\u2019\u00e9cole, directeur d\u2019\u00e9tablissement sp\u00e9cialis\u00e9 ou d\u2019\u00e9cole avec au moins 3 classes sp\u00e9cialis\u00e9es et PE ma\u00eetre formateur aupr\u00e8s IEN.<\/li>\n<li>NBI ville : coordonnateurs \u00e9ducation prioritaire, enseignant en classe relais, coordonnateur de classes relais, enseignant exer\u00e7ant en UPE2A (voir paragraphe clause de sauvegarde).<\/li>\n<\/ul>\n<p>&nbsp;<\/p>\n<table width=\"683\">\n<tbody>\n<tr>\n<td rowspan=\"5\" width=\"26\">&nbsp;<\/p>\n<p>&nbsp;<\/p>\n<p>&nbsp;<\/p>\n<p>&nbsp;<\/p>\n<p>&nbsp;<\/p>\n<p>N<\/p>\n<p>B<\/p>\n<p>I<\/td>\n<td width=\"368\">CPC<\/td>\n<td width=\"154\">27 points<\/td>\n<td width=\"136\">D. 91-1229 du 06\/12\/1991<\/p>\n<p>A. 06\/12\/1991<\/td>\n<\/tr>\n<tr>\n<td width=\"368\">Enseignants en ULIS \u00e9cole<\/p>\n<p>Secr\u00e9taires de CDOEA (courrier MEN du 11.03.19)<\/td>\n<td width=\"154\">27 points<\/td>\n<td width=\"136\">D. 91-1229 du 06\/12\/1991<\/p>\n<p>A. 06\/12\/1991<\/td>\n<\/tr>\n<tr>\n<td width=\"368\">Instituteurs sp\u00e9cialis\u00e9s<\/td>\n<td width=\"154\">12 points<\/td>\n<td width=\"136\">A. 06\/12\/1991<\/td>\n<\/tr>\n<tr>\n<td width=\"368\">Directeurs d\u2019\u00e9cole<strong>\u00a0 <\/strong>(et int\u00e9rim de direction)<\/td>\n<td width=\"154\">8 points<\/td>\n<td width=\"136\">D. 91-1229 du 06\/12\/1991<\/p>\n<p>A. 06\/12\/1991<\/td>\n<\/tr>\n<tr>\n<td width=\"368\">Directeur d\u2019\u00e9tablissement sp\u00e9cialis\u00e9 ou d\u2019\u00e9cole avec au moins 3 classes sp\u00e9cialis\u00e9es<\/td>\n<td width=\"154\">8 points<\/td>\n<td width=\"136\">C. 97-154 du 15\/07\/1997<\/td>\n<\/tr>\n<tr>\n<td rowspan=\"4\" width=\"26\">&nbsp;<\/p>\n<p>N<\/p>\n<p>B<\/p>\n<p>I<\/p>\n<p>&nbsp;<\/p>\n<p>V<\/p>\n<p>I<\/p>\n<p>L<\/p>\n<p>L<\/p>\n<p>E<\/td>\n<td width=\"368\">Coordonnateurs \u00e9ducation prioritaire<\/td>\n<td width=\"154\">30 points (1)<\/td>\n<td width=\"136\">D. 2002-828 du 03\/05\/2002<\/p>\n<p>A. 03\/05\/2002<\/td>\n<\/tr>\n<tr>\n<td width=\"368\">Enseignants en classe relais<\/td>\n<td width=\"154\">30 points (1)<\/td>\n<td width=\"136\">D. 2002-828 du 03\/05\/2002<\/p>\n<p>A. 03\/05\/2002<\/td>\n<\/tr>\n<tr>\n<td width=\"368\">Coordonnateurs de classes relais<\/td>\n<td width=\"154\">40 points (1)<\/td>\n<td width=\"136\">D. 2002-828 du 03\/05\/2002<\/p>\n<p>A. 03\/05\/2002<\/td>\n<\/tr>\n<tr>\n<td width=\"368\">Enseignants exer\u00e7ant en UPE2A<\/td>\n<td width=\"154\">30 points (1)<\/td>\n<td width=\"136\">D. 2002-828 du 03\/05\/2002<\/p>\n<p>A. 03\/05\/2002<\/td>\n<\/tr>\n<\/tbody>\n<\/table>\n<p><em>(1)\u00a0 NBI cumulable avec l&rsquo;indemnit\u00e9 REP \/ REP+<\/em><\/p>\n<p><em>\u00a0<\/em><\/p>\n<h2><strong><u>SUPPLEMENT FAMILIAL DE TRAITEMENT (SFT)<\/u><\/strong><\/h2>\n<p>&nbsp;<\/p>\n<p><em>Indice plancher : 449 ;\u00a0 indice plafond : 717<strong>\u00a0\u00a0\u00a0 <\/strong><\/em><strong><em>\u00a0<\/em><\/strong><\/p>\n<ul>\n<li><strong>1 enfant :<\/strong> 2,29 <strong><em>\u20ac<\/em><\/strong><\/li>\n<li><strong>2 enfants :<\/strong> 10,67 <strong><em>\u20ac<\/em><\/strong> plus 3 % du brut<\/li>\n<li><strong>3 enfants : <\/strong>15,24 <strong><em>\u20ac <\/em><\/strong><em>\u00a0<\/em>plus 8 % du brut<\/li>\n<li><strong><em>par enfant en plus :<\/em><\/strong><em> ajouter 4,57 <strong>\u20ac <\/strong>\u00a0et 6 % du brut.<\/em><\/li>\n<\/ul>\n<p>&nbsp;<\/p>\n<h2><strong><u>COTISATIONS<\/u><\/strong><\/h2>\n<p>&nbsp;<\/p>\n<p><strong>CSG <\/strong><em>: 9,2 % de 98,25 % du salaire total dont 2,4 points non d\u00e9ductibles du montant imposable <strong>\u00a0<\/strong><\/em>(*) au 1er janvier 2018<\/p>\n<p><strong>RDS (CRDS) :<\/strong> 0,5 % de 98,25 % du salaire total\u00a0 (*)<\/p>\n<p><strong>Retenue pour pension civile (retraite) :<\/strong> 11,10 % depuis le 1<sup>er<\/sup> janvier 2020<\/p>\n<p><strong>Retraite additionnelle (RAFP) <\/strong>: 5% des indemnit\u00e9s plafonn\u00e9e \u00e0 20% du traitement indiciaire<\/p>\n<p><strong>M.G.E.N. (facultatif) : <\/strong>La cotisation, variable selon les situations,\u00a0 est pr\u00e9lev\u00e9e directement sur la feuille de paie.<\/p>\n<p>&nbsp;<\/p>\n<h2><strong><u>TRANSFERT PRIMES \/ POINTS<\/u><\/strong><\/h2>\n<p>Retrait forfaitaire de 32.42 euros pour les PE et 23,17 euros pour les instits<\/p>\n<p>&nbsp;<\/p>\n<h2><strong><u>INDEMNITE COMPENSATRICE DE LA HAUSSE DE CSG<\/u><\/strong><\/h2>\n<p>Cr\u00e9ation au 1er janvier 2018 d&rsquo;une indemnit\u00e9 compensatrice, suite \u00e0 l&rsquo;augmentation de la CSG. Cela ne concerne que les agents recrut\u00e9s avant le 1<sup>er<\/sup> janvier 2018. Elle repr\u00e9sente de 0,67 % \u00e0 0,76 % du salaire brut. Elle est r\u00e9\u00e9valu\u00e9e chaque ann\u00e9e au 1er janvier, pour les coll\u00e8gues dont la r\u00e9mun\u00e9ration a progress\u00e9 (d\u00e9cret 2020-1626 du 18\/12\/2020).<\/p>\n<p>&nbsp;<\/p>\n<h1><strong><u>B : INDEMN<\/u><\/strong><strong><u>ITES, PRIMES, FORFAITS<\/u><\/strong><\/h1>\n<h2><strong><u>B-1 Indemnit\u00e9s li\u00e9es \u00e0 une fonc<\/u><\/strong><strong><u>tion, primes et forfaits<\/u><\/strong><\/h2>\n<p>Les montants sont annuels mais vers\u00e9s mensuellement, sauf indication contraire.<\/p>\n<p>P = proratisable en fonction du temps d\u2019exercice<\/p>\n<ol>\n<li>\n<h3>Indemnit\u00e9s<\/h3>\n<\/li>\n<\/ol>\n<p>&nbsp;<\/p>\n<table width=\"713\">\n<tbody>\n<tr>\n<td width=\"251\"><u>\u00a0<\/u><\/p>\n<p>*147\u00a0: Indemnit\u00e9 sp\u00e9ciale aux instituteurs,\u00a0 PE et directeurs affect\u00e9s\u00a0 ERPD,\u00a0 classe relais, et CNED<\/p>\n<p>&nbsp;<\/td>\n<td width=\"280\">1 577,40 \u20ac \/ an<\/td>\n<td width=\"15\"><strong>P<\/strong><\/td>\n<td width=\"167\">D. 2017-968 du 10\/05\/2017<\/td>\n<\/tr>\n<tr>\n<td width=\"251\">*210\u00a0: Heures de coordination et de synth\u00e8se<\/td>\n<td width=\"280\">Instituteur : 22,26 \u20ac<\/p>\n<p>PE : 24,82 \u20ac<\/p>\n<p>PE HC : 27,30 \u20ac (Taux horaires)<\/td>\n<td width=\"15\"><strong>\u00a0<\/strong><\/td>\n<td width=\"167\">C. 74-148 du 19\/04\/1974<\/p>\n<p>D. 66-787 du 14\/10\/1966<\/td>\n<\/tr>\n<tr>\n<td width=\"251\"><u>\u00a0<\/u><\/p>\n<p>*323\u00a0: Indemnit\u00e9 de suj\u00e9tion sp\u00e9ciale aux conseillers en formation continue<\/p>\n<p>&nbsp;<\/td>\n<td width=\"280\">7 595,04 \u20ac \/ an<\/td>\n<td width=\"15\"><strong>\u00a0<\/strong><\/td>\n<td width=\"167\">D. 90-165 du 20\/02\/1990<\/td>\n<\/tr>\n<tr>\n<td width=\"251\"><u>\u00a0<\/u><\/p>\n<p>*408\u00a0: Indemnit\u00e9 de fonctions particuli\u00e8res (PE sp\u00e9cialis\u00e9 par exemple)<\/p>\n<p>&nbsp;<\/td>\n<td width=\"280\">844,19 \u20ac cumulable avec une NBI ville<\/td>\n<td width=\"15\"><strong>P<\/strong><\/td>\n<td width=\"167\">D. 91-236 du 28\/02\/1991<\/td>\n<\/tr>\n<tr>\n<td width=\"251\"><u>\u00a0<\/u><\/p>\n<p>*433\u00a0: Indemnit\u00e9s de suj\u00e9tions sp\u00e9ciales aux\u00a0 directeurs adjoints de SEGPA<\/p>\n<p>&nbsp;<\/td>\n<td width=\"280\">\u00a02915,40 \u20ac \/ an<\/p>\n<p>&nbsp;<\/td>\n<td width=\"15\"><strong>P<\/strong><\/td>\n<td width=\"167\">D. 2002-47 du 09\/01\/2002<\/td>\n<\/tr>\n<tr>\n<td width=\"251\"><u>\u00a0<\/u><\/p>\n<p>603\u00a0: Indemnit\u00e9 d\u2019enseignement en milieu p\u00e9nitentiaire ou en centre \u00e9ducatif ferm\u00e9<\/p>\n<p>&nbsp;<\/p>\n<p>&#8211;\u00a0 majoration de\u00a030% pour le Responsable Local d\u2019Enseignement d\u2019un site disposant d&rsquo;au moins 4 emplois d&rsquo;enseignants ou \u00e9quivalent<\/p>\n<p>&#8211; majoration de15% pour le Responsable Local d\u2019Enseignement d\u2019un site disposant de moins de quatre emplois de personnel enseignant ou leur \u00e9quivalent<\/td>\n<td width=\"280\">&nbsp;<\/p>\n<p>&nbsp;<\/p>\n<p>2 105,63 \u20ac \/ an<\/p>\n<p>&nbsp;<\/p>\n<p>&nbsp;<\/p>\n<p>Avec majoration 30% : 2 737,31 \u20ac<\/p>\n<p>Avec majoration 15%\u00a0: 2\u00a0421,47\u20ac<\/td>\n<td width=\"15\"><strong>P<\/strong><\/td>\n<td width=\"167\">D. 71-685 du 18\/08\/1971 (modifi\u00e9 par\u00a0 D. 2015-1086 du 28\/08\/2015)<\/p>\n<p>A. 28\/08\/2015<\/td>\n<\/tr>\n<tr>\n<td width=\"251\">*702\u00a0: ISSR, indemnit\u00e9 de suj\u00e9tion sp\u00e9ciale de remplacement<\/td>\n<td width=\"280\">moins de 10 km\u00a0\u00a0\u00a0\u00a0\u00a0\u00a0\u00a0\u00a0\u00a0\u00a0\u00a0\u00a0\u00a0\u00a0\u00a0\u00a0\u00a0 15,38 \u20ac<\/p>\n<p>10 \u00e0 19 km \u00a0\u00a0\u00a0\u00a0\u00a0\u00a0\u00a0\u00a0\u00a0\u00a0\u00a0\u00a0\u00a0\u00a0\u00a0\u00a0\u00a0\u00a0\u00a0\u00a0\u00a0\u00a0\u00a0\u00a0\u00a0 20,02 \u20ac<\/p>\n<p>20 \u00e0 29 km \u00a0\u00a0\u00a0\u00a0\u00a0\u00a0\u00a0\u00a0\u00a0\u00a0\u00a0\u00a0\u00a0\u00a0\u00a0\u00a0\u00a0\u00a0\u00a0\u00a0\u00a0\u00a0\u00a0\u00a0\u00a0 24,66 \u20ac<\/p>\n<p>30 \u00e0 39 km\u00a0\u00a0\u00a0\u00a0\u00a0\u00a0\u00a0\u00a0\u00a0\u00a0\u00a0\u00a0\u00a0\u00a0\u00a0\u00a0\u00a0\u00a0\u00a0\u00a0\u00a0\u00a0\u00a0\u00a0\u00a0\u00a0 28,97 \u20ac<\/p>\n<p>40 \u00e0 49 km\u00a0\u00a0\u00a0\u00a0\u00a0\u00a0\u00a0\u00a0\u00a0\u00a0\u00a0\u00a0\u00a0\u00a0\u00a0\u00a0\u00a0\u00a0\u00a0\u00a0\u00a0\u00a0\u00a0\u00a0\u00a0\u00a0 34,40 \u20ac<\/p>\n<p>50 \u00e0 59 km\u00a0\u00a0\u00a0\u00a0\u00a0\u00a0\u00a0\u00a0\u00a0\u00a0\u00a0\u00a0\u00a0\u00a0\u00a0\u00a0\u00a0\u00a0\u00a0\u00a0\u00a0\u00a0\u00a0\u00a0\u00a0\u00a0 39,88 \u20ac<\/p>\n<p>60 \u00e0 80 km \u00a0\u00a0\u00a0\u00a0\u00a0\u00a0\u00a0\u00a0\u00a0\u00a0\u00a0\u00a0\u00a0\u00a0\u00a0\u00a0\u00a0\u00a0\u00a0\u00a0\u00a0\u00a0\u00a0\u00a0\u00a0 45,66 \u20ac<\/p>\n<p>par tranche de 20 km en\u00a0\u00a0 +6,81 \u20ac<\/td>\n<td width=\"15\"><strong>\u00a0<\/strong><\/td>\n<td width=\"167\">D. 89-825 du 09\/11\/1989<\/td>\n<\/tr>\n<tr>\n<td width=\"251\">*1\u00a0230\u00a0: Indemnit\u00e9 de m\u00e9diateur acad\u00e9mique<\/td>\n<td width=\"280\">3\u00a0626,07 \u20ac \/ an<\/td>\n<td width=\"15\"><strong>\u00a0<\/strong><\/td>\n<td width=\"167\">D. 99-729 du 26\/08\/1999<\/p>\n<p>D. 2005-831 du 20\/07\/2005<\/td>\n<\/tr>\n<tr>\n<td width=\"251\">1\u00a0696\u00a0: Indemnit\u00e9 de fonctions conseillers p\u00e9dagogiques d\u00e9partementaux EPS<\/td>\n<td width=\"280\">2\u00a0500 \u20ac (en 10 mensualit\u00e9s de septembre \u00e0 juin)<\/td>\n<td width=\"15\"><strong>P<\/strong><\/td>\n<td width=\"167\">D. 2012-293 du 29\/02\/2012<\/p>\n<p>A. du 08\/09\/2014<\/td>\n<\/tr>\n<tr>\n<td width=\"251\">&nbsp;<\/p>\n<p>1\u00a0763\u00a0: Indemnit\u00e9 de tutorat des EAP<\/p>\n<p>(Etudiant Apprenti Professeur)<\/td>\n<td width=\"280\">300 \u20ac par \u00e9tudiant, vers\u00e9s en une seule fois \u00e0 la fin de l\u2019ann\u00e9e scolaire, limit\u00e9 \u00e0 2 EAP<\/td>\n<td width=\"15\"><strong>\u00a0<\/strong><\/td>\n<td width=\"167\">D. 2010-235 du 05\/03\/2010<\/p>\n<p>A. du 07\/05\/12<\/td>\n<\/tr>\n<tr>\n<td width=\"251\">1\u00a0843\u00a0: Indemnit\u00e9 de fonctions conseillers p\u00e9dagogiques du premier degr\u00e9<\/td>\n<td width=\"280\">1\u00a0000 \u20ac \/ an<\/td>\n<td width=\"15\"><strong>\u00a0<\/strong><\/td>\n<td width=\"167\">D. 2014-1019 du 08\/09\/2014<\/p>\n<p>A. du 08\/09\/2014<\/td>\n<\/tr>\n<tr>\n<td width=\"251\">1\u00a0844\u00a0: Indemnit\u00e9 de fonction de ma\u00eetre formateur ou charg\u00e9 du tutorat des enseignants stagiaires<\/td>\n<td width=\"280\">1\u00a0250 \u20ac \/ an<\/td>\n<td width=\"15\"><strong>P<\/strong><\/td>\n<td width=\"167\">D.2014-1016 du 08\/09\/2014<\/td>\n<\/tr>\n<tr>\n<td width=\"251\">1\u00a0866\u00a0: Indemnit\u00e9 stage d\u2019observation ou de pratique accompagn\u00e9e (SOPA)<\/td>\n<td width=\"280\">150 \u20ac par \u00e9tudiant, vers\u00e9s en une seule fois \u00e0 la fin de l\u2019ann\u00e9e scolaire<\/p>\n<p>300 \u20ac par \u00e9tudiant en M2<\/p>\n<p>Montant \u00e0 r\u00e9partir en fonction du nombre de tuteurs.<\/td>\n<td width=\"15\"><strong>P<\/strong><\/td>\n<td width=\"167\">D. 2010-235 du 05\/03\/2010<\/p>\n<p>A. du 07\/05\/2012<\/td>\n<\/tr>\n<tr>\n<td width=\"251\">1\u00a0882\u00a0: Indemnit\u00e9 REP+<\/td>\n<td width=\"280\">4646 \u20ac \/ an<\/td>\n<td width=\"15\"><strong>P<\/strong><\/td>\n<td width=\"167\">D. 2015-1087 du 28\/08\/2015<\/p>\n<p>A. du 28\/08\/2015<\/p>\n<p>A. du 23\/07\/2019<\/td>\n<\/tr>\n<tr>\n<td width=\"251\">1\u00a0883\u00a0: Indemnit\u00e9 REP<\/td>\n<td width=\"280\">1\u00a0734 \u20ac \/ an<\/td>\n<td width=\"15\"><strong>P<\/strong><\/td>\n<td width=\"167\">D. 2015-1087 du 28\/08\/2015<\/p>\n<p>A. du 28\/08\/2015<\/td>\n<\/tr>\n<tr>\n<td width=\"251\">1\u00a0886\u00a0: Clause de sauvegarde ZEP<\/td>\n<td width=\"280\"><em>Cf. paragraphe \u00ab\u00a0Clause de sauvegarde, Education prioritaire\u00a0\u00bb<\/em><\/td>\n<td width=\"15\"><strong>\u00a0<\/strong><\/td>\n<td width=\"167\"><strong>\u00a0<\/strong><\/td>\n<\/tr>\n<tr>\n<td width=\"251\">1\u00a0887\u00a0: Clause de sauvegarde ECLAIR<\/td>\n<td width=\"280\"><em>Cf. paragraphe \u00ab\u00a0Clause de sauvegarde, Education prioritaire\u00a0\u00bb<\/em><\/td>\n<td width=\"15\"><strong>\u00a0<\/strong><\/td>\n<td width=\"167\"><strong>\u00a0<\/strong><\/td>\n<\/tr>\n<tr>\n<td width=\"251\"><u>\u00a0<\/u><\/p>\n<p>1 914\u00a0: Indemnit\u00e9 de suivi et d\u2019accompagnement des \u00e9l\u00e8ves (ISAE)<\/p>\n<p>&nbsp;<\/td>\n<td width=\"280\">1200 \u20ac \/ an<\/td>\n<td width=\"15\"><strong>P<\/strong><\/td>\n<td width=\"167\">D.2013-790 du 30\/08\/2013<\/p>\n<p>A. du 30\/08\/2013<\/p>\n<p>D.2017-967 du 10\/05\/2017<\/td>\n<\/tr>\n<tr>\n<td width=\"251\">1\u00a0978\u00a0: Indemnit\u00e9 de tutorat des directeurs (tutorat d&rsquo;un nouveau directeur d&rsquo;\u00e9cole)<\/td>\n<td width=\"280\">300 \u20ac \/stagiaire \/an<\/td>\n<td width=\"15\"><strong>\u00a0<\/strong><\/td>\n<td width=\"167\">D. 2010-235 du 05\/03\/2010<\/p>\n<p>A. du\u00a0 07\/05\/2012<\/td>\n<\/tr>\n<tr>\n<td width=\"251\">1 994\u00a0: Indemnit\u00e9 forfaitaire : SEGPA, EREA, ULIS coll\u00e8ge et lyc\u00e9e, DACS, ESMS (= IME, SESSAD, CMPP, ITEP&#8230;).<\/td>\n<td width=\"280\">1765 \u20ac \/ an (majoration de 20\u00a0% pour les coordonnateurs p\u00e9dagogiques en ESMS si au moins 4 emplois d&rsquo;enseignants ou \u00e9quivalent = 2118 \u20ac \/ an ).<\/p>\n<p>Elle se substitue au\u00a0 versement d&rsquo;heures suppl\u00e9mentaires au titre des activit\u00e9s de coordination et de synth\u00e8se.<\/p>\n<p><em>\u00a0<\/em><\/td>\n<td width=\"15\"><strong>P<\/strong><\/td>\n<td width=\"167\">D. 2017-964 du 10\/05\/2017<\/p>\n<p>A. du 10\/05\/2017<\/td>\n<\/tr>\n<tr>\n<td width=\"251\">&nbsp;<\/p>\n<p>1995 : Indemnit\u00e9 de Missions Particuli\u00e8res (IMP confi\u00e9e par le recteur \u00e0 l&rsquo;\u00e9chelon acad\u00e9mique ou d\u00e9partemental)<\/p>\n<p>&#8211; mission de r\u00e9f\u00e9rent pour les\u00a0 usages du num\u00e9rique<\/p>\n<p>&#8211; mission de r\u00e9f\u00e9rent pour la scolarisation des \u00e9l\u00e8ves en situation de handicap<\/p>\n<p>&#8211; mission d\u2019int\u00e9r\u00eat p\u00e9dagogique<\/p>\n<p>&nbsp;<\/td>\n<td width=\"280\"><em>\u00a0<\/em><\/p>\n<p>1250 \u20ac \/ an ou 2500 \u20ac \/ an<\/p>\n<p>&nbsp;<\/p>\n<p><em>La Note DGRH 2017-0520 du 14\/12\/17 fixe le montant annuel \u00e0 2500 \u20ac pour les r\u00e9f\u00e9rents pour la scolarisation des \u00e9l\u00e8ves en situation de handicap.<\/em><\/p>\n<p><em>\u00a0<\/em><\/p>\n<p><em>\u00a0<\/em><\/td>\n<td width=\"15\"><strong>\u00a0<\/strong><\/p>\n<p><strong>P<\/strong><\/td>\n<td width=\"167\">&nbsp;<\/p>\n<p>D. 2017-965 du 10\/05\/2017<\/p>\n<p>A. du 10\/05\/2017<\/p>\n<p>&nbsp;<\/p>\n<p>&nbsp;<\/p>\n<p>&nbsp;<\/p>\n<p>&nbsp;<\/p>\n<p>&nbsp;<\/p>\n<p>&nbsp;<\/p>\n<p>&nbsp;<\/td>\n<\/tr>\n<tr>\n<td width=\"251\">&nbsp;<\/p>\n<p>2205 : Indemnit\u00e9 de fonctions psychologue de l&rsquo;EN \u00e9ducation, d\u00e9veloppement et apprentissage (EDA)<\/p>\n<p>&nbsp;<\/td>\n<td width=\"280\">&nbsp;<\/p>\n<p>2044,19 \u20ac \/ an<\/td>\n<td width=\"15\"><strong>\u00a0<\/strong><\/td>\n<td width=\"167\">D. 2017-1552 du 10\/11\/2017<\/p>\n<p>A. du 10\/11\/2017<\/td>\n<\/tr>\n<tr>\n<td width=\"251\"><u>\u00a0<\/u><\/p>\n<p><u>\u00a0<\/u><\/p>\n<p>2217\u00a0Indemnit\u00e9 de suj\u00e9tions sp\u00e9ciales des directeurs d&rsquo;\u00e9cole et d&rsquo;\u00e9tablissements sp\u00e9cialis\u00e9s<\/p>\n<p>&nbsp;<\/p>\n<p>&nbsp;<\/p>\n<p>&nbsp;<\/p>\n<p>&nbsp;<\/p>\n<p>&nbsp;<\/p>\n<p>Indemnit\u00e9 d&rsquo;int\u00e9rim de direction<\/td>\n<td width=\"280\">1 745,62 \u20ac (depuis le 1\/1\/21) auxquels il faut ajouter :<\/p>\n<p>\u00b7\u00a0\u00a0\u00a0\u00a0\u00a0\u00a0\u00a0\u00a0\u00a0\u00a0\u00a0\u00a0 1 \u00e0 3 classes\u00a0: 500 \u20ac<\/p>\n<p>\u00b7\u00a0\u00a0\u00a0\u00a0\u00a0\u00a0\u00a0\u00a0\u00a0\u00a0\u00a0\u00a0 4 \u00e0 9 classes\u00a0: 700 \u20ac<\/p>\n<p>\u00b7\u00a0\u00a0\u00a0\u00a0\u00a0\u00a0\u00a0\u00a0\u00a0\u00a0\u00a0\u00a0 10 classes et plus\u00a0: 900 \u20ac<\/p>\n<p>L&rsquo;indemnit\u00e9 est major\u00e9e de 20 % pour les \u00e9coles et \u00e9tablissements en REP et de 50 % pour les \u00e9coles et \u00e9tablissements en REP+.<\/p>\n<p><em>Cf. paragraphe \u00ab\u00a0Clause de sauvegarde, Education prioritaire\u00a0\u00bb<\/em><\/p>\n<p>&nbsp;<\/p>\n<p>150 % de l&rsquo;indemnit\u00e9 de suj\u00e9tion sp\u00e9ciale.<\/td>\n<td width=\"15\"><strong>\u00a0<\/strong><\/td>\n<td width=\"167\">D. 2015-1087 du 28\/08\/2015<\/p>\n<p>A. du 12\/09\/2008<\/p>\n<p>&nbsp;<\/td>\n<\/tr>\n<tr>\n<td width=\"251\">&nbsp;<\/p>\n<p>Indemnit\u00e9 de tutorat CAPPEI<\/td>\n<td width=\"280\">&nbsp;<\/p>\n<p>100 \u00e0 800 <em>\u20ac\u00a0 <\/em><\/p>\n<p><em>\u00a0<\/em><\/p>\n<p><em>La Note DGRH 2018-0521 du 26\/06\/19 intitul\u00e9e r\u00f4le et r\u00e9muneration des tuteurs du CAPPEI fixe un montant de r\u00e9muneration compris entre 500 et 700\u20ac\u00a0\u00a0 <\/em><\/p>\n<p><em>par stagiaire, avec un maximum de 2 stagiaires.<\/em><\/td>\n<td width=\"15\"><strong>\u00a0<\/strong><\/td>\n<td width=\"167\">&nbsp;<\/p>\n<p>D. 2010-235 du 05\/03\/2010<\/p>\n<p>A. du 07\/05\/2012<\/td>\n<\/tr>\n<\/tbody>\n<\/table>\n<p>&nbsp;<\/p>\n<ol>\n<li>Primes<\/li>\n<\/ol>\n<p>&nbsp;<\/p>\n<table width=\"698\">\n<tbody>\n<tr>\n<td width=\"236\">(code \u00e0 venir) Prime d&rsquo;\u00e9quipement informatique<\/td>\n<td width=\"277\">176 \u20ac \/ an<\/td>\n<td width=\"16\"><strong>\u00a0<\/strong><\/td>\n<td width=\"169\">D. 2020-1524 du 05\/12\/2020<\/p>\n<p>A. du 05\/12\/2020<\/td>\n<\/tr>\n<tr>\n<td width=\"236\">1\u00a0527\u00a0: Prime d&rsquo;entr\u00e9e dans les m\u00e9tiers d&rsquo;enseignement et de psychologue de l&rsquo;EN<\/td>\n<td width=\"277\">1500 \u20ac<strong>\u00a0 <\/strong>\u00a0\u00a0vers\u00e9e en 2 fois (novembre et f\u00e9vrier)<\/td>\n<td width=\"16\"><strong>\u00a0<\/strong><\/td>\n<td width=\"169\">D. 2008-926 du 12\/09\/2008<\/td>\n<\/tr>\n<tr>\n<td width=\"236\">\u00a0(code \u00e0 venir) Prime de fid\u00e9lisation territoriale en Seine Saint Denis<\/td>\n<td width=\"277\">10 000 \u20ac\u00a0 vers\u00e9s en une seule fois apr\u00e8s 5 ann\u00e9es continues de services effectifs dans le d\u00e9partement du 93 depuis le 1er septembre 2020 (des clauses particuli\u00e8res existent pour les coll\u00e8gues ayant des services avant cette date).<\/td>\n<td width=\"16\"><strong>\u00a0<\/strong><\/td>\n<td width=\"169\">D. 2020-1299 du 24\/10\/2020<\/p>\n<p>A. du 24\/\/10\/2020 (2 arr\u00eat\u00e9s)<\/td>\n<\/tr>\n<\/tbody>\n<\/table>\n<p>&nbsp;<\/p>\n<ol>\n<li>\n<h3>Forfaits<\/h3>\n<\/li>\n<\/ol>\n<p>&nbsp;<\/p>\n<table width=\"698\">\n<tbody>\n<tr>\n<td width=\"236\">(code \u00e0 venir)\u00a0 Forfait mobilit\u00e9 durable<\/td>\n<td width=\"277\">200 \u20ac \/ an si \u00e0 minima 100 d\u00e9placements domicile \/ travail en v\u00e9lo ou covoiturage (trajets proratisables en fonction de la quotit\u00e9 de travail).<\/td>\n<td width=\"16\"><strong>\u00a0<\/strong><\/td>\n<td width=\"169\">D. 2020-543 du 09\/05\/2020<\/p>\n<p>A. du 09\/05\/2020<\/td>\n<\/tr>\n<tr>\n<td width=\"236\">(code \u00e0 venir) Prise en charge des titres d&rsquo;abonnements en\u00a0 transporst publics de voyageurs domicile \/ travail<\/td>\n<td width=\"277\">Prise en charge \u00e0 50% des cartes et abonnements annuels, mensuels, hebdomadaires ou \u00e0 renouvellement tacite<\/td>\n<td width=\"16\"><strong>\u00a0<\/strong><\/td>\n<td width=\"169\">D. 2010-676 du 21\/06\/2010<\/td>\n<\/tr>\n<\/tbody>\n<\/table>\n<p>&nbsp;<\/p>\n<p><strong><u>NB : contractuels recrut\u00e9s pour exercer des fonctions d&rsquo;enseignants ou de psychologues<\/u><\/strong><\/p>\n<p><strong><u>\u00a0<\/u><\/strong><\/p>\n<p>La circulaire n\u00b02017-038 du 20.03.17 relative aux conditions de recrutement et d&#8217;emploi des agents contractuels recrut\u00e9s pour exercer des fonctions d&rsquo;enseignement, d&rsquo;\u00e9ducation ou de psychologues indique :<\/p>\n<p>&nbsp;<\/p>\n<p><em>Les agents contractuels b\u00e9n\u00e9ficient dans les m\u00eames conditions des primes et indemnit\u00e9s des agents titulaires exer\u00e7ant les m\u00eames fonctions, sauf disposition r\u00e9glementaire en r\u00e9servant express\u00e9ment le b\u00e9n\u00e9fice aux seuls fonctionnaires. Le tableau pr\u00e9sent\u00e9 \u00e0 l&rsquo;annexe 5 de la pr\u00e9sente circulaire d\u00e9taille les primes et indemnit\u00e9s dont peuvent b\u00e9n\u00e9ficier les agents contractuels.<\/em><\/p>\n<p>&nbsp;<\/p>\n<p>Parmi les indemnit\u00e9s, <strong>les \u00abcontractuels enseignants\u00bb<\/strong> sont donc concern\u00e9s par :<\/p>\n<ul>\n<li>l&rsquo;ISAE (1914)<\/li>\n<li>les indemnit\u00e9s REP \/ REP + (1882 et 1883)<\/li>\n<li>l&rsquo;indemnit\u00e9 forfaitaire SEGPA, EREA, ULIS second degr\u00e9, ESMS (1994)<\/li>\n<li>l&rsquo;indemnit\u00e9 d&rsquo;enseignement en milieu p\u00e9nitentiaire (603)<\/li>\n<li>l&rsquo;indemnit\u00e9 de fonction psychologue (2205)<\/li>\n<li>la prime d&rsquo;\u00e9quipement informatique si en CDI, sous certaines conditions en CDD<\/li>\n<li>la prise en charge de 50% de l&rsquo;abonnement transport domicile \/ travail<\/li>\n<li>le forfait mobilit\u00e9 durable<\/li>\n<li>la prime de fid\u00e9lisation territoriale en Seine Saint Denis<\/li>\n<\/ul>\n<p>&nbsp;<\/p>\n<p>Ils sont exclus du b\u00e9n\u00e9fice de l&rsquo;ISSR, mais peuvent pr\u00e9tendre aux frais de d\u00e9placement temporaire des personnels civils et de l&rsquo;\u00e9tat (d\u00e9cret 2006-781).<\/p>\n<p>&nbsp;<\/p>\n<p>D&rsquo;autres indemnit\u00e9s leur sont ouvertes, mais dans les faits les concernent pas ou peu :<\/p>\n<ul>\n<li>l&rsquo;indemnit\u00e9 CPD EPS (1696)<\/li>\n<li>I&rsquo;ISS direction d&rsquo;\u00e9cole (2217)<\/li>\n<\/ul>\n<p>&nbsp;<\/p>\n<p>Taux horaires des indemnit\u00e9s allou\u00e9es aux enseignants contractuels du 1er degr\u00e9 <strong>\u00a0(D.66-787 du 14\/10\/1966 modifi\u00e9 par D.2020-1415 du 1811\/2020, A du 20\/11\/2020)<\/strong><\/p>\n<p><strong>\u00a0<\/strong><\/p>\n<table width=\"575\">\n<tbody>\n<tr>\n<td width=\"160\"><\/td>\n<td width=\"68\"><strong>\u00a0<\/strong><\/p>\n<p><strong>\u00a0Taux de base<\/strong><\/td>\n<td width=\"150\"><strong>Heures d\u2019enseignement,<\/strong><\/p>\n<p><strong>\u00a0et heures d\u2019accompagnement \u00e9ducatif (125% taux base)<\/strong><\/td>\n<td width=\"116\"><strong>Etudes surveill\u00e9es<\/strong><\/p>\n<p><strong>(90% de l&rsquo;heure d&rsquo;enseignement)<\/strong><\/td>\n<td width=\"81\"><strong>Surveillance et cantine (60% taux base)<\/strong><\/td>\n<\/tr>\n<tr>\n<td width=\"160\"><strong>Professeurs contractuels de 1\u00e8re cat\u00e9gorie (recrutement licence ou \u00e9quivalent)<\/strong><\/td>\n<td width=\"68\">19,24 \u20ac<\/td>\n<td width=\"150\">24,05 \u20ac<\/td>\n<td width=\"116\">21,65 \u20ac<\/td>\n<td width=\"81\">11.55 \u20ac<\/td>\n<\/tr>\n<tr>\n<td width=\"160\"><strong>Professeurs contractuels de 2\u00e8me cat\u00e9gorie (recrutement BAC plus 2)<\/strong><\/td>\n<td width=\"68\">17,81 \u20ac<\/td>\n<td width=\"150\">22,26 \u20ac<\/td>\n<td width=\"116\">20,03 \u20ac<\/td>\n<td width=\"81\">10.68 \u20ac<\/td>\n<\/tr>\n<\/tbody>\n<\/table>\n<p>&nbsp;<\/p>\n<p><strong><u>Clause de sauvegarde Education prioritaire : <\/u><\/strong><strong><u>ces dispositions se sont \u00e9teintes au 1er septembre 2020<\/u><\/strong><\/p>\n<p>&nbsp;<\/p>\n<h2><strong><u>B-2 Indemnit\u00e9s li\u00e9es aux d\u00e9placements et stages<\/u><\/strong><\/h2>\n<p>&nbsp;<\/p>\n<h3><strong><u>B-2-1 Indemnit\u00e9 de d\u00e9placement<\/u><\/strong><\/h3>\n<p>&nbsp;<\/p>\n<p>Ces indemnit\u00e9s sont dues si la commune du lieu de formation \/ d\u2019enseignement (en cas de service partag\u00e9) est distincte de la commune de l\u2019\u00e9cole ou \u00e9tablissement d\u2019affectation et de la commune de r\u00e9sidence familiale.<\/p>\n<p><strong>Attention\u00a0:<\/strong> constituent une seule et m\u00eame commune toute commune et les communes limitrophes desservies par des moyens de transports publics de voyageurs adapt\u00e9s aux d\u00e9placements consid\u00e9r\u00e9s.<\/p>\n<p>Il est n\u00e9cessaire d\u2019obtenir l\u2019autorisation d\u2019utiliser son v\u00e9hicule personnel aupr\u00e8s de l\u2019administration.<\/p>\n<p><strong>\u00a0<\/strong><\/p>\n<p><strong>Cas particuliers<\/strong><\/p>\n<p>Avion\u00a0: si le tarif le justifie ou si le temps de trajet en train est sup\u00e9rieur \u00e0 6h\u00a0;<\/p>\n<p>Train premi\u00e8re classe\u00a0: si le tarif le justifie ou si la dur\u00e9e des trajets est sup\u00e9rieure \u00e0 6h \/jour\u00a0;<\/p>\n<p>&nbsp;<\/p>\n<p><strong>Indemnit\u00e9 kilom\u00e9trique kilom\u00e9trique \u00e0 compter du 01\/03\/2019 (D. 2006-781 du 03\/07\/2006 et A. du 26\/08\/2008 modifi\u00e9 par A. du 26.02.2019<\/strong><\/p>\n<table width=\"568\">\n<tbody>\n<tr>\n<td width=\"184\"><strong>Cat\u00e9gorie<\/strong><\/p>\n<p><strong>puissance fiscale du v\u00e9hicule<\/strong><\/td>\n<td width=\"123\"><strong>jusqu&rsquo;\u00e0 2000 km<\/strong><\/td>\n<td width=\"123\"><strong>de 2001 \u00e0 10000 km<\/strong><\/td>\n<td width=\"139\"><strong>au-del\u00e0 de 10000 km<\/strong><\/td>\n<\/tr>\n<tr>\n<td width=\"184\">5 cv et moins<\/td>\n<td width=\"123\">0,29 <strong><em>\u20ac<\/em><\/strong><\/td>\n<td width=\"123\">0,36 <strong><em>\u20ac<\/em><\/strong><\/td>\n<td width=\"139\">0,21 <strong><em>\u20ac<\/em><\/strong><\/td>\n<\/tr>\n<tr>\n<td width=\"184\">6 et 7 cv<\/td>\n<td width=\"123\">0,37 <strong><em>\u20ac<\/em><\/strong><\/td>\n<td width=\"123\">0,46 <strong><em>\u20ac<\/em><\/strong><\/td>\n<td width=\"139\">\u00a00,27 <strong><em>\u20ac<\/em><\/strong><\/td>\n<\/tr>\n<tr>\n<td width=\"184\">8 cv et plus<\/td>\n<td width=\"123\">0,41 <strong><em>\u20ac<\/em><\/strong><\/td>\n<td width=\"123\">0,50 <strong><em>\u20ac<\/em><\/strong><\/td>\n<td width=\"139\">0,29 <strong><em>\u20ac<\/em><\/strong><\/td>\n<\/tr>\n<\/tbody>\n<\/table>\n<p>&nbsp;<\/p>\n<p>Remboursement, sur pr\u00e9sentation des justificatifs de paiement, des frais de stationnement et de p\u00e9age.<\/p>\n<h3><\/h3>\n<h3><strong><u>B-2-\u00a03 Frais suppl\u00e9mentaires de repas<\/u><\/strong><\/h3>\n<p>&nbsp;<\/p>\n<p><strong>Mission<\/strong> en totalit\u00e9 entre 11h et 14 h pour le repas de midi, entre 18h et 21 h pour le repas du soir\u00a0: 17,50 \u20ac\u00a0 \u00e0 compter du 1<sup>er<\/sup> janvier 2020 <strong>(Arr\u00eat\u00e9 du\u00a011 octobre 2019\u00a0modifiant l&rsquo;arr\u00eat\u00e9 du 3 juillet 2006)<\/strong><\/p>\n<p>(Si repas dans un restaurant administratif ou assimil\u00e9\u00a0: 8,75 \u20ac)\u00a0;\u00a0 Justificatif \u00e0 fournir.<\/p>\n<p>&nbsp;<\/p>\n<p><strong>Service partag\u00e9\u00a0et remplacement \u00e0 l&rsquo;ann\u00e9e :<\/strong> 8,75 \u20ac\u00a0;<\/p>\n<p>&nbsp;<\/p>\n<p><strong>Formation continue\u00a0:<\/strong> 17,50 \u20ac ou 8,75 \u20ac si restaurant administratif\u00a0;<\/p>\n<p>&nbsp;<\/p>\n<p><strong>Stages: <\/strong>\u00e0 partir du taux de base de 9,40 \u20ac <strong>(D. 2006-781 du 03\/07\/2006 et A. du 03\/07\/2006)\u00a0:<\/strong><\/p>\n<p>&nbsp;<\/p>\n<p><strong>Premier cas<\/strong>\u00a0: Stagiaires log\u00e9s gratuitement par l&rsquo;Etat et ayant la possibilit\u00e9 de prendre leurs repas dans un restaurant administratif ou assimil\u00e9<\/p>\n<table width=\"671\">\n<tbody>\n<tr>\n<td width=\"217\">Pendant les huit premiers jours<\/td>\n<td width=\"217\">Du neuvi\u00e8me jour<\/p>\n<p>A la fin du sixi\u00e8me mois<\/td>\n<td width=\"238\">\u00c0 partir du septi\u00e8me mois<\/td>\n<td width=\"0\"><\/td>\n<\/tr>\n<tr>\n<td rowspan=\"2\" width=\"217\">2 taux de base<\/td>\n<td rowspan=\"2\" width=\"217\">1 taux de base<\/td>\n<td rowspan=\"2\" width=\"238\">\u00bd taux de base<\/td>\n<td width=\"0\"><\/td>\n<\/tr>\n<tr>\n<td width=\"0\"><\/td>\n<\/tr>\n<\/tbody>\n<\/table>\n<p>Les indemnit\u00e9s pr\u00e9vues ci-dessus ne sont pas susceptibles d&rsquo;\u00eatre allou\u00e9es aux personnels nourris gratuitement par l&rsquo;Etat \u00e0 l&rsquo;un des deux principaux repas.<\/p>\n<p>&nbsp;<\/p>\n<p><strong>Deuxi\u00e8me cas\u00a0: <\/strong>Stagiaires non log\u00e9s gratuitement par l&rsquo;Etat mais ayant la possibilit\u00e9 de prendre leurs repas dans un restaurant administratif ou assimil\u00e9<\/p>\n<table width=\"671\">\n<tbody>\n<tr>\n<td width=\"217\">Pendant le premier mois<\/td>\n<td width=\"217\">\u00c0 partir du deuxi\u00e8me mois<\/p>\n<p>Jusqu&rsquo;\u00e0 la fin du sixi\u00e8me mois<\/td>\n<td width=\"238\">\u00c0 partir du septi\u00e8me mois<\/td>\n<td width=\"0\"><\/td>\n<\/tr>\n<tr>\n<td rowspan=\"2\" width=\"217\">3 taux de base<\/td>\n<td rowspan=\"2\" width=\"217\">2 taux de base<\/td>\n<td rowspan=\"2\" width=\"238\">1 taux de base<\/td>\n<td width=\"0\"><\/td>\n<\/tr>\n<tr>\n<td width=\"0\"><\/td>\n<\/tr>\n<\/tbody>\n<\/table>\n<p>Les indemnit\u00e9s pr\u00e9vues ci-dessus sont r\u00e9duites de moiti\u00e9 pour les personnels nourris gratuitement par l&rsquo;Etat au moins \u00e0 l&rsquo;un des deux principaux repas.<\/p>\n<p>&nbsp;<\/p>\n<p><strong>Troisi\u00e8me cas<\/strong>\u00a0: Stagiaires log\u00e9s gratuitement par l&rsquo;Etat mais n&rsquo;ayant pas la possibilit\u00e9 de prendre leurs repas dans un restaurant administratif ou assimil\u00e9<\/p>\n<table width=\"671\">\n<tbody>\n<tr>\n<td width=\"162\">Pendant<\/p>\n<p>les huit premiers jours<\/td>\n<td width=\"162\">Du neuvi\u00e8me jour \u00e0 la fin du troisi\u00e8me mois<\/td>\n<td width=\"162\">\u00c0 partir du quatri\u00e8me mois jusqu&rsquo;\u00e0 la fin du sixi\u00e8me mois<\/td>\n<td width=\"184\">\u00c0 partir du septi\u00e8me mois<\/td>\n<td width=\"0\"><\/td>\n<\/tr>\n<tr>\n<td rowspan=\"2\" width=\"162\">3 taux de base<\/td>\n<td rowspan=\"2\" width=\"162\">2 taux de base<\/td>\n<td rowspan=\"2\" width=\"162\">1 taux de base<\/td>\n<td rowspan=\"2\" width=\"184\">\u00bd taux de base<\/td>\n<td width=\"0\"><\/td>\n<\/tr>\n<tr>\n<td width=\"0\"><\/td>\n<\/tr>\n<\/tbody>\n<\/table>\n<p><strong>\u00a0<\/strong><\/p>\n<p><strong>Quatri\u00e8me cas\u00a0: <\/strong>Stagiaires non log\u00e9s gratuitement par l&rsquo;Etat et n&rsquo;ayant pas la possibilit\u00e9 de prendre leurs repas dans un restaurant administratif ou assimil\u00e9<\/p>\n<table width=\"671\">\n<tbody>\n<tr>\n<td width=\"162\">Pendant le premier mois<\/td>\n<td width=\"162\">Du deuxi\u00e8me mois<\/p>\n<p>A la fin du troisi\u00e8me mois<\/td>\n<td width=\"162\">\u00c0 partir du quatri\u00e8me mois<\/p>\n<p>Jusqu&rsquo;\u00e0 la fin du sixi\u00e8me mois<\/td>\n<td width=\"184\">\u00c0 partir du septi\u00e8me mois<\/td>\n<td width=\"0\"><\/td>\n<\/tr>\n<tr>\n<td rowspan=\"2\" width=\"162\">4 taux de base<\/td>\n<td rowspan=\"2\" width=\"162\">3 taux de base<\/td>\n<td rowspan=\"2\" width=\"162\">2 taux de base<\/td>\n<td rowspan=\"2\" width=\"184\">1 taux de base<\/td>\n<td width=\"0\"><\/td>\n<\/tr>\n<tr>\n<td width=\"0\"><\/td>\n<\/tr>\n<\/tbody>\n<\/table>\n<p>&nbsp;<\/p>\n<h3><strong><u>B-2-4 Frais d&rsquo;h\u00e9bergement<\/u><\/strong><\/h3>\n<p><strong><u>\u00a0<\/u><\/strong><\/p>\n<p>Mission en totalit\u00e9 entre 0 h et 5 h : l&rsquo;indemnit\u00e9 d&rsquo;h\u00e9bergement comprend le petit d\u00e9jeuner et la taxe de s\u00e9jour. Justificatif de paiement \u00e0 fournir. Aucune indemnit\u00e9 si l\u2019agent est h\u00e9berg\u00e9 gratuitement.<\/p>\n<p>&#8211; taux de base = 70 \u20ac<\/p>\n<p>&#8211; taux forfaitaire villes de plus de 200 000 habitants (Marseille, Lyon, Toulouse Nice, Nantes, Strasbourg, Montpellier, Bordeaux, Lille, Rennes) + communes du Grand Paris = 90 \u20ac<\/p>\n<p>&#8211; taux forfaitaire commune de Paris = 110<\/p>\n<p>Pour les agents reconnus en qualit\u00e9 de travaileurs handicap\u00e9s et en situation de mobilit\u00e9 r\u00e9duite, l\u2019indemnit\u00e9 forfaitaire d\u2019h\u00e9bergement est fix\u00e9e dans tous les cas \u00e0 120 \u20ac .<\/p>\n<p><strong><u>\u00a0<\/u><\/strong><\/p>\n<h3><strong><u>B-2-5 Professeur-e des \u00e9coles stagiaire<\/u><\/strong><strong>\u00a0 <\/strong><\/h3>\n<p>&nbsp;<\/p>\n<p>Selon la circulaire n\u00b0 2015-104 du 30\/06\/2015 relative aux modalit\u00e9s de l&rsquo;ann\u00e9e de stage : les modalit\u00e9s d&rsquo;indemnisation des frais de d\u00e9placement et de stage des personnels\u00a0 enseignants et d&rsquo;\u00e9ducation stagiaires distinguent deux cat\u00e9gories de stagiaires\u00a0:<\/p>\n<ul>\n<li>Les <strong><u>stagiaires exer\u00e7ant \u00e0 temps plein<\/u><\/strong> et amen\u00e9s \u00e0 suivre ponctuellement des modules de formation dans le cadre de leur parcours de formation adapt\u00e9 b\u00e9n\u00e9ficient du remboursement <strong><u>de leur frais de d\u00e9placement selon les modalit\u00e9s pr\u00e9vues par le d\u00e9cret n\u00b02006-781 du 03\/07\/2006 <\/u><\/strong>et l&rsquo;arr\u00eat\u00e9 minist\u00e9riel pris pour son application.<\/li>\n<\/ul>\n<p>&nbsp;<\/p>\n<ul>\n<li>Les stagiaires accomplissant leur p\u00e9riode de mise en situation professionnelle en \u00e9cole ou \u00e9tablissement d&rsquo;enseignement du second degr\u00e9 \u00e0 raison <strong><u>d&rsquo;un demi-service<\/u><\/strong> b\u00e9n\u00e9ficient <strong><u>de l&rsquo;indemnit\u00e9\u00a0forfaitaire de formation (IFF), cr\u00e9\u00e9e par le d\u00e9cret n\u00b0 2014-1021 du 08\/09\/2014.<\/u><\/strong><\/li>\n<\/ul>\n<p>&nbsp;<\/p>\n<p><strong>Indemnit\u00e9 forfaitaire de formation\u00a0: <\/strong>1\u00a0000 \u20ac \/ an, vers\u00e9 mensuellement, quel que soit le nombre de d\u00e9placements effectu\u00e9s et le nombre de kilom\u00e8tres parcourus (D. 2014-1021 du 08\/09\/2014).<\/p>\n<p>&nbsp;<\/p>\n<p>Il est possible de demander \u00e0 b\u00e9n\u00e9ficier du d\u00e9cret de 2006 plut\u00f4t que de l\u2019IFF.<\/p>\n<p>&nbsp;<\/p>\n<h2><\/h2>\n<h2><strong><u>B-3 Indemnit\u00e9s li\u00e9es au p\u00e9ri-scolaire<\/u><\/strong><\/h2>\n<p>&nbsp;<\/p>\n<ul>\n<li><strong>Activit\u00e9s p\u00e9ri-\u00e9ducatives (D. 90-807 du 11\/09\/1990)<\/strong> : 23,81 \u20ac\u00a0 \/ h (*379)<\/li>\n<li><strong>Etudes dirig\u00e9es (D. 96-80 du 30\/01\/1996) : vacations intervenants ext\u00e9rieurs et non-enseignants : <\/strong>15,99 \u20ac (*510)<\/li>\n<li><strong>Indemnit\u00e9 de soutien scolaire (D. 88-1267 du 30\/12\/1988) <\/strong>(*1715)\u00a0 stages remise \u00e0 niveau (*1715), accompagnement \u00e9ducatif\u00a0 (*1401)<\/li>\n<\/ul>\n<p>&nbsp;<\/p>\n<table width=\"320\">\n<tbody>\n<tr>\n<td width=\"187\"><strong>Instituteur<\/strong><\/td>\n<td width=\"133\">24,93 \u20ac<\/td>\n<\/tr>\n<tr>\n<td width=\"187\"><strong>PE<\/strong><\/td>\n<td width=\"133\">27,80 \u20ac<\/td>\n<\/tr>\n<tr>\n<td width=\"187\"><strong>PE HC <\/strong><strong>et classe exceptionnelle<\/strong><\/td>\n<td width=\"133\">30,58 \u20ac<\/td>\n<\/tr>\n<\/tbody>\n<\/table>\n<p>&nbsp;<\/p>\n<ul>\n<li><strong>Heure de coordination et synth\u00e8se en classe relais, heure suppl\u00e9mentaire en \u00e9tablissement sp\u00e9cialis\u00e9, soutien \u00e0 \u00e9l\u00e8ves non francophones (D. 66-787 du 14\/10\/1966 et C. 74-219 du 11\/06\/1974) <\/strong>(*210)<strong>, heure suppl\u00e9mentaire en \u00e9tablissement p\u00e9nitentiaire <\/strong>(*210),<strong> Heure suppl\u00e9mentaire\u00a0 EP premier degr\u00e9 <\/strong>(*410),<\/li>\n<\/ul>\n<p>&nbsp;<\/p>\n<table width=\"320\">\n<tbody>\n<tr>\n<td width=\"183\"><strong>Instituteur<\/strong><\/td>\n<td width=\"137\">22,26 \u20ac<\/td>\n<\/tr>\n<tr>\n<td width=\"183\"><strong>PE<\/strong><\/td>\n<td width=\"137\">24,82 \u20ac<\/td>\n<\/tr>\n<tr>\n<td width=\"183\"><strong>PE HC <\/strong><strong>et classe exceptionnelle<\/strong><\/td>\n<td width=\"137\">27,30 \u20ac<\/td>\n<\/tr>\n<\/tbody>\n<\/table>\n<p>&nbsp;<\/p>\n<p>&nbsp;<\/p>\n<ul>\n<li><strong>Heure au titre des collectivit\u00e9s territoriales (D.66-787 du 14\/10\/1966 modifi\u00e9 par D.2019-9 du 4\/01\/2019) <\/strong>(*210)<\/li>\n<\/ul>\n<p>&nbsp;<\/p>\n<p>&nbsp;<\/p>\n<table width=\"580\">\n<tbody>\n<tr>\n<td width=\"99\"><\/td>\n<td width=\"149\"><strong>Surveillance, cantine etc..<\/strong><\/p>\n<p><strong>(60% taux base)<\/strong><\/td>\n<td width=\"188\"><strong>Etudes surveill\u00e9es<\/strong><\/p>\n<p><strong>(90% de l&rsquo;heure d&rsquo;enseignement)<\/strong><\/td>\n<td width=\"144\"><strong>Heures d\u2019enseignement<\/strong><\/p>\n<p><strong>(125% taux base)<\/strong><\/td>\n<\/tr>\n<tr>\n<td width=\"99\"><strong>Instituteur<\/strong><\/td>\n<td width=\"149\">10,68 \u20ac<\/td>\n<td width=\"188\">20,03 \u20ac<\/td>\n<td width=\"144\">22,26 \u20ac<\/td>\n<\/tr>\n<tr>\n<td width=\"99\"><strong>PE<\/strong><\/td>\n<td width=\"149\">11,91 \u20ac<\/td>\n<td width=\"188\">22,34 \u20ac<\/td>\n<td width=\"144\">24,82 \u20ac<\/td>\n<\/tr>\n<tr>\n<td width=\"99\"><strong>PE HC et classe exceptionnelle<\/strong><\/td>\n<td width=\"149\">13,11 \u20ac<\/td>\n<td width=\"188\">24,57 \u20ac<\/td>\n<td width=\"144\">27,30 \u20ac<\/td>\n<\/tr>\n<\/tbody>\n<\/table>\n<p>&nbsp;<\/p>\n<p>&nbsp;<\/p>\n<h2><strong><u>B-4 Autres indemnit\u00e9s<\/u><\/strong><\/h2>\n<ul>\n<li><strong>Indemnit\u00e9 de difficult\u00e9 administrative en Alsace-Moselle <\/strong>: 2,29 \u20ac \/mois<\/li>\n<li><strong>Prime sp\u00e9ciale d&rsquo;installation Ile-de-France et agglom\u00e9ration de Lille (D. 89-259 du 24\/12\/1989) <\/strong>(*127)<\/li>\n<\/ul>\n<p><strong>zone 1 <\/strong>: 2 080,25 \u20ac<strong>\u00a0\u00a0\u00a0\u00a0\u00a0\u00a0 zone 2 : <\/strong>2 039,86 \u20ac<strong>\u00a0\u00a0\u00a0\u00a0 zone 3 <\/strong>: 2 019,66 \u20ac\u00a0 (au 01.02.2017)<\/p>\n<p>&nbsp;<\/p>\n<h1><strong><u>C- Autres r\u00e9mun\u00e9rations<\/u><\/strong><\/h1>\n<p><strong>R\u00e9mun\u00e9ration des intervenant-es pour l&rsquo;enseignement des langues vivantes \u00e0 l&rsquo;\u00e9cole primaire (A. du 13\/09\/2001) <\/strong>(*649)\u00a0 &#8211; pour 18h\u00a0 hebdomadaire :\u00a0\u00a0\u00a0 989,64 <em>\u20ac<\/em> \/ mois (proratisation\u00a0 pour une dur\u00e9e inf\u00e9rieure).<\/p>\n<ul>\n<li><strong>R\u00e9mun\u00e9ration des assistants \u00e9trangers <\/strong>(*279) : 976,49 \u20ac \/ mois<\/li>\n<li><strong>Minimum de traitement fonction publique\u00a0: <\/strong>indice 309<strong> :<\/strong> 1\u00a0447,98 \u20ac brut mensuel (rattrapage SMIC \u00e9ventuel)<\/li>\n<li><strong>Taux horaire du Smic : <\/strong>25 \u20ac brut au 1er janvier 2021 soit 1554.58 \u20ac brut mensuel (= 1230 \u20ac net \/ mois)<\/li>\n<\/ul>\n<p><strong>\u00a0<\/strong><\/p>\n<h1><strong><u>D- En pratique<\/u><\/strong><\/h1>\n<p><strong><u>\u00a0<\/u><\/strong><\/p>\n<p>Inventaire des indemnit\u00e9s, BI et NBI auxquelles on peut pr\u00e9tendre <u>en fonction du poste occup\u00e9, du lieu d\u2019exercice, d\u2019un dipl\u00f4me (ex. CAPA-SH, CAPPEI)<\/u>\u2026<\/p>\n<p><strong>\u00a0<\/strong><\/p>\n<h2><strong><u>D-1 Professeur-e des \u00e9coles et instituteur-trice<\/u><\/strong><\/h2>\n<ul>\n<li>Indemnit\u00e9 \u00e9ducation prioritaire\u00a0: REP (1\u00a0883) ou REP+ (1\u00a0882) ou clause de sauvegarde ZEP (1\u00a0886) \/ ECLAIR (1\u00a0887)<\/li>\n<li>ISAE, Indemnit\u00e9 de suivi et d\u2019accompagnement des \u00e9l\u00e8ves (1914)<\/li>\n<li>Prime d&rsquo;entr\u00e9e dans les m\u00e9tiers d&rsquo;enseignement (1\u00a0527)<\/li>\n<li>Indemnit\u00e9 stage d\u2019observation ou de pratique accompagn\u00e9e, SOPA\u00a0; ou stage \u00e9tudiants en M2 (1\u00a0866)<\/li>\n<li>Indemnit\u00e9 tutorat EAP (1\u00a0763)<\/li>\n<li>Prime d&rsquo;\u00e9quipement informatique<\/li>\n<\/ul>\n<p><strong><u>\u00a0<\/u><\/strong><\/p>\n<h2><strong><u>D-2 Directeur-trice d\u2019\u00e9cole<\/u><\/strong><\/h2>\n<ul>\n<li>Indemnit\u00e9 de suj\u00e9tions sp\u00e9ciales des directeurs d&rsquo;\u00e9cole et d&rsquo;\u00e9tablissements sp\u00e9cialis\u00e9s (2217)<\/li>\n<li>Indemnit\u00e9 d&rsquo;int\u00e9rim de direction<\/li>\n<li>Indemnit\u00e9 \u00e9ducation prioritaire\u00a0: REP (1\u00a0883) ou REP+ (1\u00a0882) ou clause de sauvegarde ZEP (1\u00a0886) \/ ECLAIR (1\u00a0887)<\/li>\n<li>ISAE, Indemnit\u00e9 de suivi et d\u2019accompagnement des \u00e9l\u00e8ves (1914)<\/li>\n<li>BI\u00a0: directeur \u00e9cole<\/li>\n<li>NBI\u00a0: directeur<\/li>\n<li>Indemnit\u00e9 de tutorat (1978)<\/li>\n<li>Prime d&rsquo;\u00e9quipement informatique<\/li>\n<\/ul>\n<p><strong>\u00a0<\/strong><\/p>\n<h2><strong><u>D-3 PES (stagiaires)<\/u><\/strong><\/h2>\n<ul>\n<li>Indemnit\u00e9 \u00e9ducation prioritaire\u00a0: REP (1\u00a0883) ou REP+ (1\u00a0882) ou clause de sauvegarde ZEP (1\u00a0886) \/ ECLAIR (1\u00a0887)<\/li>\n<li>ISAE, Indemnit\u00e9 de suivi et d\u2019accompagnement des \u00e9l\u00e8ves (1914) proratis\u00e9e en fonction du temps d\u2019enseignement<\/li>\n<li>Prime d&rsquo;\u00e9quipement informatique<\/li>\n<\/ul>\n<p>&nbsp;<\/p>\n<h2><strong><u>D-4 Rempla\u00e7ant-e<\/u><\/strong><\/h2>\n<ul>\n<li>ISSR, indemnit\u00e9 de suj\u00e9tion sp\u00e9ciale de remplacement (*702)<\/li>\n<li>Indemnit\u00e9 \u00e9ducation prioritaire\u00a0: REP (1\u00a0883) ou REP+ (1\u00a0882)<\/li>\n<li>ISAE, Indemnit\u00e9 de suivi et d\u2019accompagnement des \u00e9l\u00e8ves (1914)<\/li>\n<li>Indemnit\u00e9 de suj\u00e9tions sp\u00e9ciales de direction (2217) (si remplacement de plus d\u2019un mois et r\u00e9guli\u00e8rement d\u00e9sign\u00e9)<\/li>\n<li>Prime d&rsquo;\u00e9quipement informatique<\/li>\n<\/ul>\n<p>&nbsp;<\/p>\n<h2><strong><u>D-5 Conseiller-\u00e8re p\u00e9dagogique<\/u><\/strong><\/h2>\n<ul>\n<li>Indemnit\u00e9 de fonctions conseillers p\u00e9dagogiques du premier degr\u00e9 (1\u00a0843)<\/li>\n<li>Indemnit\u00e9 de fonctions conseillers p\u00e9dagogiques d\u00e9partementaux EPS (1\u00a0696)<\/li>\n<li>Indemnit\u00e9 de fonctions particuli\u00e8res (*408) sauf pour les CPC<\/li>\n<li>BI\u00a0: CPD-EPS<\/li>\n<li>NBI\u00a0: CPC<\/li>\n<\/ul>\n<p>&nbsp;<\/p>\n<h2><strong><u>D-6 PEMF<\/u><\/strong><\/h2>\n<ul>\n<li>Indemnit\u00e9 de fonctions particuli\u00e8res (*408)<\/li>\n<li>Indemnit\u00e9 \u00e9ducation prioritaire\u00a0: REP (1\u00a0883) ou REP+ (1\u00a0882) ou clause de sauvegarde ZEP (1\u00a0886) \/ ECLAIR (1\u00a0887)<\/li>\n<li>ISAE, Indemnit\u00e9 de suivi et d\u2019accompagnement des \u00e9l\u00e8ves (1914), proratis\u00e9e en fonction du temps d\u2019enseignement<\/li>\n<li>Indemnit\u00e9 stage d\u2019observation ou de pratique accompagn\u00e9e, SOPA\u00a0; ou stage \u00e9tudiants en M2 (1\u00a0866)<\/li>\n<li>Indemnit\u00e9 de fonction de ma\u00eetre formateur ou charg\u00e9 du tutorat des enseignants stagiaires (1\u00a0844)<\/li>\n<li>Prime d&rsquo;\u00e9quipement informatique<\/li>\n<\/ul>\n<p><strong><u>\u00a0<\/u><\/strong><\/p>\n<h2><strong><u>D-7 Tableaux r\u00e9capitulatifs ASH<\/u><\/strong><\/h2>\n<p><strong><u>\u00a0<\/u><\/strong><\/p>\n<h3><strong><u>Directeur-trice d\u2019UPR : Unit\u00e9 P\u00e9dagogique R\u00e9gionale (r\u00e9gion p\u00e9nitentiaire)<\/u><\/strong><\/h3>\n<p><strong><u>\u00a0<\/u><\/strong><\/p>\n<table width=\"685\">\n<tbody>\n<tr>\n<td width=\"522\">Indemnit\u00e9 de suj\u00e9tions sp\u00e9ciales (*433)<\/td>\n<td width=\"163\">2 915,40 \u20ac \/ an<\/td>\n<\/tr>\n<tr>\n<td width=\"522\">Indemnit\u00e9 de responsabilit\u00e9 de direction d\u2019\u00e9tablissement (*110)<\/td>\n<td width=\"163\">1 137,48 \u20ac \/ an<\/td>\n<\/tr>\n<tr>\n<td width=\"522\">Directeur appartenant au corps des PE sp\u00e9cialis\u00e9s : indemnit\u00e9 de fonctions particuli\u00e8res (*408)<\/td>\n<td width=\"163\">844,20 \u20ac \/ an<\/td>\n<\/tr>\n<tr>\n<td width=\"522\">Directeur appartenant au corps des instituteurs sp\u00e9cialis\u00e9s : BI<\/td>\n<td width=\"163\">15 points<\/td>\n<\/tr>\n<tr>\n<td width=\"522\">Bonification indiciaire<\/td>\n<td width=\"163\">\u00a01<sup>\u00e8re<\/sup> cat\u00e9gorie : 80 points<\/p>\n<p>2<sup>\u00e8me<\/sup> cat\u00e9gorie : 100 points<\/p>\n<p>3<sup>\u00e8me<\/sup> cat\u00e9gorie : 130 points<\/p>\n<p>4<sup>\u00e8me<\/sup> cat\u00e9gorie : 150 points<\/td>\n<\/tr>\n<\/tbody>\n<\/table>\n<p><strong><u>\u00a0<\/u><\/strong><\/p>\n<h3><strong><u>Directeur-trice SEGPA<\/u><\/strong><\/h3>\n<p><strong><u>\u00a0<\/u><\/strong><\/p>\n<table width=\"685\">\n<tbody>\n<tr>\n<td width=\"522\">Indemnit\u00e9 de suj\u00e9tions sp\u00e9ciales (*433)<\/td>\n<td width=\"163\">2 915,40 \u20ac \/<\/td>\n<\/tr>\n<tr>\n<td width=\"522\">Indemnit\u00e9 forfaitaire (1994)<\/td>\n<td width=\"163\">1765 \u20ac \/ an<\/td>\n<\/tr>\n<tr>\n<td width=\"522\">Indemnit\u00e9 \u00e9ducation prioritaire : REP (1883) ou REP+ (1882) ou clause de sauvegarde ZEP (1886) \/ ECLAIR (1887)<\/td>\n<td width=\"163\"><\/td>\n<\/tr>\n<tr>\n<td width=\"522\">Directeur appartenant au corps des PE sp\u00e9cialis\u00e9s : indemnit\u00e9 de fonctions particuli\u00e8res (*408)<\/td>\n<td width=\"163\">844,19\u20ac \/ an<\/td>\n<\/tr>\n<tr>\n<td width=\"522\">Directeur appartenant au corps des instituteurs sp\u00e9cialis\u00e9s\u00a0: BI<\/td>\n<td width=\"163\">15 points<\/td>\n<\/tr>\n<tr>\n<td width=\"522\">Bonification indiciaire<\/td>\n<td width=\"163\">50 points<\/td>\n<\/tr>\n<\/tbody>\n<\/table>\n<p><strong><u>\u00a0<\/u><\/strong><\/p>\n<p><strong><em>L\u2019ISAE pour les DACS a \u00e9t\u00e9 retir\u00e9e. En effet, m\u00eame si les recours sont toujours d&rsquo;actualit\u00e9 pour la p\u00e9riode du 1.09.17 au 1.09.19 (plusieurs d\u00e9cisions de TA positives), un d\u00e9cret du MEN annule de fait ce droit \u00e0 compter du 1er septembre 2019.<\/em><\/strong><\/p>\n<p><strong><u>\u00a0<\/u><\/strong><\/p>\n<h3><strong><u>Int\u00e9rim de direction SEGPA<\/u><\/strong><\/h3>\n<p><strong><u>\u00a0<\/u><\/strong><\/p>\n<table width=\"685\">\n<tbody>\n<tr>\n<td width=\"522\">Indemnit\u00e9 de suj\u00e9tions sp\u00e9ciales (*433)<\/td>\n<td width=\"163\">2\u00a0915,40 \u20ac<\/td>\n<\/tr>\n<tr>\n<td width=\"522\">Indemnit\u00e9 forfaitaire (1994)<\/td>\n<td width=\"163\">1765 \u20ac \/ an<\/td>\n<\/tr>\n<tr>\n<td width=\"522\">Indemnit\u00e9 \u00e9ducation prioritaire : REP (1883) ou REP+ (1882)<\/td>\n<td width=\"163\"><\/td>\n<\/tr>\n<tr>\n<td width=\"522\">Si PE sp\u00e9cialis\u00e9 : indemnit\u00e9 de fonctions particuli\u00e8res (*408)<\/td>\n<td width=\"163\">844,19 \u20ac \/ an<\/td>\n<\/tr>\n<tr>\n<td width=\"522\">Si instituteur sp\u00e9cialis\u00e9 : BI<\/td>\n<td width=\"163\">15 points<\/td>\n<\/tr>\n<\/tbody>\n<\/table>\n<p><strong><u>\u00a0<\/u><\/strong><\/p>\n<h3><strong><u>Directeur-trice d&rsquo;\u00e9tablissement sp\u00e9cialis\u00e9 ou d&rsquo;\u00e9cole avec au moins 3 classes sp\u00e9cialis\u00e9es<\/u><\/strong><\/h3>\n<p><strong><u>\u00a0<\/u><\/strong><\/p>\n<table width=\"685\">\n<tbody>\n<tr>\n<td width=\"522\">Indemnit\u00e9 de suj\u00e9tions sp\u00e9ciales (indemnit\u00e9 de charges administratives) (2217)<\/td>\n<td width=\"163\">Part fixe : 1295,62 \u20ac<\/p>\n<p>Part variable :<\/p>\n<p>1 \u00e0 3 classes : 500 \u20ac<\/p>\n<p>4 \u00e0 9 classes : 700 \u20ac<\/p>\n<p>10 classes et plus : 900 \u20ac<\/td>\n<\/tr>\n<tr>\n<td width=\"522\">Directeur appartenant au corps des PE sp\u00e9cialis\u00e9s : Indemnit\u00e9 de fonctions particuli\u00e8res (*408)<\/td>\n<td width=\"163\">844,19 \u20ac \/ an<\/td>\n<\/tr>\n<tr>\n<td width=\"522\">ISAE (1914)<\/td>\n<td width=\"163\">1200 \u20ac \/ an<\/td>\n<\/tr>\n<tr>\n<td width=\"522\">NBI<\/td>\n<td width=\"163\">8 points (cumulable avec BI)<\/td>\n<\/tr>\n<tr>\n<td width=\"522\">Directeur appartenant au corps des instituteurs sp\u00e9cialis\u00e9s : BI<\/td>\n<td width=\"163\">15 points<\/td>\n<\/tr>\n<tr>\n<td width=\"522\">Autres indemnit\u00e9s pay\u00e9es par l\u2019\u00e9tablissement en fonction des conventions d\u2019\u00e9tablissements<\/td>\n<td width=\"163\"><\/td>\n<\/tr>\n<\/tbody>\n<\/table>\n<p><strong><u>\u00a0<\/u><\/strong><\/p>\n<h3><strong><u>Enseignant-e en SEGPA<\/u><\/strong><\/h3>\n<p>&nbsp;<\/p>\n<table width=\"684\">\n<tbody>\n<tr>\n<td width=\"522\">ISAE (1914)<\/td>\n<td width=\"162\">1200 \u20ac \/ an<\/td>\n<\/tr>\n<tr>\n<td width=\"522\">Indemnit\u00e9 forfaitaire (1994)<\/td>\n<td width=\"162\">1765 \u20ac \/ an<\/td>\n<\/tr>\n<tr>\n<td width=\"522\">Si PE sp\u00e9cialis\u00e9 : indemnit\u00e9 de fonctions particuli\u00e8res (*408)<\/td>\n<td width=\"162\">844,19 \u20ac \/ an<\/td>\n<\/tr>\n<tr>\n<td width=\"522\">Indemnit\u00e9 \u00e9ducation prioritaire : REP (1883) ou REP+ (1882) ou clause de sauvegarde ZEP (1886) \/ ECLAIR (1887)<\/td>\n<td width=\"162\"><\/td>\n<\/tr>\n<tr>\n<td width=\"522\">Si instituteur sp\u00e9cialis\u00e9 : BI<\/td>\n<td width=\"162\">15 points<\/td>\n<\/tr>\n<tr>\n<td width=\"522\">Indemnit\u00e9 de tutorat CAPPEI si suivi de stagiaire<\/td>\n<td width=\"162\">500 \u00e0 700\u00a0 \u20ac<\/td>\n<\/tr>\n<tr>\n<td width=\"522\">Prime d&rsquo;\u00e9quipement informatique<\/td>\n<td width=\"162\">176 \u20ac \/ an<\/td>\n<\/tr>\n<\/tbody>\n<\/table>\n<p>&nbsp;<\/p>\n<p>&nbsp;<\/p>\n<p>&nbsp;<\/p>\n<h3><strong><u>Enseignant-e en ULIS coll\u00e8g<\/u><\/strong><strong><u>e et lyc\u00e9e<\/u><\/strong><\/h3>\n<p><strong><u>\u00a0<\/u><\/strong><\/p>\n<table width=\"684\">\n<tbody>\n<tr>\n<td width=\"522\">ISAE (1914)<\/td>\n<td width=\"162\">1200 \u20ac \/ an<\/td>\n<\/tr>\n<tr>\n<td width=\"522\">Indemnit\u00e9 forfaitaire (1994)<\/td>\n<td width=\"162\">1765 \u20ac \/ an<\/td>\n<\/tr>\n<tr>\n<td width=\"522\">Si PE sp\u00e9cialis\u00e9 : indemnit\u00e9 de fonctions particuli\u00e8res (*408)<\/td>\n<td width=\"162\">844,19 \u20ac \/ an<\/td>\n<\/tr>\n<tr>\n<td width=\"522\">Indemnit\u00e9 \u00e9ducation prioritaire : REP (1883) ou REP+ (1882) ou clause de sauvegarde ZEP (1886) \/ ECLAIR (1887)<\/td>\n<td width=\"162\"><\/td>\n<\/tr>\n<tr>\n<td width=\"522\">Si instituteur sp\u00e9cialis\u00e9 : BI<\/td>\n<td width=\"162\">15 points<\/td>\n<\/tr>\n<tr>\n<td width=\"522\">Indemnit\u00e9 de tutorat CAPPEI si suivi de stagiaire<\/td>\n<td width=\"162\">500 \u00e0 700\u00a0 \u20ac<\/td>\n<\/tr>\n<tr>\n<td width=\"522\">Prime d&rsquo;\u00e9quipement informatique<\/td>\n<td width=\"162\">176 \u20ac \/ an<\/td>\n<\/tr>\n<\/tbody>\n<\/table>\n<p><strong><u>\u00a0<\/u><\/strong><\/p>\n<h3><strong><u>Enseignant-e en ULIS \u00e9cole <\/u><\/strong><strong>\u00a0\u00a0\u00a0\u00a0\u00a0\u00a0\u00a0<\/strong><\/h3>\n<p><strong><u>\u00a0<\/u><\/strong><\/p>\n<table width=\"684\">\n<tbody>\n<tr>\n<td width=\"522\">NBI<\/td>\n<td width=\"162\">27 points<\/td>\n<\/tr>\n<tr>\n<td width=\"522\">ISAE (1914)<\/td>\n<td width=\"162\">1200 \u20ac \/ an<\/td>\n<\/tr>\n<tr>\n<td width=\"522\">Indemnit\u00e9 \u00e9ducation prioritaire : REP (1883) ou REP+ (1882) ou clause de sauvegarde ZEP (1886) \/ ECLAIR (1887)<\/td>\n<td width=\"162\"><\/td>\n<\/tr>\n<tr>\n<td width=\"522\">Indemnit\u00e9 de tutorat CAPPEI si suivi de stagiaire<\/td>\n<td width=\"162\">500 \u00e0 700\u00a0 \u20ac<\/td>\n<\/tr>\n<tr>\n<td width=\"522\">Prime d&rsquo;\u00e9quipement informatique<\/td>\n<td width=\"162\">176 \u20ac \/ an<\/td>\n<\/tr>\n<\/tbody>\n<\/table>\n<p><strong><u>\u00a0<\/u><\/strong><\/p>\n<h3><strong><u>Enseignant-e en UPE2A<\/u><\/strong><\/h3>\n<p><strong><u>\u00a0<\/u><\/strong><\/p>\n<table width=\"684\">\n<tbody>\n<tr>\n<td width=\"522\">NBI Ville<\/td>\n<td width=\"162\">30 points<\/td>\n<\/tr>\n<tr>\n<td width=\"522\">ISAE, Indemnit\u00e9 de suivi et d\u2019accompagnement des \u00e9l\u00e8ves (1914)<\/td>\n<td width=\"162\">1200 \u20ac \/ an<\/td>\n<\/tr>\n<tr>\n<td width=\"522\">Indemnit\u00e9 \u00e9ducation prioritaire : REP (1883) ou REP+ (1882) ou clause de sauvegarde ZEP (1886) \/ ECLAIR (1887)<\/td>\n<td width=\"162\"><\/td>\n<\/tr>\n<tr>\n<td width=\"522\">Prime d&rsquo;\u00e9quipement informatique<\/td>\n<td width=\"162\">176 \u20ac \/ an<\/td>\n<\/tr>\n<\/tbody>\n<\/table>\n<p><strong><u>\u00a0<\/u><\/strong><\/p>\n<h3><strong><u>Enseignant-e en EREA<\/u><\/strong><\/h3>\n<p><strong><u>\u00a0<\/u><\/strong><\/p>\n<table width=\"684\">\n<tbody>\n<tr>\n<td width=\"522\">ISAE (1914)<\/td>\n<td width=\"162\">1200 \u20ac \/ an<\/td>\n<\/tr>\n<tr>\n<td width=\"522\">Indemnit\u00e9 forfaitaire (1994)<\/td>\n<td width=\"162\">1765 \u20ac \/ an<\/td>\n<\/tr>\n<tr>\n<td width=\"522\">Si PE sp\u00e9cialis\u00e9-e : indemnit\u00e9 de fonctions particuli\u00e8res (*408)<\/td>\n<td width=\"162\">844,19 \u20ac \/ an<\/td>\n<\/tr>\n<tr>\n<td width=\"522\">Si instituteur sp\u00e9cialis\u00e9 : BI<\/td>\n<td width=\"162\">15 points<\/td>\n<\/tr>\n<tr>\n<td width=\"522\">Indemnit\u00e9 de tutorat CAPPEI si suivi de stagiaire<\/td>\n<td width=\"162\">500 \u00e0 700\u00a0 \u20ac<\/td>\n<\/tr>\n<tr>\n<td width=\"522\">Prime d&rsquo;\u00e9quipement informatique<\/td>\n<td width=\"162\">176 \u20ac \/ an<\/td>\n<\/tr>\n<\/tbody>\n<\/table>\n<p>&nbsp;<\/p>\n<h3><strong><u>Enseignant-e en classe relais<\/u><\/strong><\/h3>\n<p><strong><u>\u00a0<\/u><\/strong><\/p>\n<table width=\"684\">\n<tbody>\n<tr>\n<td width=\"522\">Indemnit\u00e9\u00a0 classe relais (*147)<\/td>\n<td width=\"162\">1 577,40 \u20ac \/ an<\/td>\n<\/tr>\n<tr>\n<td width=\"522\">Si PE sp\u00e9cialis\u00e9\u00a0: indemnit\u00e9 de fonctions particuli\u00e8res (*408)<\/td>\n<td width=\"162\">844,19 \u20ac \/ an<\/td>\n<\/tr>\n<tr>\n<td width=\"522\">NBI Ville (si temps \u00e9quivalent au moins \u00e0 un mi-temps)<\/td>\n<td width=\"162\">30 points<\/td>\n<\/tr>\n<tr>\n<td width=\"522\">Si instituteur sp\u00e9cialis\u00e9\u00a0: BI<\/td>\n<td width=\"162\">15 points<\/td>\n<\/tr>\n<tr>\n<td width=\"522\">Heures de coordination et de synth\u00e8ses (*210)<\/td>\n<td width=\"162\">Instituteur : 22,26 \u20ac<\/p>\n<p>PE : 24,82 \u20ac<\/p>\n<p>PE HC : 27,30 \u20ac<\/td>\n<\/tr>\n<tr>\n<td width=\"522\">Prime d&rsquo;\u00e9quipement informatique<\/td>\n<td width=\"162\">176 \u20ac \/ an<\/td>\n<\/tr>\n<\/tbody>\n<\/table>\n<h3><\/h3>\n<h3><strong><u>Coordonnateur-trice de classes relais<\/u><\/strong><\/h3>\n<p><strong><u>\u00a0<\/u><\/strong><\/p>\n<table width=\"684\">\n<tbody>\n<tr>\n<td width=\"522\">Si PE sp\u00e9cialis\u00e9\u00a0: indemnit\u00e9 de fonctions particuli\u00e8res (*408)<\/td>\n<td width=\"162\">844,19 \u20ac \/ an<\/td>\n<\/tr>\n<tr>\n<td width=\"522\">NBI\u00a0Ville<\/td>\n<td width=\"162\">40 points<\/td>\n<\/tr>\n<tr>\n<td width=\"522\">Si instituteur sp\u00e9cialis\u00e9\u00a0: BI<\/td>\n<td width=\"162\">15 points<\/td>\n<\/tr>\n<\/tbody>\n<\/table>\n<p><strong><u>\u00a0<\/u><\/strong><\/p>\n<h3><strong><u>Psychologue de l&rsquo;EN \u00e9ducation, d\u00e9veloppement et apprentissages (EDA)<\/u><\/strong><\/h3>\n<p><strong><u>\u00a0<\/u><\/strong><\/p>\n<table width=\"684\">\n<tbody>\n<tr>\n<td width=\"522\">Indemnit\u00e9 de fonctions (2205)<\/td>\n<td width=\"162\">2044,19 \u20ac \/ an<\/td>\n<\/tr>\n<tr>\n<td width=\"522\">Indemnit\u00e9 \u00e9ducation prioritaire : REP (1883) ou REP+ (1882)<\/td>\n<td width=\"162\"><\/td>\n<\/tr>\n<tr>\n<td width=\"522\">Frais de d\u00e9placement pour les personnels des RASED<\/td>\n<td width=\"162\"><\/td>\n<\/tr>\n<tr>\n<td width=\"522\">Prime d&rsquo;\u00e9quipement informatique<\/td>\n<td width=\"162\">176 \u20ac \/ an<\/td>\n<\/tr>\n<\/tbody>\n<\/table>\n<p><strong><u>\u00a0<\/u><\/strong><\/p>\n<p><strong><u>\u00a0<\/u><\/strong><\/p>\n<p><strong><u>\u00a0<\/u><\/strong><\/p>\n<h3><strong><u>R\u00e9\u00e9ducateur, ma\u00eetre d\u2019adaptation en RASED<\/u><\/strong><\/h3>\n<p>&nbsp;<\/p>\n<table width=\"684\">\n<tbody>\n<tr>\n<td width=\"522\">Si PE sp\u00e9cialis\u00e9 : indemnit\u00e9 de fonctions particuli\u00e8res (*408)<\/td>\n<td width=\"162\">844,19 \u20ac \/ an<\/td>\n<\/tr>\n<tr>\n<td width=\"522\">Si instituteur sp\u00e9cialis\u00e9 : BI<\/td>\n<td width=\"162\">15 points<\/td>\n<\/tr>\n<tr>\n<td width=\"522\">ISAE (1914)<\/td>\n<td width=\"162\">1200 \u20ac \/ an<\/td>\n<\/tr>\n<tr>\n<td width=\"522\">Indemnit\u00e9 \u00e9ducation prioritaire : REP (1883) ou REP+ (1882)<\/td>\n<td width=\"162\"><\/td>\n<\/tr>\n<tr>\n<td width=\"522\">Indemnit\u00e9 de tutorat CAPPEI si suivi de stagiaire<\/td>\n<td width=\"162\">500 \u00e0 700\u00a0 \u20ac<\/td>\n<\/tr>\n<tr>\n<td width=\"522\">Frais de d\u00e9placement pour les personnels des RASED<\/td>\n<td width=\"162\"><\/td>\n<\/tr>\n<tr>\n<td width=\"522\">Prime d&rsquo;\u00e9quipement informatique<\/td>\n<td width=\"162\">176 \u20ac \/ an<\/td>\n<\/tr>\n<\/tbody>\n<\/table>\n<p><strong><u>\u00a0<\/u><\/strong><\/p>\n<h3><strong><u>Enseignant-e r\u00e9f\u00e9rent-e pour la scolarisation des \u00e9l\u00e8ves en situation de handicap<\/u><\/strong><\/h3>\n<p>&nbsp;<\/p>\n<table width=\"684\">\n<tbody>\n<tr>\n<td width=\"522\">Si PE sp\u00e9cialis\u00e9 : indemnit\u00e9 de fonctions particuli\u00e8res (*408)<\/td>\n<td width=\"162\">844,19 \u20ac \/ an<\/td>\n<\/tr>\n<tr>\n<td width=\"522\">Indemnit\u00e9 de mission particuli\u00e8re IMP (1995)<\/td>\n<td width=\"162\">2500 \u20ac \/ an<\/td>\n<\/tr>\n<\/tbody>\n<\/table>\n<p><strong><u>\u00a0<\/u><\/strong><\/p>\n<h3><strong><u>Enseignant-e en \u00e9tablissement sp\u00e9cialis\u00e9 (ESMS)<\/u><\/strong><\/h3>\n<p><strong><u>\u00a0<\/u><\/strong><\/p>\n<table width=\"684\">\n<tbody>\n<tr>\n<td width=\"522\">Si PE sp\u00e9cialis\u00e9 : indemnit\u00e9 de fonctions particuli\u00e8res (*408)<\/td>\n<td width=\"162\">844,19 \u20ac \/ an<\/td>\n<\/tr>\n<tr>\n<td width=\"522\">Si instituteur sp\u00e9cialis\u00e9 : BI<\/td>\n<td width=\"162\">15 points<\/td>\n<\/tr>\n<tr>\n<td width=\"522\">ISAE (1914)<\/td>\n<td width=\"162\">1200 \u20ac<\/td>\n<\/tr>\n<tr>\n<td width=\"522\">Indemnit\u00e9 forfaitaire (1994)<\/td>\n<td width=\"162\">1765 \u20ac \/ an<\/td>\n<\/tr>\n<tr>\n<td width=\"522\">Autres indemnit\u00e9s pay\u00e9es par l\u2019\u00e9tablissement en fonction des conventions d\u2019\u00e9tablissements<\/td>\n<td width=\"162\"><strong><span style=\"text-decoration: line-through;\">\u00a0<\/span><\/strong><\/td>\n<\/tr>\n<tr>\n<td width=\"522\">Indemnit\u00e9 de tutorat CAPPEI si suivi de stagiaire<\/td>\n<td width=\"162\">500 \u00e0 700\u00a0 \u20ac<\/td>\n<\/tr>\n<tr>\n<td width=\"522\">Prime d&rsquo;\u00e9quipement informatique (sauf coordonnateur de l&rsquo;UE)<\/td>\n<td width=\"162\">176 \u20ac \/ an<\/td>\n<\/tr>\n<\/tbody>\n<\/table>\n<p>&nbsp;<\/p>\n<h3><strong><u>Enseignant-e en milieu p\u00e9nitentiair<\/u><\/strong><strong><u>e ou en centre \u00e9ducatif ferm\u00e9<\/u><\/strong><\/h3>\n<p><strong><u>\u00a0<\/u><\/strong><\/p>\n<table width=\"684\">\n<tbody>\n<tr>\n<td width=\"522\">Si PE sp\u00e9cialis\u00e9 : indemnit\u00e9 de fonctions particuli\u00e8res (*408)<\/td>\n<td width=\"162\">844,19 \u20ac \/ an<\/td>\n<\/tr>\n<tr>\n<td width=\"522\">Indemnit\u00e9 d\u2019enseignement en milieu p\u00e9nitentiaire (603)<\/td>\n<td width=\"162\">2 105,63 \u20ac \/ an<\/p>\n<p>Avec majoration 30% RLE :<\/p>\n<p>2 737,31 \u20ac<\/p>\n<p>Avec majoration 15% RLE : 2421,47\u20ac<\/td>\n<\/tr>\n<tr>\n<td width=\"522\">Si instituteur sp\u00e9cialis\u00e9 : BI<\/td>\n<td width=\"162\">15 points<\/td>\n<\/tr>\n<tr>\n<td width=\"522\">Indemnit\u00e9 de tutorat CAPPEI si suivi de stagiaire<\/td>\n<td width=\"162\">500 \u00e0 700\u00a0 \u20ac<\/td>\n<\/tr>\n<tr>\n<td width=\"522\">Prime d&rsquo;\u00e9quipement informatique<\/td>\n<td width=\"162\">176 \u20ac \/ an<\/td>\n<\/tr>\n<\/tbody>\n<\/table>\n<p><strong><u>\u00a0<\/u><\/strong><\/p>\n<h3><strong><u>Secr\u00e9taire de CDOEA<\/u><\/strong><\/h3>\n<p><strong><u>\u00a0<\/u><\/strong><\/p>\n<table width=\"684\">\n<tbody>\n<tr>\n<td width=\"522\">NBI<\/td>\n<td width=\"162\">27 points<\/td>\n<\/tr>\n<\/tbody>\n<\/table>\n<p><strong><u>\u00a0<\/u><\/strong><\/p>\n<h3><strong><u>Enseignant-e mis \u00e0 disposition de la MDPH<\/u><\/strong><\/h3>\n<p><strong><u>\u00a0<\/u><\/strong><\/p>\n<table width=\"684\">\n<tbody>\n<tr>\n<td width=\"684\">Maintien des indemnit\u00e9s per\u00e7ues avant la mise \u00e0 disposition\u00a0: ISAE, indemnit\u00e9 de fonctions particuli\u00e8res, etc&#8230; (courrier MEN du 11.03.19)<\/td>\n<\/tr>\n<tr>\n<td width=\"684\">Indemnisation \u00e9ventuelle par la MDPH des frais et suj\u00e9tions li\u00e9es \u00e0 l\u2019exercice des fonctions<\/td>\n<\/tr>\n<\/tbody>\n<\/table>\n<p><strong><u>\u00a0<\/u><\/strong><\/p>\n<h3><strong><u>Titulaire mobile titulaire du CAPSAIS ou CAPA-SH ou CAPPEI effectuant des remplacements dans l&rsquo;ASH<\/u><\/strong><\/h3>\n<p><strong><u>\u00a0<\/u><\/strong><\/p>\n<table width=\"684\">\n<tbody>\n<tr>\n<td width=\"525\">Si PE sp\u00e9cialis\u00e9 : indemnit\u00e9 de fonctions particuli\u00e8res (*408)<\/td>\n<td width=\"159\">844,19 \u20ac \/ an<\/td>\n<\/tr>\n<tr>\n<td width=\"525\">Indemnit\u00e9 forfaitaire (1994) \u00a0au prorata du remplacement<\/td>\n<td width=\"159\">1765 \u20ac \/ an<\/td>\n<\/tr>\n<tr>\n<td width=\"525\">ISAE (1914)<\/td>\n<td width=\"159\">1200 \u20ac \/ an<\/td>\n<\/tr>\n<tr>\n<td width=\"525\">Indemnit\u00e9 (*147) pour classe relais au prorata du remplacement<\/td>\n<td width=\"159\">1 577,40 \u20ac \/ an<\/td>\n<\/tr>\n<tr>\n<td width=\"525\">Si instituteur sp\u00e9cialis\u00e9 : BI<\/td>\n<td width=\"159\">15 points<\/td>\n<\/tr>\n<tr>\n<td width=\"525\">ISSR, indemnit\u00e9 de suj\u00e9tion sp\u00e9ciale de remplacement (*702)<\/td>\n<td width=\"159\"><\/td>\n<\/tr>\n<tr>\n<td width=\"525\">Heures de coordination et de synth\u00e8se (*210), si Classe relais <strong>\u00a0<\/strong>au prorata du remplacement<\/td>\n<td width=\"159\">Instituteur : 22,26 \u20ac<\/p>\n<p>PE : 24,82 \u20ac<\/p>\n<p>PE HC : 27,30 \u20ac<\/td>\n<\/tr>\n<tr>\n<td width=\"525\">Indemnit\u00e9 \u00e9ducation prioritaire : REP (1883) ou REP+ (1882) ) au prorata du remplacement<\/td>\n<td width=\"159\"><\/td>\n<\/tr>\n<tr>\n<td width=\"525\">Prime d&rsquo;\u00e9quipement informatique<\/td>\n<td width=\"159\">176 \u20ac \/ an<\/td>\n<\/tr>\n<\/tbody>\n<\/table>\n<p><strong><u>\u00a0<\/u><\/strong><\/p>\n<p><strong><u>\u00a0<\/u><\/strong><\/p>\n<p><strong><u>\u00a0<\/u><\/strong><\/p>\n<h3><strong><u>Titulaire mobile non titulaire du CAPSAIS ou CAPA-SH ou CAPPEI effectuant des remplacements dans l\u2019ASH<\/u><\/strong><\/h3>\n<p><strong><u>\u00a0<\/u><\/strong><\/p>\n<table width=\"684\">\n<tbody>\n<tr>\n<td width=\"525\">Indemnit\u00e9 (*147) pour classe relais au prorata du remplacement<\/td>\n<td width=\"159\">1 577,40 \u20ac \/ an<\/td>\n<\/tr>\n<tr>\n<td width=\"525\">Indemnit\u00e9 forfaitaire (1994)\u00a0 ) au prorata du remplacement<\/td>\n<td width=\"159\">1765 \u20ac \/ an<\/td>\n<\/tr>\n<tr>\n<td width=\"525\">ISAE (1914)<\/td>\n<td width=\"159\">1200 \u20ac \/ an<\/td>\n<\/tr>\n<tr>\n<td width=\"525\">ISSR, indemnit\u00e9 de suj\u00e9tion sp\u00e9ciale de remplacement (*702)<\/td>\n<td width=\"159\"><\/td>\n<\/tr>\n<tr>\n<td width=\"525\">Heures de coordination et de synth\u00e8ses\u00a0 (*210), si Classe relais au prorata du remplacement<\/td>\n<td width=\"159\">Instituteur : 22,26 \u20ac<\/p>\n<p>PE : 24,82 \u20ac<\/p>\n<p>PE HC : 27,30 \u20ac<\/td>\n<\/tr>\n<tr>\n<td width=\"525\">Indemnit\u00e9 \u00e9ducation prioritaire\u00a0: REP (1\u00a0883) ou REP+ (1\u00a0882) ) au prorata du remplacement<\/td>\n<td width=\"159\"><\/td>\n<\/tr>\n<tr>\n<td width=\"525\">Prime d&rsquo;\u00e9quipement informatique<\/td>\n<td width=\"159\">176 \u20ac \/ an<\/td>\n<\/tr>\n<\/tbody>\n<\/table>\n<p><strong><u>\u00a0<\/u><\/strong><\/p>\n<h1><strong><u>E- Les derni\u00e8res modifications<\/u><\/strong><\/h1>\n<p><strong><u>\u00a0<\/u><\/strong><\/p>\n<p>Ont \u00e9t\u00e9 ajout\u00e9s ou mis \u00e0 jour dans cette version :<\/p>\n<ul>\n<li>grille indiciaire PE Hors Classe : cr\u00e9ation du 7\u00e8me \u00e9chelon au 1er janvier 2021<\/li>\n<li>r\u00e9actualisation de l&rsquo;indemnit\u00e9 compensatrice CSG \u00e0 chaque 1er janvier (nouveaut\u00e9)<\/li>\n<li>ajout de diverses primes et remboursements : prime d&rsquo;\u00e9quipement informatique, prime de fid\u00e9lisation en Seine St Denis, prise en charge des frais de transport, forfait mobilit\u00e9 durable<\/li>\n<li>heures suppl\u00e9mentaires contractuels enseignants<\/li>\n<li>taux horaire du SMIC au 1er janvier 2021<\/li>\n<\/ul>\n","protected":false},"excerpt":{"rendered":"<p>Toutes les valeurs sont en brut ; les valeurs avec ast\u00e9risque sont mises \u00e0 jour selon les \u201ctables de Montpellier \u201d, centre charg\u00e9 de recalculer les taux et montants lors des changements des valeurs du point d\u2019indice. Montants \u00e0 compter du 1er septembre 2017 et toujours en vigueur \u00e0 ce jour (sauf pr\u00e9cisions contraires). \u00a0 A [&hellip;]<\/p>\n","protected":false},"author":4,"featured_media":0,"comment_status":"closed","ping_status":"closed","sticky":false,"template":"","format":"standard","meta":{"footnotes":""},"categories":[14],"tags":[53,30],"class_list":["post-20135","post","type-post","status-publish","format-standard","hentry","category-a-la-une","tag-indemnites","tag-salaire"],"yoast_head":"<!-- This site is optimized with the Yoast SEO plugin v26.6 - https:\/\/yoast.com\/wordpress\/plugins\/seo\/ -->\n<title>PE et Psy EN : taux et montants des indemnit\u00e9s en 2021 - FSU-SNUipp 86<\/title>\n<meta name=\"robots\" content=\"index, follow, max-snippet:-1, max-image-preview:large, max-video-preview:-1\" \/>\n<link rel=\"canonical\" href=\"https:\/\/snuipp86.fr\/index.php\/2021\/01\/28\/pe-et-psy-en-taux-et-montants-des-indemnites-en-2021\/\" \/>\n<meta property=\"og:locale\" content=\"fr_FR\" \/>\n<meta property=\"og:type\" content=\"article\" \/>\n<meta property=\"og:title\" content=\"PE et Psy EN : taux et montants des indemnit\u00e9s en 2021 - FSU-SNUipp 86\" \/>\n<meta property=\"og:description\" content=\"Toutes les valeurs sont en brut ; les valeurs avec ast\u00e9risque sont mises \u00e0 jour selon les \u201ctables de Montpellier \u201d, centre charg\u00e9 de recalculer les taux et montants lors des changements des valeurs du point d\u2019indice. Montants \u00e0 compter du 1er septembre 2017 et toujours en vigueur \u00e0 ce jour (sauf pr\u00e9cisions contraires). \u00a0 A [&hellip;]\" \/>\n<meta property=\"og:url\" content=\"https:\/\/snuipp86.fr\/index.php\/2021\/01\/28\/pe-et-psy-en-taux-et-montants-des-indemnites-en-2021\/\" \/>\n<meta property=\"og:site_name\" content=\"FSU-SNUipp 86\" \/>\n<meta property=\"article:published_time\" content=\"2021-01-28T13:26:35+00:00\" \/>\n<meta property=\"article:modified_time\" content=\"2021-03-18T16:41:00+00:00\" \/>\n<meta property=\"og:image\" content=\"https:\/\/snuipp86.fr\/wp-content\/uploads\/2020\/09\/118765390_1701862016631425_650793011035140515_n.jpg\" \/>\n\t<meta property=\"og:image:width\" content=\"809\" \/>\n\t<meta property=\"og:image:height\" content=\"960\" \/>\n\t<meta property=\"og:image:type\" content=\"image\/jpeg\" \/>\n<meta name=\"author\" content=\"Matthieu Menaut\" \/>\n<meta name=\"twitter:card\" content=\"summary_large_image\" \/>\n<meta name=\"twitter:label1\" content=\"\u00c9crit par\" \/>\n\t<meta name=\"twitter:data1\" content=\"Matthieu Menaut\" \/>\n\t<meta name=\"twitter:label2\" content=\"Dur\u00e9e de lecture estim\u00e9e\" \/>\n\t<meta name=\"twitter:data2\" content=\"22 minutes\" \/>\n<script type=\"application\/ld+json\" class=\"yoast-schema-graph\">{\"@context\":\"https:\/\/schema.org\",\"@graph\":[{\"@type\":\"WebPage\",\"@id\":\"https:\/\/snuipp86.fr\/index.php\/2021\/01\/28\/pe-et-psy-en-taux-et-montants-des-indemnites-en-2021\/\",\"url\":\"https:\/\/snuipp86.fr\/index.php\/2021\/01\/28\/pe-et-psy-en-taux-et-montants-des-indemnites-en-2021\/\",\"name\":\"PE et Psy EN : taux et montants des indemnit\u00e9s en 2021 - FSU-SNUipp 86\",\"isPartOf\":{\"@id\":\"https:\/\/snuipp86.fr\/#website\"},\"datePublished\":\"2021-01-28T13:26:35+00:00\",\"dateModified\":\"2021-03-18T16:41:00+00:00\",\"author\":{\"@id\":\"https:\/\/snuipp86.fr\/#\/schema\/person\/5a96b33672b90a1385fd0b096fd5ebcb\"},\"breadcrumb\":{\"@id\":\"https:\/\/snuipp86.fr\/index.php\/2021\/01\/28\/pe-et-psy-en-taux-et-montants-des-indemnites-en-2021\/#breadcrumb\"},\"inLanguage\":\"fr-FR\",\"potentialAction\":[{\"@type\":\"ReadAction\",\"target\":[\"https:\/\/snuipp86.fr\/index.php\/2021\/01\/28\/pe-et-psy-en-taux-et-montants-des-indemnites-en-2021\/\"]}]},{\"@type\":\"BreadcrumbList\",\"@id\":\"https:\/\/snuipp86.fr\/index.php\/2021\/01\/28\/pe-et-psy-en-taux-et-montants-des-indemnites-en-2021\/#breadcrumb\",\"itemListElement\":[{\"@type\":\"ListItem\",\"position\":1,\"name\":\"Accueil\",\"item\":\"https:\/\/snuipp86.fr\/\"},{\"@type\":\"ListItem\",\"position\":2,\"name\":\"PE et Psy EN : taux et montants des indemnit\u00e9s en 2021\"}]},{\"@type\":\"WebSite\",\"@id\":\"https:\/\/snuipp86.fr\/#website\",\"url\":\"https:\/\/snuipp86.fr\/\",\"name\":\"FSU-SNUipp 86\",\"description\":\"Des id\u00e9es qui font l&#039;\u00e9cole\",\"potentialAction\":[{\"@type\":\"SearchAction\",\"target\":{\"@type\":\"EntryPoint\",\"urlTemplate\":\"https:\/\/snuipp86.fr\/?s={search_term_string}\"},\"query-input\":{\"@type\":\"PropertyValueSpecification\",\"valueRequired\":true,\"valueName\":\"search_term_string\"}}],\"inLanguage\":\"fr-FR\"},{\"@type\":\"Person\",\"@id\":\"https:\/\/snuipp86.fr\/#\/schema\/person\/5a96b33672b90a1385fd0b096fd5ebcb\",\"name\":\"Matthieu Menaut\",\"image\":{\"@type\":\"ImageObject\",\"inLanguage\":\"fr-FR\",\"@id\":\"https:\/\/snuipp86.fr\/#\/schema\/person\/image\/\",\"url\":\"https:\/\/secure.gravatar.com\/avatar\/03e70f897b03256ddca91d16c3e33a876c31abbf1b31cb48e60e770f684a04d1?s=96&d=mm&r=g\",\"contentUrl\":\"https:\/\/secure.gravatar.com\/avatar\/03e70f897b03256ddca91d16c3e33a876c31abbf1b31cb48e60e770f684a04d1?s=96&d=mm&r=g\",\"caption\":\"Matthieu Menaut\"},\"url\":\"https:\/\/snuipp86.fr\/index.php\/author\/mmenaut\/\"}]}<\/script>\n<!-- \/ Yoast SEO plugin. -->","yoast_head_json":{"title":"PE et Psy EN : taux et montants des indemnit\u00e9s en 2021 - FSU-SNUipp 86","robots":{"index":"index","follow":"follow","max-snippet":"max-snippet:-1","max-image-preview":"max-image-preview:large","max-video-preview":"max-video-preview:-1"},"canonical":"https:\/\/snuipp86.fr\/index.php\/2021\/01\/28\/pe-et-psy-en-taux-et-montants-des-indemnites-en-2021\/","og_locale":"fr_FR","og_type":"article","og_title":"PE et Psy EN : taux et montants des indemnit\u00e9s en 2021 - FSU-SNUipp 86","og_description":"Toutes les valeurs sont en brut ; les valeurs avec ast\u00e9risque sont mises \u00e0 jour selon les \u201ctables de Montpellier \u201d, centre charg\u00e9 de recalculer les taux et montants lors des changements des valeurs du point d\u2019indice. Montants \u00e0 compter du 1er septembre 2017 et toujours en vigueur \u00e0 ce jour (sauf pr\u00e9cisions contraires). \u00a0 A [&hellip;]","og_url":"https:\/\/snuipp86.fr\/index.php\/2021\/01\/28\/pe-et-psy-en-taux-et-montants-des-indemnites-en-2021\/","og_site_name":"FSU-SNUipp 86","article_published_time":"2021-01-28T13:26:35+00:00","article_modified_time":"2021-03-18T16:41:00+00:00","og_image":[{"width":809,"height":960,"url":"https:\/\/snuipp86.fr\/wp-content\/uploads\/2020\/09\/118765390_1701862016631425_650793011035140515_n.jpg","type":"image\/jpeg"}],"author":"Matthieu Menaut","twitter_card":"summary_large_image","twitter_misc":{"\u00c9crit par":"Matthieu Menaut","Dur\u00e9e de lecture estim\u00e9e":"22 minutes"},"schema":{"@context":"https:\/\/schema.org","@graph":[{"@type":"WebPage","@id":"https:\/\/snuipp86.fr\/index.php\/2021\/01\/28\/pe-et-psy-en-taux-et-montants-des-indemnites-en-2021\/","url":"https:\/\/snuipp86.fr\/index.php\/2021\/01\/28\/pe-et-psy-en-taux-et-montants-des-indemnites-en-2021\/","name":"PE et Psy EN : taux et montants des indemnit\u00e9s en 2021 - FSU-SNUipp 86","isPartOf":{"@id":"https:\/\/snuipp86.fr\/#website"},"datePublished":"2021-01-28T13:26:35+00:00","dateModified":"2021-03-18T16:41:00+00:00","author":{"@id":"https:\/\/snuipp86.fr\/#\/schema\/person\/5a96b33672b90a1385fd0b096fd5ebcb"},"breadcrumb":{"@id":"https:\/\/snuipp86.fr\/index.php\/2021\/01\/28\/pe-et-psy-en-taux-et-montants-des-indemnites-en-2021\/#breadcrumb"},"inLanguage":"fr-FR","potentialAction":[{"@type":"ReadAction","target":["https:\/\/snuipp86.fr\/index.php\/2021\/01\/28\/pe-et-psy-en-taux-et-montants-des-indemnites-en-2021\/"]}]},{"@type":"BreadcrumbList","@id":"https:\/\/snuipp86.fr\/index.php\/2021\/01\/28\/pe-et-psy-en-taux-et-montants-des-indemnites-en-2021\/#breadcrumb","itemListElement":[{"@type":"ListItem","position":1,"name":"Accueil","item":"https:\/\/snuipp86.fr\/"},{"@type":"ListItem","position":2,"name":"PE et Psy EN : taux et montants des indemnit\u00e9s en 2021"}]},{"@type":"WebSite","@id":"https:\/\/snuipp86.fr\/#website","url":"https:\/\/snuipp86.fr\/","name":"FSU-SNUipp 86","description":"Des id\u00e9es qui font l&#039;\u00e9cole","potentialAction":[{"@type":"SearchAction","target":{"@type":"EntryPoint","urlTemplate":"https:\/\/snuipp86.fr\/?s={search_term_string}"},"query-input":{"@type":"PropertyValueSpecification","valueRequired":true,"valueName":"search_term_string"}}],"inLanguage":"fr-FR"},{"@type":"Person","@id":"https:\/\/snuipp86.fr\/#\/schema\/person\/5a96b33672b90a1385fd0b096fd5ebcb","name":"Matthieu Menaut","image":{"@type":"ImageObject","inLanguage":"fr-FR","@id":"https:\/\/snuipp86.fr\/#\/schema\/person\/image\/","url":"https:\/\/secure.gravatar.com\/avatar\/03e70f897b03256ddca91d16c3e33a876c31abbf1b31cb48e60e770f684a04d1?s=96&d=mm&r=g","contentUrl":"https:\/\/secure.gravatar.com\/avatar\/03e70f897b03256ddca91d16c3e33a876c31abbf1b31cb48e60e770f684a04d1?s=96&d=mm&r=g","caption":"Matthieu Menaut"},"url":"https:\/\/snuipp86.fr\/index.php\/author\/mmenaut\/"}]}},"_links":{"self":[{"href":"https:\/\/snuipp86.fr\/index.php\/wp-json\/wp\/v2\/posts\/20135","targetHints":{"allow":["GET"]}}],"collection":[{"href":"https:\/\/snuipp86.fr\/index.php\/wp-json\/wp\/v2\/posts"}],"about":[{"href":"https:\/\/snuipp86.fr\/index.php\/wp-json\/wp\/v2\/types\/post"}],"author":[{"embeddable":true,"href":"https:\/\/snuipp86.fr\/index.php\/wp-json\/wp\/v2\/users\/4"}],"replies":[{"embeddable":true,"href":"https:\/\/snuipp86.fr\/index.php\/wp-json\/wp\/v2\/comments?post=20135"}],"version-history":[{"count":0,"href":"https:\/\/snuipp86.fr\/index.php\/wp-json\/wp\/v2\/posts\/20135\/revisions"}],"wp:attachment":[{"href":"https:\/\/snuipp86.fr\/index.php\/wp-json\/wp\/v2\/media?parent=20135"}],"wp:term":[{"taxonomy":"category","embeddable":true,"href":"https:\/\/snuipp86.fr\/index.php\/wp-json\/wp\/v2\/categories?post=20135"},{"taxonomy":"post_tag","embeddable":true,"href":"https:\/\/snuipp86.fr\/index.php\/wp-json\/wp\/v2\/tags?post=20135"}],"curies":[{"name":"wp","href":"https:\/\/api.w.org\/{rel}","templated":true}]}}