{"id":20141,"date":"2021-01-28T14:41:33","date_gmt":"2021-01-28T13:41:33","guid":{"rendered":"http:\/\/snuipp86.fr\/?p=20141"},"modified":"2021-01-28T21:15:01","modified_gmt":"2021-01-28T20:15:01","slug":"remuneration-des-aesh-rentree-2021","status":"publish","type":"post","link":"https:\/\/snuipp86.fr\/index.php\/2021\/01\/28\/remuneration-des-aesh-rentree-2021\/","title":{"rendered":"R\u00e9mun\u00e9ration des AESH rentr\u00e9e 2021"},"content":{"rendered":"<p>Le SMIC a \u00e9t\u00e9 revaloris\u00e9 de 0,99% au 1<sup>er<\/sup> janvier 2021. Le montant brut horaire est port\u00e9 \u00e0 <strong>10,25\u20ac<\/strong> (contre 10,15\u20ac depuis le 1<sup>er<\/sup> janvier 2020), soit <strong>1\u00a0554,58\u20ac bruts mensuels<\/strong>.<\/p>\n<p>Une note de la DGRH du 18 janvier 2021 pr\u00e9cise les incidences de la revalorisation du SMIC sur la r\u00e9mun\u00e9ration des AESH qui <em>\u00ab\u00a0ne peut \u00eatre inf\u00e9rieure au traitement indiciaire correspondant au salaire minimum interprofessionnel de croissance (SMIC)\u00a0\u00bb.<\/em><\/p>\n<p>L\u2019indice plancher (IM 329) et l\u2019indice de niveau 2 (IM 330) sont automatiquement port\u00e9s \u00e0 l\u2019indice major\u00e9 332 \u00e0 compter du 1<sup>er<\/sup> janvier 2021.<\/p>\n<p>Cela a pour cons\u00e9quence de faire \u00e9voluer le tableau des indices de r\u00e9f\u00e9rence. Il ne reste donc aujourd\u2019hui plus que 7 niveaux dans cet espace de traitement qui en comptait initialement 10 \u00e0 sa mise en place en 2014.<\/p>\n<p><strong> <img decoding=\"async\" class=\"alignnone size-medium wp-image-20142\" src=\"https:\/\/snuipp86.fr\/wp-content\/uploads\/2021\/01\/grille-aesh-2021-300x243.png\" alt=\"\" width=\"300\" height=\"243\" srcset=\"https:\/\/snuipp86.fr\/wp-content\/uploads\/2021\/01\/grille-aesh-2021-177x142.png 177w, https:\/\/snuipp86.fr\/wp-content\/uploads\/2021\/01\/grille-aesh-2021-200x162.png 200w, https:\/\/snuipp86.fr\/wp-content\/uploads\/2021\/01\/grille-aesh-2021-300x243.png 300w, https:\/\/snuipp86.fr\/wp-content\/uploads\/2021\/01\/grille-aesh-2021-400x324.png 400w, https:\/\/snuipp86.fr\/wp-content\/uploads\/2021\/01\/grille-aesh-2021.png 435w\" sizes=\"(max-width: 300px) 100vw, 300px\" \/><\/strong><\/p>\n<p><span style=\"color: #ff0000;\"><strong>Dans son courrier adress\u00e9 le 8 janvier, le SNUipp-FSU demande au ministre de s\u2019engager d\u00e8s aujourd\u2019hui dans l\u2019am\u00e9lioration du cadre de r\u00e9mun\u00e9ration des AESH. Cela doit se traduire imm\u00e9diatement par une refonte du tableau de r\u00e9f\u00e9rence avec une augmentation des indices plancher et plafond, et par la cr\u00e9ation de niveaux interm\u00e9diaires.<\/strong><\/span><\/p>\n","protected":false},"excerpt":{"rendered":"<p>Le SMIC a \u00e9t\u00e9 revaloris\u00e9 de 0,99% au 1er janvier 2021. Le montant brut horaire est port\u00e9 \u00e0 10,25\u20ac (contre 10,15\u20ac depuis le 1er janvier 2020), soit 1\u00a0554,58\u20ac bruts mensuels. Une note de la DGRH du 18 janvier 2021 pr\u00e9cise les incidences de la revalorisation du SMIC sur la r\u00e9mun\u00e9ration des AESH qui \u00ab\u00a0ne peut \u00eatre [&hellip;]<\/p>\n","protected":false},"author":4,"featured_media":20143,"comment_status":"closed","ping_status":"closed","sticky":false,"template":"","format":"standard","meta":{"footnotes":""},"categories":[14],"tags":[38,30],"class_list":["post-20141","post","type-post","status-publish","format-standard","has-post-thumbnail","hentry","category-a-la-une","tag-aesh","tag-salaire"],"yoast_head":"<!-- This site is optimized with the Yoast SEO plugin v26.6 - https:\/\/yoast.com\/wordpress\/plugins\/seo\/ -->\n<title>R\u00e9mun\u00e9ration des AESH rentr\u00e9e 2021 - FSU-SNUipp 86<\/title>\n<meta name=\"robots\" content=\"index, follow, max-snippet:-1, max-image-preview:large, max-video-preview:-1\" \/>\n<link rel=\"canonical\" href=\"https:\/\/snuipp86.fr\/index.php\/2021\/01\/28\/remuneration-des-aesh-rentree-2021\/\" \/>\n<meta property=\"og:locale\" content=\"fr_FR\" \/>\n<meta property=\"og:type\" content=\"article\" \/>\n<meta property=\"og:title\" content=\"R\u00e9mun\u00e9ration des AESH rentr\u00e9e 2021 - FSU-SNUipp 86\" \/>\n<meta property=\"og:description\" content=\"Le SMIC a \u00e9t\u00e9 revaloris\u00e9 de 0,99% au 1er janvier 2021. Le montant brut horaire est port\u00e9 \u00e0 10,25\u20ac (contre 10,15\u20ac depuis le 1er janvier 2020), soit 1\u00a0554,58\u20ac bruts mensuels. Une note de la DGRH du 18 janvier 2021 pr\u00e9cise les incidences de la revalorisation du SMIC sur la r\u00e9mun\u00e9ration des AESH qui \u00ab\u00a0ne peut \u00eatre [&hellip;]\" \/>\n<meta property=\"og:url\" content=\"https:\/\/snuipp86.fr\/index.php\/2021\/01\/28\/remuneration-des-aesh-rentree-2021\/\" \/>\n<meta property=\"og:site_name\" content=\"FSU-SNUipp 86\" \/>\n<meta property=\"article:published_time\" content=\"2021-01-28T13:41:33+00:00\" \/>\n<meta property=\"article:modified_time\" content=\"2021-01-28T20:15:01+00:00\" \/>\n<meta property=\"og:image\" content=\"https:\/\/snuipp86.fr\/wp-content\/uploads\/2021\/01\/AESH-Logo-FSU-2.jpg\" \/>\n\t<meta property=\"og:image:width\" content=\"361\" \/>\n\t<meta property=\"og:image:height\" content=\"363\" \/>\n\t<meta property=\"og:image:type\" content=\"image\/jpeg\" \/>\n<meta name=\"author\" content=\"Matthieu Menaut\" \/>\n<meta name=\"twitter:card\" content=\"summary_large_image\" \/>\n<meta name=\"twitter:label1\" content=\"\u00c9crit par\" \/>\n\t<meta name=\"twitter:data1\" content=\"Matthieu Menaut\" \/>\n\t<meta name=\"twitter:label2\" content=\"Dur\u00e9e de lecture estim\u00e9e\" \/>\n\t<meta name=\"twitter:data2\" content=\"2 minutes\" \/>\n<script type=\"application\/ld+json\" class=\"yoast-schema-graph\">{\"@context\":\"https:\/\/schema.org\",\"@graph\":[{\"@type\":\"WebPage\",\"@id\":\"https:\/\/snuipp86.fr\/index.php\/2021\/01\/28\/remuneration-des-aesh-rentree-2021\/\",\"url\":\"https:\/\/snuipp86.fr\/index.php\/2021\/01\/28\/remuneration-des-aesh-rentree-2021\/\",\"name\":\"R\u00e9mun\u00e9ration des AESH rentr\u00e9e 2021 - FSU-SNUipp 86\",\"isPartOf\":{\"@id\":\"https:\/\/snuipp86.fr\/#website\"},\"primaryImageOfPage\":{\"@id\":\"https:\/\/snuipp86.fr\/index.php\/2021\/01\/28\/remuneration-des-aesh-rentree-2021\/#primaryimage\"},\"image\":{\"@id\":\"https:\/\/snuipp86.fr\/index.php\/2021\/01\/28\/remuneration-des-aesh-rentree-2021\/#primaryimage\"},\"thumbnailUrl\":\"https:\/\/snuipp86.fr\/wp-content\/uploads\/2021\/01\/AESH-Logo-FSU-2.jpg\",\"datePublished\":\"2021-01-28T13:41:33+00:00\",\"dateModified\":\"2021-01-28T20:15:01+00:00\",\"author\":{\"@id\":\"https:\/\/snuipp86.fr\/#\/schema\/person\/5a96b33672b90a1385fd0b096fd5ebcb\"},\"breadcrumb\":{\"@id\":\"https:\/\/snuipp86.fr\/index.php\/2021\/01\/28\/remuneration-des-aesh-rentree-2021\/#breadcrumb\"},\"inLanguage\":\"fr-FR\",\"potentialAction\":[{\"@type\":\"ReadAction\",\"target\":[\"https:\/\/snuipp86.fr\/index.php\/2021\/01\/28\/remuneration-des-aesh-rentree-2021\/\"]}]},{\"@type\":\"ImageObject\",\"inLanguage\":\"fr-FR\",\"@id\":\"https:\/\/snuipp86.fr\/index.php\/2021\/01\/28\/remuneration-des-aesh-rentree-2021\/#primaryimage\",\"url\":\"https:\/\/snuipp86.fr\/wp-content\/uploads\/2021\/01\/AESH-Logo-FSU-2.jpg\",\"contentUrl\":\"https:\/\/snuipp86.fr\/wp-content\/uploads\/2021\/01\/AESH-Logo-FSU-2.jpg\",\"width\":361,\"height\":363},{\"@type\":\"BreadcrumbList\",\"@id\":\"https:\/\/snuipp86.fr\/index.php\/2021\/01\/28\/remuneration-des-aesh-rentree-2021\/#breadcrumb\",\"itemListElement\":[{\"@type\":\"ListItem\",\"position\":1,\"name\":\"Accueil\",\"item\":\"https:\/\/snuipp86.fr\/\"},{\"@type\":\"ListItem\",\"position\":2,\"name\":\"R\u00e9mun\u00e9ration des AESH rentr\u00e9e 2021\"}]},{\"@type\":\"WebSite\",\"@id\":\"https:\/\/snuipp86.fr\/#website\",\"url\":\"https:\/\/snuipp86.fr\/\",\"name\":\"FSU-SNUipp 86\",\"description\":\"Des id\u00e9es qui font l&#039;\u00e9cole\",\"potentialAction\":[{\"@type\":\"SearchAction\",\"target\":{\"@type\":\"EntryPoint\",\"urlTemplate\":\"https:\/\/snuipp86.fr\/?s={search_term_string}\"},\"query-input\":{\"@type\":\"PropertyValueSpecification\",\"valueRequired\":true,\"valueName\":\"search_term_string\"}}],\"inLanguage\":\"fr-FR\"},{\"@type\":\"Person\",\"@id\":\"https:\/\/snuipp86.fr\/#\/schema\/person\/5a96b33672b90a1385fd0b096fd5ebcb\",\"name\":\"Matthieu Menaut\",\"image\":{\"@type\":\"ImageObject\",\"inLanguage\":\"fr-FR\",\"@id\":\"https:\/\/snuipp86.fr\/#\/schema\/person\/image\/\",\"url\":\"https:\/\/secure.gravatar.com\/avatar\/03e70f897b03256ddca91d16c3e33a876c31abbf1b31cb48e60e770f684a04d1?s=96&d=mm&r=g\",\"contentUrl\":\"https:\/\/secure.gravatar.com\/avatar\/03e70f897b03256ddca91d16c3e33a876c31abbf1b31cb48e60e770f684a04d1?s=96&d=mm&r=g\",\"caption\":\"Matthieu Menaut\"},\"url\":\"https:\/\/snuipp86.fr\/index.php\/author\/mmenaut\/\"}]}<\/script>\n<!-- \/ Yoast SEO plugin. -->","yoast_head_json":{"title":"R\u00e9mun\u00e9ration des AESH rentr\u00e9e 2021 - FSU-SNUipp 86","robots":{"index":"index","follow":"follow","max-snippet":"max-snippet:-1","max-image-preview":"max-image-preview:large","max-video-preview":"max-video-preview:-1"},"canonical":"https:\/\/snuipp86.fr\/index.php\/2021\/01\/28\/remuneration-des-aesh-rentree-2021\/","og_locale":"fr_FR","og_type":"article","og_title":"R\u00e9mun\u00e9ration des AESH rentr\u00e9e 2021 - FSU-SNUipp 86","og_description":"Le SMIC a \u00e9t\u00e9 revaloris\u00e9 de 0,99% au 1er janvier 2021. Le montant brut horaire est port\u00e9 \u00e0 10,25\u20ac (contre 10,15\u20ac depuis le 1er janvier 2020), soit 1\u00a0554,58\u20ac bruts mensuels. Une note de la DGRH du 18 janvier 2021 pr\u00e9cise les incidences de la revalorisation du SMIC sur la r\u00e9mun\u00e9ration des AESH qui \u00ab\u00a0ne peut \u00eatre [&hellip;]","og_url":"https:\/\/snuipp86.fr\/index.php\/2021\/01\/28\/remuneration-des-aesh-rentree-2021\/","og_site_name":"FSU-SNUipp 86","article_published_time":"2021-01-28T13:41:33+00:00","article_modified_time":"2021-01-28T20:15:01+00:00","og_image":[{"width":361,"height":363,"url":"https:\/\/snuipp86.fr\/wp-content\/uploads\/2021\/01\/AESH-Logo-FSU-2.jpg","type":"image\/jpeg"}],"author":"Matthieu Menaut","twitter_card":"summary_large_image","twitter_misc":{"\u00c9crit par":"Matthieu Menaut","Dur\u00e9e de lecture estim\u00e9e":"2 minutes"},"schema":{"@context":"https:\/\/schema.org","@graph":[{"@type":"WebPage","@id":"https:\/\/snuipp86.fr\/index.php\/2021\/01\/28\/remuneration-des-aesh-rentree-2021\/","url":"https:\/\/snuipp86.fr\/index.php\/2021\/01\/28\/remuneration-des-aesh-rentree-2021\/","name":"R\u00e9mun\u00e9ration des AESH rentr\u00e9e 2021 - FSU-SNUipp 86","isPartOf":{"@id":"https:\/\/snuipp86.fr\/#website"},"primaryImageOfPage":{"@id":"https:\/\/snuipp86.fr\/index.php\/2021\/01\/28\/remuneration-des-aesh-rentree-2021\/#primaryimage"},"image":{"@id":"https:\/\/snuipp86.fr\/index.php\/2021\/01\/28\/remuneration-des-aesh-rentree-2021\/#primaryimage"},"thumbnailUrl":"https:\/\/snuipp86.fr\/wp-content\/uploads\/2021\/01\/AESH-Logo-FSU-2.jpg","datePublished":"2021-01-28T13:41:33+00:00","dateModified":"2021-01-28T20:15:01+00:00","author":{"@id":"https:\/\/snuipp86.fr\/#\/schema\/person\/5a96b33672b90a1385fd0b096fd5ebcb"},"breadcrumb":{"@id":"https:\/\/snuipp86.fr\/index.php\/2021\/01\/28\/remuneration-des-aesh-rentree-2021\/#breadcrumb"},"inLanguage":"fr-FR","potentialAction":[{"@type":"ReadAction","target":["https:\/\/snuipp86.fr\/index.php\/2021\/01\/28\/remuneration-des-aesh-rentree-2021\/"]}]},{"@type":"ImageObject","inLanguage":"fr-FR","@id":"https:\/\/snuipp86.fr\/index.php\/2021\/01\/28\/remuneration-des-aesh-rentree-2021\/#primaryimage","url":"https:\/\/snuipp86.fr\/wp-content\/uploads\/2021\/01\/AESH-Logo-FSU-2.jpg","contentUrl":"https:\/\/snuipp86.fr\/wp-content\/uploads\/2021\/01\/AESH-Logo-FSU-2.jpg","width":361,"height":363},{"@type":"BreadcrumbList","@id":"https:\/\/snuipp86.fr\/index.php\/2021\/01\/28\/remuneration-des-aesh-rentree-2021\/#breadcrumb","itemListElement":[{"@type":"ListItem","position":1,"name":"Accueil","item":"https:\/\/snuipp86.fr\/"},{"@type":"ListItem","position":2,"name":"R\u00e9mun\u00e9ration des AESH rentr\u00e9e 2021"}]},{"@type":"WebSite","@id":"https:\/\/snuipp86.fr\/#website","url":"https:\/\/snuipp86.fr\/","name":"FSU-SNUipp 86","description":"Des id\u00e9es qui font l&#039;\u00e9cole","potentialAction":[{"@type":"SearchAction","target":{"@type":"EntryPoint","urlTemplate":"https:\/\/snuipp86.fr\/?s={search_term_string}"},"query-input":{"@type":"PropertyValueSpecification","valueRequired":true,"valueName":"search_term_string"}}],"inLanguage":"fr-FR"},{"@type":"Person","@id":"https:\/\/snuipp86.fr\/#\/schema\/person\/5a96b33672b90a1385fd0b096fd5ebcb","name":"Matthieu Menaut","image":{"@type":"ImageObject","inLanguage":"fr-FR","@id":"https:\/\/snuipp86.fr\/#\/schema\/person\/image\/","url":"https:\/\/secure.gravatar.com\/avatar\/03e70f897b03256ddca91d16c3e33a876c31abbf1b31cb48e60e770f684a04d1?s=96&d=mm&r=g","contentUrl":"https:\/\/secure.gravatar.com\/avatar\/03e70f897b03256ddca91d16c3e33a876c31abbf1b31cb48e60e770f684a04d1?s=96&d=mm&r=g","caption":"Matthieu Menaut"},"url":"https:\/\/snuipp86.fr\/index.php\/author\/mmenaut\/"}]}},"_links":{"self":[{"href":"https:\/\/snuipp86.fr\/index.php\/wp-json\/wp\/v2\/posts\/20141","targetHints":{"allow":["GET"]}}],"collection":[{"href":"https:\/\/snuipp86.fr\/index.php\/wp-json\/wp\/v2\/posts"}],"about":[{"href":"https:\/\/snuipp86.fr\/index.php\/wp-json\/wp\/v2\/types\/post"}],"author":[{"embeddable":true,"href":"https:\/\/snuipp86.fr\/index.php\/wp-json\/wp\/v2\/users\/4"}],"replies":[{"embeddable":true,"href":"https:\/\/snuipp86.fr\/index.php\/wp-json\/wp\/v2\/comments?post=20141"}],"version-history":[{"count":0,"href":"https:\/\/snuipp86.fr\/index.php\/wp-json\/wp\/v2\/posts\/20141\/revisions"}],"wp:featuredmedia":[{"embeddable":true,"href":"https:\/\/snuipp86.fr\/index.php\/wp-json\/wp\/v2\/media\/20143"}],"wp:attachment":[{"href":"https:\/\/snuipp86.fr\/index.php\/wp-json\/wp\/v2\/media?parent=20141"}],"wp:term":[{"taxonomy":"category","embeddable":true,"href":"https:\/\/snuipp86.fr\/index.php\/wp-json\/wp\/v2\/categories?post=20141"},{"taxonomy":"post_tag","embeddable":true,"href":"https:\/\/snuipp86.fr\/index.php\/wp-json\/wp\/v2\/tags?post=20141"}],"curies":[{"name":"wp","href":"https:\/\/api.w.org\/{rel}","templated":true}]}}