{"id":204,"date":"2018-02-16T05:39:00","date_gmt":"2018-02-16T05:39:00","guid":{"rendered":"http:\/\/localhost\/wordpress\/2018\/02\/16\/carte-scolaire-lcole-rurale-dpouille\/"},"modified":"2018-02-16T05:39:00","modified_gmt":"2018-02-16T05:39:00","slug":"carte-scolaire-lcole-rurale-dpouille","status":"publish","type":"post","link":"https:\/\/snuipp86.fr\/index.php\/2018\/02\/16\/carte-scolaire-lcole-rurale-dpouille\/","title":{"rendered":"Carte scolaire : l&rsquo;\u00e9cole rurale d\u00e9pouill\u00e9e"},"content":{"rendered":"<p><img decoding=\"async\" src=\"https:\/\/snuipp86.fr\/wp-content\/spip\/IMG\/arton3760.jpg\" alt=\"\" align=\"right\" width=\"1020\" height=\"573\" class=\"spip_logos\" \/><\/p>\n","protected":false},"excerpt":{"rendered":"<p>La col\u00e8re monte dans les d\u00e9partements \u00e0 l&rsquo;annonce de nombreuses fermetures de classes et d&rsquo;\u00e9coles, principalement situ\u00e9es dans les zones rurales. Parce que le d\u00e9doublement des CP et des CE1 en \u00e9ducation prioritaire a \u00e9t\u00e9 insuffisamment budg\u00e9t\u00e9 , un v\u00e9ritable red\u00e9ploiement des postes des campagnes vers les villes s&rsquo;op\u00e8re. Le SNUipp-FSU se mobilise sur cette question essentielle pour garantir l&rsquo;\u00e9galit\u00e9 du service public d&rsquo;\u00e9ducation sur l&rsquo;ensemble du territoire<br \/>\n&#8211;<br \/>\n<a href=\"http:\/\/86.snuipp.fr\/spip.php?rubrique159\" rel=\"directory\">Carte scolaire<\/a><br \/>\n\/<br \/>\n<a href=\"http:\/\/86.snuipp.fr\/spip.php?mot293\" rel=\"tag\">Carte scolaire<\/a><\/p>\n","protected":false},"author":1,"featured_media":0,"comment_status":"open","ping_status":"open","sticky":false,"template":"","format":"standard","meta":{"footnotes":""},"categories":[14],"tags":[],"class_list":["post-204","post","type-post","status-publish","format-standard","hentry","category-a-la-une"],"yoast_head":"<!-- This site is optimized with the Yoast SEO plugin v26.6 - https:\/\/yoast.com\/wordpress\/plugins\/seo\/ -->\n<title>Carte scolaire : l&#039;\u00e9cole rurale d\u00e9pouill\u00e9e - FSU-SNUipp 86<\/title>\n<meta name=\"robots\" content=\"index, follow, max-snippet:-1, max-image-preview:large, max-video-preview:-1\" \/>\n<link rel=\"canonical\" href=\"https:\/\/snuipp86.fr\/index.php\/2018\/02\/16\/carte-scolaire-lcole-rurale-dpouille\/\" \/>\n<meta property=\"og:locale\" content=\"fr_FR\" \/>\n<meta property=\"og:type\" content=\"article\" \/>\n<meta property=\"og:title\" content=\"Carte scolaire : l&#039;\u00e9cole rurale d\u00e9pouill\u00e9e - FSU-SNUipp 86\" \/>\n<meta property=\"og:description\" content=\"La col\u00e8re monte dans les d\u00e9partements \u00e0 l&#039;annonce de nombreuses fermetures de classes et d&#039;\u00e9coles, principalement situ\u00e9es dans les zones rurales. Parce que le d\u00e9doublement des CP et des CE1 en \u00e9ducation prioritaire a \u00e9t\u00e9 insuffisamment budg\u00e9t\u00e9 , un v\u00e9ritable red\u00e9ploiement des postes des campagnes vers les villes s&#039;op\u00e8re. Le SNUipp-FSU se mobilise sur cette question essentielle pour garantir l&#039;\u00e9galit\u00e9 du service public d&#039;\u00e9ducation sur l&#039;ensemble du territoire - Carte scolaire \/ Carte scolaire\" \/>\n<meta property=\"og:url\" content=\"https:\/\/snuipp86.fr\/index.php\/2018\/02\/16\/carte-scolaire-lcole-rurale-dpouille\/\" \/>\n<meta property=\"og:site_name\" content=\"FSU-SNUipp 86\" \/>\n<meta property=\"article:published_time\" content=\"2018-02-16T05:39:00+00:00\" \/>\n<meta property=\"og:image\" content=\"http:\/\/snuipp86.fr\/wp-content\/spip\/IMG\/arton3760.jpg\" \/>\n<meta name=\"author\" content=\"WP86Admin\" \/>\n<meta name=\"twitter:card\" content=\"summary_large_image\" \/>\n<meta name=\"twitter:label1\" content=\"\u00c9crit par\" \/>\n\t<meta name=\"twitter:data1\" content=\"WP86Admin\" \/>\n<script type=\"application\/ld+json\" class=\"yoast-schema-graph\">{\"@context\":\"https:\/\/schema.org\",\"@graph\":[{\"@type\":\"WebPage\",\"@id\":\"https:\/\/snuipp86.fr\/index.php\/2018\/02\/16\/carte-scolaire-lcole-rurale-dpouille\/\",\"url\":\"https:\/\/snuipp86.fr\/index.php\/2018\/02\/16\/carte-scolaire-lcole-rurale-dpouille\/\",\"name\":\"Carte scolaire : l'\u00e9cole rurale d\u00e9pouill\u00e9e - FSU-SNUipp 86\",\"isPartOf\":{\"@id\":\"https:\/\/snuipp86.fr\/#website\"},\"primaryImageOfPage\":{\"@id\":\"https:\/\/snuipp86.fr\/index.php\/2018\/02\/16\/carte-scolaire-lcole-rurale-dpouille\/#primaryimage\"},\"image\":{\"@id\":\"https:\/\/snuipp86.fr\/index.php\/2018\/02\/16\/carte-scolaire-lcole-rurale-dpouille\/#primaryimage\"},\"thumbnailUrl\":\"http:\/\/snuipp86.fr\/wp-content\/spip\/IMG\/arton3760.jpg\",\"datePublished\":\"2018-02-16T05:39:00+00:00\",\"author\":{\"@id\":\"https:\/\/snuipp86.fr\/#\/schema\/person\/901b28b9ae1c7a63a6a940102e52a7a2\"},\"breadcrumb\":{\"@id\":\"https:\/\/snuipp86.fr\/index.php\/2018\/02\/16\/carte-scolaire-lcole-rurale-dpouille\/#breadcrumb\"},\"inLanguage\":\"fr-FR\",\"potentialAction\":[{\"@type\":\"ReadAction\",\"target\":[\"https:\/\/snuipp86.fr\/index.php\/2018\/02\/16\/carte-scolaire-lcole-rurale-dpouille\/\"]}]},{\"@type\":\"ImageObject\",\"inLanguage\":\"fr-FR\",\"@id\":\"https:\/\/snuipp86.fr\/index.php\/2018\/02\/16\/carte-scolaire-lcole-rurale-dpouille\/#primaryimage\",\"url\":\"http:\/\/snuipp86.fr\/wp-content\/spip\/IMG\/arton3760.jpg\",\"contentUrl\":\"http:\/\/snuipp86.fr\/wp-content\/spip\/IMG\/arton3760.jpg\"},{\"@type\":\"BreadcrumbList\",\"@id\":\"https:\/\/snuipp86.fr\/index.php\/2018\/02\/16\/carte-scolaire-lcole-rurale-dpouille\/#breadcrumb\",\"itemListElement\":[{\"@type\":\"ListItem\",\"position\":1,\"name\":\"Accueil\",\"item\":\"https:\/\/snuipp86.fr\/\"},{\"@type\":\"ListItem\",\"position\":2,\"name\":\"Carte scolaire : l&#8217;\u00e9cole rurale d\u00e9pouill\u00e9e\"}]},{\"@type\":\"WebSite\",\"@id\":\"https:\/\/snuipp86.fr\/#website\",\"url\":\"https:\/\/snuipp86.fr\/\",\"name\":\"FSU-SNUipp 86\",\"description\":\"Des id\u00e9es qui font l&#039;\u00e9cole\",\"potentialAction\":[{\"@type\":\"SearchAction\",\"target\":{\"@type\":\"EntryPoint\",\"urlTemplate\":\"https:\/\/snuipp86.fr\/?s={search_term_string}\"},\"query-input\":{\"@type\":\"PropertyValueSpecification\",\"valueRequired\":true,\"valueName\":\"search_term_string\"}}],\"inLanguage\":\"fr-FR\"},{\"@type\":\"Person\",\"@id\":\"https:\/\/snuipp86.fr\/#\/schema\/person\/901b28b9ae1c7a63a6a940102e52a7a2\",\"name\":\"WP86Admin\",\"image\":{\"@type\":\"ImageObject\",\"inLanguage\":\"fr-FR\",\"@id\":\"https:\/\/snuipp86.fr\/#\/schema\/person\/image\/\",\"url\":\"https:\/\/secure.gravatar.com\/avatar\/0099845c7ec05dc10d777d8ab4f5142c5ba316283821af2459738ad469a37a1a?s=96&d=mm&r=g\",\"contentUrl\":\"https:\/\/secure.gravatar.com\/avatar\/0099845c7ec05dc10d777d8ab4f5142c5ba316283821af2459738ad469a37a1a?s=96&d=mm&r=g\",\"caption\":\"WP86Admin\"},\"url\":\"https:\/\/snuipp86.fr\/index.php\/author\/wp86admin\/\"}]}<\/script>\n<!-- \/ Yoast SEO plugin. -->","yoast_head_json":{"title":"Carte scolaire : l'\u00e9cole rurale d\u00e9pouill\u00e9e - FSU-SNUipp 86","robots":{"index":"index","follow":"follow","max-snippet":"max-snippet:-1","max-image-preview":"max-image-preview:large","max-video-preview":"max-video-preview:-1"},"canonical":"https:\/\/snuipp86.fr\/index.php\/2018\/02\/16\/carte-scolaire-lcole-rurale-dpouille\/","og_locale":"fr_FR","og_type":"article","og_title":"Carte scolaire : l'\u00e9cole rurale d\u00e9pouill\u00e9e - FSU-SNUipp 86","og_description":"La col\u00e8re monte dans les d\u00e9partements \u00e0 l'annonce de nombreuses fermetures de classes et d'\u00e9coles, principalement situ\u00e9es dans les zones rurales. Parce que le d\u00e9doublement des CP et des CE1 en \u00e9ducation prioritaire a \u00e9t\u00e9 insuffisamment budg\u00e9t\u00e9 , un v\u00e9ritable red\u00e9ploiement des postes des campagnes vers les villes s'op\u00e8re. Le SNUipp-FSU se mobilise sur cette question essentielle pour garantir l'\u00e9galit\u00e9 du service public d'\u00e9ducation sur l'ensemble du territoire - Carte scolaire \/ Carte scolaire","og_url":"https:\/\/snuipp86.fr\/index.php\/2018\/02\/16\/carte-scolaire-lcole-rurale-dpouille\/","og_site_name":"FSU-SNUipp 86","article_published_time":"2018-02-16T05:39:00+00:00","og_image":[{"url":"http:\/\/snuipp86.fr\/wp-content\/spip\/IMG\/arton3760.jpg","type":"","width":"","height":""}],"author":"WP86Admin","twitter_card":"summary_large_image","twitter_misc":{"\u00c9crit par":"WP86Admin"},"schema":{"@context":"https:\/\/schema.org","@graph":[{"@type":"WebPage","@id":"https:\/\/snuipp86.fr\/index.php\/2018\/02\/16\/carte-scolaire-lcole-rurale-dpouille\/","url":"https:\/\/snuipp86.fr\/index.php\/2018\/02\/16\/carte-scolaire-lcole-rurale-dpouille\/","name":"Carte scolaire : l'\u00e9cole rurale d\u00e9pouill\u00e9e - FSU-SNUipp 86","isPartOf":{"@id":"https:\/\/snuipp86.fr\/#website"},"primaryImageOfPage":{"@id":"https:\/\/snuipp86.fr\/index.php\/2018\/02\/16\/carte-scolaire-lcole-rurale-dpouille\/#primaryimage"},"image":{"@id":"https:\/\/snuipp86.fr\/index.php\/2018\/02\/16\/carte-scolaire-lcole-rurale-dpouille\/#primaryimage"},"thumbnailUrl":"http:\/\/snuipp86.fr\/wp-content\/spip\/IMG\/arton3760.jpg","datePublished":"2018-02-16T05:39:00+00:00","author":{"@id":"https:\/\/snuipp86.fr\/#\/schema\/person\/901b28b9ae1c7a63a6a940102e52a7a2"},"breadcrumb":{"@id":"https:\/\/snuipp86.fr\/index.php\/2018\/02\/16\/carte-scolaire-lcole-rurale-dpouille\/#breadcrumb"},"inLanguage":"fr-FR","potentialAction":[{"@type":"ReadAction","target":["https:\/\/snuipp86.fr\/index.php\/2018\/02\/16\/carte-scolaire-lcole-rurale-dpouille\/"]}]},{"@type":"ImageObject","inLanguage":"fr-FR","@id":"https:\/\/snuipp86.fr\/index.php\/2018\/02\/16\/carte-scolaire-lcole-rurale-dpouille\/#primaryimage","url":"http:\/\/snuipp86.fr\/wp-content\/spip\/IMG\/arton3760.jpg","contentUrl":"http:\/\/snuipp86.fr\/wp-content\/spip\/IMG\/arton3760.jpg"},{"@type":"BreadcrumbList","@id":"https:\/\/snuipp86.fr\/index.php\/2018\/02\/16\/carte-scolaire-lcole-rurale-dpouille\/#breadcrumb","itemListElement":[{"@type":"ListItem","position":1,"name":"Accueil","item":"https:\/\/snuipp86.fr\/"},{"@type":"ListItem","position":2,"name":"Carte scolaire : l&#8217;\u00e9cole rurale d\u00e9pouill\u00e9e"}]},{"@type":"WebSite","@id":"https:\/\/snuipp86.fr\/#website","url":"https:\/\/snuipp86.fr\/","name":"FSU-SNUipp 86","description":"Des id\u00e9es qui font l&#039;\u00e9cole","potentialAction":[{"@type":"SearchAction","target":{"@type":"EntryPoint","urlTemplate":"https:\/\/snuipp86.fr\/?s={search_term_string}"},"query-input":{"@type":"PropertyValueSpecification","valueRequired":true,"valueName":"search_term_string"}}],"inLanguage":"fr-FR"},{"@type":"Person","@id":"https:\/\/snuipp86.fr\/#\/schema\/person\/901b28b9ae1c7a63a6a940102e52a7a2","name":"WP86Admin","image":{"@type":"ImageObject","inLanguage":"fr-FR","@id":"https:\/\/snuipp86.fr\/#\/schema\/person\/image\/","url":"https:\/\/secure.gravatar.com\/avatar\/0099845c7ec05dc10d777d8ab4f5142c5ba316283821af2459738ad469a37a1a?s=96&d=mm&r=g","contentUrl":"https:\/\/secure.gravatar.com\/avatar\/0099845c7ec05dc10d777d8ab4f5142c5ba316283821af2459738ad469a37a1a?s=96&d=mm&r=g","caption":"WP86Admin"},"url":"https:\/\/snuipp86.fr\/index.php\/author\/wp86admin\/"}]}},"_links":{"self":[{"href":"https:\/\/snuipp86.fr\/index.php\/wp-json\/wp\/v2\/posts\/204","targetHints":{"allow":["GET"]}}],"collection":[{"href":"https:\/\/snuipp86.fr\/index.php\/wp-json\/wp\/v2\/posts"}],"about":[{"href":"https:\/\/snuipp86.fr\/index.php\/wp-json\/wp\/v2\/types\/post"}],"author":[{"embeddable":true,"href":"https:\/\/snuipp86.fr\/index.php\/wp-json\/wp\/v2\/users\/1"}],"replies":[{"embeddable":true,"href":"https:\/\/snuipp86.fr\/index.php\/wp-json\/wp\/v2\/comments?post=204"}],"version-history":[{"count":0,"href":"https:\/\/snuipp86.fr\/index.php\/wp-json\/wp\/v2\/posts\/204\/revisions"}],"wp:attachment":[{"href":"https:\/\/snuipp86.fr\/index.php\/wp-json\/wp\/v2\/media?parent=204"}],"wp:term":[{"taxonomy":"category","embeddable":true,"href":"https:\/\/snuipp86.fr\/index.php\/wp-json\/wp\/v2\/categories?post=204"},{"taxonomy":"post_tag","embeddable":true,"href":"https:\/\/snuipp86.fr\/index.php\/wp-json\/wp\/v2\/tags?post=204"}],"curies":[{"name":"wp","href":"https:\/\/api.w.org\/{rel}","templated":true}]}}