{"id":20485,"date":"2022-04-05T08:00:03","date_gmt":"2022-04-05T06:00:03","guid":{"rendered":"http:\/\/snuipp86.fr\/?p=20485"},"modified":"2022-04-05T13:43:43","modified_gmt":"2022-04-05T11:43:43","slug":"mouvement-2021-postes-vacants-liste-previsionnelle-snuipp-fsu-86","status":"publish","type":"post","link":"https:\/\/snuipp86.fr\/index.php\/2022\/04\/05\/mouvement-2021-postes-vacants-liste-previsionnelle-snuipp-fsu-86\/","title":{"rendered":"Mouvement 2022 : postes vacants &#8211; liste pr\u00e9visionnelle SNUipp-FSU 86"},"content":{"rendered":"<p align=\"justify\"><strong><span style=\"color: #ff0000;\">MAJ 4 avril 22<\/span><\/strong><\/p>\n<p align=\"justify\"><span style=\"font-family: Arial, sans-serif;\"><span style=\"font-size: small;\">Le SNUipp-FSU 86 vous propose cette liste de postes vacants qui peuvent \u00eatre obtenus \u00e0 titre d\u00e9finitif.\u00a0<\/span><\/span><span style=\"font-family: Arial, sans-serif;\"><span style=\"font-size: small;\"> Cette liste est issue de notre travail de collecte et des informations que vous nous avez fait remonter. La liste officielle des postes vacants sera connue le mercredi 6 avril, soit le jour de l\u2019ouverture du serveur ! Le SNUipp-FSU 86 remercie tous les coll\u00e8gues qui se sont pr\u00eat\u00e8-es \u00e0 cet exercice de mutualisation des informations. <\/span><\/span><\/p>\n<p align=\"justify\"><span style=\"font-family: Arial, sans-serif;\"><span style=\"font-size: small;\">\u00c9videmment, cette liste n\u2019est pas officielle et donc incompl\u00e8te et pr\u00e9sente s\u00fbrement des erreurs. Nous ne savons pas par exemple o\u00f9 l&rsquo;ensemble des postes PES seront plac\u00e9s. Cette liste a pour but de vous aider en amont du mouvement. N\u2019h\u00e9sitez pas \u00e0 nous signaler toute erreur ou \u00e0 nous informer d\u2019autres postes vacants \u00e0 TD.<\/span><\/span><\/p>\n<p align=\"center\"><span style=\"font-family: Arial, sans-serif;\"><span style=\"font-size: small;\">Bonne lecture <\/span><\/span><\/p>\n<p align=\"center\"><span style=\"font-family: Arial, sans-serif;\"><span style=\"font-size: small;\">Vos \u00e9lu-es SNUipp-FSU 86<\/span><\/span><\/p>\n<p align=\"center\"><a href=\"https:\/\/snuipp86.fr\/wp-content\/uploads\/2022\/04\/Liste-previsionnelle-des-postes-vacants-Mouvement-2022.pdf\" class=\"pdfemb-viewer\" style=\"\" data-width=\"max\" data-height=\"max\" data-toolbar=\"bottom\" data-toolbar-fixed=\"off\">Liste pr\u00e9visionnelle des postes vacants Mouvement 2022<\/a><\/p>\n<p align=\"center\">\n","protected":false},"excerpt":{"rendered":"<p>MAJ 4 avril 22 Le SNUipp-FSU 86 vous propose cette liste de postes vacants qui peuvent \u00eatre obtenus \u00e0 titre d\u00e9finitif.\u00a0 Cette liste est issue de notre travail de collecte et des informations que vous nous avez fait remonter. La liste officielle des postes vacants sera connue le mercredi 6 avril, soit le jour de l\u2019ouverture [&hellip;]<\/p>\n","protected":false},"author":4,"featured_media":20059,"comment_status":"closed","ping_status":"closed","sticky":false,"template":"","format":"standard","meta":{"footnotes":""},"categories":[14],"tags":[28],"class_list":["post-20485","post","type-post","status-publish","format-standard","has-post-thumbnail","hentry","category-a-la-une","tag-mouvement"],"yoast_head":"<!-- This site is optimized with the Yoast SEO plugin v26.6 - https:\/\/yoast.com\/wordpress\/plugins\/seo\/ -->\n<title>Mouvement 2022 : postes vacants - liste pr\u00e9visionnelle SNUipp-FSU 86 - FSU-SNUipp 86<\/title>\n<meta name=\"robots\" content=\"index, follow, max-snippet:-1, max-image-preview:large, max-video-preview:-1\" \/>\n<link rel=\"canonical\" href=\"https:\/\/snuipp86.fr\/index.php\/2022\/04\/05\/mouvement-2021-postes-vacants-liste-previsionnelle-snuipp-fsu-86\/\" \/>\n<meta property=\"og:locale\" content=\"fr_FR\" \/>\n<meta property=\"og:type\" content=\"article\" \/>\n<meta property=\"og:title\" content=\"Mouvement 2022 : postes vacants - liste pr\u00e9visionnelle SNUipp-FSU 86 - FSU-SNUipp 86\" \/>\n<meta property=\"og:description\" content=\"MAJ 4 avril 22 Le SNUipp-FSU 86 vous propose cette liste de postes vacants qui peuvent \u00eatre obtenus \u00e0 titre d\u00e9finitif.\u00a0 Cette liste est issue de notre travail de collecte et des informations que vous nous avez fait remonter. La liste officielle des postes vacants sera connue le mercredi 6 avril, soit le jour de l\u2019ouverture [&hellip;]\" \/>\n<meta property=\"og:url\" content=\"https:\/\/snuipp86.fr\/index.php\/2022\/04\/05\/mouvement-2021-postes-vacants-liste-previsionnelle-snuipp-fsu-86\/\" \/>\n<meta property=\"og:site_name\" content=\"FSU-SNUipp 86\" \/>\n<meta property=\"article:published_time\" content=\"2022-04-05T06:00:03+00:00\" \/>\n<meta property=\"article:modified_time\" content=\"2022-04-05T11:43:43+00:00\" \/>\n<meta property=\"og:image\" content=\"https:\/\/snuipp86.fr\/wp-content\/uploads\/2021\/01\/Perdu-pour-le-mouvement-NON-grace-au-SNUipp_corps_m.jpg\" \/>\n\t<meta property=\"og:image:width\" content=\"400\" \/>\n\t<meta property=\"og:image:height\" content=\"300\" \/>\n\t<meta property=\"og:image:type\" content=\"image\/jpeg\" \/>\n<meta name=\"author\" content=\"Matthieu Menaut\" \/>\n<meta name=\"twitter:card\" content=\"summary_large_image\" \/>\n<meta name=\"twitter:label1\" content=\"\u00c9crit par\" \/>\n\t<meta name=\"twitter:data1\" content=\"Matthieu Menaut\" \/>\n\t<meta name=\"twitter:label2\" content=\"Dur\u00e9e de lecture estim\u00e9e\" \/>\n\t<meta name=\"twitter:data2\" content=\"1 minute\" \/>\n<script type=\"application\/ld+json\" class=\"yoast-schema-graph\">{\"@context\":\"https:\/\/schema.org\",\"@graph\":[{\"@type\":\"WebPage\",\"@id\":\"https:\/\/snuipp86.fr\/index.php\/2022\/04\/05\/mouvement-2021-postes-vacants-liste-previsionnelle-snuipp-fsu-86\/\",\"url\":\"https:\/\/snuipp86.fr\/index.php\/2022\/04\/05\/mouvement-2021-postes-vacants-liste-previsionnelle-snuipp-fsu-86\/\",\"name\":\"Mouvement 2022 : postes vacants - liste pr\u00e9visionnelle SNUipp-FSU 86 - FSU-SNUipp 86\",\"isPartOf\":{\"@id\":\"https:\/\/snuipp86.fr\/#website\"},\"primaryImageOfPage\":{\"@id\":\"https:\/\/snuipp86.fr\/index.php\/2022\/04\/05\/mouvement-2021-postes-vacants-liste-previsionnelle-snuipp-fsu-86\/#primaryimage\"},\"image\":{\"@id\":\"https:\/\/snuipp86.fr\/index.php\/2022\/04\/05\/mouvement-2021-postes-vacants-liste-previsionnelle-snuipp-fsu-86\/#primaryimage\"},\"thumbnailUrl\":\"https:\/\/snuipp86.fr\/wp-content\/uploads\/2021\/01\/Perdu-pour-le-mouvement-NON-grace-au-SNUipp_corps_m.jpg\",\"datePublished\":\"2022-04-05T06:00:03+00:00\",\"dateModified\":\"2022-04-05T11:43:43+00:00\",\"author\":{\"@id\":\"https:\/\/snuipp86.fr\/#\/schema\/person\/5a96b33672b90a1385fd0b096fd5ebcb\"},\"breadcrumb\":{\"@id\":\"https:\/\/snuipp86.fr\/index.php\/2022\/04\/05\/mouvement-2021-postes-vacants-liste-previsionnelle-snuipp-fsu-86\/#breadcrumb\"},\"inLanguage\":\"fr-FR\",\"potentialAction\":[{\"@type\":\"ReadAction\",\"target\":[\"https:\/\/snuipp86.fr\/index.php\/2022\/04\/05\/mouvement-2021-postes-vacants-liste-previsionnelle-snuipp-fsu-86\/\"]}]},{\"@type\":\"ImageObject\",\"inLanguage\":\"fr-FR\",\"@id\":\"https:\/\/snuipp86.fr\/index.php\/2022\/04\/05\/mouvement-2021-postes-vacants-liste-previsionnelle-snuipp-fsu-86\/#primaryimage\",\"url\":\"https:\/\/snuipp86.fr\/wp-content\/uploads\/2021\/01\/Perdu-pour-le-mouvement-NON-grace-au-SNUipp_corps_m.jpg\",\"contentUrl\":\"https:\/\/snuipp86.fr\/wp-content\/uploads\/2021\/01\/Perdu-pour-le-mouvement-NON-grace-au-SNUipp_corps_m.jpg\",\"width\":400,\"height\":300},{\"@type\":\"BreadcrumbList\",\"@id\":\"https:\/\/snuipp86.fr\/index.php\/2022\/04\/05\/mouvement-2021-postes-vacants-liste-previsionnelle-snuipp-fsu-86\/#breadcrumb\",\"itemListElement\":[{\"@type\":\"ListItem\",\"position\":1,\"name\":\"Accueil\",\"item\":\"https:\/\/snuipp86.fr\/\"},{\"@type\":\"ListItem\",\"position\":2,\"name\":\"Mouvement 2022 : postes vacants &#8211; liste pr\u00e9visionnelle SNUipp-FSU 86\"}]},{\"@type\":\"WebSite\",\"@id\":\"https:\/\/snuipp86.fr\/#website\",\"url\":\"https:\/\/snuipp86.fr\/\",\"name\":\"FSU-SNUipp 86\",\"description\":\"Des id\u00e9es qui font l&#039;\u00e9cole\",\"potentialAction\":[{\"@type\":\"SearchAction\",\"target\":{\"@type\":\"EntryPoint\",\"urlTemplate\":\"https:\/\/snuipp86.fr\/?s={search_term_string}\"},\"query-input\":{\"@type\":\"PropertyValueSpecification\",\"valueRequired\":true,\"valueName\":\"search_term_string\"}}],\"inLanguage\":\"fr-FR\"},{\"@type\":\"Person\",\"@id\":\"https:\/\/snuipp86.fr\/#\/schema\/person\/5a96b33672b90a1385fd0b096fd5ebcb\",\"name\":\"Matthieu Menaut\",\"image\":{\"@type\":\"ImageObject\",\"inLanguage\":\"fr-FR\",\"@id\":\"https:\/\/snuipp86.fr\/#\/schema\/person\/image\/\",\"url\":\"https:\/\/secure.gravatar.com\/avatar\/03e70f897b03256ddca91d16c3e33a876c31abbf1b31cb48e60e770f684a04d1?s=96&d=mm&r=g\",\"contentUrl\":\"https:\/\/secure.gravatar.com\/avatar\/03e70f897b03256ddca91d16c3e33a876c31abbf1b31cb48e60e770f684a04d1?s=96&d=mm&r=g\",\"caption\":\"Matthieu Menaut\"},\"url\":\"https:\/\/snuipp86.fr\/index.php\/author\/mmenaut\/\"}]}<\/script>\n<!-- \/ Yoast SEO plugin. -->","yoast_head_json":{"title":"Mouvement 2022 : postes vacants - liste pr\u00e9visionnelle SNUipp-FSU 86 - FSU-SNUipp 86","robots":{"index":"index","follow":"follow","max-snippet":"max-snippet:-1","max-image-preview":"max-image-preview:large","max-video-preview":"max-video-preview:-1"},"canonical":"https:\/\/snuipp86.fr\/index.php\/2022\/04\/05\/mouvement-2021-postes-vacants-liste-previsionnelle-snuipp-fsu-86\/","og_locale":"fr_FR","og_type":"article","og_title":"Mouvement 2022 : postes vacants - liste pr\u00e9visionnelle SNUipp-FSU 86 - FSU-SNUipp 86","og_description":"MAJ 4 avril 22 Le SNUipp-FSU 86 vous propose cette liste de postes vacants qui peuvent \u00eatre obtenus \u00e0 titre d\u00e9finitif.\u00a0 Cette liste est issue de notre travail de collecte et des informations que vous nous avez fait remonter. La liste officielle des postes vacants sera connue le mercredi 6 avril, soit le jour de l\u2019ouverture [&hellip;]","og_url":"https:\/\/snuipp86.fr\/index.php\/2022\/04\/05\/mouvement-2021-postes-vacants-liste-previsionnelle-snuipp-fsu-86\/","og_site_name":"FSU-SNUipp 86","article_published_time":"2022-04-05T06:00:03+00:00","article_modified_time":"2022-04-05T11:43:43+00:00","og_image":[{"width":400,"height":300,"url":"https:\/\/snuipp86.fr\/wp-content\/uploads\/2021\/01\/Perdu-pour-le-mouvement-NON-grace-au-SNUipp_corps_m.jpg","type":"image\/jpeg"}],"author":"Matthieu Menaut","twitter_card":"summary_large_image","twitter_misc":{"\u00c9crit par":"Matthieu Menaut","Dur\u00e9e de lecture estim\u00e9e":"1 minute"},"schema":{"@context":"https:\/\/schema.org","@graph":[{"@type":"WebPage","@id":"https:\/\/snuipp86.fr\/index.php\/2022\/04\/05\/mouvement-2021-postes-vacants-liste-previsionnelle-snuipp-fsu-86\/","url":"https:\/\/snuipp86.fr\/index.php\/2022\/04\/05\/mouvement-2021-postes-vacants-liste-previsionnelle-snuipp-fsu-86\/","name":"Mouvement 2022 : postes vacants - liste pr\u00e9visionnelle SNUipp-FSU 86 - FSU-SNUipp 86","isPartOf":{"@id":"https:\/\/snuipp86.fr\/#website"},"primaryImageOfPage":{"@id":"https:\/\/snuipp86.fr\/index.php\/2022\/04\/05\/mouvement-2021-postes-vacants-liste-previsionnelle-snuipp-fsu-86\/#primaryimage"},"image":{"@id":"https:\/\/snuipp86.fr\/index.php\/2022\/04\/05\/mouvement-2021-postes-vacants-liste-previsionnelle-snuipp-fsu-86\/#primaryimage"},"thumbnailUrl":"https:\/\/snuipp86.fr\/wp-content\/uploads\/2021\/01\/Perdu-pour-le-mouvement-NON-grace-au-SNUipp_corps_m.jpg","datePublished":"2022-04-05T06:00:03+00:00","dateModified":"2022-04-05T11:43:43+00:00","author":{"@id":"https:\/\/snuipp86.fr\/#\/schema\/person\/5a96b33672b90a1385fd0b096fd5ebcb"},"breadcrumb":{"@id":"https:\/\/snuipp86.fr\/index.php\/2022\/04\/05\/mouvement-2021-postes-vacants-liste-previsionnelle-snuipp-fsu-86\/#breadcrumb"},"inLanguage":"fr-FR","potentialAction":[{"@type":"ReadAction","target":["https:\/\/snuipp86.fr\/index.php\/2022\/04\/05\/mouvement-2021-postes-vacants-liste-previsionnelle-snuipp-fsu-86\/"]}]},{"@type":"ImageObject","inLanguage":"fr-FR","@id":"https:\/\/snuipp86.fr\/index.php\/2022\/04\/05\/mouvement-2021-postes-vacants-liste-previsionnelle-snuipp-fsu-86\/#primaryimage","url":"https:\/\/snuipp86.fr\/wp-content\/uploads\/2021\/01\/Perdu-pour-le-mouvement-NON-grace-au-SNUipp_corps_m.jpg","contentUrl":"https:\/\/snuipp86.fr\/wp-content\/uploads\/2021\/01\/Perdu-pour-le-mouvement-NON-grace-au-SNUipp_corps_m.jpg","width":400,"height":300},{"@type":"BreadcrumbList","@id":"https:\/\/snuipp86.fr\/index.php\/2022\/04\/05\/mouvement-2021-postes-vacants-liste-previsionnelle-snuipp-fsu-86\/#breadcrumb","itemListElement":[{"@type":"ListItem","position":1,"name":"Accueil","item":"https:\/\/snuipp86.fr\/"},{"@type":"ListItem","position":2,"name":"Mouvement 2022 : postes vacants &#8211; liste pr\u00e9visionnelle SNUipp-FSU 86"}]},{"@type":"WebSite","@id":"https:\/\/snuipp86.fr\/#website","url":"https:\/\/snuipp86.fr\/","name":"FSU-SNUipp 86","description":"Des id\u00e9es qui font l&#039;\u00e9cole","potentialAction":[{"@type":"SearchAction","target":{"@type":"EntryPoint","urlTemplate":"https:\/\/snuipp86.fr\/?s={search_term_string}"},"query-input":{"@type":"PropertyValueSpecification","valueRequired":true,"valueName":"search_term_string"}}],"inLanguage":"fr-FR"},{"@type":"Person","@id":"https:\/\/snuipp86.fr\/#\/schema\/person\/5a96b33672b90a1385fd0b096fd5ebcb","name":"Matthieu Menaut","image":{"@type":"ImageObject","inLanguage":"fr-FR","@id":"https:\/\/snuipp86.fr\/#\/schema\/person\/image\/","url":"https:\/\/secure.gravatar.com\/avatar\/03e70f897b03256ddca91d16c3e33a876c31abbf1b31cb48e60e770f684a04d1?s=96&d=mm&r=g","contentUrl":"https:\/\/secure.gravatar.com\/avatar\/03e70f897b03256ddca91d16c3e33a876c31abbf1b31cb48e60e770f684a04d1?s=96&d=mm&r=g","caption":"Matthieu Menaut"},"url":"https:\/\/snuipp86.fr\/index.php\/author\/mmenaut\/"}]}},"_links":{"self":[{"href":"https:\/\/snuipp86.fr\/index.php\/wp-json\/wp\/v2\/posts\/20485","targetHints":{"allow":["GET"]}}],"collection":[{"href":"https:\/\/snuipp86.fr\/index.php\/wp-json\/wp\/v2\/posts"}],"about":[{"href":"https:\/\/snuipp86.fr\/index.php\/wp-json\/wp\/v2\/types\/post"}],"author":[{"embeddable":true,"href":"https:\/\/snuipp86.fr\/index.php\/wp-json\/wp\/v2\/users\/4"}],"replies":[{"embeddable":true,"href":"https:\/\/snuipp86.fr\/index.php\/wp-json\/wp\/v2\/comments?post=20485"}],"version-history":[{"count":0,"href":"https:\/\/snuipp86.fr\/index.php\/wp-json\/wp\/v2\/posts\/20485\/revisions"}],"wp:featuredmedia":[{"embeddable":true,"href":"https:\/\/snuipp86.fr\/index.php\/wp-json\/wp\/v2\/media\/20059"}],"wp:attachment":[{"href":"https:\/\/snuipp86.fr\/index.php\/wp-json\/wp\/v2\/media?parent=20485"}],"wp:term":[{"taxonomy":"category","embeddable":true,"href":"https:\/\/snuipp86.fr\/index.php\/wp-json\/wp\/v2\/categories?post=20485"},{"taxonomy":"post_tag","embeddable":true,"href":"https:\/\/snuipp86.fr\/index.php\/wp-json\/wp\/v2\/tags?post=20485"}],"curies":[{"name":"wp","href":"https:\/\/api.w.org\/{rel}","templated":true}]}}