{"id":20628,"date":"2021-05-11T15:15:07","date_gmt":"2021-05-11T13:15:07","guid":{"rendered":"http:\/\/snuipp86.fr\/?p=20628"},"modified":"2021-05-17T11:35:28","modified_gmt":"2021-05-17T09:35:28","slug":"reforme-du-cafipemf-le-decret-et-larrete-publies","status":"publish","type":"post","link":"https:\/\/snuipp86.fr\/index.php\/2021\/05\/11\/reforme-du-cafipemf-le-decret-et-larrete-publies\/","title":{"rendered":"R\u00e9forme du CAFIPEMF : le d\u00e9cret et l\u2019arr\u00eat\u00e9 publi\u00e9s"},"content":{"rendered":"<p>Le d\u00e9cret et l\u2019arr\u00eat\u00e9 modifiant les modalit\u00e9s du CAFIPEMF sont parus. Vous trouverez les textes ci-dessous :<\/p>\n<ul>\n<li><a href=\"https:\/\/www.legifrance.gouv.fr\/jorf\/id\/JORFTEXT000043475476\">D\u00e9cret n\u00b0 2021-548 du 4 mai 2021<\/a> modifiant le d\u00e9cret n\u00b0 85-88 du 22 janvier 1985 relatif aux conditions de nomination aux fonctions d&rsquo;instituteur ou de professeur des \u00e9coles ma\u00eetre.<\/li>\n<li><a href=\"https:\/\/www.legifrance.gouv.fr\/jorf\/id\/JORFTEXT000043475491\">Arr\u00eat\u00e9 du 4 mai 2021<\/a> fixant l&rsquo;organisation du certificat d&rsquo;aptitude aux fonctions d&rsquo;instituteur ou de professeur des \u00e9coles ma\u00eetre formateur.<\/li>\n<\/ul>\n<p>Le d\u00e9cret et l\u2019arr\u00eat\u00e9 parus confirment une r\u00e9forme contre laquelle le SNUipp-FSU s\u2019est oppos\u00e9 lors du CTM du 9 f\u00e9vrier 2021.<\/p>\n<p>Vous trouverez l&rsquo;analyse du SNUipp-FSU sur la r\u00e9forme et les modifications que nous avons port\u00e9es : <a href=\"https:\/\/snuipp86.fr\/index.php\/2021\/02\/02\/projet-de-reforme-du-cafipemf\/\">https:\/\/snuipp86.fr\/index.php\/2021\/02\/02\/projet-de-reforme-du-cafipemf\/<\/a><\/p>\n<p>La seule \u00e9volution depuis le CTM concerne les dispositions d\u00e9rogatoires pour les candidat-es \u00e0 l\u2019actuel CAFIPEMF et \u00e9tant re\u00e7u-es aux \u00e9preuves d\u2019admissibilit\u00e9 : ces candidat-es poursuivront l\u2019ann\u00e9e prochaine selon les modalit\u00e9s d\u00e9finies par le d\u00e9cret\u00a0 n\u00b02015-885 du 20 juillet 2015.<\/p>\n<p>La r\u00e9forme s\u2019applique d\u00e8s la rentr\u00e9e 2021.<\/p>\n<p>&nbsp;<\/p>\n<a href=\"https:\/\/snuipp86.fr\/wp-content\/uploads\/2021\/05\/comparatif-cafipemf.pdf\" class=\"pdfemb-viewer\" style=\"\" data-width=\"max\" data-height=\"max\" data-toolbar=\"bottom\" data-toolbar-fixed=\"off\">comparatif-cafipemf<\/a>\n<p>&nbsp;<\/p>\n<p>&nbsp;<\/p>\n","protected":false},"excerpt":{"rendered":"<p>Le d\u00e9cret et l\u2019arr\u00eat\u00e9 modifiant les modalit\u00e9s du CAFIPEMF sont parus. Vous trouverez les textes ci-dessous : D\u00e9cret n\u00b0 2021-548 du 4 mai 2021 modifiant le d\u00e9cret n\u00b0 85-88 du 22 janvier 1985 relatif aux conditions de nomination aux fonctions d&rsquo;instituteur ou de professeur des \u00e9coles ma\u00eetre. Arr\u00eat\u00e9 du 4 mai 2021 fixant l&rsquo;organisation du certificat [&hellip;]<\/p>\n","protected":false},"author":4,"featured_media":20630,"comment_status":"closed","ping_status":"closed","sticky":false,"template":"","format":"standard","meta":{"footnotes":""},"categories":[14],"tags":[6],"class_list":["post-20628","post","type-post","status-publish","format-standard","has-post-thumbnail","hentry","category-a-la-une","tag-formation"],"yoast_head":"<!-- This site is optimized with the Yoast SEO plugin v26.6 - https:\/\/yoast.com\/wordpress\/plugins\/seo\/ -->\n<title>R\u00e9forme du CAFIPEMF : le d\u00e9cret et l\u2019arr\u00eat\u00e9 publi\u00e9s - FSU-SNUipp 86<\/title>\n<meta name=\"robots\" content=\"index, follow, max-snippet:-1, max-image-preview:large, max-video-preview:-1\" \/>\n<link rel=\"canonical\" href=\"https:\/\/snuipp86.fr\/index.php\/2021\/05\/11\/reforme-du-cafipemf-le-decret-et-larrete-publies\/\" \/>\n<meta property=\"og:locale\" content=\"fr_FR\" \/>\n<meta property=\"og:type\" content=\"article\" \/>\n<meta property=\"og:title\" content=\"R\u00e9forme du CAFIPEMF : le d\u00e9cret et l\u2019arr\u00eat\u00e9 publi\u00e9s - FSU-SNUipp 86\" \/>\n<meta property=\"og:description\" content=\"Le d\u00e9cret et l\u2019arr\u00eat\u00e9 modifiant les modalit\u00e9s du CAFIPEMF sont parus. Vous trouverez les textes ci-dessous : D\u00e9cret n\u00b0 2021-548 du 4 mai 2021 modifiant le d\u00e9cret n\u00b0 85-88 du 22 janvier 1985 relatif aux conditions de nomination aux fonctions d&rsquo;instituteur ou de professeur des \u00e9coles ma\u00eetre. Arr\u00eat\u00e9 du 4 mai 2021 fixant l&rsquo;organisation du certificat [&hellip;]\" \/>\n<meta property=\"og:url\" content=\"https:\/\/snuipp86.fr\/index.php\/2021\/05\/11\/reforme-du-cafipemf-le-decret-et-larrete-publies\/\" \/>\n<meta property=\"og:site_name\" content=\"FSU-SNUipp 86\" \/>\n<meta property=\"article:published_time\" content=\"2021-05-11T13:15:07+00:00\" \/>\n<meta property=\"article:modified_time\" content=\"2021-05-17T09:35:28+00:00\" \/>\n<meta property=\"og:image\" content=\"https:\/\/snuipp86.fr\/wp-content\/uploads\/2021\/05\/rubon16.png\" \/>\n\t<meta property=\"og:image:width\" content=\"170\" \/>\n\t<meta property=\"og:image:height\" content=\"170\" \/>\n\t<meta property=\"og:image:type\" content=\"image\/png\" \/>\n<meta name=\"author\" content=\"Matthieu Menaut\" \/>\n<meta name=\"twitter:card\" content=\"summary_large_image\" \/>\n<meta name=\"twitter:label1\" content=\"\u00c9crit par\" \/>\n\t<meta name=\"twitter:data1\" content=\"Matthieu Menaut\" \/>\n\t<meta name=\"twitter:label2\" content=\"Dur\u00e9e de lecture estim\u00e9e\" \/>\n\t<meta name=\"twitter:data2\" content=\"1 minute\" \/>\n<script type=\"application\/ld+json\" class=\"yoast-schema-graph\">{\"@context\":\"https:\/\/schema.org\",\"@graph\":[{\"@type\":\"WebPage\",\"@id\":\"https:\/\/snuipp86.fr\/index.php\/2021\/05\/11\/reforme-du-cafipemf-le-decret-et-larrete-publies\/\",\"url\":\"https:\/\/snuipp86.fr\/index.php\/2021\/05\/11\/reforme-du-cafipemf-le-decret-et-larrete-publies\/\",\"name\":\"R\u00e9forme du CAFIPEMF : le d\u00e9cret et l\u2019arr\u00eat\u00e9 publi\u00e9s - FSU-SNUipp 86\",\"isPartOf\":{\"@id\":\"https:\/\/snuipp86.fr\/#website\"},\"primaryImageOfPage\":{\"@id\":\"https:\/\/snuipp86.fr\/index.php\/2021\/05\/11\/reforme-du-cafipemf-le-decret-et-larrete-publies\/#primaryimage\"},\"image\":{\"@id\":\"https:\/\/snuipp86.fr\/index.php\/2021\/05\/11\/reforme-du-cafipemf-le-decret-et-larrete-publies\/#primaryimage\"},\"thumbnailUrl\":\"https:\/\/snuipp86.fr\/wp-content\/uploads\/2021\/05\/rubon16.png\",\"datePublished\":\"2021-05-11T13:15:07+00:00\",\"dateModified\":\"2021-05-17T09:35:28+00:00\",\"author\":{\"@id\":\"https:\/\/snuipp86.fr\/#\/schema\/person\/5a96b33672b90a1385fd0b096fd5ebcb\"},\"breadcrumb\":{\"@id\":\"https:\/\/snuipp86.fr\/index.php\/2021\/05\/11\/reforme-du-cafipemf-le-decret-et-larrete-publies\/#breadcrumb\"},\"inLanguage\":\"fr-FR\",\"potentialAction\":[{\"@type\":\"ReadAction\",\"target\":[\"https:\/\/snuipp86.fr\/index.php\/2021\/05\/11\/reforme-du-cafipemf-le-decret-et-larrete-publies\/\"]}]},{\"@type\":\"ImageObject\",\"inLanguage\":\"fr-FR\",\"@id\":\"https:\/\/snuipp86.fr\/index.php\/2021\/05\/11\/reforme-du-cafipemf-le-decret-et-larrete-publies\/#primaryimage\",\"url\":\"https:\/\/snuipp86.fr\/wp-content\/uploads\/2021\/05\/rubon16.png\",\"contentUrl\":\"https:\/\/snuipp86.fr\/wp-content\/uploads\/2021\/05\/rubon16.png\",\"width\":170,\"height\":170},{\"@type\":\"BreadcrumbList\",\"@id\":\"https:\/\/snuipp86.fr\/index.php\/2021\/05\/11\/reforme-du-cafipemf-le-decret-et-larrete-publies\/#breadcrumb\",\"itemListElement\":[{\"@type\":\"ListItem\",\"position\":1,\"name\":\"Accueil\",\"item\":\"https:\/\/snuipp86.fr\/\"},{\"@type\":\"ListItem\",\"position\":2,\"name\":\"R\u00e9forme du CAFIPEMF : le d\u00e9cret et l\u2019arr\u00eat\u00e9 publi\u00e9s\"}]},{\"@type\":\"WebSite\",\"@id\":\"https:\/\/snuipp86.fr\/#website\",\"url\":\"https:\/\/snuipp86.fr\/\",\"name\":\"FSU-SNUipp 86\",\"description\":\"Des id\u00e9es qui font l&#039;\u00e9cole\",\"potentialAction\":[{\"@type\":\"SearchAction\",\"target\":{\"@type\":\"EntryPoint\",\"urlTemplate\":\"https:\/\/snuipp86.fr\/?s={search_term_string}\"},\"query-input\":{\"@type\":\"PropertyValueSpecification\",\"valueRequired\":true,\"valueName\":\"search_term_string\"}}],\"inLanguage\":\"fr-FR\"},{\"@type\":\"Person\",\"@id\":\"https:\/\/snuipp86.fr\/#\/schema\/person\/5a96b33672b90a1385fd0b096fd5ebcb\",\"name\":\"Matthieu Menaut\",\"image\":{\"@type\":\"ImageObject\",\"inLanguage\":\"fr-FR\",\"@id\":\"https:\/\/snuipp86.fr\/#\/schema\/person\/image\/\",\"url\":\"https:\/\/secure.gravatar.com\/avatar\/03e70f897b03256ddca91d16c3e33a876c31abbf1b31cb48e60e770f684a04d1?s=96&d=mm&r=g\",\"contentUrl\":\"https:\/\/secure.gravatar.com\/avatar\/03e70f897b03256ddca91d16c3e33a876c31abbf1b31cb48e60e770f684a04d1?s=96&d=mm&r=g\",\"caption\":\"Matthieu Menaut\"},\"url\":\"https:\/\/snuipp86.fr\/index.php\/author\/mmenaut\/\"}]}<\/script>\n<!-- \/ Yoast SEO plugin. -->","yoast_head_json":{"title":"R\u00e9forme du CAFIPEMF : le d\u00e9cret et l\u2019arr\u00eat\u00e9 publi\u00e9s - FSU-SNUipp 86","robots":{"index":"index","follow":"follow","max-snippet":"max-snippet:-1","max-image-preview":"max-image-preview:large","max-video-preview":"max-video-preview:-1"},"canonical":"https:\/\/snuipp86.fr\/index.php\/2021\/05\/11\/reforme-du-cafipemf-le-decret-et-larrete-publies\/","og_locale":"fr_FR","og_type":"article","og_title":"R\u00e9forme du CAFIPEMF : le d\u00e9cret et l\u2019arr\u00eat\u00e9 publi\u00e9s - FSU-SNUipp 86","og_description":"Le d\u00e9cret et l\u2019arr\u00eat\u00e9 modifiant les modalit\u00e9s du CAFIPEMF sont parus. Vous trouverez les textes ci-dessous : D\u00e9cret n\u00b0 2021-548 du 4 mai 2021 modifiant le d\u00e9cret n\u00b0 85-88 du 22 janvier 1985 relatif aux conditions de nomination aux fonctions d&rsquo;instituteur ou de professeur des \u00e9coles ma\u00eetre. Arr\u00eat\u00e9 du 4 mai 2021 fixant l&rsquo;organisation du certificat [&hellip;]","og_url":"https:\/\/snuipp86.fr\/index.php\/2021\/05\/11\/reforme-du-cafipemf-le-decret-et-larrete-publies\/","og_site_name":"FSU-SNUipp 86","article_published_time":"2021-05-11T13:15:07+00:00","article_modified_time":"2021-05-17T09:35:28+00:00","og_image":[{"width":170,"height":170,"url":"https:\/\/snuipp86.fr\/wp-content\/uploads\/2021\/05\/rubon16.png","type":"image\/png"}],"author":"Matthieu Menaut","twitter_card":"summary_large_image","twitter_misc":{"\u00c9crit par":"Matthieu Menaut","Dur\u00e9e de lecture estim\u00e9e":"1 minute"},"schema":{"@context":"https:\/\/schema.org","@graph":[{"@type":"WebPage","@id":"https:\/\/snuipp86.fr\/index.php\/2021\/05\/11\/reforme-du-cafipemf-le-decret-et-larrete-publies\/","url":"https:\/\/snuipp86.fr\/index.php\/2021\/05\/11\/reforme-du-cafipemf-le-decret-et-larrete-publies\/","name":"R\u00e9forme du CAFIPEMF : le d\u00e9cret et l\u2019arr\u00eat\u00e9 publi\u00e9s - FSU-SNUipp 86","isPartOf":{"@id":"https:\/\/snuipp86.fr\/#website"},"primaryImageOfPage":{"@id":"https:\/\/snuipp86.fr\/index.php\/2021\/05\/11\/reforme-du-cafipemf-le-decret-et-larrete-publies\/#primaryimage"},"image":{"@id":"https:\/\/snuipp86.fr\/index.php\/2021\/05\/11\/reforme-du-cafipemf-le-decret-et-larrete-publies\/#primaryimage"},"thumbnailUrl":"https:\/\/snuipp86.fr\/wp-content\/uploads\/2021\/05\/rubon16.png","datePublished":"2021-05-11T13:15:07+00:00","dateModified":"2021-05-17T09:35:28+00:00","author":{"@id":"https:\/\/snuipp86.fr\/#\/schema\/person\/5a96b33672b90a1385fd0b096fd5ebcb"},"breadcrumb":{"@id":"https:\/\/snuipp86.fr\/index.php\/2021\/05\/11\/reforme-du-cafipemf-le-decret-et-larrete-publies\/#breadcrumb"},"inLanguage":"fr-FR","potentialAction":[{"@type":"ReadAction","target":["https:\/\/snuipp86.fr\/index.php\/2021\/05\/11\/reforme-du-cafipemf-le-decret-et-larrete-publies\/"]}]},{"@type":"ImageObject","inLanguage":"fr-FR","@id":"https:\/\/snuipp86.fr\/index.php\/2021\/05\/11\/reforme-du-cafipemf-le-decret-et-larrete-publies\/#primaryimage","url":"https:\/\/snuipp86.fr\/wp-content\/uploads\/2021\/05\/rubon16.png","contentUrl":"https:\/\/snuipp86.fr\/wp-content\/uploads\/2021\/05\/rubon16.png","width":170,"height":170},{"@type":"BreadcrumbList","@id":"https:\/\/snuipp86.fr\/index.php\/2021\/05\/11\/reforme-du-cafipemf-le-decret-et-larrete-publies\/#breadcrumb","itemListElement":[{"@type":"ListItem","position":1,"name":"Accueil","item":"https:\/\/snuipp86.fr\/"},{"@type":"ListItem","position":2,"name":"R\u00e9forme du CAFIPEMF : le d\u00e9cret et l\u2019arr\u00eat\u00e9 publi\u00e9s"}]},{"@type":"WebSite","@id":"https:\/\/snuipp86.fr\/#website","url":"https:\/\/snuipp86.fr\/","name":"FSU-SNUipp 86","description":"Des id\u00e9es qui font l&#039;\u00e9cole","potentialAction":[{"@type":"SearchAction","target":{"@type":"EntryPoint","urlTemplate":"https:\/\/snuipp86.fr\/?s={search_term_string}"},"query-input":{"@type":"PropertyValueSpecification","valueRequired":true,"valueName":"search_term_string"}}],"inLanguage":"fr-FR"},{"@type":"Person","@id":"https:\/\/snuipp86.fr\/#\/schema\/person\/5a96b33672b90a1385fd0b096fd5ebcb","name":"Matthieu Menaut","image":{"@type":"ImageObject","inLanguage":"fr-FR","@id":"https:\/\/snuipp86.fr\/#\/schema\/person\/image\/","url":"https:\/\/secure.gravatar.com\/avatar\/03e70f897b03256ddca91d16c3e33a876c31abbf1b31cb48e60e770f684a04d1?s=96&d=mm&r=g","contentUrl":"https:\/\/secure.gravatar.com\/avatar\/03e70f897b03256ddca91d16c3e33a876c31abbf1b31cb48e60e770f684a04d1?s=96&d=mm&r=g","caption":"Matthieu Menaut"},"url":"https:\/\/snuipp86.fr\/index.php\/author\/mmenaut\/"}]}},"_links":{"self":[{"href":"https:\/\/snuipp86.fr\/index.php\/wp-json\/wp\/v2\/posts\/20628","targetHints":{"allow":["GET"]}}],"collection":[{"href":"https:\/\/snuipp86.fr\/index.php\/wp-json\/wp\/v2\/posts"}],"about":[{"href":"https:\/\/snuipp86.fr\/index.php\/wp-json\/wp\/v2\/types\/post"}],"author":[{"embeddable":true,"href":"https:\/\/snuipp86.fr\/index.php\/wp-json\/wp\/v2\/users\/4"}],"replies":[{"embeddable":true,"href":"https:\/\/snuipp86.fr\/index.php\/wp-json\/wp\/v2\/comments?post=20628"}],"version-history":[{"count":0,"href":"https:\/\/snuipp86.fr\/index.php\/wp-json\/wp\/v2\/posts\/20628\/revisions"}],"wp:featuredmedia":[{"embeddable":true,"href":"https:\/\/snuipp86.fr\/index.php\/wp-json\/wp\/v2\/media\/20630"}],"wp:attachment":[{"href":"https:\/\/snuipp86.fr\/index.php\/wp-json\/wp\/v2\/media?parent=20628"}],"wp:term":[{"taxonomy":"category","embeddable":true,"href":"https:\/\/snuipp86.fr\/index.php\/wp-json\/wp\/v2\/categories?post=20628"},{"taxonomy":"post_tag","embeddable":true,"href":"https:\/\/snuipp86.fr\/index.php\/wp-json\/wp\/v2\/tags?post=20628"}],"curies":[{"name":"wp","href":"https:\/\/api.w.org\/{rel}","templated":true}]}}