{"id":207,"date":"2018-02-07T06:56:38","date_gmt":"2018-02-07T06:56:38","guid":{"rendered":"http:\/\/localhost\/wordpress\/2018\/02\/07\/carte-scolaire-alerte-sociale-dpose-par-le-snuipp-fsu-86\/"},"modified":"2018-02-07T06:56:38","modified_gmt":"2018-02-07T06:56:38","slug":"carte-scolaire-alerte-sociale-dpose-par-le-snuipp-fsu-86","status":"publish","type":"post","link":"https:\/\/snuipp86.fr\/index.php\/2018\/02\/07\/carte-scolaire-alerte-sociale-dpose-par-le-snuipp-fsu-86\/","title":{"rendered":"Carte scolaire : alerte sociale d\u00e9pos\u00e9e par le SNUipp-FSU 86 !"},"content":{"rendered":"<p><img decoding=\"async\" src=\"https:\/\/snuipp86.fr\/wp-content\/spip\/IMG\/arton3728.jpg\" alt=\"\" align=\"right\" width=\"550\" height=\"240\" class=\"spip_logos\" \/><\/p>\n<div class='rss_texte'>\n<h3 class=\"spip\" id=\"outil_sommaire_0\"><a title=\"Sommaire\" href=\"http:\/\/86.snuipp.fr\/spip.php?page=backend&#038;id_rubrique=#outil_sommaire\" class=\"sommaire_ancre\"> <\/a>Carte Scolaire 2018<br \/>\nLe SNUipp-FSU 86 vient de d\u00e9poser une alerte sociale !<\/h3>\n<p class=\"spip\">Le SNUipp-FSU 86 vient de d\u00e9poser une alerte sociale aupr\u00e8s de l&rsquo;IA de la Vienne concernant la carte scolaire 2018. Cette alerte sociale pr\u00e9c\u00e8de un pr\u00e9avis de gr\u00e8ve qui sera d\u00e9pos\u00e9 du 27 f\u00e9vrier au 29 mars. Ce pr\u00e9avis de gr\u00e8ve permettra aux \u00e9quipes de se mobiliser si n\u00e9cessaire pendant les op\u00e9rations de carte scolaire ( GT le 1er mars, CTSD le 5 mars, CDEN le 20 mars (repli le 28 mars) ) .<\/p>\n<p class=\"spip\">Les motifs :<br \/>\n<br \/><img decoding=\"async\" src=\"https:\/\/snuipp86.fr\/wp-content\/spip\/cache-vignettes\/L8xH11\/puce-68c92.gif\" width='8' height='11' alt=\"-\" style='height:11px;width:8px;' class='' \/> Pour une baisse significative des effectifs par classe<br \/>\n<br \/><img decoding=\"async\" src=\"https:\/\/snuipp86.fr\/wp-content\/spip\/cache-vignettes\/L8xH11\/puce-68c92.gif\" width='8' height='11' alt=\"-\" style='height:11px;width:8px;' class='' \/> Pour le maintien et la g\u00e9n\u00e9ralisation du dispositif \u00ab plus de ma\u00eetres \u00bb ;<br \/>\n<br \/><img decoding=\"async\" src=\"https:\/\/snuipp86.fr\/wp-content\/spip\/cache-vignettes\/L8xH11\/puce-68c92.gif\" width='8' height='11' alt=\"-\" style='height:11px;width:8px;' class='' \/> Pour une dotation sp\u00e9cifique pour le d\u00e9doublement des CP en REP et CE1 en REP+ ;<br \/>\n<br \/><img decoding=\"async\" src=\"https:\/\/snuipp86.fr\/wp-content\/spip\/cache-vignettes\/L8xH11\/puce-68c92.gif\" width='8' height='11' alt=\"-\" style='height:11px;width:8px;' class='' \/> Pour ouvrir les classes et les postes particuliers (rempla\u00e7ants, Rased, conseillers p\u00e9dagogiques &#8230;) n\u00e9cessaires au bon fonctionnement du service public d&rsquo;\u00e9ducation pour la rentr\u00e9e 2018 ;<br \/>\n<br \/><img decoding=\"async\" src=\"https:\/\/snuipp86.fr\/wp-content\/spip\/cache-vignettes\/L8xH11\/puce-68c92.gif\" width='8' height='11' alt=\"-\" style='height:11px;width:8px;' class='' \/> Pour le maintien d&rsquo;un service public d&rsquo;\u00e9ducation de proximit\u00e9.<\/p>\n<p class=\"spip\">Pour rappel, la Vienne devra trouver potentiellement au moins 24 postes pour la rentr\u00e9e prochaine car :<br \/>\n<br \/><img decoding=\"async\" src=\"https:\/\/snuipp86.fr\/wp-content\/spip\/cache-vignettes\/L8xH11\/puce-68c92.gif\" width='8' height='11' alt=\"-\" style='height:11px;width:8px;' class='' \/> dotation de la Vienne pour 2018 : 0 postes<br \/>\n<br \/><img decoding=\"async\" src=\"https:\/\/snuipp86.fr\/wp-content\/spip\/cache-vignettes\/L8xH11\/puce-68c92.gif\" width='8' height='11' alt=\"-\" style='height:11px;width:8px;' class='' \/> postes \u00e0 ouvrir pour le d\u00e9doublement en \u00e9ducation prioritaire en 2018 : 20 postes<br \/>\n<br \/><img decoding=\"async\" src=\"https:\/\/snuipp86.fr\/wp-content\/spip\/cache-vignettes\/L8xH11\/puce-68c92.gif\" width='8' height='11' alt=\"-\" style='height:11px;width:8px;' class='' \/> postes li\u00e9s au gel de postes pour les ouvertures en CP en REP+ en 2017 : 4 postes<\/p>\n<p class=\"spip\">Les pistes \u00e9voqu\u00e9es par le Rectorat sont pour l&rsquo;instant la suppression de 12 postes de PDMQDC (sur les 18 de la Vienne) et les fermetures de classes dans les endroits qui perdent des effectifs.<\/p>\n<p class=\"spip\">Au regard de ces chiffres, pour le SNUipp-FSU 86, le gouvernement actuel ment quand il annonce au travers de son ministre de l&rsquo;\u00e9ducation : \u00a0\u00bb Mon souci, c&rsquo;est d&rsquo;avoir une \u00e9cole primaire qui ait les moyens d&rsquo;\u00eatre \u00e0 la hauteur des enjeux. \u00bb La \u00ab premi\u00e8re priorit\u00e9 \u00bb, \u00ab c&rsquo;est l&rsquo;\u00e9cole primaire \u00bb \u00a0\u00bb .<\/p>\n<p class=\"spip\">Pour le SNUipp-FSU, \u00e0 cette rentr\u00e9e, les moyens allou\u00e9s ne permettront pas de baisser les effectifs sur l&rsquo;ensemble du territoire, ni de cr\u00e9er des postes particuliers (rempla\u00e7ants, Rased, conseillers p\u00e9dagogiques, UPE2A &#8230; ) indispensables \u00e0 la bonne marche de notre syst\u00e8me \u00e9ducatif.<\/p>\n<p class=\"spip\">Pour le SNUIpp-FSU, cette rentr\u00e9e fera encore une fois mentir le pr\u00e9sident de la R\u00e9publique qui avait annonc\u00e9 : \u00ab\u00a0Les territoires ruraux ne peuvent plus \u00eatre la variable d&rsquo;ajustement. Il n&rsquo;y aura plus aucune fermeture de classe dans les zones rurales.\u00a0\u00bb L&rsquo; Association des maires ruraux de France a d&rsquo;ailleurs fait un communiqu\u00e9 en ce sens : <a href=\"http:\/\/www.amrf.fr\/Presse\/Communiqu%C3%A9s\/tabid\/1225\/ID\/1151\/23-janvier\u2014EDUCATION.aspx\" class=\"spip_out\">http:\/\/www.amrf.fr\/Presse\/Communiqu%C3%A9s\/tabid\/1225\/ID\/1151\/23-janvier\u2014EDUCATION.aspx<\/a><\/p>\n<h3 class=\"spip\" id=\"outil_sommaire_1\"><a title=\"Sommaire\" href=\"http:\/\/86.snuipp.fr\/spip.php?page=backend&#038;id_rubrique=#outil_sommaire\" class=\"sommaire_ancre\"> <\/a>Le SNUIpp-FSU d\u00e9fend un maximum de 25 \u00e9l\u00e8ves par classe (#Pasplusde25) et un maximum de 20 en \u00c9ducation Prioritaire (#Pasplusde20enEP).<\/h3>\n<p class=\"spip\">Nationalement le SNUIpp-FSU d\u00e9nonce le budget 2018 depuis son annonce, et un communiqu\u00e9 intersyndical SNUIpp-FSU, SE-Unsa et SGEN-CFDT publi\u00e9 ce lundi 5 f\u00e9vrier d\u00e9nonce cette situation : <a href=\"https:\/\/www.snuipp.fr\/actualites\/posts\/rentree-2018-des-conditions-d-enseignement-degradees\" class=\"spip_out\">Rentr\u00e9e 2018 : des conditions d&rsquo;enseignement d\u00e9grad\u00e9es en pr\u00e9paration<\/a><\/p>\n<p class=\"spip\">Le SNUIpp-FSU 86 appelle l&rsquo;ensemble des \u00e9coles \u00e0 faire remonter leurs effectifs en remplissant l&rsquo;enqu\u00eate carte scolaire sur ce lien : <a href=\"http:\/\/86.snuipp.fr\/spip.php?article3596\" class=\"spip_out\">http:\/\/86.snuipp.fr\/spip.php ?article3596<\/a><\/p>\n<p class=\"spip\">Le SNUIpp-FSU 86 appelle l&rsquo;ensemble des coll\u00e8gues \u00e0 se mobiliser pour d\u00e9fendre la situation de leurs \u00e9coles et leur permet , gr\u00e2ce \u00e0 ce pr\u00e9avis, de pouvoir aller jusqu&rsquo;\u00e0 la gr\u00e8ve si n\u00e9cessaire. Le SNUipp-FSU 86 vous tiendra au courant des modalit\u00e9s pour se mobiliser. Une conf\u00e9rence de presse du SNUipp-FSU national aura lieu ce jeudi 7 f\u00e9vrier.<\/p>\n<\/div>\n","protected":false},"excerpt":{"rendered":"<p>Carte Scolaire 2018 <br \/>Le SNUipp-FSU 86 vient de d\u00e9poser une alerte sociale ! <br \/>Le SNUipp-FSU 86 vient de d\u00e9poser une alerte sociale aupr\u00e8s de l&rsquo;IA de la Vienne concernant la carte scolaire 2018. Cette alerte sociale pr\u00e9c\u00e8de un pr\u00e9avis de gr\u00e8ve qui sera d\u00e9pos\u00e9 du 27 f\u00e9vrier au 29 mars. Ce pr\u00e9avis de gr\u00e8ve permettra aux \u00e9quipes de se mobiliser si n\u00e9cessaire pendant les op\u00e9rations de carte scolaire ( GT le 1er mars, CTSD le 5 mars, CDEN le 20 mars (repli le 28 mars) ) . <br \/>Les motifs : <br \/>Pour une (&#8230;)<br \/>\n&#8211;<br \/>\n<a href=\"http:\/\/86.snuipp.fr\/spip.php?rubrique294\" rel=\"directory\">Gr\u00e8ves- Actions<\/a><br \/>\n\/<br \/>\n<a href=\"http:\/\/86.snuipp.fr\/spip.php?mot278\" rel=\"tag\">Gr\u00e8ve<\/a>,<br \/>\n<a href=\"http:\/\/86.snuipp.fr\/spip.php?mot293\" rel=\"tag\">Carte scolaire<\/a><\/p>\n","protected":false},"author":1,"featured_media":0,"comment_status":"open","ping_status":"open","sticky":false,"template":"","format":"standard","meta":{"footnotes":""},"categories":[14],"tags":[],"class_list":["post-207","post","type-post","status-publish","format-standard","hentry","category-a-la-une"],"yoast_head":"<!-- This site is optimized with the Yoast SEO plugin v26.6 - https:\/\/yoast.com\/wordpress\/plugins\/seo\/ -->\n<title>Carte scolaire : alerte sociale d\u00e9pos\u00e9e par le SNUipp-FSU 86 ! - FSU-SNUipp 86<\/title>\n<meta name=\"robots\" content=\"index, follow, max-snippet:-1, max-image-preview:large, max-video-preview:-1\" \/>\n<link rel=\"canonical\" href=\"https:\/\/snuipp86.fr\/index.php\/2018\/02\/07\/carte-scolaire-alerte-sociale-dpose-par-le-snuipp-fsu-86\/\" \/>\n<meta property=\"og:locale\" content=\"fr_FR\" \/>\n<meta property=\"og:type\" content=\"article\" \/>\n<meta property=\"og:title\" content=\"Carte scolaire : alerte sociale d\u00e9pos\u00e9e par le SNUipp-FSU 86 ! - FSU-SNUipp 86\" \/>\n<meta property=\"og:description\" content=\"Carte Scolaire 2018 Le SNUipp-FSU 86 vient de d\u00e9poser une alerte sociale ! Le SNUipp-FSU 86 vient de d\u00e9poser une alerte sociale aupr\u00e8s de l&#039;IA de la Vienne concernant la carte scolaire 2018. Cette alerte sociale pr\u00e9c\u00e8de un pr\u00e9avis de gr\u00e8ve qui sera d\u00e9pos\u00e9 du 27 f\u00e9vrier au 29 mars. Ce pr\u00e9avis de gr\u00e8ve permettra aux \u00e9quipes de se mobiliser si n\u00e9cessaire pendant les op\u00e9rations de carte scolaire ( GT le 1er mars, CTSD le 5 mars, CDEN le 20 mars (repli le 28 mars) ) . Les motifs : Pour une (...) - Gr\u00e8ves- Actions \/ Gr\u00e8ve, Carte scolaire\" \/>\n<meta property=\"og:url\" content=\"https:\/\/snuipp86.fr\/index.php\/2018\/02\/07\/carte-scolaire-alerte-sociale-dpose-par-le-snuipp-fsu-86\/\" \/>\n<meta property=\"og:site_name\" content=\"FSU-SNUipp 86\" \/>\n<meta property=\"article:published_time\" content=\"2018-02-07T06:56:38+00:00\" \/>\n<meta property=\"og:image\" content=\"http:\/\/snuipp86.fr\/wp-content\/spip\/IMG\/arton3728.jpg\" \/>\n<meta name=\"author\" content=\"WP86Admin\" \/>\n<meta name=\"twitter:card\" content=\"summary_large_image\" \/>\n<meta name=\"twitter:label1\" content=\"\u00c9crit par\" \/>\n\t<meta name=\"twitter:data1\" content=\"WP86Admin\" \/>\n\t<meta name=\"twitter:label2\" content=\"Dur\u00e9e de lecture estim\u00e9e\" \/>\n\t<meta name=\"twitter:data2\" content=\"3 minutes\" \/>\n<script type=\"application\/ld+json\" class=\"yoast-schema-graph\">{\"@context\":\"https:\/\/schema.org\",\"@graph\":[{\"@type\":\"WebPage\",\"@id\":\"https:\/\/snuipp86.fr\/index.php\/2018\/02\/07\/carte-scolaire-alerte-sociale-dpose-par-le-snuipp-fsu-86\/\",\"url\":\"https:\/\/snuipp86.fr\/index.php\/2018\/02\/07\/carte-scolaire-alerte-sociale-dpose-par-le-snuipp-fsu-86\/\",\"name\":\"Carte scolaire : alerte sociale d\u00e9pos\u00e9e par le SNUipp-FSU 86 ! - FSU-SNUipp 86\",\"isPartOf\":{\"@id\":\"https:\/\/snuipp86.fr\/#website\"},\"primaryImageOfPage\":{\"@id\":\"https:\/\/snuipp86.fr\/index.php\/2018\/02\/07\/carte-scolaire-alerte-sociale-dpose-par-le-snuipp-fsu-86\/#primaryimage\"},\"image\":{\"@id\":\"https:\/\/snuipp86.fr\/index.php\/2018\/02\/07\/carte-scolaire-alerte-sociale-dpose-par-le-snuipp-fsu-86\/#primaryimage\"},\"thumbnailUrl\":\"http:\/\/snuipp86.fr\/wp-content\/spip\/IMG\/arton3728.jpg\",\"datePublished\":\"2018-02-07T06:56:38+00:00\",\"author\":{\"@id\":\"https:\/\/snuipp86.fr\/#\/schema\/person\/901b28b9ae1c7a63a6a940102e52a7a2\"},\"breadcrumb\":{\"@id\":\"https:\/\/snuipp86.fr\/index.php\/2018\/02\/07\/carte-scolaire-alerte-sociale-dpose-par-le-snuipp-fsu-86\/#breadcrumb\"},\"inLanguage\":\"fr-FR\",\"potentialAction\":[{\"@type\":\"ReadAction\",\"target\":[\"https:\/\/snuipp86.fr\/index.php\/2018\/02\/07\/carte-scolaire-alerte-sociale-dpose-par-le-snuipp-fsu-86\/\"]}]},{\"@type\":\"ImageObject\",\"inLanguage\":\"fr-FR\",\"@id\":\"https:\/\/snuipp86.fr\/index.php\/2018\/02\/07\/carte-scolaire-alerte-sociale-dpose-par-le-snuipp-fsu-86\/#primaryimage\",\"url\":\"http:\/\/snuipp86.fr\/wp-content\/spip\/IMG\/arton3728.jpg\",\"contentUrl\":\"http:\/\/snuipp86.fr\/wp-content\/spip\/IMG\/arton3728.jpg\"},{\"@type\":\"BreadcrumbList\",\"@id\":\"https:\/\/snuipp86.fr\/index.php\/2018\/02\/07\/carte-scolaire-alerte-sociale-dpose-par-le-snuipp-fsu-86\/#breadcrumb\",\"itemListElement\":[{\"@type\":\"ListItem\",\"position\":1,\"name\":\"Accueil\",\"item\":\"https:\/\/snuipp86.fr\/\"},{\"@type\":\"ListItem\",\"position\":2,\"name\":\"Carte scolaire : alerte sociale d\u00e9pos\u00e9e par le SNUipp-FSU 86 !\"}]},{\"@type\":\"WebSite\",\"@id\":\"https:\/\/snuipp86.fr\/#website\",\"url\":\"https:\/\/snuipp86.fr\/\",\"name\":\"FSU-SNUipp 86\",\"description\":\"Des id\u00e9es qui font l&#039;\u00e9cole\",\"potentialAction\":[{\"@type\":\"SearchAction\",\"target\":{\"@type\":\"EntryPoint\",\"urlTemplate\":\"https:\/\/snuipp86.fr\/?s={search_term_string}\"},\"query-input\":{\"@type\":\"PropertyValueSpecification\",\"valueRequired\":true,\"valueName\":\"search_term_string\"}}],\"inLanguage\":\"fr-FR\"},{\"@type\":\"Person\",\"@id\":\"https:\/\/snuipp86.fr\/#\/schema\/person\/901b28b9ae1c7a63a6a940102e52a7a2\",\"name\":\"WP86Admin\",\"image\":{\"@type\":\"ImageObject\",\"inLanguage\":\"fr-FR\",\"@id\":\"https:\/\/snuipp86.fr\/#\/schema\/person\/image\/\",\"url\":\"https:\/\/secure.gravatar.com\/avatar\/0099845c7ec05dc10d777d8ab4f5142c5ba316283821af2459738ad469a37a1a?s=96&d=mm&r=g\",\"contentUrl\":\"https:\/\/secure.gravatar.com\/avatar\/0099845c7ec05dc10d777d8ab4f5142c5ba316283821af2459738ad469a37a1a?s=96&d=mm&r=g\",\"caption\":\"WP86Admin\"},\"url\":\"https:\/\/snuipp86.fr\/index.php\/author\/wp86admin\/\"}]}<\/script>\n<!-- \/ Yoast SEO plugin. -->","yoast_head_json":{"title":"Carte scolaire : alerte sociale d\u00e9pos\u00e9e par le SNUipp-FSU 86 ! - FSU-SNUipp 86","robots":{"index":"index","follow":"follow","max-snippet":"max-snippet:-1","max-image-preview":"max-image-preview:large","max-video-preview":"max-video-preview:-1"},"canonical":"https:\/\/snuipp86.fr\/index.php\/2018\/02\/07\/carte-scolaire-alerte-sociale-dpose-par-le-snuipp-fsu-86\/","og_locale":"fr_FR","og_type":"article","og_title":"Carte scolaire : alerte sociale d\u00e9pos\u00e9e par le SNUipp-FSU 86 ! - FSU-SNUipp 86","og_description":"Carte Scolaire 2018 Le SNUipp-FSU 86 vient de d\u00e9poser une alerte sociale ! Le SNUipp-FSU 86 vient de d\u00e9poser une alerte sociale aupr\u00e8s de l'IA de la Vienne concernant la carte scolaire 2018. Cette alerte sociale pr\u00e9c\u00e8de un pr\u00e9avis de gr\u00e8ve qui sera d\u00e9pos\u00e9 du 27 f\u00e9vrier au 29 mars. Ce pr\u00e9avis de gr\u00e8ve permettra aux \u00e9quipes de se mobiliser si n\u00e9cessaire pendant les op\u00e9rations de carte scolaire ( GT le 1er mars, CTSD le 5 mars, CDEN le 20 mars (repli le 28 mars) ) . Les motifs : Pour une (...) - Gr\u00e8ves- Actions \/ Gr\u00e8ve, Carte scolaire","og_url":"https:\/\/snuipp86.fr\/index.php\/2018\/02\/07\/carte-scolaire-alerte-sociale-dpose-par-le-snuipp-fsu-86\/","og_site_name":"FSU-SNUipp 86","article_published_time":"2018-02-07T06:56:38+00:00","og_image":[{"url":"http:\/\/snuipp86.fr\/wp-content\/spip\/IMG\/arton3728.jpg","type":"","width":"","height":""}],"author":"WP86Admin","twitter_card":"summary_large_image","twitter_misc":{"\u00c9crit par":"WP86Admin","Dur\u00e9e de lecture estim\u00e9e":"3 minutes"},"schema":{"@context":"https:\/\/schema.org","@graph":[{"@type":"WebPage","@id":"https:\/\/snuipp86.fr\/index.php\/2018\/02\/07\/carte-scolaire-alerte-sociale-dpose-par-le-snuipp-fsu-86\/","url":"https:\/\/snuipp86.fr\/index.php\/2018\/02\/07\/carte-scolaire-alerte-sociale-dpose-par-le-snuipp-fsu-86\/","name":"Carte scolaire : alerte sociale d\u00e9pos\u00e9e par le SNUipp-FSU 86 ! - FSU-SNUipp 86","isPartOf":{"@id":"https:\/\/snuipp86.fr\/#website"},"primaryImageOfPage":{"@id":"https:\/\/snuipp86.fr\/index.php\/2018\/02\/07\/carte-scolaire-alerte-sociale-dpose-par-le-snuipp-fsu-86\/#primaryimage"},"image":{"@id":"https:\/\/snuipp86.fr\/index.php\/2018\/02\/07\/carte-scolaire-alerte-sociale-dpose-par-le-snuipp-fsu-86\/#primaryimage"},"thumbnailUrl":"http:\/\/snuipp86.fr\/wp-content\/spip\/IMG\/arton3728.jpg","datePublished":"2018-02-07T06:56:38+00:00","author":{"@id":"https:\/\/snuipp86.fr\/#\/schema\/person\/901b28b9ae1c7a63a6a940102e52a7a2"},"breadcrumb":{"@id":"https:\/\/snuipp86.fr\/index.php\/2018\/02\/07\/carte-scolaire-alerte-sociale-dpose-par-le-snuipp-fsu-86\/#breadcrumb"},"inLanguage":"fr-FR","potentialAction":[{"@type":"ReadAction","target":["https:\/\/snuipp86.fr\/index.php\/2018\/02\/07\/carte-scolaire-alerte-sociale-dpose-par-le-snuipp-fsu-86\/"]}]},{"@type":"ImageObject","inLanguage":"fr-FR","@id":"https:\/\/snuipp86.fr\/index.php\/2018\/02\/07\/carte-scolaire-alerte-sociale-dpose-par-le-snuipp-fsu-86\/#primaryimage","url":"http:\/\/snuipp86.fr\/wp-content\/spip\/IMG\/arton3728.jpg","contentUrl":"http:\/\/snuipp86.fr\/wp-content\/spip\/IMG\/arton3728.jpg"},{"@type":"BreadcrumbList","@id":"https:\/\/snuipp86.fr\/index.php\/2018\/02\/07\/carte-scolaire-alerte-sociale-dpose-par-le-snuipp-fsu-86\/#breadcrumb","itemListElement":[{"@type":"ListItem","position":1,"name":"Accueil","item":"https:\/\/snuipp86.fr\/"},{"@type":"ListItem","position":2,"name":"Carte scolaire : alerte sociale d\u00e9pos\u00e9e par le SNUipp-FSU 86 !"}]},{"@type":"WebSite","@id":"https:\/\/snuipp86.fr\/#website","url":"https:\/\/snuipp86.fr\/","name":"FSU-SNUipp 86","description":"Des id\u00e9es qui font l&#039;\u00e9cole","potentialAction":[{"@type":"SearchAction","target":{"@type":"EntryPoint","urlTemplate":"https:\/\/snuipp86.fr\/?s={search_term_string}"},"query-input":{"@type":"PropertyValueSpecification","valueRequired":true,"valueName":"search_term_string"}}],"inLanguage":"fr-FR"},{"@type":"Person","@id":"https:\/\/snuipp86.fr\/#\/schema\/person\/901b28b9ae1c7a63a6a940102e52a7a2","name":"WP86Admin","image":{"@type":"ImageObject","inLanguage":"fr-FR","@id":"https:\/\/snuipp86.fr\/#\/schema\/person\/image\/","url":"https:\/\/secure.gravatar.com\/avatar\/0099845c7ec05dc10d777d8ab4f5142c5ba316283821af2459738ad469a37a1a?s=96&d=mm&r=g","contentUrl":"https:\/\/secure.gravatar.com\/avatar\/0099845c7ec05dc10d777d8ab4f5142c5ba316283821af2459738ad469a37a1a?s=96&d=mm&r=g","caption":"WP86Admin"},"url":"https:\/\/snuipp86.fr\/index.php\/author\/wp86admin\/"}]}},"_links":{"self":[{"href":"https:\/\/snuipp86.fr\/index.php\/wp-json\/wp\/v2\/posts\/207","targetHints":{"allow":["GET"]}}],"collection":[{"href":"https:\/\/snuipp86.fr\/index.php\/wp-json\/wp\/v2\/posts"}],"about":[{"href":"https:\/\/snuipp86.fr\/index.php\/wp-json\/wp\/v2\/types\/post"}],"author":[{"embeddable":true,"href":"https:\/\/snuipp86.fr\/index.php\/wp-json\/wp\/v2\/users\/1"}],"replies":[{"embeddable":true,"href":"https:\/\/snuipp86.fr\/index.php\/wp-json\/wp\/v2\/comments?post=207"}],"version-history":[{"count":0,"href":"https:\/\/snuipp86.fr\/index.php\/wp-json\/wp\/v2\/posts\/207\/revisions"}],"wp:attachment":[{"href":"https:\/\/snuipp86.fr\/index.php\/wp-json\/wp\/v2\/media?parent=207"}],"wp:term":[{"taxonomy":"category","embeddable":true,"href":"https:\/\/snuipp86.fr\/index.php\/wp-json\/wp\/v2\/categories?post=207"},{"taxonomy":"post_tag","embeddable":true,"href":"https:\/\/snuipp86.fr\/index.php\/wp-json\/wp\/v2\/tags?post=207"}],"curies":[{"name":"wp","href":"https:\/\/api.w.org\/{rel}","templated":true}]}}