{"id":20721,"date":"2021-06-08T09:42:38","date_gmt":"2021-06-08T07:42:38","guid":{"rendered":"http:\/\/snuipp86.fr\/?p=20721"},"modified":"2021-06-08T09:58:03","modified_gmt":"2021-06-08T07:58:03","slug":"education-prioritaire-participez-a-lenquete-de-lozp","status":"publish","type":"post","link":"https:\/\/snuipp86.fr\/index.php\/2021\/06\/08\/education-prioritaire-participez-a-lenquete-de-lozp\/","title":{"rendered":"Education Prioritaire : Participez \u00e0 l\u2019enqu\u00eate de l\u2019OZP !"},"content":{"rendered":"<div class=\"\" dir=\"auto\">\n<div id=\"jsc_c_aa\" class=\"ecm0bbzt hv4rvrfc ihqw7lf3 dati1w0a\" data-ad-comet-preview=\"message\" data-ad-preview=\"message\">\n<div class=\"j83agx80 cbu4d94t ew0dbk1b irj2b8pg\">\n<div class=\"qzhwtbm6 knvmm38d\">\n<div class=\"o9v6fnle cxmmr5t8 oygrvhab hcukyx3x c1et5uql ii04i59q\">\n<div dir=\"auto\">L\u2019association \u00ab Observatoire des Zones Prioritaires \u00bb (OZP), cr\u00e9\u00e9e en 1990, a pour objectif de favoriser l\u2019information, la r\u00e9flexion et les \u00e9changes sur l\u2019\u00e9ducation prioritaire (REP+ et REP).<\/div>\n<div dir=\"auto\"><\/div>\n<\/div>\n<div class=\"o9v6fnle cxmmr5t8 oygrvhab hcukyx3x c1et5uql ii04i59q\">\n<div dir=\"auto\">L\u2019OZP analyse les \u00e9volutions de l\u2019\u00e9ducation prioritaire, notamment en consultant ses premier-es acteurs-trices : les personnels qui travaillent dans ces zones. L\u2019OZP et la FSU ont souvent produit des enqu\u00eates compl\u00e9mentaires, ou travailler ensemble comme dans quelques \u00e9tats G\u00e9n\u00e9raux de l\u2019Education Prioritaire.<\/div>\n<div dir=\"auto\"><\/div>\n<\/div>\n<div class=\"o9v6fnle cxmmr5t8 oygrvhab hcukyx3x c1et5uql ii04i59q\">\n<div dir=\"auto\">Cette fois, l\u2019OZP ouvre un chantier concernant la formation des personnels exer\u00e7ant en \u00e9ducation prioritaire. Il souhaite faire le point sur la situation actuelle et pouvoir faire des propositions pour l\u2019avenir, pour le jour o\u00f9 s\u2019ouvriront des perspectives nouvelles pour l\u2019\u00e9ducation.<\/div>\n<div dir=\"auto\"><\/div>\n<\/div>\n<div class=\"o9v6fnle cxmmr5t8 oygrvhab hcukyx3x c1et5uql ii04i59q\">\n<div dir=\"auto\"><span style=\"color: #ff0000;\"><strong>Le SNUipp-FSU 86 vous incite \u00e0 r\u00e9pondre avant le 15 juin 2021 via le lien suivant<\/strong> <\/span>: <a class=\"oajrlxb2 g5ia77u1 qu0x051f esr5mh6w e9989ue4 r7d6kgcz rq0escxv nhd2j8a9 nc684nl6 p7hjln8o kvgmc6g5 cxmmr5t8 oygrvhab hcukyx3x jb3vyjys rz4wbd8a qt6c0cv9 a8nywdso i1ao9s8h esuyzwwr f1sip0of lzcic4wl py34i1dx gpro0wi8\" tabindex=\"0\" role=\"link\" href=\"https:\/\/bit.ly\/OZP-formation?fbclid=IwAR07Q1K72mWTViOIbioYh5yO_Gwyq2ObJUZTPSSsvc97SnksuswXD_ZlD9g\" target=\"_blank\" rel=\"nofollow noopener\">http:\/\/bit.ly\/OZP-formation<\/a> pour donner votre avis sur cette question d\u00e9cisive pour la r\u00e9ussite de tou-tes.<\/div>\n<\/div>\n<\/div>\n<\/div>\n<\/div>\n<\/div>\n","protected":false},"excerpt":{"rendered":"<p>L\u2019association \u00ab Observatoire des Zones Prioritaires \u00bb (OZP), cr\u00e9\u00e9e en 1990, a pour objectif de favoriser l\u2019information, la r\u00e9flexion et les \u00e9changes sur l\u2019\u00e9ducation prioritaire (REP+ et REP). L\u2019OZP analyse les \u00e9volutions de l\u2019\u00e9ducation prioritaire, notamment en consultant ses premier-es acteurs-trices : les personnels qui travaillent dans ces zones. L\u2019OZP et la FSU ont souvent produit [&hellip;]<\/p>\n","protected":false},"author":4,"featured_media":20722,"comment_status":"closed","ping_status":"closed","sticky":false,"template":"","format":"standard","meta":{"footnotes":""},"categories":[14],"tags":[6],"class_list":["post-20721","post","type-post","status-publish","format-standard","has-post-thumbnail","hentry","category-a-la-une","tag-formation"],"yoast_head":"<!-- This site is optimized with the Yoast SEO plugin v26.6 - https:\/\/yoast.com\/wordpress\/plugins\/seo\/ -->\n<title>Education Prioritaire : Participez \u00e0 l\u2019enqu\u00eate de l\u2019OZP ! - FSU-SNUipp 86<\/title>\n<meta name=\"robots\" content=\"index, follow, max-snippet:-1, max-image-preview:large, max-video-preview:-1\" \/>\n<link rel=\"canonical\" href=\"https:\/\/snuipp86.fr\/index.php\/2021\/06\/08\/education-prioritaire-participez-a-lenquete-de-lozp\/\" \/>\n<meta property=\"og:locale\" content=\"fr_FR\" \/>\n<meta property=\"og:type\" content=\"article\" \/>\n<meta property=\"og:title\" content=\"Education Prioritaire : Participez \u00e0 l\u2019enqu\u00eate de l\u2019OZP ! - FSU-SNUipp 86\" \/>\n<meta property=\"og:description\" content=\"L\u2019association \u00ab Observatoire des Zones Prioritaires \u00bb (OZP), cr\u00e9\u00e9e en 1990, a pour objectif de favoriser l\u2019information, la r\u00e9flexion et les \u00e9changes sur l\u2019\u00e9ducation prioritaire (REP+ et REP). L\u2019OZP analyse les \u00e9volutions de l\u2019\u00e9ducation prioritaire, notamment en consultant ses premier-es acteurs-trices : les personnels qui travaillent dans ces zones. L\u2019OZP et la FSU ont souvent produit [&hellip;]\" \/>\n<meta property=\"og:url\" content=\"https:\/\/snuipp86.fr\/index.php\/2021\/06\/08\/education-prioritaire-participez-a-lenquete-de-lozp\/\" \/>\n<meta property=\"og:site_name\" content=\"FSU-SNUipp 86\" \/>\n<meta property=\"article:published_time\" content=\"2021-06-08T07:42:38+00:00\" \/>\n<meta property=\"article:modified_time\" content=\"2021-06-08T07:58:03+00:00\" \/>\n<meta property=\"og:image\" content=\"https:\/\/snuipp86.fr\/wp-content\/uploads\/2021\/06\/educprio3.jpg\" \/>\n\t<meta property=\"og:image:width\" content=\"100\" \/>\n\t<meta property=\"og:image:height\" content=\"87\" \/>\n\t<meta property=\"og:image:type\" content=\"image\/jpeg\" \/>\n<meta name=\"author\" content=\"Matthieu Menaut\" \/>\n<meta name=\"twitter:card\" content=\"summary_large_image\" \/>\n<meta name=\"twitter:label1\" content=\"\u00c9crit par\" \/>\n\t<meta name=\"twitter:data1\" content=\"Matthieu Menaut\" \/>\n\t<meta name=\"twitter:label2\" content=\"Dur\u00e9e de lecture estim\u00e9e\" \/>\n\t<meta name=\"twitter:data2\" content=\"1 minute\" \/>\n<script type=\"application\/ld+json\" class=\"yoast-schema-graph\">{\"@context\":\"https:\/\/schema.org\",\"@graph\":[{\"@type\":\"WebPage\",\"@id\":\"https:\/\/snuipp86.fr\/index.php\/2021\/06\/08\/education-prioritaire-participez-a-lenquete-de-lozp\/\",\"url\":\"https:\/\/snuipp86.fr\/index.php\/2021\/06\/08\/education-prioritaire-participez-a-lenquete-de-lozp\/\",\"name\":\"Education Prioritaire : Participez \u00e0 l\u2019enqu\u00eate de l\u2019OZP ! - FSU-SNUipp 86\",\"isPartOf\":{\"@id\":\"https:\/\/snuipp86.fr\/#website\"},\"primaryImageOfPage\":{\"@id\":\"https:\/\/snuipp86.fr\/index.php\/2021\/06\/08\/education-prioritaire-participez-a-lenquete-de-lozp\/#primaryimage\"},\"image\":{\"@id\":\"https:\/\/snuipp86.fr\/index.php\/2021\/06\/08\/education-prioritaire-participez-a-lenquete-de-lozp\/#primaryimage\"},\"thumbnailUrl\":\"https:\/\/snuipp86.fr\/wp-content\/uploads\/2021\/06\/educprio3.jpg\",\"datePublished\":\"2021-06-08T07:42:38+00:00\",\"dateModified\":\"2021-06-08T07:58:03+00:00\",\"author\":{\"@id\":\"https:\/\/snuipp86.fr\/#\/schema\/person\/5a96b33672b90a1385fd0b096fd5ebcb\"},\"breadcrumb\":{\"@id\":\"https:\/\/snuipp86.fr\/index.php\/2021\/06\/08\/education-prioritaire-participez-a-lenquete-de-lozp\/#breadcrumb\"},\"inLanguage\":\"fr-FR\",\"potentialAction\":[{\"@type\":\"ReadAction\",\"target\":[\"https:\/\/snuipp86.fr\/index.php\/2021\/06\/08\/education-prioritaire-participez-a-lenquete-de-lozp\/\"]}]},{\"@type\":\"ImageObject\",\"inLanguage\":\"fr-FR\",\"@id\":\"https:\/\/snuipp86.fr\/index.php\/2021\/06\/08\/education-prioritaire-participez-a-lenquete-de-lozp\/#primaryimage\",\"url\":\"https:\/\/snuipp86.fr\/wp-content\/uploads\/2021\/06\/educprio3.jpg\",\"contentUrl\":\"https:\/\/snuipp86.fr\/wp-content\/uploads\/2021\/06\/educprio3.jpg\",\"width\":100,\"height\":87},{\"@type\":\"BreadcrumbList\",\"@id\":\"https:\/\/snuipp86.fr\/index.php\/2021\/06\/08\/education-prioritaire-participez-a-lenquete-de-lozp\/#breadcrumb\",\"itemListElement\":[{\"@type\":\"ListItem\",\"position\":1,\"name\":\"Accueil\",\"item\":\"https:\/\/snuipp86.fr\/\"},{\"@type\":\"ListItem\",\"position\":2,\"name\":\"Education Prioritaire : Participez \u00e0 l\u2019enqu\u00eate de l\u2019OZP !\"}]},{\"@type\":\"WebSite\",\"@id\":\"https:\/\/snuipp86.fr\/#website\",\"url\":\"https:\/\/snuipp86.fr\/\",\"name\":\"FSU-SNUipp 86\",\"description\":\"Des id\u00e9es qui font l&#039;\u00e9cole\",\"potentialAction\":[{\"@type\":\"SearchAction\",\"target\":{\"@type\":\"EntryPoint\",\"urlTemplate\":\"https:\/\/snuipp86.fr\/?s={search_term_string}\"},\"query-input\":{\"@type\":\"PropertyValueSpecification\",\"valueRequired\":true,\"valueName\":\"search_term_string\"}}],\"inLanguage\":\"fr-FR\"},{\"@type\":\"Person\",\"@id\":\"https:\/\/snuipp86.fr\/#\/schema\/person\/5a96b33672b90a1385fd0b096fd5ebcb\",\"name\":\"Matthieu Menaut\",\"image\":{\"@type\":\"ImageObject\",\"inLanguage\":\"fr-FR\",\"@id\":\"https:\/\/snuipp86.fr\/#\/schema\/person\/image\/\",\"url\":\"https:\/\/secure.gravatar.com\/avatar\/03e70f897b03256ddca91d16c3e33a876c31abbf1b31cb48e60e770f684a04d1?s=96&d=mm&r=g\",\"contentUrl\":\"https:\/\/secure.gravatar.com\/avatar\/03e70f897b03256ddca91d16c3e33a876c31abbf1b31cb48e60e770f684a04d1?s=96&d=mm&r=g\",\"caption\":\"Matthieu Menaut\"},\"url\":\"https:\/\/snuipp86.fr\/index.php\/author\/mmenaut\/\"}]}<\/script>\n<!-- \/ Yoast SEO plugin. -->","yoast_head_json":{"title":"Education Prioritaire : Participez \u00e0 l\u2019enqu\u00eate de l\u2019OZP ! - FSU-SNUipp 86","robots":{"index":"index","follow":"follow","max-snippet":"max-snippet:-1","max-image-preview":"max-image-preview:large","max-video-preview":"max-video-preview:-1"},"canonical":"https:\/\/snuipp86.fr\/index.php\/2021\/06\/08\/education-prioritaire-participez-a-lenquete-de-lozp\/","og_locale":"fr_FR","og_type":"article","og_title":"Education Prioritaire : Participez \u00e0 l\u2019enqu\u00eate de l\u2019OZP ! - FSU-SNUipp 86","og_description":"L\u2019association \u00ab Observatoire des Zones Prioritaires \u00bb (OZP), cr\u00e9\u00e9e en 1990, a pour objectif de favoriser l\u2019information, la r\u00e9flexion et les \u00e9changes sur l\u2019\u00e9ducation prioritaire (REP+ et REP). L\u2019OZP analyse les \u00e9volutions de l\u2019\u00e9ducation prioritaire, notamment en consultant ses premier-es acteurs-trices : les personnels qui travaillent dans ces zones. L\u2019OZP et la FSU ont souvent produit [&hellip;]","og_url":"https:\/\/snuipp86.fr\/index.php\/2021\/06\/08\/education-prioritaire-participez-a-lenquete-de-lozp\/","og_site_name":"FSU-SNUipp 86","article_published_time":"2021-06-08T07:42:38+00:00","article_modified_time":"2021-06-08T07:58:03+00:00","og_image":[{"width":100,"height":87,"url":"https:\/\/snuipp86.fr\/wp-content\/uploads\/2021\/06\/educprio3.jpg","type":"image\/jpeg"}],"author":"Matthieu Menaut","twitter_card":"summary_large_image","twitter_misc":{"\u00c9crit par":"Matthieu Menaut","Dur\u00e9e de lecture estim\u00e9e":"1 minute"},"schema":{"@context":"https:\/\/schema.org","@graph":[{"@type":"WebPage","@id":"https:\/\/snuipp86.fr\/index.php\/2021\/06\/08\/education-prioritaire-participez-a-lenquete-de-lozp\/","url":"https:\/\/snuipp86.fr\/index.php\/2021\/06\/08\/education-prioritaire-participez-a-lenquete-de-lozp\/","name":"Education Prioritaire : Participez \u00e0 l\u2019enqu\u00eate de l\u2019OZP ! - FSU-SNUipp 86","isPartOf":{"@id":"https:\/\/snuipp86.fr\/#website"},"primaryImageOfPage":{"@id":"https:\/\/snuipp86.fr\/index.php\/2021\/06\/08\/education-prioritaire-participez-a-lenquete-de-lozp\/#primaryimage"},"image":{"@id":"https:\/\/snuipp86.fr\/index.php\/2021\/06\/08\/education-prioritaire-participez-a-lenquete-de-lozp\/#primaryimage"},"thumbnailUrl":"https:\/\/snuipp86.fr\/wp-content\/uploads\/2021\/06\/educprio3.jpg","datePublished":"2021-06-08T07:42:38+00:00","dateModified":"2021-06-08T07:58:03+00:00","author":{"@id":"https:\/\/snuipp86.fr\/#\/schema\/person\/5a96b33672b90a1385fd0b096fd5ebcb"},"breadcrumb":{"@id":"https:\/\/snuipp86.fr\/index.php\/2021\/06\/08\/education-prioritaire-participez-a-lenquete-de-lozp\/#breadcrumb"},"inLanguage":"fr-FR","potentialAction":[{"@type":"ReadAction","target":["https:\/\/snuipp86.fr\/index.php\/2021\/06\/08\/education-prioritaire-participez-a-lenquete-de-lozp\/"]}]},{"@type":"ImageObject","inLanguage":"fr-FR","@id":"https:\/\/snuipp86.fr\/index.php\/2021\/06\/08\/education-prioritaire-participez-a-lenquete-de-lozp\/#primaryimage","url":"https:\/\/snuipp86.fr\/wp-content\/uploads\/2021\/06\/educprio3.jpg","contentUrl":"https:\/\/snuipp86.fr\/wp-content\/uploads\/2021\/06\/educprio3.jpg","width":100,"height":87},{"@type":"BreadcrumbList","@id":"https:\/\/snuipp86.fr\/index.php\/2021\/06\/08\/education-prioritaire-participez-a-lenquete-de-lozp\/#breadcrumb","itemListElement":[{"@type":"ListItem","position":1,"name":"Accueil","item":"https:\/\/snuipp86.fr\/"},{"@type":"ListItem","position":2,"name":"Education Prioritaire : Participez \u00e0 l\u2019enqu\u00eate de l\u2019OZP !"}]},{"@type":"WebSite","@id":"https:\/\/snuipp86.fr\/#website","url":"https:\/\/snuipp86.fr\/","name":"FSU-SNUipp 86","description":"Des id\u00e9es qui font l&#039;\u00e9cole","potentialAction":[{"@type":"SearchAction","target":{"@type":"EntryPoint","urlTemplate":"https:\/\/snuipp86.fr\/?s={search_term_string}"},"query-input":{"@type":"PropertyValueSpecification","valueRequired":true,"valueName":"search_term_string"}}],"inLanguage":"fr-FR"},{"@type":"Person","@id":"https:\/\/snuipp86.fr\/#\/schema\/person\/5a96b33672b90a1385fd0b096fd5ebcb","name":"Matthieu Menaut","image":{"@type":"ImageObject","inLanguage":"fr-FR","@id":"https:\/\/snuipp86.fr\/#\/schema\/person\/image\/","url":"https:\/\/secure.gravatar.com\/avatar\/03e70f897b03256ddca91d16c3e33a876c31abbf1b31cb48e60e770f684a04d1?s=96&d=mm&r=g","contentUrl":"https:\/\/secure.gravatar.com\/avatar\/03e70f897b03256ddca91d16c3e33a876c31abbf1b31cb48e60e770f684a04d1?s=96&d=mm&r=g","caption":"Matthieu Menaut"},"url":"https:\/\/snuipp86.fr\/index.php\/author\/mmenaut\/"}]}},"_links":{"self":[{"href":"https:\/\/snuipp86.fr\/index.php\/wp-json\/wp\/v2\/posts\/20721","targetHints":{"allow":["GET"]}}],"collection":[{"href":"https:\/\/snuipp86.fr\/index.php\/wp-json\/wp\/v2\/posts"}],"about":[{"href":"https:\/\/snuipp86.fr\/index.php\/wp-json\/wp\/v2\/types\/post"}],"author":[{"embeddable":true,"href":"https:\/\/snuipp86.fr\/index.php\/wp-json\/wp\/v2\/users\/4"}],"replies":[{"embeddable":true,"href":"https:\/\/snuipp86.fr\/index.php\/wp-json\/wp\/v2\/comments?post=20721"}],"version-history":[{"count":0,"href":"https:\/\/snuipp86.fr\/index.php\/wp-json\/wp\/v2\/posts\/20721\/revisions"}],"wp:featuredmedia":[{"embeddable":true,"href":"https:\/\/snuipp86.fr\/index.php\/wp-json\/wp\/v2\/media\/20722"}],"wp:attachment":[{"href":"https:\/\/snuipp86.fr\/index.php\/wp-json\/wp\/v2\/media?parent=20721"}],"wp:term":[{"taxonomy":"category","embeddable":true,"href":"https:\/\/snuipp86.fr\/index.php\/wp-json\/wp\/v2\/categories?post=20721"},{"taxonomy":"post_tag","embeddable":true,"href":"https:\/\/snuipp86.fr\/index.php\/wp-json\/wp\/v2\/tags?post=20721"}],"curies":[{"name":"wp","href":"https:\/\/api.w.org\/{rel}","templated":true}]}}