{"id":208,"date":"2018-02-04T09:26:52","date_gmt":"2018-02-04T09:26:52","guid":{"rendered":"http:\/\/localhost\/wordpress\/2018\/02\/04\/rmunration-et-salaire-ce-qui-change-au-1er-janvier-2018\/"},"modified":"2018-02-04T09:26:52","modified_gmt":"2018-02-04T09:26:52","slug":"rmunration-et-salaire-ce-qui-change-au-1er-janvier-2018","status":"publish","type":"post","link":"https:\/\/snuipp86.fr\/index.php\/2018\/02\/04\/rmunration-et-salaire-ce-qui-change-au-1er-janvier-2018\/","title":{"rendered":"R\u00e9mun\u00e9ration et salaire : ce qui change au 1er janvier 2018"},"content":{"rendered":"<p><img decoding=\"async\" src=\"https:\/\/snuipp86.fr\/wp-content\/spip\/IMG\/arton3716.jpg\" alt=\"\" align=\"right\" width=\"600\" height=\"422\" class=\"spip_logos\" \/><\/p>\n<div class='rss_texte'>\n<p class=\"spip\">Les pages du \u00ab kisaitou \u00bb concernant la grille des salaires et les contributions sociales ont \u00e9t\u00e9 mises \u00e0 jour et sont consultables aux liens suivants :<\/p>\n<p class=\"spip\">El\u00e9ments du salaire : <a href=\"https:\/\/kisaitou.snuipp.fr\/Feuille-de-paie-2760696\" class=\"spip_out\">https:\/\/kisaitou.snuipp.fr\/Feuille-de-paie-2760696<\/a><\/p>\n<p class=\"spip\">Grille des salaires <a href=\"https:\/\/kisaitou.snuipp.fr\/Grille-de-traitement-3077326\" class=\"spip_out\">https:\/\/kisaitou.snuipp.fr\/Grille-de-traitement-3077326<\/a><\/p>\n<p class=\"spip\">Cotisation : <a href=\"https:\/\/kisaitou.snuipp.fr\/Cotisations-1008760\" class=\"spip_out\">https:\/\/kisaitou.snuipp.fr\/Cotisations-1008760<\/a><\/p>\n<p class=\"spip\">Ce qui change :<br \/>\n<br \/><img decoding=\"async\" src=\"https:\/\/snuipp86.fr\/wp-content\/spip\/cache-vignettes\/L8xH11\/puce-68c92.gif\" width='8' height='11' alt=\"-\" style='height:11px;width:8px;' class='' \/> <strong class=\"spip\">Le taux de cotisation \u00ab pension civile \u00bb passe de 10,29% \u00e0 10,56 %<\/strong> ce qui repr\u00e9sente de 4 \u00e0 10 \u20ac de cotisation suppl\u00e9mentaire par mois (soit autant de salaire net en moins !).<br \/>\n<br \/><img decoding=\"async\" src=\"https:\/\/snuipp86.fr\/wp-content\/spip\/cache-vignettes\/L8xH11\/puce-68c92.gif\" width='8' height='11' alt=\"-\" style='height:11px;width:8px;' class='' \/> <strong class=\"spip\">L&rsquo;augmentation de la CSG de 1,7 point<\/strong> qui est compens\u00e9e par :<\/p>\n<ul class=\"spip\">\n<li class=\"spip\">\tla suppression de la \u00ab cotisation exceptionnelle de solidarit\u00e9 \u00bb (initialement d\u00e9volue au ch\u00f4mage) elle \u00e9tait de 1%,<\/li>\n<li class=\"spip\">\tla mise en place d&rsquo;une \u00ab indemnit\u00e9 compensatrice de la hausse de la CSG \u00bb.<\/li>\n<\/ul>\n<h3 class=\"spip\" id=\"outil_sommaire_0\"><a title=\"Sommaire\" href=\"http:\/\/86.snuipp.fr\/spip.php?page=backend&#038;id_rubrique=#outil_sommaire\" class=\"sommaire_ancre\"> <\/a><strong class=\"spip\">Principe de l&rsquo;indemnit\u00e9 de compensation<\/strong><\/h3>\n<p class=\"spip\">Cette indemnit\u00e9 ajout\u00e9e \u00e0 la suppression de la cotisation exceptionnelle de solidarit\u00e9 doit neutraliser les effets de la hausse de 1,7 point de la CSG au 1er janvier 2018. Cette indemnit\u00e9 de compensation sera calcul\u00e9e au 1er janvier 2018 et pourra faire l&rsquo;objet d&rsquo;un ajustement au 1er janvier 2019 sous r\u00e9serve qu&rsquo;elle soit plus favorable \u00e0 l&rsquo;agent. Pass\u00e9e cette date, le montant sera immuable quelle que soit l&rsquo;\u00e9volution de carri\u00e8re de l&rsquo;agent.<\/p>\n<h3 class=\"spip\" id=\"outil_sommaire_1\"><a title=\"Sommaire\" href=\"http:\/\/86.snuipp.fr\/spip.php?page=backend&#038;id_rubrique=#outil_sommaire\" class=\"sommaire_ancre\"> <\/a><strong class=\"spip\">Mode de calcul de l&rsquo;indemnit\u00e9 de compensation<\/strong><\/h3>\n<p class=\"spip\"><img decoding=\"async\" src=\"https:\/\/snuipp86.fr\/wp-content\/spip\/cache-vignettes\/L8xH11\/puce-68c92.gif\" width='8' height='11' alt=\"-\" style='height:11px;width:8px;' class='' \/> <strong class=\"spip\">pour les agents publics r\u00e9mun\u00e9r\u00e9s au 31 d\u00e9cembre 2017<\/strong>,<\/p>\n<ul class=\"spip\">\n<li class=\"spip\">\t<strong class=\"spip\">[(R.B.A. 2017 x 1.7 x 98.25%)-(R.B.A 2017 x 1%)] x 1.1053<\/strong><\/li>\n<li class=\"spip\">\tR.B.A. 2017 : R\u00e9mun\u00e9ration Brute Annuelle per\u00e7ue en 2017<\/li>\n<li class=\"spip\">\t1,7% : augmentation de la CSG<\/li>\n<li class=\"spip\">\t98,25% : assiette de calcul de la CSG<\/li>\n<li class=\"spip\">\t1% : valeur de la contribution exceptionnelle de solidarit\u00e9<\/li>\n<li class=\"spip\">\t1,1053 : valeur obtenue par la formule suivante 1\/(1-9.7% x 98.25%). <\/li>\n<\/ul>\n<p class=\"spip\">Ce coefficient vise \u00e0 neutraliser les cotisations acquitt\u00e9es au titre de la CSG et de la CRDS sur l\u2018indemnit\u00e9 compensatrice.<\/p>\n<p class=\"spip\"><img decoding=\"async\" src=\"https:\/\/snuipp86.fr\/wp-content\/spip\/cache-vignettes\/L8xH11\/puce-68c92.gif\" width='8' height='11' alt=\"-\" style='height:11px;width:8px;' class='' \/> <strong class=\"spip\">Pour les agents publics recrut\u00e9s, nomm\u00e9s ou r\u00e9int\u00e9gr\u00e9s \u00e0 compter du 1er janvier 2018<\/strong>,<\/p>\n<ul class=\"spip\">\n<li class=\"spip\">\tle montant de l&rsquo;indemnit\u00e9 de compensation mensuelle est \u00e9gal \u00e0 0,76 % la r\u00e9mun\u00e9ration brute mensuelle li\u00e9e \u00e0 l&rsquo;activit\u00e9 principale touch\u00e9e lors de leur nomination ou de leur r\u00e9int\u00e9gration. Ils ne sont pas redevables de la contribution exceptionnelle de solidarit\u00e9, celle-ci ayant \u00e9t\u00e9 supprim\u00e9e.<\/li>\n<\/ul>\n<p class=\"spip\">Pour les agents qui n&rsquo;ont pas \u00e9t\u00e9 r\u00e9mun\u00e9r\u00e9s sur toute l&rsquo;ann\u00e9e (PES par exemple) la r\u00e9mun\u00e9ration brute annuelle est calcul\u00e9e en rapport aux r\u00e9mun\u00e9rations per\u00e7ues en ann\u00e9e pleine. Exemple : un.e PES recrut\u00e9.e au 1er septembre 2017 a \u00e9t\u00e9 r\u00e9mun\u00e9r\u00e9.e 4 mois, la r\u00e9mun\u00e9ration per\u00e7ue totale sera divis\u00e9e par 4 et multipli\u00e9e par 12.<\/p>\n<p class=\"spip\"><strong class=\"spip\">Situations particuli\u00e8res<\/strong><\/p>\n<p class=\"spip\">L&rsquo;indemnit\u00e9 compensatrice est proportionnelle \u00e0 l&rsquo;\u00e9volution de la r\u00e9mun\u00e9ration dans les cas suivants :<\/p>\n<ul class=\"spip\">\n<li class=\"spip\">\tmodification de la quotit\u00e9 de travail, \u00e0 la hausse ou \u00e0 la baisse, <\/li>\n<li class=\"spip\">\tcong\u00e9s pour raison de sant\u00e9 (passage \u00e0 demi traitement en cong\u00e9 maladie ordinaire, CLD et CLM), cong\u00e9 parental, disponibilit\u00e9, \u2026<\/li>\n<li class=\"spip\">\treprise \u00e0 plein traitement suite \u00e0 un cong\u00e9 pour raison de sant\u00e9, cong\u00e9 parental, disponibilit\u00e9, \u2026 ayant entrain\u00e9 une baisse de r\u00e9mun\u00e9ration.<\/li>\n<\/ul>\n<p class=\"spip\">Cette \u00e9volution prend effet \u00e0 la date de l&rsquo;\u00e9v\u00e8nement ayant provoqu\u00e9 une baisse ou une hausse de la r\u00e9mun\u00e9ration.<\/p>\n<p class=\"spip\"><strong class=\"spip\">Analyse du SNUipp-FSU<\/strong><\/p>\n<p class=\"spip\">La compensation de la hausse de 1,7 point de la CSG va s&rsquo;\u00e9roder dans le temps. En effet, si la suppression de la contribution exceptionnelle de solidarit\u00e9 est exprim\u00e9e en pourcentage, l&rsquo;indemnit\u00e9 compensatrice sera \u00e0 compter du 1er janvier 2019 une valeur fixe qui n&rsquo;\u00e9voluera pas dans le temps.<\/p>\n<p class=\"spip\"><strong class=\"spip\">Exemples :<\/strong><\/p>\n<p class=\"spip\">&#8211;<\/p>\n<h3 class=\"spip\" id=\"outil_sommaire_2\"><a title=\"Sommaire\" href=\"http:\/\/86.snuipp.fr\/spip.php?page=backend&#038;id_rubrique=#outil_sommaire\" class=\"sommaire_ancre\"> <\/a>Impact de cette mesure sur le d\u00e9roulement de carri\u00e8re d&rsquo;un.e PE aujourd&rsquo;hui au 3\u00e8me \u00e9chelon de la classe normale<\/h3>\n<table class=\"spip\">\n<tbody>\n<tr class=\"row_even\">\n<td> <\/td>\n<td> 3\u00e8me \u00e9ch. au 1\/01\/18 <\/td>\n<td>\t9\u00e8me \u00e9ch. <\/td>\n<td>\tHC 4 \u00e8me \u00e9ch.<\/td>\n<td>\tCl. Exc. 3\u00e8me \u00e9ch. <\/td>\n<\/tr>\n<tr class=\"row_odd\">\n<td> Hausse CSG : <\/td>\n<td>\t35,05 \u20ac\t<\/td>\n<td> 46,04 \u20ac <\/td>\n<td>\t56,16 \u20ac <\/td>\n<td>\t61,74 \u20ac <\/td>\n<\/tr>\n<tr class=\"row_even\">\n<td> Compensation suppression de la cotisation de solidarit\u00e9 : <\/td>\n<td>\t20,62 \u20ac <\/td>\n<td>\t27,09 \u20ac <\/td>\n<td>\t33,04 \u20ac <\/td>\n<td>\t36,32 \u20ac <\/td>\n<\/tr>\n<tr class=\"row_odd\">\n<td> Indemnit\u00e9 Compensatoire (fixe) : <\/td>\n<td>\t13,79 \u20ac <\/td>\n<td>\t13,79 \u20ac <\/td>\n<td>\t13,79 \u20ac <\/td>\n<td>\t13,79 \u20ac <\/td>\n<\/tr>\n<tr class=\"row_even\">\n<td> Compensation totale : <\/td>\n<td>\t34,41 \u20ac <\/td>\n<td>\t40,88 \u20ac <\/td>\n<td>\t46,83 \u20ac <\/td>\n<td>\t50,11 \u20ac <\/td>\n<\/tr>\n<tr class=\"row_odd\">\n<td> Dif. mensuelle (pertes) entre la hausse CSG et compensation totale : <\/td>\n<td> 0,64 \u20ac <\/td>\n<td> 5,16 \u20ac <\/td>\n<td> 9,33 \u20ac <\/td>\n<td> 11,63 \u20ac <\/td>\n<\/tr>\n<\/tbody>\n<\/table>\n<p class=\"spip\"><img decoding=\"async\" src=\"https:\/\/snuipp86.fr\/wp-content\/spip\/cache-vignettes\/L8xH11\/puce-68c92.gif\" width='8' height='11' alt=\"-\" style='height:11px;width:8px;' class='' \/> <\/p>\n<h3 class=\"spip\" id=\"outil_sommaire_3\"><a title=\"Sommaire\" href=\"http:\/\/86.snuipp.fr\/spip.php?page=backend&#038;id_rubrique=#outil_sommaire\" class=\"sommaire_ancre\"> <\/a>Impact de cette mesure sur le d\u00e9roulement de carri\u00e8re d&rsquo;un.e PE aujourd&rsquo;hui au 8\u00e8me \u00e9chelon de la classe normale<\/h3>\n<table class=\"spip\">\n<tbody>\n<tr class=\"row_even\">\n<td> <\/td>\n<td> 8\u00e8me \u00e9ch. au 1\/01\/18 <\/td>\n<td>\t11\u00e8me \u00e9ch. <\/td>\n<td>\tHC 4 \u00e8me \u00e9ch. <\/td>\n<td>\tCl. Exc. 3\u00e8me \u00e9ch. <\/td>\n<\/tr>\n<tr class=\"row_odd\">\n<td> Hausse CSG : <\/td>\n<td>\t43,18 \u20ac\t<\/td>\n<td> 52,90 \u20ac <\/td>\n<td>\t56,16 \u20ac <\/td>\n<td>\t61,74 \u20ac <\/td>\n<\/tr>\n<tr class=\"row_even\">\n<td> Compensation suppression de la cotisation de solidarit\u00e9 :\t<\/td>\n<td> 25,40 \u20ac\t<\/td>\n<td> 31,12 \u20ac <\/td>\n<td>\t33,04 \u20ac <\/td>\n<td>\t36,32 \u20ac <\/td>\n<\/tr>\n<tr class=\"row_odd\">\n<td> Indemnit\u00e9 Compensatoire (fixe) :\t<\/td>\n<td> 16,99 \u20ac <\/td>\n<td>\t16,99 \u20ac\t<\/td>\n<td> 16,99 \u20ac\t<\/td>\n<td> 16,99 \u20ac <\/td>\n<\/tr>\n<tr class=\"row_even\">\n<td> Compensation totale : <\/td>\n<td>\t42,39 \u20ac\t<\/td>\n<td> 48,10 \u20ac\t<\/td>\n<td> 50,03 \u20ac\t<\/td>\n<td> 53,31 \u20ac <\/td>\n<\/tr>\n<tr class=\"row_odd\">\n<td> Dif. mensuelle (pertes) entre la hausse CSG et compensation totale : <\/td>\n<td>\t0,79 \u20ac <\/td>\n<td>\t4,80 \u20ac <\/td>\n<td>\t6,13 \u20ac <\/td>\n<td>\t8,43 \u20ac <\/td>\n<\/tr>\n<\/tbody>\n<\/table><\/div>\n","protected":false},"excerpt":{"rendered":"<p>Les pages du \u00ab kisaitou \u00bb concernant la grille des salaires et les contributions sociales ont \u00e9t\u00e9 mises \u00e0 jour et sont consultables aux liens suivants : <br \/>El\u00e9ments du salaire : https:\/\/kisaitou.snuipp.fr\/Feuille-de-paie-2760696 <br \/>Grille des salaires https:\/\/kisaitou.snuipp.fr\/Grille-de-traitement-3077326 <br \/>Cotisation : https:\/\/kisaitou.snuipp.fr\/Cotisations-1008760 <br \/>Ce qui change : <br \/>Le taux de cotisation \u00ab pension civile \u00bb passe de 10,29% \u00e0 10,56 % ce qui repr\u00e9sente de 4 \u00e0 10 \u20ac de cotisation (&#8230;)<br \/>\n&#8211;<br \/>\n<a href=\"http:\/\/86.snuipp.fr\/spip.php?rubrique86\" rel=\"directory\">Salaires, Indices, Indemnit\u00e9s, Primes, GIPA<\/a><br \/>\n\/<br \/>\n<a href=\"http:\/\/86.snuipp.fr\/spip.php?mot286\" rel=\"tag\">Salaires, indemnit\u00e9s, primes .<\/a>,<br \/>\n<a href=\"http:\/\/86.snuipp.fr\/spip.php?mot310\" rel=\"tag\">Les r\u00e9formes<\/a><\/p>\n","protected":false},"author":1,"featured_media":0,"comment_status":"open","ping_status":"open","sticky":false,"template":"","format":"standard","meta":{"footnotes":""},"categories":[14],"tags":[],"class_list":["post-208","post","type-post","status-publish","format-standard","hentry","category-a-la-une"],"yoast_head":"<!-- This site is optimized with the Yoast SEO plugin v26.6 - https:\/\/yoast.com\/wordpress\/plugins\/seo\/ -->\n<title>R\u00e9mun\u00e9ration et salaire : ce qui change au 1er janvier 2018 - FSU-SNUipp 86<\/title>\n<meta name=\"robots\" content=\"index, follow, max-snippet:-1, max-image-preview:large, max-video-preview:-1\" \/>\n<link rel=\"canonical\" href=\"https:\/\/snuipp86.fr\/index.php\/2018\/02\/04\/rmunration-et-salaire-ce-qui-change-au-1er-janvier-2018\/\" \/>\n<meta property=\"og:locale\" content=\"fr_FR\" \/>\n<meta property=\"og:type\" content=\"article\" \/>\n<meta property=\"og:title\" content=\"R\u00e9mun\u00e9ration et salaire : ce qui change au 1er janvier 2018 - FSU-SNUipp 86\" \/>\n<meta property=\"og:description\" content=\"Les pages du \u00ab kisaitou \u00bb concernant la grille des salaires et les contributions sociales ont \u00e9t\u00e9 mises \u00e0 jour et sont consultables aux liens suivants : El\u00e9ments du salaire : https:\/\/kisaitou.snuipp.fr\/Feuille-de-paie-2760696 Grille des salaires https:\/\/kisaitou.snuipp.fr\/Grille-de-traitement-3077326 Cotisation : https:\/\/kisaitou.snuipp.fr\/Cotisations-1008760 Ce qui change : Le taux de cotisation \u00ab pension civile \u00bb passe de 10,29% \u00e0 10,56 % ce qui repr\u00e9sente de 4 \u00e0 10 \u20ac de cotisation (...) - Salaires, Indices, Indemnit\u00e9s, Primes, GIPA \/ Salaires, indemnit\u00e9s, primes ., Les r\u00e9formes\" \/>\n<meta property=\"og:url\" content=\"https:\/\/snuipp86.fr\/index.php\/2018\/02\/04\/rmunration-et-salaire-ce-qui-change-au-1er-janvier-2018\/\" \/>\n<meta property=\"og:site_name\" content=\"FSU-SNUipp 86\" \/>\n<meta property=\"article:published_time\" content=\"2018-02-04T09:26:52+00:00\" \/>\n<meta property=\"og:image\" content=\"http:\/\/snuipp86.fr\/wp-content\/spip\/IMG\/arton3716.jpg\" \/>\n<meta name=\"author\" content=\"WP86Admin\" \/>\n<meta name=\"twitter:card\" content=\"summary_large_image\" \/>\n<meta name=\"twitter:label1\" content=\"\u00c9crit par\" \/>\n\t<meta name=\"twitter:data1\" content=\"WP86Admin\" \/>\n\t<meta name=\"twitter:label2\" content=\"Dur\u00e9e de lecture estim\u00e9e\" \/>\n\t<meta name=\"twitter:data2\" content=\"3 minutes\" \/>\n<script type=\"application\/ld+json\" class=\"yoast-schema-graph\">{\"@context\":\"https:\/\/schema.org\",\"@graph\":[{\"@type\":\"WebPage\",\"@id\":\"https:\/\/snuipp86.fr\/index.php\/2018\/02\/04\/rmunration-et-salaire-ce-qui-change-au-1er-janvier-2018\/\",\"url\":\"https:\/\/snuipp86.fr\/index.php\/2018\/02\/04\/rmunration-et-salaire-ce-qui-change-au-1er-janvier-2018\/\",\"name\":\"R\u00e9mun\u00e9ration et salaire : ce qui change au 1er janvier 2018 - FSU-SNUipp 86\",\"isPartOf\":{\"@id\":\"https:\/\/snuipp86.fr\/#website\"},\"primaryImageOfPage\":{\"@id\":\"https:\/\/snuipp86.fr\/index.php\/2018\/02\/04\/rmunration-et-salaire-ce-qui-change-au-1er-janvier-2018\/#primaryimage\"},\"image\":{\"@id\":\"https:\/\/snuipp86.fr\/index.php\/2018\/02\/04\/rmunration-et-salaire-ce-qui-change-au-1er-janvier-2018\/#primaryimage\"},\"thumbnailUrl\":\"http:\/\/snuipp86.fr\/wp-content\/spip\/IMG\/arton3716.jpg\",\"datePublished\":\"2018-02-04T09:26:52+00:00\",\"author\":{\"@id\":\"https:\/\/snuipp86.fr\/#\/schema\/person\/901b28b9ae1c7a63a6a940102e52a7a2\"},\"breadcrumb\":{\"@id\":\"https:\/\/snuipp86.fr\/index.php\/2018\/02\/04\/rmunration-et-salaire-ce-qui-change-au-1er-janvier-2018\/#breadcrumb\"},\"inLanguage\":\"fr-FR\",\"potentialAction\":[{\"@type\":\"ReadAction\",\"target\":[\"https:\/\/snuipp86.fr\/index.php\/2018\/02\/04\/rmunration-et-salaire-ce-qui-change-au-1er-janvier-2018\/\"]}]},{\"@type\":\"ImageObject\",\"inLanguage\":\"fr-FR\",\"@id\":\"https:\/\/snuipp86.fr\/index.php\/2018\/02\/04\/rmunration-et-salaire-ce-qui-change-au-1er-janvier-2018\/#primaryimage\",\"url\":\"http:\/\/snuipp86.fr\/wp-content\/spip\/IMG\/arton3716.jpg\",\"contentUrl\":\"http:\/\/snuipp86.fr\/wp-content\/spip\/IMG\/arton3716.jpg\"},{\"@type\":\"BreadcrumbList\",\"@id\":\"https:\/\/snuipp86.fr\/index.php\/2018\/02\/04\/rmunration-et-salaire-ce-qui-change-au-1er-janvier-2018\/#breadcrumb\",\"itemListElement\":[{\"@type\":\"ListItem\",\"position\":1,\"name\":\"Accueil\",\"item\":\"https:\/\/snuipp86.fr\/\"},{\"@type\":\"ListItem\",\"position\":2,\"name\":\"R\u00e9mun\u00e9ration et salaire : ce qui change au 1er janvier 2018\"}]},{\"@type\":\"WebSite\",\"@id\":\"https:\/\/snuipp86.fr\/#website\",\"url\":\"https:\/\/snuipp86.fr\/\",\"name\":\"FSU-SNUipp 86\",\"description\":\"Des id\u00e9es qui font l&#039;\u00e9cole\",\"potentialAction\":[{\"@type\":\"SearchAction\",\"target\":{\"@type\":\"EntryPoint\",\"urlTemplate\":\"https:\/\/snuipp86.fr\/?s={search_term_string}\"},\"query-input\":{\"@type\":\"PropertyValueSpecification\",\"valueRequired\":true,\"valueName\":\"search_term_string\"}}],\"inLanguage\":\"fr-FR\"},{\"@type\":\"Person\",\"@id\":\"https:\/\/snuipp86.fr\/#\/schema\/person\/901b28b9ae1c7a63a6a940102e52a7a2\",\"name\":\"WP86Admin\",\"image\":{\"@type\":\"ImageObject\",\"inLanguage\":\"fr-FR\",\"@id\":\"https:\/\/snuipp86.fr\/#\/schema\/person\/image\/\",\"url\":\"https:\/\/secure.gravatar.com\/avatar\/0099845c7ec05dc10d777d8ab4f5142c5ba316283821af2459738ad469a37a1a?s=96&d=mm&r=g\",\"contentUrl\":\"https:\/\/secure.gravatar.com\/avatar\/0099845c7ec05dc10d777d8ab4f5142c5ba316283821af2459738ad469a37a1a?s=96&d=mm&r=g\",\"caption\":\"WP86Admin\"},\"url\":\"https:\/\/snuipp86.fr\/index.php\/author\/wp86admin\/\"}]}<\/script>\n<!-- \/ Yoast SEO plugin. -->","yoast_head_json":{"title":"R\u00e9mun\u00e9ration et salaire : ce qui change au 1er janvier 2018 - FSU-SNUipp 86","robots":{"index":"index","follow":"follow","max-snippet":"max-snippet:-1","max-image-preview":"max-image-preview:large","max-video-preview":"max-video-preview:-1"},"canonical":"https:\/\/snuipp86.fr\/index.php\/2018\/02\/04\/rmunration-et-salaire-ce-qui-change-au-1er-janvier-2018\/","og_locale":"fr_FR","og_type":"article","og_title":"R\u00e9mun\u00e9ration et salaire : ce qui change au 1er janvier 2018 - FSU-SNUipp 86","og_description":"Les pages du \u00ab kisaitou \u00bb concernant la grille des salaires et les contributions sociales ont \u00e9t\u00e9 mises \u00e0 jour et sont consultables aux liens suivants : El\u00e9ments du salaire : https:\/\/kisaitou.snuipp.fr\/Feuille-de-paie-2760696 Grille des salaires https:\/\/kisaitou.snuipp.fr\/Grille-de-traitement-3077326 Cotisation : https:\/\/kisaitou.snuipp.fr\/Cotisations-1008760 Ce qui change : Le taux de cotisation \u00ab pension civile \u00bb passe de 10,29% \u00e0 10,56 % ce qui repr\u00e9sente de 4 \u00e0 10 \u20ac de cotisation (...) - Salaires, Indices, Indemnit\u00e9s, Primes, GIPA \/ Salaires, indemnit\u00e9s, primes ., Les r\u00e9formes","og_url":"https:\/\/snuipp86.fr\/index.php\/2018\/02\/04\/rmunration-et-salaire-ce-qui-change-au-1er-janvier-2018\/","og_site_name":"FSU-SNUipp 86","article_published_time":"2018-02-04T09:26:52+00:00","og_image":[{"url":"http:\/\/snuipp86.fr\/wp-content\/spip\/IMG\/arton3716.jpg","type":"","width":"","height":""}],"author":"WP86Admin","twitter_card":"summary_large_image","twitter_misc":{"\u00c9crit par":"WP86Admin","Dur\u00e9e de lecture estim\u00e9e":"3 minutes"},"schema":{"@context":"https:\/\/schema.org","@graph":[{"@type":"WebPage","@id":"https:\/\/snuipp86.fr\/index.php\/2018\/02\/04\/rmunration-et-salaire-ce-qui-change-au-1er-janvier-2018\/","url":"https:\/\/snuipp86.fr\/index.php\/2018\/02\/04\/rmunration-et-salaire-ce-qui-change-au-1er-janvier-2018\/","name":"R\u00e9mun\u00e9ration et salaire : ce qui change au 1er janvier 2018 - FSU-SNUipp 86","isPartOf":{"@id":"https:\/\/snuipp86.fr\/#website"},"primaryImageOfPage":{"@id":"https:\/\/snuipp86.fr\/index.php\/2018\/02\/04\/rmunration-et-salaire-ce-qui-change-au-1er-janvier-2018\/#primaryimage"},"image":{"@id":"https:\/\/snuipp86.fr\/index.php\/2018\/02\/04\/rmunration-et-salaire-ce-qui-change-au-1er-janvier-2018\/#primaryimage"},"thumbnailUrl":"http:\/\/snuipp86.fr\/wp-content\/spip\/IMG\/arton3716.jpg","datePublished":"2018-02-04T09:26:52+00:00","author":{"@id":"https:\/\/snuipp86.fr\/#\/schema\/person\/901b28b9ae1c7a63a6a940102e52a7a2"},"breadcrumb":{"@id":"https:\/\/snuipp86.fr\/index.php\/2018\/02\/04\/rmunration-et-salaire-ce-qui-change-au-1er-janvier-2018\/#breadcrumb"},"inLanguage":"fr-FR","potentialAction":[{"@type":"ReadAction","target":["https:\/\/snuipp86.fr\/index.php\/2018\/02\/04\/rmunration-et-salaire-ce-qui-change-au-1er-janvier-2018\/"]}]},{"@type":"ImageObject","inLanguage":"fr-FR","@id":"https:\/\/snuipp86.fr\/index.php\/2018\/02\/04\/rmunration-et-salaire-ce-qui-change-au-1er-janvier-2018\/#primaryimage","url":"http:\/\/snuipp86.fr\/wp-content\/spip\/IMG\/arton3716.jpg","contentUrl":"http:\/\/snuipp86.fr\/wp-content\/spip\/IMG\/arton3716.jpg"},{"@type":"BreadcrumbList","@id":"https:\/\/snuipp86.fr\/index.php\/2018\/02\/04\/rmunration-et-salaire-ce-qui-change-au-1er-janvier-2018\/#breadcrumb","itemListElement":[{"@type":"ListItem","position":1,"name":"Accueil","item":"https:\/\/snuipp86.fr\/"},{"@type":"ListItem","position":2,"name":"R\u00e9mun\u00e9ration et salaire : ce qui change au 1er janvier 2018"}]},{"@type":"WebSite","@id":"https:\/\/snuipp86.fr\/#website","url":"https:\/\/snuipp86.fr\/","name":"FSU-SNUipp 86","description":"Des id\u00e9es qui font l&#039;\u00e9cole","potentialAction":[{"@type":"SearchAction","target":{"@type":"EntryPoint","urlTemplate":"https:\/\/snuipp86.fr\/?s={search_term_string}"},"query-input":{"@type":"PropertyValueSpecification","valueRequired":true,"valueName":"search_term_string"}}],"inLanguage":"fr-FR"},{"@type":"Person","@id":"https:\/\/snuipp86.fr\/#\/schema\/person\/901b28b9ae1c7a63a6a940102e52a7a2","name":"WP86Admin","image":{"@type":"ImageObject","inLanguage":"fr-FR","@id":"https:\/\/snuipp86.fr\/#\/schema\/person\/image\/","url":"https:\/\/secure.gravatar.com\/avatar\/0099845c7ec05dc10d777d8ab4f5142c5ba316283821af2459738ad469a37a1a?s=96&d=mm&r=g","contentUrl":"https:\/\/secure.gravatar.com\/avatar\/0099845c7ec05dc10d777d8ab4f5142c5ba316283821af2459738ad469a37a1a?s=96&d=mm&r=g","caption":"WP86Admin"},"url":"https:\/\/snuipp86.fr\/index.php\/author\/wp86admin\/"}]}},"_links":{"self":[{"href":"https:\/\/snuipp86.fr\/index.php\/wp-json\/wp\/v2\/posts\/208","targetHints":{"allow":["GET"]}}],"collection":[{"href":"https:\/\/snuipp86.fr\/index.php\/wp-json\/wp\/v2\/posts"}],"about":[{"href":"https:\/\/snuipp86.fr\/index.php\/wp-json\/wp\/v2\/types\/post"}],"author":[{"embeddable":true,"href":"https:\/\/snuipp86.fr\/index.php\/wp-json\/wp\/v2\/users\/1"}],"replies":[{"embeddable":true,"href":"https:\/\/snuipp86.fr\/index.php\/wp-json\/wp\/v2\/comments?post=208"}],"version-history":[{"count":0,"href":"https:\/\/snuipp86.fr\/index.php\/wp-json\/wp\/v2\/posts\/208\/revisions"}],"wp:attachment":[{"href":"https:\/\/snuipp86.fr\/index.php\/wp-json\/wp\/v2\/media?parent=208"}],"wp:term":[{"taxonomy":"category","embeddable":true,"href":"https:\/\/snuipp86.fr\/index.php\/wp-json\/wp\/v2\/categories?post=208"},{"taxonomy":"post_tag","embeddable":true,"href":"https:\/\/snuipp86.fr\/index.php\/wp-json\/wp\/v2\/tags?post=208"}],"curies":[{"name":"wp","href":"https:\/\/api.w.org\/{rel}","templated":true}]}}