{"id":20800,"date":"2021-06-29T10:36:46","date_gmt":"2021-06-29T08:36:46","guid":{"rendered":"http:\/\/snuipp86.fr\/?p=20800"},"modified":"2021-06-29T17:51:09","modified_gmt":"2021-06-29T15:51:09","slug":"resultats-du-mouvement-86-les-baremes-de-nominations","status":"publish","type":"post","link":"https:\/\/snuipp86.fr\/index.php\/2021\/06\/29\/resultats-du-mouvement-86-les-baremes-de-nominations\/","title":{"rendered":"R\u00e9sultats du Mouvement 86 : les bar\u00e8mes de nominations"},"content":{"rendered":"<p><img decoding=\"async\" class=\"alignnone size-medium wp-image-18837\" src=\"https:\/\/snuipp86.fr\/wp-content\/uploads\/2020\/05\/logo-ct-300x127.jpg\" alt=\"\" width=\"300\" height=\"127\" \/><\/p>\n<p>Le SNUipp-FSU 86 vous propose une liste de postes qui ont vu une nomination ce 10 juin par le mouvement intrad\u00e9partemental informatis\u00e9. Fid\u00e8le \u00e0 nos principes de transparence, nous faisons appara\u00eetre les bar\u00e8mes pour que chacune et chacun puissent conna\u00eetre et comprendre le mouvement.<\/p>\n<p><span style=\"font-family: Tahoma, sans-serif;\">Les donn\u00e9es ci-dessous ne sont pas des donn\u00e9es officielles de l\u2019administration. Elles sont celles qui ont \u00e9t\u00e9 indiqu\u00e9es par nos coll\u00e8gues que nous remercions pour ce partage d\u2019informations. Ces donn\u00e9es peuvent donc contenir potentiellement des erreurs. N\u2019h\u00e9sitez pas \u00e0 nous faire remonter si vous d\u00e9tectez des erreurs ou des informations manquantes.<\/span><\/p>\n<p><span style=\"font-family: Tahoma, sans-serif;\">Quand il y a eu plusieurs nominations sur une \u00e9cole sur un m\u00eame type de poste (ex\u00a0: adj mat sur Poitiers Condorcet mat avec 3 nominations), nous avons laiss\u00e9 le plus petit bar\u00e8me de nomination que nous connaissions.<\/span><\/p>\n<p><span style=\"font-family: Tahoma, sans-serif;\">Le SNUipp-FSU 86 peut effectuer ce travail gr\u00e2ce \u00e0 ses syndiqu\u00e9-es, qui lui permettent notamment de pouvoir attribuer du temps de d\u00e9charge \u00e0 certain-es de ses membres ou de b\u00e9n\u00e9ficier de ressources financi\u00e8res pour payer les charges de notre maison syndicale, r\u00e9mun\u00e9rer notre secr\u00e9taire Carine ou disposer du mat\u00e9riel informatique par exemple. <b>Syndiquez-vous et faites syndiquer\u00a0! <\/b><\/span><\/p>\n<a href=\"https:\/\/snuipp86.fr\/wp-content\/uploads\/2021\/06\/barem-nomin-6.pdf\" class=\"pdfemb-viewer\" style=\"\" data-width=\"max\" data-height=\"max\" data-toolbar=\"bottom\" data-toolbar-fixed=\"off\">barem nomin<\/a>\n<p>&nbsp;<\/p>\n","protected":false},"excerpt":{"rendered":"<p>Le SNUipp-FSU 86 vous propose une liste de postes qui ont vu une nomination ce 10 juin par le mouvement intrad\u00e9partemental informatis\u00e9. Fid\u00e8le \u00e0 nos principes de transparence, nous faisons appara\u00eetre les bar\u00e8mes pour que chacune et chacun puissent conna\u00eetre et comprendre le mouvement. Les donn\u00e9es ci-dessous ne sont pas des donn\u00e9es officielles de l\u2019administration. Elles [&hellip;]<\/p>\n","protected":false},"author":4,"featured_media":20728,"comment_status":"closed","ping_status":"closed","sticky":false,"template":"","format":"standard","meta":{"footnotes":""},"categories":[14],"tags":[28],"class_list":["post-20800","post","type-post","status-publish","format-standard","has-post-thumbnail","hentry","category-a-la-une","tag-mouvement"],"yoast_head":"<!-- This site is optimized with the Yoast SEO plugin v26.6 - https:\/\/yoast.com\/wordpress\/plugins\/seo\/ -->\n<title>R\u00e9sultats du Mouvement 86 : les bar\u00e8mes de nominations - FSU-SNUipp 86<\/title>\n<meta name=\"robots\" content=\"index, follow, max-snippet:-1, max-image-preview:large, max-video-preview:-1\" \/>\n<link rel=\"canonical\" href=\"https:\/\/snuipp86.fr\/index.php\/2021\/06\/29\/resultats-du-mouvement-86-les-baremes-de-nominations\/\" \/>\n<meta property=\"og:locale\" content=\"fr_FR\" \/>\n<meta property=\"og:type\" content=\"article\" \/>\n<meta property=\"og:title\" content=\"R\u00e9sultats du Mouvement 86 : les bar\u00e8mes de nominations - FSU-SNUipp 86\" \/>\n<meta property=\"og:description\" content=\"Le SNUipp-FSU 86 vous propose une liste de postes qui ont vu une nomination ce 10 juin par le mouvement intrad\u00e9partemental informatis\u00e9. Fid\u00e8le \u00e0 nos principes de transparence, nous faisons appara\u00eetre les bar\u00e8mes pour que chacune et chacun puissent conna\u00eetre et comprendre le mouvement. Les donn\u00e9es ci-dessous ne sont pas des donn\u00e9es officielles de l\u2019administration. Elles [&hellip;]\" \/>\n<meta property=\"og:url\" content=\"https:\/\/snuipp86.fr\/index.php\/2021\/06\/29\/resultats-du-mouvement-86-les-baremes-de-nominations\/\" \/>\n<meta property=\"og:site_name\" content=\"FSU-SNUipp 86\" \/>\n<meta property=\"article:published_time\" content=\"2021-06-29T08:36:46+00:00\" \/>\n<meta property=\"article:modified_time\" content=\"2021-06-29T15:51:09+00:00\" \/>\n<meta property=\"og:image\" content=\"https:\/\/snuipp86.fr\/wp-content\/uploads\/2021\/06\/safe_image.php_.jpg\" \/>\n\t<meta property=\"og:image:width\" content=\"500\" \/>\n\t<meta property=\"og:image:height\" content=\"260\" \/>\n\t<meta property=\"og:image:type\" content=\"image\/jpeg\" \/>\n<meta name=\"author\" content=\"Matthieu Menaut\" \/>\n<meta name=\"twitter:card\" content=\"summary_large_image\" \/>\n<meta name=\"twitter:label1\" content=\"\u00c9crit par\" \/>\n\t<meta name=\"twitter:data1\" content=\"Matthieu Menaut\" \/>\n\t<meta name=\"twitter:label2\" content=\"Dur\u00e9e de lecture estim\u00e9e\" \/>\n\t<meta name=\"twitter:data2\" content=\"2 minutes\" \/>\n<script type=\"application\/ld+json\" class=\"yoast-schema-graph\">{\"@context\":\"https:\/\/schema.org\",\"@graph\":[{\"@type\":\"WebPage\",\"@id\":\"https:\/\/snuipp86.fr\/index.php\/2021\/06\/29\/resultats-du-mouvement-86-les-baremes-de-nominations\/\",\"url\":\"https:\/\/snuipp86.fr\/index.php\/2021\/06\/29\/resultats-du-mouvement-86-les-baremes-de-nominations\/\",\"name\":\"R\u00e9sultats du Mouvement 86 : les bar\u00e8mes de nominations - FSU-SNUipp 86\",\"isPartOf\":{\"@id\":\"https:\/\/snuipp86.fr\/#website\"},\"primaryImageOfPage\":{\"@id\":\"https:\/\/snuipp86.fr\/index.php\/2021\/06\/29\/resultats-du-mouvement-86-les-baremes-de-nominations\/#primaryimage\"},\"image\":{\"@id\":\"https:\/\/snuipp86.fr\/index.php\/2021\/06\/29\/resultats-du-mouvement-86-les-baremes-de-nominations\/#primaryimage\"},\"thumbnailUrl\":\"https:\/\/snuipp86.fr\/wp-content\/uploads\/2021\/06\/safe_image.php_.jpg\",\"datePublished\":\"2021-06-29T08:36:46+00:00\",\"dateModified\":\"2021-06-29T15:51:09+00:00\",\"author\":{\"@id\":\"https:\/\/snuipp86.fr\/#\/schema\/person\/5a96b33672b90a1385fd0b096fd5ebcb\"},\"breadcrumb\":{\"@id\":\"https:\/\/snuipp86.fr\/index.php\/2021\/06\/29\/resultats-du-mouvement-86-les-baremes-de-nominations\/#breadcrumb\"},\"inLanguage\":\"fr-FR\",\"potentialAction\":[{\"@type\":\"ReadAction\",\"target\":[\"https:\/\/snuipp86.fr\/index.php\/2021\/06\/29\/resultats-du-mouvement-86-les-baremes-de-nominations\/\"]}]},{\"@type\":\"ImageObject\",\"inLanguage\":\"fr-FR\",\"@id\":\"https:\/\/snuipp86.fr\/index.php\/2021\/06\/29\/resultats-du-mouvement-86-les-baremes-de-nominations\/#primaryimage\",\"url\":\"https:\/\/snuipp86.fr\/wp-content\/uploads\/2021\/06\/safe_image.php_.jpg\",\"contentUrl\":\"https:\/\/snuipp86.fr\/wp-content\/uploads\/2021\/06\/safe_image.php_.jpg\",\"width\":500,\"height\":260,\"caption\":\"r\u00e9sultats mouvement\"},{\"@type\":\"BreadcrumbList\",\"@id\":\"https:\/\/snuipp86.fr\/index.php\/2021\/06\/29\/resultats-du-mouvement-86-les-baremes-de-nominations\/#breadcrumb\",\"itemListElement\":[{\"@type\":\"ListItem\",\"position\":1,\"name\":\"Accueil\",\"item\":\"https:\/\/snuipp86.fr\/\"},{\"@type\":\"ListItem\",\"position\":2,\"name\":\"R\u00e9sultats du Mouvement 86 : les bar\u00e8mes de nominations\"}]},{\"@type\":\"WebSite\",\"@id\":\"https:\/\/snuipp86.fr\/#website\",\"url\":\"https:\/\/snuipp86.fr\/\",\"name\":\"FSU-SNUipp 86\",\"description\":\"Des id\u00e9es qui font l&#039;\u00e9cole\",\"potentialAction\":[{\"@type\":\"SearchAction\",\"target\":{\"@type\":\"EntryPoint\",\"urlTemplate\":\"https:\/\/snuipp86.fr\/?s={search_term_string}\"},\"query-input\":{\"@type\":\"PropertyValueSpecification\",\"valueRequired\":true,\"valueName\":\"search_term_string\"}}],\"inLanguage\":\"fr-FR\"},{\"@type\":\"Person\",\"@id\":\"https:\/\/snuipp86.fr\/#\/schema\/person\/5a96b33672b90a1385fd0b096fd5ebcb\",\"name\":\"Matthieu Menaut\",\"image\":{\"@type\":\"ImageObject\",\"inLanguage\":\"fr-FR\",\"@id\":\"https:\/\/snuipp86.fr\/#\/schema\/person\/image\/\",\"url\":\"https:\/\/secure.gravatar.com\/avatar\/03e70f897b03256ddca91d16c3e33a876c31abbf1b31cb48e60e770f684a04d1?s=96&d=mm&r=g\",\"contentUrl\":\"https:\/\/secure.gravatar.com\/avatar\/03e70f897b03256ddca91d16c3e33a876c31abbf1b31cb48e60e770f684a04d1?s=96&d=mm&r=g\",\"caption\":\"Matthieu Menaut\"},\"url\":\"https:\/\/snuipp86.fr\/index.php\/author\/mmenaut\/\"}]}<\/script>\n<!-- \/ Yoast SEO plugin. -->","yoast_head_json":{"title":"R\u00e9sultats du Mouvement 86 : les bar\u00e8mes de nominations - FSU-SNUipp 86","robots":{"index":"index","follow":"follow","max-snippet":"max-snippet:-1","max-image-preview":"max-image-preview:large","max-video-preview":"max-video-preview:-1"},"canonical":"https:\/\/snuipp86.fr\/index.php\/2021\/06\/29\/resultats-du-mouvement-86-les-baremes-de-nominations\/","og_locale":"fr_FR","og_type":"article","og_title":"R\u00e9sultats du Mouvement 86 : les bar\u00e8mes de nominations - FSU-SNUipp 86","og_description":"Le SNUipp-FSU 86 vous propose une liste de postes qui ont vu une nomination ce 10 juin par le mouvement intrad\u00e9partemental informatis\u00e9. Fid\u00e8le \u00e0 nos principes de transparence, nous faisons appara\u00eetre les bar\u00e8mes pour que chacune et chacun puissent conna\u00eetre et comprendre le mouvement. Les donn\u00e9es ci-dessous ne sont pas des donn\u00e9es officielles de l\u2019administration. Elles [&hellip;]","og_url":"https:\/\/snuipp86.fr\/index.php\/2021\/06\/29\/resultats-du-mouvement-86-les-baremes-de-nominations\/","og_site_name":"FSU-SNUipp 86","article_published_time":"2021-06-29T08:36:46+00:00","article_modified_time":"2021-06-29T15:51:09+00:00","og_image":[{"width":500,"height":260,"url":"https:\/\/snuipp86.fr\/wp-content\/uploads\/2021\/06\/safe_image.php_.jpg","type":"image\/jpeg"}],"author":"Matthieu Menaut","twitter_card":"summary_large_image","twitter_misc":{"\u00c9crit par":"Matthieu Menaut","Dur\u00e9e de lecture estim\u00e9e":"2 minutes"},"schema":{"@context":"https:\/\/schema.org","@graph":[{"@type":"WebPage","@id":"https:\/\/snuipp86.fr\/index.php\/2021\/06\/29\/resultats-du-mouvement-86-les-baremes-de-nominations\/","url":"https:\/\/snuipp86.fr\/index.php\/2021\/06\/29\/resultats-du-mouvement-86-les-baremes-de-nominations\/","name":"R\u00e9sultats du Mouvement 86 : les bar\u00e8mes de nominations - FSU-SNUipp 86","isPartOf":{"@id":"https:\/\/snuipp86.fr\/#website"},"primaryImageOfPage":{"@id":"https:\/\/snuipp86.fr\/index.php\/2021\/06\/29\/resultats-du-mouvement-86-les-baremes-de-nominations\/#primaryimage"},"image":{"@id":"https:\/\/snuipp86.fr\/index.php\/2021\/06\/29\/resultats-du-mouvement-86-les-baremes-de-nominations\/#primaryimage"},"thumbnailUrl":"https:\/\/snuipp86.fr\/wp-content\/uploads\/2021\/06\/safe_image.php_.jpg","datePublished":"2021-06-29T08:36:46+00:00","dateModified":"2021-06-29T15:51:09+00:00","author":{"@id":"https:\/\/snuipp86.fr\/#\/schema\/person\/5a96b33672b90a1385fd0b096fd5ebcb"},"breadcrumb":{"@id":"https:\/\/snuipp86.fr\/index.php\/2021\/06\/29\/resultats-du-mouvement-86-les-baremes-de-nominations\/#breadcrumb"},"inLanguage":"fr-FR","potentialAction":[{"@type":"ReadAction","target":["https:\/\/snuipp86.fr\/index.php\/2021\/06\/29\/resultats-du-mouvement-86-les-baremes-de-nominations\/"]}]},{"@type":"ImageObject","inLanguage":"fr-FR","@id":"https:\/\/snuipp86.fr\/index.php\/2021\/06\/29\/resultats-du-mouvement-86-les-baremes-de-nominations\/#primaryimage","url":"https:\/\/snuipp86.fr\/wp-content\/uploads\/2021\/06\/safe_image.php_.jpg","contentUrl":"https:\/\/snuipp86.fr\/wp-content\/uploads\/2021\/06\/safe_image.php_.jpg","width":500,"height":260,"caption":"r\u00e9sultats mouvement"},{"@type":"BreadcrumbList","@id":"https:\/\/snuipp86.fr\/index.php\/2021\/06\/29\/resultats-du-mouvement-86-les-baremes-de-nominations\/#breadcrumb","itemListElement":[{"@type":"ListItem","position":1,"name":"Accueil","item":"https:\/\/snuipp86.fr\/"},{"@type":"ListItem","position":2,"name":"R\u00e9sultats du Mouvement 86 : les bar\u00e8mes de nominations"}]},{"@type":"WebSite","@id":"https:\/\/snuipp86.fr\/#website","url":"https:\/\/snuipp86.fr\/","name":"FSU-SNUipp 86","description":"Des id\u00e9es qui font l&#039;\u00e9cole","potentialAction":[{"@type":"SearchAction","target":{"@type":"EntryPoint","urlTemplate":"https:\/\/snuipp86.fr\/?s={search_term_string}"},"query-input":{"@type":"PropertyValueSpecification","valueRequired":true,"valueName":"search_term_string"}}],"inLanguage":"fr-FR"},{"@type":"Person","@id":"https:\/\/snuipp86.fr\/#\/schema\/person\/5a96b33672b90a1385fd0b096fd5ebcb","name":"Matthieu Menaut","image":{"@type":"ImageObject","inLanguage":"fr-FR","@id":"https:\/\/snuipp86.fr\/#\/schema\/person\/image\/","url":"https:\/\/secure.gravatar.com\/avatar\/03e70f897b03256ddca91d16c3e33a876c31abbf1b31cb48e60e770f684a04d1?s=96&d=mm&r=g","contentUrl":"https:\/\/secure.gravatar.com\/avatar\/03e70f897b03256ddca91d16c3e33a876c31abbf1b31cb48e60e770f684a04d1?s=96&d=mm&r=g","caption":"Matthieu Menaut"},"url":"https:\/\/snuipp86.fr\/index.php\/author\/mmenaut\/"}]}},"_links":{"self":[{"href":"https:\/\/snuipp86.fr\/index.php\/wp-json\/wp\/v2\/posts\/20800","targetHints":{"allow":["GET"]}}],"collection":[{"href":"https:\/\/snuipp86.fr\/index.php\/wp-json\/wp\/v2\/posts"}],"about":[{"href":"https:\/\/snuipp86.fr\/index.php\/wp-json\/wp\/v2\/types\/post"}],"author":[{"embeddable":true,"href":"https:\/\/snuipp86.fr\/index.php\/wp-json\/wp\/v2\/users\/4"}],"replies":[{"embeddable":true,"href":"https:\/\/snuipp86.fr\/index.php\/wp-json\/wp\/v2\/comments?post=20800"}],"version-history":[{"count":0,"href":"https:\/\/snuipp86.fr\/index.php\/wp-json\/wp\/v2\/posts\/20800\/revisions"}],"wp:featuredmedia":[{"embeddable":true,"href":"https:\/\/snuipp86.fr\/index.php\/wp-json\/wp\/v2\/media\/20728"}],"wp:attachment":[{"href":"https:\/\/snuipp86.fr\/index.php\/wp-json\/wp\/v2\/media?parent=20800"}],"wp:term":[{"taxonomy":"category","embeddable":true,"href":"https:\/\/snuipp86.fr\/index.php\/wp-json\/wp\/v2\/categories?post=20800"},{"taxonomy":"post_tag","embeddable":true,"href":"https:\/\/snuipp86.fr\/index.php\/wp-json\/wp\/v2\/tags?post=20800"}],"curies":[{"name":"wp","href":"https:\/\/api.w.org\/{rel}","templated":true}]}}