{"id":20891,"date":"2025-08-01T07:30:17","date_gmt":"2025-08-01T05:30:17","guid":{"rendered":"http:\/\/snuipp86.fr\/?p=20891"},"modified":"2025-09-16T10:21:24","modified_gmt":"2025-09-16T08:21:24","slug":"indemnite-de-changement-de-residence","status":"publish","type":"post","link":"https:\/\/snuipp86.fr\/index.php\/2025\/08\/01\/indemnite-de-changement-de-residence\/","title":{"rendered":"Indemnit\u00e9 Forfaitaire de Changement de R\u00e9sidence (IFCR)"},"content":{"rendered":"<div class=\"txt_art\">\n<div class=\"chapo_art\">Si vous \u00eates agent-e public-que et d\u00e9m\u00e9nagez en raison d&rsquo;un changement d&rsquo;affectation, vous pouvez b\u00e9n\u00e9ficier, sous conditions, d&rsquo;une prise en charge partielle de vos frais de d\u00e9m\u00e9nagement.<\/div>\n<h1><span style=\"color: #0000ff;\"><strong>Principes g\u00e9n\u00e9raux<\/strong><\/span><\/h1>\n<p><i>D\u00e9cret n\u00b0\u00a090-437 du 28\/05\/1990<\/i><\/p>\n<p>Le changement de r\u00e9sidence est l\u2019affectation \u00e0 titre d\u00e9finitif d\u2019un fonctionnaire dans une commune diff\u00e9rente de celle o\u00f9 il \u00e9tait affect\u00e9. Si ce changement d\u2019affectation entra\u00eene un changement de la r\u00e9sidence personnelle, l\u2019administration prend en charge une partie des frais qui en d\u00e9coule sous forme d\u2019une indemnit\u00e9 forfaitaire ainsi que d\u2019une prise en charge des frais de transport des personnes. L\u2019indemnit\u00e9 est donc vers\u00e9e en cas d\u2019affectation prononc\u00e9e \u00e0 titre d\u00e9finitif dans une commune diff\u00e9rente. Toutefois, quand un coll\u00e8gue affect\u00e9 provisoirement conserve son affectation pendant au moins deux ann\u00e9es, l\u2019affectation provisoire peut \u00eatre assimil\u00e9e \u00e0 une affectation d\u00e9finitive\u00a0; l\u2019indemnit\u00e9 est alors vers\u00e9e \u00e0 l\u2019expiration de cette p\u00e9riode de deux ann\u00e9es, sur la base des taux d\u2019indemnit\u00e9s applicables \u00e0 la fin de cette p\u00e9riode.<\/p>\n<p><i>Constituez votre dossier, aupr\u00e8s des services de l\u2019Inspection Acad\u00e9mique. Pour un changement de r\u00e9sidence en m\u00e9tropole, la prise en charge incombe au d\u00e9partement d\u2019arriv\u00e9e. Pour un changement de r\u00e9sidence depuis et vers un DOM, l\u2019acad\u00e9mie de d\u00e9part assure la mise en route des agents (frais de transport) et le versement des avances sur les indemnit\u00e9s forfaitaires de changement de r\u00e9sidence (ces avances \u00e9tant \u00e9gales \u00e0 la totalit\u00e9 du montant de l\u2019indemnit\u00e9). Pour tout probl\u00e8me, contactez les d\u00e9l\u00e9gu\u00e9-es du personnel du SNUipp.<\/i><\/p>\n<h1><span style=\"color: #0000ff;\"><strong>Changement de r\u00e9sidence en m\u00e9tropole<\/strong><\/span><\/h1>\n<div id=\"socialtags\">La note de service\u00a0 concernant l&rsquo;Indemnit\u00e9 Forfaitaire de changement de R\u00e9sidence en m\u00e9tropole (IFCR) pour la rentr\u00e9e 2025 est parue.<\/div>\n<div><a href=\"https:\/\/intranet.ac-poitiers.fr\/article\/indemnite-forfaitaire-de-changement-de-residence-ifcr\">https:\/\/intranet.ac-poitiers.fr\/article\/indemnite-forfaitaire-de-changement-de-residence-ifcr<\/a><\/div>\n<div><\/div>\n<div class=\"txt_art\">\n<div class=\"chapo_art\">le dossier de demande d&rsquo;IFCR est \u00e0 remettre \u00e0 la DIBAG 2 , <strong>par courrier postal<\/strong>, avant<span style=\"color: #ff0000;\"><strong> le 31 ao\u00fbt 2026<\/strong><\/span><\/div>\n<\/div>\n<p><i>Arr\u00eat\u00e9 du 26\/11\/200<\/i>1<\/p>\n<p>L\u2019 indemnit\u00e9 forfaitaire est major\u00e9e de 20% si le changement de r\u00e9sidence fait suite \u00e0 une mutation d\u2019office autre que disciplinaire (suppression de poste&#8230;) ou s\u2019il s\u2019agit d\u2019une promotion de grade (le passage d\u2019un emploi d\u2019adjoint \u00e0 un emploi de directeur y est assimil\u00e9). Les frais de transport des personnes sont pris en charge totalement.<\/p>\n<p>L\u2019indemnit\u00e9 est r\u00e9duite de 20\u00a0% pour tout changement de poste demand\u00e9 ayant lieu apr\u00e8s 5 ans dans la pr\u00e9c\u00e9dente r\u00e9sidence administrative ou apr\u00e8s trois ans s\u2019il s\u2019agit d\u2019une premi\u00e8re mutation. Elle est due \u00e9galement pour des rapprochements de conjoints appartenant \u00e0 l\u2019une des trois fonctions publiques sans condition de dur\u00e9e pr\u00e9alable. Les frais de transport des personnes sont pris en charge \u00e0 hauteur de 80\u00a0%.<\/p>\n<p>Le montant de l\u2019indemnit\u00e9 forfaitaire est d\u00e9termin\u00e9 \u00e0 l\u2019aide de la formule suivante\u00a0:<\/p>\n<p>I = 568,94 + (0,18 x VD), si le produit VD est \u00e9gal ou inf\u00e9rieur \u00e0 5 000\u00a0;<\/p>\n<p>I = 1 137,88 + (0,07 x VD), si le produit VD est sup\u00e9rieur \u00e0 5 000,<\/p>\n<p>dans laquelle\u00a0:<\/p>\n<ul>\n<li>I est le montant de l\u2019indemnit\u00e9 forfaitaire exprim\u00e9 en euros ;<\/li>\n<li>D est la distance kilom\u00e9trique mesur\u00e9e d\u2019apr\u00e8s l\u2019itin\u00e9raire le plus court par la route ;<\/li>\n<li>V est le volume du mobilier transport\u00e9, fix\u00e9 forfaitairement\u00a0: 14 m3 pour le coll\u00e8gue, 22 m3 pour son conjoint (mari\u00e9, pacs\u00e9 ou concubin) et 3,5 m3 par enfant ou par ascendant \u00e0 charge.<\/li>\n<\/ul>\n<p><strong>Attention\u00a0:<\/strong>\u00a0la prise en compte du conjoint est soumise \u00e0 condition de ressources.<\/p>\n<p><strong>Changement de r\u00e9sidence entre la \u00ab\u00a0France continentale\u00a0\u00bb et la Corse<\/strong><\/p>\n<p>S\u2019ajoute \u00e0 l\u2019indemnit\u00e9 d\u00e9termin\u00e9e ci-dessus une indemnit\u00e9 compl\u00e9mentaire dont le taux est fix\u00e9 comme suit\u00a0:<\/p>\n<p>691,20 \u20ac pour l\u2019enseignant-e + 1 036,04 \u20ac pour le\/la conjoint ou concubin + _ _ 197,73 \u20ac par enfant ou ascendant \u00e0 charge.<\/p>\n<p><strong>Note\u00a0:<\/strong> le calcul de l\u2019indemnit\u00e9 forfaitaire se fait diff\u00e9remment pour les enseignant-es c\u00e9libataires, veufs, ou divorc\u00e9-es avec ou sans enfants (se r\u00e9f\u00e9rer l\u2019arr\u00eat\u00e9 dans lequel tous les cas sont trait\u00e9s).<\/p>\n<h1><span style=\"color: #0000ff;\"><strong>A l\u2019int\u00e9rieur des DOM, entre la m\u00e9tropole et les DOM et entre DOM<\/strong><\/span><\/h1>\n<p><i>D\u00e9cret n\u00b0\u00a089-271 du 12\/04\/1989<br \/>\nArr\u00eat\u00e9 du 12\/04\/1989<\/i><\/p>\n<p>L\u2019instituteur ou le P.E. qui change de r\u00e9sidence \u00e0 la suite d\u2019une mutation a droit \u00e0 la prise en charge de ses frais de changement de r\u00e9sidence s\u2019il a effectu\u00e9 4 ans de service sur le territoire fran\u00e7ais (de mani\u00e8re continue ou non) ou sur le territoire du DOM d\u2019affectation (si mutation inter-dom). Il n\u2019y a aucune prise en charge \u00e0 l\u2019occasion d\u2019une premi\u00e8re nomination et dans certains autres cas (notamment en cas de disponibilit\u00e9 ou de d\u00e9tachement pour enseigner \u00e0 l\u2019\u00e9tranger au moment de la mutation). Se reporter aux textes de r\u00e9f\u00e9rences qui d\u00e9taillent les modalit\u00e9s assez complexes.<\/p>\n<p>Le montant de l\u2019indemnit\u00e9 forfaitaire est d\u00e9termin\u00e9 \u00e0 l\u2019aide des formules suivantes\u00a0:<\/p>\n<p>I = 568,18 + (0,37 x DP) si le produit DP est inf\u00e9rieur ou \u00e9gal \u00e0 4 000\u00a0;<\/p>\n<p>I = 953,57 + (0,28 x DP) si le produit DP est sup\u00e9rieur \u00e0 4 000 et inf\u00e9rieur ou \u00e9gal \u00e0 60 000\u00a0;<\/p>\n<p>I = 17 470,66 si le produit DP est sup\u00e9rieur \u00e0 60 000,<\/p>\n<p>dans lesquelles\u00a0:<\/p>\n<p>I est le montant de l\u2019indemnit\u00e9 forfaitaire exprim\u00e9 en euros\u00a0;<br \/>\nD est la distance orthodromique, exprim\u00e9e en kilom\u00e8tres, entre l\u2019ancienne et la nouvelle r\u00e9sidence\u00a0;<br \/>\nP est le poids de mobilier \u00e0 transporter fix\u00e9 forfaitairement en tonnes\u00a0: 1,6 T pour le coll\u00e8gue, 2 T pour le conjoint et 0,4 T par enfant ou ascendant.<\/p>\n<p><strong>Attention\u00a0:<\/strong>\u00a0<i>la prise en compte du conjoint est soumise \u00e0 condition de ressources.<\/i><\/p>\n<\/div>\n","protected":false},"excerpt":{"rendered":"<p>Si vous \u00eates agent-e public-que et d\u00e9m\u00e9nagez en raison d&rsquo;un changement d&rsquo;affectation, vous pouvez b\u00e9n\u00e9ficier, sous conditions, d&rsquo;une prise en charge partielle de vos frais de d\u00e9m\u00e9nagement. Principes g\u00e9n\u00e9raux D\u00e9cret n\u00b0\u00a090-437 du 28\/05\/1990 Le changement de r\u00e9sidence est l\u2019affectation \u00e0 titre d\u00e9finitif d\u2019un fonctionnaire dans une commune diff\u00e9rente de celle o\u00f9 il \u00e9tait affect\u00e9. Si ce [&hellip;]<\/p>\n","protected":false},"author":4,"featured_media":0,"comment_status":"closed","ping_status":"closed","sticky":false,"template":"","format":"standard","meta":{"footnotes":""},"categories":[14],"tags":[22,53,25],"class_list":["post-20891","post","type-post","status-publish","format-standard","hentry","category-a-la-une","tag-droits-des-personnels","tag-indemnites","tag-permutations"],"yoast_head":"<!-- This site is optimized with the Yoast SEO plugin v26.6 - https:\/\/yoast.com\/wordpress\/plugins\/seo\/ -->\n<title>Indemnit\u00e9 Forfaitaire de Changement de R\u00e9sidence (IFCR) - FSU-SNUipp 86<\/title>\n<meta name=\"robots\" content=\"index, follow, max-snippet:-1, max-image-preview:large, max-video-preview:-1\" \/>\n<link rel=\"canonical\" href=\"https:\/\/snuipp86.fr\/index.php\/2025\/08\/01\/indemnite-de-changement-de-residence\/\" \/>\n<meta property=\"og:locale\" content=\"fr_FR\" \/>\n<meta property=\"og:type\" content=\"article\" \/>\n<meta property=\"og:title\" content=\"Indemnit\u00e9 Forfaitaire de Changement de R\u00e9sidence (IFCR) - FSU-SNUipp 86\" \/>\n<meta property=\"og:description\" content=\"Si vous \u00eates agent-e public-que et d\u00e9m\u00e9nagez en raison d&rsquo;un changement d&rsquo;affectation, vous pouvez b\u00e9n\u00e9ficier, sous conditions, d&rsquo;une prise en charge partielle de vos frais de d\u00e9m\u00e9nagement. Principes g\u00e9n\u00e9raux D\u00e9cret n\u00b0\u00a090-437 du 28\/05\/1990 Le changement de r\u00e9sidence est l\u2019affectation \u00e0 titre d\u00e9finitif d\u2019un fonctionnaire dans une commune diff\u00e9rente de celle o\u00f9 il \u00e9tait affect\u00e9. Si ce [&hellip;]\" \/>\n<meta property=\"og:url\" content=\"https:\/\/snuipp86.fr\/index.php\/2025\/08\/01\/indemnite-de-changement-de-residence\/\" \/>\n<meta property=\"og:site_name\" content=\"FSU-SNUipp 86\" \/>\n<meta property=\"article:published_time\" content=\"2025-08-01T05:30:17+00:00\" \/>\n<meta property=\"article:modified_time\" content=\"2025-09-16T08:21:24+00:00\" \/>\n<meta property=\"og:image\" content=\"https:\/\/snuipp86.fr\/wp-content\/uploads\/2020\/09\/118765390_1701862016631425_650793011035140515_n.jpg\" \/>\n\t<meta property=\"og:image:width\" content=\"809\" \/>\n\t<meta property=\"og:image:height\" content=\"960\" \/>\n\t<meta property=\"og:image:type\" content=\"image\/jpeg\" \/>\n<meta name=\"author\" content=\"Matthieu Menaut\" \/>\n<meta name=\"twitter:card\" content=\"summary_large_image\" \/>\n<meta name=\"twitter:label1\" content=\"\u00c9crit par\" \/>\n\t<meta name=\"twitter:data1\" content=\"Matthieu Menaut\" \/>\n\t<meta name=\"twitter:label2\" content=\"Dur\u00e9e de lecture estim\u00e9e\" \/>\n\t<meta name=\"twitter:data2\" content=\"5 minutes\" \/>\n<script type=\"application\/ld+json\" class=\"yoast-schema-graph\">{\"@context\":\"https:\/\/schema.org\",\"@graph\":[{\"@type\":\"WebPage\",\"@id\":\"https:\/\/snuipp86.fr\/index.php\/2025\/08\/01\/indemnite-de-changement-de-residence\/\",\"url\":\"https:\/\/snuipp86.fr\/index.php\/2025\/08\/01\/indemnite-de-changement-de-residence\/\",\"name\":\"Indemnit\u00e9 Forfaitaire de Changement de R\u00e9sidence (IFCR) - FSU-SNUipp 86\",\"isPartOf\":{\"@id\":\"https:\/\/snuipp86.fr\/#website\"},\"datePublished\":\"2025-08-01T05:30:17+00:00\",\"dateModified\":\"2025-09-16T08:21:24+00:00\",\"author\":{\"@id\":\"https:\/\/snuipp86.fr\/#\/schema\/person\/5a96b33672b90a1385fd0b096fd5ebcb\"},\"breadcrumb\":{\"@id\":\"https:\/\/snuipp86.fr\/index.php\/2025\/08\/01\/indemnite-de-changement-de-residence\/#breadcrumb\"},\"inLanguage\":\"fr-FR\",\"potentialAction\":[{\"@type\":\"ReadAction\",\"target\":[\"https:\/\/snuipp86.fr\/index.php\/2025\/08\/01\/indemnite-de-changement-de-residence\/\"]}]},{\"@type\":\"BreadcrumbList\",\"@id\":\"https:\/\/snuipp86.fr\/index.php\/2025\/08\/01\/indemnite-de-changement-de-residence\/#breadcrumb\",\"itemListElement\":[{\"@type\":\"ListItem\",\"position\":1,\"name\":\"Accueil\",\"item\":\"https:\/\/snuipp86.fr\/\"},{\"@type\":\"ListItem\",\"position\":2,\"name\":\"Indemnit\u00e9 Forfaitaire de Changement de R\u00e9sidence (IFCR)\"}]},{\"@type\":\"WebSite\",\"@id\":\"https:\/\/snuipp86.fr\/#website\",\"url\":\"https:\/\/snuipp86.fr\/\",\"name\":\"FSU-SNUipp 86\",\"description\":\"Des id\u00e9es qui font l&#039;\u00e9cole\",\"potentialAction\":[{\"@type\":\"SearchAction\",\"target\":{\"@type\":\"EntryPoint\",\"urlTemplate\":\"https:\/\/snuipp86.fr\/?s={search_term_string}\"},\"query-input\":{\"@type\":\"PropertyValueSpecification\",\"valueRequired\":true,\"valueName\":\"search_term_string\"}}],\"inLanguage\":\"fr-FR\"},{\"@type\":\"Person\",\"@id\":\"https:\/\/snuipp86.fr\/#\/schema\/person\/5a96b33672b90a1385fd0b096fd5ebcb\",\"name\":\"Matthieu Menaut\",\"image\":{\"@type\":\"ImageObject\",\"inLanguage\":\"fr-FR\",\"@id\":\"https:\/\/snuipp86.fr\/#\/schema\/person\/image\/\",\"url\":\"https:\/\/secure.gravatar.com\/avatar\/03e70f897b03256ddca91d16c3e33a876c31abbf1b31cb48e60e770f684a04d1?s=96&d=mm&r=g\",\"contentUrl\":\"https:\/\/secure.gravatar.com\/avatar\/03e70f897b03256ddca91d16c3e33a876c31abbf1b31cb48e60e770f684a04d1?s=96&d=mm&r=g\",\"caption\":\"Matthieu Menaut\"},\"url\":\"https:\/\/snuipp86.fr\/index.php\/author\/mmenaut\/\"}]}<\/script>\n<!-- \/ Yoast SEO plugin. -->","yoast_head_json":{"title":"Indemnit\u00e9 Forfaitaire de Changement de R\u00e9sidence (IFCR) - FSU-SNUipp 86","robots":{"index":"index","follow":"follow","max-snippet":"max-snippet:-1","max-image-preview":"max-image-preview:large","max-video-preview":"max-video-preview:-1"},"canonical":"https:\/\/snuipp86.fr\/index.php\/2025\/08\/01\/indemnite-de-changement-de-residence\/","og_locale":"fr_FR","og_type":"article","og_title":"Indemnit\u00e9 Forfaitaire de Changement de R\u00e9sidence (IFCR) - FSU-SNUipp 86","og_description":"Si vous \u00eates agent-e public-que et d\u00e9m\u00e9nagez en raison d&rsquo;un changement d&rsquo;affectation, vous pouvez b\u00e9n\u00e9ficier, sous conditions, d&rsquo;une prise en charge partielle de vos frais de d\u00e9m\u00e9nagement. Principes g\u00e9n\u00e9raux D\u00e9cret n\u00b0\u00a090-437 du 28\/05\/1990 Le changement de r\u00e9sidence est l\u2019affectation \u00e0 titre d\u00e9finitif d\u2019un fonctionnaire dans une commune diff\u00e9rente de celle o\u00f9 il \u00e9tait affect\u00e9. Si ce [&hellip;]","og_url":"https:\/\/snuipp86.fr\/index.php\/2025\/08\/01\/indemnite-de-changement-de-residence\/","og_site_name":"FSU-SNUipp 86","article_published_time":"2025-08-01T05:30:17+00:00","article_modified_time":"2025-09-16T08:21:24+00:00","og_image":[{"width":809,"height":960,"url":"https:\/\/snuipp86.fr\/wp-content\/uploads\/2020\/09\/118765390_1701862016631425_650793011035140515_n.jpg","type":"image\/jpeg"}],"author":"Matthieu Menaut","twitter_card":"summary_large_image","twitter_misc":{"\u00c9crit par":"Matthieu Menaut","Dur\u00e9e de lecture estim\u00e9e":"5 minutes"},"schema":{"@context":"https:\/\/schema.org","@graph":[{"@type":"WebPage","@id":"https:\/\/snuipp86.fr\/index.php\/2025\/08\/01\/indemnite-de-changement-de-residence\/","url":"https:\/\/snuipp86.fr\/index.php\/2025\/08\/01\/indemnite-de-changement-de-residence\/","name":"Indemnit\u00e9 Forfaitaire de Changement de R\u00e9sidence (IFCR) - FSU-SNUipp 86","isPartOf":{"@id":"https:\/\/snuipp86.fr\/#website"},"datePublished":"2025-08-01T05:30:17+00:00","dateModified":"2025-09-16T08:21:24+00:00","author":{"@id":"https:\/\/snuipp86.fr\/#\/schema\/person\/5a96b33672b90a1385fd0b096fd5ebcb"},"breadcrumb":{"@id":"https:\/\/snuipp86.fr\/index.php\/2025\/08\/01\/indemnite-de-changement-de-residence\/#breadcrumb"},"inLanguage":"fr-FR","potentialAction":[{"@type":"ReadAction","target":["https:\/\/snuipp86.fr\/index.php\/2025\/08\/01\/indemnite-de-changement-de-residence\/"]}]},{"@type":"BreadcrumbList","@id":"https:\/\/snuipp86.fr\/index.php\/2025\/08\/01\/indemnite-de-changement-de-residence\/#breadcrumb","itemListElement":[{"@type":"ListItem","position":1,"name":"Accueil","item":"https:\/\/snuipp86.fr\/"},{"@type":"ListItem","position":2,"name":"Indemnit\u00e9 Forfaitaire de Changement de R\u00e9sidence (IFCR)"}]},{"@type":"WebSite","@id":"https:\/\/snuipp86.fr\/#website","url":"https:\/\/snuipp86.fr\/","name":"FSU-SNUipp 86","description":"Des id\u00e9es qui font l&#039;\u00e9cole","potentialAction":[{"@type":"SearchAction","target":{"@type":"EntryPoint","urlTemplate":"https:\/\/snuipp86.fr\/?s={search_term_string}"},"query-input":{"@type":"PropertyValueSpecification","valueRequired":true,"valueName":"search_term_string"}}],"inLanguage":"fr-FR"},{"@type":"Person","@id":"https:\/\/snuipp86.fr\/#\/schema\/person\/5a96b33672b90a1385fd0b096fd5ebcb","name":"Matthieu Menaut","image":{"@type":"ImageObject","inLanguage":"fr-FR","@id":"https:\/\/snuipp86.fr\/#\/schema\/person\/image\/","url":"https:\/\/secure.gravatar.com\/avatar\/03e70f897b03256ddca91d16c3e33a876c31abbf1b31cb48e60e770f684a04d1?s=96&d=mm&r=g","contentUrl":"https:\/\/secure.gravatar.com\/avatar\/03e70f897b03256ddca91d16c3e33a876c31abbf1b31cb48e60e770f684a04d1?s=96&d=mm&r=g","caption":"Matthieu Menaut"},"url":"https:\/\/snuipp86.fr\/index.php\/author\/mmenaut\/"}]}},"_links":{"self":[{"href":"https:\/\/snuipp86.fr\/index.php\/wp-json\/wp\/v2\/posts\/20891","targetHints":{"allow":["GET"]}}],"collection":[{"href":"https:\/\/snuipp86.fr\/index.php\/wp-json\/wp\/v2\/posts"}],"about":[{"href":"https:\/\/snuipp86.fr\/index.php\/wp-json\/wp\/v2\/types\/post"}],"author":[{"embeddable":true,"href":"https:\/\/snuipp86.fr\/index.php\/wp-json\/wp\/v2\/users\/4"}],"replies":[{"embeddable":true,"href":"https:\/\/snuipp86.fr\/index.php\/wp-json\/wp\/v2\/comments?post=20891"}],"version-history":[{"count":2,"href":"https:\/\/snuipp86.fr\/index.php\/wp-json\/wp\/v2\/posts\/20891\/revisions"}],"predecessor-version":[{"id":27021,"href":"https:\/\/snuipp86.fr\/index.php\/wp-json\/wp\/v2\/posts\/20891\/revisions\/27021"}],"wp:attachment":[{"href":"https:\/\/snuipp86.fr\/index.php\/wp-json\/wp\/v2\/media?parent=20891"}],"wp:term":[{"taxonomy":"category","embeddable":true,"href":"https:\/\/snuipp86.fr\/index.php\/wp-json\/wp\/v2\/categories?post=20891"},{"taxonomy":"post_tag","embeddable":true,"href":"https:\/\/snuipp86.fr\/index.php\/wp-json\/wp\/v2\/tags?post=20891"}],"curies":[{"name":"wp","href":"https:\/\/api.w.org\/{rel}","templated":true}]}}