{"id":209,"date":"2018-02-01T12:20:00","date_gmt":"2018-02-01T12:20:00","guid":{"rendered":"http:\/\/localhost\/wordpress\/2018\/02\/01\/enqute-carte-scolaire-86-pour-la-rentre-2018\/"},"modified":"2018-02-01T12:20:00","modified_gmt":"2018-02-01T12:20:00","slug":"enqute-carte-scolaire-86-pour-la-rentre-2018","status":"publish","type":"post","link":"https:\/\/snuipp86.fr\/index.php\/2018\/02\/01\/enqute-carte-scolaire-86-pour-la-rentre-2018\/","title":{"rendered":"Enqu\u00eate Carte Scolaire 86 pour la rentr\u00e9e 2018"},"content":{"rendered":"<p><img decoding=\"async\" src=\"https:\/\/snuipp86.fr\/wp-content\/spip\/IMG\/arton3596.png\" alt=\"\" align=\"right\" width=\"142\" height=\"142\" class=\"spip_logos\" \/><\/p>\n<div class='rss_texte'>\n<p class=\"spip\">Le 1er Comit\u00e9 Technique Sp\u00e9cial D\u00e9partemental de la Vienne aura lieu le 5 mars.<\/p>\n<p class=\"spip\">Un groupe de travail pr\u00e9paratoire aura lieu le 1er mars.<\/p>\n<p class=\"spip\">Pour que le SNUipp-FSU 86 puisse porter et d\u00e9fendre votre situation et vos demandes, n&rsquo;oubliez pas de remplir notre enqu\u00eate carte scolaire !<\/p>\n<p class=\"spip\">Pour les demandes li\u00e9es aux \u00e9tablissements sp\u00e9cialis\u00e9s ou \u00e0 l&rsquo;ASH 2nd degr\u00e9, contactez directement le SNUipp-FSU 86 au 05 49 01 36 71 ou snu86@snuipp.fr<\/p>\n<p class=\"spip\">Vous la trouverez ci-dessous et dans notre bulletin papier de d\u00e9cembre !<\/p>\n<dl class='spip_document_3020 spip_documents spip_documents_center' >\n<dt><a href=\"https:\/\/snuipp86.fr\/wp-content\/spip\/IMG\/doc\/Enquete_carte_scolaire_2018.doc\" title='Word - 66.5 ko' type=\"application\/msword\"><img src='https:\/\/snuipp86.fr\/wp-content\/spip\/cache-vignettes\/L52xH52\/doc-50de0.png' width='52' height='52' alt='Word - 66.5 ko' style='height:52px;width:52px;' class=' format_png' \/><\/a><\/dt>\n<dt class='spip_doc_titre' style='width:120px;'><strong>Enquete_carte_scolaire_2018<\/strong><\/dt>\n<\/dl>\n<dl class='spip_document_3022 spip_documents spip_documents_center' >\n<dt><a href=\"https:\/\/snuipp86.fr\/wp-content\/spip\/IMG\/pdf\/Enquete_carte_scolaire_2018.pdf\" title='PDF - 334.3 ko' type=\"application\/pdf\"><img src='https:\/\/snuipp86.fr\/wp-content\/spip\/cache-vignettes\/L52xH52\/pdf-d7486.png' width='52' height='52' alt='PDF - 334.3 ko' style='height:52px;width:52px;' class=' format_png' \/><\/a><\/dt>\n<dt class='spip_doc_titre' style='width:120px;'><strong>Enquete_carte_scolaire_2018<\/strong><\/dt>\n<\/dl>\n<p class=\"spip\">Le SNUipp-FSU organise une mobilisation nationale : #PasPlusDe25 \u00e9l\u00e8ves par classe et pas plus de 20 en \u00e9ducation prioritaire. Une mobilisation sur toute la p\u00e9riode des op\u00e9rations de carte scolaire dans les d\u00e9partements. Il d\u00e9pose un pr\u00e9avis national de gr\u00e8ve d\u00e9clin\u00e9 par des alertes sociales dans les d\u00e9partements pour permettre les mobilisations, gr\u00e8ve, manifestations, rassemblements\u2026 qu&rsquo;il relayera nationalement. Dans ce cadre il s&rsquo;adresse aux autres organisations syndicales dans l&rsquo;objectif d&rsquo;une expression et d&rsquo;initiatives communes.<\/p>\n<dl class='spip_document_3138 spip_documents spip_documents_center' >\n<dt><img src='https:\/\/snuipp86.fr\/wp-content\/spip\/cache-vignettes\/L450xH291\/PasPlusDe25_eleves-91d1a.jpg' width='450' height='291' alt='JPEG - 176.5 ko' style='height:291px;width:450px;' class='' \/><\/dt>\n<dt class='spip_doc_titre' style='width:350px;'><strong>PasPlusDe25 \u00e9l\u00e8ves<\/strong><\/dt>\n<\/dl>\n<p class=\"spip\">\u00ab\u00a0R\u00e9duire de cinq \u00e9l\u00e8ves la taille des classe en \u00e9ducation prioritaire conduirait \u00e0 une baisse de 46% de l&rsquo;in\u00e9galit\u00e9 de r\u00e9ussite scolaire\u00a0\u00bb, notent Thomas Piketty et Mathieu Valdenaire dans leur \u00e9tude qui fait r\u00e9f\u00e9rence sur le sujet. Le nombre d&rsquo;\u00e9l\u00e8ves par classes est l&rsquo;un des leviers de la r\u00e9ussite scolaire et notamment dans les zones en difficult\u00e9 sociale et scolaire. Le gouvernement en a conscience puisqu&rsquo;il a fait du d\u00e9doublement en CP de Rep+ sa mesure phare mais pour le SNUipp-FSU c&rsquo;est sur toutes les classes, en \u00e9ducation prioritaire et en dehors, que la r\u00e9duction doit \u00eatre effectu\u00e9e afin de ne mettre aucune classe ni aucun territoire en concurrence.<\/p>\n<p class=\"spip\">En \u00e9ducation prioritaire, o\u00f9 est la priorit\u00e9 ? En effet, ann\u00e9e apr\u00e8s ann\u00e9e, les chiffres sont l\u00e0 : l&rsquo;\u00e9cart entre le nombre d&rsquo;\u00e9l\u00e8ves en EP 21,81 en moyenne et et ceux des autres classes : 22,9 reste tr\u00e8s faible, ne permettant pas une prise en compte suffisante de chaque \u00e9l\u00e8ve et de ses besoins.<\/p>\n<dl class='spip_document_3140 spip_documents spip_documents_center' >\n<dt><img src='https:\/\/snuipp86.fr\/wp-content\/spip\/cache-vignettes\/L450xH291\/SNUIPP-article-website-2-HD-7595c.jpg' width='450' height='291' alt='JPEG - 164.9 ko' style='height:291px;width:450px;' class='' \/><\/dt>\n<dt class='spip_doc_titre' style='width:350px;'><strong>SNUIPP-article-website-2-HD<\/strong><\/dt>\n<\/dl>\n<p class=\"spip\">C&rsquo;est pourquoi le SNUipp-FSU renouvelle sa demande d&rsquo;un effort r\u00e9el sur les effectifs : #PasPlusDe25 dans les classes mais #PasPlusDe20 en \u00e9ducation prioritaire. Il lance depuis cette mi-janvier une grande campagne nationale pour que les choses bougent.<\/p>\n<p class=\"spip\">D&rsquo;ores et d\u00e9j\u00e0 la revendication est port\u00e9e dans tous les groupes de travail acad\u00e9miques. Les postes annonc\u00e9s pour 2018 sont en effet en de\u00e7\u00e0 des besoins. Les 3 880 postes suppl\u00e9mentaires ne sont m\u00eame pas suffisants pour assurer le d\u00e9doublement pr\u00e9vu en \u00e9ducation prioritaire : il en faudrait 6 400. Impossible \u00e9galement d&rsquo;assurer les besoins en remplacement, en \u00ab\u00a0Plus de ma\u00eetres\u00a0\u00bb ou encore en Rased. Le risque est grand de mettre en concurrence les \u00e9coles, ce qui est inacceptable.<\/p>\n<p class=\"spip\">Il est donc important de faire entendre la voix des \u00e9quipes sur le terrain. Une application en ligne leur sera prochainement mise \u00e0 disposition pour qu&rsquo;elles remontent toutes les classes qui d\u00e9passent les 25 \u00e9l\u00e8ves et 20 en EP.<\/p>\n<\/div>\n","protected":false},"excerpt":{"rendered":"<p>Le 1er Comit\u00e9 Technique Sp\u00e9cial D\u00e9partemental de la Vienne aura lieu le 5 mars. <br \/>Un groupe de travail pr\u00e9paratoire aura lieu le 1er mars. <br \/>Pour que le SNUipp-FSU 86 puisse porter et d\u00e9fendre votre situation et vos demandes, n&rsquo;oubliez pas de remplir notre enqu\u00eate carte scolaire ! <br \/>Pour les demandes li\u00e9es aux \u00e9tablissements sp\u00e9cialis\u00e9s ou \u00e0 l&rsquo;ASH 2nd degr\u00e9, contactez directement le SNUipp-FSU 86 au 05 49 01 36 71 ou snu86@snuipp.fr <br \/>Vous la trouverez ci-dessous et dans notre bulletin papier de (&#8230;)<br \/>\n&#8211;<br \/>\n<a href=\"http:\/\/86.snuipp.fr\/spip.php?rubrique159\" rel=\"directory\">Carte scolaire<\/a><br \/>\n\/<br \/>\n<a href=\"http:\/\/86.snuipp.fr\/spip.php?mot284\" rel=\"tag\">afficher dans lettre info<\/a>,<br \/>\n<a href=\"http:\/\/86.snuipp.fr\/spip.php?mot293\" rel=\"tag\">Carte scolaire<\/a><\/p>\n","protected":false},"author":1,"featured_media":0,"comment_status":"open","ping_status":"open","sticky":false,"template":"","format":"standard","meta":{"footnotes":""},"categories":[14],"tags":[],"class_list":["post-209","post","type-post","status-publish","format-standard","hentry","category-a-la-une"],"yoast_head":"<!-- This site is optimized with the Yoast SEO plugin v26.6 - https:\/\/yoast.com\/wordpress\/plugins\/seo\/ -->\n<title>Enqu\u00eate Carte Scolaire 86 pour la rentr\u00e9e 2018 - FSU-SNUipp 86<\/title>\n<meta name=\"robots\" content=\"index, follow, max-snippet:-1, max-image-preview:large, max-video-preview:-1\" \/>\n<link rel=\"canonical\" href=\"https:\/\/snuipp86.fr\/index.php\/2018\/02\/01\/enqute-carte-scolaire-86-pour-la-rentre-2018\/\" \/>\n<meta property=\"og:locale\" content=\"fr_FR\" \/>\n<meta property=\"og:type\" content=\"article\" \/>\n<meta property=\"og:title\" content=\"Enqu\u00eate Carte Scolaire 86 pour la rentr\u00e9e 2018 - FSU-SNUipp 86\" \/>\n<meta property=\"og:description\" content=\"Le 1er Comit\u00e9 Technique Sp\u00e9cial D\u00e9partemental de la Vienne aura lieu le 5 mars. Un groupe de travail pr\u00e9paratoire aura lieu le 1er mars. Pour que le SNUipp-FSU 86 puisse porter et d\u00e9fendre votre situation et vos demandes, n&#039;oubliez pas de remplir notre enqu\u00eate carte scolaire ! Pour les demandes li\u00e9es aux \u00e9tablissements sp\u00e9cialis\u00e9s ou \u00e0 l&#039;ASH 2nd degr\u00e9, contactez directement le SNUipp-FSU 86 au 05 49 01 36 71 ou snu86@snuipp.fr Vous la trouverez ci-dessous et dans notre bulletin papier de (...) - Carte scolaire \/ afficher dans lettre info, Carte scolaire\" \/>\n<meta property=\"og:url\" content=\"https:\/\/snuipp86.fr\/index.php\/2018\/02\/01\/enqute-carte-scolaire-86-pour-la-rentre-2018\/\" \/>\n<meta property=\"og:site_name\" content=\"FSU-SNUipp 86\" \/>\n<meta property=\"article:published_time\" content=\"2018-02-01T12:20:00+00:00\" \/>\n<meta property=\"og:image\" content=\"http:\/\/snuipp86.fr\/wp-content\/spip\/IMG\/arton3596.png\" \/>\n<meta name=\"author\" content=\"WP86Admin\" \/>\n<meta name=\"twitter:card\" content=\"summary_large_image\" \/>\n<meta name=\"twitter:label1\" content=\"\u00c9crit par\" \/>\n\t<meta name=\"twitter:data1\" content=\"WP86Admin\" \/>\n\t<meta name=\"twitter:label2\" content=\"Dur\u00e9e de lecture estim\u00e9e\" \/>\n\t<meta name=\"twitter:data2\" content=\"3 minutes\" \/>\n<script type=\"application\/ld+json\" class=\"yoast-schema-graph\">{\"@context\":\"https:\/\/schema.org\",\"@graph\":[{\"@type\":\"WebPage\",\"@id\":\"https:\/\/snuipp86.fr\/index.php\/2018\/02\/01\/enqute-carte-scolaire-86-pour-la-rentre-2018\/\",\"url\":\"https:\/\/snuipp86.fr\/index.php\/2018\/02\/01\/enqute-carte-scolaire-86-pour-la-rentre-2018\/\",\"name\":\"Enqu\u00eate Carte Scolaire 86 pour la rentr\u00e9e 2018 - FSU-SNUipp 86\",\"isPartOf\":{\"@id\":\"https:\/\/snuipp86.fr\/#website\"},\"primaryImageOfPage\":{\"@id\":\"https:\/\/snuipp86.fr\/index.php\/2018\/02\/01\/enqute-carte-scolaire-86-pour-la-rentre-2018\/#primaryimage\"},\"image\":{\"@id\":\"https:\/\/snuipp86.fr\/index.php\/2018\/02\/01\/enqute-carte-scolaire-86-pour-la-rentre-2018\/#primaryimage\"},\"thumbnailUrl\":\"http:\/\/snuipp86.fr\/wp-content\/spip\/IMG\/arton3596.png\",\"datePublished\":\"2018-02-01T12:20:00+00:00\",\"author\":{\"@id\":\"https:\/\/snuipp86.fr\/#\/schema\/person\/901b28b9ae1c7a63a6a940102e52a7a2\"},\"breadcrumb\":{\"@id\":\"https:\/\/snuipp86.fr\/index.php\/2018\/02\/01\/enqute-carte-scolaire-86-pour-la-rentre-2018\/#breadcrumb\"},\"inLanguage\":\"fr-FR\",\"potentialAction\":[{\"@type\":\"ReadAction\",\"target\":[\"https:\/\/snuipp86.fr\/index.php\/2018\/02\/01\/enqute-carte-scolaire-86-pour-la-rentre-2018\/\"]}]},{\"@type\":\"ImageObject\",\"inLanguage\":\"fr-FR\",\"@id\":\"https:\/\/snuipp86.fr\/index.php\/2018\/02\/01\/enqute-carte-scolaire-86-pour-la-rentre-2018\/#primaryimage\",\"url\":\"http:\/\/snuipp86.fr\/wp-content\/spip\/IMG\/arton3596.png\",\"contentUrl\":\"http:\/\/snuipp86.fr\/wp-content\/spip\/IMG\/arton3596.png\"},{\"@type\":\"BreadcrumbList\",\"@id\":\"https:\/\/snuipp86.fr\/index.php\/2018\/02\/01\/enqute-carte-scolaire-86-pour-la-rentre-2018\/#breadcrumb\",\"itemListElement\":[{\"@type\":\"ListItem\",\"position\":1,\"name\":\"Accueil\",\"item\":\"https:\/\/snuipp86.fr\/\"},{\"@type\":\"ListItem\",\"position\":2,\"name\":\"Enqu\u00eate Carte Scolaire 86 pour la rentr\u00e9e 2018\"}]},{\"@type\":\"WebSite\",\"@id\":\"https:\/\/snuipp86.fr\/#website\",\"url\":\"https:\/\/snuipp86.fr\/\",\"name\":\"FSU-SNUipp 86\",\"description\":\"Des id\u00e9es qui font l&#039;\u00e9cole\",\"potentialAction\":[{\"@type\":\"SearchAction\",\"target\":{\"@type\":\"EntryPoint\",\"urlTemplate\":\"https:\/\/snuipp86.fr\/?s={search_term_string}\"},\"query-input\":{\"@type\":\"PropertyValueSpecification\",\"valueRequired\":true,\"valueName\":\"search_term_string\"}}],\"inLanguage\":\"fr-FR\"},{\"@type\":\"Person\",\"@id\":\"https:\/\/snuipp86.fr\/#\/schema\/person\/901b28b9ae1c7a63a6a940102e52a7a2\",\"name\":\"WP86Admin\",\"image\":{\"@type\":\"ImageObject\",\"inLanguage\":\"fr-FR\",\"@id\":\"https:\/\/snuipp86.fr\/#\/schema\/person\/image\/\",\"url\":\"https:\/\/secure.gravatar.com\/avatar\/0099845c7ec05dc10d777d8ab4f5142c5ba316283821af2459738ad469a37a1a?s=96&d=mm&r=g\",\"contentUrl\":\"https:\/\/secure.gravatar.com\/avatar\/0099845c7ec05dc10d777d8ab4f5142c5ba316283821af2459738ad469a37a1a?s=96&d=mm&r=g\",\"caption\":\"WP86Admin\"},\"url\":\"https:\/\/snuipp86.fr\/index.php\/author\/wp86admin\/\"}]}<\/script>\n<!-- \/ Yoast SEO plugin. -->","yoast_head_json":{"title":"Enqu\u00eate Carte Scolaire 86 pour la rentr\u00e9e 2018 - FSU-SNUipp 86","robots":{"index":"index","follow":"follow","max-snippet":"max-snippet:-1","max-image-preview":"max-image-preview:large","max-video-preview":"max-video-preview:-1"},"canonical":"https:\/\/snuipp86.fr\/index.php\/2018\/02\/01\/enqute-carte-scolaire-86-pour-la-rentre-2018\/","og_locale":"fr_FR","og_type":"article","og_title":"Enqu\u00eate Carte Scolaire 86 pour la rentr\u00e9e 2018 - FSU-SNUipp 86","og_description":"Le 1er Comit\u00e9 Technique Sp\u00e9cial D\u00e9partemental de la Vienne aura lieu le 5 mars. Un groupe de travail pr\u00e9paratoire aura lieu le 1er mars. Pour que le SNUipp-FSU 86 puisse porter et d\u00e9fendre votre situation et vos demandes, n'oubliez pas de remplir notre enqu\u00eate carte scolaire ! Pour les demandes li\u00e9es aux \u00e9tablissements sp\u00e9cialis\u00e9s ou \u00e0 l'ASH 2nd degr\u00e9, contactez directement le SNUipp-FSU 86 au 05 49 01 36 71 ou snu86@snuipp.fr Vous la trouverez ci-dessous et dans notre bulletin papier de (...) - Carte scolaire \/ afficher dans lettre info, Carte scolaire","og_url":"https:\/\/snuipp86.fr\/index.php\/2018\/02\/01\/enqute-carte-scolaire-86-pour-la-rentre-2018\/","og_site_name":"FSU-SNUipp 86","article_published_time":"2018-02-01T12:20:00+00:00","og_image":[{"url":"http:\/\/snuipp86.fr\/wp-content\/spip\/IMG\/arton3596.png","type":"","width":"","height":""}],"author":"WP86Admin","twitter_card":"summary_large_image","twitter_misc":{"\u00c9crit par":"WP86Admin","Dur\u00e9e de lecture estim\u00e9e":"3 minutes"},"schema":{"@context":"https:\/\/schema.org","@graph":[{"@type":"WebPage","@id":"https:\/\/snuipp86.fr\/index.php\/2018\/02\/01\/enqute-carte-scolaire-86-pour-la-rentre-2018\/","url":"https:\/\/snuipp86.fr\/index.php\/2018\/02\/01\/enqute-carte-scolaire-86-pour-la-rentre-2018\/","name":"Enqu\u00eate Carte Scolaire 86 pour la rentr\u00e9e 2018 - FSU-SNUipp 86","isPartOf":{"@id":"https:\/\/snuipp86.fr\/#website"},"primaryImageOfPage":{"@id":"https:\/\/snuipp86.fr\/index.php\/2018\/02\/01\/enqute-carte-scolaire-86-pour-la-rentre-2018\/#primaryimage"},"image":{"@id":"https:\/\/snuipp86.fr\/index.php\/2018\/02\/01\/enqute-carte-scolaire-86-pour-la-rentre-2018\/#primaryimage"},"thumbnailUrl":"http:\/\/snuipp86.fr\/wp-content\/spip\/IMG\/arton3596.png","datePublished":"2018-02-01T12:20:00+00:00","author":{"@id":"https:\/\/snuipp86.fr\/#\/schema\/person\/901b28b9ae1c7a63a6a940102e52a7a2"},"breadcrumb":{"@id":"https:\/\/snuipp86.fr\/index.php\/2018\/02\/01\/enqute-carte-scolaire-86-pour-la-rentre-2018\/#breadcrumb"},"inLanguage":"fr-FR","potentialAction":[{"@type":"ReadAction","target":["https:\/\/snuipp86.fr\/index.php\/2018\/02\/01\/enqute-carte-scolaire-86-pour-la-rentre-2018\/"]}]},{"@type":"ImageObject","inLanguage":"fr-FR","@id":"https:\/\/snuipp86.fr\/index.php\/2018\/02\/01\/enqute-carte-scolaire-86-pour-la-rentre-2018\/#primaryimage","url":"http:\/\/snuipp86.fr\/wp-content\/spip\/IMG\/arton3596.png","contentUrl":"http:\/\/snuipp86.fr\/wp-content\/spip\/IMG\/arton3596.png"},{"@type":"BreadcrumbList","@id":"https:\/\/snuipp86.fr\/index.php\/2018\/02\/01\/enqute-carte-scolaire-86-pour-la-rentre-2018\/#breadcrumb","itemListElement":[{"@type":"ListItem","position":1,"name":"Accueil","item":"https:\/\/snuipp86.fr\/"},{"@type":"ListItem","position":2,"name":"Enqu\u00eate Carte Scolaire 86 pour la rentr\u00e9e 2018"}]},{"@type":"WebSite","@id":"https:\/\/snuipp86.fr\/#website","url":"https:\/\/snuipp86.fr\/","name":"FSU-SNUipp 86","description":"Des id\u00e9es qui font l&#039;\u00e9cole","potentialAction":[{"@type":"SearchAction","target":{"@type":"EntryPoint","urlTemplate":"https:\/\/snuipp86.fr\/?s={search_term_string}"},"query-input":{"@type":"PropertyValueSpecification","valueRequired":true,"valueName":"search_term_string"}}],"inLanguage":"fr-FR"},{"@type":"Person","@id":"https:\/\/snuipp86.fr\/#\/schema\/person\/901b28b9ae1c7a63a6a940102e52a7a2","name":"WP86Admin","image":{"@type":"ImageObject","inLanguage":"fr-FR","@id":"https:\/\/snuipp86.fr\/#\/schema\/person\/image\/","url":"https:\/\/secure.gravatar.com\/avatar\/0099845c7ec05dc10d777d8ab4f5142c5ba316283821af2459738ad469a37a1a?s=96&d=mm&r=g","contentUrl":"https:\/\/secure.gravatar.com\/avatar\/0099845c7ec05dc10d777d8ab4f5142c5ba316283821af2459738ad469a37a1a?s=96&d=mm&r=g","caption":"WP86Admin"},"url":"https:\/\/snuipp86.fr\/index.php\/author\/wp86admin\/"}]}},"_links":{"self":[{"href":"https:\/\/snuipp86.fr\/index.php\/wp-json\/wp\/v2\/posts\/209","targetHints":{"allow":["GET"]}}],"collection":[{"href":"https:\/\/snuipp86.fr\/index.php\/wp-json\/wp\/v2\/posts"}],"about":[{"href":"https:\/\/snuipp86.fr\/index.php\/wp-json\/wp\/v2\/types\/post"}],"author":[{"embeddable":true,"href":"https:\/\/snuipp86.fr\/index.php\/wp-json\/wp\/v2\/users\/1"}],"replies":[{"embeddable":true,"href":"https:\/\/snuipp86.fr\/index.php\/wp-json\/wp\/v2\/comments?post=209"}],"version-history":[{"count":0,"href":"https:\/\/snuipp86.fr\/index.php\/wp-json\/wp\/v2\/posts\/209\/revisions"}],"wp:attachment":[{"href":"https:\/\/snuipp86.fr\/index.php\/wp-json\/wp\/v2\/media?parent=209"}],"wp:term":[{"taxonomy":"category","embeddable":true,"href":"https:\/\/snuipp86.fr\/index.php\/wp-json\/wp\/v2\/categories?post=209"},{"taxonomy":"post_tag","embeddable":true,"href":"https:\/\/snuipp86.fr\/index.php\/wp-json\/wp\/v2\/tags?post=209"}],"curies":[{"name":"wp","href":"https:\/\/api.w.org\/{rel}","templated":true}]}}