{"id":20928,"date":"2021-08-23T14:45:27","date_gmt":"2021-08-23T12:45:27","guid":{"rendered":"http:\/\/snuipp86.fr\/?p=20928"},"modified":"2021-08-23T14:45:27","modified_gmt":"2021-08-23T12:45:27","slug":"appel-mouvement-ambition-education","status":"publish","type":"post","link":"https:\/\/snuipp86.fr\/index.php\/2021\/08\/23\/appel-mouvement-ambition-education\/","title":{"rendered":"Appel \u00ab\u00a0Mouvement Ambition \u00c9ducation\u00a0\u00bb"},"content":{"rendered":"<p>Le 30 juin dernier, plusieurs associations et organisations syndicales dont le SNUipp-FSU, ont lanc\u00e9 publiquement un appel en faveur de la mise en \u0153uvre d\u2019une v\u00e9ritable politique \u00e9ducative qui prennent en compte les d\u00e9fis d\u2019aujourd\u2019hui et pour exprimer l\u2019urgence \u00e0 ce que les d\u00e9bats autour de l\u2019\u00c9ducation impliquent l\u2019ensemble des acteurs et actrices, des partenaires et ne reste pas un sujet \u00ab pr\u00e9empt\u00e9 \u00bb par un ministre .<\/p>\n<p>&nbsp;<\/p>\n<a href=\"https:\/\/snuipp86.fr\/wp-content\/uploads\/2021\/08\/23_08_21_mae_affiche.pdf\" class=\"pdfemb-viewer\" style=\"\" data-width=\"max\" data-height=\"max\" data-toolbar=\"bottom\" data-toolbar-fixed=\"off\">23_08_21_mae_affiche<\/a>\n","protected":false},"excerpt":{"rendered":"<p>Le 30 juin dernier, plusieurs associations et organisations syndicales dont le SNUipp-FSU, ont lanc\u00e9 publiquement un appel en faveur de la mise en \u0153uvre d\u2019une v\u00e9ritable politique \u00e9ducative qui prennent en compte les d\u00e9fis d\u2019aujourd\u2019hui et pour exprimer l\u2019urgence \u00e0 ce que les d\u00e9bats autour de l\u2019\u00c9ducation impliquent l\u2019ensemble des acteurs et actrices, des partenaires et [&hellip;]<\/p>\n","protected":false},"author":4,"featured_media":20930,"comment_status":"closed","ping_status":"closed","sticky":false,"template":"","format":"standard","meta":{"footnotes":""},"categories":[14],"tags":[23],"class_list":["post-20928","post","type-post","status-publish","format-standard","has-post-thumbnail","hentry","category-a-la-une","tag-mobilisations"],"yoast_head":"<!-- This site is optimized with the Yoast SEO plugin v26.6 - https:\/\/yoast.com\/wordpress\/plugins\/seo\/ -->\n<title>Appel &quot;Mouvement Ambition \u00c9ducation&quot; - FSU-SNUipp 86<\/title>\n<meta name=\"robots\" content=\"index, follow, max-snippet:-1, max-image-preview:large, max-video-preview:-1\" \/>\n<link rel=\"canonical\" href=\"https:\/\/snuipp86.fr\/index.php\/2021\/08\/23\/appel-mouvement-ambition-education\/\" \/>\n<meta property=\"og:locale\" content=\"fr_FR\" \/>\n<meta property=\"og:type\" content=\"article\" \/>\n<meta property=\"og:title\" content=\"Appel &quot;Mouvement Ambition \u00c9ducation&quot; - FSU-SNUipp 86\" \/>\n<meta property=\"og:description\" content=\"Le 30 juin dernier, plusieurs associations et organisations syndicales dont le SNUipp-FSU, ont lanc\u00e9 publiquement un appel en faveur de la mise en \u0153uvre d\u2019une v\u00e9ritable politique \u00e9ducative qui prennent en compte les d\u00e9fis d\u2019aujourd\u2019hui et pour exprimer l\u2019urgence \u00e0 ce que les d\u00e9bats autour de l\u2019\u00c9ducation impliquent l\u2019ensemble des acteurs et actrices, des partenaires et [&hellip;]\" \/>\n<meta property=\"og:url\" content=\"https:\/\/snuipp86.fr\/index.php\/2021\/08\/23\/appel-mouvement-ambition-education\/\" \/>\n<meta property=\"og:site_name\" content=\"FSU-SNUipp 86\" \/>\n<meta property=\"article:published_time\" content=\"2021-08-23T12:45:27+00:00\" \/>\n<meta property=\"og:image\" content=\"https:\/\/snuipp86.fr\/wp-content\/uploads\/2021\/08\/WqrR_fcN.jpg\" \/>\n\t<meta property=\"og:image:width\" content=\"399\" \/>\n\t<meta property=\"og:image:height\" content=\"399\" \/>\n\t<meta property=\"og:image:type\" content=\"image\/jpeg\" \/>\n<meta name=\"author\" content=\"Matthieu Menaut\" \/>\n<meta name=\"twitter:card\" content=\"summary_large_image\" \/>\n<meta name=\"twitter:label1\" content=\"\u00c9crit par\" \/>\n\t<meta name=\"twitter:data1\" content=\"Matthieu Menaut\" \/>\n\t<meta name=\"twitter:label2\" content=\"Dur\u00e9e de lecture estim\u00e9e\" \/>\n\t<meta name=\"twitter:data2\" content=\"1 minute\" \/>\n<script type=\"application\/ld+json\" class=\"yoast-schema-graph\">{\"@context\":\"https:\/\/schema.org\",\"@graph\":[{\"@type\":\"WebPage\",\"@id\":\"https:\/\/snuipp86.fr\/index.php\/2021\/08\/23\/appel-mouvement-ambition-education\/\",\"url\":\"https:\/\/snuipp86.fr\/index.php\/2021\/08\/23\/appel-mouvement-ambition-education\/\",\"name\":\"Appel \\\"Mouvement Ambition \u00c9ducation\\\" - FSU-SNUipp 86\",\"isPartOf\":{\"@id\":\"https:\/\/snuipp86.fr\/#website\"},\"primaryImageOfPage\":{\"@id\":\"https:\/\/snuipp86.fr\/index.php\/2021\/08\/23\/appel-mouvement-ambition-education\/#primaryimage\"},\"image\":{\"@id\":\"https:\/\/snuipp86.fr\/index.php\/2021\/08\/23\/appel-mouvement-ambition-education\/#primaryimage\"},\"thumbnailUrl\":\"https:\/\/snuipp86.fr\/wp-content\/uploads\/2021\/08\/WqrR_fcN.jpg\",\"datePublished\":\"2021-08-23T12:45:27+00:00\",\"author\":{\"@id\":\"https:\/\/snuipp86.fr\/#\/schema\/person\/5a96b33672b90a1385fd0b096fd5ebcb\"},\"breadcrumb\":{\"@id\":\"https:\/\/snuipp86.fr\/index.php\/2021\/08\/23\/appel-mouvement-ambition-education\/#breadcrumb\"},\"inLanguage\":\"fr-FR\",\"potentialAction\":[{\"@type\":\"ReadAction\",\"target\":[\"https:\/\/snuipp86.fr\/index.php\/2021\/08\/23\/appel-mouvement-ambition-education\/\"]}]},{\"@type\":\"ImageObject\",\"inLanguage\":\"fr-FR\",\"@id\":\"https:\/\/snuipp86.fr\/index.php\/2021\/08\/23\/appel-mouvement-ambition-education\/#primaryimage\",\"url\":\"https:\/\/snuipp86.fr\/wp-content\/uploads\/2021\/08\/WqrR_fcN.jpg\",\"contentUrl\":\"https:\/\/snuipp86.fr\/wp-content\/uploads\/2021\/08\/WqrR_fcN.jpg\",\"width\":399,\"height\":399,\"caption\":\"MAE\"},{\"@type\":\"BreadcrumbList\",\"@id\":\"https:\/\/snuipp86.fr\/index.php\/2021\/08\/23\/appel-mouvement-ambition-education\/#breadcrumb\",\"itemListElement\":[{\"@type\":\"ListItem\",\"position\":1,\"name\":\"Accueil\",\"item\":\"https:\/\/snuipp86.fr\/\"},{\"@type\":\"ListItem\",\"position\":2,\"name\":\"Appel &#8220;Mouvement Ambition \u00c9ducation&#8221;\"}]},{\"@type\":\"WebSite\",\"@id\":\"https:\/\/snuipp86.fr\/#website\",\"url\":\"https:\/\/snuipp86.fr\/\",\"name\":\"FSU-SNUipp 86\",\"description\":\"Des id\u00e9es qui font l&#039;\u00e9cole\",\"potentialAction\":[{\"@type\":\"SearchAction\",\"target\":{\"@type\":\"EntryPoint\",\"urlTemplate\":\"https:\/\/snuipp86.fr\/?s={search_term_string}\"},\"query-input\":{\"@type\":\"PropertyValueSpecification\",\"valueRequired\":true,\"valueName\":\"search_term_string\"}}],\"inLanguage\":\"fr-FR\"},{\"@type\":\"Person\",\"@id\":\"https:\/\/snuipp86.fr\/#\/schema\/person\/5a96b33672b90a1385fd0b096fd5ebcb\",\"name\":\"Matthieu Menaut\",\"image\":{\"@type\":\"ImageObject\",\"inLanguage\":\"fr-FR\",\"@id\":\"https:\/\/snuipp86.fr\/#\/schema\/person\/image\/\",\"url\":\"https:\/\/secure.gravatar.com\/avatar\/03e70f897b03256ddca91d16c3e33a876c31abbf1b31cb48e60e770f684a04d1?s=96&d=mm&r=g\",\"contentUrl\":\"https:\/\/secure.gravatar.com\/avatar\/03e70f897b03256ddca91d16c3e33a876c31abbf1b31cb48e60e770f684a04d1?s=96&d=mm&r=g\",\"caption\":\"Matthieu Menaut\"},\"url\":\"https:\/\/snuipp86.fr\/index.php\/author\/mmenaut\/\"}]}<\/script>\n<!-- \/ Yoast SEO plugin. -->","yoast_head_json":{"title":"Appel \"Mouvement Ambition \u00c9ducation\" - FSU-SNUipp 86","robots":{"index":"index","follow":"follow","max-snippet":"max-snippet:-1","max-image-preview":"max-image-preview:large","max-video-preview":"max-video-preview:-1"},"canonical":"https:\/\/snuipp86.fr\/index.php\/2021\/08\/23\/appel-mouvement-ambition-education\/","og_locale":"fr_FR","og_type":"article","og_title":"Appel \"Mouvement Ambition \u00c9ducation\" - FSU-SNUipp 86","og_description":"Le 30 juin dernier, plusieurs associations et organisations syndicales dont le SNUipp-FSU, ont lanc\u00e9 publiquement un appel en faveur de la mise en \u0153uvre d\u2019une v\u00e9ritable politique \u00e9ducative qui prennent en compte les d\u00e9fis d\u2019aujourd\u2019hui et pour exprimer l\u2019urgence \u00e0 ce que les d\u00e9bats autour de l\u2019\u00c9ducation impliquent l\u2019ensemble des acteurs et actrices, des partenaires et [&hellip;]","og_url":"https:\/\/snuipp86.fr\/index.php\/2021\/08\/23\/appel-mouvement-ambition-education\/","og_site_name":"FSU-SNUipp 86","article_published_time":"2021-08-23T12:45:27+00:00","og_image":[{"width":399,"height":399,"url":"https:\/\/snuipp86.fr\/wp-content\/uploads\/2021\/08\/WqrR_fcN.jpg","type":"image\/jpeg"}],"author":"Matthieu Menaut","twitter_card":"summary_large_image","twitter_misc":{"\u00c9crit par":"Matthieu Menaut","Dur\u00e9e de lecture estim\u00e9e":"1 minute"},"schema":{"@context":"https:\/\/schema.org","@graph":[{"@type":"WebPage","@id":"https:\/\/snuipp86.fr\/index.php\/2021\/08\/23\/appel-mouvement-ambition-education\/","url":"https:\/\/snuipp86.fr\/index.php\/2021\/08\/23\/appel-mouvement-ambition-education\/","name":"Appel \"Mouvement Ambition \u00c9ducation\" - FSU-SNUipp 86","isPartOf":{"@id":"https:\/\/snuipp86.fr\/#website"},"primaryImageOfPage":{"@id":"https:\/\/snuipp86.fr\/index.php\/2021\/08\/23\/appel-mouvement-ambition-education\/#primaryimage"},"image":{"@id":"https:\/\/snuipp86.fr\/index.php\/2021\/08\/23\/appel-mouvement-ambition-education\/#primaryimage"},"thumbnailUrl":"https:\/\/snuipp86.fr\/wp-content\/uploads\/2021\/08\/WqrR_fcN.jpg","datePublished":"2021-08-23T12:45:27+00:00","author":{"@id":"https:\/\/snuipp86.fr\/#\/schema\/person\/5a96b33672b90a1385fd0b096fd5ebcb"},"breadcrumb":{"@id":"https:\/\/snuipp86.fr\/index.php\/2021\/08\/23\/appel-mouvement-ambition-education\/#breadcrumb"},"inLanguage":"fr-FR","potentialAction":[{"@type":"ReadAction","target":["https:\/\/snuipp86.fr\/index.php\/2021\/08\/23\/appel-mouvement-ambition-education\/"]}]},{"@type":"ImageObject","inLanguage":"fr-FR","@id":"https:\/\/snuipp86.fr\/index.php\/2021\/08\/23\/appel-mouvement-ambition-education\/#primaryimage","url":"https:\/\/snuipp86.fr\/wp-content\/uploads\/2021\/08\/WqrR_fcN.jpg","contentUrl":"https:\/\/snuipp86.fr\/wp-content\/uploads\/2021\/08\/WqrR_fcN.jpg","width":399,"height":399,"caption":"MAE"},{"@type":"BreadcrumbList","@id":"https:\/\/snuipp86.fr\/index.php\/2021\/08\/23\/appel-mouvement-ambition-education\/#breadcrumb","itemListElement":[{"@type":"ListItem","position":1,"name":"Accueil","item":"https:\/\/snuipp86.fr\/"},{"@type":"ListItem","position":2,"name":"Appel &#8220;Mouvement Ambition \u00c9ducation&#8221;"}]},{"@type":"WebSite","@id":"https:\/\/snuipp86.fr\/#website","url":"https:\/\/snuipp86.fr\/","name":"FSU-SNUipp 86","description":"Des id\u00e9es qui font l&#039;\u00e9cole","potentialAction":[{"@type":"SearchAction","target":{"@type":"EntryPoint","urlTemplate":"https:\/\/snuipp86.fr\/?s={search_term_string}"},"query-input":{"@type":"PropertyValueSpecification","valueRequired":true,"valueName":"search_term_string"}}],"inLanguage":"fr-FR"},{"@type":"Person","@id":"https:\/\/snuipp86.fr\/#\/schema\/person\/5a96b33672b90a1385fd0b096fd5ebcb","name":"Matthieu Menaut","image":{"@type":"ImageObject","inLanguage":"fr-FR","@id":"https:\/\/snuipp86.fr\/#\/schema\/person\/image\/","url":"https:\/\/secure.gravatar.com\/avatar\/03e70f897b03256ddca91d16c3e33a876c31abbf1b31cb48e60e770f684a04d1?s=96&d=mm&r=g","contentUrl":"https:\/\/secure.gravatar.com\/avatar\/03e70f897b03256ddca91d16c3e33a876c31abbf1b31cb48e60e770f684a04d1?s=96&d=mm&r=g","caption":"Matthieu Menaut"},"url":"https:\/\/snuipp86.fr\/index.php\/author\/mmenaut\/"}]}},"_links":{"self":[{"href":"https:\/\/snuipp86.fr\/index.php\/wp-json\/wp\/v2\/posts\/20928","targetHints":{"allow":["GET"]}}],"collection":[{"href":"https:\/\/snuipp86.fr\/index.php\/wp-json\/wp\/v2\/posts"}],"about":[{"href":"https:\/\/snuipp86.fr\/index.php\/wp-json\/wp\/v2\/types\/post"}],"author":[{"embeddable":true,"href":"https:\/\/snuipp86.fr\/index.php\/wp-json\/wp\/v2\/users\/4"}],"replies":[{"embeddable":true,"href":"https:\/\/snuipp86.fr\/index.php\/wp-json\/wp\/v2\/comments?post=20928"}],"version-history":[{"count":0,"href":"https:\/\/snuipp86.fr\/index.php\/wp-json\/wp\/v2\/posts\/20928\/revisions"}],"wp:featuredmedia":[{"embeddable":true,"href":"https:\/\/snuipp86.fr\/index.php\/wp-json\/wp\/v2\/media\/20930"}],"wp:attachment":[{"href":"https:\/\/snuipp86.fr\/index.php\/wp-json\/wp\/v2\/media?parent=20928"}],"wp:term":[{"taxonomy":"category","embeddable":true,"href":"https:\/\/snuipp86.fr\/index.php\/wp-json\/wp\/v2\/categories?post=20928"},{"taxonomy":"post_tag","embeddable":true,"href":"https:\/\/snuipp86.fr\/index.php\/wp-json\/wp\/v2\/tags?post=20928"}],"curies":[{"name":"wp","href":"https:\/\/api.w.org\/{rel}","templated":true}]}}