{"id":21171,"date":"2025-10-25T06:51:34","date_gmt":"2025-10-25T04:51:34","guid":{"rendered":"http:\/\/snuipp86.fr\/?p=21171"},"modified":"2025-11-09T07:51:57","modified_gmt":"2025-11-09T06:51:57","slug":"changer-de-departement-calendrier-previsionnel-webinaire","status":"publish","type":"post","link":"https:\/\/snuipp86.fr\/index.php\/2025\/10\/25\/changer-de-departement-calendrier-previsionnel-webinaire\/","title":{"rendered":"Changer de d\u00e9partement \u00e0 la rentr\u00e9e 2026 : calendrier , webinaire, aides, r\u00e9sultats"},"content":{"rendered":"<section class=\"clearfix\">Le Bulletin Officiel sur les changements de d\u00e9partement est paru ce 16 octobre. <a href=\"https:\/\/www.education.gouv.fr\/bo\/2025\/Hebdo39\/MENH2526013N\">https:\/\/www.education.gouv.fr\/bo\/2025\/Hebdo39\/MENH2526013N<\/a><\/p>\n<h2><span style=\"color: #0000ff;\">Calendrier<\/span><\/h2>\n<h3><span style=\"color: #800080;\"><strong>Mouvement inter d\u00e9partements<\/strong><\/span><\/h3>\n<p><img decoding=\"async\" class=\" wp-image-20778 alignleft\" src=\"https:\/\/snuipp86.fr\/wp-content\/uploads\/2021\/06\/calendrier-300x289.jpg\" alt=\"\" width=\"155\" height=\"149\" srcset=\"https:\/\/snuipp86.fr\/wp-content\/uploads\/2021\/06\/calendrier-200x193.jpg 200w, https:\/\/snuipp86.fr\/wp-content\/uploads\/2021\/06\/calendrier-300x289.jpg 300w, https:\/\/snuipp86.fr\/wp-content\/uploads\/2021\/06\/calendrier-400x385.jpg 400w, https:\/\/snuipp86.fr\/wp-content\/uploads\/2021\/06\/calendrier.jpg 512w\" sizes=\"(max-width: 155px) 100vw, 155px\" \/><\/p>\n<\/section>\n<table>\n<thead>\n<tr>\n<th class=\"first-item\">Dates<\/th>\n<th>Op\u00e9rations<\/th>\n<\/tr>\n<\/thead>\n<tbody>\n<tr>\n<td class=\"first-item\" colspan=\"2\"><span style=\"color: #0000ff;\"><strong>Formulation des demandes et accompagnement des agents<\/strong><\/span><\/td>\n<\/tr>\n<tr>\n<td class=\"first-item\">Mardi 4\u00a0novembre\u00a02025<\/td>\n<td>Ouverture de la plateforme Info mobilit\u00e9 minist\u00e9rielle accessible au 01\u00a055\u00a055\u00a044\u00a044<\/td>\n<\/tr>\n<tr>\n<td class=\"first-item\"><span style=\"color: #ff0000;\">Mercredi 5\u00a0novembre\u00a02025<\/span><\/td>\n<td><span style=\"color: #ff0000;\"><strong>Ouverture de l\u2019application Siam\u00a0<\/strong>p<\/span>ermettant la saisie des<strong>\u00a0<\/strong>v\u0153ux<\/td>\n<\/tr>\n<tr>\n<td class=\"first-item\"><span style=\"color: #ff0000;\">Mercredi 26\u00a0novembre\u00a02025<\/span><br \/>\n<span style=\"color: #ff0000;\">\u00e0 midi (heure de Paris)<\/span><\/td>\n<td><span style=\"color: #ff0000;\"><strong>Fin de la saisie des v\u0153ux<\/strong><\/span> de mutations sur l\u2019application Siam et <strong>fermeture de la plateforme Info mobilit\u00e9 <u>minist\u00e9rielle<\/u><\/strong><\/td>\n<\/tr>\n<tr>\n<td class=\"first-item\" colspan=\"2\"><strong><span style=\"color: #0000ff;\">Confirmation des demandes et transmission des pi\u00e8ces justificatives<\/span><\/strong><\/td>\n<\/tr>\n<tr>\n<td class=\"first-item\">\u00c0 compter du jeudi<br \/>\n27\u00a0novembre\u00a02025<\/td>\n<td><strong>Transmission \u00e0 chaque enseignant des confirmations de demande de changement de d\u00e9partement<\/strong> sur leur messagerie \u00e9lectronique I-Prof par les services d\u00e9partementaux<\/td>\n<\/tr>\n<tr>\n<td class=\"first-item\">Jeudi 11\u00a0d\u00e9cembre\u00a02025<br \/>\n<strong>au plus tard<\/strong><\/td>\n<td>Date limite d\u2019<strong>envoi<\/strong> par les enseignants de leur <strong>confirmation de demande de changement de d\u00e9partement et des pi\u00e8ces justificatives<\/strong> aux directions des services d\u00e9partementaux de l\u2019\u00e9ducation nationale selon la modalit\u00e9 figurant sur l\u2019ent\u00eate de la confirmation de demande de changement de d\u00e9partement<\/td>\n<\/tr>\n<tr>\n<td class=\"first-item\" colspan=\"2\">\u26a0<strong> L\u2019absence de transmission de la confirmation de demande au plus tard le 11\u00a0d\u00e9cembre\u00a02025\u00a0<\/strong>entrainera<strong>\u00a0<\/strong>automatiquement<strong> l\u2019annulation de la participation\u00a0<\/strong>au<strong>\u00a0<\/strong>mouvement<strong>\u00a0<\/strong>du<strong>\u00a0<\/strong>candidat<\/td>\n<\/tr>\n<tr>\n<td class=\"first-item\" colspan=\"2\"><span style=\"color: #0000ff;\"><strong>Demandes de modification et demandes tardives<\/strong><\/span><\/td>\n<\/tr>\n<tr>\n<td class=\"first-item\">Lundi 12\u00a0janvier 2026<br \/>\n<strong>au plus tard<\/strong><\/td>\n<td>Date limite de r\u00e9ception par les services d\u00e9partementaux (DSDEN)\u00a0des <strong>demandes tardives pour rapprochement de conjoints<\/strong> ou des <strong>demandes de modifications de la situation familiale<\/strong><\/td>\n<\/tr>\n<tr>\n<td class=\"first-item\" colspan=\"2\"><span style=\"color: #0000ff;\"><strong>Phase de consultation des bar\u00e8mes initiaux<\/strong><\/span><\/td>\n<\/tr>\n<tr>\n<td class=\"first-item\">Mercredi 14\u00a0janvier\u00a02026<\/td>\n<td><strong>Affichage des bar\u00e8mes initiaux dans Siam pour v\u00e9rification par les enseignants\u00a0<\/strong><\/td>\n<\/tr>\n<tr>\n<td class=\"first-item\">Du mercredi 14\u00a0janvier au mercredi 28\u00a0janvier\u00a02026<\/td>\n<td><strong>Phase de demandes de correction des bar\u00e8mes<\/strong> <strong>initiaux<\/strong> formul\u00e9es par les enseignants et <strong>traitement des demandes par les services d\u00e9partementaux<\/strong><\/td>\n<\/tr>\n<tr>\n<td class=\"first-item\" colspan=\"2\"><span style=\"color: #0000ff;\"><strong>Demande d\u2019annulation de participation<\/strong><\/span><\/td>\n<\/tr>\n<tr>\n<td class=\"first-item\">Mardi 3\u00a0f\u00e9vrier\u00a02026<br \/>\n<strong>au plus tard<\/strong><\/td>\n<td>Date limite de r\u00e9ception par les services d\u00e9partementaux (DSDEN) des\u00a0<strong>demandes d\u2019annulation de participation<\/strong> (date d\u2019envoi du courriel ou cachet de la poste faisant foi en fonction de la modalit\u00e9 d\u00e9finie sur le document)<\/td>\n<\/tr>\n<tr>\n<td class=\"first-item\" colspan=\"2\"><span style=\"color: #0000ff;\"><strong>Phase de publication des bar\u00e8mes arr\u00eat\u00e9s<\/strong><\/span><\/td>\n<\/tr>\n<tr>\n<td class=\"first-item\">Mercredi 4\u00a0f\u00e9vrier\u00a02026<\/td>\n<td><strong>Les bar\u00e8mes sont arr\u00eat\u00e9s d\u00e9finitivement\u00a0<\/strong>par chaque DSDEN et visibles par les agents dans SIAM. <strong>Ils ne sont plus susceptibles d\u2019appel<\/strong>.<\/td>\n<\/tr>\n<tr>\n<td class=\"first-item\" colspan=\"2\"><strong><span style=\"color: #0000ff;\">R\u00e9sultats des op\u00e9rations de mobilit\u00e9 interd\u00e9partementale<\/span><\/strong><\/td>\n<\/tr>\n<tr>\n<td class=\"first-item\">Mercredi 11\u00a0mars\u00a02026<br \/>\n\u00e0 midi (heure de Paris)<\/td>\n<td><strong>Diffusion individuelle des r\u00e9sultats<\/strong> aux candidats \u00e0 la mutation<\/td>\n<\/tr>\n<tr>\n<td class=\"first-item\" colspan=\"2\">\u26a0\u00a0Les participants au mouvement recevront le mercredi 11\u00a0mars\u00a02026 le r\u00e9sultat de leur demande de mutation par messagerie I-prof et par message sur leur t\u00e9l\u00e9phone portable s\u2019ils ont indiqu\u00e9 un num\u00e9ro valide dans Siam lors de la p\u00e9riode de saisie des v\u0153ux<\/td>\n<\/tr>\n<\/tbody>\n<\/table>\n<h3><strong><span style=\"color: #800080;\">Mouvement postes \u00e0 profil (PoP)<\/span><\/strong><\/h3>\n<div class=\"table-wrapper custom-scrollbar-wrapper\">\n<div class=\"viewport\">\n<div class=\"overview\">\n<table>\n<thead>\n<tr>\n<th class=\"first-item\">Dates<\/th>\n<th>Op\u00e9rations<\/th>\n<\/tr>\n<\/thead>\n<tbody>\n<tr>\n<td class=\"first-item\" colspan=\"2\"><span style=\"color: #0000ff;\"><strong>Formulation des demandes et accompagnement des agents<\/strong><\/span><\/td>\n<\/tr>\n<tr>\n<td class=\"first-item\">Mardi 4\u00a0novembre\u00a02025<\/td>\n<td><strong>Ouverture de la plateforme Info mobilit\u00e9 minist\u00e9rielle<\/strong> accessible au\u00a001\u00a055\u00a055\u00a044\u00a044<\/td>\n<\/tr>\n<tr>\n<td class=\"first-item\">Mercredi 5\u00a0novembre\u00a02025<br \/>\n\u00e0 midi (heure de Paris)<\/td>\n<td><strong>Date de l\u2019ouverture de l\u2019application Colibris\u00a0<\/strong>permettant aux <strong>enseignants de formuler leurs v\u0153ux<\/strong> dans le cadre du mouvement POP<\/td>\n<\/tr>\n<tr>\n<td class=\"first-item\">Mercredi 26\u00a0novembre\u00a02025<br \/>\n\u00e0 midi (heure de Paris)<\/td>\n<td><strong>Fin de la saisie des v\u0153ux<\/strong> de mutations POP sur l\u2019application Colibris<\/p>\n<p><strong>Fermeture de la plateforme Info mobilit\u00e9 minist\u00e9rielle<\/strong><\/td>\n<\/tr>\n<tr>\n<td class=\"first-item\" colspan=\"2\"><span style=\"color: #0000ff;\"><strong>Instruction des candidatures par les services d\u00e9partementaux (DSDEN) et r\u00e9sultats<\/strong><\/span><\/td>\n<\/tr>\n<tr>\n<td class=\"first-item\">Du lundi 1<sup>er\u00a0<\/sup>d\u00e9cembre\u00a02025<br \/>\nau mardi 27\u00a0janvier\u00a02026<\/td>\n<td><strong>Instruction des dossiers de candidature<\/strong>, <strong>organisation des entretiens avec les candidats<\/strong>.<\/td>\n<\/tr>\n<tr>\n<td class=\"first-item\">Jeudi 22 janvier 2026 \u00e0 minuit (heure de Paris)<\/td>\n<td><strong>Date limite d\u2019annulation de v\u0153ux\u00a0<\/strong><\/td>\n<\/tr>\n<tr>\n<td class=\"first-item\">Mardi 27\u00a0janvier\u00a02026<\/td>\n<td><strong>Date limite de classement des agents sur les postes par les DSDEN<\/strong><\/td>\n<\/tr>\n<tr>\n<td class=\"first-item\">Mercredi 18\u00a0f\u00e9vrier\u00a02026<br \/>\n\u00e0 midi (heure de Paris)<\/td>\n<td><strong>Communication des r\u00e9sultats via leur messagerie I-Prof<\/strong><\/td>\n<\/tr>\n<\/tbody>\n<\/table>\n<\/div>\n<\/div>\n<\/div>\n<p>&nbsp;<\/p>\n<h2><span style=\"color: #0000ff;\"><strong>Webinaire changement de d\u00e9partement<\/strong><\/span><\/h2>\n<section class=\"clearfix\">\n<section class=\"clearfix\">Pour faire le point sur les derni\u00e8res modifications de r\u00e8gles, mais expliquer plus g\u00e9n\u00e9ralement le principe du mouvement interd\u00e9partemental, les outils, l&rsquo;accompagnement possible, les recours, le syndicat a propos\u00e9 un webinaire mardi 4 novembre \u00e0 20h30 ouvert \u00e0 toutes et tous !<\/section>\n<\/section>\n<p>&nbsp;<\/p>\n<p><iframe title=\"YouTube video player\" src=\"https:\/\/www.youtube.com\/embed\/4JM1RzhvKwc?si=ABrhEORWKBM8oSsd\" width=\"560\" height=\"315\" frameborder=\"0\" allowfullscreen=\"allowfullscreen\"><\/iframe><br \/>\n&nbsp;<\/p>\n<h2><span style=\"color: #0000ff;\">Site sp\u00e9cial \u00ab\u00a0changer de d\u00e9partement\u00a0\u00bb<\/span><\/h2>\n<p>Retrouvez sur ce site l&rsquo;ensemble des \u00e9l\u00e9ments \u00e0 conna\u00eetre pour demander un changement de d\u00e9partement.<\/p>\n<p><a href=\"https:\/\/e-permutations.snuipp.fr\/86\">https:\/\/e-permutations.snuipp.fr\/86<\/a><\/p>\n<p>De plus, n&rsquo;oubliez pas de remplir une fiche de contr\u00f4le pour que la FSU-SNUipp 86 puisse vous accompagner dans vos d\u00e9marches.<\/p>\n<p>&nbsp;<\/p>\n<h2><span style=\"color: #0000ff;\"><strong>12 pages changer de d\u00e9partement<\/strong><\/span><\/h2>\n<a href=\"https:\/\/snuipp86.fr\/wp-content\/uploads\/2025\/10\/12_pages_changer_de_departement_2026_1_.pdf\" class=\"pdfemb-viewer\" style=\"\" data-width=\"max\" data-height=\"max\" data-toolbar=\"bottom\" data-toolbar-fixed=\"off\">12_pages_changer_de_departement_2026_1_<\/a>\n<p>&nbsp;<\/p>\n<h2><span style=\"color: #0000ff;\">Liste des postes PoP<\/span><\/h2>\n<p>Liste issue du travail de militant-es FSU-SNUipp<\/p>\n<a href=\"https:\/\/snuipp86.fr\/wp-content\/uploads\/2025\/10\/Postes-POP-2025-11-05.pdf\" class=\"pdfemb-viewer\" style=\"\" data-width=\"max\" data-height=\"max\" data-toolbar=\"bottom\" data-toolbar-fixed=\"off\">Postes POP 2025-11-05<\/a>\n<p>&nbsp;<\/p>\n<h2><strong><span style=\"color: #0000ff;\">R\u00e9sultats 2025<\/span><\/strong><\/h2>\n<p>&nbsp;<\/p>\n<div class=\"video-shortcode\">\n<blockquote class=\"wp-embedded-content\" data-secret=\"rLJFGS1cwB\"><p><a href=\"https:\/\/snuipp86.fr\/index.php\/2025\/03\/13\/changement-de-departement-2025-les-resultats-et-la-suite\/\">Changement de d\u00e9partement 2025 : les r\u00e9sultats et la suite ?<\/a><\/p><\/blockquote>\n<p><iframe class=\"wp-embedded-content\" sandbox=\"allow-scripts\" security=\"restricted\" style=\"position: absolute; visibility: hidden;\" title=\"\u00ab\u00a0Changement de d\u00e9partement 2025 : les r\u00e9sultats et la suite ?\u00a0\u00bb &#8212; FSU-SNUipp 86\" src=\"https:\/\/snuipp86.fr\/index.php\/2025\/03\/13\/changement-de-departement-2025-les-resultats-et-la-suite\/embed\/#?secret=3sDc7OOpwX#?secret=rLJFGS1cwB\" data-secret=\"rLJFGS1cwB\" width=\"600\" height=\"338\" frameborder=\"0\" marginwidth=\"0\" marginheight=\"0\" scrolling=\"no\"><\/iframe><\/div>\n<p>&nbsp;<\/p>\n<p>&nbsp;<\/p>\n<p>&nbsp;<\/p>\n<p>&nbsp;<\/p>\n<p>&nbsp;<\/p>\n<p>&nbsp;<\/p>\n","protected":false},"excerpt":{"rendered":"<p>Le Bulletin Officiel sur les changements de d\u00e9partement est paru ce 16 octobre. https:\/\/www.education.gouv.fr\/bo\/2025\/Hebdo39\/MENH2526013N Calendrier Mouvement inter d\u00e9partements Dates Op\u00e9rations Formulation des demandes et accompagnement des agents Mardi 4\u00a0novembre\u00a02025 Ouverture de la plateforme Info mobilit\u00e9 minist\u00e9rielle accessible au 01\u00a055\u00a055\u00a044\u00a044 Mercredi 5\u00a0novembre\u00a02025 Ouverture de l\u2019application Siam\u00a0permettant la saisie des\u00a0v\u0153ux Mercredi 26\u00a0novembre\u00a02025 \u00e0 midi (heure de Paris) Fin [&hellip;]<\/p>\n","protected":false},"author":4,"featured_media":21452,"comment_status":"closed","ping_status":"closed","sticky":false,"template":"","format":"standard","meta":{"footnotes":""},"categories":[14],"tags":[25],"class_list":["post-21171","post","type-post","status-publish","format-standard","has-post-thumbnail","hentry","category-a-la-une","tag-permutations"],"yoast_head":"<!-- This site is optimized with the Yoast SEO plugin v26.6 - https:\/\/yoast.com\/wordpress\/plugins\/seo\/ -->\n<title>Changer de d\u00e9partement \u00e0 la rentr\u00e9e 2026 : calendrier , webinaire, aides, r\u00e9sultats - FSU-SNUipp 86<\/title>\n<meta name=\"robots\" content=\"index, follow, max-snippet:-1, max-image-preview:large, max-video-preview:-1\" \/>\n<link rel=\"canonical\" href=\"https:\/\/snuipp86.fr\/index.php\/2025\/10\/25\/changer-de-departement-calendrier-previsionnel-webinaire\/\" \/>\n<meta property=\"og:locale\" content=\"fr_FR\" \/>\n<meta property=\"og:type\" content=\"article\" \/>\n<meta property=\"og:title\" content=\"Changer de d\u00e9partement \u00e0 la rentr\u00e9e 2026 : calendrier , webinaire, aides, r\u00e9sultats - FSU-SNUipp 86\" \/>\n<meta property=\"og:description\" content=\"Le Bulletin Officiel sur les changements de d\u00e9partement est paru ce 16 octobre. https:\/\/www.education.gouv.fr\/bo\/2025\/Hebdo39\/MENH2526013N Calendrier Mouvement inter d\u00e9partements Dates Op\u00e9rations Formulation des demandes et accompagnement des agents Mardi 4\u00a0novembre\u00a02025 Ouverture de la plateforme Info mobilit\u00e9 minist\u00e9rielle accessible au 01\u00a055\u00a055\u00a044\u00a044 Mercredi 5\u00a0novembre\u00a02025 Ouverture de l\u2019application Siam\u00a0permettant la saisie des\u00a0v\u0153ux Mercredi 26\u00a0novembre\u00a02025 \u00e0 midi (heure de Paris) Fin [&hellip;]\" \/>\n<meta property=\"og:url\" content=\"https:\/\/snuipp86.fr\/index.php\/2025\/10\/25\/changer-de-departement-calendrier-previsionnel-webinaire\/\" \/>\n<meta property=\"og:site_name\" content=\"FSU-SNUipp 86\" \/>\n<meta property=\"article:published_time\" content=\"2025-10-25T04:51:34+00:00\" \/>\n<meta property=\"article:modified_time\" content=\"2025-11-09T06:51:57+00:00\" \/>\n<meta property=\"og:image\" content=\"https:\/\/snuipp86.fr\/wp-content\/uploads\/2021\/12\/17-7cf9b.pngpermutation.png\" \/>\n\t<meta property=\"og:image:width\" content=\"400\" \/>\n\t<meta property=\"og:image:height\" content=\"400\" \/>\n\t<meta property=\"og:image:type\" content=\"image\/png\" \/>\n<meta name=\"author\" content=\"Matthieu Menaut\" \/>\n<meta name=\"twitter:card\" content=\"summary_large_image\" \/>\n<meta name=\"twitter:label1\" content=\"\u00c9crit par\" \/>\n\t<meta name=\"twitter:data1\" content=\"Matthieu Menaut\" \/>\n\t<meta name=\"twitter:label2\" content=\"Dur\u00e9e de lecture estim\u00e9e\" \/>\n\t<meta name=\"twitter:data2\" content=\"5 minutes\" \/>\n<script type=\"application\/ld+json\" class=\"yoast-schema-graph\">{\"@context\":\"https:\/\/schema.org\",\"@graph\":[{\"@type\":\"WebPage\",\"@id\":\"https:\/\/snuipp86.fr\/index.php\/2025\/10\/25\/changer-de-departement-calendrier-previsionnel-webinaire\/\",\"url\":\"https:\/\/snuipp86.fr\/index.php\/2025\/10\/25\/changer-de-departement-calendrier-previsionnel-webinaire\/\",\"name\":\"Changer de d\u00e9partement \u00e0 la rentr\u00e9e 2026 : calendrier , webinaire, aides, r\u00e9sultats - FSU-SNUipp 86\",\"isPartOf\":{\"@id\":\"https:\/\/snuipp86.fr\/#website\"},\"primaryImageOfPage\":{\"@id\":\"https:\/\/snuipp86.fr\/index.php\/2025\/10\/25\/changer-de-departement-calendrier-previsionnel-webinaire\/#primaryimage\"},\"image\":{\"@id\":\"https:\/\/snuipp86.fr\/index.php\/2025\/10\/25\/changer-de-departement-calendrier-previsionnel-webinaire\/#primaryimage\"},\"thumbnailUrl\":\"https:\/\/snuipp86.fr\/wp-content\/uploads\/2021\/12\/17-7cf9b.pngpermutation.png\",\"datePublished\":\"2025-10-25T04:51:34+00:00\",\"dateModified\":\"2025-11-09T06:51:57+00:00\",\"author\":{\"@id\":\"https:\/\/snuipp86.fr\/#\/schema\/person\/5a96b33672b90a1385fd0b096fd5ebcb\"},\"breadcrumb\":{\"@id\":\"https:\/\/snuipp86.fr\/index.php\/2025\/10\/25\/changer-de-departement-calendrier-previsionnel-webinaire\/#breadcrumb\"},\"inLanguage\":\"fr-FR\",\"potentialAction\":[{\"@type\":\"ReadAction\",\"target\":[\"https:\/\/snuipp86.fr\/index.php\/2025\/10\/25\/changer-de-departement-calendrier-previsionnel-webinaire\/\"]}]},{\"@type\":\"ImageObject\",\"inLanguage\":\"fr-FR\",\"@id\":\"https:\/\/snuipp86.fr\/index.php\/2025\/10\/25\/changer-de-departement-calendrier-previsionnel-webinaire\/#primaryimage\",\"url\":\"https:\/\/snuipp86.fr\/wp-content\/uploads\/2021\/12\/17-7cf9b.pngpermutation.png\",\"contentUrl\":\"https:\/\/snuipp86.fr\/wp-content\/uploads\/2021\/12\/17-7cf9b.pngpermutation.png\",\"width\":400,\"height\":400},{\"@type\":\"BreadcrumbList\",\"@id\":\"https:\/\/snuipp86.fr\/index.php\/2025\/10\/25\/changer-de-departement-calendrier-previsionnel-webinaire\/#breadcrumb\",\"itemListElement\":[{\"@type\":\"ListItem\",\"position\":1,\"name\":\"Accueil\",\"item\":\"https:\/\/snuipp86.fr\/\"},{\"@type\":\"ListItem\",\"position\":2,\"name\":\"Changer de d\u00e9partement \u00e0 la rentr\u00e9e 2026 : calendrier , webinaire, aides, r\u00e9sultats\"}]},{\"@type\":\"WebSite\",\"@id\":\"https:\/\/snuipp86.fr\/#website\",\"url\":\"https:\/\/snuipp86.fr\/\",\"name\":\"FSU-SNUipp 86\",\"description\":\"Des id\u00e9es qui font l&#039;\u00e9cole\",\"potentialAction\":[{\"@type\":\"SearchAction\",\"target\":{\"@type\":\"EntryPoint\",\"urlTemplate\":\"https:\/\/snuipp86.fr\/?s={search_term_string}\"},\"query-input\":{\"@type\":\"PropertyValueSpecification\",\"valueRequired\":true,\"valueName\":\"search_term_string\"}}],\"inLanguage\":\"fr-FR\"},{\"@type\":\"Person\",\"@id\":\"https:\/\/snuipp86.fr\/#\/schema\/person\/5a96b33672b90a1385fd0b096fd5ebcb\",\"name\":\"Matthieu Menaut\",\"image\":{\"@type\":\"ImageObject\",\"inLanguage\":\"fr-FR\",\"@id\":\"https:\/\/snuipp86.fr\/#\/schema\/person\/image\/\",\"url\":\"https:\/\/secure.gravatar.com\/avatar\/03e70f897b03256ddca91d16c3e33a876c31abbf1b31cb48e60e770f684a04d1?s=96&d=mm&r=g\",\"contentUrl\":\"https:\/\/secure.gravatar.com\/avatar\/03e70f897b03256ddca91d16c3e33a876c31abbf1b31cb48e60e770f684a04d1?s=96&d=mm&r=g\",\"caption\":\"Matthieu Menaut\"},\"url\":\"https:\/\/snuipp86.fr\/index.php\/author\/mmenaut\/\"}]}<\/script>\n<!-- \/ Yoast SEO plugin. -->","yoast_head_json":{"title":"Changer de d\u00e9partement \u00e0 la rentr\u00e9e 2026 : calendrier , webinaire, aides, r\u00e9sultats - FSU-SNUipp 86","robots":{"index":"index","follow":"follow","max-snippet":"max-snippet:-1","max-image-preview":"max-image-preview:large","max-video-preview":"max-video-preview:-1"},"canonical":"https:\/\/snuipp86.fr\/index.php\/2025\/10\/25\/changer-de-departement-calendrier-previsionnel-webinaire\/","og_locale":"fr_FR","og_type":"article","og_title":"Changer de d\u00e9partement \u00e0 la rentr\u00e9e 2026 : calendrier , webinaire, aides, r\u00e9sultats - FSU-SNUipp 86","og_description":"Le Bulletin Officiel sur les changements de d\u00e9partement est paru ce 16 octobre. https:\/\/www.education.gouv.fr\/bo\/2025\/Hebdo39\/MENH2526013N Calendrier Mouvement inter d\u00e9partements Dates Op\u00e9rations Formulation des demandes et accompagnement des agents Mardi 4\u00a0novembre\u00a02025 Ouverture de la plateforme Info mobilit\u00e9 minist\u00e9rielle accessible au 01\u00a055\u00a055\u00a044\u00a044 Mercredi 5\u00a0novembre\u00a02025 Ouverture de l\u2019application Siam\u00a0permettant la saisie des\u00a0v\u0153ux Mercredi 26\u00a0novembre\u00a02025 \u00e0 midi (heure de Paris) Fin [&hellip;]","og_url":"https:\/\/snuipp86.fr\/index.php\/2025\/10\/25\/changer-de-departement-calendrier-previsionnel-webinaire\/","og_site_name":"FSU-SNUipp 86","article_published_time":"2025-10-25T04:51:34+00:00","article_modified_time":"2025-11-09T06:51:57+00:00","og_image":[{"width":400,"height":400,"url":"https:\/\/snuipp86.fr\/wp-content\/uploads\/2021\/12\/17-7cf9b.pngpermutation.png","type":"image\/png"}],"author":"Matthieu Menaut","twitter_card":"summary_large_image","twitter_misc":{"\u00c9crit par":"Matthieu Menaut","Dur\u00e9e de lecture estim\u00e9e":"5 minutes"},"schema":{"@context":"https:\/\/schema.org","@graph":[{"@type":"WebPage","@id":"https:\/\/snuipp86.fr\/index.php\/2025\/10\/25\/changer-de-departement-calendrier-previsionnel-webinaire\/","url":"https:\/\/snuipp86.fr\/index.php\/2025\/10\/25\/changer-de-departement-calendrier-previsionnel-webinaire\/","name":"Changer de d\u00e9partement \u00e0 la rentr\u00e9e 2026 : calendrier , webinaire, aides, r\u00e9sultats - FSU-SNUipp 86","isPartOf":{"@id":"https:\/\/snuipp86.fr\/#website"},"primaryImageOfPage":{"@id":"https:\/\/snuipp86.fr\/index.php\/2025\/10\/25\/changer-de-departement-calendrier-previsionnel-webinaire\/#primaryimage"},"image":{"@id":"https:\/\/snuipp86.fr\/index.php\/2025\/10\/25\/changer-de-departement-calendrier-previsionnel-webinaire\/#primaryimage"},"thumbnailUrl":"https:\/\/snuipp86.fr\/wp-content\/uploads\/2021\/12\/17-7cf9b.pngpermutation.png","datePublished":"2025-10-25T04:51:34+00:00","dateModified":"2025-11-09T06:51:57+00:00","author":{"@id":"https:\/\/snuipp86.fr\/#\/schema\/person\/5a96b33672b90a1385fd0b096fd5ebcb"},"breadcrumb":{"@id":"https:\/\/snuipp86.fr\/index.php\/2025\/10\/25\/changer-de-departement-calendrier-previsionnel-webinaire\/#breadcrumb"},"inLanguage":"fr-FR","potentialAction":[{"@type":"ReadAction","target":["https:\/\/snuipp86.fr\/index.php\/2025\/10\/25\/changer-de-departement-calendrier-previsionnel-webinaire\/"]}]},{"@type":"ImageObject","inLanguage":"fr-FR","@id":"https:\/\/snuipp86.fr\/index.php\/2025\/10\/25\/changer-de-departement-calendrier-previsionnel-webinaire\/#primaryimage","url":"https:\/\/snuipp86.fr\/wp-content\/uploads\/2021\/12\/17-7cf9b.pngpermutation.png","contentUrl":"https:\/\/snuipp86.fr\/wp-content\/uploads\/2021\/12\/17-7cf9b.pngpermutation.png","width":400,"height":400},{"@type":"BreadcrumbList","@id":"https:\/\/snuipp86.fr\/index.php\/2025\/10\/25\/changer-de-departement-calendrier-previsionnel-webinaire\/#breadcrumb","itemListElement":[{"@type":"ListItem","position":1,"name":"Accueil","item":"https:\/\/snuipp86.fr\/"},{"@type":"ListItem","position":2,"name":"Changer de d\u00e9partement \u00e0 la rentr\u00e9e 2026 : calendrier , webinaire, aides, r\u00e9sultats"}]},{"@type":"WebSite","@id":"https:\/\/snuipp86.fr\/#website","url":"https:\/\/snuipp86.fr\/","name":"FSU-SNUipp 86","description":"Des id\u00e9es qui font l&#039;\u00e9cole","potentialAction":[{"@type":"SearchAction","target":{"@type":"EntryPoint","urlTemplate":"https:\/\/snuipp86.fr\/?s={search_term_string}"},"query-input":{"@type":"PropertyValueSpecification","valueRequired":true,"valueName":"search_term_string"}}],"inLanguage":"fr-FR"},{"@type":"Person","@id":"https:\/\/snuipp86.fr\/#\/schema\/person\/5a96b33672b90a1385fd0b096fd5ebcb","name":"Matthieu Menaut","image":{"@type":"ImageObject","inLanguage":"fr-FR","@id":"https:\/\/snuipp86.fr\/#\/schema\/person\/image\/","url":"https:\/\/secure.gravatar.com\/avatar\/03e70f897b03256ddca91d16c3e33a876c31abbf1b31cb48e60e770f684a04d1?s=96&d=mm&r=g","contentUrl":"https:\/\/secure.gravatar.com\/avatar\/03e70f897b03256ddca91d16c3e33a876c31abbf1b31cb48e60e770f684a04d1?s=96&d=mm&r=g","caption":"Matthieu Menaut"},"url":"https:\/\/snuipp86.fr\/index.php\/author\/mmenaut\/"}]}},"_links":{"self":[{"href":"https:\/\/snuipp86.fr\/index.php\/wp-json\/wp\/v2\/posts\/21171","targetHints":{"allow":["GET"]}}],"collection":[{"href":"https:\/\/snuipp86.fr\/index.php\/wp-json\/wp\/v2\/posts"}],"about":[{"href":"https:\/\/snuipp86.fr\/index.php\/wp-json\/wp\/v2\/types\/post"}],"author":[{"embeddable":true,"href":"https:\/\/snuipp86.fr\/index.php\/wp-json\/wp\/v2\/users\/4"}],"replies":[{"embeddable":true,"href":"https:\/\/snuipp86.fr\/index.php\/wp-json\/wp\/v2\/comments?post=21171"}],"version-history":[{"count":12,"href":"https:\/\/snuipp86.fr\/index.php\/wp-json\/wp\/v2\/posts\/21171\/revisions"}],"predecessor-version":[{"id":27196,"href":"https:\/\/snuipp86.fr\/index.php\/wp-json\/wp\/v2\/posts\/21171\/revisions\/27196"}],"wp:featuredmedia":[{"embeddable":true,"href":"https:\/\/snuipp86.fr\/index.php\/wp-json\/wp\/v2\/media\/21452"}],"wp:attachment":[{"href":"https:\/\/snuipp86.fr\/index.php\/wp-json\/wp\/v2\/media?parent=21171"}],"wp:term":[{"taxonomy":"category","embeddable":true,"href":"https:\/\/snuipp86.fr\/index.php\/wp-json\/wp\/v2\/categories?post=21171"},{"taxonomy":"post_tag","embeddable":true,"href":"https:\/\/snuipp86.fr\/index.php\/wp-json\/wp\/v2\/tags?post=21171"}],"curies":[{"name":"wp","href":"https:\/\/api.w.org\/{rel}","templated":true}]}}