{"id":21181,"date":"2021-10-12T07:56:12","date_gmt":"2021-10-12T05:56:12","guid":{"rendered":"http:\/\/snuipp86.fr\/?p=21181"},"modified":"2021-10-12T07:56:12","modified_gmt":"2021-10-12T05:56:12","slug":"hommage-a-samuel-paty","status":"publish","type":"post","link":"https:\/\/snuipp86.fr\/index.php\/2021\/10\/12\/hommage-a-samuel-paty\/","title":{"rendered":"Hommage \u00e0 Samuel Paty"},"content":{"rendered":"<p align=\"justify\"><span style=\"font-family: Tahoma, serif;\">Le minist\u00e8re a publi\u00e9 mercredi 6 octobre en soir\u00e9e une note aux recteurs-trices concernant la comm\u00e9moration de l\u2019assassinat de Samuel Paty. Plus t\u00f4t dans la journ\u00e9e, les organisations syndicales avaient \u00e9t\u00e9 convi\u00e9es \u00e0 une r\u00e9union d\u2019\u00e9changes sur ce sujet aupr\u00e8s de la Dgesco.<\/span><\/p>\n<p align=\"justify\"><span style=\"font-family: Tahoma, serif;\">Le SNUipp-FSU y a rappel\u00e9 quelques principes.<\/span><\/p>\n<p align=\"justify\"><span style=\"font-family: Tahoma, serif;\">La sp\u00e9cificit\u00e9 du public du premier degr\u00e9 doit \u00eatre prise en compte lors de cette comm\u00e9moration qu\u2019il n\u2019est pas possible de r\u00e9aliser avec de jeunes enfants. Nous avons fait r\u00e9f\u00e9rence \u00e0 l\u2019imposition l\u2019ann\u00e9e derni\u00e8re de la minute de silence dans certaines \u00e9coles avec toutes les tranches d\u2019\u00e2ge.<\/span><\/p>\n<p align=\"justify\"><span style=\"font-family: Tahoma, serif;\">Nous avons insist\u00e9 sur le libre choix des enseignant-es \u00e0 organiser ce moment et la n\u00e9cessit\u00e9 de ne pas l\u2019imposer dans toutes les classes. Par ailleurs, nous avons redit que le travail sur la libert\u00e9 d\u2019expression est un travail au long cours qui ne peut s\u2019improviser.<\/span><\/p>\n<p align=\"justify\"><span style=\"font-family: Tahoma, serif;\">Le Dgesco a r\u00e9pondu \u00e0 nos interrogations en nous assurant que ce temps n\u2019aurait pas de forme contrainte, qu\u2019il serait laiss\u00e9 \u00e0 la main des \u00e9quipes et qu\u2019il n\u2019y aurait aucune tonalit\u00e9 injonctive. Pour le premier degr\u00e9, il ne pourrait se mettre en place qu\u2019\u00e0 partir du cycle 3.<\/span><\/p>\n<p align=\"justify\"><span style=\"font-family: Tahoma, serif;\">Au vu du courrier du ministre aux recteurs-trices, il faut donc s\u2019en tenir \u00e0 la phrase : <\/span><\/p>\n<p align=\"justify\"><span style=\"font-family: Tahoma, serif;\">\u00ab\u00a0Les \u00e9coles et les \u00e9tablissements <\/span><span style=\"font-family: Tahoma, serif;\"><u><b>pourront<\/b><\/u><\/span><b> <\/b><span style=\"font-family: Tahoma, serif;\">organiser un temps de recueillement en m\u00e9moire de Samuel Paty, et consacrer une heure de cours du vendredi 15 octobre 2021 \u00e0 un temps d\u2019\u00e9changes, dont le contenu sera laiss\u00e9 au choix des \u00e9quipes en fonction de leurs situations respectives et en tenant compte notamment de l\u2019\u00e2ge des \u00e9l\u00e8ves.\u00a0\u00bb<\/span><\/p>\n<p align=\"justify\"><span style=\"font-family: Tahoma, serif;\">C\u2019est bien ce texte qui fait r\u00e9f\u00e9rence et aucune injonction d\u2019IEN ne pourra donc d\u00e9border de ce cadre.<\/span><\/p>\n<p align=\"justify\">voir circulaire aux recteurs-trices ci-dessous<\/p>\n<p align=\"justify\"><a href=\"https:\/\/snuipp86.fr\/wp-content\/uploads\/2021\/10\/commemoration_samuel_paty_15_10_21_.pdf\" class=\"pdfemb-viewer\" style=\"\" data-width=\"max\" data-height=\"max\" data-toolbar=\"bottom\" data-toolbar-fixed=\"off\">commemoration_samuel_paty_15_10_21_<\/a><\/p>\n<p align=\"justify\">\n","protected":false},"excerpt":{"rendered":"<p>Le minist\u00e8re a publi\u00e9 mercredi 6 octobre en soir\u00e9e une note aux recteurs-trices concernant la comm\u00e9moration de l\u2019assassinat de Samuel Paty. Plus t\u00f4t dans la journ\u00e9e, les organisations syndicales avaient \u00e9t\u00e9 convi\u00e9es \u00e0 une r\u00e9union d\u2019\u00e9changes sur ce sujet aupr\u00e8s de la Dgesco. Le SNUipp-FSU y a rappel\u00e9 quelques principes. La sp\u00e9cificit\u00e9 du public du premier [&hellip;]<\/p>\n","protected":false},"author":4,"featured_media":21183,"comment_status":"closed","ping_status":"closed","sticky":false,"template":"","format":"standard","meta":{"footnotes":""},"categories":[14],"tags":[13],"class_list":["post-21181","post","type-post","status-publish","format-standard","has-post-thumbnail","hentry","category-a-la-une","tag-sinformer"],"yoast_head":"<!-- This site is optimized with the Yoast SEO plugin v26.6 - https:\/\/yoast.com\/wordpress\/plugins\/seo\/ -->\n<title>Hommage \u00e0 Samuel Paty - FSU-SNUipp 86<\/title>\n<meta name=\"robots\" content=\"index, follow, max-snippet:-1, max-image-preview:large, max-video-preview:-1\" \/>\n<link rel=\"canonical\" href=\"https:\/\/snuipp86.fr\/index.php\/2021\/10\/12\/hommage-a-samuel-paty\/\" \/>\n<meta property=\"og:locale\" content=\"fr_FR\" \/>\n<meta property=\"og:type\" content=\"article\" \/>\n<meta property=\"og:title\" content=\"Hommage \u00e0 Samuel Paty - FSU-SNUipp 86\" \/>\n<meta property=\"og:description\" content=\"Le minist\u00e8re a publi\u00e9 mercredi 6 octobre en soir\u00e9e une note aux recteurs-trices concernant la comm\u00e9moration de l\u2019assassinat de Samuel Paty. Plus t\u00f4t dans la journ\u00e9e, les organisations syndicales avaient \u00e9t\u00e9 convi\u00e9es \u00e0 une r\u00e9union d\u2019\u00e9changes sur ce sujet aupr\u00e8s de la Dgesco. Le SNUipp-FSU y a rappel\u00e9 quelques principes. La sp\u00e9cificit\u00e9 du public du premier [&hellip;]\" \/>\n<meta property=\"og:url\" content=\"https:\/\/snuipp86.fr\/index.php\/2021\/10\/12\/hommage-a-samuel-paty\/\" \/>\n<meta property=\"og:site_name\" content=\"FSU-SNUipp 86\" \/>\n<meta property=\"article:published_time\" content=\"2021-10-12T05:56:12+00:00\" \/>\n<meta property=\"og:image\" content=\"https:\/\/snuipp86.fr\/wp-content\/uploads\/2021\/10\/arton5212.png\" \/>\n\t<meta property=\"og:image:width\" content=\"917\" \/>\n\t<meta property=\"og:image:height\" content=\"306\" \/>\n\t<meta property=\"og:image:type\" content=\"image\/png\" \/>\n<meta name=\"author\" content=\"Matthieu Menaut\" \/>\n<meta name=\"twitter:card\" content=\"summary_large_image\" \/>\n<meta name=\"twitter:label1\" content=\"\u00c9crit par\" \/>\n\t<meta name=\"twitter:data1\" content=\"Matthieu Menaut\" \/>\n\t<meta name=\"twitter:label2\" content=\"Dur\u00e9e de lecture estim\u00e9e\" \/>\n\t<meta name=\"twitter:data2\" content=\"2 minutes\" \/>\n<script type=\"application\/ld+json\" class=\"yoast-schema-graph\">{\"@context\":\"https:\/\/schema.org\",\"@graph\":[{\"@type\":\"WebPage\",\"@id\":\"https:\/\/snuipp86.fr\/index.php\/2021\/10\/12\/hommage-a-samuel-paty\/\",\"url\":\"https:\/\/snuipp86.fr\/index.php\/2021\/10\/12\/hommage-a-samuel-paty\/\",\"name\":\"Hommage \u00e0 Samuel Paty - FSU-SNUipp 86\",\"isPartOf\":{\"@id\":\"https:\/\/snuipp86.fr\/#website\"},\"primaryImageOfPage\":{\"@id\":\"https:\/\/snuipp86.fr\/index.php\/2021\/10\/12\/hommage-a-samuel-paty\/#primaryimage\"},\"image\":{\"@id\":\"https:\/\/snuipp86.fr\/index.php\/2021\/10\/12\/hommage-a-samuel-paty\/#primaryimage\"},\"thumbnailUrl\":\"https:\/\/snuipp86.fr\/wp-content\/uploads\/2021\/10\/arton5212.png\",\"datePublished\":\"2021-10-12T05:56:12+00:00\",\"author\":{\"@id\":\"https:\/\/snuipp86.fr\/#\/schema\/person\/5a96b33672b90a1385fd0b096fd5ebcb\"},\"breadcrumb\":{\"@id\":\"https:\/\/snuipp86.fr\/index.php\/2021\/10\/12\/hommage-a-samuel-paty\/#breadcrumb\"},\"inLanguage\":\"fr-FR\",\"potentialAction\":[{\"@type\":\"ReadAction\",\"target\":[\"https:\/\/snuipp86.fr\/index.php\/2021\/10\/12\/hommage-a-samuel-paty\/\"]}]},{\"@type\":\"ImageObject\",\"inLanguage\":\"fr-FR\",\"@id\":\"https:\/\/snuipp86.fr\/index.php\/2021\/10\/12\/hommage-a-samuel-paty\/#primaryimage\",\"url\":\"https:\/\/snuipp86.fr\/wp-content\/uploads\/2021\/10\/arton5212.png\",\"contentUrl\":\"https:\/\/snuipp86.fr\/wp-content\/uploads\/2021\/10\/arton5212.png\",\"width\":917,\"height\":306},{\"@type\":\"BreadcrumbList\",\"@id\":\"https:\/\/snuipp86.fr\/index.php\/2021\/10\/12\/hommage-a-samuel-paty\/#breadcrumb\",\"itemListElement\":[{\"@type\":\"ListItem\",\"position\":1,\"name\":\"Accueil\",\"item\":\"https:\/\/snuipp86.fr\/\"},{\"@type\":\"ListItem\",\"position\":2,\"name\":\"Hommage \u00e0 Samuel Paty\"}]},{\"@type\":\"WebSite\",\"@id\":\"https:\/\/snuipp86.fr\/#website\",\"url\":\"https:\/\/snuipp86.fr\/\",\"name\":\"FSU-SNUipp 86\",\"description\":\"Des id\u00e9es qui font l&#039;\u00e9cole\",\"potentialAction\":[{\"@type\":\"SearchAction\",\"target\":{\"@type\":\"EntryPoint\",\"urlTemplate\":\"https:\/\/snuipp86.fr\/?s={search_term_string}\"},\"query-input\":{\"@type\":\"PropertyValueSpecification\",\"valueRequired\":true,\"valueName\":\"search_term_string\"}}],\"inLanguage\":\"fr-FR\"},{\"@type\":\"Person\",\"@id\":\"https:\/\/snuipp86.fr\/#\/schema\/person\/5a96b33672b90a1385fd0b096fd5ebcb\",\"name\":\"Matthieu Menaut\",\"image\":{\"@type\":\"ImageObject\",\"inLanguage\":\"fr-FR\",\"@id\":\"https:\/\/snuipp86.fr\/#\/schema\/person\/image\/\",\"url\":\"https:\/\/secure.gravatar.com\/avatar\/03e70f897b03256ddca91d16c3e33a876c31abbf1b31cb48e60e770f684a04d1?s=96&d=mm&r=g\",\"contentUrl\":\"https:\/\/secure.gravatar.com\/avatar\/03e70f897b03256ddca91d16c3e33a876c31abbf1b31cb48e60e770f684a04d1?s=96&d=mm&r=g\",\"caption\":\"Matthieu Menaut\"},\"url\":\"https:\/\/snuipp86.fr\/index.php\/author\/mmenaut\/\"}]}<\/script>\n<!-- \/ Yoast SEO plugin. -->","yoast_head_json":{"title":"Hommage \u00e0 Samuel Paty - FSU-SNUipp 86","robots":{"index":"index","follow":"follow","max-snippet":"max-snippet:-1","max-image-preview":"max-image-preview:large","max-video-preview":"max-video-preview:-1"},"canonical":"https:\/\/snuipp86.fr\/index.php\/2021\/10\/12\/hommage-a-samuel-paty\/","og_locale":"fr_FR","og_type":"article","og_title":"Hommage \u00e0 Samuel Paty - FSU-SNUipp 86","og_description":"Le minist\u00e8re a publi\u00e9 mercredi 6 octobre en soir\u00e9e une note aux recteurs-trices concernant la comm\u00e9moration de l\u2019assassinat de Samuel Paty. Plus t\u00f4t dans la journ\u00e9e, les organisations syndicales avaient \u00e9t\u00e9 convi\u00e9es \u00e0 une r\u00e9union d\u2019\u00e9changes sur ce sujet aupr\u00e8s de la Dgesco. Le SNUipp-FSU y a rappel\u00e9 quelques principes. La sp\u00e9cificit\u00e9 du public du premier [&hellip;]","og_url":"https:\/\/snuipp86.fr\/index.php\/2021\/10\/12\/hommage-a-samuel-paty\/","og_site_name":"FSU-SNUipp 86","article_published_time":"2021-10-12T05:56:12+00:00","og_image":[{"width":917,"height":306,"url":"https:\/\/snuipp86.fr\/wp-content\/uploads\/2021\/10\/arton5212.png","type":"image\/png"}],"author":"Matthieu Menaut","twitter_card":"summary_large_image","twitter_misc":{"\u00c9crit par":"Matthieu Menaut","Dur\u00e9e de lecture estim\u00e9e":"2 minutes"},"schema":{"@context":"https:\/\/schema.org","@graph":[{"@type":"WebPage","@id":"https:\/\/snuipp86.fr\/index.php\/2021\/10\/12\/hommage-a-samuel-paty\/","url":"https:\/\/snuipp86.fr\/index.php\/2021\/10\/12\/hommage-a-samuel-paty\/","name":"Hommage \u00e0 Samuel Paty - FSU-SNUipp 86","isPartOf":{"@id":"https:\/\/snuipp86.fr\/#website"},"primaryImageOfPage":{"@id":"https:\/\/snuipp86.fr\/index.php\/2021\/10\/12\/hommage-a-samuel-paty\/#primaryimage"},"image":{"@id":"https:\/\/snuipp86.fr\/index.php\/2021\/10\/12\/hommage-a-samuel-paty\/#primaryimage"},"thumbnailUrl":"https:\/\/snuipp86.fr\/wp-content\/uploads\/2021\/10\/arton5212.png","datePublished":"2021-10-12T05:56:12+00:00","author":{"@id":"https:\/\/snuipp86.fr\/#\/schema\/person\/5a96b33672b90a1385fd0b096fd5ebcb"},"breadcrumb":{"@id":"https:\/\/snuipp86.fr\/index.php\/2021\/10\/12\/hommage-a-samuel-paty\/#breadcrumb"},"inLanguage":"fr-FR","potentialAction":[{"@type":"ReadAction","target":["https:\/\/snuipp86.fr\/index.php\/2021\/10\/12\/hommage-a-samuel-paty\/"]}]},{"@type":"ImageObject","inLanguage":"fr-FR","@id":"https:\/\/snuipp86.fr\/index.php\/2021\/10\/12\/hommage-a-samuel-paty\/#primaryimage","url":"https:\/\/snuipp86.fr\/wp-content\/uploads\/2021\/10\/arton5212.png","contentUrl":"https:\/\/snuipp86.fr\/wp-content\/uploads\/2021\/10\/arton5212.png","width":917,"height":306},{"@type":"BreadcrumbList","@id":"https:\/\/snuipp86.fr\/index.php\/2021\/10\/12\/hommage-a-samuel-paty\/#breadcrumb","itemListElement":[{"@type":"ListItem","position":1,"name":"Accueil","item":"https:\/\/snuipp86.fr\/"},{"@type":"ListItem","position":2,"name":"Hommage \u00e0 Samuel Paty"}]},{"@type":"WebSite","@id":"https:\/\/snuipp86.fr\/#website","url":"https:\/\/snuipp86.fr\/","name":"FSU-SNUipp 86","description":"Des id\u00e9es qui font l&#039;\u00e9cole","potentialAction":[{"@type":"SearchAction","target":{"@type":"EntryPoint","urlTemplate":"https:\/\/snuipp86.fr\/?s={search_term_string}"},"query-input":{"@type":"PropertyValueSpecification","valueRequired":true,"valueName":"search_term_string"}}],"inLanguage":"fr-FR"},{"@type":"Person","@id":"https:\/\/snuipp86.fr\/#\/schema\/person\/5a96b33672b90a1385fd0b096fd5ebcb","name":"Matthieu Menaut","image":{"@type":"ImageObject","inLanguage":"fr-FR","@id":"https:\/\/snuipp86.fr\/#\/schema\/person\/image\/","url":"https:\/\/secure.gravatar.com\/avatar\/03e70f897b03256ddca91d16c3e33a876c31abbf1b31cb48e60e770f684a04d1?s=96&d=mm&r=g","contentUrl":"https:\/\/secure.gravatar.com\/avatar\/03e70f897b03256ddca91d16c3e33a876c31abbf1b31cb48e60e770f684a04d1?s=96&d=mm&r=g","caption":"Matthieu Menaut"},"url":"https:\/\/snuipp86.fr\/index.php\/author\/mmenaut\/"}]}},"_links":{"self":[{"href":"https:\/\/snuipp86.fr\/index.php\/wp-json\/wp\/v2\/posts\/21181","targetHints":{"allow":["GET"]}}],"collection":[{"href":"https:\/\/snuipp86.fr\/index.php\/wp-json\/wp\/v2\/posts"}],"about":[{"href":"https:\/\/snuipp86.fr\/index.php\/wp-json\/wp\/v2\/types\/post"}],"author":[{"embeddable":true,"href":"https:\/\/snuipp86.fr\/index.php\/wp-json\/wp\/v2\/users\/4"}],"replies":[{"embeddable":true,"href":"https:\/\/snuipp86.fr\/index.php\/wp-json\/wp\/v2\/comments?post=21181"}],"version-history":[{"count":0,"href":"https:\/\/snuipp86.fr\/index.php\/wp-json\/wp\/v2\/posts\/21181\/revisions"}],"wp:featuredmedia":[{"embeddable":true,"href":"https:\/\/snuipp86.fr\/index.php\/wp-json\/wp\/v2\/media\/21183"}],"wp:attachment":[{"href":"https:\/\/snuipp86.fr\/index.php\/wp-json\/wp\/v2\/media?parent=21181"}],"wp:term":[{"taxonomy":"category","embeddable":true,"href":"https:\/\/snuipp86.fr\/index.php\/wp-json\/wp\/v2\/categories?post=21181"},{"taxonomy":"post_tag","embeddable":true,"href":"https:\/\/snuipp86.fr\/index.php\/wp-json\/wp\/v2\/tags?post=21181"}],"curies":[{"name":"wp","href":"https:\/\/api.w.org\/{rel}","templated":true}]}}