{"id":212,"date":"2018-01-28T06:38:00","date_gmt":"2018-01-28T06:38:00","guid":{"rendered":"http:\/\/localhost\/wordpress\/2018\/01\/28\/stage-29-mars-poitiers-penser-ensemble-les-difficults-inhrentes-au-mtier-denseigner\/"},"modified":"2018-01-28T06:38:00","modified_gmt":"2018-01-28T06:38:00","slug":"stage-29-mars-poitiers-penser-ensemble-les-difficults-inhrentes-au-mtier-denseigner","status":"publish","type":"post","link":"https:\/\/snuipp86.fr\/index.php\/2018\/01\/28\/stage-29-mars-poitiers-penser-ensemble-les-difficults-inhrentes-au-mtier-denseigner\/","title":{"rendered":"Stage 29 mars Poitiers : Penser ensemble les difficult\u00e9s inh\u00e9rentes au m\u00e9tier d&rsquo;enseigner"},"content":{"rendered":"<p><img decoding=\"async\" src=\"https:\/\/snuipp86.fr\/wp-content\/spip\/IMG\/arton3740.png\" alt=\"\" align=\"right\" width=\"175\" height=\"111\" class=\"spip_logos\" \/><\/p>\n<div class='rss_texte'>\n<dl class='spip_document_3158 spip_documents spip_documents_center' >\n<dt><img src='https:\/\/snuipp86.fr\/wp-content\/spip\/cache-vignettes\/L175xH111\/arton2404-77766-5e2b3.png' width='175' height='111' alt='PNG - 18.4 ko' style='height:111px;width:175px;' class=' format_png' \/><\/dt>\n<dt class='spip_doc_titre' style='width:175px;'><strong>arton2404-77766<\/strong><\/dt>\n<\/dl>\n<p class=\"spip\">Dans notre logique d&rsquo;apporter un suppl\u00e9ment d&rsquo;\u00e2me p\u00e9dagogique, le SNUipp-FSU vous propose un stage de formation en pr\u00e9sence de Jeanne Moll et Bernard Delattre.<\/p>\n<p class=\"spip\">Toute la<\/p>\n<h3 class=\"spip\" id=\"outil_sommaire_0\"><a title=\"Sommaire\" href=\"http:\/\/86.snuipp.fr\/spip.php?page=backend&#038;id_rubrique=#outil_sommaire\" class=\"sommaire_ancre\"> <\/a>journ\u00e9e du 29 MARS de 9h \u00e0 16h30 \u00e0 Poitiers,<\/h3>\n<p class=\"spip\">\u00e0 la maison syndicale.<\/p>\n<p class=\"spip\"><strong class=\"spip\">Le nombre de places est limit\u00e9e (70),<\/strong><\/p>\n<p class=\"spip\">Ce stage se d\u00e9roulera en deux temps distincts et compl\u00e9mentaires :<\/p>\n<p class=\"spip\"><img decoding=\"async\" src=\"https:\/\/snuipp86.fr\/wp-content\/spip\/cache-vignettes\/L8xH11\/puce-68c92.gif\" width='8' height='11' alt=\"-\" style='height:11px;width:8px;' class='' \/> le matin : conf\u00e9rence et \u00e9changes avec Jeanne Moll sur le th\u00e8me \u00ab\u00a0Penser ensemble les difficult\u00e9s inh\u00e9rentes au m\u00e9tier d&rsquo;enseigner\u00a0\u00bb<\/p>\n<p class=\"spip\"><img decoding=\"async\" src=\"https:\/\/snuipp86.fr\/wp-content\/spip\/cache-vignettes\/L8xH11\/puce-68c92.gif\" width='8' height='11' alt=\"-\" style='height:11px;width:8px;' class='' \/> l&rsquo;apr\u00e8s-midi : pr\u00e9sentation de l&rsquo;Association des Groupes de Soutien au Soutien (AGSAS) par Bernard Delattre et ateliers participatifs d&rsquo;analyse des pratiques.<\/p>\n<dl class='spip_document_3160 spip_documents spip_documents_center' >\n<dt><img src='https:\/\/snuipp86.fr\/wp-content\/spip\/cache-vignettes\/L232xH205\/Jeanne-moll-94a1c.jpg' width='232' height='205' alt='JPEG - 24.5 ko' style='height:205px;width:232px;' class='' \/><\/dt>\n<dt class='spip_doc_titre' style='width:232px;'><strong>Jeanne-moll<\/strong><\/dt>\n<\/dl>\n<p class=\"spip\"><strong class=\"spip\">Jeanne Moll<\/strong> est ma\u00eetre de conf\u00e9rences honoraire en sciences de l&rsquo;\u00e9ducation, r\u00e9dactrice en chef de la revue annuelle de l&rsquo;AGSAS (association des groupes de soutien au soutien). Auteure de tr\u00e8s nombreux articles dans diff\u00e9rentes revues, elle a dirig\u00e9 avec Jacques L\u00e9vine le livre JE est un autre, publi\u00e9 avec Mireille Cifalie P\u00e9dagogie et psychanalyse (Dunod, 1985), Pour un dialogue p\u00e9dagogie et psychanalyse (ESF, 2011).<\/p>\n<p class=\"spip\">Les difficult\u00e9s que rencontrent beaucoup d&rsquo;enseignants ne sont pas seulement d&rsquo;ordre didactique face \u00e0 l&rsquo;h\u00e9t\u00e9rog\u00e9n\u00e9it\u00e9 des \u00e9l\u00e8ves dans les classes. Elles rel\u00e8vent essentiellement de la cpmplexit\u00e9 du r\u00e9seau relationnel dans lequel adultes et enfants sont \u00ab\u00a0pris\u00a0\u00bbensemble. Qu&rsquo;en est-il du rapport \u00e0 soi de l&rsquo;enseignant, en lequel continue de vivre l&rsquo;enfant qu&rsquo;il a \u00e9t\u00e9, face \u00e0 l&rsquo;enfant vivant qu&rsquo;il a en face de lui, face au groupe qu&rsquo;il lui arrive de redouter ? Qu&rsquo;en est-il de son rapport \u00e0 l&rsquo;institution et aux parents qui contestent parfois son autorit\u00e9 ?<\/p>\n<p class=\"spip\">Pouvoir r\u00e9fl\u00e9chir en groupe, en toute humilit\u00e9, \u00e0 la complexit\u00e9 de ce qui est en jeu dans le th\u00e9\u00e2tre intersubjectif de la classe, permet de d\u00e9velopper peu \u00e0 peu un autre regard sur soi et sur autrui et de retrouver le plaisir d&rsquo;enseigner, envers et contre tout.<\/p>\n<dl class='spip_document_3162 spip_documents spip_documents_center' >\n<dt><img src='https:\/\/snuipp86.fr\/wp-content\/spip\/cache-vignettes\/L250xH167\/0110133-beb37.jpg' width='250' height='167' alt='JPEG - 9 ko' style='height:167px;width:250px;' class='' \/><\/dt>\n<dt class='spip_doc_titre' style='width:250px;'><strong>0110133<\/strong><\/dt>\n<\/dl>\n<p class=\"spip\"><strong class=\"spip\">Bernard Delattre<\/strong> est secr\u00e9taire de l&rsquo;AGAS (Association des Groupes de Soutien Aux Soutiens).<\/p>\n<p class=\"spip\">L&rsquo;AGSAS tente de trouver et porter rem\u00e8de aux dysfonctionnements que l&rsquo;\u00e9volution des structures familiales et sociales a g\u00e9n\u00e9r\u00e9s, \u00e0 l&rsquo;int\u00e9rieur du syst\u00e8me scolaire : des processus de d\u00e9stabilisation et de d\u00e9-liaison auxquels personne ne pouvait se pr\u00e9tendre pr\u00e9par\u00e9. Des obstacles de types enti\u00e8rement nouveaux et encore mal identifi\u00e9s perturbent le d\u00e9veloppement cognitif et relationnel des \u00e9l\u00e8ves et induisent chez les enseignants un doute sur leur capacit\u00e9 \u00e0 \u00e9duquer. Entre la formation des enseignants et les probl\u00e8mes \u00e0 r\u00e9soudre, l&rsquo;\u00e9cart est devenu tel que des lieux de r\u00e9flexion sont apparus \u00e0 beaucoup comme indispensables ; L&rsquo;AGSAS propose depuis les ann\u00e9es 1970 de tels lieux : les groupes de Soutien au Soutien qui r\u00e9unissent des professionnels du syst\u00e8me \u00e9ducatif et un animateur, pour travailler sur les insatisfactions, les probl\u00e8mes &#8230; ou les r\u00e9ussites que ces professionnels rencontrent sur leur terrain. Le travail vise essentiellement la compr\u00e9hension des situations expos\u00e9es, \u00e0 travers l&rsquo;exploration de la \u00ab logique \u00bb animant chacun des protagonistes de cette situation et ouvre des perspectives de modification.<\/p>\n<h3 class=\"spip\" id=\"outil_sommaire_1\"><a title=\"Sommaire\" href=\"http:\/\/86.snuipp.fr\/spip.php?page=backend&#038;id_rubrique=#outil_sommaire\" class=\"sommaire_ancre\"> <\/a>Comment faire pour y participer ?<\/h3>\n<p class=\"spip\">Envoyez votre demande \u00e0 snu86@snuipp.fr en indiquant votre nom , pr\u00e9nom et mail.<\/p>\n<p class=\"spip\">Les syndiqu\u00e9-e-s peuvent utiliser le mail utiliser le 29 janvier qui comprenait la convocation.<\/p>\n<p class=\"spip\">D\u00e8s r\u00e9ception de ce courriel et jusqu&rsquo;au mercredi 28 f\u00e9vrier dernier d\u00e9lai envoyer votre demande d&rsquo;autorisation d&rsquo;absence \u00e0 votre IEN en joignant la convocation en pj ( inscrire votre nom)<\/p>\n<\/div>\n","protected":false},"excerpt":{"rendered":"<p>Dans notre logique d&rsquo;apporter un suppl\u00e9ment d&rsquo;\u00e2me p\u00e9dagogique, le SNUipp-FSU vous propose un stage de formation en pr\u00e9sence de Jeanne Moll et Bernard Delattre. <br \/>Toute la journ\u00e9e du 29 MARS de 9h \u00e0 16h30 \u00e0 Poitiers, \u00e0 la maison syndicale. <br \/>Le nombre de places est limit\u00e9e (70), <br \/>Ce stage se d\u00e9roulera en deux temps distincts et compl\u00e9mentaires : <br \/>le matin : conf\u00e9rence et \u00e9changes avec Jeanne Moll sur le th\u00e8me \u00ab\u00a0Penser ensemble les difficult\u00e9s inh\u00e9rentes au m\u00e9tier d&rsquo;enseigner\u00a0\u00bb <br \/>l&rsquo;apr\u00e8s-midi : (&#8230;)<br \/>\n&#8211;<br \/>\n<a href=\"http:\/\/86.snuipp.fr\/spip.php?rubrique212\" rel=\"directory\">FORMATION<\/a><br \/>\n\/<br \/>\n<a href=\"http:\/\/86.snuipp.fr\/spip.php?mot289\" rel=\"tag\">Formation<\/a><\/p>\n","protected":false},"author":1,"featured_media":0,"comment_status":"open","ping_status":"open","sticky":false,"template":"","format":"standard","meta":{"footnotes":""},"categories":[14],"tags":[],"class_list":["post-212","post","type-post","status-publish","format-standard","hentry","category-a-la-une"],"yoast_head":"<!-- This site is optimized with the Yoast SEO plugin v26.6 - https:\/\/yoast.com\/wordpress\/plugins\/seo\/ -->\n<title>Stage 29 mars Poitiers : Penser ensemble les difficult\u00e9s inh\u00e9rentes au m\u00e9tier d&#039;enseigner - FSU-SNUipp 86<\/title>\n<meta name=\"robots\" content=\"index, follow, max-snippet:-1, max-image-preview:large, max-video-preview:-1\" \/>\n<link rel=\"canonical\" href=\"https:\/\/snuipp86.fr\/index.php\/2018\/01\/28\/stage-29-mars-poitiers-penser-ensemble-les-difficults-inhrentes-au-mtier-denseigner\/\" \/>\n<meta property=\"og:locale\" content=\"fr_FR\" \/>\n<meta property=\"og:type\" content=\"article\" \/>\n<meta property=\"og:title\" content=\"Stage 29 mars Poitiers : Penser ensemble les difficult\u00e9s inh\u00e9rentes au m\u00e9tier d&#039;enseigner - FSU-SNUipp 86\" \/>\n<meta property=\"og:description\" content=\"Dans notre logique d&#039;apporter un suppl\u00e9ment d&#039;\u00e2me p\u00e9dagogique, le SNUipp-FSU vous propose un stage de formation en pr\u00e9sence de Jeanne Moll et Bernard Delattre. Toute la journ\u00e9e du 29 MARS de 9h \u00e0 16h30 \u00e0 Poitiers, \u00e0 la maison syndicale. Le nombre de places est limit\u00e9e (70), Ce stage se d\u00e9roulera en deux temps distincts et compl\u00e9mentaires : le matin : conf\u00e9rence et \u00e9changes avec Jeanne Moll sur le th\u00e8me &quot;Penser ensemble les difficult\u00e9s inh\u00e9rentes au m\u00e9tier d&#039;enseigner&quot; l&#039;apr\u00e8s-midi : (...) - FORMATION \/ Formation\" \/>\n<meta property=\"og:url\" content=\"https:\/\/snuipp86.fr\/index.php\/2018\/01\/28\/stage-29-mars-poitiers-penser-ensemble-les-difficults-inhrentes-au-mtier-denseigner\/\" \/>\n<meta property=\"og:site_name\" content=\"FSU-SNUipp 86\" \/>\n<meta property=\"article:published_time\" content=\"2018-01-28T06:38:00+00:00\" \/>\n<meta property=\"og:image\" content=\"http:\/\/snuipp86.fr\/wp-content\/spip\/IMG\/arton3740.png\" \/>\n<meta name=\"author\" content=\"WP86Admin\" \/>\n<meta name=\"twitter:card\" content=\"summary_large_image\" \/>\n<meta name=\"twitter:label1\" content=\"\u00c9crit par\" \/>\n\t<meta name=\"twitter:data1\" content=\"WP86Admin\" \/>\n\t<meta name=\"twitter:label2\" content=\"Dur\u00e9e de lecture estim\u00e9e\" \/>\n\t<meta name=\"twitter:data2\" content=\"3 minutes\" \/>\n<script type=\"application\/ld+json\" class=\"yoast-schema-graph\">{\"@context\":\"https:\/\/schema.org\",\"@graph\":[{\"@type\":\"WebPage\",\"@id\":\"https:\/\/snuipp86.fr\/index.php\/2018\/01\/28\/stage-29-mars-poitiers-penser-ensemble-les-difficults-inhrentes-au-mtier-denseigner\/\",\"url\":\"https:\/\/snuipp86.fr\/index.php\/2018\/01\/28\/stage-29-mars-poitiers-penser-ensemble-les-difficults-inhrentes-au-mtier-denseigner\/\",\"name\":\"Stage 29 mars Poitiers : Penser ensemble les difficult\u00e9s inh\u00e9rentes au m\u00e9tier d'enseigner - FSU-SNUipp 86\",\"isPartOf\":{\"@id\":\"https:\/\/snuipp86.fr\/#website\"},\"primaryImageOfPage\":{\"@id\":\"https:\/\/snuipp86.fr\/index.php\/2018\/01\/28\/stage-29-mars-poitiers-penser-ensemble-les-difficults-inhrentes-au-mtier-denseigner\/#primaryimage\"},\"image\":{\"@id\":\"https:\/\/snuipp86.fr\/index.php\/2018\/01\/28\/stage-29-mars-poitiers-penser-ensemble-les-difficults-inhrentes-au-mtier-denseigner\/#primaryimage\"},\"thumbnailUrl\":\"http:\/\/snuipp86.fr\/wp-content\/spip\/IMG\/arton3740.png\",\"datePublished\":\"2018-01-28T06:38:00+00:00\",\"author\":{\"@id\":\"https:\/\/snuipp86.fr\/#\/schema\/person\/901b28b9ae1c7a63a6a940102e52a7a2\"},\"breadcrumb\":{\"@id\":\"https:\/\/snuipp86.fr\/index.php\/2018\/01\/28\/stage-29-mars-poitiers-penser-ensemble-les-difficults-inhrentes-au-mtier-denseigner\/#breadcrumb\"},\"inLanguage\":\"fr-FR\",\"potentialAction\":[{\"@type\":\"ReadAction\",\"target\":[\"https:\/\/snuipp86.fr\/index.php\/2018\/01\/28\/stage-29-mars-poitiers-penser-ensemble-les-difficults-inhrentes-au-mtier-denseigner\/\"]}]},{\"@type\":\"ImageObject\",\"inLanguage\":\"fr-FR\",\"@id\":\"https:\/\/snuipp86.fr\/index.php\/2018\/01\/28\/stage-29-mars-poitiers-penser-ensemble-les-difficults-inhrentes-au-mtier-denseigner\/#primaryimage\",\"url\":\"http:\/\/snuipp86.fr\/wp-content\/spip\/IMG\/arton3740.png\",\"contentUrl\":\"http:\/\/snuipp86.fr\/wp-content\/spip\/IMG\/arton3740.png\"},{\"@type\":\"BreadcrumbList\",\"@id\":\"https:\/\/snuipp86.fr\/index.php\/2018\/01\/28\/stage-29-mars-poitiers-penser-ensemble-les-difficults-inhrentes-au-mtier-denseigner\/#breadcrumb\",\"itemListElement\":[{\"@type\":\"ListItem\",\"position\":1,\"name\":\"Accueil\",\"item\":\"https:\/\/snuipp86.fr\/\"},{\"@type\":\"ListItem\",\"position\":2,\"name\":\"Stage 29 mars Poitiers : Penser ensemble les difficult\u00e9s inh\u00e9rentes au m\u00e9tier d&#8217;enseigner\"}]},{\"@type\":\"WebSite\",\"@id\":\"https:\/\/snuipp86.fr\/#website\",\"url\":\"https:\/\/snuipp86.fr\/\",\"name\":\"FSU-SNUipp 86\",\"description\":\"Des id\u00e9es qui font l&#039;\u00e9cole\",\"potentialAction\":[{\"@type\":\"SearchAction\",\"target\":{\"@type\":\"EntryPoint\",\"urlTemplate\":\"https:\/\/snuipp86.fr\/?s={search_term_string}\"},\"query-input\":{\"@type\":\"PropertyValueSpecification\",\"valueRequired\":true,\"valueName\":\"search_term_string\"}}],\"inLanguage\":\"fr-FR\"},{\"@type\":\"Person\",\"@id\":\"https:\/\/snuipp86.fr\/#\/schema\/person\/901b28b9ae1c7a63a6a940102e52a7a2\",\"name\":\"WP86Admin\",\"image\":{\"@type\":\"ImageObject\",\"inLanguage\":\"fr-FR\",\"@id\":\"https:\/\/snuipp86.fr\/#\/schema\/person\/image\/\",\"url\":\"https:\/\/secure.gravatar.com\/avatar\/0099845c7ec05dc10d777d8ab4f5142c5ba316283821af2459738ad469a37a1a?s=96&d=mm&r=g\",\"contentUrl\":\"https:\/\/secure.gravatar.com\/avatar\/0099845c7ec05dc10d777d8ab4f5142c5ba316283821af2459738ad469a37a1a?s=96&d=mm&r=g\",\"caption\":\"WP86Admin\"},\"url\":\"https:\/\/snuipp86.fr\/index.php\/author\/wp86admin\/\"}]}<\/script>\n<!-- \/ Yoast SEO plugin. -->","yoast_head_json":{"title":"Stage 29 mars Poitiers : Penser ensemble les difficult\u00e9s inh\u00e9rentes au m\u00e9tier d'enseigner - FSU-SNUipp 86","robots":{"index":"index","follow":"follow","max-snippet":"max-snippet:-1","max-image-preview":"max-image-preview:large","max-video-preview":"max-video-preview:-1"},"canonical":"https:\/\/snuipp86.fr\/index.php\/2018\/01\/28\/stage-29-mars-poitiers-penser-ensemble-les-difficults-inhrentes-au-mtier-denseigner\/","og_locale":"fr_FR","og_type":"article","og_title":"Stage 29 mars Poitiers : Penser ensemble les difficult\u00e9s inh\u00e9rentes au m\u00e9tier d'enseigner - FSU-SNUipp 86","og_description":"Dans notre logique d'apporter un suppl\u00e9ment d'\u00e2me p\u00e9dagogique, le SNUipp-FSU vous propose un stage de formation en pr\u00e9sence de Jeanne Moll et Bernard Delattre. Toute la journ\u00e9e du 29 MARS de 9h \u00e0 16h30 \u00e0 Poitiers, \u00e0 la maison syndicale. Le nombre de places est limit\u00e9e (70), Ce stage se d\u00e9roulera en deux temps distincts et compl\u00e9mentaires : le matin : conf\u00e9rence et \u00e9changes avec Jeanne Moll sur le th\u00e8me \"Penser ensemble les difficult\u00e9s inh\u00e9rentes au m\u00e9tier d'enseigner\" l'apr\u00e8s-midi : (...) - FORMATION \/ Formation","og_url":"https:\/\/snuipp86.fr\/index.php\/2018\/01\/28\/stage-29-mars-poitiers-penser-ensemble-les-difficults-inhrentes-au-mtier-denseigner\/","og_site_name":"FSU-SNUipp 86","article_published_time":"2018-01-28T06:38:00+00:00","og_image":[{"url":"http:\/\/snuipp86.fr\/wp-content\/spip\/IMG\/arton3740.png","type":"","width":"","height":""}],"author":"WP86Admin","twitter_card":"summary_large_image","twitter_misc":{"\u00c9crit par":"WP86Admin","Dur\u00e9e de lecture estim\u00e9e":"3 minutes"},"schema":{"@context":"https:\/\/schema.org","@graph":[{"@type":"WebPage","@id":"https:\/\/snuipp86.fr\/index.php\/2018\/01\/28\/stage-29-mars-poitiers-penser-ensemble-les-difficults-inhrentes-au-mtier-denseigner\/","url":"https:\/\/snuipp86.fr\/index.php\/2018\/01\/28\/stage-29-mars-poitiers-penser-ensemble-les-difficults-inhrentes-au-mtier-denseigner\/","name":"Stage 29 mars Poitiers : Penser ensemble les difficult\u00e9s inh\u00e9rentes au m\u00e9tier d'enseigner - FSU-SNUipp 86","isPartOf":{"@id":"https:\/\/snuipp86.fr\/#website"},"primaryImageOfPage":{"@id":"https:\/\/snuipp86.fr\/index.php\/2018\/01\/28\/stage-29-mars-poitiers-penser-ensemble-les-difficults-inhrentes-au-mtier-denseigner\/#primaryimage"},"image":{"@id":"https:\/\/snuipp86.fr\/index.php\/2018\/01\/28\/stage-29-mars-poitiers-penser-ensemble-les-difficults-inhrentes-au-mtier-denseigner\/#primaryimage"},"thumbnailUrl":"http:\/\/snuipp86.fr\/wp-content\/spip\/IMG\/arton3740.png","datePublished":"2018-01-28T06:38:00+00:00","author":{"@id":"https:\/\/snuipp86.fr\/#\/schema\/person\/901b28b9ae1c7a63a6a940102e52a7a2"},"breadcrumb":{"@id":"https:\/\/snuipp86.fr\/index.php\/2018\/01\/28\/stage-29-mars-poitiers-penser-ensemble-les-difficults-inhrentes-au-mtier-denseigner\/#breadcrumb"},"inLanguage":"fr-FR","potentialAction":[{"@type":"ReadAction","target":["https:\/\/snuipp86.fr\/index.php\/2018\/01\/28\/stage-29-mars-poitiers-penser-ensemble-les-difficults-inhrentes-au-mtier-denseigner\/"]}]},{"@type":"ImageObject","inLanguage":"fr-FR","@id":"https:\/\/snuipp86.fr\/index.php\/2018\/01\/28\/stage-29-mars-poitiers-penser-ensemble-les-difficults-inhrentes-au-mtier-denseigner\/#primaryimage","url":"http:\/\/snuipp86.fr\/wp-content\/spip\/IMG\/arton3740.png","contentUrl":"http:\/\/snuipp86.fr\/wp-content\/spip\/IMG\/arton3740.png"},{"@type":"BreadcrumbList","@id":"https:\/\/snuipp86.fr\/index.php\/2018\/01\/28\/stage-29-mars-poitiers-penser-ensemble-les-difficults-inhrentes-au-mtier-denseigner\/#breadcrumb","itemListElement":[{"@type":"ListItem","position":1,"name":"Accueil","item":"https:\/\/snuipp86.fr\/"},{"@type":"ListItem","position":2,"name":"Stage 29 mars Poitiers : Penser ensemble les difficult\u00e9s inh\u00e9rentes au m\u00e9tier d&#8217;enseigner"}]},{"@type":"WebSite","@id":"https:\/\/snuipp86.fr\/#website","url":"https:\/\/snuipp86.fr\/","name":"FSU-SNUipp 86","description":"Des id\u00e9es qui font l&#039;\u00e9cole","potentialAction":[{"@type":"SearchAction","target":{"@type":"EntryPoint","urlTemplate":"https:\/\/snuipp86.fr\/?s={search_term_string}"},"query-input":{"@type":"PropertyValueSpecification","valueRequired":true,"valueName":"search_term_string"}}],"inLanguage":"fr-FR"},{"@type":"Person","@id":"https:\/\/snuipp86.fr\/#\/schema\/person\/901b28b9ae1c7a63a6a940102e52a7a2","name":"WP86Admin","image":{"@type":"ImageObject","inLanguage":"fr-FR","@id":"https:\/\/snuipp86.fr\/#\/schema\/person\/image\/","url":"https:\/\/secure.gravatar.com\/avatar\/0099845c7ec05dc10d777d8ab4f5142c5ba316283821af2459738ad469a37a1a?s=96&d=mm&r=g","contentUrl":"https:\/\/secure.gravatar.com\/avatar\/0099845c7ec05dc10d777d8ab4f5142c5ba316283821af2459738ad469a37a1a?s=96&d=mm&r=g","caption":"WP86Admin"},"url":"https:\/\/snuipp86.fr\/index.php\/author\/wp86admin\/"}]}},"_links":{"self":[{"href":"https:\/\/snuipp86.fr\/index.php\/wp-json\/wp\/v2\/posts\/212","targetHints":{"allow":["GET"]}}],"collection":[{"href":"https:\/\/snuipp86.fr\/index.php\/wp-json\/wp\/v2\/posts"}],"about":[{"href":"https:\/\/snuipp86.fr\/index.php\/wp-json\/wp\/v2\/types\/post"}],"author":[{"embeddable":true,"href":"https:\/\/snuipp86.fr\/index.php\/wp-json\/wp\/v2\/users\/1"}],"replies":[{"embeddable":true,"href":"https:\/\/snuipp86.fr\/index.php\/wp-json\/wp\/v2\/comments?post=212"}],"version-history":[{"count":0,"href":"https:\/\/snuipp86.fr\/index.php\/wp-json\/wp\/v2\/posts\/212\/revisions"}],"wp:attachment":[{"href":"https:\/\/snuipp86.fr\/index.php\/wp-json\/wp\/v2\/media?parent=212"}],"wp:term":[{"taxonomy":"category","embeddable":true,"href":"https:\/\/snuipp86.fr\/index.php\/wp-json\/wp\/v2\/categories?post=212"},{"taxonomy":"post_tag","embeddable":true,"href":"https:\/\/snuipp86.fr\/index.php\/wp-json\/wp\/v2\/tags?post=212"}],"curies":[{"name":"wp","href":"https:\/\/api.w.org\/{rel}","templated":true}]}}