{"id":213,"date":"2018-01-26T13:00:00","date_gmt":"2018-01-26T13:00:00","guid":{"rendered":"http:\/\/localhost\/wordpress\/2018\/01\/26\/pemf-brigades-ash-groupe-de-travail-du-25-janvier-2018\/"},"modified":"2018-01-26T13:00:00","modified_gmt":"2018-01-26T13:00:00","slug":"pemf-brigades-ash-groupe-de-travail-du-25-janvier-2018","status":"publish","type":"post","link":"https:\/\/snuipp86.fr\/index.php\/2018\/01\/26\/pemf-brigades-ash-groupe-de-travail-du-25-janvier-2018\/","title":{"rendered":"PEMF, brigades ASH : groupe de travail du 25 janvier 2018"},"content":{"rendered":"<p><img decoding=\"async\" src=\"https:\/\/snuipp86.fr\/wp-content\/spip\/IMG\/arton3680.jpg\" alt=\"\" align=\"right\" width=\"300\" height=\"300\" class=\"spip_logos\" \/><\/p>\n<div class='rss_texte'>\n<h3 class=\"spip\" id=\"outil_sommaire_0\"><a title=\"Sommaire\" href=\"http:\/\/86.snuipp.fr\/spip.php?page=backend&#038;id_rubrique=#outil_sommaire\" class=\"sommaire_ancre\"> <\/a>Compte rendu du Groupe de Travail du 25 janvier 2018<\/h3>\n<hr class=\"spip\" \/>\n<p class=\"spip\"><img decoding=\"async\" src=\"https:\/\/snuipp86.fr\/wp-content\/spip\/cache-vignettes\/L8xH11\/puce-68c92.gif\" width='8' height='11' alt=\"-\" style='height:11px;width:8px;' class='' \/> Rattachement des postes PEMF<\/p>\n<p class=\"spip\"><img decoding=\"async\" src=\"https:\/\/snuipp86.fr\/wp-content\/spip\/cache-vignettes\/L8xH11\/puce-68c92.gif\" width='8' height='11' alt=\"-\" style='height:11px;width:8px;' class='' \/> Rattachement des postes de Titulaires rempla\u00e7ants ASH (ex brigades ASH)<\/p>\n<p class=\"spip\">Dans cette instance, le SNUipp si\u00e8ge pour la d\u00e9l\u00e9gation FSU\/CGT<\/p>\n<dl class='spip_document_3094 spip_documents spip_documents_center' >\n<dt><img src='https:\/\/snuipp86.fr\/wp-content\/spip\/cache-vignettes\/L300xH300\/b_1_q_0_p_0-jpg-300x300-4-5fe92.png' width='300' height='300' alt='PNG - 55.7 ko' style='height:300px;width:300px;' class=' format_png' \/><\/dt>\n<dt class='spip_doc_titre' style='width:300px;'><strong>b_1_q_0_p_0.jpg-300&#215;300<\/strong><\/dt>\n<\/dl>\n<p class=\"spip\">Personnes pr\u00e9sentes : le secr\u00e9taire g\u00e9n\u00e9ral adjoint (M. Monlun), M. Artaud (IENA), Mme Meyer (IEN ASH), Mme Turi (IEN Poitiers Ouest), Mmes Lienart et Librero (DOSES), <strong class=\"spip\">4 SNUipp-FSU<\/strong>, 2 UNSA, 1 FO et 1 SNALC<\/p>\n<h3 class=\"spip\" id=\"outil_sommaire_1\"><a title=\"Sommaire\" href=\"http:\/\/86.snuipp.fr\/spip.php?page=backend&#038;id_rubrique=#outil_sommaire\" class=\"sommaire_ancre\"> <\/a>Rattachement des postes PEMF<\/h3>\n<dl class='spip_document_3098 spip_documents spip_documents_center' >\n<dt><img src='https:\/\/snuipp86.fr\/wp-content\/spip\/cache-vignettes\/L300xH303\/Numeriser018de91-b5c4d-059fd.jpg' width='300' height='303' alt='JPEG - 18.4 ko' style='height:303px;width:300px;' class='' \/><\/dt>\n<dt class='spip_doc_titre' style='width:300px;'><strong>Numeriser018de91-b5c4d<\/strong><\/dt>\n<\/dl>\n<p class=\"spip\">Encore une fois, le SNUipp-FSU 86 d\u00e9plore que les documents de travail avec les propositions ne soient pas envoy\u00e9s avant l&rsquo;instance, pour nous permettre de contacter les \u00e9coles et les coll\u00e8gues concern\u00e9-e-s.<\/p>\n<p class=\"spip\"><strong class=\"spip\">Bilan de l&rsquo;ann\u00e9e derni\u00e8re<\/strong> : 2 postes PEMF cr\u00e9\u00e9s \u00e0 la rentr\u00e9e derni\u00e8re n&rsquo;ont pas \u00e9t\u00e9 pourvus (Lenclo\u00eetre mat et La villedieu Mat) et ce sont des coll\u00e8gues de St Exup\u00e9ry (alors qu&rsquo;un poste PEMF y avait \u00e9t\u00e9 ferm\u00e9 ) qui ont \u00e9t\u00e9 sollicit\u00e9s pour exercer sur ces missions.<\/p>\n<p class=\"spip\"><strong class=\"spip\"><br \/>\nRentr\u00e9e 2018<\/strong><\/p>\n<p class=\"spip\">Le SNUipp-FSU a toujours demand\u00e9 l&rsquo;augmentation du nombre de postes PEMF pour faire face \u00e0 la demande de formation. L&rsquo;administration r\u00e9pond \u00e0 la demande du SNUIpp-FSU en proposant 3 nouveaux postes de PEMF malgr\u00e9 l&rsquo;annonce de moins de postes PES l&rsquo;ann\u00e9e prochaine. La volont\u00e9 de l&rsquo;IA est de poursuivre l&rsquo;implantation des postes PEMF en milieu rural. Les enseignant-e-s d\u00e9butant-e-s \u00e9tant majoritairement nomm\u00e9-e-s dans des \u00e9coles rurales lors de leurs premi\u00e8res ann\u00e9es d&rsquo;exercice, il convenait de leur offrir des supports d&rsquo;observation plus proches des r\u00e9alit\u00e9s qu&rsquo;ils rencontreront. Le SNUIpp-FSU a port\u00e9 la n\u00e9cessit\u00e9 de cr\u00e9er de nouveaux postes en milieu rural sans p\u00e9naliser les \u00e9coles d&rsquo;application existantes. Nous nous f\u00e9licitons donc d&rsquo;avoir \u00e9t\u00e9 au moins partiellement entendus sur ce point par l&rsquo;administration.<\/p>\n<p class=\"spip\"><strong class=\"spip\">Propositions de l&rsquo;IA<\/strong><\/p>\n<table class=\"spip\">\n<tbody>\n<tr class=\"row_even\">\n<td> Propositions de l&rsquo;IA <\/td>\n<td> Observations du SNUipp-FSU <\/td>\n<\/tr>\n<tr class=\"row_odd\">\n<td> Circonscription Poitiers Sud : Transfert du poste de La Villedieu maternelle (non pourvu) sur proposition de l&rsquo;IEN de Poitiers Sud \u00e0 l&rsquo;\u00e9cole de Vivonne maternelle.<\/td>\n<td> Le SNUipp-FSU regrette que ce changement intervienne si t\u00f4t apr\u00e8s sa cr\u00e9ation, ne laissant pas la possibilit\u00e9 \u00e0 des coll\u00e8gues titulaires du CAFIPEMF de postuler une deuxi\u00e8me ann\u00e9e sur ce poste. <\/td>\n<\/tr>\n<tr class=\"row_even\">\n<td> Ecoles d&rsquo;application :<\/p>\n<p><img decoding=\"async\" src=\"https:\/\/snuipp86.fr\/wp-content\/spip\/cache-vignettes\/L8xH11\/puce-68c92.gif\" width='8' height='11' alt=\"-\" style='height:11px;width:8px;' class='' \/> Ecole Saint-Exup\u00e9ry Poitiers :<br \/>\nLes d\u00e9charges de PEMF accord\u00e9es pour cette ann\u00e9e \u00e0 deux coll\u00e8gues titulaires du cafipemf mais nomm\u00e9-e-s sur un poste d&rsquo;adjoint ordinaire ne seront pas reconduites \u00e0 la rentr\u00e9e.<\/p>\n<p><img decoding=\"async\" src=\"https:\/\/snuipp86.fr\/wp-content\/spip\/cache-vignettes\/L8xH11\/puce-68c92.gif\" width='8' height='11' alt=\"-\" style='height:11px;width:8px;' class='' \/> Lavoisier Ch\u00e2tellerault<br \/>\nR\u00e9ouverture d&rsquo;un poste PEMF dans cette \u00e9cole REP+ <\/td>\n<td> Le SNUipp-FSU a demand\u00e9 aussi l&rsquo;ouverture de postes de PEMF dans les \u00e9coles d&rsquo;application Saint Exup\u00e9ry et Damien Allard-Jules Ferry. Sur St Exup\u00e9ry, des coll\u00e8gues d\u00e9tenteurs\/trices d&rsquo;un CAFIPEMF sont de plus d\u00e9j\u00e0 pr\u00e9sent-e-s. Cela permettrait d&rsquo;avoir 5 postes de PEMF sur chacune des \u00e9coles et donc pour les directeurs\/trices de b\u00e9n\u00e9ficier d&rsquo;une d\u00e9charge compl\u00e8te pour la coordination des ma\u00eetres formateurs. <\/td>\n<\/tr>\n<tr class=\"row_odd\">\n<td> Circonscription de Montmorillon &#8211; Proposition de cr\u00e9ation de 2 postes PEMF \u00e0 Civaux et Valdivienne pour cr\u00e9er un p\u00f4le sur la circonscription.<\/td>\n<td> Le SNUipp-FSU se f\u00e9licite de cette volont\u00e9 d&rsquo;implantation dans le \u00ab\u00a0rural\u00a0\u00bb &#8230; au niveau g\u00e9ographique car en terme de structure, les \u00e9coles comme Valdivienne avec 10 classes ne sont pas forc\u00e9ment pour les d\u00e9butant-e-s (T1 , T2) un \u00a0\u00bb support d&rsquo;observation proche des r\u00e9alit\u00e9s qu&rsquo;ils rencontreront \u00a0\u00bb .<\/td>\n<\/tr>\n<\/tbody>\n<\/table>\n<h3 class=\"spip\" id=\"outil_sommaire_2\"><a title=\"Sommaire\" href=\"http:\/\/86.snuipp.fr\/spip.php?page=backend&#038;id_rubrique=#outil_sommaire\" class=\"sommaire_ancre\"> <\/a>Implantation des Titulaires Remplacants ASH (ex. brigades ASH)<\/h3>\n<dl class='spip_document_3096 spip_documents spip_documents_center' >\n<dt><img src='https:\/\/snuipp86.fr\/wp-content\/spip\/cache-vignettes\/L112xH110\/arton913-aa2d3-3-2066d.jpg' width='112' height='110' alt='JPEG - 3.4 ko' style='height:110px;width:112px;' class='' \/><\/dt>\n<dt class='spip_doc_titre' style='width:120px;'><strong>arton913-aa2d3<\/strong><\/dt>\n<\/dl>\n<p class=\"spip\">L&rsquo;IA souhaite implanter les Brigades ASH, maintenant appel\u00e9s titulaires rempla\u00e7ants ASH (TR ASH) dans les \u00e9coles avec ULIS plut\u00f4t que dans les \u00c9tablissements Sp\u00e9cialis\u00e9s M\u00e9dico-Sociaux (ESMS).<\/p>\n<h3 class=\"spip\" id=\"outil_sommaire_3\"><a title=\"Sommaire\" href=\"http:\/\/86.snuipp.fr\/spip.php?page=backend&#038;id_rubrique=#outil_sommaire\" class=\"sommaire_ancre\"> <\/a>Propositions de l&rsquo;IA<\/h3>\n<table class=\"spip\">\n<tbody>\n<tr class=\"row_even\">\n<td> MIGNALOUX Pierre Garnier (4) <\/td>\n<td> Chatellerault Haigner\u00e9 ULIS, Neuville du Poitou Jules Ferry Elem ULIS, Poitiers Bouloux Elem ULIS, Poitiers Colligny Cornet ULIS TSL <\/td>\n<\/tr>\n<tr class=\"row_odd\">\n<td> MIGNALOUX EREA Anne Franck <\/td>\n<td> Chauvigny Elem J. Arnault ULIS <\/td>\n<\/tr>\n<tr class=\"row_even\">\n<td> CHATELLERAULT IME H. Wallon <\/td>\n<td> Chatellerault Lakanal ULIS, CIVRAY \u00e9lem ULIS <\/td>\n<\/tr>\n<tr class=\"row_odd\">\n<td> SAINT BENOIT IME Mauroc (2) <\/td>\n<td> Poitiers Daudet Elem ULIS RMM , Vivonne L. Wallon ULIS <\/td>\n<\/tr>\n<tr class=\"row_even\">\n<td> BIARD IEM Indigo <\/td>\n<td> Poitiers Charles Perrault ULIS TFM <\/td>\n<\/tr>\n<tr class=\"row_odd\">\n<td> SEVRES ANXAUMONT IME Moulins (2) <\/td>\n<td> Cenon sur Vienne M Ribbe ULIS, Lussac les Ch\u00e2teaux Elem ULIS <\/td>\n<\/tr>\n<tr class=\"row_even\">\n<td>MONTMORILLON IME <\/td>\n<td> Montmorillon A. Rossignol Elem ULIS <\/td>\n<\/tr>\n<tr class=\"row_odd\">\n<td> PAYRE ITEP Guron <\/td>\n<td> Saint Jean de Sauves Elem ULIS, Vouill\u00e9 Petit Bois ULIS <\/td>\n<\/tr>\n<\/tbody>\n<\/table>\n<p class=\"spip\">Fid\u00e8le \u00e0 ses principes, le SNUipp-FSU a consult\u00e9 la profession.<\/p>\n<p class=\"spip\">Sans s&rsquo;opposer formellement \u00e0 cette volont\u00e9, le SNUipp-FSU a mis l&rsquo;accent sur les points suivants :<\/p>\n<p class=\"spip\"><img decoding=\"async\" src=\"https:\/\/snuipp86.fr\/wp-content\/spip\/cache-vignettes\/L8xH11\/puce-68c92.gif\" width='8' height='11' alt=\"-\" style='height:11px;width:8px;' class='' \/> Laisser certains TR ASH dans des \u00e9tablissements qui ont fait remonter des besoins.<\/p>\n<p class=\"spip\"><img decoding=\"async\" src=\"https:\/\/snuipp86.fr\/wp-content\/spip\/cache-vignettes\/L8xH11\/puce-68c92.gif\" width='8' height='11' alt=\"-\" style='height:11px;width:8px;' class='' \/> Rattacher prioritairement les TR ASH dans les \u00e9coles dont l&rsquo;ULIS est g\u00e9r\u00e9e par la circonscription ASH, car c&rsquo;est dans ces \u00e9coles que les TR ASH sont susceptibles d&rsquo;effectuer des remplacements (les autres ULIS \u00e9tant g\u00e9r\u00e9es par les circonscriptions et remplac\u00e9es au besoin par des ZIL) puis dans les ULIS \u00e9coles qui en ont le plus besoin (pas de Sessad, peu de classes pour inclure)<\/p>\n<p class=\"spip\"><img decoding=\"async\" src=\"https:\/\/snuipp86.fr\/wp-content\/spip\/cache-vignettes\/L8xH11\/puce-68c92.gif\" width='8' height='11' alt=\"-\" style='height:11px;width:8px;' class='' \/> Porter une attention particuli\u00e8re \u00e0 l&rsquo;\u00e9tiquetage des postes de TR ASH au mouvement pour une lisibilit\u00e9 plus grande pour les coll\u00e8gues qui postuleront .<\/p>\n<p class=\"spip\"><img decoding=\"async\" src=\"https:\/\/snuipp86.fr\/wp-content\/spip\/cache-vignettes\/L8xH11\/puce-68c92.gif\" width='8' height='11' alt=\"-\" style='height:11px;width:8px;' class='' \/> Nous avons \u00e9galement fait remonter qu&rsquo;\u00eatre rattach\u00e9 \u00e0 un ESMS permet \u00e0 des coll\u00e8gues novices de se former en d\u00e9couvrant le fonctionnement particulier d&rsquo;un \u00e9tablissement, le m\u00e9tier y \u00e9tant parfois bien \u00e9loign\u00e9 des conditions d&rsquo;un exercice dans une \u00e9cole.<\/p>\n<\/div>\n","protected":false},"excerpt":{"rendered":"<p>Compte rendu du Groupe de Travail du 25 janvier 2018 <br \/>Rattachement des postes PEMF <br \/>Rattachement des postes de Titulaires rempla\u00e7ants ASH (ex brigades ASH) <br \/>Dans cette instance, le SNUipp si\u00e8ge pour la d\u00e9l\u00e9gation FSU\/CGT <br \/>Personnes pr\u00e9sentes : le secr\u00e9taire g\u00e9n\u00e9ral adjoint (M. Monlun), M. Artaud (IENA), Mme Meyer (IEN ASH), Mme Turi (IEN Poitiers Ouest), Mmes Lienart et Librero (DOSES), 4 SNUipp-FSU, 2 UNSA, 1 FO et 1 SNALC <br \/>Rattachement des postes PEMF <br \/>Encore une fois, le SNUipp-FSU 86 (&#8230;)<br \/>\n&#8211;<br \/>\n<a href=\"http:\/\/86.snuipp.fr\/spip.php?rubrique159\" rel=\"directory\">Carte scolaire<\/a><\/p>\n","protected":false},"author":1,"featured_media":0,"comment_status":"open","ping_status":"open","sticky":false,"template":"","format":"standard","meta":{"footnotes":""},"categories":[14],"tags":[],"class_list":["post-213","post","type-post","status-publish","format-standard","hentry","category-a-la-une"],"yoast_head":"<!-- This site is optimized with the Yoast SEO plugin v26.6 - https:\/\/yoast.com\/wordpress\/plugins\/seo\/ -->\n<title>PEMF, brigades ASH : groupe de travail du 25 janvier 2018 - FSU-SNUipp 86<\/title>\n<meta name=\"robots\" content=\"index, follow, max-snippet:-1, max-image-preview:large, max-video-preview:-1\" \/>\n<link rel=\"canonical\" href=\"https:\/\/snuipp86.fr\/index.php\/2018\/01\/26\/pemf-brigades-ash-groupe-de-travail-du-25-janvier-2018\/\" \/>\n<meta property=\"og:locale\" content=\"fr_FR\" \/>\n<meta property=\"og:type\" content=\"article\" \/>\n<meta property=\"og:title\" content=\"PEMF, brigades ASH : groupe de travail du 25 janvier 2018 - FSU-SNUipp 86\" \/>\n<meta property=\"og:description\" content=\"Compte rendu du Groupe de Travail du 25 janvier 2018 Rattachement des postes PEMF Rattachement des postes de Titulaires rempla\u00e7ants ASH (ex brigades ASH) Dans cette instance, le SNUipp si\u00e8ge pour la d\u00e9l\u00e9gation FSU\/CGT Personnes pr\u00e9sentes : le secr\u00e9taire g\u00e9n\u00e9ral adjoint (M. Monlun), M. Artaud (IENA), Mme Meyer (IEN ASH), Mme Turi (IEN Poitiers Ouest), Mmes Lienart et Librero (DOSES), 4 SNUipp-FSU, 2 UNSA, 1 FO et 1 SNALC Rattachement des postes PEMF Encore une fois, le SNUipp-FSU 86 (...) - Carte scolaire\" \/>\n<meta property=\"og:url\" content=\"https:\/\/snuipp86.fr\/index.php\/2018\/01\/26\/pemf-brigades-ash-groupe-de-travail-du-25-janvier-2018\/\" \/>\n<meta property=\"og:site_name\" content=\"FSU-SNUipp 86\" \/>\n<meta property=\"article:published_time\" content=\"2018-01-26T13:00:00+00:00\" \/>\n<meta property=\"og:image\" content=\"http:\/\/snuipp86.fr\/wp-content\/spip\/IMG\/arton3680.jpg\" \/>\n<meta name=\"author\" content=\"WP86Admin\" \/>\n<meta name=\"twitter:card\" content=\"summary_large_image\" \/>\n<meta name=\"twitter:label1\" content=\"\u00c9crit par\" \/>\n\t<meta name=\"twitter:data1\" content=\"WP86Admin\" \/>\n\t<meta name=\"twitter:label2\" content=\"Dur\u00e9e de lecture estim\u00e9e\" \/>\n\t<meta name=\"twitter:data2\" content=\"4 minutes\" \/>\n<script type=\"application\/ld+json\" class=\"yoast-schema-graph\">{\"@context\":\"https:\/\/schema.org\",\"@graph\":[{\"@type\":\"WebPage\",\"@id\":\"https:\/\/snuipp86.fr\/index.php\/2018\/01\/26\/pemf-brigades-ash-groupe-de-travail-du-25-janvier-2018\/\",\"url\":\"https:\/\/snuipp86.fr\/index.php\/2018\/01\/26\/pemf-brigades-ash-groupe-de-travail-du-25-janvier-2018\/\",\"name\":\"PEMF, brigades ASH : groupe de travail du 25 janvier 2018 - FSU-SNUipp 86\",\"isPartOf\":{\"@id\":\"https:\/\/snuipp86.fr\/#website\"},\"primaryImageOfPage\":{\"@id\":\"https:\/\/snuipp86.fr\/index.php\/2018\/01\/26\/pemf-brigades-ash-groupe-de-travail-du-25-janvier-2018\/#primaryimage\"},\"image\":{\"@id\":\"https:\/\/snuipp86.fr\/index.php\/2018\/01\/26\/pemf-brigades-ash-groupe-de-travail-du-25-janvier-2018\/#primaryimage\"},\"thumbnailUrl\":\"http:\/\/snuipp86.fr\/wp-content\/spip\/IMG\/arton3680.jpg\",\"datePublished\":\"2018-01-26T13:00:00+00:00\",\"author\":{\"@id\":\"https:\/\/snuipp86.fr\/#\/schema\/person\/901b28b9ae1c7a63a6a940102e52a7a2\"},\"breadcrumb\":{\"@id\":\"https:\/\/snuipp86.fr\/index.php\/2018\/01\/26\/pemf-brigades-ash-groupe-de-travail-du-25-janvier-2018\/#breadcrumb\"},\"inLanguage\":\"fr-FR\",\"potentialAction\":[{\"@type\":\"ReadAction\",\"target\":[\"https:\/\/snuipp86.fr\/index.php\/2018\/01\/26\/pemf-brigades-ash-groupe-de-travail-du-25-janvier-2018\/\"]}]},{\"@type\":\"ImageObject\",\"inLanguage\":\"fr-FR\",\"@id\":\"https:\/\/snuipp86.fr\/index.php\/2018\/01\/26\/pemf-brigades-ash-groupe-de-travail-du-25-janvier-2018\/#primaryimage\",\"url\":\"http:\/\/snuipp86.fr\/wp-content\/spip\/IMG\/arton3680.jpg\",\"contentUrl\":\"http:\/\/snuipp86.fr\/wp-content\/spip\/IMG\/arton3680.jpg\"},{\"@type\":\"BreadcrumbList\",\"@id\":\"https:\/\/snuipp86.fr\/index.php\/2018\/01\/26\/pemf-brigades-ash-groupe-de-travail-du-25-janvier-2018\/#breadcrumb\",\"itemListElement\":[{\"@type\":\"ListItem\",\"position\":1,\"name\":\"Accueil\",\"item\":\"https:\/\/snuipp86.fr\/\"},{\"@type\":\"ListItem\",\"position\":2,\"name\":\"PEMF, brigades ASH : groupe de travail du 25 janvier 2018\"}]},{\"@type\":\"WebSite\",\"@id\":\"https:\/\/snuipp86.fr\/#website\",\"url\":\"https:\/\/snuipp86.fr\/\",\"name\":\"FSU-SNUipp 86\",\"description\":\"Des id\u00e9es qui font l&#039;\u00e9cole\",\"potentialAction\":[{\"@type\":\"SearchAction\",\"target\":{\"@type\":\"EntryPoint\",\"urlTemplate\":\"https:\/\/snuipp86.fr\/?s={search_term_string}\"},\"query-input\":{\"@type\":\"PropertyValueSpecification\",\"valueRequired\":true,\"valueName\":\"search_term_string\"}}],\"inLanguage\":\"fr-FR\"},{\"@type\":\"Person\",\"@id\":\"https:\/\/snuipp86.fr\/#\/schema\/person\/901b28b9ae1c7a63a6a940102e52a7a2\",\"name\":\"WP86Admin\",\"image\":{\"@type\":\"ImageObject\",\"inLanguage\":\"fr-FR\",\"@id\":\"https:\/\/snuipp86.fr\/#\/schema\/person\/image\/\",\"url\":\"https:\/\/secure.gravatar.com\/avatar\/0099845c7ec05dc10d777d8ab4f5142c5ba316283821af2459738ad469a37a1a?s=96&d=mm&r=g\",\"contentUrl\":\"https:\/\/secure.gravatar.com\/avatar\/0099845c7ec05dc10d777d8ab4f5142c5ba316283821af2459738ad469a37a1a?s=96&d=mm&r=g\",\"caption\":\"WP86Admin\"},\"url\":\"https:\/\/snuipp86.fr\/index.php\/author\/wp86admin\/\"}]}<\/script>\n<!-- \/ Yoast SEO plugin. -->","yoast_head_json":{"title":"PEMF, brigades ASH : groupe de travail du 25 janvier 2018 - FSU-SNUipp 86","robots":{"index":"index","follow":"follow","max-snippet":"max-snippet:-1","max-image-preview":"max-image-preview:large","max-video-preview":"max-video-preview:-1"},"canonical":"https:\/\/snuipp86.fr\/index.php\/2018\/01\/26\/pemf-brigades-ash-groupe-de-travail-du-25-janvier-2018\/","og_locale":"fr_FR","og_type":"article","og_title":"PEMF, brigades ASH : groupe de travail du 25 janvier 2018 - FSU-SNUipp 86","og_description":"Compte rendu du Groupe de Travail du 25 janvier 2018 Rattachement des postes PEMF Rattachement des postes de Titulaires rempla\u00e7ants ASH (ex brigades ASH) Dans cette instance, le SNUipp si\u00e8ge pour la d\u00e9l\u00e9gation FSU\/CGT Personnes pr\u00e9sentes : le secr\u00e9taire g\u00e9n\u00e9ral adjoint (M. Monlun), M. Artaud (IENA), Mme Meyer (IEN ASH), Mme Turi (IEN Poitiers Ouest), Mmes Lienart et Librero (DOSES), 4 SNUipp-FSU, 2 UNSA, 1 FO et 1 SNALC Rattachement des postes PEMF Encore une fois, le SNUipp-FSU 86 (...) - Carte scolaire","og_url":"https:\/\/snuipp86.fr\/index.php\/2018\/01\/26\/pemf-brigades-ash-groupe-de-travail-du-25-janvier-2018\/","og_site_name":"FSU-SNUipp 86","article_published_time":"2018-01-26T13:00:00+00:00","og_image":[{"url":"http:\/\/snuipp86.fr\/wp-content\/spip\/IMG\/arton3680.jpg","type":"","width":"","height":""}],"author":"WP86Admin","twitter_card":"summary_large_image","twitter_misc":{"\u00c9crit par":"WP86Admin","Dur\u00e9e de lecture estim\u00e9e":"4 minutes"},"schema":{"@context":"https:\/\/schema.org","@graph":[{"@type":"WebPage","@id":"https:\/\/snuipp86.fr\/index.php\/2018\/01\/26\/pemf-brigades-ash-groupe-de-travail-du-25-janvier-2018\/","url":"https:\/\/snuipp86.fr\/index.php\/2018\/01\/26\/pemf-brigades-ash-groupe-de-travail-du-25-janvier-2018\/","name":"PEMF, brigades ASH : groupe de travail du 25 janvier 2018 - FSU-SNUipp 86","isPartOf":{"@id":"https:\/\/snuipp86.fr\/#website"},"primaryImageOfPage":{"@id":"https:\/\/snuipp86.fr\/index.php\/2018\/01\/26\/pemf-brigades-ash-groupe-de-travail-du-25-janvier-2018\/#primaryimage"},"image":{"@id":"https:\/\/snuipp86.fr\/index.php\/2018\/01\/26\/pemf-brigades-ash-groupe-de-travail-du-25-janvier-2018\/#primaryimage"},"thumbnailUrl":"http:\/\/snuipp86.fr\/wp-content\/spip\/IMG\/arton3680.jpg","datePublished":"2018-01-26T13:00:00+00:00","author":{"@id":"https:\/\/snuipp86.fr\/#\/schema\/person\/901b28b9ae1c7a63a6a940102e52a7a2"},"breadcrumb":{"@id":"https:\/\/snuipp86.fr\/index.php\/2018\/01\/26\/pemf-brigades-ash-groupe-de-travail-du-25-janvier-2018\/#breadcrumb"},"inLanguage":"fr-FR","potentialAction":[{"@type":"ReadAction","target":["https:\/\/snuipp86.fr\/index.php\/2018\/01\/26\/pemf-brigades-ash-groupe-de-travail-du-25-janvier-2018\/"]}]},{"@type":"ImageObject","inLanguage":"fr-FR","@id":"https:\/\/snuipp86.fr\/index.php\/2018\/01\/26\/pemf-brigades-ash-groupe-de-travail-du-25-janvier-2018\/#primaryimage","url":"http:\/\/snuipp86.fr\/wp-content\/spip\/IMG\/arton3680.jpg","contentUrl":"http:\/\/snuipp86.fr\/wp-content\/spip\/IMG\/arton3680.jpg"},{"@type":"BreadcrumbList","@id":"https:\/\/snuipp86.fr\/index.php\/2018\/01\/26\/pemf-brigades-ash-groupe-de-travail-du-25-janvier-2018\/#breadcrumb","itemListElement":[{"@type":"ListItem","position":1,"name":"Accueil","item":"https:\/\/snuipp86.fr\/"},{"@type":"ListItem","position":2,"name":"PEMF, brigades ASH : groupe de travail du 25 janvier 2018"}]},{"@type":"WebSite","@id":"https:\/\/snuipp86.fr\/#website","url":"https:\/\/snuipp86.fr\/","name":"FSU-SNUipp 86","description":"Des id\u00e9es qui font l&#039;\u00e9cole","potentialAction":[{"@type":"SearchAction","target":{"@type":"EntryPoint","urlTemplate":"https:\/\/snuipp86.fr\/?s={search_term_string}"},"query-input":{"@type":"PropertyValueSpecification","valueRequired":true,"valueName":"search_term_string"}}],"inLanguage":"fr-FR"},{"@type":"Person","@id":"https:\/\/snuipp86.fr\/#\/schema\/person\/901b28b9ae1c7a63a6a940102e52a7a2","name":"WP86Admin","image":{"@type":"ImageObject","inLanguage":"fr-FR","@id":"https:\/\/snuipp86.fr\/#\/schema\/person\/image\/","url":"https:\/\/secure.gravatar.com\/avatar\/0099845c7ec05dc10d777d8ab4f5142c5ba316283821af2459738ad469a37a1a?s=96&d=mm&r=g","contentUrl":"https:\/\/secure.gravatar.com\/avatar\/0099845c7ec05dc10d777d8ab4f5142c5ba316283821af2459738ad469a37a1a?s=96&d=mm&r=g","caption":"WP86Admin"},"url":"https:\/\/snuipp86.fr\/index.php\/author\/wp86admin\/"}]}},"_links":{"self":[{"href":"https:\/\/snuipp86.fr\/index.php\/wp-json\/wp\/v2\/posts\/213","targetHints":{"allow":["GET"]}}],"collection":[{"href":"https:\/\/snuipp86.fr\/index.php\/wp-json\/wp\/v2\/posts"}],"about":[{"href":"https:\/\/snuipp86.fr\/index.php\/wp-json\/wp\/v2\/types\/post"}],"author":[{"embeddable":true,"href":"https:\/\/snuipp86.fr\/index.php\/wp-json\/wp\/v2\/users\/1"}],"replies":[{"embeddable":true,"href":"https:\/\/snuipp86.fr\/index.php\/wp-json\/wp\/v2\/comments?post=213"}],"version-history":[{"count":0,"href":"https:\/\/snuipp86.fr\/index.php\/wp-json\/wp\/v2\/posts\/213\/revisions"}],"wp:attachment":[{"href":"https:\/\/snuipp86.fr\/index.php\/wp-json\/wp\/v2\/media?parent=213"}],"wp:term":[{"taxonomy":"category","embeddable":true,"href":"https:\/\/snuipp86.fr\/index.php\/wp-json\/wp\/v2\/categories?post=213"},{"taxonomy":"post_tag","embeddable":true,"href":"https:\/\/snuipp86.fr\/index.php\/wp-json\/wp\/v2\/tags?post=213"}],"curies":[{"name":"wp","href":"https:\/\/api.w.org\/{rel}","templated":true}]}}