{"id":21916,"date":"2022-02-23T16:37:32","date_gmt":"2022-02-23T15:37:32","guid":{"rendered":"http:\/\/snuipp86.fr\/?p=21916"},"modified":"2022-02-23T16:37:32","modified_gmt":"2022-02-23T15:37:32","slug":"faq-covid-du-ministere-du-17-fevrier-2022-les-principaux-changements","status":"publish","type":"post","link":"https:\/\/snuipp86.fr\/index.php\/2022\/02\/23\/faq-covid-du-ministere-du-17-fevrier-2022-les-principaux-changements\/","title":{"rendered":"Faq covid du minist\u00e8re du 17 f\u00e9vrier 2022 : les principaux changements"},"content":{"rendered":"<p align=\"CENTER\"><span style=\"color: #ff0000;\"><strong>Faq covid du minist\u00e8re du 17 f\u00e9vrier 2022<\/strong><\/span><\/p>\n<p align=\"CENTER\"><span style=\"color: #ff0000;\"><span style=\"font-family: Tahoma, serif;\"><span style=\"font-size: medium;\"><i><b>Les principaux changements<\/b><\/i><\/span><\/span><\/span><\/p>\n<p><span style=\"color: #000000;\">\u00a0\u00a0<\/span><\/p>\n<p><span style=\"color: #000000;\"><span style=\"font-family: Tahoma, serif;\"><u>Textes de r\u00e9f\u00e9rence<\/u><\/span><\/span><span style=\"color: #000000;\"><span style=\"font-family: Tahoma, serif;\">:\u00a0<\/span><\/span><\/p>\n<p align=\"JUSTIFY\"><a href=\"https:\/\/www.education.gouv.fr\/media\/93137\/download\"><span style=\"color: #1155cc;\"><span style=\"font-family: Tahoma, serif;\"><span style=\"font-size: medium;\">&#8211;<\/span><\/span><\/span><\/a><a href=\"https:\/\/www.education.gouv.fr\/media\/93137\/download\"><span style=\"color: #1155cc;\"><span style=\"font-family: Tahoma, serif;\"><span style=\"font-size: xx-small;\">\u00a0 \u00a0 <\/span><\/span><\/span><\/a><span style=\"color: #000000;\"><span style=\"font-family: Tahoma, serif;\"><span style=\"font-size: xx-small;\">\u00a0\u00a0<\/span><\/span><\/span><a href=\"https:\/\/intra.snuipp.fr\/IMG\/pdf\/220217-faq-men-11-2021_22.pdf\"><span style=\"color: #1155cc;\"><span style=\"font-family: Tahoma, serif;\"><span style=\"font-size: medium;\"><u>FAQ MEN du 17 f\u00e9vrier 2022<\/u><\/span><\/span><\/span><\/a><\/p>\n<p align=\"JUSTIFY\"><span style=\"font-family: Tahoma, serif;\"><b>Cette FAQ est la cinqui\u00e8me depuis la rentr\u00e9e de janvier. C\u2019est, \u00e0 minima, la 58\u00e8me depuis le d\u00e9but de la crise. Elle vise principalement \u00e0 notifier le passage du cadre sanitaire du niveau 3 au niveau 2 \u00e0 compter du 21 f\u00e9vrier 2022 (zone B), du 28 f\u00e9vrier (zone A) et du 7 mars (zone C).<br \/>\n<\/b><\/span><span style=\"font-family: Tahoma, serif;\"><b>La modification de ce protocole s\u2019est faite pour la premi\u00e8re fois en concertation avec les organisations syndicales, puis l\u2019annonce s\u2019est faite par mail \u00e0 tous les personnels, une des cons\u00e9quence de notre mobilisation du 13 janvier.\u00a0<\/b><\/span><\/p>\n<p align=\"JUSTIFY\">\n<p align=\"JUSTIFY\"><span style=\"font-family: Tahoma, serif;\"><b>Cet article reprend \u00e0 grands traits les changements et \u00e9volutions introduits par la FAQ du MEN du 17\/02.\u00a0<\/b><\/span><\/p>\n<p>&nbsp;<\/p>\n<h1 align=\"JUSTIFY\"><span style=\"font-family: Tahoma, serif; color: #0000ff;\"><b>Cons\u00e9quences du passage au cadre sanitaire niveau 2\u00a0 :<\/b><\/span><\/h1>\n<ul>\n<li>\n<p align=\"JUSTIFY\"><span style=\"font-family: Tahoma, serif;\">fin du port du masque en ext\u00e9rieur pour les \u00e9l\u00e8ves et les personnels<\/span><\/p>\n<\/li>\n<li>\n<p align=\"JUSTIFY\"><span style=\"font-family: Tahoma, serif;\">possibilit\u00e9 de pratiquer les activit\u00e9s sportives en int\u00e9rieur sans port du masque mais en respectant la distanciation (sports de contact toujours interdits sans masque en int\u00e9rieur)<\/span><\/p>\n<\/li>\n<li>\n<p align=\"JUSTIFY\"><span style=\"font-family: Tahoma, serif;\">brassage accept\u00e9 par niveau ou groupe de classe, notamment pour la restauration scolaire<\/span><\/p>\n<\/li>\n<li>\n<p align=\"JUSTIFY\"><span style=\"font-family: Tahoma, serif;\">les moments de convivialit\u00e9 sont \u00e0 nouveau tol\u00e9r\u00e9s depuis le 16 f\u00e9vrier avec respect des gestes barri\u00e8res<\/span><\/p>\n<\/li>\n<li>\n<p align=\"JUSTIFY\"><span style=\"font-family: Tahoma, serif;\">les \u00e9l\u00e8ves en situation de handicap ou \u00e0 scolarit\u00e9 partag\u00e9e reprennent leur organisation p\u00e9dagogique telle que d\u00e9crite dans leur PPS tout en respectant les mesures sanitaires<\/span><\/p>\n<\/li>\n<li>\n<p align=\"JUSTIFY\"><span style=\"font-family: Tahoma, serif;\">les sorties et les voyages scolaires, ainsi que les voyages \u00e0 l\u2019\u00e9tranger, ne sont pas interdits mais doivent se conformer \u00e0 l\u2019\u00e9volution des contraintes sur le pass vaccinal<\/span><\/p>\n<\/li>\n<li>\n<p align=\"JUSTIFY\"><span style=\"font-family: Tahoma, serif;\">gestion des cas contacts \u00e9l\u00e8ves et personnels, dans une \u00e9cole ou un \u00e9tablissement :<\/span><\/p>\n<\/li>\n<\/ul>\n<ul>\n<li><span style=\"font-family: Tahoma, serif;\"><b>\u00e0 partir du 21 f\u00e9vrier : <\/b><\/span><span style=\"font-family: Tahoma, serif;\">suppression de la d\u00e9claration sur l\u2019honneur de la r\u00e9alisation d\u2019un test n\u00e9gatif ;<\/span><\/li>\n<li><span style=\"font-family: Tahoma, serif;\"><b>jusqu\u2019au 28 f\u00e9vrier : <\/b><\/span><span style=\"font-family: Tahoma, serif;\"> si autotest n\u00e9gatif \u00e0 J0, J2 et J4 =&gt; pas d\u2019isolement<\/span><\/li>\n<li><span style=\"font-family: Tahoma, serif;\"><b>\u00e0 partir du 28 f\u00e9vrier : <\/b><\/span><span style=\"font-family: Tahoma, serif;\"> apr\u00e8s le dernier contact avec le cas confirm\u00e9 ou apr\u00e8s avoir re\u00e7u l\u2019information =&gt; un seul autotest ou test antig\u00e9nique \u00e0 J2 et aucun isolement avant le r\u00e9sultat du test.<\/span><\/li>\n<li><span style=\"font-family: Tahoma, serif;\">Maintien de la r\u00e8gle concernant le red\u00e9marrage d\u2019un cycle : l\u2019apparition d\u2019un nouveau cas confirm\u00e9 dans les 7 jours n\u2019engendre pas un nouveau cycle de tests.<\/span><\/li>\n<\/ul>\n<p>&nbsp;<\/p>\n<h1><span style=\"font-family: Tahoma, serif; color: #0000ff;\"><b>Evolution du pass vaccinal<\/b><\/span><\/h1>\n<p align=\"JUSTIFY\"><span style=\"font-family: Tahoma, serif;\"> Le pass vaccinal consiste en la pr\u00e9sentation de l\u2019une des trois preuves : certificat de vaccination, certificat de contre-indication \u00e0 la vaccination, certificat de r\u00e9tablissement. Pour ce dernier, sa dur\u00e9e de validit\u00e9 est ramen\u00e9e de 6 \u00e0 4 mois.<\/span><\/p>\n<h1 align=\"JUSTIFY\"><span style=\"font-family: Tahoma, serif; color: #0000ff;\"><b>Activit\u00e9 en EPS et en piscine<\/b><\/span><\/h1>\n<p><span style=\"font-family: Tahoma, serif;\">En protocole sanitaire niveau 2, les activit\u00e9s sportives en int\u00e9rieur sont autoris\u00e9es sans port du masque mais en respectant la distanciation (sports de contact toujours interdits sans masque en int\u00e9rieur).<\/span><\/p>\n<p><span style=\"font-family: Tahoma, serif;\">Les activit\u00e9s physiques et sportives en piscine sont autoris\u00e9es lorsque les conditions d\u2019accueil \u00e0 la piscine permettent de respecter strictement les r\u00e8gles sanitaires. Ce qui implique le port masque ou distanciation \u00e0 chaque instant (vestiaire, sanitaires, bassin et zone d\u2019attente\u2026).<\/span><\/p>\n<h1 align=\"JUSTIFY\"><span style=\"font-family: Tahoma, serif; color: #0000ff;\"><b>Protection des personnels <\/b><\/span><\/h1>\n<ul>\n<li>\n<p align=\"JUSTIFY\"><span style=\"font-family: Tahoma, serif;\"><b>personnels cas contacts \u00e0 risques<\/b><\/span><\/p>\n<\/li>\n<\/ul>\n<p align=\"JUSTIFY\"><span style=\"font-family: Tahoma, serif;\">Couverture vaccinale compl\u00e8te: <\/span><\/p>\n<p align=\"JUSTIFY\"><span style=\"font-family: Tahoma, serif;\">Jusqu\u2019au 28 f\u00e9vrier : pas d\u2019isolement apr\u00e8s contact avec un cas confirm\u00e9 tant que les r\u00e9sultats des tests sont n\u00e9gatifs (J0 : un test antig\u00e9nique ou PCR ; J2 et J4 : autotests).<\/span><\/p>\n<p align=\"JUSTIFY\"><span style=\"font-family: Tahoma, serif;\">Les autotests peuvent \u00eatre retir\u00e9s en pharmacie gratuitement sur pr\u00e9sentation du courrier remis par l\u2019\u00e9cole ou l\u2019\u00e9tablissement et d\u2019une pi\u00e8ce d\u2019identit\u00e9.<\/span><\/p>\n<p align=\"JUSTIFY\"><span style=\"font-family: Tahoma, serif;\">A compter du 28 f\u00e9vrier 2022 : un seul test (autotest ou antig\u00e9nique) sera \u00e0 r\u00e9aliser \u00e0 J2 apr\u00e8s le dernier contact avec le cas confirm\u00e9 ou au moment de l\u2019information. Aucun isolement entre J0 et J2.<\/span><\/p>\n<ul>\n<li>\n<p align=\"JUSTIFY\"><span style=\"font-family: Tahoma, serif;\"><b>personnels vuln\u00e9rables<\/b><\/span><\/p>\n<\/li>\n<\/ul>\n<p align=\"JUSTIFY\"><span style=\"font-family: Tahoma, serif;\">Le r\u00e9gime des ASA ne subit aucune modification : on ne peut pas leur demander de reprendre leur poste d\u2019enseignement.<\/span><\/p>\n<p align=\"JUSTIFY\"><span style=\"font-family: Tahoma, serif;\">Depuis le 2 f\u00e9vrier 2022, les personnes \u00e0 risque de formes graves du Covid-19 et immunod\u00e9prim\u00e9es peuvent, sur certificat de leur m\u00e9decin, obtenir gratuitement des masques de type FFP2 en pharmacie.<\/span><\/p>\n","protected":false},"excerpt":{"rendered":"<p>Faq covid du minist\u00e8re du 17 f\u00e9vrier 2022 Les principaux changements \u00a0\u00a0 Textes de r\u00e9f\u00e9rence:\u00a0 &#8211;\u00a0 \u00a0 \u00a0\u00a0FAQ MEN du 17 f\u00e9vrier 2022 Cette FAQ est la cinqui\u00e8me depuis la rentr\u00e9e de janvier. C\u2019est, \u00e0 minima, la 58\u00e8me depuis le d\u00e9but de la crise. Elle vise principalement \u00e0 notifier le passage du cadre sanitaire du niveau [&hellip;]<\/p>\n","protected":false},"author":4,"featured_media":21454,"comment_status":"closed","ping_status":"closed","sticky":false,"template":"","format":"standard","meta":{"footnotes":""},"categories":[14],"tags":[56],"class_list":["post-21916","post","type-post","status-publish","format-standard","has-post-thumbnail","hentry","category-a-la-une","tag-covid"],"yoast_head":"<!-- This site is optimized with the Yoast SEO plugin v26.6 - https:\/\/yoast.com\/wordpress\/plugins\/seo\/ -->\n<title>Faq covid du minist\u00e8re du 17 f\u00e9vrier 2022 : les principaux changements - FSU-SNUipp 86<\/title>\n<meta name=\"robots\" content=\"index, follow, max-snippet:-1, max-image-preview:large, max-video-preview:-1\" \/>\n<link rel=\"canonical\" href=\"https:\/\/snuipp86.fr\/index.php\/2022\/02\/23\/faq-covid-du-ministere-du-17-fevrier-2022-les-principaux-changements\/\" \/>\n<meta property=\"og:locale\" content=\"fr_FR\" \/>\n<meta property=\"og:type\" content=\"article\" \/>\n<meta property=\"og:title\" content=\"Faq covid du minist\u00e8re du 17 f\u00e9vrier 2022 : les principaux changements - FSU-SNUipp 86\" \/>\n<meta property=\"og:description\" content=\"Faq covid du minist\u00e8re du 17 f\u00e9vrier 2022 Les principaux changements \u00a0\u00a0 Textes de r\u00e9f\u00e9rence:\u00a0 &#8211;\u00a0 \u00a0 \u00a0\u00a0FAQ MEN du 17 f\u00e9vrier 2022 Cette FAQ est la cinqui\u00e8me depuis la rentr\u00e9e de janvier. C\u2019est, \u00e0 minima, la 58\u00e8me depuis le d\u00e9but de la crise. Elle vise principalement \u00e0 notifier le passage du cadre sanitaire du niveau [&hellip;]\" \/>\n<meta property=\"og:url\" content=\"https:\/\/snuipp86.fr\/index.php\/2022\/02\/23\/faq-covid-du-ministere-du-17-fevrier-2022-les-principaux-changements\/\" \/>\n<meta property=\"og:site_name\" content=\"FSU-SNUipp 86\" \/>\n<meta property=\"article:published_time\" content=\"2022-02-23T15:37:32+00:00\" \/>\n<meta property=\"og:image\" content=\"https:\/\/snuipp86.fr\/wp-content\/uploads\/2021\/12\/covid.png\" \/>\n\t<meta property=\"og:image:width\" content=\"400\" \/>\n\t<meta property=\"og:image:height\" content=\"400\" \/>\n\t<meta property=\"og:image:type\" content=\"image\/png\" \/>\n<meta name=\"author\" content=\"Matthieu Menaut\" \/>\n<meta name=\"twitter:card\" content=\"summary_large_image\" \/>\n<meta name=\"twitter:label1\" content=\"\u00c9crit par\" \/>\n\t<meta name=\"twitter:data1\" content=\"Matthieu Menaut\" \/>\n\t<meta name=\"twitter:label2\" content=\"Dur\u00e9e de lecture estim\u00e9e\" \/>\n\t<meta name=\"twitter:data2\" content=\"4 minutes\" \/>\n<script type=\"application\/ld+json\" class=\"yoast-schema-graph\">{\"@context\":\"https:\/\/schema.org\",\"@graph\":[{\"@type\":\"WebPage\",\"@id\":\"https:\/\/snuipp86.fr\/index.php\/2022\/02\/23\/faq-covid-du-ministere-du-17-fevrier-2022-les-principaux-changements\/\",\"url\":\"https:\/\/snuipp86.fr\/index.php\/2022\/02\/23\/faq-covid-du-ministere-du-17-fevrier-2022-les-principaux-changements\/\",\"name\":\"Faq covid du minist\u00e8re du 17 f\u00e9vrier 2022 : les principaux changements - FSU-SNUipp 86\",\"isPartOf\":{\"@id\":\"https:\/\/snuipp86.fr\/#website\"},\"primaryImageOfPage\":{\"@id\":\"https:\/\/snuipp86.fr\/index.php\/2022\/02\/23\/faq-covid-du-ministere-du-17-fevrier-2022-les-principaux-changements\/#primaryimage\"},\"image\":{\"@id\":\"https:\/\/snuipp86.fr\/index.php\/2022\/02\/23\/faq-covid-du-ministere-du-17-fevrier-2022-les-principaux-changements\/#primaryimage\"},\"thumbnailUrl\":\"https:\/\/snuipp86.fr\/wp-content\/uploads\/2021\/12\/covid.png\",\"datePublished\":\"2022-02-23T15:37:32+00:00\",\"author\":{\"@id\":\"https:\/\/snuipp86.fr\/#\/schema\/person\/5a96b33672b90a1385fd0b096fd5ebcb\"},\"breadcrumb\":{\"@id\":\"https:\/\/snuipp86.fr\/index.php\/2022\/02\/23\/faq-covid-du-ministere-du-17-fevrier-2022-les-principaux-changements\/#breadcrumb\"},\"inLanguage\":\"fr-FR\",\"potentialAction\":[{\"@type\":\"ReadAction\",\"target\":[\"https:\/\/snuipp86.fr\/index.php\/2022\/02\/23\/faq-covid-du-ministere-du-17-fevrier-2022-les-principaux-changements\/\"]}]},{\"@type\":\"ImageObject\",\"inLanguage\":\"fr-FR\",\"@id\":\"https:\/\/snuipp86.fr\/index.php\/2022\/02\/23\/faq-covid-du-ministere-du-17-fevrier-2022-les-principaux-changements\/#primaryimage\",\"url\":\"https:\/\/snuipp86.fr\/wp-content\/uploads\/2021\/12\/covid.png\",\"contentUrl\":\"https:\/\/snuipp86.fr\/wp-content\/uploads\/2021\/12\/covid.png\",\"width\":400,\"height\":400},{\"@type\":\"BreadcrumbList\",\"@id\":\"https:\/\/snuipp86.fr\/index.php\/2022\/02\/23\/faq-covid-du-ministere-du-17-fevrier-2022-les-principaux-changements\/#breadcrumb\",\"itemListElement\":[{\"@type\":\"ListItem\",\"position\":1,\"name\":\"Accueil\",\"item\":\"https:\/\/snuipp86.fr\/\"},{\"@type\":\"ListItem\",\"position\":2,\"name\":\"Faq covid du minist\u00e8re du 17 f\u00e9vrier 2022 : les principaux changements\"}]},{\"@type\":\"WebSite\",\"@id\":\"https:\/\/snuipp86.fr\/#website\",\"url\":\"https:\/\/snuipp86.fr\/\",\"name\":\"FSU-SNUipp 86\",\"description\":\"Des id\u00e9es qui font l&#039;\u00e9cole\",\"potentialAction\":[{\"@type\":\"SearchAction\",\"target\":{\"@type\":\"EntryPoint\",\"urlTemplate\":\"https:\/\/snuipp86.fr\/?s={search_term_string}\"},\"query-input\":{\"@type\":\"PropertyValueSpecification\",\"valueRequired\":true,\"valueName\":\"search_term_string\"}}],\"inLanguage\":\"fr-FR\"},{\"@type\":\"Person\",\"@id\":\"https:\/\/snuipp86.fr\/#\/schema\/person\/5a96b33672b90a1385fd0b096fd5ebcb\",\"name\":\"Matthieu Menaut\",\"image\":{\"@type\":\"ImageObject\",\"inLanguage\":\"fr-FR\",\"@id\":\"https:\/\/snuipp86.fr\/#\/schema\/person\/image\/\",\"url\":\"https:\/\/secure.gravatar.com\/avatar\/03e70f897b03256ddca91d16c3e33a876c31abbf1b31cb48e60e770f684a04d1?s=96&d=mm&r=g\",\"contentUrl\":\"https:\/\/secure.gravatar.com\/avatar\/03e70f897b03256ddca91d16c3e33a876c31abbf1b31cb48e60e770f684a04d1?s=96&d=mm&r=g\",\"caption\":\"Matthieu Menaut\"},\"url\":\"https:\/\/snuipp86.fr\/index.php\/author\/mmenaut\/\"}]}<\/script>\n<!-- \/ Yoast SEO plugin. -->","yoast_head_json":{"title":"Faq covid du minist\u00e8re du 17 f\u00e9vrier 2022 : les principaux changements - FSU-SNUipp 86","robots":{"index":"index","follow":"follow","max-snippet":"max-snippet:-1","max-image-preview":"max-image-preview:large","max-video-preview":"max-video-preview:-1"},"canonical":"https:\/\/snuipp86.fr\/index.php\/2022\/02\/23\/faq-covid-du-ministere-du-17-fevrier-2022-les-principaux-changements\/","og_locale":"fr_FR","og_type":"article","og_title":"Faq covid du minist\u00e8re du 17 f\u00e9vrier 2022 : les principaux changements - FSU-SNUipp 86","og_description":"Faq covid du minist\u00e8re du 17 f\u00e9vrier 2022 Les principaux changements \u00a0\u00a0 Textes de r\u00e9f\u00e9rence:\u00a0 &#8211;\u00a0 \u00a0 \u00a0\u00a0FAQ MEN du 17 f\u00e9vrier 2022 Cette FAQ est la cinqui\u00e8me depuis la rentr\u00e9e de janvier. C\u2019est, \u00e0 minima, la 58\u00e8me depuis le d\u00e9but de la crise. Elle vise principalement \u00e0 notifier le passage du cadre sanitaire du niveau [&hellip;]","og_url":"https:\/\/snuipp86.fr\/index.php\/2022\/02\/23\/faq-covid-du-ministere-du-17-fevrier-2022-les-principaux-changements\/","og_site_name":"FSU-SNUipp 86","article_published_time":"2022-02-23T15:37:32+00:00","og_image":[{"width":400,"height":400,"url":"https:\/\/snuipp86.fr\/wp-content\/uploads\/2021\/12\/covid.png","type":"image\/png"}],"author":"Matthieu Menaut","twitter_card":"summary_large_image","twitter_misc":{"\u00c9crit par":"Matthieu Menaut","Dur\u00e9e de lecture estim\u00e9e":"4 minutes"},"schema":{"@context":"https:\/\/schema.org","@graph":[{"@type":"WebPage","@id":"https:\/\/snuipp86.fr\/index.php\/2022\/02\/23\/faq-covid-du-ministere-du-17-fevrier-2022-les-principaux-changements\/","url":"https:\/\/snuipp86.fr\/index.php\/2022\/02\/23\/faq-covid-du-ministere-du-17-fevrier-2022-les-principaux-changements\/","name":"Faq covid du minist\u00e8re du 17 f\u00e9vrier 2022 : les principaux changements - FSU-SNUipp 86","isPartOf":{"@id":"https:\/\/snuipp86.fr\/#website"},"primaryImageOfPage":{"@id":"https:\/\/snuipp86.fr\/index.php\/2022\/02\/23\/faq-covid-du-ministere-du-17-fevrier-2022-les-principaux-changements\/#primaryimage"},"image":{"@id":"https:\/\/snuipp86.fr\/index.php\/2022\/02\/23\/faq-covid-du-ministere-du-17-fevrier-2022-les-principaux-changements\/#primaryimage"},"thumbnailUrl":"https:\/\/snuipp86.fr\/wp-content\/uploads\/2021\/12\/covid.png","datePublished":"2022-02-23T15:37:32+00:00","author":{"@id":"https:\/\/snuipp86.fr\/#\/schema\/person\/5a96b33672b90a1385fd0b096fd5ebcb"},"breadcrumb":{"@id":"https:\/\/snuipp86.fr\/index.php\/2022\/02\/23\/faq-covid-du-ministere-du-17-fevrier-2022-les-principaux-changements\/#breadcrumb"},"inLanguage":"fr-FR","potentialAction":[{"@type":"ReadAction","target":["https:\/\/snuipp86.fr\/index.php\/2022\/02\/23\/faq-covid-du-ministere-du-17-fevrier-2022-les-principaux-changements\/"]}]},{"@type":"ImageObject","inLanguage":"fr-FR","@id":"https:\/\/snuipp86.fr\/index.php\/2022\/02\/23\/faq-covid-du-ministere-du-17-fevrier-2022-les-principaux-changements\/#primaryimage","url":"https:\/\/snuipp86.fr\/wp-content\/uploads\/2021\/12\/covid.png","contentUrl":"https:\/\/snuipp86.fr\/wp-content\/uploads\/2021\/12\/covid.png","width":400,"height":400},{"@type":"BreadcrumbList","@id":"https:\/\/snuipp86.fr\/index.php\/2022\/02\/23\/faq-covid-du-ministere-du-17-fevrier-2022-les-principaux-changements\/#breadcrumb","itemListElement":[{"@type":"ListItem","position":1,"name":"Accueil","item":"https:\/\/snuipp86.fr\/"},{"@type":"ListItem","position":2,"name":"Faq covid du minist\u00e8re du 17 f\u00e9vrier 2022 : les principaux changements"}]},{"@type":"WebSite","@id":"https:\/\/snuipp86.fr\/#website","url":"https:\/\/snuipp86.fr\/","name":"FSU-SNUipp 86","description":"Des id\u00e9es qui font l&#039;\u00e9cole","potentialAction":[{"@type":"SearchAction","target":{"@type":"EntryPoint","urlTemplate":"https:\/\/snuipp86.fr\/?s={search_term_string}"},"query-input":{"@type":"PropertyValueSpecification","valueRequired":true,"valueName":"search_term_string"}}],"inLanguage":"fr-FR"},{"@type":"Person","@id":"https:\/\/snuipp86.fr\/#\/schema\/person\/5a96b33672b90a1385fd0b096fd5ebcb","name":"Matthieu Menaut","image":{"@type":"ImageObject","inLanguage":"fr-FR","@id":"https:\/\/snuipp86.fr\/#\/schema\/person\/image\/","url":"https:\/\/secure.gravatar.com\/avatar\/03e70f897b03256ddca91d16c3e33a876c31abbf1b31cb48e60e770f684a04d1?s=96&d=mm&r=g","contentUrl":"https:\/\/secure.gravatar.com\/avatar\/03e70f897b03256ddca91d16c3e33a876c31abbf1b31cb48e60e770f684a04d1?s=96&d=mm&r=g","caption":"Matthieu Menaut"},"url":"https:\/\/snuipp86.fr\/index.php\/author\/mmenaut\/"}]}},"_links":{"self":[{"href":"https:\/\/snuipp86.fr\/index.php\/wp-json\/wp\/v2\/posts\/21916","targetHints":{"allow":["GET"]}}],"collection":[{"href":"https:\/\/snuipp86.fr\/index.php\/wp-json\/wp\/v2\/posts"}],"about":[{"href":"https:\/\/snuipp86.fr\/index.php\/wp-json\/wp\/v2\/types\/post"}],"author":[{"embeddable":true,"href":"https:\/\/snuipp86.fr\/index.php\/wp-json\/wp\/v2\/users\/4"}],"replies":[{"embeddable":true,"href":"https:\/\/snuipp86.fr\/index.php\/wp-json\/wp\/v2\/comments?post=21916"}],"version-history":[{"count":0,"href":"https:\/\/snuipp86.fr\/index.php\/wp-json\/wp\/v2\/posts\/21916\/revisions"}],"wp:featuredmedia":[{"embeddable":true,"href":"https:\/\/snuipp86.fr\/index.php\/wp-json\/wp\/v2\/media\/21454"}],"wp:attachment":[{"href":"https:\/\/snuipp86.fr\/index.php\/wp-json\/wp\/v2\/media?parent=21916"}],"wp:term":[{"taxonomy":"category","embeddable":true,"href":"https:\/\/snuipp86.fr\/index.php\/wp-json\/wp\/v2\/categories?post=21916"},{"taxonomy":"post_tag","embeddable":true,"href":"https:\/\/snuipp86.fr\/index.php\/wp-json\/wp\/v2\/tags?post=21916"}],"curies":[{"name":"wp","href":"https:\/\/api.w.org\/{rel}","templated":true}]}}