{"id":22050,"date":"2022-03-13T17:32:48","date_gmt":"2022-03-13T16:32:48","guid":{"rendered":"http:\/\/snuipp86.fr\/?p=22050"},"modified":"2022-03-13T17:51:07","modified_gmt":"2022-03-13T16:51:07","slug":"permutations-2022-de-la-vienne-resultats-et-suite","status":"publish","type":"post","link":"https:\/\/snuipp86.fr\/index.php\/2022\/03\/13\/permutations-2022-de-la-vienne-resultats-et-suite\/","title":{"rendered":"Permutations 2022 de la Vienne : r\u00e9sultats, analyse et suite"},"content":{"rendered":"<p>Les r\u00e9sultats des demandes de changements de d\u00e9partements sont tomb\u00e9s ce 9 mars.<\/p>\n<p>Pour la Vienne :<\/p>\n<ul>\n<li><strong>12 d\u00e9parts<\/strong> sur 43 demandes de d\u00e9part, soit 27,91% de satisfaction<\/li>\n<li><strong>19 entr\u00e9es<\/strong> sur les 158 demandes qui avaient \u00e9t\u00e9 formul\u00e9es &#8211; le\/la dernier-\u00e8re entrant-e (par mutation) avait un bar\u00e8me de 328 pts<\/li>\n<\/ul>\n<p>Des chiffres de satisfaction qui n&rsquo;ont jamais \u00e9t\u00e9 aussi faibles ! Ret<span style=\"color: #000000;\"><span style=\"font-family: Tahoma, serif;\"><span style=\"font-size: medium;\">rouvez l&rsquo;ensemble des r\u00e9sultats 2022 sur le site du minist\u00e8re <a href=\"https:\/\/www.education.gouv.fr\/cartes-des-resultats-des-mouvements-interdepartemental-et-interacademique-donnees-generales-274397\">https:\/\/www.education.gouv.fr\/cartes-des-resultats-des-mouvements-interdepartemental-et-interacademique-donnees-generales-274397<\/a><\/span><\/span><\/span><\/p>\n<h2><span style=\"color: #0000ff;\">Votre r\u00e9sultat est positif<\/span><\/h2>\n<p>Un\u00a0<a title=\"https:\/\/consultation.snuipp.fr\/permutations\" href=\"https:\/\/consultation.snuipp.fr\/permutations\" target=\"_blank\" rel=\"noopener\">formulaire \u00e0 renseigner<\/a> permet de recevoir toutes les informations n\u00e9cessaires pour participer au mouvement dans le d\u00e9partement d\u2019accueil. Il permet \u00e9galement d\u2019entrer en contact avec les \u00e9lu-es du personnel de ce d\u00e9partement pour toutes les questions pratiques qui peuvent se poser.<\/p>\n<h2><span style=\"color: #0000ff;\">Votre r\u00e9sultat est n\u00e9gatif<\/span><\/h2>\n<p><a title=\"https:\/\/consultation.snuipp.fr\/permutations\" href=\"https:\/\/consultation.snuipp.fr\/permutations\" target=\"_blank\" rel=\"noopener\">Remplissez ce formulaire<\/a> pour vous permettre d\u2019obtenir des explications et de contester ce r\u00e9sultat si vous le souhaitez \u00e0 partir des nouvelles r\u00e8gles de recours. Un accompagnement dans ces d\u00e9marches sera assur\u00e9 par les \u00e9lu\u00b7es du SNUipp-FSU.<\/p>\n<h2><span style=\"color: #0000ff;\">Communiqu\u00e9 national<\/span><\/h2>\n<p><strong>Pour 80 % des PE, refus de demande de mutation interd\u00e9partementale<\/strong><\/p>\n<p>Mercredi 9 mars, le minist\u00e8re a rendu public les r\u00e9sultats de la phase informatis\u00e9e des mutations interd\u00e9partementales des professeurs des \u00e9coles. Au total, sur les 17 462 demandes de changement de d\u00e9partement, 13 892 n\u2019ont pas obtenu satisfaction. Le taux de mutation, 20,44%, est en chute continue depuis plus de 10 ans. Pour m\u00e9moire, il s\u2019\u00e9tablissait 23,95 % en 2017, et \u00e0 45,97 % en 2013 ! Concr\u00e8tement cela signifie que des enseignantes et enseignants sont emp\u00each\u00e9s de muter depuis plusieurs ann\u00e9es.<\/p>\n<p>De toute \u00e9vidence, les engagements minist\u00e9riels durant le Grenelle de l\u2019Education visant \u00e0 \u00ab Mieux r\u00e9fl\u00e9chir aux mobilit\u00e9s, mieux les identifier et les valoriser \u00bb sont rest\u00e9s \u00e0 l\u2019\u00e9tat d\u2019annonces, violemment contredits aujourd\u2019hui par la r\u00e9alit\u00e9.<\/p>\n<p>Le SNUipp-FSU exige le retour de la transparence sur ces op\u00e9rations de gestion des personnels, mise \u00e0 mal par la loi de transformation de la Fonction publique d\u2019ao\u00fbt 2019, l\u2019ouverture d\u2019un groupe de travail pour analyser les blocages et faire \u00e9voluer les r\u00e8gles. Il est n\u00e9cessaire de donner des perspectives de mutation \u00e0 l\u2019ensemble des enseignantes et enseignants. Il et demande au minist\u00e8re d\u2019apporter des r\u00e9ponses favorables aux situations humaines difficiles qui ont trop dur\u00e9, dont les demandes de rapprochement de conjoint qui sont chaque ann\u00e9e refus\u00e9e.<\/p>\n<p style=\"text-align: right;\"><em>Paris, le 11 mars 2022<\/em><\/p>\n<h2><span style=\"color: #0000ff;\">Analyse des r\u00e9sultats<\/span><\/h2>\n<p align=\"JUSTIFY\"><span style=\"color: #000000;\"><span style=\"font-family: Tahoma, serif;\"><span style=\"font-size: medium;\">Apr\u00e8s plusieurs rebondissements tel que le d\u00e9calage de la parution des r\u00e9sultats d\u2019une semaine, les r\u00e9sultats des permutations ont enfin \u00e9t\u00e9 communiqu\u00e9s aux enseignant-es par voie num\u00e9rique, non pas \u00e0 toutes et tous \u00e0 la m\u00eame heure comme l\u2019avait annonc\u00e9 la sous-directrice de la DGRH, mais entre 11h30 \u00e0 et 16h\u2026.. <span style=\"color: #0000ff;\">#onestpret <\/span><\/span><\/span><\/span><\/p>\n<p align=\"JUSTIFY\"><span style=\"font-family: Tahoma, serif;\"><span style=\"font-size: medium;\"><b>Toujours aucune transparence <\/b><\/span><\/span><span style=\"color: #000000;\"><span style=\"font-family: Tahoma, serif;\"><span style=\"font-size: medium;\"><b>pour les coll\u00e8gues<\/b><\/span><\/span><\/span><\/p>\n<p align=\"JUSTIFY\"><span style=\"color: #000000;\"><span style=\"font-family: Tahoma, serif;\"><span style=\"font-size: medium;\">Pour la troisi\u00e8me ann\u00e9e, seuls les chiffres du MEN sont disponibles et ces donn\u00e9es sont lacunaires. Pour autant, les bar\u00e8mes minimums mis sur le site du minist\u00e8re ne sont d\u2019aucune utilit\u00e9 pour les coll\u00e8gues et ne contribuent absolument pas \u00e0 rendre transparente cette op\u00e9ration administrative. En effet, les bar\u00e8mes minimums des derniers entrant-es ou sortant-es ne tiennent absolument pas comptent des d\u00e9partements d\u2019origine ou demand\u00e9s, or les possibilit\u00e9s de sortir ou d\u2019entr\u00e9e d\u2019un d\u00e9partement d\u00e9pendent \u00e0 la fois de l\u2019attractivit\u00e9 du d\u00e9partement d\u2019origine et de celle du d\u00e9partement demand\u00e9. De plus, les bar\u00e8mes indiqu\u00e9s ne concernent que la phase de mutation, pas celle des permutations, ce <\/span><\/span><\/span><span style=\"font-family: Tahoma, serif;\"><span style=\"font-size: medium;\">qui rend<\/span><\/span><span style=\"color: #000000;\"><span style=\"font-family: Tahoma, serif;\"><span style=\"font-size: medium;\"> illisible la mobilit\u00e9.<\/span><\/span><\/span><\/p>\n<p align=\"JUSTIFY\"><span style=\"color: #000000;\"><span style=\"font-family: Tahoma, serif;\"><span style=\"font-size: medium;\"><b>Quelques chiffres et statistiques<\/b><\/span><\/span><\/span><\/p>\n<p align=\"JUSTIFY\"><span style=\"color: #000000;\"><span style=\"font-family: Tahoma, serif;\"><span style=\"font-size: medium;\">\u00b7 <\/span><\/span><\/span><span style=\"color: #000000;\"><span style=\"font-family: Tahoma, serif;\"><span style=\"font-size: medium;\"><b>Nombre de participant-es : 17 462<\/b><\/span><\/span><\/span><span style=\"color: #000000;\"><span style=\"font-family: Tahoma, serif;\"><span style=\"font-size: medium;\"> (17 179 en 2021 et 16 238 en 2020)<\/span><\/span><\/span><\/p>\n<p align=\"JUSTIFY\"><span style=\"color: #000000;\"><span style=\"font-family: Tahoma, serif;\"><span style=\"font-size: medium;\">\u00b7 <\/span><\/span><\/span><span style=\"color: #000000;\"><span style=\"font-family: Tahoma, serif;\"><span style=\"font-size: medium;\"><b>Mutations r\u00e9alis\u00e9es : 3 570<\/b><\/span><\/span><\/span><span style=\"color: #000000;\"><span style=\"font-family: Tahoma, serif;\"><span style=\"font-size: medium;\"> (3 614 en 2021 et 3 790 en 2020)<\/span><\/span><\/span><\/p>\n<p align=\"JUSTIFY\"><span style=\"color: #000000;\"><span style=\"font-family: Tahoma, serif;\"><span style=\"font-size: medium;\"><i>Ces chiffres ne tiennent pas compte du mouvement POP.<\/i><\/span><\/span><\/span><\/p>\n<p align=\"JUSTIFY\"><span style=\"color: #000000;\"><span style=\"font-family: Tahoma, serif;\"><span style=\"font-size: medium;\">Alors que le nombre de candidat-es au mouvement interd\u00e9partemental augmente, le nombre de coll\u00e8gues mut\u00e9-es, lui, continue de baisser, tout comme le taux de satisfaction globale. Il est de 20,44% (il \u00e9tait de <\/span><\/span><\/span><span style=\"color: #000000;\"><span style=\"font-family: Tahoma, serif;\"><span style=\"font-size: medium;\"><b>21.03 % l\u2019an dernier, <\/b><\/span><\/span><\/span><span style=\"color: #000000;\"><span style=\"font-family: Tahoma, serif;\"><span style=\"font-size: medium;\">23.34 en 2020, 23.47 % en <\/span><\/span><\/span><span style=\"font-family: Tahoma, serif;\"><span style=\"font-size: medium;\">2019, 23.69 % en 2018, 23.93% en 2017\u2026).<\/span><\/span><\/p>\n<p align=\"JUSTIFY\"><span style=\"font-family: Tahoma, serif;\"><span style=\"font-size: medium;\"><b>Mais derri\u00e8re ce taux global des r\u00e9alit\u00e9s tr\u00e8s contrast\u00e9es<\/b><\/span><\/span><span style=\"font-family: Tahoma, serif;\"><span style=\"font-size: medium;\"> : des taux de satisfaction qui vont de 5,74% pour Paris \u00e0 100% pour le Finist\u00e8re, La Haute Corse et le Territoire de Belfort.<\/span><\/span><\/p>\n<p align=\"JUSTIFY\"><span style=\"font-family: Tahoma, serif;\"><span style=\"font-size: medium;\">&#8211; 16 d\u00e9partements <\/span><\/span><span style=\"color: #000000;\"><span style=\"font-family: Tahoma, serif;\"><span style=\"font-size: medium;\">ont un taux de satisfaction inf\u00e9rieur ou \u00e9gal \u00e0 15% dont tous les d\u00e9partements de l\u2019IDF sauf les Yvelines. (L\u2019IDF repr\u00e9sente la moiti\u00e9 des candidat-es et seulement un tiers des coll\u00e8gues mut\u00e9-es.)<\/span><\/span><\/span><\/p>\n<p align=\"JUSTIFY\"><span style=\"color: #000000;\"><span style=\"font-family: Tahoma, serif;\"><span style=\"font-size: medium;\">&#8211; 10 d\u00e9partements ont un taux de satisfaction sup\u00e9rieur ou \u00e9gal \u00e0 80%<\/span><\/span><\/span><\/p>\n<p align=\"JUSTIFY\"><span style=\"color: #000000;\"><span style=\"font-family: Tahoma, serif;\"><span style=\"font-size: medium;\">&#8211; D\u00e9partements sans sortant-e par mutation seulement par permutation : Paris, Haute-Loire, Corr\u00e8ze, Lot, Pyr\u00e9n\u00e9es-Atlantiques, Finist\u00e8re<\/span><\/span><\/span><\/p>\n<p align=\"JUSTIFY\"><span style=\"color: #000000;\"><span style=\"font-family: Tahoma, serif;\"><span style=\"font-size: medium;\">&#8211; D\u00e9partements sans entrant-es par mutation seulement par permutation : Haute-Sa\u00f4ne et Mayenne (pour la 3eme ann\u00e9e cons\u00e9cutive)<\/span><\/span><\/span><\/p>\n<p align=\"JUSTIFY\"><span style=\"color: #000000;\"><span style=\"font-family: Tahoma, serif;\"><span style=\"font-size: medium;\">Pour la troisi\u00e8me ann\u00e9e, nous n\u2019avons aucune donn\u00e9e, nombre de participant-es \u00e0 ce titre, mutations r\u00e9alis\u00e9es, concernant les mutations avec des priorit\u00e9s l\u00e9gales comme le rapprochement de conjoint-e, les coll\u00e8gues en situation de handicap ou le CIMM.<\/span><\/span><\/span><\/p>\n<p align=\"JUSTIFY\"><strong><span style=\"color: #000000;\"><span style=\"font-family: Tahoma, serif;\"><span style=\"font-size: medium;\">Le SNUipp-FSU s\u2019adresse au minist\u00e8re pour obtenir un bilan statistique complet, donn\u00e9es genr\u00e9es incluses et mouvement PoP compris, et demande un groupe de travail permettant de traiter sp\u00e9cifiquement la situation des personnels.<\/span><\/span><\/span><\/strong><\/p>\n<p align=\"JUSTIFY\"><strong><span style=\"color: #000000;\"><span style=\"font-family: Tahoma, serif;\"><span style=\"font-size: medium;\">Le SNUipp-FSU exige le retour de la transparence sur ces op\u00e9rations de gestion des personnels, mise \u00e0 mal par la loi de transformation de la Fonction publique d\u2019<\/span><\/span><\/span><span style=\"color: #000000;\"><span style=\"font-family: Tahoma, serif;\"><span style=\"font-size: medium;\">ao\u00fbt 2019<\/span><\/span><\/span><span style=\"color: #000000;\"><span style=\"font-family: Tahoma, serif;\"><span style=\"font-size: medium;\">, l\u2019ouverture d\u2019un groupe de travail pour analyser les blocages et faire \u00e9voluer les r\u00e8gles. Il est n\u00e9cessaire de donner des perspectives de mutation \u00e0 l\u2019ensemble des enseignantes et enseignants. <\/span><\/span><\/span><\/strong><\/p>\n<p>&nbsp;<\/p>\n<p>&nbsp;<\/p>\n<p>&nbsp;<\/p>\n","protected":false},"excerpt":{"rendered":"<p>Les r\u00e9sultats des demandes de changements de d\u00e9partements sont tomb\u00e9s ce 9 mars. Pour la Vienne : 12 d\u00e9parts sur 43 demandes de d\u00e9part, soit 27,91% de satisfaction 19 entr\u00e9es sur les 158 demandes qui avaient \u00e9t\u00e9 formul\u00e9es &#8211; le\/la dernier-\u00e8re entrant-e (par mutation) avait un bar\u00e8me de 328 pts Des chiffres de satisfaction qui n&rsquo;ont [&hellip;]<\/p>\n","protected":false},"author":4,"featured_media":21452,"comment_status":"closed","ping_status":"closed","sticky":false,"template":"","format":"standard","meta":{"footnotes":""},"categories":[14],"tags":[25],"class_list":["post-22050","post","type-post","status-publish","format-standard","has-post-thumbnail","hentry","category-a-la-une","tag-permutations"],"yoast_head":"<!-- This site is optimized with the Yoast SEO plugin v26.6 - https:\/\/yoast.com\/wordpress\/plugins\/seo\/ -->\n<title>Permutations 2022 de la Vienne : r\u00e9sultats, analyse et suite - FSU-SNUipp 86<\/title>\n<meta name=\"robots\" content=\"index, follow, max-snippet:-1, max-image-preview:large, max-video-preview:-1\" \/>\n<link rel=\"canonical\" href=\"https:\/\/snuipp86.fr\/index.php\/2022\/03\/13\/permutations-2022-de-la-vienne-resultats-et-suite\/\" \/>\n<meta property=\"og:locale\" content=\"fr_FR\" \/>\n<meta property=\"og:type\" content=\"article\" \/>\n<meta property=\"og:title\" content=\"Permutations 2022 de la Vienne : r\u00e9sultats, analyse et suite - FSU-SNUipp 86\" \/>\n<meta property=\"og:description\" content=\"Les r\u00e9sultats des demandes de changements de d\u00e9partements sont tomb\u00e9s ce 9 mars. Pour la Vienne : 12 d\u00e9parts sur 43 demandes de d\u00e9part, soit 27,91% de satisfaction 19 entr\u00e9es sur les 158 demandes qui avaient \u00e9t\u00e9 formul\u00e9es &#8211; le\/la dernier-\u00e8re entrant-e (par mutation) avait un bar\u00e8me de 328 pts Des chiffres de satisfaction qui n&rsquo;ont [&hellip;]\" \/>\n<meta property=\"og:url\" content=\"https:\/\/snuipp86.fr\/index.php\/2022\/03\/13\/permutations-2022-de-la-vienne-resultats-et-suite\/\" \/>\n<meta property=\"og:site_name\" content=\"FSU-SNUipp 86\" \/>\n<meta property=\"article:published_time\" content=\"2022-03-13T16:32:48+00:00\" \/>\n<meta property=\"article:modified_time\" content=\"2022-03-13T16:51:07+00:00\" \/>\n<meta property=\"og:image\" content=\"https:\/\/snuipp86.fr\/wp-content\/uploads\/2021\/12\/17-7cf9b.pngpermutation.png\" \/>\n\t<meta property=\"og:image:width\" content=\"400\" \/>\n\t<meta property=\"og:image:height\" content=\"400\" \/>\n\t<meta property=\"og:image:type\" content=\"image\/png\" \/>\n<meta name=\"author\" content=\"Matthieu Menaut\" \/>\n<meta name=\"twitter:card\" content=\"summary_large_image\" \/>\n<meta name=\"twitter:label1\" content=\"\u00c9crit par\" \/>\n\t<meta name=\"twitter:data1\" content=\"Matthieu Menaut\" \/>\n\t<meta name=\"twitter:label2\" content=\"Dur\u00e9e de lecture estim\u00e9e\" \/>\n\t<meta name=\"twitter:data2\" content=\"5 minutes\" \/>\n<script type=\"application\/ld+json\" class=\"yoast-schema-graph\">{\"@context\":\"https:\/\/schema.org\",\"@graph\":[{\"@type\":\"WebPage\",\"@id\":\"https:\/\/snuipp86.fr\/index.php\/2022\/03\/13\/permutations-2022-de-la-vienne-resultats-et-suite\/\",\"url\":\"https:\/\/snuipp86.fr\/index.php\/2022\/03\/13\/permutations-2022-de-la-vienne-resultats-et-suite\/\",\"name\":\"Permutations 2022 de la Vienne : r\u00e9sultats, analyse et suite - FSU-SNUipp 86\",\"isPartOf\":{\"@id\":\"https:\/\/snuipp86.fr\/#website\"},\"primaryImageOfPage\":{\"@id\":\"https:\/\/snuipp86.fr\/index.php\/2022\/03\/13\/permutations-2022-de-la-vienne-resultats-et-suite\/#primaryimage\"},\"image\":{\"@id\":\"https:\/\/snuipp86.fr\/index.php\/2022\/03\/13\/permutations-2022-de-la-vienne-resultats-et-suite\/#primaryimage\"},\"thumbnailUrl\":\"https:\/\/snuipp86.fr\/wp-content\/uploads\/2021\/12\/17-7cf9b.pngpermutation.png\",\"datePublished\":\"2022-03-13T16:32:48+00:00\",\"dateModified\":\"2022-03-13T16:51:07+00:00\",\"author\":{\"@id\":\"https:\/\/snuipp86.fr\/#\/schema\/person\/5a96b33672b90a1385fd0b096fd5ebcb\"},\"breadcrumb\":{\"@id\":\"https:\/\/snuipp86.fr\/index.php\/2022\/03\/13\/permutations-2022-de-la-vienne-resultats-et-suite\/#breadcrumb\"},\"inLanguage\":\"fr-FR\",\"potentialAction\":[{\"@type\":\"ReadAction\",\"target\":[\"https:\/\/snuipp86.fr\/index.php\/2022\/03\/13\/permutations-2022-de-la-vienne-resultats-et-suite\/\"]}]},{\"@type\":\"ImageObject\",\"inLanguage\":\"fr-FR\",\"@id\":\"https:\/\/snuipp86.fr\/index.php\/2022\/03\/13\/permutations-2022-de-la-vienne-resultats-et-suite\/#primaryimage\",\"url\":\"https:\/\/snuipp86.fr\/wp-content\/uploads\/2021\/12\/17-7cf9b.pngpermutation.png\",\"contentUrl\":\"https:\/\/snuipp86.fr\/wp-content\/uploads\/2021\/12\/17-7cf9b.pngpermutation.png\",\"width\":400,\"height\":400},{\"@type\":\"BreadcrumbList\",\"@id\":\"https:\/\/snuipp86.fr\/index.php\/2022\/03\/13\/permutations-2022-de-la-vienne-resultats-et-suite\/#breadcrumb\",\"itemListElement\":[{\"@type\":\"ListItem\",\"position\":1,\"name\":\"Accueil\",\"item\":\"https:\/\/snuipp86.fr\/\"},{\"@type\":\"ListItem\",\"position\":2,\"name\":\"Permutations 2022 de la Vienne : r\u00e9sultats, analyse et suite\"}]},{\"@type\":\"WebSite\",\"@id\":\"https:\/\/snuipp86.fr\/#website\",\"url\":\"https:\/\/snuipp86.fr\/\",\"name\":\"FSU-SNUipp 86\",\"description\":\"Des id\u00e9es qui font l&#039;\u00e9cole\",\"potentialAction\":[{\"@type\":\"SearchAction\",\"target\":{\"@type\":\"EntryPoint\",\"urlTemplate\":\"https:\/\/snuipp86.fr\/?s={search_term_string}\"},\"query-input\":{\"@type\":\"PropertyValueSpecification\",\"valueRequired\":true,\"valueName\":\"search_term_string\"}}],\"inLanguage\":\"fr-FR\"},{\"@type\":\"Person\",\"@id\":\"https:\/\/snuipp86.fr\/#\/schema\/person\/5a96b33672b90a1385fd0b096fd5ebcb\",\"name\":\"Matthieu Menaut\",\"image\":{\"@type\":\"ImageObject\",\"inLanguage\":\"fr-FR\",\"@id\":\"https:\/\/snuipp86.fr\/#\/schema\/person\/image\/\",\"url\":\"https:\/\/secure.gravatar.com\/avatar\/03e70f897b03256ddca91d16c3e33a876c31abbf1b31cb48e60e770f684a04d1?s=96&d=mm&r=g\",\"contentUrl\":\"https:\/\/secure.gravatar.com\/avatar\/03e70f897b03256ddca91d16c3e33a876c31abbf1b31cb48e60e770f684a04d1?s=96&d=mm&r=g\",\"caption\":\"Matthieu Menaut\"},\"url\":\"https:\/\/snuipp86.fr\/index.php\/author\/mmenaut\/\"}]}<\/script>\n<!-- \/ Yoast SEO plugin. -->","yoast_head_json":{"title":"Permutations 2022 de la Vienne : r\u00e9sultats, analyse et suite - FSU-SNUipp 86","robots":{"index":"index","follow":"follow","max-snippet":"max-snippet:-1","max-image-preview":"max-image-preview:large","max-video-preview":"max-video-preview:-1"},"canonical":"https:\/\/snuipp86.fr\/index.php\/2022\/03\/13\/permutations-2022-de-la-vienne-resultats-et-suite\/","og_locale":"fr_FR","og_type":"article","og_title":"Permutations 2022 de la Vienne : r\u00e9sultats, analyse et suite - FSU-SNUipp 86","og_description":"Les r\u00e9sultats des demandes de changements de d\u00e9partements sont tomb\u00e9s ce 9 mars. Pour la Vienne : 12 d\u00e9parts sur 43 demandes de d\u00e9part, soit 27,91% de satisfaction 19 entr\u00e9es sur les 158 demandes qui avaient \u00e9t\u00e9 formul\u00e9es &#8211; le\/la dernier-\u00e8re entrant-e (par mutation) avait un bar\u00e8me de 328 pts Des chiffres de satisfaction qui n&rsquo;ont [&hellip;]","og_url":"https:\/\/snuipp86.fr\/index.php\/2022\/03\/13\/permutations-2022-de-la-vienne-resultats-et-suite\/","og_site_name":"FSU-SNUipp 86","article_published_time":"2022-03-13T16:32:48+00:00","article_modified_time":"2022-03-13T16:51:07+00:00","og_image":[{"width":400,"height":400,"url":"https:\/\/snuipp86.fr\/wp-content\/uploads\/2021\/12\/17-7cf9b.pngpermutation.png","type":"image\/png"}],"author":"Matthieu Menaut","twitter_card":"summary_large_image","twitter_misc":{"\u00c9crit par":"Matthieu Menaut","Dur\u00e9e de lecture estim\u00e9e":"5 minutes"},"schema":{"@context":"https:\/\/schema.org","@graph":[{"@type":"WebPage","@id":"https:\/\/snuipp86.fr\/index.php\/2022\/03\/13\/permutations-2022-de-la-vienne-resultats-et-suite\/","url":"https:\/\/snuipp86.fr\/index.php\/2022\/03\/13\/permutations-2022-de-la-vienne-resultats-et-suite\/","name":"Permutations 2022 de la Vienne : r\u00e9sultats, analyse et suite - FSU-SNUipp 86","isPartOf":{"@id":"https:\/\/snuipp86.fr\/#website"},"primaryImageOfPage":{"@id":"https:\/\/snuipp86.fr\/index.php\/2022\/03\/13\/permutations-2022-de-la-vienne-resultats-et-suite\/#primaryimage"},"image":{"@id":"https:\/\/snuipp86.fr\/index.php\/2022\/03\/13\/permutations-2022-de-la-vienne-resultats-et-suite\/#primaryimage"},"thumbnailUrl":"https:\/\/snuipp86.fr\/wp-content\/uploads\/2021\/12\/17-7cf9b.pngpermutation.png","datePublished":"2022-03-13T16:32:48+00:00","dateModified":"2022-03-13T16:51:07+00:00","author":{"@id":"https:\/\/snuipp86.fr\/#\/schema\/person\/5a96b33672b90a1385fd0b096fd5ebcb"},"breadcrumb":{"@id":"https:\/\/snuipp86.fr\/index.php\/2022\/03\/13\/permutations-2022-de-la-vienne-resultats-et-suite\/#breadcrumb"},"inLanguage":"fr-FR","potentialAction":[{"@type":"ReadAction","target":["https:\/\/snuipp86.fr\/index.php\/2022\/03\/13\/permutations-2022-de-la-vienne-resultats-et-suite\/"]}]},{"@type":"ImageObject","inLanguage":"fr-FR","@id":"https:\/\/snuipp86.fr\/index.php\/2022\/03\/13\/permutations-2022-de-la-vienne-resultats-et-suite\/#primaryimage","url":"https:\/\/snuipp86.fr\/wp-content\/uploads\/2021\/12\/17-7cf9b.pngpermutation.png","contentUrl":"https:\/\/snuipp86.fr\/wp-content\/uploads\/2021\/12\/17-7cf9b.pngpermutation.png","width":400,"height":400},{"@type":"BreadcrumbList","@id":"https:\/\/snuipp86.fr\/index.php\/2022\/03\/13\/permutations-2022-de-la-vienne-resultats-et-suite\/#breadcrumb","itemListElement":[{"@type":"ListItem","position":1,"name":"Accueil","item":"https:\/\/snuipp86.fr\/"},{"@type":"ListItem","position":2,"name":"Permutations 2022 de la Vienne : r\u00e9sultats, analyse et suite"}]},{"@type":"WebSite","@id":"https:\/\/snuipp86.fr\/#website","url":"https:\/\/snuipp86.fr\/","name":"FSU-SNUipp 86","description":"Des id\u00e9es qui font l&#039;\u00e9cole","potentialAction":[{"@type":"SearchAction","target":{"@type":"EntryPoint","urlTemplate":"https:\/\/snuipp86.fr\/?s={search_term_string}"},"query-input":{"@type":"PropertyValueSpecification","valueRequired":true,"valueName":"search_term_string"}}],"inLanguage":"fr-FR"},{"@type":"Person","@id":"https:\/\/snuipp86.fr\/#\/schema\/person\/5a96b33672b90a1385fd0b096fd5ebcb","name":"Matthieu Menaut","image":{"@type":"ImageObject","inLanguage":"fr-FR","@id":"https:\/\/snuipp86.fr\/#\/schema\/person\/image\/","url":"https:\/\/secure.gravatar.com\/avatar\/03e70f897b03256ddca91d16c3e33a876c31abbf1b31cb48e60e770f684a04d1?s=96&d=mm&r=g","contentUrl":"https:\/\/secure.gravatar.com\/avatar\/03e70f897b03256ddca91d16c3e33a876c31abbf1b31cb48e60e770f684a04d1?s=96&d=mm&r=g","caption":"Matthieu Menaut"},"url":"https:\/\/snuipp86.fr\/index.php\/author\/mmenaut\/"}]}},"_links":{"self":[{"href":"https:\/\/snuipp86.fr\/index.php\/wp-json\/wp\/v2\/posts\/22050","targetHints":{"allow":["GET"]}}],"collection":[{"href":"https:\/\/snuipp86.fr\/index.php\/wp-json\/wp\/v2\/posts"}],"about":[{"href":"https:\/\/snuipp86.fr\/index.php\/wp-json\/wp\/v2\/types\/post"}],"author":[{"embeddable":true,"href":"https:\/\/snuipp86.fr\/index.php\/wp-json\/wp\/v2\/users\/4"}],"replies":[{"embeddable":true,"href":"https:\/\/snuipp86.fr\/index.php\/wp-json\/wp\/v2\/comments?post=22050"}],"version-history":[{"count":0,"href":"https:\/\/snuipp86.fr\/index.php\/wp-json\/wp\/v2\/posts\/22050\/revisions"}],"wp:featuredmedia":[{"embeddable":true,"href":"https:\/\/snuipp86.fr\/index.php\/wp-json\/wp\/v2\/media\/21452"}],"wp:attachment":[{"href":"https:\/\/snuipp86.fr\/index.php\/wp-json\/wp\/v2\/media?parent=22050"}],"wp:term":[{"taxonomy":"category","embeddable":true,"href":"https:\/\/snuipp86.fr\/index.php\/wp-json\/wp\/v2\/categories?post=22050"},{"taxonomy":"post_tag","embeddable":true,"href":"https:\/\/snuipp86.fr\/index.php\/wp-json\/wp\/v2\/tags?post=22050"}],"curies":[{"name":"wp","href":"https:\/\/api.w.org\/{rel}","templated":true}]}}