{"id":22593,"date":"2022-06-23T15:38:38","date_gmt":"2022-06-23T13:38:38","guid":{"rendered":"http:\/\/snuipp86.fr\/?p=22593"},"modified":"2022-06-23T15:42:55","modified_gmt":"2022-06-23T13:42:55","slug":"30-juin-derniere-cdas","status":"publish","type":"post","link":"https:\/\/snuipp86.fr\/index.php\/2022\/06\/23\/30-juin-derniere-cdas\/","title":{"rendered":"30 juin 2022 : derni\u00e8re CDAS !"},"content":{"rendered":"<p>Jeudi 30 juin 2022 aura lieu la derni\u00e8re CDAS 86 (Commission D\u00e9partementale d&rsquo;Action Sociale) avant la cl\u00f4ture des comptes.<\/p>\n<p>Si vous \u00eates concern\u00e9-e ou connaissez des personnels susceptibles d&rsquo;\u00eatre en grande difficult\u00e9 financi\u00e8re n\u00e9cessitant une aide d&rsquo;urgence avant l&rsquo;\u00e9t\u00e9 , il ne reste plus que quelques jours pour\u00a0 contacter le service de l&rsquo;action sociale du rectorat et monter un dossier aupr\u00e8s de l&rsquo;assistante sociale des personnels.<\/p>\n<p>Apr\u00e8s le 30 juin, seules quelques situations d&rsquo;extr\u00eame urgence pourraient \u00eatre \u00e9tudi\u00e9es en CDAS exceptionnelle restreinte dans l&rsquo;\u00e9t\u00e9. Sinon les dossiers seront trait\u00e9s \u00e0 la rentr\u00e9e.<\/p>\n<p><img decoding=\"async\" class=\"alignnone size-medium wp-image-22604\" src=\"https:\/\/snuipp86.fr\/wp-content\/uploads\/2022\/06\/AS-aide-300x207.png\" alt=\"\" width=\"300\" height=\"207\" srcset=\"https:\/\/snuipp86.fr\/wp-content\/uploads\/2022\/06\/AS-aide-200x138.png 200w, https:\/\/snuipp86.fr\/wp-content\/uploads\/2022\/06\/AS-aide-300x207.png 300w, https:\/\/snuipp86.fr\/wp-content\/uploads\/2022\/06\/AS-aide-400x276.png 400w, https:\/\/snuipp86.fr\/wp-content\/uploads\/2022\/06\/AS-aide-600x414.png 600w, https:\/\/snuipp86.fr\/wp-content\/uploads\/2022\/06\/AS-aide-768x530.png 768w, https:\/\/snuipp86.fr\/wp-content\/uploads\/2022\/06\/AS-aide-800x552.png 800w, https:\/\/snuipp86.fr\/wp-content\/uploads\/2022\/06\/AS-aide.png 960w\" sizes=\"(max-width: 300px) 100vw, 300px\" \/><\/p>\n<p>&nbsp;<\/p>\n<p><em><strong>Rappel de la marche \u00e0 suivre :<\/strong><\/em><\/p>\n<div class=\"embedded-entity\" data-embed-button=\"media\" data-entity-embed-display=\"view_mode:media.embed\" data-entity-type=\"media\" data-entity-uuid=\"1fa55343-7982-4292-a29b-a9c9bc9fdc8b\" data-langcode=\"fr\">\n<article>\n<div class=\"download-wrapper\">\n<div class=\"content__download content__download_main\"><a href=\"https:\/\/www.ac-poitiers.fr\/media\/16427\/download\" target=\"_blank\" rel=\"noopener\" data-file-type=\"doc\" data-file-id=\"16427\">T\u00e9l\u00e9charger le dossier initial de demande\u00a0&#8211; Action sociale\u00a0 <\/a><\/div>\n<\/div>\n<\/article>\n<\/div>\n<p>A remplir et envoyer en compl\u00e9ment de la demande:<\/p>\n<p><a href=\"https:\/\/www.ac-poitiers.fr\/media\/16436\/download\" target=\"_blank\" rel=\"noopener\" data-file-type=\"docx\" data-file-id=\"16436\">Fiche secours et pr\u00eats\u00a0&#8211; Action sociale<\/a><\/p>\n<p>\u00e0 : <a href=\"mailto:ssp86@ac-poitiers.fr\">\u00a0ssp86@ac-poitiers.fr<\/a><\/p>\n<p>&nbsp;<\/p>\n<p>Toutes les informations de l&rsquo;action sociale sont relay\u00e9es par le SNUipp-FSU86 ici :<\/p>\n<div class=\"video-shortcode\">\n<blockquote class=\"wp-embedded-content\" data-secret=\"7R6tm0EwnZ\"><p><a href=\"https:\/\/snuipp86.fr\/index.php\/action-sociale\/\">Action sociale<\/a><\/p><\/blockquote>\n<p><iframe class=\"wp-embedded-content\" sandbox=\"allow-scripts\" security=\"restricted\" style=\"position: absolute; clip: rect(1px, 1px, 1px, 1px);\" title=\"\u00ab\u00a0Action sociale\u00a0\u00bb &#8212; SNUipp-FSU 86\" src=\"https:\/\/snuipp86.fr\/index.php\/action-sociale\/embed\/#?secret=R3j0N1oEDQ#?secret=7R6tm0EwnZ\" data-secret=\"7R6tm0EwnZ\" width=\"600\" height=\"338\" frameborder=\"0\" marginwidth=\"0\" marginheight=\"0\" scrolling=\"no\"><\/iframe><\/div>\n<p>Site du rectorat d\u00e9di\u00e9 \u00e0 l&rsquo;action sociale ici :<\/p>\n<p><a href=\"https:\/\/www.ac-poitiers.fr\/action-sociale-en-faveur-des-personnels-de-l-academie-de-poitiers-122399\">https:\/\/www.ac-poitiers.fr\/action-sociale-en-faveur-des-personnels-de-l-academie-de-poitiers-122399<\/a><\/p>\n<p>&nbsp;<\/p>\n<p>&nbsp;<\/p>\n","protected":false},"excerpt":{"rendered":"<p>Jeudi 30 juin 2022 aura lieu la derni\u00e8re CDAS 86 (Commission D\u00e9partementale d&rsquo;Action Sociale) avant la cl\u00f4ture des comptes. Si vous \u00eates concern\u00e9-e ou connaissez des personnels susceptibles d&rsquo;\u00eatre en grande difficult\u00e9 financi\u00e8re n\u00e9cessitant une aide d&rsquo;urgence avant l&rsquo;\u00e9t\u00e9 , il ne reste plus que quelques jours pour\u00a0 contacter le service de l&rsquo;action sociale du rectorat [&hellip;]<\/p>\n","protected":false},"author":7,"featured_media":19280,"comment_status":"closed","ping_status":"closed","sticky":false,"template":"","format":"standard","meta":{"footnotes":""},"categories":[14],"tags":[54],"class_list":["post-22593","post","type-post","status-publish","format-standard","has-post-thumbnail","hentry","category-a-la-une","tag-action-sociale"],"yoast_head":"<!-- This site is optimized with the Yoast SEO plugin v26.6 - https:\/\/yoast.com\/wordpress\/plugins\/seo\/ -->\n<title>30 juin 2022 : derni\u00e8re CDAS ! - FSU-SNUipp 86<\/title>\n<meta name=\"robots\" content=\"index, follow, max-snippet:-1, max-image-preview:large, max-video-preview:-1\" \/>\n<link rel=\"canonical\" href=\"https:\/\/snuipp86.fr\/index.php\/2022\/06\/23\/30-juin-derniere-cdas\/\" \/>\n<meta property=\"og:locale\" content=\"fr_FR\" \/>\n<meta property=\"og:type\" content=\"article\" \/>\n<meta property=\"og:title\" content=\"30 juin 2022 : derni\u00e8re CDAS ! - FSU-SNUipp 86\" \/>\n<meta property=\"og:description\" content=\"Jeudi 30 juin 2022 aura lieu la derni\u00e8re CDAS 86 (Commission D\u00e9partementale d&rsquo;Action Sociale) avant la cl\u00f4ture des comptes. Si vous \u00eates concern\u00e9-e ou connaissez des personnels susceptibles d&rsquo;\u00eatre en grande difficult\u00e9 financi\u00e8re n\u00e9cessitant une aide d&rsquo;urgence avant l&rsquo;\u00e9t\u00e9 , il ne reste plus que quelques jours pour\u00a0 contacter le service de l&rsquo;action sociale du rectorat [&hellip;]\" \/>\n<meta property=\"og:url\" content=\"https:\/\/snuipp86.fr\/index.php\/2022\/06\/23\/30-juin-derniere-cdas\/\" \/>\n<meta property=\"og:site_name\" content=\"FSU-SNUipp 86\" \/>\n<meta property=\"article:published_time\" content=\"2022-06-23T13:38:38+00:00\" \/>\n<meta property=\"article:modified_time\" content=\"2022-06-23T13:42:55+00:00\" \/>\n<meta property=\"og:image\" content=\"https:\/\/snuipp86.fr\/wp-content\/uploads\/2020\/09\/action-sociale.jpg\" \/>\n\t<meta property=\"og:image:width\" content=\"300\" \/>\n\t<meta property=\"og:image:height\" content=\"211\" \/>\n\t<meta property=\"og:image:type\" content=\"image\/jpeg\" \/>\n<meta name=\"author\" content=\"Emilie Bordes\" \/>\n<meta name=\"twitter:card\" content=\"summary_large_image\" \/>\n<meta name=\"twitter:label1\" content=\"\u00c9crit par\" \/>\n\t<meta name=\"twitter:data1\" content=\"Emilie Bordes\" \/>\n\t<meta name=\"twitter:label2\" content=\"Dur\u00e9e de lecture estim\u00e9e\" \/>\n\t<meta name=\"twitter:data2\" content=\"1 minute\" \/>\n<script type=\"application\/ld+json\" class=\"yoast-schema-graph\">{\"@context\":\"https:\/\/schema.org\",\"@graph\":[{\"@type\":\"WebPage\",\"@id\":\"https:\/\/snuipp86.fr\/index.php\/2022\/06\/23\/30-juin-derniere-cdas\/\",\"url\":\"https:\/\/snuipp86.fr\/index.php\/2022\/06\/23\/30-juin-derniere-cdas\/\",\"name\":\"30 juin 2022 : derni\u00e8re CDAS ! - FSU-SNUipp 86\",\"isPartOf\":{\"@id\":\"https:\/\/snuipp86.fr\/#website\"},\"primaryImageOfPage\":{\"@id\":\"https:\/\/snuipp86.fr\/index.php\/2022\/06\/23\/30-juin-derniere-cdas\/#primaryimage\"},\"image\":{\"@id\":\"https:\/\/snuipp86.fr\/index.php\/2022\/06\/23\/30-juin-derniere-cdas\/#primaryimage\"},\"thumbnailUrl\":\"https:\/\/snuipp86.fr\/wp-content\/uploads\/2020\/09\/action-sociale.jpg\",\"datePublished\":\"2022-06-23T13:38:38+00:00\",\"dateModified\":\"2022-06-23T13:42:55+00:00\",\"author\":{\"@id\":\"https:\/\/snuipp86.fr\/#\/schema\/person\/32551eb3043810865742a1acf011001d\"},\"breadcrumb\":{\"@id\":\"https:\/\/snuipp86.fr\/index.php\/2022\/06\/23\/30-juin-derniere-cdas\/#breadcrumb\"},\"inLanguage\":\"fr-FR\",\"potentialAction\":[{\"@type\":\"ReadAction\",\"target\":[\"https:\/\/snuipp86.fr\/index.php\/2022\/06\/23\/30-juin-derniere-cdas\/\"]}]},{\"@type\":\"ImageObject\",\"inLanguage\":\"fr-FR\",\"@id\":\"https:\/\/snuipp86.fr\/index.php\/2022\/06\/23\/30-juin-derniere-cdas\/#primaryimage\",\"url\":\"https:\/\/snuipp86.fr\/wp-content\/uploads\/2020\/09\/action-sociale.jpg\",\"contentUrl\":\"https:\/\/snuipp86.fr\/wp-content\/uploads\/2020\/09\/action-sociale.jpg\",\"width\":300,\"height\":211},{\"@type\":\"BreadcrumbList\",\"@id\":\"https:\/\/snuipp86.fr\/index.php\/2022\/06\/23\/30-juin-derniere-cdas\/#breadcrumb\",\"itemListElement\":[{\"@type\":\"ListItem\",\"position\":1,\"name\":\"Accueil\",\"item\":\"https:\/\/snuipp86.fr\/\"},{\"@type\":\"ListItem\",\"position\":2,\"name\":\"30 juin 2022 : derni\u00e8re CDAS !\"}]},{\"@type\":\"WebSite\",\"@id\":\"https:\/\/snuipp86.fr\/#website\",\"url\":\"https:\/\/snuipp86.fr\/\",\"name\":\"FSU-SNUipp 86\",\"description\":\"Des id\u00e9es qui font l&#039;\u00e9cole\",\"potentialAction\":[{\"@type\":\"SearchAction\",\"target\":{\"@type\":\"EntryPoint\",\"urlTemplate\":\"https:\/\/snuipp86.fr\/?s={search_term_string}\"},\"query-input\":{\"@type\":\"PropertyValueSpecification\",\"valueRequired\":true,\"valueName\":\"search_term_string\"}}],\"inLanguage\":\"fr-FR\"},{\"@type\":\"Person\",\"@id\":\"https:\/\/snuipp86.fr\/#\/schema\/person\/32551eb3043810865742a1acf011001d\",\"name\":\"Emilie Bordes\",\"image\":{\"@type\":\"ImageObject\",\"inLanguage\":\"fr-FR\",\"@id\":\"https:\/\/snuipp86.fr\/#\/schema\/person\/image\/\",\"url\":\"https:\/\/secure.gravatar.com\/avatar\/571abcf3c12ab1aaba66450f3ac5c0f8355284f01f7342dd440489ae804a109e?s=96&d=mm&r=g\",\"contentUrl\":\"https:\/\/secure.gravatar.com\/avatar\/571abcf3c12ab1aaba66450f3ac5c0f8355284f01f7342dd440489ae804a109e?s=96&d=mm&r=g\",\"caption\":\"Emilie Bordes\"},\"url\":\"https:\/\/snuipp86.fr\/index.php\/author\/ebordes\/\"}]}<\/script>\n<!-- \/ Yoast SEO plugin. -->","yoast_head_json":{"title":"30 juin 2022 : derni\u00e8re CDAS ! - FSU-SNUipp 86","robots":{"index":"index","follow":"follow","max-snippet":"max-snippet:-1","max-image-preview":"max-image-preview:large","max-video-preview":"max-video-preview:-1"},"canonical":"https:\/\/snuipp86.fr\/index.php\/2022\/06\/23\/30-juin-derniere-cdas\/","og_locale":"fr_FR","og_type":"article","og_title":"30 juin 2022 : derni\u00e8re CDAS ! - FSU-SNUipp 86","og_description":"Jeudi 30 juin 2022 aura lieu la derni\u00e8re CDAS 86 (Commission D\u00e9partementale d&rsquo;Action Sociale) avant la cl\u00f4ture des comptes. Si vous \u00eates concern\u00e9-e ou connaissez des personnels susceptibles d&rsquo;\u00eatre en grande difficult\u00e9 financi\u00e8re n\u00e9cessitant une aide d&rsquo;urgence avant l&rsquo;\u00e9t\u00e9 , il ne reste plus que quelques jours pour\u00a0 contacter le service de l&rsquo;action sociale du rectorat [&hellip;]","og_url":"https:\/\/snuipp86.fr\/index.php\/2022\/06\/23\/30-juin-derniere-cdas\/","og_site_name":"FSU-SNUipp 86","article_published_time":"2022-06-23T13:38:38+00:00","article_modified_time":"2022-06-23T13:42:55+00:00","og_image":[{"width":300,"height":211,"url":"https:\/\/snuipp86.fr\/wp-content\/uploads\/2020\/09\/action-sociale.jpg","type":"image\/jpeg"}],"author":"Emilie Bordes","twitter_card":"summary_large_image","twitter_misc":{"\u00c9crit par":"Emilie Bordes","Dur\u00e9e de lecture estim\u00e9e":"1 minute"},"schema":{"@context":"https:\/\/schema.org","@graph":[{"@type":"WebPage","@id":"https:\/\/snuipp86.fr\/index.php\/2022\/06\/23\/30-juin-derniere-cdas\/","url":"https:\/\/snuipp86.fr\/index.php\/2022\/06\/23\/30-juin-derniere-cdas\/","name":"30 juin 2022 : derni\u00e8re CDAS ! - FSU-SNUipp 86","isPartOf":{"@id":"https:\/\/snuipp86.fr\/#website"},"primaryImageOfPage":{"@id":"https:\/\/snuipp86.fr\/index.php\/2022\/06\/23\/30-juin-derniere-cdas\/#primaryimage"},"image":{"@id":"https:\/\/snuipp86.fr\/index.php\/2022\/06\/23\/30-juin-derniere-cdas\/#primaryimage"},"thumbnailUrl":"https:\/\/snuipp86.fr\/wp-content\/uploads\/2020\/09\/action-sociale.jpg","datePublished":"2022-06-23T13:38:38+00:00","dateModified":"2022-06-23T13:42:55+00:00","author":{"@id":"https:\/\/snuipp86.fr\/#\/schema\/person\/32551eb3043810865742a1acf011001d"},"breadcrumb":{"@id":"https:\/\/snuipp86.fr\/index.php\/2022\/06\/23\/30-juin-derniere-cdas\/#breadcrumb"},"inLanguage":"fr-FR","potentialAction":[{"@type":"ReadAction","target":["https:\/\/snuipp86.fr\/index.php\/2022\/06\/23\/30-juin-derniere-cdas\/"]}]},{"@type":"ImageObject","inLanguage":"fr-FR","@id":"https:\/\/snuipp86.fr\/index.php\/2022\/06\/23\/30-juin-derniere-cdas\/#primaryimage","url":"https:\/\/snuipp86.fr\/wp-content\/uploads\/2020\/09\/action-sociale.jpg","contentUrl":"https:\/\/snuipp86.fr\/wp-content\/uploads\/2020\/09\/action-sociale.jpg","width":300,"height":211},{"@type":"BreadcrumbList","@id":"https:\/\/snuipp86.fr\/index.php\/2022\/06\/23\/30-juin-derniere-cdas\/#breadcrumb","itemListElement":[{"@type":"ListItem","position":1,"name":"Accueil","item":"https:\/\/snuipp86.fr\/"},{"@type":"ListItem","position":2,"name":"30 juin 2022 : derni\u00e8re CDAS !"}]},{"@type":"WebSite","@id":"https:\/\/snuipp86.fr\/#website","url":"https:\/\/snuipp86.fr\/","name":"FSU-SNUipp 86","description":"Des id\u00e9es qui font l&#039;\u00e9cole","potentialAction":[{"@type":"SearchAction","target":{"@type":"EntryPoint","urlTemplate":"https:\/\/snuipp86.fr\/?s={search_term_string}"},"query-input":{"@type":"PropertyValueSpecification","valueRequired":true,"valueName":"search_term_string"}}],"inLanguage":"fr-FR"},{"@type":"Person","@id":"https:\/\/snuipp86.fr\/#\/schema\/person\/32551eb3043810865742a1acf011001d","name":"Emilie Bordes","image":{"@type":"ImageObject","inLanguage":"fr-FR","@id":"https:\/\/snuipp86.fr\/#\/schema\/person\/image\/","url":"https:\/\/secure.gravatar.com\/avatar\/571abcf3c12ab1aaba66450f3ac5c0f8355284f01f7342dd440489ae804a109e?s=96&d=mm&r=g","contentUrl":"https:\/\/secure.gravatar.com\/avatar\/571abcf3c12ab1aaba66450f3ac5c0f8355284f01f7342dd440489ae804a109e?s=96&d=mm&r=g","caption":"Emilie Bordes"},"url":"https:\/\/snuipp86.fr\/index.php\/author\/ebordes\/"}]}},"_links":{"self":[{"href":"https:\/\/snuipp86.fr\/index.php\/wp-json\/wp\/v2\/posts\/22593","targetHints":{"allow":["GET"]}}],"collection":[{"href":"https:\/\/snuipp86.fr\/index.php\/wp-json\/wp\/v2\/posts"}],"about":[{"href":"https:\/\/snuipp86.fr\/index.php\/wp-json\/wp\/v2\/types\/post"}],"author":[{"embeddable":true,"href":"https:\/\/snuipp86.fr\/index.php\/wp-json\/wp\/v2\/users\/7"}],"replies":[{"embeddable":true,"href":"https:\/\/snuipp86.fr\/index.php\/wp-json\/wp\/v2\/comments?post=22593"}],"version-history":[{"count":0,"href":"https:\/\/snuipp86.fr\/index.php\/wp-json\/wp\/v2\/posts\/22593\/revisions"}],"wp:featuredmedia":[{"embeddable":true,"href":"https:\/\/snuipp86.fr\/index.php\/wp-json\/wp\/v2\/media\/19280"}],"wp:attachment":[{"href":"https:\/\/snuipp86.fr\/index.php\/wp-json\/wp\/v2\/media?parent=22593"}],"wp:term":[{"taxonomy":"category","embeddable":true,"href":"https:\/\/snuipp86.fr\/index.php\/wp-json\/wp\/v2\/categories?post=22593"},{"taxonomy":"post_tag","embeddable":true,"href":"https:\/\/snuipp86.fr\/index.php\/wp-json\/wp\/v2\/tags?post=22593"}],"curies":[{"name":"wp","href":"https:\/\/api.w.org\/{rel}","templated":true}]}}