{"id":22619,"date":"2022-06-29T12:02:54","date_gmt":"2022-06-29T10:02:54","guid":{"rendered":"http:\/\/snuipp86.fr\/?p=22619"},"modified":"2022-06-30T11:47:36","modified_gmt":"2022-06-30T09:47:36","slug":"preau-devient-gratuit-enfin","status":"publish","type":"post","link":"https:\/\/snuipp86.fr\/index.php\/2022\/06\/29\/preau-devient-gratuit-enfin\/","title":{"rendered":"PR\u00c9AU devient gratuit, enfin!"},"content":{"rendered":"<p><a href=\"https:\/\/www.preau.education.fr\/\"><img decoding=\"async\" class=\"\" src=\"https:\/\/www.preau.education.fr\/upload\/bandeau\/Plan_de_travail_1_4x.png\" alt=\"\" width=\"390\" height=\"140\" \/><\/a><\/p>\n<p>&nbsp;<\/p>\n<p>Apr\u00e8s de nombreuses remont\u00e9es syndicales et individuelles d\u00e9non\u00e7ant l&rsquo;adh\u00e9sion de 10\u20ac demand\u00e9e pour acc\u00e9der aux offres n\u00e9goci\u00e9es par PR\u00c9AU &#8211; association issue du minist\u00e8re suite au Grenelle\u00a0 : machine arri\u00e8re!<\/p>\n<p>D\u00e9sormais, afin de permettre \u00e0 tous les personnels de b\u00e9n\u00e9ficier de ces prestations, le conseil d&rsquo;administration r\u00e9uni le 28 avril 2022 a d\u00e9cid\u00e9 de rendre<strong> l\u2019adh\u00e9sion \u00e0 PR\u00c9AU enti\u00e8rement gratuite pour tous les personnels*, <em>et ce de mani\u00e8re r\u00e9troactive<\/em><\/strong>.<\/p>\n<p>Si vous souhaitez le remboursement de votre adh\u00e9sion de 10\u20ac, il faut suivre les indications mentionn\u00e9es sur le site internet <a href=\"https:\/\/www.preau.education.fr\/com\/page\/2021\">www.preau.education.fr\/com\/page\/2021<\/a><\/p>\n<p>Il faudra acc\u00e9der \u00e0 votre compte et renseigner votre IBAN afin de pouvoir \u00eatre rembours\u00e9.<\/p>\n<p>Le SNUipp-FSU salue cette rectification et le caract\u00e8re r\u00e9troactif de cette d\u00e9cision qui va permettre un acc\u00e8s plus facile et gratuit pour les agents aux offres n\u00e9goci\u00e9es par Pr\u00e9au.<\/p>\n<p>&nbsp;<\/p>\n<ul>\n<li>Rappel : pour les adh\u00e9rent-e-s 2021-2022, les \u00e9lections des repr\u00e9sentants des adh\u00e9rents au conseil d&rsquo;administration de Pr\u00e9au ont lieu en ce moment jusqu&rsquo;au mardi 12 juillet \u00e0 15h00; chaque adh\u00e9rent a re\u00e7u un mail l&rsquo;invitant \u00e0 participer au scrutin.<\/li>\n<\/ul>\n<p>&nbsp;<\/p>\n<h5>* actifs et retrait\u00e9s du Minist\u00e8re de l&rsquo;\u00c9ducation nationale et de la Jeunesse et du Minist\u00e8re des Sports et des Jeux Olympiques et Paralympiques<\/h5>\n<a href=\"https:\/\/snuipp86.fr\/wp-content\/uploads\/2022\/06\/Preau_AfficheA3.pdf\" class=\"pdfemb-viewer\" style=\"\" data-width=\"max\" data-height=\"max\" data-toolbar=\"bottom\" data-toolbar-fixed=\"off\">Preau_AfficheA3<\/a>\n<p><a href=\"https:\/\/www.preau.education.fr\/upload\/client\/Preau_AfficheA3.pdf\">https:\/\/www.preau.education.fr\/upload\/client\/Preau_AfficheA3.pdf<\/a><\/p>\n","protected":false},"excerpt":{"rendered":"<p>&nbsp; Apr\u00e8s de nombreuses remont\u00e9es syndicales et individuelles d\u00e9non\u00e7ant l&rsquo;adh\u00e9sion de 10\u20ac demand\u00e9e pour acc\u00e9der aux offres n\u00e9goci\u00e9es par PR\u00c9AU &#8211; association issue du minist\u00e8re suite au Grenelle\u00a0 : machine arri\u00e8re! D\u00e9sormais, afin de permettre \u00e0 tous les personnels de b\u00e9n\u00e9ficier de ces prestations, le conseil d&rsquo;administration r\u00e9uni le 28 avril 2022 a d\u00e9cid\u00e9 de rendre [&hellip;]<\/p>\n","protected":false},"author":7,"featured_media":22620,"comment_status":"closed","ping_status":"closed","sticky":false,"template":"","format":"standard","meta":{"footnotes":""},"categories":[1],"tags":[54],"class_list":["post-22619","post","type-post","status-publish","format-standard","has-post-thumbnail","hentry","category-non-classe","tag-action-sociale"],"yoast_head":"<!-- This site is optimized with the Yoast SEO plugin v26.6 - https:\/\/yoast.com\/wordpress\/plugins\/seo\/ -->\n<title>PR\u00c9AU devient gratuit, enfin! - FSU-SNUipp 86<\/title>\n<meta name=\"robots\" content=\"index, follow, max-snippet:-1, max-image-preview:large, max-video-preview:-1\" \/>\n<link rel=\"canonical\" href=\"https:\/\/snuipp86.fr\/index.php\/2022\/06\/29\/preau-devient-gratuit-enfin\/\" \/>\n<meta property=\"og:locale\" content=\"fr_FR\" \/>\n<meta property=\"og:type\" content=\"article\" \/>\n<meta property=\"og:title\" content=\"PR\u00c9AU devient gratuit, enfin! - FSU-SNUipp 86\" \/>\n<meta property=\"og:description\" content=\"&nbsp; Apr\u00e8s de nombreuses remont\u00e9es syndicales et individuelles d\u00e9non\u00e7ant l&rsquo;adh\u00e9sion de 10\u20ac demand\u00e9e pour acc\u00e9der aux offres n\u00e9goci\u00e9es par PR\u00c9AU &#8211; association issue du minist\u00e8re suite au Grenelle\u00a0 : machine arri\u00e8re! D\u00e9sormais, afin de permettre \u00e0 tous les personnels de b\u00e9n\u00e9ficier de ces prestations, le conseil d&rsquo;administration r\u00e9uni le 28 avril 2022 a d\u00e9cid\u00e9 de rendre [&hellip;]\" \/>\n<meta property=\"og:url\" content=\"https:\/\/snuipp86.fr\/index.php\/2022\/06\/29\/preau-devient-gratuit-enfin\/\" \/>\n<meta property=\"og:site_name\" content=\"FSU-SNUipp 86\" \/>\n<meta property=\"article:published_time\" content=\"2022-06-29T10:02:54+00:00\" \/>\n<meta property=\"article:modified_time\" content=\"2022-06-30T09:47:36+00:00\" \/>\n<meta property=\"og:image\" content=\"https:\/\/snuipp86.fr\/wp-content\/uploads\/2022\/06\/PREAU-logo.png\" \/>\n\t<meta property=\"og:image:width\" content=\"557\" \/>\n\t<meta property=\"og:image:height\" content=\"200\" \/>\n\t<meta property=\"og:image:type\" content=\"image\/png\" \/>\n<meta name=\"author\" content=\"Emilie Bordes\" \/>\n<meta name=\"twitter:card\" content=\"summary_large_image\" \/>\n<meta name=\"twitter:label1\" content=\"\u00c9crit par\" \/>\n\t<meta name=\"twitter:data1\" content=\"Emilie Bordes\" \/>\n\t<meta name=\"twitter:label2\" content=\"Dur\u00e9e de lecture estim\u00e9e\" \/>\n\t<meta name=\"twitter:data2\" content=\"1 minute\" \/>\n<script type=\"application\/ld+json\" class=\"yoast-schema-graph\">{\"@context\":\"https:\/\/schema.org\",\"@graph\":[{\"@type\":\"WebPage\",\"@id\":\"https:\/\/snuipp86.fr\/index.php\/2022\/06\/29\/preau-devient-gratuit-enfin\/\",\"url\":\"https:\/\/snuipp86.fr\/index.php\/2022\/06\/29\/preau-devient-gratuit-enfin\/\",\"name\":\"PR\u00c9AU devient gratuit, enfin! - FSU-SNUipp 86\",\"isPartOf\":{\"@id\":\"https:\/\/snuipp86.fr\/#website\"},\"primaryImageOfPage\":{\"@id\":\"https:\/\/snuipp86.fr\/index.php\/2022\/06\/29\/preau-devient-gratuit-enfin\/#primaryimage\"},\"image\":{\"@id\":\"https:\/\/snuipp86.fr\/index.php\/2022\/06\/29\/preau-devient-gratuit-enfin\/#primaryimage\"},\"thumbnailUrl\":\"https:\/\/snuipp86.fr\/wp-content\/uploads\/2022\/06\/PREAU-logo.png\",\"datePublished\":\"2022-06-29T10:02:54+00:00\",\"dateModified\":\"2022-06-30T09:47:36+00:00\",\"author\":{\"@id\":\"https:\/\/snuipp86.fr\/#\/schema\/person\/32551eb3043810865742a1acf011001d\"},\"breadcrumb\":{\"@id\":\"https:\/\/snuipp86.fr\/index.php\/2022\/06\/29\/preau-devient-gratuit-enfin\/#breadcrumb\"},\"inLanguage\":\"fr-FR\",\"potentialAction\":[{\"@type\":\"ReadAction\",\"target\":[\"https:\/\/snuipp86.fr\/index.php\/2022\/06\/29\/preau-devient-gratuit-enfin\/\"]}]},{\"@type\":\"ImageObject\",\"inLanguage\":\"fr-FR\",\"@id\":\"https:\/\/snuipp86.fr\/index.php\/2022\/06\/29\/preau-devient-gratuit-enfin\/#primaryimage\",\"url\":\"https:\/\/snuipp86.fr\/wp-content\/uploads\/2022\/06\/PREAU-logo.png\",\"contentUrl\":\"https:\/\/snuipp86.fr\/wp-content\/uploads\/2022\/06\/PREAU-logo.png\",\"width\":557,\"height\":200},{\"@type\":\"BreadcrumbList\",\"@id\":\"https:\/\/snuipp86.fr\/index.php\/2022\/06\/29\/preau-devient-gratuit-enfin\/#breadcrumb\",\"itemListElement\":[{\"@type\":\"ListItem\",\"position\":1,\"name\":\"Accueil\",\"item\":\"https:\/\/snuipp86.fr\/\"},{\"@type\":\"ListItem\",\"position\":2,\"name\":\"PR\u00c9AU devient gratuit, enfin!\"}]},{\"@type\":\"WebSite\",\"@id\":\"https:\/\/snuipp86.fr\/#website\",\"url\":\"https:\/\/snuipp86.fr\/\",\"name\":\"FSU-SNUipp 86\",\"description\":\"Des id\u00e9es qui font l&#039;\u00e9cole\",\"potentialAction\":[{\"@type\":\"SearchAction\",\"target\":{\"@type\":\"EntryPoint\",\"urlTemplate\":\"https:\/\/snuipp86.fr\/?s={search_term_string}\"},\"query-input\":{\"@type\":\"PropertyValueSpecification\",\"valueRequired\":true,\"valueName\":\"search_term_string\"}}],\"inLanguage\":\"fr-FR\"},{\"@type\":\"Person\",\"@id\":\"https:\/\/snuipp86.fr\/#\/schema\/person\/32551eb3043810865742a1acf011001d\",\"name\":\"Emilie Bordes\",\"image\":{\"@type\":\"ImageObject\",\"inLanguage\":\"fr-FR\",\"@id\":\"https:\/\/snuipp86.fr\/#\/schema\/person\/image\/\",\"url\":\"https:\/\/secure.gravatar.com\/avatar\/571abcf3c12ab1aaba66450f3ac5c0f8355284f01f7342dd440489ae804a109e?s=96&d=mm&r=g\",\"contentUrl\":\"https:\/\/secure.gravatar.com\/avatar\/571abcf3c12ab1aaba66450f3ac5c0f8355284f01f7342dd440489ae804a109e?s=96&d=mm&r=g\",\"caption\":\"Emilie Bordes\"},\"url\":\"https:\/\/snuipp86.fr\/index.php\/author\/ebordes\/\"}]}<\/script>\n<!-- \/ Yoast SEO plugin. -->","yoast_head_json":{"title":"PR\u00c9AU devient gratuit, enfin! - FSU-SNUipp 86","robots":{"index":"index","follow":"follow","max-snippet":"max-snippet:-1","max-image-preview":"max-image-preview:large","max-video-preview":"max-video-preview:-1"},"canonical":"https:\/\/snuipp86.fr\/index.php\/2022\/06\/29\/preau-devient-gratuit-enfin\/","og_locale":"fr_FR","og_type":"article","og_title":"PR\u00c9AU devient gratuit, enfin! - FSU-SNUipp 86","og_description":"&nbsp; Apr\u00e8s de nombreuses remont\u00e9es syndicales et individuelles d\u00e9non\u00e7ant l&rsquo;adh\u00e9sion de 10\u20ac demand\u00e9e pour acc\u00e9der aux offres n\u00e9goci\u00e9es par PR\u00c9AU &#8211; association issue du minist\u00e8re suite au Grenelle\u00a0 : machine arri\u00e8re! D\u00e9sormais, afin de permettre \u00e0 tous les personnels de b\u00e9n\u00e9ficier de ces prestations, le conseil d&rsquo;administration r\u00e9uni le 28 avril 2022 a d\u00e9cid\u00e9 de rendre [&hellip;]","og_url":"https:\/\/snuipp86.fr\/index.php\/2022\/06\/29\/preau-devient-gratuit-enfin\/","og_site_name":"FSU-SNUipp 86","article_published_time":"2022-06-29T10:02:54+00:00","article_modified_time":"2022-06-30T09:47:36+00:00","og_image":[{"width":557,"height":200,"url":"https:\/\/snuipp86.fr\/wp-content\/uploads\/2022\/06\/PREAU-logo.png","type":"image\/png"}],"author":"Emilie Bordes","twitter_card":"summary_large_image","twitter_misc":{"\u00c9crit par":"Emilie Bordes","Dur\u00e9e de lecture estim\u00e9e":"1 minute"},"schema":{"@context":"https:\/\/schema.org","@graph":[{"@type":"WebPage","@id":"https:\/\/snuipp86.fr\/index.php\/2022\/06\/29\/preau-devient-gratuit-enfin\/","url":"https:\/\/snuipp86.fr\/index.php\/2022\/06\/29\/preau-devient-gratuit-enfin\/","name":"PR\u00c9AU devient gratuit, enfin! - FSU-SNUipp 86","isPartOf":{"@id":"https:\/\/snuipp86.fr\/#website"},"primaryImageOfPage":{"@id":"https:\/\/snuipp86.fr\/index.php\/2022\/06\/29\/preau-devient-gratuit-enfin\/#primaryimage"},"image":{"@id":"https:\/\/snuipp86.fr\/index.php\/2022\/06\/29\/preau-devient-gratuit-enfin\/#primaryimage"},"thumbnailUrl":"https:\/\/snuipp86.fr\/wp-content\/uploads\/2022\/06\/PREAU-logo.png","datePublished":"2022-06-29T10:02:54+00:00","dateModified":"2022-06-30T09:47:36+00:00","author":{"@id":"https:\/\/snuipp86.fr\/#\/schema\/person\/32551eb3043810865742a1acf011001d"},"breadcrumb":{"@id":"https:\/\/snuipp86.fr\/index.php\/2022\/06\/29\/preau-devient-gratuit-enfin\/#breadcrumb"},"inLanguage":"fr-FR","potentialAction":[{"@type":"ReadAction","target":["https:\/\/snuipp86.fr\/index.php\/2022\/06\/29\/preau-devient-gratuit-enfin\/"]}]},{"@type":"ImageObject","inLanguage":"fr-FR","@id":"https:\/\/snuipp86.fr\/index.php\/2022\/06\/29\/preau-devient-gratuit-enfin\/#primaryimage","url":"https:\/\/snuipp86.fr\/wp-content\/uploads\/2022\/06\/PREAU-logo.png","contentUrl":"https:\/\/snuipp86.fr\/wp-content\/uploads\/2022\/06\/PREAU-logo.png","width":557,"height":200},{"@type":"BreadcrumbList","@id":"https:\/\/snuipp86.fr\/index.php\/2022\/06\/29\/preau-devient-gratuit-enfin\/#breadcrumb","itemListElement":[{"@type":"ListItem","position":1,"name":"Accueil","item":"https:\/\/snuipp86.fr\/"},{"@type":"ListItem","position":2,"name":"PR\u00c9AU devient gratuit, enfin!"}]},{"@type":"WebSite","@id":"https:\/\/snuipp86.fr\/#website","url":"https:\/\/snuipp86.fr\/","name":"FSU-SNUipp 86","description":"Des id\u00e9es qui font l&#039;\u00e9cole","potentialAction":[{"@type":"SearchAction","target":{"@type":"EntryPoint","urlTemplate":"https:\/\/snuipp86.fr\/?s={search_term_string}"},"query-input":{"@type":"PropertyValueSpecification","valueRequired":true,"valueName":"search_term_string"}}],"inLanguage":"fr-FR"},{"@type":"Person","@id":"https:\/\/snuipp86.fr\/#\/schema\/person\/32551eb3043810865742a1acf011001d","name":"Emilie Bordes","image":{"@type":"ImageObject","inLanguage":"fr-FR","@id":"https:\/\/snuipp86.fr\/#\/schema\/person\/image\/","url":"https:\/\/secure.gravatar.com\/avatar\/571abcf3c12ab1aaba66450f3ac5c0f8355284f01f7342dd440489ae804a109e?s=96&d=mm&r=g","contentUrl":"https:\/\/secure.gravatar.com\/avatar\/571abcf3c12ab1aaba66450f3ac5c0f8355284f01f7342dd440489ae804a109e?s=96&d=mm&r=g","caption":"Emilie Bordes"},"url":"https:\/\/snuipp86.fr\/index.php\/author\/ebordes\/"}]}},"_links":{"self":[{"href":"https:\/\/snuipp86.fr\/index.php\/wp-json\/wp\/v2\/posts\/22619","targetHints":{"allow":["GET"]}}],"collection":[{"href":"https:\/\/snuipp86.fr\/index.php\/wp-json\/wp\/v2\/posts"}],"about":[{"href":"https:\/\/snuipp86.fr\/index.php\/wp-json\/wp\/v2\/types\/post"}],"author":[{"embeddable":true,"href":"https:\/\/snuipp86.fr\/index.php\/wp-json\/wp\/v2\/users\/7"}],"replies":[{"embeddable":true,"href":"https:\/\/snuipp86.fr\/index.php\/wp-json\/wp\/v2\/comments?post=22619"}],"version-history":[{"count":0,"href":"https:\/\/snuipp86.fr\/index.php\/wp-json\/wp\/v2\/posts\/22619\/revisions"}],"wp:featuredmedia":[{"embeddable":true,"href":"https:\/\/snuipp86.fr\/index.php\/wp-json\/wp\/v2\/media\/22620"}],"wp:attachment":[{"href":"https:\/\/snuipp86.fr\/index.php\/wp-json\/wp\/v2\/media?parent=22619"}],"wp:term":[{"taxonomy":"category","embeddable":true,"href":"https:\/\/snuipp86.fr\/index.php\/wp-json\/wp\/v2\/categories?post=22619"},{"taxonomy":"post_tag","embeddable":true,"href":"https:\/\/snuipp86.fr\/index.php\/wp-json\/wp\/v2\/tags?post=22619"}],"curies":[{"name":"wp","href":"https:\/\/api.w.org\/{rel}","templated":true}]}}