{"id":229,"date":"2018-01-16T13:07:22","date_gmt":"2018-01-16T13:07:22","guid":{"rendered":"http:\/\/localhost\/wordpress\/2018\/01\/16\/galette-des-coles-on-sorganise\/"},"modified":"2018-01-16T13:07:22","modified_gmt":"2018-01-16T13:07:22","slug":"galette-des-coles-on-sorganise","status":"publish","type":"post","link":"https:\/\/snuipp86.fr\/index.php\/2018\/01\/16\/galette-des-coles-on-sorganise\/","title":{"rendered":"\u00a0\u00bb Galette des \u00e9coles \u00a0\u00bb , on s&rsquo;organise !"},"content":{"rendered":"<p><img decoding=\"async\" src=\"https:\/\/snuipp86.fr\/wp-content\/spip\/IMG\/arton3644.jpg\" alt=\"\" align=\"right\" width=\"106\" height=\"200\" class=\"spip_logos\" \/><\/p>\n<div class='rss_texte'>\n<dl class='spip_document_3054 spip_documents spip_documents_center' >\n<dt><img src='https:\/\/snuipp86.fr\/wp-content\/spip\/cache-vignettes\/L246xH205\/gallette-50c87.png' width='246' height='205' alt='PNG - 8.1 ko' style='height:205px;width:246px;' class=' format_png' \/><\/dt>\n<dt class='spip_doc_titre' style='width:246px;'><strong>gallette<\/strong><\/dt>\n<\/dl>\n<h3 class=\"spip\" id=\"outil_sommaire_0\"><a title=\"Sommaire\" href=\"http:\/\/86.snuipp.fr\/spip.php?page=backend&#038;id_rubrique=#outil_sommaire\" class=\"sommaire_ancre\"> <\/a>Les galettes des \u00e9coles c&rsquo;est parti !<\/h3>\n<dl class='spip_document_3058 spip_documents spip_documents_center' >\n<dt><img src='https:\/\/snuipp86.fr\/wp-content\/spip\/cache-vignettes\/L106xH200\/bonhomme_roi_galette-42d68-a828c.jpg' width='106' height='200' alt='JPEG - 9.2 ko' style='height:200px;width:106px;' class='' \/><\/dt>\n<dt class='spip_doc_titre' style='width:120px;'><strong>bonhomme_roi_galette-42d68<\/strong><\/dt>\n<\/dl>\n<p class=\"spip\">D\u00e9j\u00e0 indiqu\u00e9 :<br \/>\n<br \/><img decoding=\"async\" src=\"https:\/\/snuipp86.fr\/wp-content\/spip\/cache-vignettes\/L8xH11\/puce-68c92.gif\" width='8' height='11' alt=\"-\" style='height:11px;width:8px;' class='' \/> le 22 \u00e0 St Benoit &#8211; 17h Mat Irma Jouenne<br \/>\n<br \/><img decoding=\"async\" src=\"https:\/\/snuipp86.fr\/wp-content\/spip\/cache-vignettes\/L8xH11\/puce-68c92.gif\" width='8' height='11' alt=\"-\" style='height:11px;width:8px;' class='' \/> le 29 aux Roches Pr\u00e9maries &#8211; 17h \u00e0 l&rsquo;\u00e9cole \u00e9l\u00e9m<br \/>\n<br \/><img decoding=\"async\" src=\"https:\/\/snuipp86.fr\/wp-content\/spip\/cache-vignettes\/L8xH11\/puce-68c92.gif\" width='8' height='11' alt=\"-\" style='height:11px;width:8px;' class='' \/> le 30 janvier \u00e0 Voulon l&rsquo;\u00e9cole &#8211; 17h<br \/>\n<br \/><img decoding=\"async\" src=\"https:\/\/snuipp86.fr\/wp-content\/spip\/cache-vignettes\/L8xH11\/puce-68c92.gif\" width='8' height='11' alt=\"-\" style='height:11px;width:8px;' class='' \/> le 1er f\u00e9vrier \u00e0 17h \u00e0 l&rsquo;\u00e9cole \u00e9l\u00e9mentaire Montmidi Poitiers<\/p>\n<p class=\"spip\">Autres dates \u00e0 venir !<\/p>\n<h3 class=\"spip\" id=\"outil_sommaire_1\"><a title=\"Sommaire\" href=\"http:\/\/86.snuipp.fr\/spip.php?page=backend&#038;id_rubrique=#outil_sommaire\" class=\"sommaire_ancre\"> <\/a><strong class=\"spip\">Le but ?<\/strong><\/h3>\n<p class=\"spip\">Echanger entre coll\u00e8gues de quelques \u00e9coles pendant 1 h autour d&rsquo;un coup \u00e0 manger et \u00e0 boire, pour faire remonter au SNUipp-FSU 86 les difficult\u00e9s du moment, hi\u00e9rarchiser les revendications \u00e0 obtenir et s&rsquo;informer des actions qui sont en cours .<\/p>\n<p class=\"spip\">Le document vous propose ce document ci-dessous articul\u00e9 autour de 4 questions simples pour alimenter les d\u00e9bats et faire un retour \u00e0 la section du SNUIpp-FSU 86.<\/p>\n<dl class='spip_document_3060 spip_documents spip_documents_center' >\n<dt><a href=\"https:\/\/snuipp86.fr\/wp-content\/spip\/IMG\/pdf\/CR_Les_galettes_du_SNUipp.pdf\" title='PDF - 329.3 ko' type=\"application\/pdf\"><img src='https:\/\/snuipp86.fr\/wp-content\/spip\/cache-vignettes\/L52xH52\/pdf-d7486.png' width='52' height='52' alt='PDF - 329.3 ko' style='height:52px;width:52px;' class=' format_png' \/><\/a><\/dt>\n<dt class='spip_doc_titre' style='width:120px;'><strong>CR Les galettes du SNUipp<\/strong><\/dt>\n<\/dl>\n<dl class='spip_document_3060 spip_documents spip_documents_center' >\n<dt><a href=\"https:\/\/snuipp86.fr\/wp-content\/spip\/IMG\/pdf\/CR_Les_galettes_du_SNUipp.pdf\" title='PDF - 329.3 ko' type=\"application\/pdf\"><img src='https:\/\/snuipp86.fr\/wp-content\/spip\/cache-vignettes\/L52xH52\/pdf-d7486.png' width='52' height='52' alt='PDF - 329.3 ko' style='height:52px;width:52px;' class=' format_png' \/><\/a><\/dt>\n<dt class='spip_doc_titre' style='width:120px;'><strong>CR Les galettes du SNUipp<\/strong><\/dt>\n<\/dl>\n<h3 class=\"spip\" id=\"outil_sommaire_2\"><a title=\"Sommaire\" href=\"http:\/\/86.snuipp.fr\/spip.php?page=backend&#038;id_rubrique=#outil_sommaire\" class=\"sommaire_ancre\"> <\/a><strong class=\"spip\">Comment organiser ?<\/strong><\/h3>\n<p class=\"spip\"><strong class=\"spip\">SI vous souhaitez organiser une \u00a0\u00bb galette \u00a0\u00bb chez vou<\/strong>s, v\u00e9rifiez avec la mairie que c&rsquo;est possible en indiquant qu&rsquo;une r\u00e9union se tiendra dans les locaux le &#8230;.<\/p>\n<p class=\"spip\"><strong class=\"spip\">Envoyez un mail aux \u00e9coles alentours du style :<\/strong><\/p>\n<p class=\"spip\"><i class=\"spip\">Bonjour \u00e0 tous,<\/p>\n<p class=\"spip\">A l&rsquo;initiative du SNUipp-FSU 86, des r\u00e9unions autour d&rsquo;une galette sont organis\u00e9es un peu partout dans le d\u00e9partement.<\/p>\n<p class=\"spip\">Nous vous proposons une rencontre le &#8230;. \u00e0 l&rsquo;\u00e9cole &#8230;&#8230;&#8230; pour discuter, comprendre d\u00e9battre&#8230; pendant 1h et finir autour d&rsquo;un pot \u00e0 boire et d&rsquo;une part de galette.<\/p>\n<p class=\"spip\">Afin de pr\u00e9voir les achats (boissons et galettes), merci de nous tenir inform\u00e9s du nombre de personnes par \u00e9cole pr\u00e9sent \u00e0 cette r\u00e9union.<\/p>\n<p class=\"spip\">A tr\u00e8s bient\u00f4t<\/i><\/p>\n<h3 class=\"spip\" id=\"outil_sommaire_3\"><a title=\"Sommaire\" href=\"http:\/\/86.snuipp.fr\/spip.php?page=backend&#038;id_rubrique=#outil_sommaire\" class=\"sommaire_ancre\"> <\/a><strong class=\"spip\">Les aides ?<\/strong><\/h3>\n<p class=\"spip\">Le SNUipp-FSU 86 aidera jusqu&rsquo;\u00e0 20\u20ac le financement de ce temps convivial sur votre demande . Contactez la section pour conna\u00eetre les modalit\u00e9s. Si ce montant devait ne pas suffire au regard du nombre important de participant-e-s par exemple, chaque situation sera \u00e9tudi\u00e9e pour permettre d&rsquo;y r\u00e9pondre.<\/p>\n<p class=\"spip\">Si vous souhaitez qu&rsquo;un-e coll\u00e8gue d\u00e9charg\u00e9-e de la section de la Vienne puisse \u00eatre pr\u00e9sente, contactez la section pour s&rsquo;organiser.<\/p>\n<h3 class=\"spip\" id=\"outil_sommaire_4\"><a title=\"Sommaire\" href=\"http:\/\/86.snuipp.fr\/spip.php?page=backend&#038;id_rubrique=#outil_sommaire\" class=\"sommaire_ancre\"> <\/a>Bonne galette<\/h3>\n<dl class='spip_document_3058 spip_documents spip_documents_center' >\n<dt><img src='https:\/\/snuipp86.fr\/wp-content\/spip\/cache-vignettes\/L106xH200\/bonhomme_roi_galette-42d68-a828c.jpg' width='106' height='200' alt='JPEG - 9.2 ko' style='height:200px;width:106px;' class='' \/><\/dt>\n<dt class='spip_doc_titre' style='width:120px;'><strong>bonhomme_roi_galette-42d68<\/strong><\/dt>\n<\/dl>\n<\/div>\n","protected":false},"excerpt":{"rendered":"<p>Les galettes des \u00e9coles c&rsquo;est parti ! <br \/>D\u00e9j\u00e0 indiqu\u00e9 : <br \/>le 22 \u00e0 St Benoit &#8211; 17h Mat Irma Jouenne <br \/>le 29 aux Roches Pr\u00e9maries &#8211; 17h \u00e0 l&rsquo;\u00e9cole \u00e9l\u00e9m <br \/>le 30 janvier \u00e0 Voulon l&rsquo;\u00e9cole &#8211; 17h <br \/>le 1er f\u00e9vrier \u00e0 17h \u00e0 l&rsquo;\u00e9cole \u00e9l\u00e9mentaire Montmidi Poitiers <br \/>Autres dates \u00e0 venir ! <br \/>Le but ? <br \/>Echanger entre coll\u00e8gues de quelques \u00e9coles pendant 1 h autour d&rsquo;un coup \u00e0 manger et \u00e0 boire, pour faire remonter au SNUipp-FSU 86 les difficult\u00e9s du moment, hi\u00e9rarchiser les revendications \u00e0 obtenir et s&rsquo;informer (&#8230;)<br \/>\n&#8211;<br \/>\n<a href=\"http:\/\/86.snuipp.fr\/spip.php?rubrique207\" rel=\"directory\">Le snu86 : Fonctionnement de la section et renseignements pratiques<\/a><br \/>\n\/<br \/>\n<a href=\"http:\/\/86.snuipp.fr\/spip.php?mot312\" rel=\"tag\">A l&rsquo;interne du SNUIPP<\/a>,<br \/>\n<a href=\"http:\/\/86.snuipp.fr\/spip.php?mot324\" rel=\"tag\">Documents d&rsquo;aide<\/a><\/p>\n","protected":false},"author":1,"featured_media":0,"comment_status":"open","ping_status":"open","sticky":false,"template":"","format":"standard","meta":{"footnotes":""},"categories":[14],"tags":[],"class_list":["post-229","post","type-post","status-publish","format-standard","hentry","category-a-la-une"],"yoast_head":"<!-- This site is optimized with the Yoast SEO plugin v26.6 - https:\/\/yoast.com\/wordpress\/plugins\/seo\/ -->\n<title>&quot; Galette des \u00e9coles &quot; , on s&#039;organise ! - FSU-SNUipp 86<\/title>\n<meta name=\"robots\" content=\"index, follow, max-snippet:-1, max-image-preview:large, max-video-preview:-1\" \/>\n<link rel=\"canonical\" href=\"https:\/\/snuipp86.fr\/index.php\/2018\/01\/16\/galette-des-coles-on-sorganise\/\" \/>\n<meta property=\"og:locale\" content=\"fr_FR\" \/>\n<meta property=\"og:type\" content=\"article\" \/>\n<meta property=\"og:title\" content=\"&quot; Galette des \u00e9coles &quot; , on s&#039;organise ! - FSU-SNUipp 86\" \/>\n<meta property=\"og:description\" content=\"Les galettes des \u00e9coles c&#039;est parti ! D\u00e9j\u00e0 indiqu\u00e9 : le 22 \u00e0 St Benoit - 17h Mat Irma Jouenne le 29 aux Roches Pr\u00e9maries - 17h \u00e0 l&#039;\u00e9cole \u00e9l\u00e9m le 30 janvier \u00e0 Voulon l&#039;\u00e9cole - 17h le 1er f\u00e9vrier \u00e0 17h \u00e0 l&#039;\u00e9cole \u00e9l\u00e9mentaire Montmidi Poitiers Autres dates \u00e0 venir ! Le but ? Echanger entre coll\u00e8gues de quelques \u00e9coles pendant 1 h autour d&#039;un coup \u00e0 manger et \u00e0 boire, pour faire remonter au SNUipp-FSU 86 les difficult\u00e9s du moment, hi\u00e9rarchiser les revendications \u00e0 obtenir et s&#039;informer (...) - Le snu86 : Fonctionnement de la section et renseignements pratiques \/ A l&#039;interne du SNUIPP, Documents d&#039;aide\" \/>\n<meta property=\"og:url\" content=\"https:\/\/snuipp86.fr\/index.php\/2018\/01\/16\/galette-des-coles-on-sorganise\/\" \/>\n<meta property=\"og:site_name\" content=\"FSU-SNUipp 86\" \/>\n<meta property=\"article:published_time\" content=\"2018-01-16T13:07:22+00:00\" \/>\n<meta property=\"og:image\" content=\"http:\/\/snuipp86.fr\/wp-content\/spip\/IMG\/arton3644.jpg\" \/>\n<meta name=\"author\" content=\"WP86Admin\" \/>\n<meta name=\"twitter:card\" content=\"summary_large_image\" \/>\n<meta name=\"twitter:label1\" content=\"\u00c9crit par\" \/>\n\t<meta name=\"twitter:data1\" content=\"WP86Admin\" \/>\n\t<meta name=\"twitter:label2\" content=\"Dur\u00e9e de lecture estim\u00e9e\" \/>\n\t<meta name=\"twitter:data2\" content=\"2 minutes\" \/>\n<script type=\"application\/ld+json\" class=\"yoast-schema-graph\">{\"@context\":\"https:\/\/schema.org\",\"@graph\":[{\"@type\":\"WebPage\",\"@id\":\"https:\/\/snuipp86.fr\/index.php\/2018\/01\/16\/galette-des-coles-on-sorganise\/\",\"url\":\"https:\/\/snuipp86.fr\/index.php\/2018\/01\/16\/galette-des-coles-on-sorganise\/\",\"name\":\"\\\" Galette des \u00e9coles \\\" , on s'organise ! - FSU-SNUipp 86\",\"isPartOf\":{\"@id\":\"https:\/\/snuipp86.fr\/#website\"},\"primaryImageOfPage\":{\"@id\":\"https:\/\/snuipp86.fr\/index.php\/2018\/01\/16\/galette-des-coles-on-sorganise\/#primaryimage\"},\"image\":{\"@id\":\"https:\/\/snuipp86.fr\/index.php\/2018\/01\/16\/galette-des-coles-on-sorganise\/#primaryimage\"},\"thumbnailUrl\":\"http:\/\/snuipp86.fr\/wp-content\/spip\/IMG\/arton3644.jpg\",\"datePublished\":\"2018-01-16T13:07:22+00:00\",\"author\":{\"@id\":\"https:\/\/snuipp86.fr\/#\/schema\/person\/901b28b9ae1c7a63a6a940102e52a7a2\"},\"breadcrumb\":{\"@id\":\"https:\/\/snuipp86.fr\/index.php\/2018\/01\/16\/galette-des-coles-on-sorganise\/#breadcrumb\"},\"inLanguage\":\"fr-FR\",\"potentialAction\":[{\"@type\":\"ReadAction\",\"target\":[\"https:\/\/snuipp86.fr\/index.php\/2018\/01\/16\/galette-des-coles-on-sorganise\/\"]}]},{\"@type\":\"ImageObject\",\"inLanguage\":\"fr-FR\",\"@id\":\"https:\/\/snuipp86.fr\/index.php\/2018\/01\/16\/galette-des-coles-on-sorganise\/#primaryimage\",\"url\":\"http:\/\/snuipp86.fr\/wp-content\/spip\/IMG\/arton3644.jpg\",\"contentUrl\":\"http:\/\/snuipp86.fr\/wp-content\/spip\/IMG\/arton3644.jpg\"},{\"@type\":\"BreadcrumbList\",\"@id\":\"https:\/\/snuipp86.fr\/index.php\/2018\/01\/16\/galette-des-coles-on-sorganise\/#breadcrumb\",\"itemListElement\":[{\"@type\":\"ListItem\",\"position\":1,\"name\":\"Accueil\",\"item\":\"https:\/\/snuipp86.fr\/\"},{\"@type\":\"ListItem\",\"position\":2,\"name\":\"&#8221; Galette des \u00e9coles &#8221; , on s&#8217;organise !\"}]},{\"@type\":\"WebSite\",\"@id\":\"https:\/\/snuipp86.fr\/#website\",\"url\":\"https:\/\/snuipp86.fr\/\",\"name\":\"FSU-SNUipp 86\",\"description\":\"Des id\u00e9es qui font l&#039;\u00e9cole\",\"potentialAction\":[{\"@type\":\"SearchAction\",\"target\":{\"@type\":\"EntryPoint\",\"urlTemplate\":\"https:\/\/snuipp86.fr\/?s={search_term_string}\"},\"query-input\":{\"@type\":\"PropertyValueSpecification\",\"valueRequired\":true,\"valueName\":\"search_term_string\"}}],\"inLanguage\":\"fr-FR\"},{\"@type\":\"Person\",\"@id\":\"https:\/\/snuipp86.fr\/#\/schema\/person\/901b28b9ae1c7a63a6a940102e52a7a2\",\"name\":\"WP86Admin\",\"image\":{\"@type\":\"ImageObject\",\"inLanguage\":\"fr-FR\",\"@id\":\"https:\/\/snuipp86.fr\/#\/schema\/person\/image\/\",\"url\":\"https:\/\/secure.gravatar.com\/avatar\/0099845c7ec05dc10d777d8ab4f5142c5ba316283821af2459738ad469a37a1a?s=96&d=mm&r=g\",\"contentUrl\":\"https:\/\/secure.gravatar.com\/avatar\/0099845c7ec05dc10d777d8ab4f5142c5ba316283821af2459738ad469a37a1a?s=96&d=mm&r=g\",\"caption\":\"WP86Admin\"},\"url\":\"https:\/\/snuipp86.fr\/index.php\/author\/wp86admin\/\"}]}<\/script>\n<!-- \/ Yoast SEO plugin. -->","yoast_head_json":{"title":"\" Galette des \u00e9coles \" , on s'organise ! - FSU-SNUipp 86","robots":{"index":"index","follow":"follow","max-snippet":"max-snippet:-1","max-image-preview":"max-image-preview:large","max-video-preview":"max-video-preview:-1"},"canonical":"https:\/\/snuipp86.fr\/index.php\/2018\/01\/16\/galette-des-coles-on-sorganise\/","og_locale":"fr_FR","og_type":"article","og_title":"\" Galette des \u00e9coles \" , on s'organise ! - FSU-SNUipp 86","og_description":"Les galettes des \u00e9coles c'est parti ! D\u00e9j\u00e0 indiqu\u00e9 : le 22 \u00e0 St Benoit - 17h Mat Irma Jouenne le 29 aux Roches Pr\u00e9maries - 17h \u00e0 l'\u00e9cole \u00e9l\u00e9m le 30 janvier \u00e0 Voulon l'\u00e9cole - 17h le 1er f\u00e9vrier \u00e0 17h \u00e0 l'\u00e9cole \u00e9l\u00e9mentaire Montmidi Poitiers Autres dates \u00e0 venir ! Le but ? Echanger entre coll\u00e8gues de quelques \u00e9coles pendant 1 h autour d'un coup \u00e0 manger et \u00e0 boire, pour faire remonter au SNUipp-FSU 86 les difficult\u00e9s du moment, hi\u00e9rarchiser les revendications \u00e0 obtenir et s'informer (...) - Le snu86 : Fonctionnement de la section et renseignements pratiques \/ A l'interne du SNUIPP, Documents d'aide","og_url":"https:\/\/snuipp86.fr\/index.php\/2018\/01\/16\/galette-des-coles-on-sorganise\/","og_site_name":"FSU-SNUipp 86","article_published_time":"2018-01-16T13:07:22+00:00","og_image":[{"url":"http:\/\/snuipp86.fr\/wp-content\/spip\/IMG\/arton3644.jpg","type":"","width":"","height":""}],"author":"WP86Admin","twitter_card":"summary_large_image","twitter_misc":{"\u00c9crit par":"WP86Admin","Dur\u00e9e de lecture estim\u00e9e":"2 minutes"},"schema":{"@context":"https:\/\/schema.org","@graph":[{"@type":"WebPage","@id":"https:\/\/snuipp86.fr\/index.php\/2018\/01\/16\/galette-des-coles-on-sorganise\/","url":"https:\/\/snuipp86.fr\/index.php\/2018\/01\/16\/galette-des-coles-on-sorganise\/","name":"\" Galette des \u00e9coles \" , on s'organise ! - FSU-SNUipp 86","isPartOf":{"@id":"https:\/\/snuipp86.fr\/#website"},"primaryImageOfPage":{"@id":"https:\/\/snuipp86.fr\/index.php\/2018\/01\/16\/galette-des-coles-on-sorganise\/#primaryimage"},"image":{"@id":"https:\/\/snuipp86.fr\/index.php\/2018\/01\/16\/galette-des-coles-on-sorganise\/#primaryimage"},"thumbnailUrl":"http:\/\/snuipp86.fr\/wp-content\/spip\/IMG\/arton3644.jpg","datePublished":"2018-01-16T13:07:22+00:00","author":{"@id":"https:\/\/snuipp86.fr\/#\/schema\/person\/901b28b9ae1c7a63a6a940102e52a7a2"},"breadcrumb":{"@id":"https:\/\/snuipp86.fr\/index.php\/2018\/01\/16\/galette-des-coles-on-sorganise\/#breadcrumb"},"inLanguage":"fr-FR","potentialAction":[{"@type":"ReadAction","target":["https:\/\/snuipp86.fr\/index.php\/2018\/01\/16\/galette-des-coles-on-sorganise\/"]}]},{"@type":"ImageObject","inLanguage":"fr-FR","@id":"https:\/\/snuipp86.fr\/index.php\/2018\/01\/16\/galette-des-coles-on-sorganise\/#primaryimage","url":"http:\/\/snuipp86.fr\/wp-content\/spip\/IMG\/arton3644.jpg","contentUrl":"http:\/\/snuipp86.fr\/wp-content\/spip\/IMG\/arton3644.jpg"},{"@type":"BreadcrumbList","@id":"https:\/\/snuipp86.fr\/index.php\/2018\/01\/16\/galette-des-coles-on-sorganise\/#breadcrumb","itemListElement":[{"@type":"ListItem","position":1,"name":"Accueil","item":"https:\/\/snuipp86.fr\/"},{"@type":"ListItem","position":2,"name":"&#8221; Galette des \u00e9coles &#8221; , on s&#8217;organise !"}]},{"@type":"WebSite","@id":"https:\/\/snuipp86.fr\/#website","url":"https:\/\/snuipp86.fr\/","name":"FSU-SNUipp 86","description":"Des id\u00e9es qui font l&#039;\u00e9cole","potentialAction":[{"@type":"SearchAction","target":{"@type":"EntryPoint","urlTemplate":"https:\/\/snuipp86.fr\/?s={search_term_string}"},"query-input":{"@type":"PropertyValueSpecification","valueRequired":true,"valueName":"search_term_string"}}],"inLanguage":"fr-FR"},{"@type":"Person","@id":"https:\/\/snuipp86.fr\/#\/schema\/person\/901b28b9ae1c7a63a6a940102e52a7a2","name":"WP86Admin","image":{"@type":"ImageObject","inLanguage":"fr-FR","@id":"https:\/\/snuipp86.fr\/#\/schema\/person\/image\/","url":"https:\/\/secure.gravatar.com\/avatar\/0099845c7ec05dc10d777d8ab4f5142c5ba316283821af2459738ad469a37a1a?s=96&d=mm&r=g","contentUrl":"https:\/\/secure.gravatar.com\/avatar\/0099845c7ec05dc10d777d8ab4f5142c5ba316283821af2459738ad469a37a1a?s=96&d=mm&r=g","caption":"WP86Admin"},"url":"https:\/\/snuipp86.fr\/index.php\/author\/wp86admin\/"}]}},"_links":{"self":[{"href":"https:\/\/snuipp86.fr\/index.php\/wp-json\/wp\/v2\/posts\/229","targetHints":{"allow":["GET"]}}],"collection":[{"href":"https:\/\/snuipp86.fr\/index.php\/wp-json\/wp\/v2\/posts"}],"about":[{"href":"https:\/\/snuipp86.fr\/index.php\/wp-json\/wp\/v2\/types\/post"}],"author":[{"embeddable":true,"href":"https:\/\/snuipp86.fr\/index.php\/wp-json\/wp\/v2\/users\/1"}],"replies":[{"embeddable":true,"href":"https:\/\/snuipp86.fr\/index.php\/wp-json\/wp\/v2\/comments?post=229"}],"version-history":[{"count":0,"href":"https:\/\/snuipp86.fr\/index.php\/wp-json\/wp\/v2\/posts\/229\/revisions"}],"wp:attachment":[{"href":"https:\/\/snuipp86.fr\/index.php\/wp-json\/wp\/v2\/media?parent=229"}],"wp:term":[{"taxonomy":"category","embeddable":true,"href":"https:\/\/snuipp86.fr\/index.php\/wp-json\/wp\/v2\/categories?post=229"},{"taxonomy":"post_tag","embeddable":true,"href":"https:\/\/snuipp86.fr\/index.php\/wp-json\/wp\/v2\/tags?post=229"}],"curies":[{"name":"wp","href":"https:\/\/api.w.org\/{rel}","templated":true}]}}