{"id":23141,"date":"2022-11-23T14:02:04","date_gmt":"2022-11-23T13:02:04","guid":{"rendered":"http:\/\/snuipp86.fr\/?p=23141"},"modified":"2022-11-23T14:02:04","modified_gmt":"2022-11-23T13:02:04","slug":"focus-sur-lautonome-de-solidarite-laique-asl","status":"publish","type":"post","link":"https:\/\/snuipp86.fr\/index.php\/2022\/11\/23\/focus-sur-lautonome-de-solidarite-laique-asl\/","title":{"rendered":"FOCUS sur l\u2019Autonome de Solidarit\u00e9 La\u00efque (ASL)"},"content":{"rendered":"<ul>\n<li><strong>Un soutien moral\u00a0<\/strong><\/li>\n<\/ul>\n<p>Les militants de L\u2019ASL, vos coll\u00e8gues, vous accueillent, vous \u00e9coutent et vous renseignent lorsque vous \u00eates confront\u00e9 \u00e0 une difficult\u00e9 dans l\u2019exercice de votre profession. Ils vous accompagnent dans toutes les d\u00e9marches sur l\u2019ensemble du territoire fran\u00e7ais.<\/p>\n<ul>\n<li><strong>Un accompagnement de proximit\u00e9<\/strong><\/li>\n<\/ul>\n<p>Avec un r\u00e9seau de militants accompagn\u00e9 de salari\u00e9s et de correspondants dans les \u00e9tablissements, L\u2019ASL est pr\u00e9sente dans chaque d\u00e9partement. Ainsi, vous avez toujours un interlocuteur proche de vos pr\u00e9occupations, pr\u00eat a` vous rencontrer imm\u00e9diatement et \u00e0 vous conseiller au mieux de vos int\u00e9r\u00eats (recherche de conciliation avec l\u2019aide des r\u00e9seaux de l\u2019\u00c9ducation Nationale, mise en relation \u2013 si n\u00e9cessaire \u2013 avec un avocat-conseil qui vous accompagnera dans les d\u00e9marches juridiques\u2026).<\/p>\n<p>Propos\u00e9e depuis 2008 par la MAIF en partenariat avec L\u2019Autonome de Solidarit\u00e9 La\u00efque (L\u2019ASL), l\u2019Offre M\u00e9tiers de l\u2019\u00c9ducation (OME) s\u2019adresse aux personnels de l\u2019\u00e9ducation.<\/p>\n<p>Elle r\u00e9pond aux probl\u00e9matiques que peuvent rencontrer tous les coll\u00e8gues de la maternelle \u00e0 l\u2019Universit\u00e9 qui ne rel\u00e8vent pas du champ strictement syndical.<\/p>\n<p>&nbsp;<\/p>\n<p>Exemples:<\/p>\n<ol>\n<li>Une adh\u00e9rente, directrice d&rsquo;\u00e9cole, va \u00eatre auditionn\u00e9e par la gendarmerie suite au d\u00e9p\u00f4t de plainte d&rsquo;une m\u00e8re d&rsquo;\u00e9l\u00e8ve (l&rsquo;adh\u00e9rente ayant \u00e9tabli une Information Pr\u00e9occupante pour son enfant). Les gendarmes lui refusent de se faire accompagner par la conseill\u00e8re p\u00e9dagogique.<\/li>\n<\/ol>\n<p>Apr\u00e8s avoir contact\u00e9 la section locale de l\u2019Autonome et pu s\u2019entretenir avec un coll\u00e8gue actif ou retrait\u00e9, un entretien avec l\u2019avocat de l\u2019ASL a permis de la rassurer. L\u2019audition s\u2019est bien pass\u00e9e et est rest\u00e9e sans suite.<\/p>\n<p>&nbsp;<\/p>\n<ol start=\"2\">\n<li>Une m\u00e8re d&rsquo;\u00e9l\u00e8ve a port\u00e9 plainte pour harc\u00e8lement \u00e0 l&rsquo;encontre de son fils, ITT fournie. Elle accuse l&rsquo;enseignant de ne pas \u00eatre intervenu pour le prot\u00e9ger. Le coll\u00e8gue est auditionn\u00e9 par la police.<\/li>\n<\/ol>\n<p>L\u2019ASL l\u2019accompagne pour demander la protection fonctionnelle, d\u00e9poser un RSST et \u00e9ventuellement lui propose de rencontrer le psychologue de la MGEN. Contact est pris avec l\u2019avocate de l\u2019ASL pour avoir des conseils avant l\u2019audition. Notre adh\u00e9rente a \u00e9t\u00e9 \u00e9cout\u00e9e, rassur\u00e9e, accompagn\u00e9e jusqu\u2019\u00e0 ce que la plainte soit class\u00e9e sans suite.<\/p>\n<p>&nbsp;<\/p>\n<ol start=\"3\">\n<li>Un enseignant s&rsquo;aper\u00e7oit qu&rsquo;un petit groupe de parents critique sur Facebook la qualit\u00e9 de son enseignement et tient \u00e0 son encontre des propos qui peuvent \u00eatre qualifi\u00e9s de diffamatoires.<\/li>\n<\/ol>\n<p>L\u2019ASL la met en rapport avec l\u2019avocate au plus vite. Un rendez-vous est pris rapidement afin de r\u00e9cup\u00e9rer un maximum de preuves et de d\u00e9terminer la meilleure attitude \u00e0 suivre: les \u00e9l\u00e9ments r\u00e9unis sont-ils suffisamment graves pour qu\u2019une plainte soit d\u00e9pos\u00e9e ? Sur quelle base ? \u2026<\/p>\n<p>&nbsp;<\/p>\n<p>Cr\u00e9e en 1903, l\u2019ASL a \u00e9volu\u00e9 pour devenir une structure nationale ayant vocation \u00e0 intervenir dans tout le champ de l\u2019\u00c9ducation. R\u00e9pondant \u00e0 des contraintes europ\u00e9ennes, elle a d\u00fb renoncer \u00e0 sa fonction assurantielle. Cette derni\u00e8re a \u00e9t\u00e9 reprise par la Maif (OME) qui traite les dossiers (en partenariat avec l&rsquo;ASL) o\u00f9 la responsabilit\u00e9 de l&rsquo;enseignant a \u00e9t\u00e9 totalement \u00e9cart\u00e9e. L&rsquo;adh\u00e9sion \u00e0 l&rsquo;OME est ind\u00e9pendante de l&rsquo;adh\u00e9sion \u00e0 la Maif pour les autres risques.<\/p>\n<p>Pour tout autre \u00e9v\u00e8nement, l\u2019ASL est la seule \u00e0 intervenir dans le champ associatif, fonction que les assurances (ou les syndicats) ne peuvent prendre en charge. Quelles que soient les circonstances, notre association est \u00e0 vos c\u00f4t\u00e9s, que ce soit en soutien et\/ou en assurant la prise en charge de l\u2019avocat qui peut vous \u00eatre n\u00e9cessaire.<\/p>\n<p>&nbsp;<\/p>\n<p><strong>\u00c9coute, soutien, protection, formation, expertise juridique, connaissance des m\u00e9tiers de l\u2019\u00e9ducation, nos compl\u00e9mentarit\u00e9s et nos savoir-faire permettent d\u2019apporter les bonnes r\u00e9ponses \u00e0 nos adh\u00e9rents soci\u00e9taires confront\u00e9s aux risques des m\u00e9tiers de l\u2019\u00e9ducation.<\/strong><\/p>\n<p>&nbsp;<\/p>\n<p><a href=\"https:\/\/www.autonome-solidarite.fr\/\">https:\/\/www.autonome-solidarite.fr\/<\/a><\/p>\n<p>&nbsp;<\/p>\n","protected":false},"excerpt":{"rendered":"<p>Un soutien moral\u00a0 Les militants de L\u2019ASL, vos coll\u00e8gues, vous accueillent, vous \u00e9coutent et vous renseignent lorsque vous \u00eates confront\u00e9 \u00e0 une difficult\u00e9 dans l\u2019exercice de votre profession. Ils vous accompagnent dans toutes les d\u00e9marches sur l\u2019ensemble du territoire fran\u00e7ais. Un accompagnement de proximit\u00e9 Avec un r\u00e9seau de militants accompagn\u00e9 de salari\u00e9s et de correspondants dans [&hellip;]<\/p>\n","protected":false},"author":4,"featured_media":23142,"comment_status":"closed","ping_status":"closed","sticky":false,"template":"","format":"standard","meta":{"footnotes":""},"categories":[1],"tags":[],"class_list":["post-23141","post","type-post","status-publish","format-standard","has-post-thumbnail","hentry","category-non-classe"],"yoast_head":"<!-- This site is optimized with the Yoast SEO plugin v26.6 - https:\/\/yoast.com\/wordpress\/plugins\/seo\/ -->\n<title>FOCUS sur l\u2019Autonome de Solidarit\u00e9 La\u00efque (ASL) - FSU-SNUipp 86<\/title>\n<meta name=\"robots\" content=\"index, follow, max-snippet:-1, max-image-preview:large, max-video-preview:-1\" \/>\n<link rel=\"canonical\" href=\"https:\/\/snuipp86.fr\/index.php\/2022\/11\/23\/focus-sur-lautonome-de-solidarite-laique-asl\/\" \/>\n<meta property=\"og:locale\" content=\"fr_FR\" \/>\n<meta property=\"og:type\" content=\"article\" \/>\n<meta property=\"og:title\" content=\"FOCUS sur l\u2019Autonome de Solidarit\u00e9 La\u00efque (ASL) - FSU-SNUipp 86\" \/>\n<meta property=\"og:description\" content=\"Un soutien moral\u00a0 Les militants de L\u2019ASL, vos coll\u00e8gues, vous accueillent, vous \u00e9coutent et vous renseignent lorsque vous \u00eates confront\u00e9 \u00e0 une difficult\u00e9 dans l\u2019exercice de votre profession. Ils vous accompagnent dans toutes les d\u00e9marches sur l\u2019ensemble du territoire fran\u00e7ais. Un accompagnement de proximit\u00e9 Avec un r\u00e9seau de militants accompagn\u00e9 de salari\u00e9s et de correspondants dans [&hellip;]\" \/>\n<meta property=\"og:url\" content=\"https:\/\/snuipp86.fr\/index.php\/2022\/11\/23\/focus-sur-lautonome-de-solidarite-laique-asl\/\" \/>\n<meta property=\"og:site_name\" content=\"FSU-SNUipp 86\" \/>\n<meta property=\"article:published_time\" content=\"2022-11-23T13:02:04+00:00\" \/>\n<meta property=\"og:image\" content=\"https:\/\/snuipp86.fr\/wp-content\/uploads\/2022\/11\/asl.png\" \/>\n\t<meta property=\"og:image:width\" content=\"225\" \/>\n\t<meta property=\"og:image:height\" content=\"225\" \/>\n\t<meta property=\"og:image:type\" content=\"image\/png\" \/>\n<meta name=\"author\" content=\"Matthieu Menaut\" \/>\n<meta name=\"twitter:card\" content=\"summary_large_image\" \/>\n<meta name=\"twitter:label1\" content=\"\u00c9crit par\" \/>\n\t<meta name=\"twitter:data1\" content=\"Matthieu Menaut\" \/>\n\t<meta name=\"twitter:label2\" content=\"Dur\u00e9e de lecture estim\u00e9e\" \/>\n\t<meta name=\"twitter:data2\" content=\"3 minutes\" \/>\n<script type=\"application\/ld+json\" class=\"yoast-schema-graph\">{\"@context\":\"https:\/\/schema.org\",\"@graph\":[{\"@type\":\"WebPage\",\"@id\":\"https:\/\/snuipp86.fr\/index.php\/2022\/11\/23\/focus-sur-lautonome-de-solidarite-laique-asl\/\",\"url\":\"https:\/\/snuipp86.fr\/index.php\/2022\/11\/23\/focus-sur-lautonome-de-solidarite-laique-asl\/\",\"name\":\"FOCUS sur l\u2019Autonome de Solidarit\u00e9 La\u00efque (ASL) - FSU-SNUipp 86\",\"isPartOf\":{\"@id\":\"https:\/\/snuipp86.fr\/#website\"},\"primaryImageOfPage\":{\"@id\":\"https:\/\/snuipp86.fr\/index.php\/2022\/11\/23\/focus-sur-lautonome-de-solidarite-laique-asl\/#primaryimage\"},\"image\":{\"@id\":\"https:\/\/snuipp86.fr\/index.php\/2022\/11\/23\/focus-sur-lautonome-de-solidarite-laique-asl\/#primaryimage\"},\"thumbnailUrl\":\"https:\/\/snuipp86.fr\/wp-content\/uploads\/2022\/11\/asl.png\",\"datePublished\":\"2022-11-23T13:02:04+00:00\",\"author\":{\"@id\":\"https:\/\/snuipp86.fr\/#\/schema\/person\/5a96b33672b90a1385fd0b096fd5ebcb\"},\"breadcrumb\":{\"@id\":\"https:\/\/snuipp86.fr\/index.php\/2022\/11\/23\/focus-sur-lautonome-de-solidarite-laique-asl\/#breadcrumb\"},\"inLanguage\":\"fr-FR\",\"potentialAction\":[{\"@type\":\"ReadAction\",\"target\":[\"https:\/\/snuipp86.fr\/index.php\/2022\/11\/23\/focus-sur-lautonome-de-solidarite-laique-asl\/\"]}]},{\"@type\":\"ImageObject\",\"inLanguage\":\"fr-FR\",\"@id\":\"https:\/\/snuipp86.fr\/index.php\/2022\/11\/23\/focus-sur-lautonome-de-solidarite-laique-asl\/#primaryimage\",\"url\":\"https:\/\/snuipp86.fr\/wp-content\/uploads\/2022\/11\/asl.png\",\"contentUrl\":\"https:\/\/snuipp86.fr\/wp-content\/uploads\/2022\/11\/asl.png\",\"width\":225,\"height\":225},{\"@type\":\"BreadcrumbList\",\"@id\":\"https:\/\/snuipp86.fr\/index.php\/2022\/11\/23\/focus-sur-lautonome-de-solidarite-laique-asl\/#breadcrumb\",\"itemListElement\":[{\"@type\":\"ListItem\",\"position\":1,\"name\":\"Accueil\",\"item\":\"https:\/\/snuipp86.fr\/\"},{\"@type\":\"ListItem\",\"position\":2,\"name\":\"FOCUS sur l\u2019Autonome de Solidarit\u00e9 La\u00efque (ASL)\"}]},{\"@type\":\"WebSite\",\"@id\":\"https:\/\/snuipp86.fr\/#website\",\"url\":\"https:\/\/snuipp86.fr\/\",\"name\":\"FSU-SNUipp 86\",\"description\":\"Des id\u00e9es qui font l&#039;\u00e9cole\",\"potentialAction\":[{\"@type\":\"SearchAction\",\"target\":{\"@type\":\"EntryPoint\",\"urlTemplate\":\"https:\/\/snuipp86.fr\/?s={search_term_string}\"},\"query-input\":{\"@type\":\"PropertyValueSpecification\",\"valueRequired\":true,\"valueName\":\"search_term_string\"}}],\"inLanguage\":\"fr-FR\"},{\"@type\":\"Person\",\"@id\":\"https:\/\/snuipp86.fr\/#\/schema\/person\/5a96b33672b90a1385fd0b096fd5ebcb\",\"name\":\"Matthieu Menaut\",\"image\":{\"@type\":\"ImageObject\",\"inLanguage\":\"fr-FR\",\"@id\":\"https:\/\/snuipp86.fr\/#\/schema\/person\/image\/\",\"url\":\"https:\/\/secure.gravatar.com\/avatar\/03e70f897b03256ddca91d16c3e33a876c31abbf1b31cb48e60e770f684a04d1?s=96&d=mm&r=g\",\"contentUrl\":\"https:\/\/secure.gravatar.com\/avatar\/03e70f897b03256ddca91d16c3e33a876c31abbf1b31cb48e60e770f684a04d1?s=96&d=mm&r=g\",\"caption\":\"Matthieu Menaut\"},\"url\":\"https:\/\/snuipp86.fr\/index.php\/author\/mmenaut\/\"}]}<\/script>\n<!-- \/ Yoast SEO plugin. -->","yoast_head_json":{"title":"FOCUS sur l\u2019Autonome de Solidarit\u00e9 La\u00efque (ASL) - FSU-SNUipp 86","robots":{"index":"index","follow":"follow","max-snippet":"max-snippet:-1","max-image-preview":"max-image-preview:large","max-video-preview":"max-video-preview:-1"},"canonical":"https:\/\/snuipp86.fr\/index.php\/2022\/11\/23\/focus-sur-lautonome-de-solidarite-laique-asl\/","og_locale":"fr_FR","og_type":"article","og_title":"FOCUS sur l\u2019Autonome de Solidarit\u00e9 La\u00efque (ASL) - FSU-SNUipp 86","og_description":"Un soutien moral\u00a0 Les militants de L\u2019ASL, vos coll\u00e8gues, vous accueillent, vous \u00e9coutent et vous renseignent lorsque vous \u00eates confront\u00e9 \u00e0 une difficult\u00e9 dans l\u2019exercice de votre profession. Ils vous accompagnent dans toutes les d\u00e9marches sur l\u2019ensemble du territoire fran\u00e7ais. Un accompagnement de proximit\u00e9 Avec un r\u00e9seau de militants accompagn\u00e9 de salari\u00e9s et de correspondants dans [&hellip;]","og_url":"https:\/\/snuipp86.fr\/index.php\/2022\/11\/23\/focus-sur-lautonome-de-solidarite-laique-asl\/","og_site_name":"FSU-SNUipp 86","article_published_time":"2022-11-23T13:02:04+00:00","og_image":[{"width":225,"height":225,"url":"https:\/\/snuipp86.fr\/wp-content\/uploads\/2022\/11\/asl.png","type":"image\/png"}],"author":"Matthieu Menaut","twitter_card":"summary_large_image","twitter_misc":{"\u00c9crit par":"Matthieu Menaut","Dur\u00e9e de lecture estim\u00e9e":"3 minutes"},"schema":{"@context":"https:\/\/schema.org","@graph":[{"@type":"WebPage","@id":"https:\/\/snuipp86.fr\/index.php\/2022\/11\/23\/focus-sur-lautonome-de-solidarite-laique-asl\/","url":"https:\/\/snuipp86.fr\/index.php\/2022\/11\/23\/focus-sur-lautonome-de-solidarite-laique-asl\/","name":"FOCUS sur l\u2019Autonome de Solidarit\u00e9 La\u00efque (ASL) - FSU-SNUipp 86","isPartOf":{"@id":"https:\/\/snuipp86.fr\/#website"},"primaryImageOfPage":{"@id":"https:\/\/snuipp86.fr\/index.php\/2022\/11\/23\/focus-sur-lautonome-de-solidarite-laique-asl\/#primaryimage"},"image":{"@id":"https:\/\/snuipp86.fr\/index.php\/2022\/11\/23\/focus-sur-lautonome-de-solidarite-laique-asl\/#primaryimage"},"thumbnailUrl":"https:\/\/snuipp86.fr\/wp-content\/uploads\/2022\/11\/asl.png","datePublished":"2022-11-23T13:02:04+00:00","author":{"@id":"https:\/\/snuipp86.fr\/#\/schema\/person\/5a96b33672b90a1385fd0b096fd5ebcb"},"breadcrumb":{"@id":"https:\/\/snuipp86.fr\/index.php\/2022\/11\/23\/focus-sur-lautonome-de-solidarite-laique-asl\/#breadcrumb"},"inLanguage":"fr-FR","potentialAction":[{"@type":"ReadAction","target":["https:\/\/snuipp86.fr\/index.php\/2022\/11\/23\/focus-sur-lautonome-de-solidarite-laique-asl\/"]}]},{"@type":"ImageObject","inLanguage":"fr-FR","@id":"https:\/\/snuipp86.fr\/index.php\/2022\/11\/23\/focus-sur-lautonome-de-solidarite-laique-asl\/#primaryimage","url":"https:\/\/snuipp86.fr\/wp-content\/uploads\/2022\/11\/asl.png","contentUrl":"https:\/\/snuipp86.fr\/wp-content\/uploads\/2022\/11\/asl.png","width":225,"height":225},{"@type":"BreadcrumbList","@id":"https:\/\/snuipp86.fr\/index.php\/2022\/11\/23\/focus-sur-lautonome-de-solidarite-laique-asl\/#breadcrumb","itemListElement":[{"@type":"ListItem","position":1,"name":"Accueil","item":"https:\/\/snuipp86.fr\/"},{"@type":"ListItem","position":2,"name":"FOCUS sur l\u2019Autonome de Solidarit\u00e9 La\u00efque (ASL)"}]},{"@type":"WebSite","@id":"https:\/\/snuipp86.fr\/#website","url":"https:\/\/snuipp86.fr\/","name":"FSU-SNUipp 86","description":"Des id\u00e9es qui font l&#039;\u00e9cole","potentialAction":[{"@type":"SearchAction","target":{"@type":"EntryPoint","urlTemplate":"https:\/\/snuipp86.fr\/?s={search_term_string}"},"query-input":{"@type":"PropertyValueSpecification","valueRequired":true,"valueName":"search_term_string"}}],"inLanguage":"fr-FR"},{"@type":"Person","@id":"https:\/\/snuipp86.fr\/#\/schema\/person\/5a96b33672b90a1385fd0b096fd5ebcb","name":"Matthieu Menaut","image":{"@type":"ImageObject","inLanguage":"fr-FR","@id":"https:\/\/snuipp86.fr\/#\/schema\/person\/image\/","url":"https:\/\/secure.gravatar.com\/avatar\/03e70f897b03256ddca91d16c3e33a876c31abbf1b31cb48e60e770f684a04d1?s=96&d=mm&r=g","contentUrl":"https:\/\/secure.gravatar.com\/avatar\/03e70f897b03256ddca91d16c3e33a876c31abbf1b31cb48e60e770f684a04d1?s=96&d=mm&r=g","caption":"Matthieu Menaut"},"url":"https:\/\/snuipp86.fr\/index.php\/author\/mmenaut\/"}]}},"_links":{"self":[{"href":"https:\/\/snuipp86.fr\/index.php\/wp-json\/wp\/v2\/posts\/23141","targetHints":{"allow":["GET"]}}],"collection":[{"href":"https:\/\/snuipp86.fr\/index.php\/wp-json\/wp\/v2\/posts"}],"about":[{"href":"https:\/\/snuipp86.fr\/index.php\/wp-json\/wp\/v2\/types\/post"}],"author":[{"embeddable":true,"href":"https:\/\/snuipp86.fr\/index.php\/wp-json\/wp\/v2\/users\/4"}],"replies":[{"embeddable":true,"href":"https:\/\/snuipp86.fr\/index.php\/wp-json\/wp\/v2\/comments?post=23141"}],"version-history":[{"count":0,"href":"https:\/\/snuipp86.fr\/index.php\/wp-json\/wp\/v2\/posts\/23141\/revisions"}],"wp:featuredmedia":[{"embeddable":true,"href":"https:\/\/snuipp86.fr\/index.php\/wp-json\/wp\/v2\/media\/23142"}],"wp:attachment":[{"href":"https:\/\/snuipp86.fr\/index.php\/wp-json\/wp\/v2\/media?parent=23141"}],"wp:term":[{"taxonomy":"category","embeddable":true,"href":"https:\/\/snuipp86.fr\/index.php\/wp-json\/wp\/v2\/categories?post=23141"},{"taxonomy":"post_tag","embeddable":true,"href":"https:\/\/snuipp86.fr\/index.php\/wp-json\/wp\/v2\/tags?post=23141"}],"curies":[{"name":"wp","href":"https:\/\/api.w.org\/{rel}","templated":true}]}}