{"id":235,"date":"2018-01-10T09:36:00","date_gmt":"2018-01-10T09:36:00","guid":{"rendered":"http:\/\/localhost\/wordpress\/2018\/01\/10\/communiqu-intersyndical-pour-le-respect-des-droits-et-liberts-en-turquie\/"},"modified":"2018-01-10T09:36:00","modified_gmt":"2018-01-10T09:36:00","slug":"communiqu-intersyndical-pour-le-respect-des-droits-et-liberts-en-turquie","status":"publish","type":"post","link":"https:\/\/snuipp86.fr\/index.php\/2018\/01\/10\/communiqu-intersyndical-pour-le-respect-des-droits-et-liberts-en-turquie\/","title":{"rendered":"Communiqu\u00e9 intersyndical : Pour le respect des droits et libert\u00e9s en Turquie"},"content":{"rendered":"<p><img decoding=\"async\" src=\"https:\/\/snuipp86.fr\/wp-content\/spip\/IMG\/arton3636.jpg\" alt=\"\" align=\"right\" width=\"534\" height=\"356\" class=\"spip_logos\" \/><\/p>\n<div class='rss_texte'>\n<p class=\"spip\"><strong class=\"spip\">Communiqu\u00e9 de presse commun CFDT, CFE-CGC, CGT, FO, FSU, Solidaires et Unsa<\/strong><\/p>\n<p class=\"spip\">Paris, le 9 janvier 2018<\/p>\n<h3 class=\"spip\">Pour le respect des droits et libert\u00e9s en Turquie<\/h3>\n<p class=\"spip\">La conf\u00e9rence de presse qui a suivi la rencontre des chefs d&rsquo;\u00c9tat fran\u00e7ais et turc a permis de mettre en lumi\u00e8re les manipulations de l&rsquo;opinion publique par les d\u00e9tenteurs du pouvoir politique \u00e0 Ankara afin de parvenir \u00e0 l&rsquo;instauration d&rsquo;un r\u00e9gime autoritaire.<\/p>\n<p class=\"spip\">Les purges et les licenciements massifs de salari\u00e9s et de fonctionnaires, les violations quotidiennes des droits fondamentaux de l&rsquo;Homme continuent sans rel\u00e2che en Turquie. L&rsquo;\u00e9tat d&rsquo;urgence, en vigueur depuis dix-sept mois dans tout le pays, \u00e9tait l&rsquo;opportunit\u00e9 pour le Pr\u00e9sident Erdogan de promulguer 30 d\u00e9crets-lois en contradiction, tant sur la forme que sur le fond, avec la Constitution turque.<\/p>\n<p class=\"spip\">Dernier en date, un d\u00e9cret-loi du 24 d\u00e9cembre, a entra\u00een\u00e9 le limogeage de plus de 2 700 personnes. Toutes sont accus\u00e9es soit d&rsquo;appartenir, soit d&rsquo;\u00eatre li\u00e9es \u00e0 des organisations \u00ab terroristes \u00bb ou agissant contre la s\u00e9curit\u00e9 nationale. Parmi elles figurent 105 universitaires.<\/p>\n<p class=\"spip\">Du jour au lendemain, 140.000 personnes se sont retrouv\u00e9es sans salaire, sans indemnit\u00e9s ch\u00f4mage, priv\u00e9es des cotisations de retraite accumul\u00e9es durant des ann\u00e9es de travail et d\u00e9sormais \u00e9vapor\u00e9es. Ces mesures entra\u00eenent pour les personnes licenci\u00e9es une v\u00e9ritable mort sociale qui a pouss\u00e9 des dizaines de fonctionnaires \u00e0 se suicider \u00e0 travers le pays suite \u00e0 leur licenciement.<\/p>\n<p class=\"spip\">Une campagne antikurde est orchestr\u00e9e par le r\u00e9gime et de nombreuses exactions dans des villes de l&rsquo;Est sous couvre-feu sont observ\u00e9es. Le Pr\u00e9sident Erdogan refuse la solution pacifique.<\/p>\n<p class=\"spip\">La la\u00efcit\u00e9 constitutionnelle est syst\u00e9matiquement pi\u00e9tin\u00e9e. L&rsquo;obscurantisme religieux est impos\u00e9 dans toutes les sph\u00e8res de la vie sociale.<br \/>\nPlus de 6.000 militants syndicaux des centrales DISK et KESK ont \u00e9t\u00e9 licenci\u00e9s. La libert\u00e9 syndicale est de plus en plus restreinte. M\u00eame des gr\u00e8ves l\u00e9gales et autoris\u00e9es dans la loi sont suspendues ou interdites. Toute l&rsquo;opposition d\u00e9mocratique est b\u00e2illonn\u00e9e et les m\u00e9dias se trouvent sous le contr\u00f4le \u00e9tendu et strict du Pr\u00e9sident.<\/p>\n<p class=\"spip\">La Turquie est aujourd&rsquo;hui la plus grande prison de journalistes au monde, avec quelque 150 d&rsquo;entre eux derri\u00e8re les barreaux, pour certains depuis plus d&rsquo;un an.<\/p>\n<p class=\"spip\">Les organisations syndicales fran\u00e7aises signataires partagent et soutiennent les exigences des syndicats de Turquie, \u00e9pris de libert\u00e9, de paix et de d\u00e9mocratie :<br \/>\n<br \/><img decoding=\"async\" src=\"https:\/\/snuipp86.fr\/wp-content\/spip\/cache-vignettes\/L8xH11\/puce-68c92.gif\" width='8' height='11' alt=\"-\" style='height:11px;width:8px;' class='' \/> la r\u00e9int\u00e9gration de tous les salari\u00e9s limog\u00e9s, licenci\u00e9s par des d\u00e9crets-lois ;<br \/>\n<br \/><img decoding=\"async\" src=\"https:\/\/snuipp86.fr\/wp-content\/spip\/cache-vignettes\/L8xH11\/puce-68c92.gif\" width='8' height='11' alt=\"-\" style='height:11px;width:8px;' class='' \/> la lev\u00e9e des restrictions sur les libert\u00e9s syndicales et le droit de gr\u00e8ve ;<br \/>\n<br \/><img decoding=\"async\" src=\"https:\/\/snuipp86.fr\/wp-content\/spip\/cache-vignettes\/L8xH11\/puce-68c92.gif\" width='8' height='11' alt=\"-\" style='height:11px;width:8px;' class='' \/> la lib\u00e9ration de tous les d\u00e9tenus politiques, notamment les d\u00e9put\u00e9s et maires d\u00e9mocratiquement \u00e9lus, ainsi que des journalistes ;<br \/>\n<br \/><img decoding=\"async\" src=\"https:\/\/snuipp86.fr\/wp-content\/spip\/cache-vignettes\/L8xH11\/puce-68c92.gif\" width='8' height='11' alt=\"-\" style='height:11px;width:8px;' class='' \/> la fin des poursuites judiciaires arbitraires et le respect de la pr\u00e9somption d&rsquo;innocence.<\/p>\n<p class=\"spip\">La Convention europ\u00e9enne de sauvegarde des droits de l&rsquo;Homme et des libert\u00e9s fondamentales dont la Turquie est signataire doit \u00eatre respect\u00e9e.<\/p>\n<\/div>\n","protected":false},"excerpt":{"rendered":"<p>Communiqu\u00e9 de presse commun CFDT, CFE-CGC, CGT, FO, FSU, Solidaires et Unsa <br \/>Paris, le 9 janvier 2018 <br \/>Pour le respect des droits et libert\u00e9s en Turquie <br \/>La conf\u00e9rence de presse qui a suivi la rencontre des chefs d&rsquo;\u00c9tat fran\u00e7ais et turc a permis de mettre en lumi\u00e8re les manipulations de l&rsquo;opinion publique par les d\u00e9tenteurs du pouvoir politique \u00e0 Ankara afin de parvenir \u00e0 l&rsquo;instauration d&rsquo;un r\u00e9gime autoritaire. <br \/>Les purges et les licenciements massifs de salari\u00e9s et de (&#8230;)<br \/>\n&#8211;<br \/>\n<a href=\"http:\/\/86.snuipp.fr\/spip.php?rubrique249\" rel=\"directory\">L&rsquo;ACTUALIT\u00c9<\/a><\/p>\n","protected":false},"author":1,"featured_media":0,"comment_status":"open","ping_status":"open","sticky":false,"template":"","format":"standard","meta":{"footnotes":""},"categories":[14],"tags":[],"class_list":["post-235","post","type-post","status-publish","format-standard","hentry","category-a-la-une"],"yoast_head":"<!-- This site is optimized with the Yoast SEO plugin v26.6 - https:\/\/yoast.com\/wordpress\/plugins\/seo\/ -->\n<title>Communiqu\u00e9 intersyndical : Pour le respect des droits et libert\u00e9s en Turquie - FSU-SNUipp 86<\/title>\n<meta name=\"robots\" content=\"index, follow, max-snippet:-1, max-image-preview:large, max-video-preview:-1\" \/>\n<link rel=\"canonical\" href=\"https:\/\/snuipp86.fr\/index.php\/2018\/01\/10\/communiqu-intersyndical-pour-le-respect-des-droits-et-liberts-en-turquie\/\" \/>\n<meta property=\"og:locale\" content=\"fr_FR\" \/>\n<meta property=\"og:type\" content=\"article\" \/>\n<meta property=\"og:title\" content=\"Communiqu\u00e9 intersyndical : Pour le respect des droits et libert\u00e9s en Turquie - FSU-SNUipp 86\" \/>\n<meta property=\"og:description\" content=\"Communiqu\u00e9 de presse commun CFDT, CFE-CGC, CGT, FO, FSU, Solidaires et Unsa Paris, le 9 janvier 2018 Pour le respect des droits et libert\u00e9s en Turquie La conf\u00e9rence de presse qui a suivi la rencontre des chefs d&#039;\u00c9tat fran\u00e7ais et turc a permis de mettre en lumi\u00e8re les manipulations de l&#039;opinion publique par les d\u00e9tenteurs du pouvoir politique \u00e0 Ankara afin de parvenir \u00e0 l&#039;instauration d&#039;un r\u00e9gime autoritaire. Les purges et les licenciements massifs de salari\u00e9s et de (...) - L&#039;ACTUALIT\u00c9\" \/>\n<meta property=\"og:url\" content=\"https:\/\/snuipp86.fr\/index.php\/2018\/01\/10\/communiqu-intersyndical-pour-le-respect-des-droits-et-liberts-en-turquie\/\" \/>\n<meta property=\"og:site_name\" content=\"FSU-SNUipp 86\" \/>\n<meta property=\"article:published_time\" content=\"2018-01-10T09:36:00+00:00\" \/>\n<meta property=\"og:image\" content=\"http:\/\/snuipp86.fr\/wp-content\/spip\/IMG\/arton3636.jpg\" \/>\n<meta name=\"author\" content=\"WP86Admin\" \/>\n<meta name=\"twitter:card\" content=\"summary_large_image\" \/>\n<meta name=\"twitter:label1\" content=\"\u00c9crit par\" \/>\n\t<meta name=\"twitter:data1\" content=\"WP86Admin\" \/>\n\t<meta name=\"twitter:label2\" content=\"Dur\u00e9e de lecture estim\u00e9e\" \/>\n\t<meta name=\"twitter:data2\" content=\"3 minutes\" \/>\n<script type=\"application\/ld+json\" class=\"yoast-schema-graph\">{\"@context\":\"https:\/\/schema.org\",\"@graph\":[{\"@type\":\"WebPage\",\"@id\":\"https:\/\/snuipp86.fr\/index.php\/2018\/01\/10\/communiqu-intersyndical-pour-le-respect-des-droits-et-liberts-en-turquie\/\",\"url\":\"https:\/\/snuipp86.fr\/index.php\/2018\/01\/10\/communiqu-intersyndical-pour-le-respect-des-droits-et-liberts-en-turquie\/\",\"name\":\"Communiqu\u00e9 intersyndical : Pour le respect des droits et libert\u00e9s en Turquie - FSU-SNUipp 86\",\"isPartOf\":{\"@id\":\"https:\/\/snuipp86.fr\/#website\"},\"primaryImageOfPage\":{\"@id\":\"https:\/\/snuipp86.fr\/index.php\/2018\/01\/10\/communiqu-intersyndical-pour-le-respect-des-droits-et-liberts-en-turquie\/#primaryimage\"},\"image\":{\"@id\":\"https:\/\/snuipp86.fr\/index.php\/2018\/01\/10\/communiqu-intersyndical-pour-le-respect-des-droits-et-liberts-en-turquie\/#primaryimage\"},\"thumbnailUrl\":\"http:\/\/snuipp86.fr\/wp-content\/spip\/IMG\/arton3636.jpg\",\"datePublished\":\"2018-01-10T09:36:00+00:00\",\"author\":{\"@id\":\"https:\/\/snuipp86.fr\/#\/schema\/person\/901b28b9ae1c7a63a6a940102e52a7a2\"},\"breadcrumb\":{\"@id\":\"https:\/\/snuipp86.fr\/index.php\/2018\/01\/10\/communiqu-intersyndical-pour-le-respect-des-droits-et-liberts-en-turquie\/#breadcrumb\"},\"inLanguage\":\"fr-FR\",\"potentialAction\":[{\"@type\":\"ReadAction\",\"target\":[\"https:\/\/snuipp86.fr\/index.php\/2018\/01\/10\/communiqu-intersyndical-pour-le-respect-des-droits-et-liberts-en-turquie\/\"]}]},{\"@type\":\"ImageObject\",\"inLanguage\":\"fr-FR\",\"@id\":\"https:\/\/snuipp86.fr\/index.php\/2018\/01\/10\/communiqu-intersyndical-pour-le-respect-des-droits-et-liberts-en-turquie\/#primaryimage\",\"url\":\"http:\/\/snuipp86.fr\/wp-content\/spip\/IMG\/arton3636.jpg\",\"contentUrl\":\"http:\/\/snuipp86.fr\/wp-content\/spip\/IMG\/arton3636.jpg\"},{\"@type\":\"BreadcrumbList\",\"@id\":\"https:\/\/snuipp86.fr\/index.php\/2018\/01\/10\/communiqu-intersyndical-pour-le-respect-des-droits-et-liberts-en-turquie\/#breadcrumb\",\"itemListElement\":[{\"@type\":\"ListItem\",\"position\":1,\"name\":\"Accueil\",\"item\":\"https:\/\/snuipp86.fr\/\"},{\"@type\":\"ListItem\",\"position\":2,\"name\":\"Communiqu\u00e9 intersyndical : Pour le respect des droits et libert\u00e9s en Turquie\"}]},{\"@type\":\"WebSite\",\"@id\":\"https:\/\/snuipp86.fr\/#website\",\"url\":\"https:\/\/snuipp86.fr\/\",\"name\":\"FSU-SNUipp 86\",\"description\":\"Des id\u00e9es qui font l&#039;\u00e9cole\",\"potentialAction\":[{\"@type\":\"SearchAction\",\"target\":{\"@type\":\"EntryPoint\",\"urlTemplate\":\"https:\/\/snuipp86.fr\/?s={search_term_string}\"},\"query-input\":{\"@type\":\"PropertyValueSpecification\",\"valueRequired\":true,\"valueName\":\"search_term_string\"}}],\"inLanguage\":\"fr-FR\"},{\"@type\":\"Person\",\"@id\":\"https:\/\/snuipp86.fr\/#\/schema\/person\/901b28b9ae1c7a63a6a940102e52a7a2\",\"name\":\"WP86Admin\",\"image\":{\"@type\":\"ImageObject\",\"inLanguage\":\"fr-FR\",\"@id\":\"https:\/\/snuipp86.fr\/#\/schema\/person\/image\/\",\"url\":\"https:\/\/secure.gravatar.com\/avatar\/0099845c7ec05dc10d777d8ab4f5142c5ba316283821af2459738ad469a37a1a?s=96&d=mm&r=g\",\"contentUrl\":\"https:\/\/secure.gravatar.com\/avatar\/0099845c7ec05dc10d777d8ab4f5142c5ba316283821af2459738ad469a37a1a?s=96&d=mm&r=g\",\"caption\":\"WP86Admin\"},\"url\":\"https:\/\/snuipp86.fr\/index.php\/author\/wp86admin\/\"}]}<\/script>\n<!-- \/ Yoast SEO plugin. -->","yoast_head_json":{"title":"Communiqu\u00e9 intersyndical : Pour le respect des droits et libert\u00e9s en Turquie - FSU-SNUipp 86","robots":{"index":"index","follow":"follow","max-snippet":"max-snippet:-1","max-image-preview":"max-image-preview:large","max-video-preview":"max-video-preview:-1"},"canonical":"https:\/\/snuipp86.fr\/index.php\/2018\/01\/10\/communiqu-intersyndical-pour-le-respect-des-droits-et-liberts-en-turquie\/","og_locale":"fr_FR","og_type":"article","og_title":"Communiqu\u00e9 intersyndical : Pour le respect des droits et libert\u00e9s en Turquie - FSU-SNUipp 86","og_description":"Communiqu\u00e9 de presse commun CFDT, CFE-CGC, CGT, FO, FSU, Solidaires et Unsa Paris, le 9 janvier 2018 Pour le respect des droits et libert\u00e9s en Turquie La conf\u00e9rence de presse qui a suivi la rencontre des chefs d'\u00c9tat fran\u00e7ais et turc a permis de mettre en lumi\u00e8re les manipulations de l'opinion publique par les d\u00e9tenteurs du pouvoir politique \u00e0 Ankara afin de parvenir \u00e0 l'instauration d'un r\u00e9gime autoritaire. Les purges et les licenciements massifs de salari\u00e9s et de (...) - L'ACTUALIT\u00c9","og_url":"https:\/\/snuipp86.fr\/index.php\/2018\/01\/10\/communiqu-intersyndical-pour-le-respect-des-droits-et-liberts-en-turquie\/","og_site_name":"FSU-SNUipp 86","article_published_time":"2018-01-10T09:36:00+00:00","og_image":[{"url":"http:\/\/snuipp86.fr\/wp-content\/spip\/IMG\/arton3636.jpg","type":"","width":"","height":""}],"author":"WP86Admin","twitter_card":"summary_large_image","twitter_misc":{"\u00c9crit par":"WP86Admin","Dur\u00e9e de lecture estim\u00e9e":"3 minutes"},"schema":{"@context":"https:\/\/schema.org","@graph":[{"@type":"WebPage","@id":"https:\/\/snuipp86.fr\/index.php\/2018\/01\/10\/communiqu-intersyndical-pour-le-respect-des-droits-et-liberts-en-turquie\/","url":"https:\/\/snuipp86.fr\/index.php\/2018\/01\/10\/communiqu-intersyndical-pour-le-respect-des-droits-et-liberts-en-turquie\/","name":"Communiqu\u00e9 intersyndical : Pour le respect des droits et libert\u00e9s en Turquie - FSU-SNUipp 86","isPartOf":{"@id":"https:\/\/snuipp86.fr\/#website"},"primaryImageOfPage":{"@id":"https:\/\/snuipp86.fr\/index.php\/2018\/01\/10\/communiqu-intersyndical-pour-le-respect-des-droits-et-liberts-en-turquie\/#primaryimage"},"image":{"@id":"https:\/\/snuipp86.fr\/index.php\/2018\/01\/10\/communiqu-intersyndical-pour-le-respect-des-droits-et-liberts-en-turquie\/#primaryimage"},"thumbnailUrl":"http:\/\/snuipp86.fr\/wp-content\/spip\/IMG\/arton3636.jpg","datePublished":"2018-01-10T09:36:00+00:00","author":{"@id":"https:\/\/snuipp86.fr\/#\/schema\/person\/901b28b9ae1c7a63a6a940102e52a7a2"},"breadcrumb":{"@id":"https:\/\/snuipp86.fr\/index.php\/2018\/01\/10\/communiqu-intersyndical-pour-le-respect-des-droits-et-liberts-en-turquie\/#breadcrumb"},"inLanguage":"fr-FR","potentialAction":[{"@type":"ReadAction","target":["https:\/\/snuipp86.fr\/index.php\/2018\/01\/10\/communiqu-intersyndical-pour-le-respect-des-droits-et-liberts-en-turquie\/"]}]},{"@type":"ImageObject","inLanguage":"fr-FR","@id":"https:\/\/snuipp86.fr\/index.php\/2018\/01\/10\/communiqu-intersyndical-pour-le-respect-des-droits-et-liberts-en-turquie\/#primaryimage","url":"http:\/\/snuipp86.fr\/wp-content\/spip\/IMG\/arton3636.jpg","contentUrl":"http:\/\/snuipp86.fr\/wp-content\/spip\/IMG\/arton3636.jpg"},{"@type":"BreadcrumbList","@id":"https:\/\/snuipp86.fr\/index.php\/2018\/01\/10\/communiqu-intersyndical-pour-le-respect-des-droits-et-liberts-en-turquie\/#breadcrumb","itemListElement":[{"@type":"ListItem","position":1,"name":"Accueil","item":"https:\/\/snuipp86.fr\/"},{"@type":"ListItem","position":2,"name":"Communiqu\u00e9 intersyndical : Pour le respect des droits et libert\u00e9s en Turquie"}]},{"@type":"WebSite","@id":"https:\/\/snuipp86.fr\/#website","url":"https:\/\/snuipp86.fr\/","name":"FSU-SNUipp 86","description":"Des id\u00e9es qui font l&#039;\u00e9cole","potentialAction":[{"@type":"SearchAction","target":{"@type":"EntryPoint","urlTemplate":"https:\/\/snuipp86.fr\/?s={search_term_string}"},"query-input":{"@type":"PropertyValueSpecification","valueRequired":true,"valueName":"search_term_string"}}],"inLanguage":"fr-FR"},{"@type":"Person","@id":"https:\/\/snuipp86.fr\/#\/schema\/person\/901b28b9ae1c7a63a6a940102e52a7a2","name":"WP86Admin","image":{"@type":"ImageObject","inLanguage":"fr-FR","@id":"https:\/\/snuipp86.fr\/#\/schema\/person\/image\/","url":"https:\/\/secure.gravatar.com\/avatar\/0099845c7ec05dc10d777d8ab4f5142c5ba316283821af2459738ad469a37a1a?s=96&d=mm&r=g","contentUrl":"https:\/\/secure.gravatar.com\/avatar\/0099845c7ec05dc10d777d8ab4f5142c5ba316283821af2459738ad469a37a1a?s=96&d=mm&r=g","caption":"WP86Admin"},"url":"https:\/\/snuipp86.fr\/index.php\/author\/wp86admin\/"}]}},"_links":{"self":[{"href":"https:\/\/snuipp86.fr\/index.php\/wp-json\/wp\/v2\/posts\/235","targetHints":{"allow":["GET"]}}],"collection":[{"href":"https:\/\/snuipp86.fr\/index.php\/wp-json\/wp\/v2\/posts"}],"about":[{"href":"https:\/\/snuipp86.fr\/index.php\/wp-json\/wp\/v2\/types\/post"}],"author":[{"embeddable":true,"href":"https:\/\/snuipp86.fr\/index.php\/wp-json\/wp\/v2\/users\/1"}],"replies":[{"embeddable":true,"href":"https:\/\/snuipp86.fr\/index.php\/wp-json\/wp\/v2\/comments?post=235"}],"version-history":[{"count":0,"href":"https:\/\/snuipp86.fr\/index.php\/wp-json\/wp\/v2\/posts\/235\/revisions"}],"wp:attachment":[{"href":"https:\/\/snuipp86.fr\/index.php\/wp-json\/wp\/v2\/media?parent=235"}],"wp:term":[{"taxonomy":"category","embeddable":true,"href":"https:\/\/snuipp86.fr\/index.php\/wp-json\/wp\/v2\/categories?post=235"},{"taxonomy":"post_tag","embeddable":true,"href":"https:\/\/snuipp86.fr\/index.php\/wp-json\/wp\/v2\/tags?post=235"}],"curies":[{"name":"wp","href":"https:\/\/api.w.org\/{rel}","templated":true}]}}