{"id":23531,"date":"2023-05-28T16:58:51","date_gmt":"2023-05-28T14:58:51","guid":{"rendered":"http:\/\/snuipp86.fr\/?p=23531"},"modified":"2023-05-29T15:51:19","modified_gmt":"2023-05-29T13:51:19","slug":"reforme-des-retraites-mobilisations-actions","status":"publish","type":"post","link":"https:\/\/snuipp86.fr\/index.php\/2023\/05\/28\/reforme-des-retraites-mobilisations-actions\/","title":{"rendered":"R\u00e9forme des retraites : mobilisations, actions&#8230; en cours"},"content":{"rendered":"<div><span style=\"color: #800080;\">Maj 29\/5\/23<\/span><\/div>\n<div><\/div>\n<div>\n<p style=\"text-align: center;\"><img decoding=\"async\" class=\"alignnone size-medium wp-image-23371 aligncenter\" src=\"https:\/\/snuipp86.fr\/wp-content\/uploads\/2023\/01\/bien_vivre-sa-retraite-300x200.png\" alt=\"\" width=\"300\" height=\"200\" srcset=\"https:\/\/snuipp86.fr\/wp-content\/uploads\/2023\/01\/bien_vivre-sa-retraite-200x133.png 200w, https:\/\/snuipp86.fr\/wp-content\/uploads\/2023\/01\/bien_vivre-sa-retraite-300x200.png 300w, https:\/\/snuipp86.fr\/wp-content\/uploads\/2023\/01\/bien_vivre-sa-retraite-400x267.png 400w, https:\/\/snuipp86.fr\/wp-content\/uploads\/2023\/01\/bien_vivre-sa-retraite-600x400.png 600w, https:\/\/snuipp86.fr\/wp-content\/uploads\/2023\/01\/bien_vivre-sa-retraite-768x512.png 768w, https:\/\/snuipp86.fr\/wp-content\/uploads\/2023\/01\/bien_vivre-sa-retraite-800x533.png 800w, https:\/\/snuipp86.fr\/wp-content\/uploads\/2023\/01\/bien_vivre-sa-retraite-1024x683.png 1024w, https:\/\/snuipp86.fr\/wp-content\/uploads\/2023\/01\/bien_vivre-sa-retraite-1200x800.png 1200w, https:\/\/snuipp86.fr\/wp-content\/uploads\/2023\/01\/bien_vivre-sa-retraite-1320x880.png 1320w, https:\/\/snuipp86.fr\/wp-content\/uploads\/2023\/01\/bien_vivre-sa-retraite-1536x1024.png 1536w, https:\/\/snuipp86.fr\/wp-content\/uploads\/2023\/01\/bien_vivre-sa-retraite.png 1920w\" sizes=\"(max-width: 300px) 100vw, 300px\" \/><\/p>\n<\/div>\n<p>&nbsp;<\/p>\n<h1><span style=\"color: #ff0000;\">Mobilisations\u00a0<\/span><\/h1>\n<h2><span style=\"color: #800080;\"><strong>Actions de blocage<\/strong><\/span><\/h2>\n<p>En plus des mobilisations intersyndicales, des \u00e9v\u00e8nements ponctuels sur la Vienne ont lieu. Vous pouvez retrouver :<\/p>\n<ul>\n<li>les infos diffus\u00e9es par la CGT 86 sur ce fil Whatsapp : <a href=\"https:\/\/chat.whatsapp.com\/CEbYIRo7wiXHuDAqxaWEsa\">https:\/\/chat.whatsapp.com\/CEbYIRo7wiXHuDAqxaWEsa<\/a><\/li>\n<li>les infos diffus\u00e9es par Solidaires sur ce QR code<\/li>\n<\/ul>\n<p><img decoding=\"async\" class=\"alignnone wp-image-23930\" src=\"https:\/\/snuipp86.fr\/wp-content\/uploads\/2023\/03\/lash-code-solidaire-1-300x295.jpg\" alt=\"\" width=\"262\" height=\"258\" srcset=\"https:\/\/snuipp86.fr\/wp-content\/uploads\/2023\/03\/lash-code-solidaire-1-66x66.jpg 66w, https:\/\/snuipp86.fr\/wp-content\/uploads\/2023\/03\/lash-code-solidaire-1-200x196.jpg 200w, https:\/\/snuipp86.fr\/wp-content\/uploads\/2023\/03\/lash-code-solidaire-1-300x295.jpg 300w, https:\/\/snuipp86.fr\/wp-content\/uploads\/2023\/03\/lash-code-solidaire-1-400x393.jpg 400w, https:\/\/snuipp86.fr\/wp-content\/uploads\/2023\/03\/lash-code-solidaire-1-600x589.jpg 600w, https:\/\/snuipp86.fr\/wp-content\/uploads\/2023\/03\/lash-code-solidaire-1-768x754.jpg 768w, https:\/\/snuipp86.fr\/wp-content\/uploads\/2023\/03\/lash-code-solidaire-1.jpg 786w\" sizes=\"(max-width: 262px) 100vw, 262px\" \/><\/p>\n<h2><span style=\"color: #800080;\">Manifestations<\/span><\/h2>\n<h3>31 mai<\/h3>\n<p>R\u00e9forme des retraites, \u00ab Pacte \u00e9coles, coll\u00e8ges, lyc\u00e9es g\u00e9n\u00e9raux, technologiques et professionnels \u00bb :<\/p>\n<p>Rassemblement le mercredi 31 mai \u00e0 14h30\u00a0devant le Rectorat de Poitiers<\/p>\n<p><a href=\"https:\/\/fsu86.fsu.fr\/non-cest-non-rassemblement-le-mercredi-31-mai-a-14h30\/\">https:\/\/fsu86.fsu.fr\/non-cest-non-rassemblement-le-mercredi-31-mai-a-14h30\/<\/a><\/p>\n<p>&nbsp;<\/p>\n<div class=\"x11i5rnm xat24cr x1mh8g0r x1vvkbs xtlvy1s x126k92a\">\n<h3 dir=\"auto\"><strong>6 juin<\/strong><\/h3>\n<p>&nbsp;<\/p>\n<\/div>\n<div class=\"video-shortcode\">\n<blockquote class=\"wp-embedded-content\" data-secret=\"YfhGq3i5E0\"><p><a href=\"https:\/\/snuipp86.fr\/index.php\/2023\/05\/29\/6-juin-greve-et-manifestation\/\">6 juin : gr\u00e8ve et manifestation<\/a><\/p><\/blockquote>\n<p><iframe class=\"wp-embedded-content\" sandbox=\"allow-scripts\" security=\"restricted\" style=\"position: absolute; clip: rect(1px, 1px, 1px, 1px);\" title=\"\u00ab\u00a06 juin : gr\u00e8ve et manifestation\u00a0\u00bb &#8212; SNUipp-FSU 86\" src=\"https:\/\/snuipp86.fr\/index.php\/2023\/05\/29\/6-juin-greve-et-manifestation\/embed\/#?secret=meuXX2lD35#?secret=YfhGq3i5E0\" data-secret=\"YfhGq3i5E0\" width=\"600\" height=\"338\" frameborder=\"0\" marginwidth=\"0\" marginheight=\"0\" scrolling=\"no\"><\/iframe><\/div>\n<p>&nbsp;<\/p>\n<h1><span style=\"color: #ff0000;\">Caisse de gr\u00e8ve<\/span><\/h1>\n<p><img decoding=\"async\" class=\"size-medium wp-image-23564 alignleft\" src=\"https:\/\/snuipp86.fr\/wp-content\/uploads\/2023\/02\/327004833_765711301170843_6743224338612764197_n-300x300.jpg\" alt=\"\" width=\"300\" height=\"300\" srcset=\"https:\/\/snuipp86.fr\/wp-content\/uploads\/2023\/02\/327004833_765711301170843_6743224338612764197_n-66x66.jpg 66w, https:\/\/snuipp86.fr\/wp-content\/uploads\/2023\/02\/327004833_765711301170843_6743224338612764197_n-150x150.jpg 150w, https:\/\/snuipp86.fr\/wp-content\/uploads\/2023\/02\/327004833_765711301170843_6743224338612764197_n-200x200.jpg 200w, https:\/\/snuipp86.fr\/wp-content\/uploads\/2023\/02\/327004833_765711301170843_6743224338612764197_n-300x300.jpg 300w, https:\/\/snuipp86.fr\/wp-content\/uploads\/2023\/02\/327004833_765711301170843_6743224338612764197_n-400x400.jpg 400w, https:\/\/snuipp86.fr\/wp-content\/uploads\/2023\/02\/327004833_765711301170843_6743224338612764197_n-600x600.jpg 600w, https:\/\/snuipp86.fr\/wp-content\/uploads\/2023\/02\/327004833_765711301170843_6743224338612764197_n-768x768.jpg 768w, https:\/\/snuipp86.fr\/wp-content\/uploads\/2023\/02\/327004833_765711301170843_6743224338612764197_n-800x800.jpg 800w, https:\/\/snuipp86.fr\/wp-content\/uploads\/2023\/02\/327004833_765711301170843_6743224338612764197_n.jpg 960w\" sizes=\"(max-width: 300px) 100vw, 300px\" \/><\/p>\n<p>La caisse de gr\u00e8ve est ouverte, tu as la possibilit\u00e9 de faire des dons par ch\u00e8que, virement (demander l\u2019IBAN par mail, indiquer \u00ab caisse de gr\u00e8ve dans l\u2019intitul\u00e9 du virement \u00bb), ou cagnotte en ligne<\/p>\n<p>(<a href=\"https:\/\/www.helloasso.com\/associations\/federation-syndicale-unitaire-de-la-vienne\/formulaires\/1\" target=\"_blank\" rel=\"noopener\">https:\/\/www.helloasso.com\/associations\/federation-syndicale-unitaire-de-la-vienne\/formulaires\/1<\/a>)<\/p>\n<p><em>La caisse de gr\u00e8ve sera sollicitable par les seul-es syndiqu\u00e9-es de la FSU aupr\u00e8s de leur syndicat national dans un second temps.<\/em><\/p>\n<p>&nbsp;<\/p>\n<p>&nbsp;<\/p>\n<p>&nbsp;<\/p>\n<p>&nbsp;<\/p>\n","protected":false},"excerpt":{"rendered":"<p>Maj 29\/5\/23 &nbsp; Mobilisations\u00a0 Actions de blocage En plus des mobilisations intersyndicales, des \u00e9v\u00e8nements ponctuels sur la Vienne ont lieu. Vous pouvez retrouver : les infos diffus\u00e9es par la CGT 86 sur ce fil Whatsapp : https:\/\/chat.whatsapp.com\/CEbYIRo7wiXHuDAqxaWEsa les infos diffus\u00e9es par Solidaires sur ce QR code Manifestations 31 mai R\u00e9forme des retraites, \u00ab Pacte \u00e9coles, coll\u00e8ges, [&hellip;]<\/p>\n","protected":false},"author":4,"featured_media":23534,"comment_status":"closed","ping_status":"closed","sticky":false,"template":"","format":"standard","meta":{"footnotes":""},"categories":[14],"tags":[23,11],"class_list":["post-23531","post","type-post","status-publish","format-standard","has-post-thumbnail","hentry","category-a-la-une","tag-mobilisations","tag-retraite"],"yoast_head":"<!-- This site is optimized with the Yoast SEO plugin v26.6 - https:\/\/yoast.com\/wordpress\/plugins\/seo\/ -->\n<title>R\u00e9forme des retraites : mobilisations, actions... en cours - FSU-SNUipp 86<\/title>\n<meta name=\"robots\" content=\"index, follow, max-snippet:-1, max-image-preview:large, max-video-preview:-1\" \/>\n<link rel=\"canonical\" href=\"https:\/\/snuipp86.fr\/index.php\/2023\/05\/28\/reforme-des-retraites-mobilisations-actions\/\" \/>\n<meta property=\"og:locale\" content=\"fr_FR\" \/>\n<meta property=\"og:type\" content=\"article\" \/>\n<meta property=\"og:title\" content=\"R\u00e9forme des retraites : mobilisations, actions... en cours - FSU-SNUipp 86\" \/>\n<meta property=\"og:description\" content=\"Maj 29\/5\/23 &nbsp; Mobilisations\u00a0 Actions de blocage En plus des mobilisations intersyndicales, des \u00e9v\u00e8nements ponctuels sur la Vienne ont lieu. Vous pouvez retrouver : les infos diffus\u00e9es par la CGT 86 sur ce fil Whatsapp : https:\/\/chat.whatsapp.com\/CEbYIRo7wiXHuDAqxaWEsa les infos diffus\u00e9es par Solidaires sur ce QR code Manifestations 31 mai R\u00e9forme des retraites, \u00ab Pacte \u00e9coles, coll\u00e8ges, [&hellip;]\" \/>\n<meta property=\"og:url\" content=\"https:\/\/snuipp86.fr\/index.php\/2023\/05\/28\/reforme-des-retraites-mobilisations-actions\/\" \/>\n<meta property=\"og:site_name\" content=\"FSU-SNUipp 86\" \/>\n<meta property=\"article:published_time\" content=\"2023-05-28T14:58:51+00:00\" \/>\n<meta property=\"article:modified_time\" content=\"2023-05-29T13:51:19+00:00\" \/>\n<meta property=\"og:image\" content=\"https:\/\/snuipp86.fr\/wp-content\/uploads\/2023\/02\/haut-parleur-reforme-retraite-scaled-1.jpg\" \/>\n\t<meta property=\"og:image:width\" content=\"2560\" \/>\n\t<meta property=\"og:image:height\" content=\"779\" \/>\n\t<meta property=\"og:image:type\" content=\"image\/jpeg\" \/>\n<meta name=\"author\" content=\"Matthieu Menaut\" \/>\n<meta name=\"twitter:card\" content=\"summary_large_image\" \/>\n<meta name=\"twitter:label1\" content=\"\u00c9crit par\" \/>\n\t<meta name=\"twitter:data1\" content=\"Matthieu Menaut\" \/>\n\t<meta name=\"twitter:label2\" content=\"Dur\u00e9e de lecture estim\u00e9e\" \/>\n\t<meta name=\"twitter:data2\" content=\"2 minutes\" \/>\n<script type=\"application\/ld+json\" class=\"yoast-schema-graph\">{\"@context\":\"https:\/\/schema.org\",\"@graph\":[{\"@type\":\"WebPage\",\"@id\":\"https:\/\/snuipp86.fr\/index.php\/2023\/05\/28\/reforme-des-retraites-mobilisations-actions\/\",\"url\":\"https:\/\/snuipp86.fr\/index.php\/2023\/05\/28\/reforme-des-retraites-mobilisations-actions\/\",\"name\":\"R\u00e9forme des retraites : mobilisations, actions... en cours - FSU-SNUipp 86\",\"isPartOf\":{\"@id\":\"https:\/\/snuipp86.fr\/#website\"},\"primaryImageOfPage\":{\"@id\":\"https:\/\/snuipp86.fr\/index.php\/2023\/05\/28\/reforme-des-retraites-mobilisations-actions\/#primaryimage\"},\"image\":{\"@id\":\"https:\/\/snuipp86.fr\/index.php\/2023\/05\/28\/reforme-des-retraites-mobilisations-actions\/#primaryimage\"},\"thumbnailUrl\":\"https:\/\/snuipp86.fr\/wp-content\/uploads\/2023\/02\/haut-parleur-reforme-retraite-scaled-1.jpg\",\"datePublished\":\"2023-05-28T14:58:51+00:00\",\"dateModified\":\"2023-05-29T13:51:19+00:00\",\"author\":{\"@id\":\"https:\/\/snuipp86.fr\/#\/schema\/person\/5a96b33672b90a1385fd0b096fd5ebcb\"},\"breadcrumb\":{\"@id\":\"https:\/\/snuipp86.fr\/index.php\/2023\/05\/28\/reforme-des-retraites-mobilisations-actions\/#breadcrumb\"},\"inLanguage\":\"fr-FR\",\"potentialAction\":[{\"@type\":\"ReadAction\",\"target\":[\"https:\/\/snuipp86.fr\/index.php\/2023\/05\/28\/reforme-des-retraites-mobilisations-actions\/\"]}]},{\"@type\":\"ImageObject\",\"inLanguage\":\"fr-FR\",\"@id\":\"https:\/\/snuipp86.fr\/index.php\/2023\/05\/28\/reforme-des-retraites-mobilisations-actions\/#primaryimage\",\"url\":\"https:\/\/snuipp86.fr\/wp-content\/uploads\/2023\/02\/haut-parleur-reforme-retraite-scaled-1.jpg\",\"contentUrl\":\"https:\/\/snuipp86.fr\/wp-content\/uploads\/2023\/02\/haut-parleur-reforme-retraite-scaled-1.jpg\",\"width\":2560,\"height\":779},{\"@type\":\"BreadcrumbList\",\"@id\":\"https:\/\/snuipp86.fr\/index.php\/2023\/05\/28\/reforme-des-retraites-mobilisations-actions\/#breadcrumb\",\"itemListElement\":[{\"@type\":\"ListItem\",\"position\":1,\"name\":\"Accueil\",\"item\":\"https:\/\/snuipp86.fr\/\"},{\"@type\":\"ListItem\",\"position\":2,\"name\":\"R\u00e9forme des retraites : mobilisations, actions&#8230; en cours\"}]},{\"@type\":\"WebSite\",\"@id\":\"https:\/\/snuipp86.fr\/#website\",\"url\":\"https:\/\/snuipp86.fr\/\",\"name\":\"FSU-SNUipp 86\",\"description\":\"Des id\u00e9es qui font l&#039;\u00e9cole\",\"potentialAction\":[{\"@type\":\"SearchAction\",\"target\":{\"@type\":\"EntryPoint\",\"urlTemplate\":\"https:\/\/snuipp86.fr\/?s={search_term_string}\"},\"query-input\":{\"@type\":\"PropertyValueSpecification\",\"valueRequired\":true,\"valueName\":\"search_term_string\"}}],\"inLanguage\":\"fr-FR\"},{\"@type\":\"Person\",\"@id\":\"https:\/\/snuipp86.fr\/#\/schema\/person\/5a96b33672b90a1385fd0b096fd5ebcb\",\"name\":\"Matthieu Menaut\",\"image\":{\"@type\":\"ImageObject\",\"inLanguage\":\"fr-FR\",\"@id\":\"https:\/\/snuipp86.fr\/#\/schema\/person\/image\/\",\"url\":\"https:\/\/secure.gravatar.com\/avatar\/03e70f897b03256ddca91d16c3e33a876c31abbf1b31cb48e60e770f684a04d1?s=96&d=mm&r=g\",\"contentUrl\":\"https:\/\/secure.gravatar.com\/avatar\/03e70f897b03256ddca91d16c3e33a876c31abbf1b31cb48e60e770f684a04d1?s=96&d=mm&r=g\",\"caption\":\"Matthieu Menaut\"},\"url\":\"https:\/\/snuipp86.fr\/index.php\/author\/mmenaut\/\"}]}<\/script>\n<!-- \/ Yoast SEO plugin. -->","yoast_head_json":{"title":"R\u00e9forme des retraites : mobilisations, actions... en cours - FSU-SNUipp 86","robots":{"index":"index","follow":"follow","max-snippet":"max-snippet:-1","max-image-preview":"max-image-preview:large","max-video-preview":"max-video-preview:-1"},"canonical":"https:\/\/snuipp86.fr\/index.php\/2023\/05\/28\/reforme-des-retraites-mobilisations-actions\/","og_locale":"fr_FR","og_type":"article","og_title":"R\u00e9forme des retraites : mobilisations, actions... en cours - FSU-SNUipp 86","og_description":"Maj 29\/5\/23 &nbsp; Mobilisations\u00a0 Actions de blocage En plus des mobilisations intersyndicales, des \u00e9v\u00e8nements ponctuels sur la Vienne ont lieu. Vous pouvez retrouver : les infos diffus\u00e9es par la CGT 86 sur ce fil Whatsapp : https:\/\/chat.whatsapp.com\/CEbYIRo7wiXHuDAqxaWEsa les infos diffus\u00e9es par Solidaires sur ce QR code Manifestations 31 mai R\u00e9forme des retraites, \u00ab Pacte \u00e9coles, coll\u00e8ges, [&hellip;]","og_url":"https:\/\/snuipp86.fr\/index.php\/2023\/05\/28\/reforme-des-retraites-mobilisations-actions\/","og_site_name":"FSU-SNUipp 86","article_published_time":"2023-05-28T14:58:51+00:00","article_modified_time":"2023-05-29T13:51:19+00:00","og_image":[{"width":2560,"height":779,"url":"https:\/\/snuipp86.fr\/wp-content\/uploads\/2023\/02\/haut-parleur-reforme-retraite-scaled-1.jpg","type":"image\/jpeg"}],"author":"Matthieu Menaut","twitter_card":"summary_large_image","twitter_misc":{"\u00c9crit par":"Matthieu Menaut","Dur\u00e9e de lecture estim\u00e9e":"2 minutes"},"schema":{"@context":"https:\/\/schema.org","@graph":[{"@type":"WebPage","@id":"https:\/\/snuipp86.fr\/index.php\/2023\/05\/28\/reforme-des-retraites-mobilisations-actions\/","url":"https:\/\/snuipp86.fr\/index.php\/2023\/05\/28\/reforme-des-retraites-mobilisations-actions\/","name":"R\u00e9forme des retraites : mobilisations, actions... en cours - FSU-SNUipp 86","isPartOf":{"@id":"https:\/\/snuipp86.fr\/#website"},"primaryImageOfPage":{"@id":"https:\/\/snuipp86.fr\/index.php\/2023\/05\/28\/reforme-des-retraites-mobilisations-actions\/#primaryimage"},"image":{"@id":"https:\/\/snuipp86.fr\/index.php\/2023\/05\/28\/reforme-des-retraites-mobilisations-actions\/#primaryimage"},"thumbnailUrl":"https:\/\/snuipp86.fr\/wp-content\/uploads\/2023\/02\/haut-parleur-reforme-retraite-scaled-1.jpg","datePublished":"2023-05-28T14:58:51+00:00","dateModified":"2023-05-29T13:51:19+00:00","author":{"@id":"https:\/\/snuipp86.fr\/#\/schema\/person\/5a96b33672b90a1385fd0b096fd5ebcb"},"breadcrumb":{"@id":"https:\/\/snuipp86.fr\/index.php\/2023\/05\/28\/reforme-des-retraites-mobilisations-actions\/#breadcrumb"},"inLanguage":"fr-FR","potentialAction":[{"@type":"ReadAction","target":["https:\/\/snuipp86.fr\/index.php\/2023\/05\/28\/reforme-des-retraites-mobilisations-actions\/"]}]},{"@type":"ImageObject","inLanguage":"fr-FR","@id":"https:\/\/snuipp86.fr\/index.php\/2023\/05\/28\/reforme-des-retraites-mobilisations-actions\/#primaryimage","url":"https:\/\/snuipp86.fr\/wp-content\/uploads\/2023\/02\/haut-parleur-reforme-retraite-scaled-1.jpg","contentUrl":"https:\/\/snuipp86.fr\/wp-content\/uploads\/2023\/02\/haut-parleur-reforme-retraite-scaled-1.jpg","width":2560,"height":779},{"@type":"BreadcrumbList","@id":"https:\/\/snuipp86.fr\/index.php\/2023\/05\/28\/reforme-des-retraites-mobilisations-actions\/#breadcrumb","itemListElement":[{"@type":"ListItem","position":1,"name":"Accueil","item":"https:\/\/snuipp86.fr\/"},{"@type":"ListItem","position":2,"name":"R\u00e9forme des retraites : mobilisations, actions&#8230; en cours"}]},{"@type":"WebSite","@id":"https:\/\/snuipp86.fr\/#website","url":"https:\/\/snuipp86.fr\/","name":"FSU-SNUipp 86","description":"Des id\u00e9es qui font l&#039;\u00e9cole","potentialAction":[{"@type":"SearchAction","target":{"@type":"EntryPoint","urlTemplate":"https:\/\/snuipp86.fr\/?s={search_term_string}"},"query-input":{"@type":"PropertyValueSpecification","valueRequired":true,"valueName":"search_term_string"}}],"inLanguage":"fr-FR"},{"@type":"Person","@id":"https:\/\/snuipp86.fr\/#\/schema\/person\/5a96b33672b90a1385fd0b096fd5ebcb","name":"Matthieu Menaut","image":{"@type":"ImageObject","inLanguage":"fr-FR","@id":"https:\/\/snuipp86.fr\/#\/schema\/person\/image\/","url":"https:\/\/secure.gravatar.com\/avatar\/03e70f897b03256ddca91d16c3e33a876c31abbf1b31cb48e60e770f684a04d1?s=96&d=mm&r=g","contentUrl":"https:\/\/secure.gravatar.com\/avatar\/03e70f897b03256ddca91d16c3e33a876c31abbf1b31cb48e60e770f684a04d1?s=96&d=mm&r=g","caption":"Matthieu Menaut"},"url":"https:\/\/snuipp86.fr\/index.php\/author\/mmenaut\/"}]}},"_links":{"self":[{"href":"https:\/\/snuipp86.fr\/index.php\/wp-json\/wp\/v2\/posts\/23531","targetHints":{"allow":["GET"]}}],"collection":[{"href":"https:\/\/snuipp86.fr\/index.php\/wp-json\/wp\/v2\/posts"}],"about":[{"href":"https:\/\/snuipp86.fr\/index.php\/wp-json\/wp\/v2\/types\/post"}],"author":[{"embeddable":true,"href":"https:\/\/snuipp86.fr\/index.php\/wp-json\/wp\/v2\/users\/4"}],"replies":[{"embeddable":true,"href":"https:\/\/snuipp86.fr\/index.php\/wp-json\/wp\/v2\/comments?post=23531"}],"version-history":[{"count":0,"href":"https:\/\/snuipp86.fr\/index.php\/wp-json\/wp\/v2\/posts\/23531\/revisions"}],"wp:featuredmedia":[{"embeddable":true,"href":"https:\/\/snuipp86.fr\/index.php\/wp-json\/wp\/v2\/media\/23534"}],"wp:attachment":[{"href":"https:\/\/snuipp86.fr\/index.php\/wp-json\/wp\/v2\/media?parent=23531"}],"wp:term":[{"taxonomy":"category","embeddable":true,"href":"https:\/\/snuipp86.fr\/index.php\/wp-json\/wp\/v2\/categories?post=23531"},{"taxonomy":"post_tag","embeddable":true,"href":"https:\/\/snuipp86.fr\/index.php\/wp-json\/wp\/v2\/tags?post=23531"}],"curies":[{"name":"wp","href":"https:\/\/api.w.org\/{rel}","templated":true}]}}