{"id":238,"date":"2017-12-24T08:30:00","date_gmt":"2017-12-24T08:30:00","guid":{"rendered":"http:\/\/localhost\/wordpress\/2017\/12\/24\/stage-mercredi-24-janvier-hlne-romano-poitiers-inscrivez-vous\/"},"modified":"2017-12-24T08:30:00","modified_gmt":"2017-12-24T08:30:00","slug":"stage-mercredi-24-janvier-hlne-romano-poitiers-inscrivez-vous","status":"publish","type":"post","link":"https:\/\/snuipp86.fr\/index.php\/2017\/12\/24\/stage-mercredi-24-janvier-hlne-romano-poitiers-inscrivez-vous\/","title":{"rendered":"Stage Mercredi 24 janvier : H\u00e9l\u00e8ne Romano \u00e0 Poitiers ! Inscrivez-vous !"},"content":{"rendered":"<p><img decoding=\"async\" src=\"https:\/\/snuipp86.fr\/wp-content\/spip\/IMG\/arton3544.jpg\" alt=\"\" align=\"right\" width=\"929\" height=\"719\" class=\"spip_logos\" \/><\/p>\n<div class='rss_texte'>\n<p class=\"spip\">Le SNUipp-FSU 86 organise<\/p>\n<h3 class=\"spip\" id=\"outil_sommaire_0\"><a title=\"Sommaire\" href=\"http:\/\/86.snuipp.fr\/spip.php?page=backend&#038;id_rubrique=#outil_sommaire\" class=\"sommaire_ancre\"> <\/a>le Mercredi 24 janvier de 9h \u00e0 12h \u00e0 l&rsquo;amphith\u00e9\u00e2tre de l&rsquo;ESPE de Poitiers<\/h3>\n<p class=\"spip\">Avec la pr\u00e9sence exceptionnelle d&rsquo;H\u00e9l\u00e8ne Romano,<\/p>\n<p class=\"spip\">un stage sur \u00a0\u00bb La gestion des \u00e9v\u00e8nements traumatiques \u00e0 l&rsquo;\u00e9cole \u00a0\u00bb<br \/>\n(accident, mort violente suite \u00e0 un probl\u00e8me m\u00e9dical connu ou non, accident de la voie publique, agression, harc\u00e8lement, viol, suicide, attentat)<\/p>\n<p class=\"spip\"><strong class=\"spip\">Objectif<\/strong> : Acqu\u00e9rir les connaissances et les comp\u00e9tences pour intervenir, dans le cadre de notre fonction, dans de telles situations &#8211; Comprendre les r\u00e9actions des enfants selon l&rsquo;\u00e2ge, l&rsquo;\u00e9v\u00e8nement ? Quelles sont les r\u00e9actions adapt\u00e9es en imm\u00e9diat, en diff\u00e9r\u00e9 ? Comment se situer par rapport aux professionnels form\u00e9s ? Savoir mettre en place les demandes minist\u00e9rielles telles que la minute de silence, les exercices anti-agression &#8230;<\/p>\n<h3 class=\"spip\" id=\"outil_sommaire_1\"><a title=\"Sommaire\" href=\"http:\/\/86.snuipp.fr\/spip.php?page=backend&#038;id_rubrique=#outil_sommaire\" class=\"sommaire_ancre\"> <\/a><strong class=\"spip\">Qui est H\u00e9l\u00e8ne Romano ?<\/strong><\/h3>\n<dl class='spip_document_2938 spip_documents spip_documents_center' >\n<dt><img src='https:\/\/snuipp86.fr\/wp-content\/spip\/IMG\/jpg\/helene-romano-01.jpg' width='520' height='403' alt='JPEG - 94.8 ko' style='height:403px;width:520px;' class='' \/><\/dt>\n<dt class='spip_doc_titre' style='width:350px;'><strong>helene-romano-01<\/strong><\/dt>\n<\/dl>\n<p class=\"spip\">Dr en psychopathologie-HDR depuis 25 ans, psychoth\u00e9rapeute sp\u00e9cialis\u00e9e dans la prise en charge des bless\u00e9s psychiques, expert pr\u00e8s les tribunaux, dipl\u00f4m\u00e9e en victimologie et en criminologie, chercheur et formatrice en particulier en milieu scolaire. Elle a form\u00e9 de nombreuses cellules de crise (Acad\u00e9mie de Versailles, de Paris, de Cr\u00e9teil, de Seine-Saint-Denis, de Bordeaux, d&rsquo;Agen, Lot-et-Garonne, Ain\u2026) Son approche est pragmatique, centr\u00e9e sur les difficult\u00e9s du quotidien rencontr\u00e9es par les professionnels de terrain. Elle est l&rsquo;auteur de plus de 300 articles \u00e0 ce sujet et d&rsquo;une vingtaine d&rsquo;ouvrages d\u00e9di\u00e9s \u00e0 cette probl\u00e9matique. http:\/\/www.helene-romano.fr\/livres\/<\/p>\n<h3 class=\"spip\" id=\"outil_sommaire_2\"><a title=\"Sommaire\" href=\"http:\/\/86.snuipp.fr\/spip.php?page=backend&#038;id_rubrique=#outil_sommaire\" class=\"sommaire_ancre\"> <\/a>Qui peut participer ?<\/h3>\n<p class=\"spip\">Ouvert \u00e0 tous et toutes, syndiqu\u00e9-e-s et non syndiqu\u00e9s, actifs et retrait\u00e9s, stagiaires et titulaires<\/p>\n<p class=\"spip\">Vous pouvez participer \u00e0 ce stage m\u00eame si pr\u00e9c\u00e9demment vous en avez d\u00e9j\u00e0 effectu\u00e9 ou si vous avez assist\u00e9 \u00e0 une r\u00e9union d&rsquo;info syndicale sur le temps de classe.<\/p>\n<p class=\"spip\"><strong class=\"spip\">Attention : une \u00e9cole ne peut pas \u00eatre ferm\u00e9e !<\/strong> Donc si vous \u00eates plusieurs de l&rsquo;\u00e9cole, contactez votre IEN en amont pour \u00e9changer sur la prise en charge des \u00e9l\u00e8ves. Le SNUipp-FSU 86 a rencontr\u00e9 l&rsquo;IA en octobre sur ce sujet notamment, nous avons redit que les IEN ne pouvaient bloquer\/mettre la pression sur les \u00e9quipes. Lors de l&rsquo;\u00e9change, le rep\u00e8re de 50% max des enseignant-e-s d&rsquo;une \u00e9cole a \u00e9t\u00e9 \u00e9voqu\u00e9. Pour les \u00a0\u00bb petites \u00a0\u00bb structures ( 1, 2 et 3cl), les rempla\u00e7ant-e-s disponibles seront prioritairement affect\u00e9es. Nous avons dit aussi que les enseignant-e-s des \u00e9coles diraient \u00e0 l&rsquo;oral \u00ab\u00a0de ne pas amener les \u00e9l\u00e8ves \u00e0 l&rsquo;\u00e9cole\u00a0\u00bb pour les familles qui peuvent et que serait distribu\u00e9 un mot moins explicite du style :<\/p>\n<p class=\"spip\"><i class=\"spip\">Chers parents,<br \/>\nL&rsquo;enseignant-e de la classe de votre enfant sera absente le mercredi 24 janvier car en stage sur la gestion des \u00e9v\u00e8nements traumatiques \u00e0 l&rsquo;\u00e9cole. Nous ne sommes pas en mesure de savoir si un remplacement aura lieu. Cordialement<\/i><\/p>\n<h3 class=\"spip\" id=\"outil_sommaire_3\"><a title=\"Sommaire\" href=\"http:\/\/86.snuipp.fr\/spip.php?page=backend&#038;id_rubrique=#outil_sommaire\" class=\"sommaire_ancre\"> <\/a>Comment participer ?<\/h3>\n<p class=\"spip\">Les stages syndicaux sont un droit. Si vous \u00eates en fonction mercredi 24 janvier, <strong class=\"spip\">vous devez informer votre IEN au moins 1 mois avant, donc avant le 24 d\u00e9cembre.<\/strong><\/p>\n<p class=\"spip\">2 \u00e9tapes :<br \/>\n<br \/><img decoding=\"async\" src=\"https:\/\/snuipp86.fr\/wp-content\/spip\/cache-vignettes\/L8xH11\/puce-68c92.gif\" width='8' height='11' alt=\"-\" style='height:11px;width:8px;' class='' \/> 1 envoyer un mail \u00e0 snu86@snuipp.fr en pr\u00e9cisant<\/p>\n<ul class=\"spip\">\n<li class=\"spip\"> Nom et pr\u00e9nom :<\/li>\n<li class=\"spip\"> Mail<\/li>\n<\/ul>\n<p class=\"spip\"><img decoding=\"async\" src=\"https:\/\/snuipp86.fr\/wp-content\/spip\/cache-vignettes\/L8xH11\/puce-68c92.gif\" width='8' height='11' alt=\"-\" style='height:11px;width:8px;' class='' \/> 2 Nous vous enverrons une convocation ( tant qu&rsquo;il reste de la place !) que vous transmettrez avec la demande d&rsquo;autorisation d&rsquo;absence en pi\u00e8ce jointe \u00e0 votre circonscription avant le 24 d\u00e9cembre<\/p>\n<dl class='spip_document_2940 spip_documents spip_documents_center' >\n<dt><a href=\"https:\/\/snuipp86.fr\/wp-content\/spip\/IMG\/pdf\/Imprime_Demande_d_autorisation_absence_1er_Degre-3.pdf\" title='PDF - 93.7 ko' type=\"application\/pdf\"><img src='https:\/\/snuipp86.fr\/wp-content\/spip\/cache-vignettes\/L52xH52\/pdf-d7486.png' width='52' height='52' alt='PDF - 93.7 ko' style='height:52px;width:52px;' class=' format_png' \/><\/a><\/dt>\n<dt class='spip_doc_titre' style='width:120px;'><strong>Imprim\u00e9 Demande d&rsquo;autorisation absence 1er Degr\u00e9<\/strong><\/dt>\n<\/dl>\n<\/div>\n","protected":false},"excerpt":{"rendered":"<p>Le SNUipp-FSU 86 organise le Mercredi 24 janvier de 9h \u00e0 12h \u00e0 l&rsquo;amphith\u00e9\u00e2tre de l&rsquo;ESPE de Poitiers <br \/>Avec la pr\u00e9sence exceptionnelle d&rsquo;H\u00e9l\u00e8ne Romano, <br \/>un stage sur \u00a0\u00bb La gestion des \u00e9v\u00e8nements traumatiques \u00e0 l&rsquo;\u00e9cole \u00a0\u00bb (accident, mort violente suite \u00e0 un probl\u00e8me m\u00e9dical connu ou non, accident de la voie publique, agression, harc\u00e8lement, viol, suicide, attentat) <br \/>Objectif : Acqu\u00e9rir les connaissances et les comp\u00e9tences pour intervenir, dans le cadre de notre fonction, dans de telles (&#8230;)<br \/>\n&#8211;<br \/>\n<a href=\"http:\/\/86.snuipp.fr\/spip.php?rubrique212\" rel=\"directory\">FORMATION<\/a><br \/>\n\/<br \/>\n<a href=\"http:\/\/86.snuipp.fr\/spip.php?mot289\" rel=\"tag\">Formation<\/a><\/p>\n","protected":false},"author":1,"featured_media":0,"comment_status":"open","ping_status":"open","sticky":false,"template":"","format":"standard","meta":{"footnotes":""},"categories":[14],"tags":[],"class_list":["post-238","post","type-post","status-publish","format-standard","hentry","category-a-la-une"],"yoast_head":"<!-- This site is optimized with the Yoast SEO plugin v26.6 - https:\/\/yoast.com\/wordpress\/plugins\/seo\/ -->\n<title>Stage Mercredi 24 janvier : H\u00e9l\u00e8ne Romano \u00e0 Poitiers ! Inscrivez-vous ! - FSU-SNUipp 86<\/title>\n<meta name=\"robots\" content=\"index, follow, max-snippet:-1, max-image-preview:large, max-video-preview:-1\" \/>\n<link rel=\"canonical\" href=\"https:\/\/snuipp86.fr\/index.php\/2017\/12\/24\/stage-mercredi-24-janvier-hlne-romano-poitiers-inscrivez-vous\/\" \/>\n<meta property=\"og:locale\" content=\"fr_FR\" \/>\n<meta property=\"og:type\" content=\"article\" \/>\n<meta property=\"og:title\" content=\"Stage Mercredi 24 janvier : H\u00e9l\u00e8ne Romano \u00e0 Poitiers ! Inscrivez-vous ! - FSU-SNUipp 86\" \/>\n<meta property=\"og:description\" content=\"Le SNUipp-FSU 86 organise le Mercredi 24 janvier de 9h \u00e0 12h \u00e0 l&#039;amphith\u00e9\u00e2tre de l&#039;ESPE de Poitiers Avec la pr\u00e9sence exceptionnelle d&#039;H\u00e9l\u00e8ne Romano, un stage sur &quot; La gestion des \u00e9v\u00e8nements traumatiques \u00e0 l&#039;\u00e9cole &quot; (accident, mort violente suite \u00e0 un probl\u00e8me m\u00e9dical connu ou non, accident de la voie publique, agression, harc\u00e8lement, viol, suicide, attentat) Objectif : Acqu\u00e9rir les connaissances et les comp\u00e9tences pour intervenir, dans le cadre de notre fonction, dans de telles (...) - FORMATION \/ Formation\" \/>\n<meta property=\"og:url\" content=\"https:\/\/snuipp86.fr\/index.php\/2017\/12\/24\/stage-mercredi-24-janvier-hlne-romano-poitiers-inscrivez-vous\/\" \/>\n<meta property=\"og:site_name\" content=\"FSU-SNUipp 86\" \/>\n<meta property=\"article:published_time\" content=\"2017-12-24T08:30:00+00:00\" \/>\n<meta property=\"og:image\" content=\"http:\/\/snuipp86.fr\/wp-content\/spip\/IMG\/arton3544.jpg\" \/>\n<meta name=\"author\" content=\"WP86Admin\" \/>\n<meta name=\"twitter:card\" content=\"summary_large_image\" \/>\n<meta name=\"twitter:label1\" content=\"\u00c9crit par\" \/>\n\t<meta name=\"twitter:data1\" content=\"WP86Admin\" \/>\n\t<meta name=\"twitter:label2\" content=\"Dur\u00e9e de lecture estim\u00e9e\" \/>\n\t<meta name=\"twitter:data2\" content=\"3 minutes\" \/>\n<script type=\"application\/ld+json\" class=\"yoast-schema-graph\">{\"@context\":\"https:\/\/schema.org\",\"@graph\":[{\"@type\":\"WebPage\",\"@id\":\"https:\/\/snuipp86.fr\/index.php\/2017\/12\/24\/stage-mercredi-24-janvier-hlne-romano-poitiers-inscrivez-vous\/\",\"url\":\"https:\/\/snuipp86.fr\/index.php\/2017\/12\/24\/stage-mercredi-24-janvier-hlne-romano-poitiers-inscrivez-vous\/\",\"name\":\"Stage Mercredi 24 janvier : H\u00e9l\u00e8ne Romano \u00e0 Poitiers ! Inscrivez-vous ! - FSU-SNUipp 86\",\"isPartOf\":{\"@id\":\"https:\/\/snuipp86.fr\/#website\"},\"primaryImageOfPage\":{\"@id\":\"https:\/\/snuipp86.fr\/index.php\/2017\/12\/24\/stage-mercredi-24-janvier-hlne-romano-poitiers-inscrivez-vous\/#primaryimage\"},\"image\":{\"@id\":\"https:\/\/snuipp86.fr\/index.php\/2017\/12\/24\/stage-mercredi-24-janvier-hlne-romano-poitiers-inscrivez-vous\/#primaryimage\"},\"thumbnailUrl\":\"http:\/\/snuipp86.fr\/wp-content\/spip\/IMG\/arton3544.jpg\",\"datePublished\":\"2017-12-24T08:30:00+00:00\",\"author\":{\"@id\":\"https:\/\/snuipp86.fr\/#\/schema\/person\/901b28b9ae1c7a63a6a940102e52a7a2\"},\"breadcrumb\":{\"@id\":\"https:\/\/snuipp86.fr\/index.php\/2017\/12\/24\/stage-mercredi-24-janvier-hlne-romano-poitiers-inscrivez-vous\/#breadcrumb\"},\"inLanguage\":\"fr-FR\",\"potentialAction\":[{\"@type\":\"ReadAction\",\"target\":[\"https:\/\/snuipp86.fr\/index.php\/2017\/12\/24\/stage-mercredi-24-janvier-hlne-romano-poitiers-inscrivez-vous\/\"]}]},{\"@type\":\"ImageObject\",\"inLanguage\":\"fr-FR\",\"@id\":\"https:\/\/snuipp86.fr\/index.php\/2017\/12\/24\/stage-mercredi-24-janvier-hlne-romano-poitiers-inscrivez-vous\/#primaryimage\",\"url\":\"http:\/\/snuipp86.fr\/wp-content\/spip\/IMG\/arton3544.jpg\",\"contentUrl\":\"http:\/\/snuipp86.fr\/wp-content\/spip\/IMG\/arton3544.jpg\"},{\"@type\":\"BreadcrumbList\",\"@id\":\"https:\/\/snuipp86.fr\/index.php\/2017\/12\/24\/stage-mercredi-24-janvier-hlne-romano-poitiers-inscrivez-vous\/#breadcrumb\",\"itemListElement\":[{\"@type\":\"ListItem\",\"position\":1,\"name\":\"Accueil\",\"item\":\"https:\/\/snuipp86.fr\/\"},{\"@type\":\"ListItem\",\"position\":2,\"name\":\"Stage Mercredi 24 janvier : H\u00e9l\u00e8ne Romano \u00e0 Poitiers ! Inscrivez-vous !\"}]},{\"@type\":\"WebSite\",\"@id\":\"https:\/\/snuipp86.fr\/#website\",\"url\":\"https:\/\/snuipp86.fr\/\",\"name\":\"FSU-SNUipp 86\",\"description\":\"Des id\u00e9es qui font l&#039;\u00e9cole\",\"potentialAction\":[{\"@type\":\"SearchAction\",\"target\":{\"@type\":\"EntryPoint\",\"urlTemplate\":\"https:\/\/snuipp86.fr\/?s={search_term_string}\"},\"query-input\":{\"@type\":\"PropertyValueSpecification\",\"valueRequired\":true,\"valueName\":\"search_term_string\"}}],\"inLanguage\":\"fr-FR\"},{\"@type\":\"Person\",\"@id\":\"https:\/\/snuipp86.fr\/#\/schema\/person\/901b28b9ae1c7a63a6a940102e52a7a2\",\"name\":\"WP86Admin\",\"image\":{\"@type\":\"ImageObject\",\"inLanguage\":\"fr-FR\",\"@id\":\"https:\/\/snuipp86.fr\/#\/schema\/person\/image\/\",\"url\":\"https:\/\/secure.gravatar.com\/avatar\/0099845c7ec05dc10d777d8ab4f5142c5ba316283821af2459738ad469a37a1a?s=96&d=mm&r=g\",\"contentUrl\":\"https:\/\/secure.gravatar.com\/avatar\/0099845c7ec05dc10d777d8ab4f5142c5ba316283821af2459738ad469a37a1a?s=96&d=mm&r=g\",\"caption\":\"WP86Admin\"},\"url\":\"https:\/\/snuipp86.fr\/index.php\/author\/wp86admin\/\"}]}<\/script>\n<!-- \/ Yoast SEO plugin. -->","yoast_head_json":{"title":"Stage Mercredi 24 janvier : H\u00e9l\u00e8ne Romano \u00e0 Poitiers ! Inscrivez-vous ! - FSU-SNUipp 86","robots":{"index":"index","follow":"follow","max-snippet":"max-snippet:-1","max-image-preview":"max-image-preview:large","max-video-preview":"max-video-preview:-1"},"canonical":"https:\/\/snuipp86.fr\/index.php\/2017\/12\/24\/stage-mercredi-24-janvier-hlne-romano-poitiers-inscrivez-vous\/","og_locale":"fr_FR","og_type":"article","og_title":"Stage Mercredi 24 janvier : H\u00e9l\u00e8ne Romano \u00e0 Poitiers ! Inscrivez-vous ! - FSU-SNUipp 86","og_description":"Le SNUipp-FSU 86 organise le Mercredi 24 janvier de 9h \u00e0 12h \u00e0 l'amphith\u00e9\u00e2tre de l'ESPE de Poitiers Avec la pr\u00e9sence exceptionnelle d'H\u00e9l\u00e8ne Romano, un stage sur \" La gestion des \u00e9v\u00e8nements traumatiques \u00e0 l'\u00e9cole \" (accident, mort violente suite \u00e0 un probl\u00e8me m\u00e9dical connu ou non, accident de la voie publique, agression, harc\u00e8lement, viol, suicide, attentat) Objectif : Acqu\u00e9rir les connaissances et les comp\u00e9tences pour intervenir, dans le cadre de notre fonction, dans de telles (...) - FORMATION \/ Formation","og_url":"https:\/\/snuipp86.fr\/index.php\/2017\/12\/24\/stage-mercredi-24-janvier-hlne-romano-poitiers-inscrivez-vous\/","og_site_name":"FSU-SNUipp 86","article_published_time":"2017-12-24T08:30:00+00:00","og_image":[{"url":"http:\/\/snuipp86.fr\/wp-content\/spip\/IMG\/arton3544.jpg","type":"","width":"","height":""}],"author":"WP86Admin","twitter_card":"summary_large_image","twitter_misc":{"\u00c9crit par":"WP86Admin","Dur\u00e9e de lecture estim\u00e9e":"3 minutes"},"schema":{"@context":"https:\/\/schema.org","@graph":[{"@type":"WebPage","@id":"https:\/\/snuipp86.fr\/index.php\/2017\/12\/24\/stage-mercredi-24-janvier-hlne-romano-poitiers-inscrivez-vous\/","url":"https:\/\/snuipp86.fr\/index.php\/2017\/12\/24\/stage-mercredi-24-janvier-hlne-romano-poitiers-inscrivez-vous\/","name":"Stage Mercredi 24 janvier : H\u00e9l\u00e8ne Romano \u00e0 Poitiers ! Inscrivez-vous ! - FSU-SNUipp 86","isPartOf":{"@id":"https:\/\/snuipp86.fr\/#website"},"primaryImageOfPage":{"@id":"https:\/\/snuipp86.fr\/index.php\/2017\/12\/24\/stage-mercredi-24-janvier-hlne-romano-poitiers-inscrivez-vous\/#primaryimage"},"image":{"@id":"https:\/\/snuipp86.fr\/index.php\/2017\/12\/24\/stage-mercredi-24-janvier-hlne-romano-poitiers-inscrivez-vous\/#primaryimage"},"thumbnailUrl":"http:\/\/snuipp86.fr\/wp-content\/spip\/IMG\/arton3544.jpg","datePublished":"2017-12-24T08:30:00+00:00","author":{"@id":"https:\/\/snuipp86.fr\/#\/schema\/person\/901b28b9ae1c7a63a6a940102e52a7a2"},"breadcrumb":{"@id":"https:\/\/snuipp86.fr\/index.php\/2017\/12\/24\/stage-mercredi-24-janvier-hlne-romano-poitiers-inscrivez-vous\/#breadcrumb"},"inLanguage":"fr-FR","potentialAction":[{"@type":"ReadAction","target":["https:\/\/snuipp86.fr\/index.php\/2017\/12\/24\/stage-mercredi-24-janvier-hlne-romano-poitiers-inscrivez-vous\/"]}]},{"@type":"ImageObject","inLanguage":"fr-FR","@id":"https:\/\/snuipp86.fr\/index.php\/2017\/12\/24\/stage-mercredi-24-janvier-hlne-romano-poitiers-inscrivez-vous\/#primaryimage","url":"http:\/\/snuipp86.fr\/wp-content\/spip\/IMG\/arton3544.jpg","contentUrl":"http:\/\/snuipp86.fr\/wp-content\/spip\/IMG\/arton3544.jpg"},{"@type":"BreadcrumbList","@id":"https:\/\/snuipp86.fr\/index.php\/2017\/12\/24\/stage-mercredi-24-janvier-hlne-romano-poitiers-inscrivez-vous\/#breadcrumb","itemListElement":[{"@type":"ListItem","position":1,"name":"Accueil","item":"https:\/\/snuipp86.fr\/"},{"@type":"ListItem","position":2,"name":"Stage Mercredi 24 janvier : H\u00e9l\u00e8ne Romano \u00e0 Poitiers ! Inscrivez-vous !"}]},{"@type":"WebSite","@id":"https:\/\/snuipp86.fr\/#website","url":"https:\/\/snuipp86.fr\/","name":"FSU-SNUipp 86","description":"Des id\u00e9es qui font l&#039;\u00e9cole","potentialAction":[{"@type":"SearchAction","target":{"@type":"EntryPoint","urlTemplate":"https:\/\/snuipp86.fr\/?s={search_term_string}"},"query-input":{"@type":"PropertyValueSpecification","valueRequired":true,"valueName":"search_term_string"}}],"inLanguage":"fr-FR"},{"@type":"Person","@id":"https:\/\/snuipp86.fr\/#\/schema\/person\/901b28b9ae1c7a63a6a940102e52a7a2","name":"WP86Admin","image":{"@type":"ImageObject","inLanguage":"fr-FR","@id":"https:\/\/snuipp86.fr\/#\/schema\/person\/image\/","url":"https:\/\/secure.gravatar.com\/avatar\/0099845c7ec05dc10d777d8ab4f5142c5ba316283821af2459738ad469a37a1a?s=96&d=mm&r=g","contentUrl":"https:\/\/secure.gravatar.com\/avatar\/0099845c7ec05dc10d777d8ab4f5142c5ba316283821af2459738ad469a37a1a?s=96&d=mm&r=g","caption":"WP86Admin"},"url":"https:\/\/snuipp86.fr\/index.php\/author\/wp86admin\/"}]}},"_links":{"self":[{"href":"https:\/\/snuipp86.fr\/index.php\/wp-json\/wp\/v2\/posts\/238","targetHints":{"allow":["GET"]}}],"collection":[{"href":"https:\/\/snuipp86.fr\/index.php\/wp-json\/wp\/v2\/posts"}],"about":[{"href":"https:\/\/snuipp86.fr\/index.php\/wp-json\/wp\/v2\/types\/post"}],"author":[{"embeddable":true,"href":"https:\/\/snuipp86.fr\/index.php\/wp-json\/wp\/v2\/users\/1"}],"replies":[{"embeddable":true,"href":"https:\/\/snuipp86.fr\/index.php\/wp-json\/wp\/v2\/comments?post=238"}],"version-history":[{"count":0,"href":"https:\/\/snuipp86.fr\/index.php\/wp-json\/wp\/v2\/posts\/238\/revisions"}],"wp:attachment":[{"href":"https:\/\/snuipp86.fr\/index.php\/wp-json\/wp\/v2\/media?parent=238"}],"wp:term":[{"taxonomy":"category","embeddable":true,"href":"https:\/\/snuipp86.fr\/index.php\/wp-json\/wp\/v2\/categories?post=238"},{"taxonomy":"post_tag","embeddable":true,"href":"https:\/\/snuipp86.fr\/index.php\/wp-json\/wp\/v2\/tags?post=238"}],"curies":[{"name":"wp","href":"https:\/\/api.w.org\/{rel}","templated":true}]}}