{"id":24009,"date":"2026-04-10T06:27:41","date_gmt":"2026-04-10T04:27:41","guid":{"rendered":"https:\/\/snuipp86.fr\/?p=24009"},"modified":"2026-04-10T11:03:46","modified_gmt":"2026-04-10T09:03:46","slug":"declaration-dimpots-quelques-informations","status":"publish","type":"post","link":"https:\/\/snuipp86.fr\/index.php\/2026\/04\/10\/declaration-dimpots-quelques-informations\/","title":{"rendered":"D\u00e9claration d\u2019imp\u00f4ts\u00a0: quelques informations"},"content":{"rendered":"<div>La d\u00e9claration en ligne est possible \u00e0 partir du <span style=\"color: #0000ff;\"><strong>9<\/strong><strong><span style=\"color: #0000ff;\">\u00a0<\/span>avril 2026<\/strong><\/span>.<\/div>\n<div><\/div>\n<div id=\"socialtags\">Pour les usager-\u00e8res ne pouvant pas d\u00e9clarer en ligne, la date limite de d\u00e9p\u00f4t des d\u00e9clarations papier est fix\u00e9e<span style=\"color: #ff0000;\"><strong> au 19 mai 2026<\/strong>,<\/span> quel que soit le lieu de r\u00e9sidence (y compris pour les r\u00e9sidents fran\u00e7ais \u00e0 l&rsquo;\u00e9tranger), le cachet de La Poste faisant foi..<\/div>\n<div><\/div>\n<div>Pour la t\u00e9l\u00e9-d\u00e9claration par internet, voici les dates limites en fonction des num\u00e9ros de d\u00e9partements :<\/div>\n<div>\n<ul>\n<li>le <strong>jeudi\u00a021\u00a0mai<\/strong> au plus tard (23h59) pour les d\u00e9partements n\u00b0 01 \u00e0 19 et pour les personnes qui ne r\u00e9sident pas en France\u00a0;<\/li>\n<li>le <strong>jeudi\u00a028\u00a0mai<\/strong> au plus tard (23h59) pour les d\u00e9partements n\u00b0 20 \u00e0 54\u00a0;<\/li>\n<li><span style=\"color: #ff0000;\"><strong>le jeudi\u00a04\u00a0juin au plus tard (23h59) pour les d\u00e9partements n\u00b0 55 \u00e0 974 et le d\u00e9partement n\u00b0 976.<\/strong><\/span><\/li>\n<\/ul>\n<\/div>\n<div class=\"txt_art\">\n<p>Lorsqu\u2019on remplit sa d\u00e9claration, deux choix sont possibles :<\/p>\n<ul class=\"spip\">\n<li>b\u00e9n\u00e9ficier de l\u2019abattement forfaitaire de 10% correspondant \u00e0 ses frais professionnels. On est donc imposable sur 90% de ses revenus. Cela est automatique<small class=\"fine d-inline\">\u00a0<\/small>;<\/li>\n<li>d\u00e9clarer tous ses frais r\u00e9ellement engag\u00e9s dans le cadre de son activit\u00e9 professionnelle. Cela permet d\u2019\u00eatre imposable sur une part plus faible de ses revenus&#8230; \u00e0 conditions que vos frais r\u00e9els \u00a0d\u00e9passent 10% de vos revenus.<\/li>\n<\/ul>\n<p><a href=\"https:\/\/www.impots.gouv.fr\/accueil\">https:\/\/www.impots.gouv.fr\/accueil<\/a><\/p>\n<p><a href=\"https:\/\/www.service-public.fr\/particuliers\/vosdroits\/N247\">https:\/\/www.service-public.fr\/parti&#8230;<\/a><\/p>\n<h3 class=\"spip\"><span style=\"color: #0000ff;\">Salaires et traitements<\/span><\/h3>\n<p>Ces \u00e9l\u00e9ments sont pr\u00e9-remplis \u00e0 partir des montants d\u00e9clar\u00e9s par les employeurs. Sont imposables la totalit\u00e9 des revenus d\u2019activit\u00e9 per\u00e7us entre le 1er janvier et le 31 d\u00e9cembre 2025, y compris toutes les indemnit\u00e9s ayant un caract\u00e8re de salaire, ainsi que les sommes per\u00e7ues en contrepartie d\u2019heures suppl\u00e9mentaires.<\/p>\n<h3 class=\"spip\"><span style=\"color: #0000ff;\">ISSR<\/span><\/h3>\n<p>Les indemnit\u00e9s correspondant au remboursement de frais engag\u00e9s par le salari\u00e9 ne sont pas imposables. L\u2019ISSR n\u2019est pas un \u00e9l\u00e9ment de salaire mais un remboursement forfaitaire de frais des d\u00e9placements effectu\u00e9s. Elle n\u2019est donc pas imposable, sauf si on opte pour une d\u00e9claration aux frais r\u00e9els.<\/p>\n<h3 class=\"spip\"><span style=\"color: #0000ff;\">Cotisation syndicale ouvrant droit \u00e0 r\u00e9duction ou cr\u00e9dit d\u2019imp\u00f4ts : cotisation 2024\/25<\/span><\/h3>\n<p>La r\u00e9duction (ou cr\u00e9dit d\u2019imp\u00f4ts) est \u00e9gale \u00e0 66\u00a0% du montant de la cotisation syndicale indiqu\u00e9e sur la d\u00e9claration (sauf si d\u00e9duction des frais r\u00e9els).<\/p>\n<p>La FSU-SNUipp fonctionne en ann\u00e9e scolaire mais les imp\u00f4ts eux sont calcul\u00e9s sur l\u2019ann\u00e9e civile. La FSU-SNUipp \u00e9dite donc, depuis sa cr\u00e9ation, les attestations sur la p\u00e9riode la plus longue (janvier \u00e0 ao\u00fbt). La cotisation 2024\/2025 est consid\u00e9r\u00e9e par l\u2019administration fiscale avoir \u00e9t\u00e9 pay\u00e9e avec les revenus de 2025, revenus d\u00e9clar\u00e9s aux imp\u00f4ts en 2026, quelle que soit la date \u00e0 laquelle a eu lieu le ou les paiement\u00b7s au cours de l\u2019ann\u00e9e scolaire.<\/p>\n<p><span style=\"color: #ff0000;\">La FSU-SNUipp a envoy\u00e9 le montant \u00e0 d\u00e9clarer par mail le mercredi 8 avril 2026<\/span>.<br \/>\nIl faut joindre l\u2019attestation adress\u00e9e par la FSU-SNUipp pour les d\u00e9clarations papiers. En cas de d\u00e9claration par internet, ne pas envoyer l\u2019attestation (mais la garder en cas de demande ult\u00e9rieure du centre des imp\u00f4ts). Vous pouvez retrouver votre attestation sur cet espace <a href=\"https:\/\/mon-espace.snuipp.fr\/adherents\/impots\">https:\/\/mon-espace.snuipp.fr\/adherents\/impots\u00a0<\/a><\/p>\n<p>Si vous avez opt\u00e9 pour la d\u00e9duction des frais r\u00e9els, il faut inclure le montant de la cotisation syndicale dans ceux-ci.<\/p>\n<h3 class=\"spip\"><span style=\"color: #0000ff;\">Indemnit\u00e9 Repr\u00e9sentative de Logement (IRL)<\/span><\/h3>\n<p>L\u2019IRL (taux de base et majorations \u00e9ventuelles de la commune) constitue un avantage en argent soumis \u00e0 l\u2019imp\u00f4t sur le revenu au m\u00eame titre que le traitement principal (la majoration familiale de cette indemnit\u00e9 est soumise au m\u00eame r\u00e9gime que l\u2019indemnit\u00e9 elle-m\u00eame). L\u2019IRL s\u2019additionne donc aux revenus \u00e0 d\u00e9clarer.<\/p>\n<h3 class=\"spip\"><span style=\"color: #0000ff;\">Logement de fonction des institutrices et instituteurs<\/span><\/h3>\n<p>Le logement de fonction est un avantage en nature constituant un \u00e9l\u00e9ment de la r\u00e9mun\u00e9ration\u00a0; la valeur est assujettie \u00e0 la CSG, \u00e0 la CRDS et \u00e0 la RAFP et donne lieu \u00e0 d\u00e9claration fiscale au titre de l\u2019imp\u00f4t sur le revenu.<\/p>\n<p>L\u2019avantage en nature logement est \u00e9valu\u00e9 forfaitairement, soit selon le bar\u00e8me mensuel figurant dans le tableau suivant, soit d\u2019apr\u00e8s la valeur locative cadastrale servant de base \u00e0 la taxe d\u2019habitation. Le choix se fait sur la valeur la plus favorable entre ces deux options.<\/p>\n<\/div>\n<h3 id=\"Heures-pour-les-Collectivites-Locales\" class=\"spip\"><span style=\"color: #0000ff;\">Heures pour les Collectivit\u00e9s Locales\u00a0:<\/span><\/h3>\n<p><strong>A d\u00e9clarer ! <\/strong>Les heures de cantine, \u00e9tudes, TAP doivent \u00eatre d\u00e9clar\u00e9es.<\/p>\n<h3><span style=\"color: #0000ff;\">Frais r\u00e9els<\/span><\/h3>\n<p class=\"spip\">Si vous estimez que la d\u00e9duction forfaitaire de 10% ne couvre pas le montant de vos frais professionnels, il est possible d\u2019opter pour la d\u00e9duction de vos frais r\u00e9els.<\/p>\n<p class=\"spip\"><strong class=\"spip\">Dans ce cas, l\u2019option est totale : il n\u2019est pas possible en effet d\u2019appliquer l\u2019abattement de 10% \u00e0 une partie des salaires et les frais r\u00e9els \u00e0 l\u2019autre.\u00a0<\/strong><\/p>\n<p class=\"spip\"><strong class=\"spip\">De plus, l\u2019option pour les frais r\u00e9els est globale au titre de l\u2019ann\u00e9e d\u2019imposition\u00a0: elle s\u2019applique \u00e0 l\u2019ensemble des revenus per\u00e7us par le contribuable au cours de l\u2019ann\u00e9e concern\u00e9e.<\/strong><\/p>\n<p class=\"spip\">En cas de d\u00e9duction des frais r\u00e9els, il faut\u00a0<strong class=\"spip\">ajouter aux traitements et salaires<\/strong>\u00a0les allocations pour frais d\u2019emploi, quelle qu\u2019en soit la forme\u00a0<strong class=\"spip\">(remboursement de frais sur \u00e9tat, allocations en nature ou indemnit\u00e9s forfaitaires)<\/strong>, vers\u00e9es par l\u2019employeur. Toutefois, un salari\u00e9 n\u2019est pas tenu de rapporter \u00e0 sa r\u00e9mun\u00e9ration imposable les allocations pour frais d\u2019emploi, qui sont exon\u00e9r\u00e9es d\u00e8s lors qu\u2019elles sont utilis\u00e9es conform\u00e9ment \u00e0 leur objet, mais il ne peut alors d\u00e9duire que les seuls frais professionnels non couverts par ces allocations.<\/p>\n<h4 class=\"spip\"><strong class=\"spip\">Sommes d\u00e9ductibles<\/strong><\/h4>\n<p class=\"spip\">Vous pouvez d\u00e9duire, notamment\u00a0:<\/p>\n<ul>\n<li class=\"spip\">\u00a0<strong class=\"spip\">vos frais suppl\u00e9mentaires de nourriture<\/strong>\u00a0(si vous pouvez justifier que votre activit\u00e9 professionnelle vous oblige \u00e0 prendre vos repas hors de chez vous du fait de vos horaires de travail ou de l\u2019\u00e9loignement de votre domicile et si vous ne disposez pas de cantine sur place),<\/li>\n<li class=\"spip\"><strong class=\"spip\">vos frais de transports domicile-lieu de travail<\/strong>\u00a0(lorsque la distance entre le domicile et le lieu de travail n\u2019exc\u00e8de par les 40 kilom\u00e8tres aller, vous pouvez d\u00e9duire le montant de vos frais r\u00e9els de transport \u00e0 condition d\u2019en justifier. Lorsque cette distance est sup\u00e9rieure, la d\u00e9duction est admise dans les m\u00eames conditions pour les 40 premiers kilom\u00e8tres. Pour b\u00e9n\u00e9ficier de la d\u00e9duction au-del\u00e0 de ces 40 premiers kilom\u00e8tres, il faut justifier l\u2019\u00e9loignement entre votre domicile et votre lieu de travail par des circonstances particuli\u00e8res li\u00e9es notamment \u00e0 l\u2019emploi, des circonstances familiales&#8230;),<\/li>\n<li class=\"spip\">\u00a0vos frais expos\u00e9s au cours des voyages ou d\u00e9placements professionnels (en cas d\u2019utilisation du bar\u00e8me kilom\u00e9trique pour les frais de d\u00e9placement, celui-ci figure sur la notice de la d\u00e9claration de revenus 2042),<\/li>\n<li class=\"spip\">vos frais d\u2019abonnement et de communication d\u2019un t\u00e9l\u00e9phone portable lorsqu\u2019il est utilis\u00e9 \u00e0 des fins professionnelles,<\/li>\n<li class=\"spip\">vos frais de stationnement sur le lieu de travail,<\/li>\n<li class=\"spip\">vos frais de d\u00e9m\u00e9nagement en cas de changement obligatoire de r\u00e9sidence pour obtenir un nouvel emploi,<\/li>\n<li class=\"spip\">vos frais de v\u00eatements sp\u00e9ciaux utiles \u00e0 l\u2019exercice de la profession, vos cotisations syndicales et primes d\u2019assurance de responsabilit\u00e9 professionnelle,<\/li>\n<li class=\"spip\">vos frais de recherche d\u2019emploi,<\/li>\n<li class=\"spip\">vos d\u00e9penses aff\u00e9rentes \u00e0 des locaux \u00e0 destination de l&rsquo;exercice professionnel,<\/li>\n<li class=\"spip\"><strong class=\"spip\">vos achats de mat\u00e9riel, outillage, mobilier de bureau,<\/strong><\/li>\n<li class=\"spip\"><strong class=\"spip\">vos d\u00e9penses d\u2019acquisition de mat\u00e9riel informatique et de logiciels.<\/strong><\/li>\n<\/ul>\n<p>Retrouvez sur le blog de Julien Delmas toutes les informations concernant le calcul des frais r\u00e9els<\/p>\n<p><a href=\"https:\/\/blog.juliendelmas.fr\/?enseignants-et-si-vous-declariez-vos-frais-reels-aux-impots\">https:\/\/blog.juliendelmas.fr\/?enseignants-et-si-vous-declariez-vos-frais-reels-aux-impots<\/a><\/p>\n<h3 id=\"Contestation\" class=\"spip\"><span style=\"color: #0000ff;\">Correction\u00a0<\/span><\/h3>\n<p>\u00c0 partir de fin juillet, vous recevrez votre avis d&rsquo;imp\u00f4t 2025 d&rsquo;apr\u00e8s votre d\u00e9claration sur les revenus 2024.<\/p>\n<p>Apr\u00e8s la r\u00e9ception de votre avis d&rsquo;imp\u00f4t, si vous constatez une erreur dans votre d\u00e9claration, vous pourrez effectuer une correction directement en ligne depuis votre espace Particulier d\u00e8s l&rsquo;ouverture du service et jusqu&rsquo;\u00e0 la mi-d\u00e9cembre.<\/p>\n<h3 id=\"Contestation\" class=\"spip\"><span style=\"color: #0000ff;\">Contestation<\/span><\/h3>\n<p>Les r\u00e9clamations doivent \u00eatre faites au plus tard au 31 d\u00e9cembre de la seconde ann\u00e9e qui suit la mise en recouvrement, soit au 31 d\u00e9cembre 2028 pour l\u2019imp\u00f4t sur les revenus de 2025 d\u00e9clar\u00e9s en 2026.<br class=\"manualbr\" \/>L\u2019administration fiscale a un d\u00e9lai de 6 mois pour communiquer sa d\u00e9cision. Pour avoir toute garantie pour le traitement de la demande, le mieux est de l\u2019envoyer par recommand\u00e9 avec accus\u00e9 de r\u00e9ception au chef de service des imp\u00f4ts.<br class=\"manualbr\" \/>Au cas o\u00f9 on veut obtenir un sursis de paiement en attente de d\u00e9cision, il faut en faire express\u00e9ment la demande dans le courrier de r\u00e9clamation.<\/p>\n<h3 id=\"Mariage-PACS-separation\" class=\"spip\"><span style=\"color: #0000ff;\">Mariage, PACS, s\u00e9paration<\/span><\/h3>\n<p>En cas de mariage ou PACS au cours de l\u2019ann\u00e9e d\u2019imposition, il y a 3 d\u00e9clarations \u00e0 faire\u00a0:<\/p>\n<ul class=\"spip\" role=\"list\">\n<li>1 pour chacun<span aria-hidden=\"true\">\u00b7<\/span>e avant la date du mariage ou du PACS d\u00e9clarant s\u00e9par\u00e9ment les revenus per\u00e7us depuis le 1<sup class=\"typo_exposants\">er<\/sup>\u00a0janvier.<\/li>\n<li>1 commune depuis la date de mariage ou PACS comprenant les revenus du m\u00e9nage jusqu\u2019au 31\u00a0d\u00e9cembre.<\/li>\n<\/ul>\n<p>En cas de s\u00e9paration, de la m\u00eame fa\u00e7on, 3 d\u00e9clarations sont \u00e0 faire\u00a0:<\/p>\n<ul class=\"spip\" role=\"list\">\n<li>1 commune jusqu\u2019\u00e0 la date de la s\u00e9paration.<\/li>\n<li>1 pour chacun<span aria-hidden=\"true\">\u00b7<\/span>e apr\u00e8s la date de la s\u00e9paration.<\/li>\n<\/ul>\n<h2><span style=\"color: #0000ff;\">Revenus diff\u00e9r\u00e9s<\/span><\/h2>\n<p>Les revenus diff\u00e9r\u00e9s sont des revenus per\u00e7us une ann\u00e9e pour une activit\u00e9 effectu\u00e9e une ann\u00e9e ant\u00e9rieure&#8230;. ce qui arrive r\u00e9guli\u00e8rement avec les erreurs sur nos fiches de paye, mais aussi avec les rattrapages d&rsquo;avancement de fa\u00e7on r\u00e9troactive. Ces revenus sont impos\u00e9s selon un syst\u00e8me particulier, le syst\u00e8me du quotient. Cela doit permettre d&rsquo;\u00e9viter une imposition excessive.<\/p>\n<p>Lire sur le site du minist\u00e8re les r\u00e8gles \u00e0 conna\u00eetre pour les revenus diff\u00e9r\u00e9s per\u00e7us en 2025 et en 2026 :\u00a0<a href=\"https:\/\/www.service-public.gouv.fr\/particuliers\/vosdroits\/F34064\">https:\/\/www.service-public.gouv.fr\/particuliers\/vosdroits\/F34064\u00a0<\/a><\/p>\n","protected":false},"excerpt":{"rendered":"<p>La d\u00e9claration en ligne est possible \u00e0 partir du 9\u00a0avril 2026. Pour les usager-\u00e8res ne pouvant pas d\u00e9clarer en ligne, la date limite de d\u00e9p\u00f4t des d\u00e9clarations papier est fix\u00e9e au 19 mai 2026, quel que soit le lieu de r\u00e9sidence (y compris pour les r\u00e9sidents fran\u00e7ais \u00e0 l&rsquo;\u00e9tranger), le cachet de La Poste faisant foi.. [&hellip;]<\/p>\n","protected":false},"author":4,"featured_media":22298,"comment_status":"closed","ping_status":"closed","sticky":false,"template":"","format":"standard","meta":{"footnotes":""},"categories":[14],"tags":[22],"class_list":["post-24009","post","type-post","status-publish","format-standard","has-post-thumbnail","hentry","category-a-la-une","tag-droits-des-personnels"],"yoast_head":"<!-- This site is optimized with the Yoast SEO plugin v26.6 - https:\/\/yoast.com\/wordpress\/plugins\/seo\/ -->\n<title>D\u00e9claration d\u2019imp\u00f4ts\u00a0: quelques informations - FSU-SNUipp 86<\/title>\n<meta name=\"robots\" content=\"index, follow, max-snippet:-1, max-image-preview:large, max-video-preview:-1\" \/>\n<link rel=\"canonical\" href=\"https:\/\/snuipp86.fr\/index.php\/2026\/04\/10\/declaration-dimpots-quelques-informations\/\" \/>\n<meta property=\"og:locale\" content=\"fr_FR\" \/>\n<meta property=\"og:type\" content=\"article\" \/>\n<meta property=\"og:title\" content=\"D\u00e9claration d\u2019imp\u00f4ts\u00a0: quelques informations - FSU-SNUipp 86\" \/>\n<meta property=\"og:description\" content=\"La d\u00e9claration en ligne est possible \u00e0 partir du 9\u00a0avril 2026. Pour les usager-\u00e8res ne pouvant pas d\u00e9clarer en ligne, la date limite de d\u00e9p\u00f4t des d\u00e9clarations papier est fix\u00e9e au 19 mai 2026, quel que soit le lieu de r\u00e9sidence (y compris pour les r\u00e9sidents fran\u00e7ais \u00e0 l&rsquo;\u00e9tranger), le cachet de La Poste faisant foi.. [&hellip;]\" \/>\n<meta property=\"og:url\" content=\"https:\/\/snuipp86.fr\/index.php\/2026\/04\/10\/declaration-dimpots-quelques-informations\/\" \/>\n<meta property=\"og:site_name\" content=\"FSU-SNUipp 86\" \/>\n<meta property=\"article:published_time\" content=\"2026-04-10T04:27:41+00:00\" \/>\n<meta property=\"article:modified_time\" content=\"2026-04-10T09:03:46+00:00\" \/>\n<meta property=\"og:image\" content=\"https:\/\/snuipp86.fr\/wp-content\/uploads\/2022\/04\/impot-2021-la-date-limite-de-votre-declaration-de-.webp\" \/>\n\t<meta property=\"og:image:width\" content=\"800\" \/>\n\t<meta property=\"og:image:height\" content=\"500\" \/>\n\t<meta property=\"og:image:type\" content=\"image\/webp\" \/>\n<meta name=\"author\" content=\"Matthieu Menaut\" \/>\n<meta name=\"twitter:card\" content=\"summary_large_image\" \/>\n<meta name=\"twitter:label1\" content=\"\u00c9crit par\" \/>\n\t<meta name=\"twitter:data1\" content=\"Matthieu Menaut\" \/>\n\t<meta name=\"twitter:label2\" content=\"Dur\u00e9e de lecture estim\u00e9e\" \/>\n\t<meta name=\"twitter:data2\" content=\"8 minutes\" \/>\n<script type=\"application\/ld+json\" class=\"yoast-schema-graph\">{\"@context\":\"https:\/\/schema.org\",\"@graph\":[{\"@type\":\"WebPage\",\"@id\":\"https:\/\/snuipp86.fr\/index.php\/2026\/04\/10\/declaration-dimpots-quelques-informations\/\",\"url\":\"https:\/\/snuipp86.fr\/index.php\/2026\/04\/10\/declaration-dimpots-quelques-informations\/\",\"name\":\"D\u00e9claration d\u2019imp\u00f4ts\u00a0: quelques informations - FSU-SNUipp 86\",\"isPartOf\":{\"@id\":\"https:\/\/snuipp86.fr\/#website\"},\"primaryImageOfPage\":{\"@id\":\"https:\/\/snuipp86.fr\/index.php\/2026\/04\/10\/declaration-dimpots-quelques-informations\/#primaryimage\"},\"image\":{\"@id\":\"https:\/\/snuipp86.fr\/index.php\/2026\/04\/10\/declaration-dimpots-quelques-informations\/#primaryimage\"},\"thumbnailUrl\":\"https:\/\/snuipp86.fr\/wp-content\/uploads\/2022\/04\/impot-2021-la-date-limite-de-votre-declaration-de-.webp\",\"datePublished\":\"2026-04-10T04:27:41+00:00\",\"dateModified\":\"2026-04-10T09:03:46+00:00\",\"author\":{\"@id\":\"https:\/\/snuipp86.fr\/#\/schema\/person\/5a96b33672b90a1385fd0b096fd5ebcb\"},\"breadcrumb\":{\"@id\":\"https:\/\/snuipp86.fr\/index.php\/2026\/04\/10\/declaration-dimpots-quelques-informations\/#breadcrumb\"},\"inLanguage\":\"fr-FR\",\"potentialAction\":[{\"@type\":\"ReadAction\",\"target\":[\"https:\/\/snuipp86.fr\/index.php\/2026\/04\/10\/declaration-dimpots-quelques-informations\/\"]}]},{\"@type\":\"ImageObject\",\"inLanguage\":\"fr-FR\",\"@id\":\"https:\/\/snuipp86.fr\/index.php\/2026\/04\/10\/declaration-dimpots-quelques-informations\/#primaryimage\",\"url\":\"https:\/\/snuipp86.fr\/wp-content\/uploads\/2022\/04\/impot-2021-la-date-limite-de-votre-declaration-de-.webp\",\"contentUrl\":\"https:\/\/snuipp86.fr\/wp-content\/uploads\/2022\/04\/impot-2021-la-date-limite-de-votre-declaration-de-.webp\",\"width\":800,\"height\":500},{\"@type\":\"BreadcrumbList\",\"@id\":\"https:\/\/snuipp86.fr\/index.php\/2026\/04\/10\/declaration-dimpots-quelques-informations\/#breadcrumb\",\"itemListElement\":[{\"@type\":\"ListItem\",\"position\":1,\"name\":\"Accueil\",\"item\":\"https:\/\/snuipp86.fr\/\"},{\"@type\":\"ListItem\",\"position\":2,\"name\":\"D\u00e9claration d\u2019imp\u00f4ts\u00a0: quelques informations\"}]},{\"@type\":\"WebSite\",\"@id\":\"https:\/\/snuipp86.fr\/#website\",\"url\":\"https:\/\/snuipp86.fr\/\",\"name\":\"FSU-SNUipp 86\",\"description\":\"Des id\u00e9es qui font l&#039;\u00e9cole\",\"potentialAction\":[{\"@type\":\"SearchAction\",\"target\":{\"@type\":\"EntryPoint\",\"urlTemplate\":\"https:\/\/snuipp86.fr\/?s={search_term_string}\"},\"query-input\":{\"@type\":\"PropertyValueSpecification\",\"valueRequired\":true,\"valueName\":\"search_term_string\"}}],\"inLanguage\":\"fr-FR\"},{\"@type\":\"Person\",\"@id\":\"https:\/\/snuipp86.fr\/#\/schema\/person\/5a96b33672b90a1385fd0b096fd5ebcb\",\"name\":\"Matthieu Menaut\",\"image\":{\"@type\":\"ImageObject\",\"inLanguage\":\"fr-FR\",\"@id\":\"https:\/\/snuipp86.fr\/#\/schema\/person\/image\/\",\"url\":\"https:\/\/secure.gravatar.com\/avatar\/03e70f897b03256ddca91d16c3e33a876c31abbf1b31cb48e60e770f684a04d1?s=96&d=mm&r=g\",\"contentUrl\":\"https:\/\/secure.gravatar.com\/avatar\/03e70f897b03256ddca91d16c3e33a876c31abbf1b31cb48e60e770f684a04d1?s=96&d=mm&r=g\",\"caption\":\"Matthieu Menaut\"},\"url\":\"https:\/\/snuipp86.fr\/index.php\/author\/mmenaut\/\"}]}<\/script>\n<!-- \/ Yoast SEO plugin. -->","yoast_head_json":{"title":"D\u00e9claration d\u2019imp\u00f4ts\u00a0: quelques informations - FSU-SNUipp 86","robots":{"index":"index","follow":"follow","max-snippet":"max-snippet:-1","max-image-preview":"max-image-preview:large","max-video-preview":"max-video-preview:-1"},"canonical":"https:\/\/snuipp86.fr\/index.php\/2026\/04\/10\/declaration-dimpots-quelques-informations\/","og_locale":"fr_FR","og_type":"article","og_title":"D\u00e9claration d\u2019imp\u00f4ts\u00a0: quelques informations - FSU-SNUipp 86","og_description":"La d\u00e9claration en ligne est possible \u00e0 partir du 9\u00a0avril 2026. Pour les usager-\u00e8res ne pouvant pas d\u00e9clarer en ligne, la date limite de d\u00e9p\u00f4t des d\u00e9clarations papier est fix\u00e9e au 19 mai 2026, quel que soit le lieu de r\u00e9sidence (y compris pour les r\u00e9sidents fran\u00e7ais \u00e0 l&rsquo;\u00e9tranger), le cachet de La Poste faisant foi.. [&hellip;]","og_url":"https:\/\/snuipp86.fr\/index.php\/2026\/04\/10\/declaration-dimpots-quelques-informations\/","og_site_name":"FSU-SNUipp 86","article_published_time":"2026-04-10T04:27:41+00:00","article_modified_time":"2026-04-10T09:03:46+00:00","og_image":[{"width":800,"height":500,"url":"https:\/\/snuipp86.fr\/wp-content\/uploads\/2022\/04\/impot-2021-la-date-limite-de-votre-declaration-de-.webp","type":"image\/webp"}],"author":"Matthieu Menaut","twitter_card":"summary_large_image","twitter_misc":{"\u00c9crit par":"Matthieu Menaut","Dur\u00e9e de lecture estim\u00e9e":"8 minutes"},"schema":{"@context":"https:\/\/schema.org","@graph":[{"@type":"WebPage","@id":"https:\/\/snuipp86.fr\/index.php\/2026\/04\/10\/declaration-dimpots-quelques-informations\/","url":"https:\/\/snuipp86.fr\/index.php\/2026\/04\/10\/declaration-dimpots-quelques-informations\/","name":"D\u00e9claration d\u2019imp\u00f4ts\u00a0: quelques informations - FSU-SNUipp 86","isPartOf":{"@id":"https:\/\/snuipp86.fr\/#website"},"primaryImageOfPage":{"@id":"https:\/\/snuipp86.fr\/index.php\/2026\/04\/10\/declaration-dimpots-quelques-informations\/#primaryimage"},"image":{"@id":"https:\/\/snuipp86.fr\/index.php\/2026\/04\/10\/declaration-dimpots-quelques-informations\/#primaryimage"},"thumbnailUrl":"https:\/\/snuipp86.fr\/wp-content\/uploads\/2022\/04\/impot-2021-la-date-limite-de-votre-declaration-de-.webp","datePublished":"2026-04-10T04:27:41+00:00","dateModified":"2026-04-10T09:03:46+00:00","author":{"@id":"https:\/\/snuipp86.fr\/#\/schema\/person\/5a96b33672b90a1385fd0b096fd5ebcb"},"breadcrumb":{"@id":"https:\/\/snuipp86.fr\/index.php\/2026\/04\/10\/declaration-dimpots-quelques-informations\/#breadcrumb"},"inLanguage":"fr-FR","potentialAction":[{"@type":"ReadAction","target":["https:\/\/snuipp86.fr\/index.php\/2026\/04\/10\/declaration-dimpots-quelques-informations\/"]}]},{"@type":"ImageObject","inLanguage":"fr-FR","@id":"https:\/\/snuipp86.fr\/index.php\/2026\/04\/10\/declaration-dimpots-quelques-informations\/#primaryimage","url":"https:\/\/snuipp86.fr\/wp-content\/uploads\/2022\/04\/impot-2021-la-date-limite-de-votre-declaration-de-.webp","contentUrl":"https:\/\/snuipp86.fr\/wp-content\/uploads\/2022\/04\/impot-2021-la-date-limite-de-votre-declaration-de-.webp","width":800,"height":500},{"@type":"BreadcrumbList","@id":"https:\/\/snuipp86.fr\/index.php\/2026\/04\/10\/declaration-dimpots-quelques-informations\/#breadcrumb","itemListElement":[{"@type":"ListItem","position":1,"name":"Accueil","item":"https:\/\/snuipp86.fr\/"},{"@type":"ListItem","position":2,"name":"D\u00e9claration d\u2019imp\u00f4ts\u00a0: quelques informations"}]},{"@type":"WebSite","@id":"https:\/\/snuipp86.fr\/#website","url":"https:\/\/snuipp86.fr\/","name":"FSU-SNUipp 86","description":"Des id\u00e9es qui font l&#039;\u00e9cole","potentialAction":[{"@type":"SearchAction","target":{"@type":"EntryPoint","urlTemplate":"https:\/\/snuipp86.fr\/?s={search_term_string}"},"query-input":{"@type":"PropertyValueSpecification","valueRequired":true,"valueName":"search_term_string"}}],"inLanguage":"fr-FR"},{"@type":"Person","@id":"https:\/\/snuipp86.fr\/#\/schema\/person\/5a96b33672b90a1385fd0b096fd5ebcb","name":"Matthieu Menaut","image":{"@type":"ImageObject","inLanguage":"fr-FR","@id":"https:\/\/snuipp86.fr\/#\/schema\/person\/image\/","url":"https:\/\/secure.gravatar.com\/avatar\/03e70f897b03256ddca91d16c3e33a876c31abbf1b31cb48e60e770f684a04d1?s=96&d=mm&r=g","contentUrl":"https:\/\/secure.gravatar.com\/avatar\/03e70f897b03256ddca91d16c3e33a876c31abbf1b31cb48e60e770f684a04d1?s=96&d=mm&r=g","caption":"Matthieu Menaut"},"url":"https:\/\/snuipp86.fr\/index.php\/author\/mmenaut\/"}]}},"_links":{"self":[{"href":"https:\/\/snuipp86.fr\/index.php\/wp-json\/wp\/v2\/posts\/24009","targetHints":{"allow":["GET"]}}],"collection":[{"href":"https:\/\/snuipp86.fr\/index.php\/wp-json\/wp\/v2\/posts"}],"about":[{"href":"https:\/\/snuipp86.fr\/index.php\/wp-json\/wp\/v2\/types\/post"}],"author":[{"embeddable":true,"href":"https:\/\/snuipp86.fr\/index.php\/wp-json\/wp\/v2\/users\/4"}],"replies":[{"embeddable":true,"href":"https:\/\/snuipp86.fr\/index.php\/wp-json\/wp\/v2\/comments?post=24009"}],"version-history":[{"count":2,"href":"https:\/\/snuipp86.fr\/index.php\/wp-json\/wp\/v2\/posts\/24009\/revisions"}],"predecessor-version":[{"id":27930,"href":"https:\/\/snuipp86.fr\/index.php\/wp-json\/wp\/v2\/posts\/24009\/revisions\/27930"}],"wp:featuredmedia":[{"embeddable":true,"href":"https:\/\/snuipp86.fr\/index.php\/wp-json\/wp\/v2\/media\/22298"}],"wp:attachment":[{"href":"https:\/\/snuipp86.fr\/index.php\/wp-json\/wp\/v2\/media?parent=24009"}],"wp:term":[{"taxonomy":"category","embeddable":true,"href":"https:\/\/snuipp86.fr\/index.php\/wp-json\/wp\/v2\/categories?post=24009"},{"taxonomy":"post_tag","embeddable":true,"href":"https:\/\/snuipp86.fr\/index.php\/wp-json\/wp\/v2\/tags?post=24009"}],"curies":[{"name":"wp","href":"https:\/\/api.w.org\/{rel}","templated":true}]}}