{"id":24226,"date":"2023-06-01T22:19:37","date_gmt":"2023-06-01T20:19:37","guid":{"rendered":"https:\/\/snuipp86.fr\/?p=24226"},"modified":"2023-06-11T16:49:24","modified_gmt":"2023-06-11T14:49:24","slug":"pacte-explications-motion-de-conseil-des-maitre-sses","status":"publish","type":"post","link":"https:\/\/snuipp86.fr\/index.php\/2023\/06\/01\/pacte-explications-motion-de-conseil-des-maitre-sses\/","title":{"rendered":"Pacte : explications, motion de conseil des ma\u00eetre-sses"},"content":{"rendered":"<p align=\"JUSTIFY\"><img decoding=\"async\" class=\"size-medium wp-image-24233 aligncenter\" src=\"https:\/\/snuipp86.fr\/wp-content\/uploads\/2023\/06\/Ne-nous-en-2-300x150.png\" alt=\"\" width=\"300\" height=\"150\" srcset=\"https:\/\/snuipp86.fr\/wp-content\/uploads\/2023\/06\/Ne-nous-en-2-200x100.png 200w, https:\/\/snuipp86.fr\/wp-content\/uploads\/2023\/06\/Ne-nous-en-2-300x150.png 300w, https:\/\/snuipp86.fr\/wp-content\/uploads\/2023\/06\/Ne-nous-en-2-400x200.png 400w, https:\/\/snuipp86.fr\/wp-content\/uploads\/2023\/06\/Ne-nous-en-2-540x272.png 540w, https:\/\/snuipp86.fr\/wp-content\/uploads\/2023\/06\/Ne-nous-en-2-600x300.png 600w, https:\/\/snuipp86.fr\/wp-content\/uploads\/2023\/06\/Ne-nous-en-2.png 644w\" sizes=\"(max-width: 300px) 100vw, 300px\" \/><\/p>\n<p align=\"JUSTIFY\"><span style=\"color: #222222;\"><span style=\"font-family: Calibri, serif;\">La FSU-SNUipp d\u00e9nonce la mise en place du PACTE. Apr\u00e8s les mobilisations du 31 mai, le boycott du CSAMen le m\u00eame jour, la FSU-SNUipp appelle les coll\u00e8gues \u00e0 signer massivement la motion du conseil des ma\u00eetres que vous trouverez ci-dessous<\/span><\/span><\/p>\n<h2 align=\"CENTER\"><span style=\"font-family: Calibri, serif; color: #0000ff;\"><u><b>MOTION DU CONSEIL DES MA\u00ceTRE\u00b7SSES<\/b><\/u><\/span><\/h2>\n<p align=\"JUSTIFY\"><em><span style=\"font-family: Calibri, serif;\">Face \u00e0 une situation de d\u00e9classement salarial et de pertes de pouvoir d\u2019achat cumul\u00e9es depuis de nombreuses ann\u00e9es, le minist\u00e8re a \u00e9t\u00e9 contraint de r\u00e9pondre aux demandes des organisations syndicales d\u2019une revalorisation pour toutes et pour tous. L\u2019augmentation de l\u2019ISAE et l\u2019am\u00e9lioration de l\u2019avancement (acc\u00e8s facilit\u00e9 \u00e0 la hors-classe et \u00e0 la classe exceptionnelle), restent insuffisantes et loin de compenser les pertes salariales li\u00e9es au gel du point d\u2019indice. C\u2019est pourquoi nous r\u00e9clamons une revalorisation indiciaire.<\/span><\/em><\/p>\n<p align=\"JUSTIFY\"><em><span style=\"font-family: Calibri, serif;\">Par ailleurs, la mise en place du PACTE est une provocation au regard de l\u2019investissement de toute la profession, dont le temps de travail d\u00e9passe largement les obligations r\u00e9glementaires de service. R\u00e9mun\u00e9rer des missions suppl\u00e9mentaires ne constitue pas une revalorisation. Nous refusons cat\u00e9goriquement la logique du \u00ab\u00a0travailler plus pour gagner plus\u00a0\u00bb, comme nous d\u00e9non\u00e7ons un dispositif qui va accro\u00eetre les in\u00e9galit\u00e9s Femmes\/Hommes, comme d\u00e9j\u00e0 constat\u00e9 dans le 2<\/span><sup><span style=\"font-family: Calibri, serif;\">nd<\/span><\/sup><span style=\"font-family: Calibri, serif;\"> degr\u00e9 avec la r\u00e9partition des heures suppl\u00e9mentaires ou des Indemnit\u00e9s de Missions Particuli\u00e8res. <\/span><\/em><\/p>\n<p align=\"JUSTIFY\"><em><span style=\"font-family: Calibri, serif;\">Le PACTE va mettre en concurrence les personnels et risque d\u2019impacter tr\u00e8s d\u00e9favorablement les collectifs de travail, notamment en r\u00e9duisant les temps disponibles pour le travail en \u00e9quipe. Il pr\u00e9voit \u00e9galement l<\/span>\u2019externalisation de l\u2019aide par des missions d\u2019encadrement d\u2019\u00e9l\u00e8ves en heure de soutien ainsi que des stages de remise \u00e0 niveau pendant les vacances. Le PACTE<span style=\"font-family: Calibri, serif;\"> ne r\u00e9pond en rien<\/span> <span style=\"font-family: Calibri, serif;\">aux attentes des personnels <\/span>et<span style=\"font-family: Calibri, serif;\"> aux besoins des \u00e9l\u00e8ves.<\/span><\/em><\/p>\n<p align=\"JUSTIFY\"><em><span style=\"font-family: Calibri, serif;\">Pour toutes ces raisons, le conseil des ma\u00eetre-sses de l\u2019\u00e9cole \u2026\u2026\u2026\u2026\u2026\u2026\u2026\u2026\u2026\u00a0 d\u00e9cide de ne pas s\u2019engager dans le PACTE.\u00a0<\/span><\/em><\/p>\n<h2 style=\"text-align: center;\" align=\"JUSTIFY\"><span style=\"font-family: Calibri, serif; color: #0000ff;\"><b>4 pages socle\/pacte<\/b><\/span><\/h2>\n<p align=\"JUSTIFY\"><a href=\"https:\/\/snuipp86.fr\/wp-content\/uploads\/2023\/06\/bd_2023_salaires.pdf\" class=\"pdfemb-viewer\" style=\"\" data-width=\"max\" data-height=\"max\" data-toolbar=\"bottom\" data-toolbar-fixed=\"off\">bd_2023_salaires<\/a><\/p>\n","protected":false},"excerpt":{"rendered":"<p>La FSU-SNUipp d\u00e9nonce la mise en place du PACTE. Apr\u00e8s les mobilisations du 31 mai, le boycott du CSAMen le m\u00eame jour, la FSU-SNUipp appelle les coll\u00e8gues \u00e0 signer massivement la motion du conseil des ma\u00eetres que vous trouverez ci-dessous MOTION DU CONSEIL DES MA\u00ceTRE\u00b7SSES Face \u00e0 une situation de d\u00e9classement salarial et de pertes de [&hellip;]<\/p>\n","protected":false},"author":4,"featured_media":24228,"comment_status":"closed","ping_status":"closed","sticky":false,"template":"","format":"standard","meta":{"footnotes":""},"categories":[14],"tags":[23,30],"class_list":["post-24226","post","type-post","status-publish","format-standard","has-post-thumbnail","hentry","category-a-la-une","tag-mobilisations","tag-salaire"],"yoast_head":"<!-- This site is optimized with the Yoast SEO plugin v26.6 - https:\/\/yoast.com\/wordpress\/plugins\/seo\/ -->\n<title>Pacte : explications, motion de conseil des ma\u00eetre-sses - FSU-SNUipp 86<\/title>\n<meta name=\"robots\" content=\"index, follow, max-snippet:-1, max-image-preview:large, max-video-preview:-1\" \/>\n<link rel=\"canonical\" href=\"https:\/\/snuipp86.fr\/index.php\/2023\/06\/01\/pacte-explications-motion-de-conseil-des-maitre-sses\/\" \/>\n<meta property=\"og:locale\" content=\"fr_FR\" \/>\n<meta property=\"og:type\" content=\"article\" \/>\n<meta property=\"og:title\" content=\"Pacte : explications, motion de conseil des ma\u00eetre-sses - FSU-SNUipp 86\" \/>\n<meta property=\"og:description\" content=\"La FSU-SNUipp d\u00e9nonce la mise en place du PACTE. Apr\u00e8s les mobilisations du 31 mai, le boycott du CSAMen le m\u00eame jour, la FSU-SNUipp appelle les coll\u00e8gues \u00e0 signer massivement la motion du conseil des ma\u00eetres que vous trouverez ci-dessous MOTION DU CONSEIL DES MA\u00ceTRE\u00b7SSES Face \u00e0 une situation de d\u00e9classement salarial et de pertes de [&hellip;]\" \/>\n<meta property=\"og:url\" content=\"https:\/\/snuipp86.fr\/index.php\/2023\/06\/01\/pacte-explications-motion-de-conseil-des-maitre-sses\/\" \/>\n<meta property=\"og:site_name\" content=\"FSU-SNUipp 86\" \/>\n<meta property=\"article:published_time\" content=\"2023-06-01T20:19:37+00:00\" \/>\n<meta property=\"article:modified_time\" content=\"2023-06-11T14:49:24+00:00\" \/>\n<meta property=\"og:image\" content=\"https:\/\/snuipp86.fr\/wp-content\/uploads\/2023\/06\/Pacte.png\" \/>\n\t<meta property=\"og:image:width\" content=\"450\" \/>\n\t<meta property=\"og:image:height\" content=\"300\" \/>\n\t<meta property=\"og:image:type\" content=\"image\/png\" \/>\n<meta name=\"author\" content=\"Matthieu Menaut\" \/>\n<meta name=\"twitter:card\" content=\"summary_large_image\" \/>\n<meta name=\"twitter:label1\" content=\"\u00c9crit par\" \/>\n\t<meta name=\"twitter:data1\" content=\"Matthieu Menaut\" \/>\n\t<meta name=\"twitter:label2\" content=\"Dur\u00e9e de lecture estim\u00e9e\" \/>\n\t<meta name=\"twitter:data2\" content=\"2 minutes\" \/>\n<script type=\"application\/ld+json\" class=\"yoast-schema-graph\">{\"@context\":\"https:\/\/schema.org\",\"@graph\":[{\"@type\":\"WebPage\",\"@id\":\"https:\/\/snuipp86.fr\/index.php\/2023\/06\/01\/pacte-explications-motion-de-conseil-des-maitre-sses\/\",\"url\":\"https:\/\/snuipp86.fr\/index.php\/2023\/06\/01\/pacte-explications-motion-de-conseil-des-maitre-sses\/\",\"name\":\"Pacte : explications, motion de conseil des ma\u00eetre-sses - FSU-SNUipp 86\",\"isPartOf\":{\"@id\":\"https:\/\/snuipp86.fr\/#website\"},\"primaryImageOfPage\":{\"@id\":\"https:\/\/snuipp86.fr\/index.php\/2023\/06\/01\/pacte-explications-motion-de-conseil-des-maitre-sses\/#primaryimage\"},\"image\":{\"@id\":\"https:\/\/snuipp86.fr\/index.php\/2023\/06\/01\/pacte-explications-motion-de-conseil-des-maitre-sses\/#primaryimage\"},\"thumbnailUrl\":\"https:\/\/snuipp86.fr\/wp-content\/uploads\/2023\/06\/Pacte.png\",\"datePublished\":\"2023-06-01T20:19:37+00:00\",\"dateModified\":\"2023-06-11T14:49:24+00:00\",\"author\":{\"@id\":\"https:\/\/snuipp86.fr\/#\/schema\/person\/5a96b33672b90a1385fd0b096fd5ebcb\"},\"breadcrumb\":{\"@id\":\"https:\/\/snuipp86.fr\/index.php\/2023\/06\/01\/pacte-explications-motion-de-conseil-des-maitre-sses\/#breadcrumb\"},\"inLanguage\":\"fr-FR\",\"potentialAction\":[{\"@type\":\"ReadAction\",\"target\":[\"https:\/\/snuipp86.fr\/index.php\/2023\/06\/01\/pacte-explications-motion-de-conseil-des-maitre-sses\/\"]}]},{\"@type\":\"ImageObject\",\"inLanguage\":\"fr-FR\",\"@id\":\"https:\/\/snuipp86.fr\/index.php\/2023\/06\/01\/pacte-explications-motion-de-conseil-des-maitre-sses\/#primaryimage\",\"url\":\"https:\/\/snuipp86.fr\/wp-content\/uploads\/2023\/06\/Pacte.png\",\"contentUrl\":\"https:\/\/snuipp86.fr\/wp-content\/uploads\/2023\/06\/Pacte.png\",\"width\":450,\"height\":300},{\"@type\":\"BreadcrumbList\",\"@id\":\"https:\/\/snuipp86.fr\/index.php\/2023\/06\/01\/pacte-explications-motion-de-conseil-des-maitre-sses\/#breadcrumb\",\"itemListElement\":[{\"@type\":\"ListItem\",\"position\":1,\"name\":\"Accueil\",\"item\":\"https:\/\/snuipp86.fr\/\"},{\"@type\":\"ListItem\",\"position\":2,\"name\":\"Pacte : explications, motion de conseil des ma\u00eetre-sses\"}]},{\"@type\":\"WebSite\",\"@id\":\"https:\/\/snuipp86.fr\/#website\",\"url\":\"https:\/\/snuipp86.fr\/\",\"name\":\"FSU-SNUipp 86\",\"description\":\"Des id\u00e9es qui font l&#039;\u00e9cole\",\"potentialAction\":[{\"@type\":\"SearchAction\",\"target\":{\"@type\":\"EntryPoint\",\"urlTemplate\":\"https:\/\/snuipp86.fr\/?s={search_term_string}\"},\"query-input\":{\"@type\":\"PropertyValueSpecification\",\"valueRequired\":true,\"valueName\":\"search_term_string\"}}],\"inLanguage\":\"fr-FR\"},{\"@type\":\"Person\",\"@id\":\"https:\/\/snuipp86.fr\/#\/schema\/person\/5a96b33672b90a1385fd0b096fd5ebcb\",\"name\":\"Matthieu Menaut\",\"image\":{\"@type\":\"ImageObject\",\"inLanguage\":\"fr-FR\",\"@id\":\"https:\/\/snuipp86.fr\/#\/schema\/person\/image\/\",\"url\":\"https:\/\/secure.gravatar.com\/avatar\/03e70f897b03256ddca91d16c3e33a876c31abbf1b31cb48e60e770f684a04d1?s=96&d=mm&r=g\",\"contentUrl\":\"https:\/\/secure.gravatar.com\/avatar\/03e70f897b03256ddca91d16c3e33a876c31abbf1b31cb48e60e770f684a04d1?s=96&d=mm&r=g\",\"caption\":\"Matthieu Menaut\"},\"url\":\"https:\/\/snuipp86.fr\/index.php\/author\/mmenaut\/\"}]}<\/script>\n<!-- \/ Yoast SEO plugin. -->","yoast_head_json":{"title":"Pacte : explications, motion de conseil des ma\u00eetre-sses - FSU-SNUipp 86","robots":{"index":"index","follow":"follow","max-snippet":"max-snippet:-1","max-image-preview":"max-image-preview:large","max-video-preview":"max-video-preview:-1"},"canonical":"https:\/\/snuipp86.fr\/index.php\/2023\/06\/01\/pacte-explications-motion-de-conseil-des-maitre-sses\/","og_locale":"fr_FR","og_type":"article","og_title":"Pacte : explications, motion de conseil des ma\u00eetre-sses - FSU-SNUipp 86","og_description":"La FSU-SNUipp d\u00e9nonce la mise en place du PACTE. Apr\u00e8s les mobilisations du 31 mai, le boycott du CSAMen le m\u00eame jour, la FSU-SNUipp appelle les coll\u00e8gues \u00e0 signer massivement la motion du conseil des ma\u00eetres que vous trouverez ci-dessous MOTION DU CONSEIL DES MA\u00ceTRE\u00b7SSES Face \u00e0 une situation de d\u00e9classement salarial et de pertes de [&hellip;]","og_url":"https:\/\/snuipp86.fr\/index.php\/2023\/06\/01\/pacte-explications-motion-de-conseil-des-maitre-sses\/","og_site_name":"FSU-SNUipp 86","article_published_time":"2023-06-01T20:19:37+00:00","article_modified_time":"2023-06-11T14:49:24+00:00","og_image":[{"width":450,"height":300,"url":"https:\/\/snuipp86.fr\/wp-content\/uploads\/2023\/06\/Pacte.png","type":"image\/png"}],"author":"Matthieu Menaut","twitter_card":"summary_large_image","twitter_misc":{"\u00c9crit par":"Matthieu Menaut","Dur\u00e9e de lecture estim\u00e9e":"2 minutes"},"schema":{"@context":"https:\/\/schema.org","@graph":[{"@type":"WebPage","@id":"https:\/\/snuipp86.fr\/index.php\/2023\/06\/01\/pacte-explications-motion-de-conseil-des-maitre-sses\/","url":"https:\/\/snuipp86.fr\/index.php\/2023\/06\/01\/pacte-explications-motion-de-conseil-des-maitre-sses\/","name":"Pacte : explications, motion de conseil des ma\u00eetre-sses - FSU-SNUipp 86","isPartOf":{"@id":"https:\/\/snuipp86.fr\/#website"},"primaryImageOfPage":{"@id":"https:\/\/snuipp86.fr\/index.php\/2023\/06\/01\/pacte-explications-motion-de-conseil-des-maitre-sses\/#primaryimage"},"image":{"@id":"https:\/\/snuipp86.fr\/index.php\/2023\/06\/01\/pacte-explications-motion-de-conseil-des-maitre-sses\/#primaryimage"},"thumbnailUrl":"https:\/\/snuipp86.fr\/wp-content\/uploads\/2023\/06\/Pacte.png","datePublished":"2023-06-01T20:19:37+00:00","dateModified":"2023-06-11T14:49:24+00:00","author":{"@id":"https:\/\/snuipp86.fr\/#\/schema\/person\/5a96b33672b90a1385fd0b096fd5ebcb"},"breadcrumb":{"@id":"https:\/\/snuipp86.fr\/index.php\/2023\/06\/01\/pacte-explications-motion-de-conseil-des-maitre-sses\/#breadcrumb"},"inLanguage":"fr-FR","potentialAction":[{"@type":"ReadAction","target":["https:\/\/snuipp86.fr\/index.php\/2023\/06\/01\/pacte-explications-motion-de-conseil-des-maitre-sses\/"]}]},{"@type":"ImageObject","inLanguage":"fr-FR","@id":"https:\/\/snuipp86.fr\/index.php\/2023\/06\/01\/pacte-explications-motion-de-conseil-des-maitre-sses\/#primaryimage","url":"https:\/\/snuipp86.fr\/wp-content\/uploads\/2023\/06\/Pacte.png","contentUrl":"https:\/\/snuipp86.fr\/wp-content\/uploads\/2023\/06\/Pacte.png","width":450,"height":300},{"@type":"BreadcrumbList","@id":"https:\/\/snuipp86.fr\/index.php\/2023\/06\/01\/pacte-explications-motion-de-conseil-des-maitre-sses\/#breadcrumb","itemListElement":[{"@type":"ListItem","position":1,"name":"Accueil","item":"https:\/\/snuipp86.fr\/"},{"@type":"ListItem","position":2,"name":"Pacte : explications, motion de conseil des ma\u00eetre-sses"}]},{"@type":"WebSite","@id":"https:\/\/snuipp86.fr\/#website","url":"https:\/\/snuipp86.fr\/","name":"FSU-SNUipp 86","description":"Des id\u00e9es qui font l&#039;\u00e9cole","potentialAction":[{"@type":"SearchAction","target":{"@type":"EntryPoint","urlTemplate":"https:\/\/snuipp86.fr\/?s={search_term_string}"},"query-input":{"@type":"PropertyValueSpecification","valueRequired":true,"valueName":"search_term_string"}}],"inLanguage":"fr-FR"},{"@type":"Person","@id":"https:\/\/snuipp86.fr\/#\/schema\/person\/5a96b33672b90a1385fd0b096fd5ebcb","name":"Matthieu Menaut","image":{"@type":"ImageObject","inLanguage":"fr-FR","@id":"https:\/\/snuipp86.fr\/#\/schema\/person\/image\/","url":"https:\/\/secure.gravatar.com\/avatar\/03e70f897b03256ddca91d16c3e33a876c31abbf1b31cb48e60e770f684a04d1?s=96&d=mm&r=g","contentUrl":"https:\/\/secure.gravatar.com\/avatar\/03e70f897b03256ddca91d16c3e33a876c31abbf1b31cb48e60e770f684a04d1?s=96&d=mm&r=g","caption":"Matthieu Menaut"},"url":"https:\/\/snuipp86.fr\/index.php\/author\/mmenaut\/"}]}},"_links":{"self":[{"href":"https:\/\/snuipp86.fr\/index.php\/wp-json\/wp\/v2\/posts\/24226","targetHints":{"allow":["GET"]}}],"collection":[{"href":"https:\/\/snuipp86.fr\/index.php\/wp-json\/wp\/v2\/posts"}],"about":[{"href":"https:\/\/snuipp86.fr\/index.php\/wp-json\/wp\/v2\/types\/post"}],"author":[{"embeddable":true,"href":"https:\/\/snuipp86.fr\/index.php\/wp-json\/wp\/v2\/users\/4"}],"replies":[{"embeddable":true,"href":"https:\/\/snuipp86.fr\/index.php\/wp-json\/wp\/v2\/comments?post=24226"}],"version-history":[{"count":0,"href":"https:\/\/snuipp86.fr\/index.php\/wp-json\/wp\/v2\/posts\/24226\/revisions"}],"wp:featuredmedia":[{"embeddable":true,"href":"https:\/\/snuipp86.fr\/index.php\/wp-json\/wp\/v2\/media\/24228"}],"wp:attachment":[{"href":"https:\/\/snuipp86.fr\/index.php\/wp-json\/wp\/v2\/media?parent=24226"}],"wp:term":[{"taxonomy":"category","embeddable":true,"href":"https:\/\/snuipp86.fr\/index.php\/wp-json\/wp\/v2\/categories?post=24226"},{"taxonomy":"post_tag","embeddable":true,"href":"https:\/\/snuipp86.fr\/index.php\/wp-json\/wp\/v2\/tags?post=24226"}],"curies":[{"name":"wp","href":"https:\/\/api.w.org\/{rel}","templated":true}]}}