{"id":24288,"date":"2024-03-13T12:05:19","date_gmt":"2024-03-13T11:05:19","guid":{"rendered":"https:\/\/snuipp86.fr\/?p=24288"},"modified":"2024-03-13T15:27:57","modified_gmt":"2024-03-13T14:27:57","slug":"ris-carriere-28-juin-matin-salaires-pacte-avancement-mobilite-professionnelle","status":"publish","type":"post","link":"https:\/\/snuipp86.fr\/index.php\/2024\/03\/13\/ris-carriere-28-juin-matin-salaires-pacte-avancement-mobilite-professionnelle\/","title":{"rendered":"RIS Carri\u00e8re 27 mars matin : chocs des savoirs \/ mobilit\u00e9 professionnelle"},"content":{"rendered":"<p>La FSU-SNUipp 86 organise un temps d\u2019\u00e9changes en cette fin d&rsquo;ann\u00e9e sur l&rsquo;\u00e9volution de notre carri\u00e8re.<\/p>\n<p>Au programme :<\/p>\n<ul>\n<li><b>Chocs des savoirs : <\/b>labellisation des manuels, p\u00e9dagogie impos\u00e9e, groupes de niveaux&#8230;<\/li>\n<li><strong>Mobilit\u00e9 professionnelle<\/strong> : cong\u00e9s formation, d\u00e9tachement, rupture conventionnelle<\/li>\n<\/ul>\n<p><strong>Rendez-vous le mercredi 27 mars de 9h \u00e0 12h<\/strong><\/p>\n<p>\u00e0 la maison syndicale de la FSU-SNUipp 86, 16 avenue du parc d\u2019artillerie, 86000 Poitiers.<\/p>\n<p><strong><span style=\"color: #ff0000;\">Information \u00e0 l&rsquo;IEN \u00e0 envoyer avant Dimanche 24 mars minuit<\/span><\/strong><\/p>\n<p>&nbsp;<\/p>\n<h2 class=\"fusion-responsive-typography-calculated\" data-fontsize=\"23\" data-lineheight=\"34.5px\"><span id=\"Les_reunions_d8217infos_syndicales_c8217est_un_droit\" style=\"color: #0000ff;\"><strong>Les r\u00e9unions d\u2019infos syndicales, c\u2019est un droit !<\/strong><\/span><\/h2>\n<p><u><strong>Ces r\u00e9unions sont un droit pour tout salari\u00e9 sur le temps de travail et restent un moment privil\u00e9gi\u00e9 pour s\u2019informer et \u00e9changer.<\/strong><\/u><\/p>\n<p>Le d\u00e9cret du 28 mai 1982, qui r\u00e9git l\u2019exercice du droit syndical pour tous les fonctionnaires pr\u00e9voit explicitement ces r\u00e9unions. Le Minist\u00e8re de l\u2019Education Nationale a confirm\u00e9 ce droit par un d\u00e9cret du 12 juin 1987 qui pr\u00e9voit 9 heures par an dans les \u00e9coles.<\/p>\n<p>Elles sont\u00a0ouvertes \u00e0 tous\u00a0et\u00a0se tiennent sur le temps de service.<br \/>\nLes RIS sont principalement d\u00e9duites des animations p\u00e9dagogiques, et depuis septembre 2014, une seule peut se tenir sur le temps de pr\u00e9sence devant \u00e9l\u00e8ves.<\/p>\n<p><strong>Chaque enseignant du premier degr\u00e9 a le droit de participer \u00e0 9 heures d\u2019informations syndicales, dont 1 seule de 3h par ann\u00e9e scolaire sur temps de classe.\u00a0<\/strong><\/p>\n<p class=\"spip\">Ce droit est r\u00e9guli\u00e8rement remis en cause par l\u2019administration.<\/p>\n<p>De notre participation massive d\u00e9pend sa p\u00e9rennit\u00e9.<\/p>\n<p><strong>\u00c0 noter : l\u2019IA-DASEN devant s\u2019assurer de la continuit\u00e9 du service, s\u2019il ne dispose pas d\u2019assez de rempla\u00e7ant-es, il sera tent\u00e9 de refuser certaines demandes \u2026\u00a0<\/strong>Une \u00e9cole ne peut pas \u00eatre ferm\u00e9e par exemple. Pour rappel, tous les \u00e9l\u00e8ves qui se pr\u00e9sentent \u00e0 l\u2019\u00e9cole doivent \u00eatre accueillis, m\u00eame s\u2019il n\u2019y a pas d\u2019enseignement sp\u00e9cifique\u2026<\/p>\n<h2 class=\"fusion-responsive-typography-calculated\" data-fontsize=\"23\" data-lineheight=\"34.5px\"><span id=\"Comment_participer\" style=\"color: #0000ff;\">Comment participer ?<\/span><\/h2>\n<p>Tous les enseignant-es (instituteur-trices et prof d\u2019\u00e9cole), directeurs, directrices, sp\u00e9cialis\u00e9-es, syndiqu\u00e9-es ou non, titulaires ou stagiaires, AESH ont le droit de participer \u00e0 ces RIS. Il n\u2019y a pas d\u2019autorisation \u00e0 demander mais une information \u00e0 effectuer aupr\u00e8s de son IEN.<\/p>\n<p><strong><span style=\"color: #ff0000;\">Information \u00e0 l&rsquo;IEN \u00e0 envoyer avant Dimanche 24 mars minuit<\/span><\/strong><\/p>\n<h3 class=\"fusion-responsive-typography-calculated\" data-fontsize=\"17\" data-lineheight=\"23.97px\"><span id=\"Pour_les_collegues_qui_ont_classe\">Pour les coll\u00e8gues qui ont classe<\/span><\/h3>\n<p><em>Monsieur (Madame) l\u2019Inspecteur (trice), Conform\u00e9ment \u00e0 l\u2019article 5 du d\u00e9cret du 28 mai 1982, j\u2019ai l\u2019honneur de vous informer que je participerai \u00e0 la r\u00e9union d\u2019information syndicale organis\u00e9e par la FSU-SNUipp de la Vienne sur mon temps de service du mercredi 27 mars \u00e0 Poitiers de 9h \u00e0 12h. Je vous prie d\u2019agr\u00e9er\u2026\u2026..<\/em><\/p>\n<h3 class=\"fusion-responsive-typography-calculated\" data-fontsize=\"17\" data-lineheight=\"23.97px\"><span id=\"Pour_les_collegues_qui_n8217ont_pas_classe_possibilite_de_deduire_ce_temps_de_ses_18h_d8217anim_peda_et_mgistere\">Pour les coll\u00e8gues qui n\u2019ont pas classe, possibilit\u00e9 de d\u00e9duire ce temps de ses 18h d\u2019anim p\u00e9da et m@gist\u00e8re<br \/>\n<\/span><\/h3>\n<div>En envoyant un mail \u00e0 sa circo\u00a0<span id=\"OBJ_PREFIX_DWT3565_ZmEmailObjectHandler\" class=\"Object\"><\/span>depuis sa boite mail acad\u00e9mique du type :<\/div>\n<div><\/div>\n<div><em>Objet : participation \u00e0 l\u2019heure d\u2019information syndicale de la FSU-SNUipp 86 le 28 juin\u00a0\u00a0<\/em><\/div>\n<div><\/div>\n<div><em>Monsieur\/Madame l\u2019Inspecteur-trice de la circonscription de \u2026\u2026\u2026.,<\/em><\/div>\n<div><em>Conform\u00e9ment \u00e0 l\u2019article 5 du d\u00e9cret du\u00a0<span id=\"OBJ_PREFIX_DWT3567_com_zimbra_date\" class=\"Object\"><span id=\"OBJ_PREFIX_DWT2419_com_zimbra_date\" class=\"Object\" role=\"link\">28 mai 1982<\/span><\/span>, j\u2019ai l\u2019honneur de vous informer que je participerai \u00e0 l\u2019heure d\u2019information syndicale organis\u00e9e par le SNUipp-FSU de la Vienne le mercredi 27 juin \u00e0 Poitiers de 9h \u00e0 12h. Je vous communiquerai prochainement sur quel temps j\u2019amputerai cette heure. Je vous prie d\u2019agr\u00e9er\u2026\u2026..<\/em><\/div>\n<div><\/div>\n<div>\n<h3 id=\"outil_sommaire_6\" class=\"spip\" data-fontsize=\"17\" data-lineheight=\"23.97px\"><span id=\"Les_modalites_aupres_des_familles\">Les modalit\u00e9s aupr\u00e8s des familles<\/span><\/h3>\n<p class=\"spip\">Il faut informer les familles le plus t\u00f4t possible (ne pas \u00e9crire que les \u00e9l\u00e8ves n\u2019ont pas classe, ce ne peut \u00eatre que de l\u2019oral s\u2019il n\u2019y a pas assez de rempla\u00e7ant-es disponibles). Voici un mod\u00e8le de lettre pour les parents :<\/p>\n<p class=\"spip\"><em>Madame, Monsieur,<\/em>\u00a0<em>Les droits relatifs \u00e0 l\u2019exercice du droit syndical dans la fonction publique pr\u00e9voient une heure mensuelle d\u2019informations syndicales sur le temps de travail. Pour perturber le moins possible l\u2019organisation des \u00e9coles, cela prend la forme d\u2019un regroupement des heures par trimestre en demi-journ\u00e9e. C\u2019est pourquoi l\u2019enseignant-e de la classe sera absent-e le mercredi 27 mars matin. Nous vous tiendrons au courant des modalit\u00e9s de remplacement mises en place pour ce mercredi matin. Soyez persuad\u00e9s que nous utiliserons ce temps \u00e0 analyser au mieux les moyens de construire une \u00e9cole de qualit\u00e9 au service de la r\u00e9ussite de tous les enfants.<\/em><\/p>\n<p class=\"spip\"><em>Signature<\/em><\/p>\n<h2 id=\"outil_sommaire_8\" class=\"spip\" data-fontsize=\"17\" data-lineheight=\"23.97px\"><span id=\"Sommes-nous_paye-es\" style=\"color: #0000ff;\"><strong><span id=\"Sommes-nous_paye-e-s\">Sommes-nous pay\u00e9-es ?<\/span><\/strong><\/span><\/h2>\n<p class=\"spip\">Oui ! Cette demi-journ\u00e9e n\u2019est pas une gr\u00e8ve, elle est donc r\u00e9mun\u00e9r\u00e9e. Si vous rencontrez des difficult\u00e9s, n\u2019h\u00e9sitez pas \u00e0 nous contacter.<\/p>\n<\/div>\n","protected":false},"excerpt":{"rendered":"<p>La FSU-SNUipp 86 organise un temps d\u2019\u00e9changes en cette fin d&rsquo;ann\u00e9e sur l&rsquo;\u00e9volution de notre carri\u00e8re. Au programme : Chocs des savoirs : labellisation des manuels, p\u00e9dagogie impos\u00e9e, groupes de niveaux&#8230; Mobilit\u00e9 professionnelle : cong\u00e9s formation, d\u00e9tachement, rupture conventionnelle Rendez-vous le mercredi 27 mars de 9h \u00e0 12h \u00e0 la maison syndicale de la FSU-SNUipp 86, [&hellip;]<\/p>\n","protected":false},"author":4,"featured_media":23227,"comment_status":"closed","ping_status":"closed","sticky":false,"template":"","format":"standard","meta":{"footnotes":""},"categories":[14],"tags":[22],"class_list":["post-24288","post","type-post","status-publish","format-standard","has-post-thumbnail","hentry","category-a-la-une","tag-droits-des-personnels"],"yoast_head":"<!-- This site is optimized with the Yoast SEO plugin v26.6 - https:\/\/yoast.com\/wordpress\/plugins\/seo\/ -->\n<title>RIS Carri\u00e8re 27 mars matin : chocs des savoirs \/ mobilit\u00e9 professionnelle - FSU-SNUipp 86<\/title>\n<meta name=\"robots\" content=\"index, follow, max-snippet:-1, max-image-preview:large, max-video-preview:-1\" \/>\n<link rel=\"canonical\" href=\"https:\/\/snuipp86.fr\/index.php\/2024\/03\/13\/ris-carriere-28-juin-matin-salaires-pacte-avancement-mobilite-professionnelle\/\" \/>\n<meta property=\"og:locale\" content=\"fr_FR\" \/>\n<meta property=\"og:type\" content=\"article\" \/>\n<meta property=\"og:title\" content=\"RIS Carri\u00e8re 27 mars matin : chocs des savoirs \/ mobilit\u00e9 professionnelle - FSU-SNUipp 86\" \/>\n<meta property=\"og:description\" content=\"La FSU-SNUipp 86 organise un temps d\u2019\u00e9changes en cette fin d&rsquo;ann\u00e9e sur l&rsquo;\u00e9volution de notre carri\u00e8re. Au programme : Chocs des savoirs : labellisation des manuels, p\u00e9dagogie impos\u00e9e, groupes de niveaux&#8230; Mobilit\u00e9 professionnelle : cong\u00e9s formation, d\u00e9tachement, rupture conventionnelle Rendez-vous le mercredi 27 mars de 9h \u00e0 12h \u00e0 la maison syndicale de la FSU-SNUipp 86, [&hellip;]\" \/>\n<meta property=\"og:url\" content=\"https:\/\/snuipp86.fr\/index.php\/2024\/03\/13\/ris-carriere-28-juin-matin-salaires-pacte-avancement-mobilite-professionnelle\/\" \/>\n<meta property=\"og:site_name\" content=\"FSU-SNUipp 86\" \/>\n<meta property=\"article:published_time\" content=\"2024-03-13T11:05:19+00:00\" \/>\n<meta property=\"article:modified_time\" content=\"2024-03-13T14:27:57+00:00\" \/>\n<meta property=\"og:image\" content=\"https:\/\/snuipp86.fr\/wp-content\/uploads\/2022\/12\/ris.png\" \/>\n\t<meta property=\"og:image:width\" content=\"400\" \/>\n\t<meta property=\"og:image:height\" content=\"400\" \/>\n\t<meta property=\"og:image:type\" content=\"image\/png\" \/>\n<meta name=\"author\" content=\"Matthieu Menaut\" \/>\n<meta name=\"twitter:card\" content=\"summary_large_image\" \/>\n<meta name=\"twitter:label1\" content=\"\u00c9crit par\" \/>\n\t<meta name=\"twitter:data1\" content=\"Matthieu Menaut\" \/>\n\t<meta name=\"twitter:label2\" content=\"Dur\u00e9e de lecture estim\u00e9e\" \/>\n\t<meta name=\"twitter:data2\" content=\"4 minutes\" \/>\n<script type=\"application\/ld+json\" class=\"yoast-schema-graph\">{\"@context\":\"https:\/\/schema.org\",\"@graph\":[{\"@type\":\"WebPage\",\"@id\":\"https:\/\/snuipp86.fr\/index.php\/2024\/03\/13\/ris-carriere-28-juin-matin-salaires-pacte-avancement-mobilite-professionnelle\/\",\"url\":\"https:\/\/snuipp86.fr\/index.php\/2024\/03\/13\/ris-carriere-28-juin-matin-salaires-pacte-avancement-mobilite-professionnelle\/\",\"name\":\"RIS Carri\u00e8re 27 mars matin : chocs des savoirs \/ mobilit\u00e9 professionnelle - FSU-SNUipp 86\",\"isPartOf\":{\"@id\":\"https:\/\/snuipp86.fr\/#website\"},\"primaryImageOfPage\":{\"@id\":\"https:\/\/snuipp86.fr\/index.php\/2024\/03\/13\/ris-carriere-28-juin-matin-salaires-pacte-avancement-mobilite-professionnelle\/#primaryimage\"},\"image\":{\"@id\":\"https:\/\/snuipp86.fr\/index.php\/2024\/03\/13\/ris-carriere-28-juin-matin-salaires-pacte-avancement-mobilite-professionnelle\/#primaryimage\"},\"thumbnailUrl\":\"https:\/\/snuipp86.fr\/wp-content\/uploads\/2022\/12\/ris.png\",\"datePublished\":\"2024-03-13T11:05:19+00:00\",\"dateModified\":\"2024-03-13T14:27:57+00:00\",\"author\":{\"@id\":\"https:\/\/snuipp86.fr\/#\/schema\/person\/5a96b33672b90a1385fd0b096fd5ebcb\"},\"breadcrumb\":{\"@id\":\"https:\/\/snuipp86.fr\/index.php\/2024\/03\/13\/ris-carriere-28-juin-matin-salaires-pacte-avancement-mobilite-professionnelle\/#breadcrumb\"},\"inLanguage\":\"fr-FR\",\"potentialAction\":[{\"@type\":\"ReadAction\",\"target\":[\"https:\/\/snuipp86.fr\/index.php\/2024\/03\/13\/ris-carriere-28-juin-matin-salaires-pacte-avancement-mobilite-professionnelle\/\"]}]},{\"@type\":\"ImageObject\",\"inLanguage\":\"fr-FR\",\"@id\":\"https:\/\/snuipp86.fr\/index.php\/2024\/03\/13\/ris-carriere-28-juin-matin-salaires-pacte-avancement-mobilite-professionnelle\/#primaryimage\",\"url\":\"https:\/\/snuipp86.fr\/wp-content\/uploads\/2022\/12\/ris.png\",\"contentUrl\":\"https:\/\/snuipp86.fr\/wp-content\/uploads\/2022\/12\/ris.png\",\"width\":400,\"height\":400},{\"@type\":\"BreadcrumbList\",\"@id\":\"https:\/\/snuipp86.fr\/index.php\/2024\/03\/13\/ris-carriere-28-juin-matin-salaires-pacte-avancement-mobilite-professionnelle\/#breadcrumb\",\"itemListElement\":[{\"@type\":\"ListItem\",\"position\":1,\"name\":\"Accueil\",\"item\":\"https:\/\/snuipp86.fr\/\"},{\"@type\":\"ListItem\",\"position\":2,\"name\":\"RIS Carri\u00e8re 27 mars matin : chocs des savoirs \/ mobilit\u00e9 professionnelle\"}]},{\"@type\":\"WebSite\",\"@id\":\"https:\/\/snuipp86.fr\/#website\",\"url\":\"https:\/\/snuipp86.fr\/\",\"name\":\"FSU-SNUipp 86\",\"description\":\"Des id\u00e9es qui font l&#039;\u00e9cole\",\"potentialAction\":[{\"@type\":\"SearchAction\",\"target\":{\"@type\":\"EntryPoint\",\"urlTemplate\":\"https:\/\/snuipp86.fr\/?s={search_term_string}\"},\"query-input\":{\"@type\":\"PropertyValueSpecification\",\"valueRequired\":true,\"valueName\":\"search_term_string\"}}],\"inLanguage\":\"fr-FR\"},{\"@type\":\"Person\",\"@id\":\"https:\/\/snuipp86.fr\/#\/schema\/person\/5a96b33672b90a1385fd0b096fd5ebcb\",\"name\":\"Matthieu Menaut\",\"image\":{\"@type\":\"ImageObject\",\"inLanguage\":\"fr-FR\",\"@id\":\"https:\/\/snuipp86.fr\/#\/schema\/person\/image\/\",\"url\":\"https:\/\/secure.gravatar.com\/avatar\/03e70f897b03256ddca91d16c3e33a876c31abbf1b31cb48e60e770f684a04d1?s=96&d=mm&r=g\",\"contentUrl\":\"https:\/\/secure.gravatar.com\/avatar\/03e70f897b03256ddca91d16c3e33a876c31abbf1b31cb48e60e770f684a04d1?s=96&d=mm&r=g\",\"caption\":\"Matthieu Menaut\"},\"url\":\"https:\/\/snuipp86.fr\/index.php\/author\/mmenaut\/\"}]}<\/script>\n<!-- \/ Yoast SEO plugin. -->","yoast_head_json":{"title":"RIS Carri\u00e8re 27 mars matin : chocs des savoirs \/ mobilit\u00e9 professionnelle - FSU-SNUipp 86","robots":{"index":"index","follow":"follow","max-snippet":"max-snippet:-1","max-image-preview":"max-image-preview:large","max-video-preview":"max-video-preview:-1"},"canonical":"https:\/\/snuipp86.fr\/index.php\/2024\/03\/13\/ris-carriere-28-juin-matin-salaires-pacte-avancement-mobilite-professionnelle\/","og_locale":"fr_FR","og_type":"article","og_title":"RIS Carri\u00e8re 27 mars matin : chocs des savoirs \/ mobilit\u00e9 professionnelle - FSU-SNUipp 86","og_description":"La FSU-SNUipp 86 organise un temps d\u2019\u00e9changes en cette fin d&rsquo;ann\u00e9e sur l&rsquo;\u00e9volution de notre carri\u00e8re. Au programme : Chocs des savoirs : labellisation des manuels, p\u00e9dagogie impos\u00e9e, groupes de niveaux&#8230; Mobilit\u00e9 professionnelle : cong\u00e9s formation, d\u00e9tachement, rupture conventionnelle Rendez-vous le mercredi 27 mars de 9h \u00e0 12h \u00e0 la maison syndicale de la FSU-SNUipp 86, [&hellip;]","og_url":"https:\/\/snuipp86.fr\/index.php\/2024\/03\/13\/ris-carriere-28-juin-matin-salaires-pacte-avancement-mobilite-professionnelle\/","og_site_name":"FSU-SNUipp 86","article_published_time":"2024-03-13T11:05:19+00:00","article_modified_time":"2024-03-13T14:27:57+00:00","og_image":[{"width":400,"height":400,"url":"https:\/\/snuipp86.fr\/wp-content\/uploads\/2022\/12\/ris.png","type":"image\/png"}],"author":"Matthieu Menaut","twitter_card":"summary_large_image","twitter_misc":{"\u00c9crit par":"Matthieu Menaut","Dur\u00e9e de lecture estim\u00e9e":"4 minutes"},"schema":{"@context":"https:\/\/schema.org","@graph":[{"@type":"WebPage","@id":"https:\/\/snuipp86.fr\/index.php\/2024\/03\/13\/ris-carriere-28-juin-matin-salaires-pacte-avancement-mobilite-professionnelle\/","url":"https:\/\/snuipp86.fr\/index.php\/2024\/03\/13\/ris-carriere-28-juin-matin-salaires-pacte-avancement-mobilite-professionnelle\/","name":"RIS Carri\u00e8re 27 mars matin : chocs des savoirs \/ mobilit\u00e9 professionnelle - FSU-SNUipp 86","isPartOf":{"@id":"https:\/\/snuipp86.fr\/#website"},"primaryImageOfPage":{"@id":"https:\/\/snuipp86.fr\/index.php\/2024\/03\/13\/ris-carriere-28-juin-matin-salaires-pacte-avancement-mobilite-professionnelle\/#primaryimage"},"image":{"@id":"https:\/\/snuipp86.fr\/index.php\/2024\/03\/13\/ris-carriere-28-juin-matin-salaires-pacte-avancement-mobilite-professionnelle\/#primaryimage"},"thumbnailUrl":"https:\/\/snuipp86.fr\/wp-content\/uploads\/2022\/12\/ris.png","datePublished":"2024-03-13T11:05:19+00:00","dateModified":"2024-03-13T14:27:57+00:00","author":{"@id":"https:\/\/snuipp86.fr\/#\/schema\/person\/5a96b33672b90a1385fd0b096fd5ebcb"},"breadcrumb":{"@id":"https:\/\/snuipp86.fr\/index.php\/2024\/03\/13\/ris-carriere-28-juin-matin-salaires-pacte-avancement-mobilite-professionnelle\/#breadcrumb"},"inLanguage":"fr-FR","potentialAction":[{"@type":"ReadAction","target":["https:\/\/snuipp86.fr\/index.php\/2024\/03\/13\/ris-carriere-28-juin-matin-salaires-pacte-avancement-mobilite-professionnelle\/"]}]},{"@type":"ImageObject","inLanguage":"fr-FR","@id":"https:\/\/snuipp86.fr\/index.php\/2024\/03\/13\/ris-carriere-28-juin-matin-salaires-pacte-avancement-mobilite-professionnelle\/#primaryimage","url":"https:\/\/snuipp86.fr\/wp-content\/uploads\/2022\/12\/ris.png","contentUrl":"https:\/\/snuipp86.fr\/wp-content\/uploads\/2022\/12\/ris.png","width":400,"height":400},{"@type":"BreadcrumbList","@id":"https:\/\/snuipp86.fr\/index.php\/2024\/03\/13\/ris-carriere-28-juin-matin-salaires-pacte-avancement-mobilite-professionnelle\/#breadcrumb","itemListElement":[{"@type":"ListItem","position":1,"name":"Accueil","item":"https:\/\/snuipp86.fr\/"},{"@type":"ListItem","position":2,"name":"RIS Carri\u00e8re 27 mars matin : chocs des savoirs \/ mobilit\u00e9 professionnelle"}]},{"@type":"WebSite","@id":"https:\/\/snuipp86.fr\/#website","url":"https:\/\/snuipp86.fr\/","name":"FSU-SNUipp 86","description":"Des id\u00e9es qui font l&#039;\u00e9cole","potentialAction":[{"@type":"SearchAction","target":{"@type":"EntryPoint","urlTemplate":"https:\/\/snuipp86.fr\/?s={search_term_string}"},"query-input":{"@type":"PropertyValueSpecification","valueRequired":true,"valueName":"search_term_string"}}],"inLanguage":"fr-FR"},{"@type":"Person","@id":"https:\/\/snuipp86.fr\/#\/schema\/person\/5a96b33672b90a1385fd0b096fd5ebcb","name":"Matthieu Menaut","image":{"@type":"ImageObject","inLanguage":"fr-FR","@id":"https:\/\/snuipp86.fr\/#\/schema\/person\/image\/","url":"https:\/\/secure.gravatar.com\/avatar\/03e70f897b03256ddca91d16c3e33a876c31abbf1b31cb48e60e770f684a04d1?s=96&d=mm&r=g","contentUrl":"https:\/\/secure.gravatar.com\/avatar\/03e70f897b03256ddca91d16c3e33a876c31abbf1b31cb48e60e770f684a04d1?s=96&d=mm&r=g","caption":"Matthieu Menaut"},"url":"https:\/\/snuipp86.fr\/index.php\/author\/mmenaut\/"}]}},"_links":{"self":[{"href":"https:\/\/snuipp86.fr\/index.php\/wp-json\/wp\/v2\/posts\/24288","targetHints":{"allow":["GET"]}}],"collection":[{"href":"https:\/\/snuipp86.fr\/index.php\/wp-json\/wp\/v2\/posts"}],"about":[{"href":"https:\/\/snuipp86.fr\/index.php\/wp-json\/wp\/v2\/types\/post"}],"author":[{"embeddable":true,"href":"https:\/\/snuipp86.fr\/index.php\/wp-json\/wp\/v2\/users\/4"}],"replies":[{"embeddable":true,"href":"https:\/\/snuipp86.fr\/index.php\/wp-json\/wp\/v2\/comments?post=24288"}],"version-history":[{"count":0,"href":"https:\/\/snuipp86.fr\/index.php\/wp-json\/wp\/v2\/posts\/24288\/revisions"}],"wp:featuredmedia":[{"embeddable":true,"href":"https:\/\/snuipp86.fr\/index.php\/wp-json\/wp\/v2\/media\/23227"}],"wp:attachment":[{"href":"https:\/\/snuipp86.fr\/index.php\/wp-json\/wp\/v2\/media?parent=24288"}],"wp:term":[{"taxonomy":"category","embeddable":true,"href":"https:\/\/snuipp86.fr\/index.php\/wp-json\/wp\/v2\/categories?post=24288"},{"taxonomy":"post_tag","embeddable":true,"href":"https:\/\/snuipp86.fr\/index.php\/wp-json\/wp\/v2\/tags?post=24288"}],"curies":[{"name":"wp","href":"https:\/\/api.w.org\/{rel}","templated":true}]}}