{"id":247,"date":"2017-12-18T16:24:51","date_gmt":"2017-12-18T16:24:51","guid":{"rendered":"http:\/\/localhost\/wordpress\/2017\/12\/18\/quelques-rappels-suite-au-propos-du-ministre-sur-la-lacit-lcole-et-les-sorties-scolaires\/"},"modified":"2017-12-18T16:24:51","modified_gmt":"2017-12-18T16:24:51","slug":"quelques-rappels-suite-au-propos-du-ministre-sur-la-lacit-lcole-et-les-sorties-scolaires","status":"publish","type":"post","link":"https:\/\/snuipp86.fr\/index.php\/2017\/12\/18\/quelques-rappels-suite-au-propos-du-ministre-sur-la-lacit-lcole-et-les-sorties-scolaires\/","title":{"rendered":"Quelques rappels suite au propos du ministre sur la la\u00efcit\u00e9 \u00e0 l&rsquo;\u00e9cole et les sorties scolaires"},"content":{"rendered":"<p><img decoding=\"async\" src=\"https:\/\/snuipp86.fr\/wp-content\/spip\/IMG\/arton3584.jpg\" alt=\"\" align=\"right\" width=\"300\" height=\"272\" class=\"spip_logos\" \/><\/p>\n<div class='rss_texte'>\n<p class=\"spip\">Lors de son intervention du 10 d\u00e9cembre 2017, le ministre de l&rsquo;\u00e9ducation nationale a pris une position \u00ab personnelle \u00bb sur la question des m\u00e8res voil\u00e9es qui accompagnent des sorties scolaires. Il a affirm\u00e9 que le principe de neutralit\u00e9 religieuse devait s&rsquo;appliquer \u00e0 elles. Professeur de droit, ex-recteur de l&rsquo;acad\u00e9mie de Cr\u00e9teil, Jean-Michel Blanquer n&rsquo;est pourtant pas sans conna\u00eetre le contenu du livret la\u00efcit\u00e9 (<a href=\"http:\/\/cache.media.education.gouv.fr\/file\/laicite\/95\/8\/2015_livret_laicite_491958.pdf\" class=\"spip_out\">http:\/\/cache.media.education.gouv.fr\/file\/laicite\/95\/8\/2015_livret_laicite_491958.pdf<\/a>) paru en octobre 2015 et qui compl\u00e8te la charte de la la\u00efcit\u00e9 \u00e0 l&rsquo;Ecole de 2013 : (<a href=\"http:\/\/www.education.gouv.fr\/cid95865\/la-laicite-a-l-ecole.html\" class=\"spip_out\">http:\/\/www.education.gouv.fr\/cid95865\/la-laicite-a-l-ecole.html<\/a>).<\/p>\n<p class=\"spip\">Dans ce livret il est notamment rappel\u00e9 que \u00ab les parents accompagnant des sorties scolaires ne peuvent \u00eatre consid\u00e9r\u00e9s comme des agents auxiliaires du service public et soumis aux r\u00e8gles du service public. D\u00e8s lors, le principe est qu&rsquo;en tant qu&rsquo;usager du service public d&rsquo;\u00e9ducation, ils ne sont pas soumis \u00e0 l&rsquo;exigence de neutralit\u00e9 religieuse. [&#8230;] \u00bb<\/p>\n<p class=\"spip\">En compl\u00e9ment de la loi du 15 mars 2004, une circulaire en date du 18 mai 2004 pr\u00e9cisait que l&rsquo;interdiction du port de signes ou de tenues manifestant une appartenance religieuse dans les \u00e9coles et \u00e9tablissements publics d&rsquo;enseignement ne concernait pas les parents d&rsquo;\u00e9l\u00e8ves.<br \/>\nQuant \u00e0 elle, la circulaire de rentr\u00e9e de 2012 dite Chatel recommandait \u00ab de rappeler dans le r\u00e8glement int\u00e9rieur que les principes de la\u00efcit\u00e9 de l&rsquo;enseignement et de neutralit\u00e9 du service public sont pleinement applicables au sein des \u00e9tablissements scolaires publics. Ces principes permettent notamment d&#8217;emp\u00eacher que les parents d&rsquo;\u00e9l\u00e8ves ou tout autre intervenant manifestent, par leur tenue ou leurs propos, leurs convictions religieuses, politiques ou philosophiques lorsqu&rsquo;ils accompagnent les \u00e9l\u00e8ves lors des sorties et voyages scolaires \u00bb.<\/p>\n<p class=\"spip\">Saisi en septembre 2013 par le D\u00e9fenseur des droits qui faisait \u00e9tat de \u00ab zones d&rsquo;ombre \u00bb sur le texte de la circulaire, le Conseil d&rsquo;\u00c9tat rend un avis stipulant que les parents sont de simples \u00ab usagers \u00bb, n&rsquo;\u00e9tant ni \u00ab agents \u00bb ni \u00ab collaborateurs \u00bb du service public, seuls concern\u00e9s par \u00ab les exigences de neutralit\u00e9 religieuse \u00bb auxquels les parents d&rsquo;\u00e9l\u00e8ves ne sont pas l\u00e9galement soumis. Seul le \u00ab trouble \u00e0 l&rsquo;ordre public \u00bb pouvait alors motiver des exceptions. A cette occasion, le SNUipp-FSU avait d\u00e9clar\u00e9 que \u00ab la la\u00efcit\u00e9 doit favoriser la participation de toutes les familles \u00bb :<a href=\"https:\/\/www.snuipp.fr\/la-laicite-doit-favoriser-la\" class=\"spip_out\"> https:\/\/www.snuipp.fr\/la-laicite-doit-favoriser-la<\/a><\/p>\n<p class=\"spip\">Sur cette question, le TA de Montreuil avait en 2011 rendu un jugement favorable \u00e0 une d\u00e9cision de refuser qu&rsquo;une maman voil\u00e9e accompagne une sortie scolaire. Le TA de Nice a pris en 2015 une d\u00e9cision inverse en s&rsquo;appuyant sur l&rsquo;avis du conseil d&rsquo;Etat.<\/p>\n<p class=\"spip\">Les d\u00e9clarations du ministre, qui affirme \u00e9galement sa volont\u00e9 de consid\u00e9rer les parents d&rsquo;\u00e9l\u00e8ves comme des \u00ab collaborateurs b\u00e9n\u00e9voles du service public \u00bb afin de leur imposer cette neutralit\u00e9 religieuse, risquent de troubler les enseignant-es qui composaient sereinement, depuis l&rsquo;avis du Conseil d&rsquo;Etat, avec tous les membres de la communaut\u00e9 \u00e9ducative.<\/p>\n<p class=\"spip\">Le SNUipp-FSU rappelle que les pratiques enseignantes montrent qu&rsquo;il est tout \u00e0 fait possible \u00e0 la fois de faire respecter les principes de la\u00efcit\u00e9 en bannissant tout pros\u00e9lytisme et de favoriser la participation de toutes les familles.<\/p>\n<p class=\"spip\">Pour plus d&rsquo;information, l&rsquo;expression du SNUipp-FSU \u00e0 l&rsquo;occasion du 9 d\u00e9cembre 2017 <a href=\"https:\/\/www.snuipp.fr\/actualites\/posts\/laicite-encore-du-chemin-a-parcourir\" class=\"spip_out\">https:\/\/www.snuipp.fr\/actualites\/posts\/laicite-encore-du-chemin-a-parcourir<\/a><\/p>\n<\/div>\n","protected":false},"excerpt":{"rendered":"<p>Lors de son intervention du 10 d\u00e9cembre 2017, le ministre de l&rsquo;\u00e9ducation nationale a pris une position \u00ab personnelle \u00bb sur la question des m\u00e8res voil\u00e9es qui accompagnent des sorties scolaires. Il a affirm\u00e9 que le principe de neutralit\u00e9 religieuse devait s&rsquo;appliquer \u00e0 elles. Professeur de droit, ex-recteur de l&rsquo;acad\u00e9mie de Cr\u00e9teil, Jean-Michel Blanquer n&rsquo;est pourtant pas sans conna\u00eetre le contenu du livret la\u00efcit\u00e9 (&#8230;)<br \/>\n&#8211;<br \/>\n<a href=\"http:\/\/86.snuipp.fr\/spip.php?rubrique205\" rel=\"directory\">LES TEXTES OFFICIELS<\/a><br \/>\n\/<br \/>\n<a href=\"http:\/\/86.snuipp.fr\/spip.php?mot309\" rel=\"tag\">Les textes disent&#8230;<\/a><\/p>\n","protected":false},"author":1,"featured_media":0,"comment_status":"open","ping_status":"open","sticky":false,"template":"","format":"standard","meta":{"footnotes":""},"categories":[14],"tags":[],"class_list":["post-247","post","type-post","status-publish","format-standard","hentry","category-a-la-une"],"yoast_head":"<!-- This site is optimized with the Yoast SEO plugin v26.6 - https:\/\/yoast.com\/wordpress\/plugins\/seo\/ -->\n<title>Quelques rappels suite au propos du ministre sur la la\u00efcit\u00e9 \u00e0 l&#039;\u00e9cole et les sorties scolaires - FSU-SNUipp 86<\/title>\n<meta name=\"robots\" content=\"index, follow, max-snippet:-1, max-image-preview:large, max-video-preview:-1\" \/>\n<link rel=\"canonical\" href=\"https:\/\/snuipp86.fr\/index.php\/2017\/12\/18\/quelques-rappels-suite-au-propos-du-ministre-sur-la-lacit-lcole-et-les-sorties-scolaires\/\" \/>\n<meta property=\"og:locale\" content=\"fr_FR\" \/>\n<meta property=\"og:type\" content=\"article\" \/>\n<meta property=\"og:title\" content=\"Quelques rappels suite au propos du ministre sur la la\u00efcit\u00e9 \u00e0 l&#039;\u00e9cole et les sorties scolaires - FSU-SNUipp 86\" \/>\n<meta property=\"og:description\" content=\"Lors de son intervention du 10 d\u00e9cembre 2017, le ministre de l&#039;\u00e9ducation nationale a pris une position \u00ab personnelle \u00bb sur la question des m\u00e8res voil\u00e9es qui accompagnent des sorties scolaires. Il a affirm\u00e9 que le principe de neutralit\u00e9 religieuse devait s&#039;appliquer \u00e0 elles. Professeur de droit, ex-recteur de l&#039;acad\u00e9mie de Cr\u00e9teil, Jean-Michel Blanquer n&#039;est pourtant pas sans conna\u00eetre le contenu du livret la\u00efcit\u00e9 (...) - LES TEXTES OFFICIELS \/ Les textes disent...\" \/>\n<meta property=\"og:url\" content=\"https:\/\/snuipp86.fr\/index.php\/2017\/12\/18\/quelques-rappels-suite-au-propos-du-ministre-sur-la-lacit-lcole-et-les-sorties-scolaires\/\" \/>\n<meta property=\"og:site_name\" content=\"FSU-SNUipp 86\" \/>\n<meta property=\"article:published_time\" content=\"2017-12-18T16:24:51+00:00\" \/>\n<meta property=\"og:image\" content=\"http:\/\/snuipp86.fr\/wp-content\/spip\/IMG\/arton3584.jpg\" \/>\n<meta name=\"author\" content=\"WP86Admin\" \/>\n<meta name=\"twitter:card\" content=\"summary_large_image\" \/>\n<meta name=\"twitter:label1\" content=\"\u00c9crit par\" \/>\n\t<meta name=\"twitter:data1\" content=\"WP86Admin\" \/>\n\t<meta name=\"twitter:label2\" content=\"Dur\u00e9e de lecture estim\u00e9e\" \/>\n\t<meta name=\"twitter:data2\" content=\"3 minutes\" \/>\n<script type=\"application\/ld+json\" class=\"yoast-schema-graph\">{\"@context\":\"https:\/\/schema.org\",\"@graph\":[{\"@type\":\"WebPage\",\"@id\":\"https:\/\/snuipp86.fr\/index.php\/2017\/12\/18\/quelques-rappels-suite-au-propos-du-ministre-sur-la-lacit-lcole-et-les-sorties-scolaires\/\",\"url\":\"https:\/\/snuipp86.fr\/index.php\/2017\/12\/18\/quelques-rappels-suite-au-propos-du-ministre-sur-la-lacit-lcole-et-les-sorties-scolaires\/\",\"name\":\"Quelques rappels suite au propos du ministre sur la la\u00efcit\u00e9 \u00e0 l'\u00e9cole et les sorties scolaires - FSU-SNUipp 86\",\"isPartOf\":{\"@id\":\"https:\/\/snuipp86.fr\/#website\"},\"primaryImageOfPage\":{\"@id\":\"https:\/\/snuipp86.fr\/index.php\/2017\/12\/18\/quelques-rappels-suite-au-propos-du-ministre-sur-la-lacit-lcole-et-les-sorties-scolaires\/#primaryimage\"},\"image\":{\"@id\":\"https:\/\/snuipp86.fr\/index.php\/2017\/12\/18\/quelques-rappels-suite-au-propos-du-ministre-sur-la-lacit-lcole-et-les-sorties-scolaires\/#primaryimage\"},\"thumbnailUrl\":\"http:\/\/snuipp86.fr\/wp-content\/spip\/IMG\/arton3584.jpg\",\"datePublished\":\"2017-12-18T16:24:51+00:00\",\"author\":{\"@id\":\"https:\/\/snuipp86.fr\/#\/schema\/person\/901b28b9ae1c7a63a6a940102e52a7a2\"},\"breadcrumb\":{\"@id\":\"https:\/\/snuipp86.fr\/index.php\/2017\/12\/18\/quelques-rappels-suite-au-propos-du-ministre-sur-la-lacit-lcole-et-les-sorties-scolaires\/#breadcrumb\"},\"inLanguage\":\"fr-FR\",\"potentialAction\":[{\"@type\":\"ReadAction\",\"target\":[\"https:\/\/snuipp86.fr\/index.php\/2017\/12\/18\/quelques-rappels-suite-au-propos-du-ministre-sur-la-lacit-lcole-et-les-sorties-scolaires\/\"]}]},{\"@type\":\"ImageObject\",\"inLanguage\":\"fr-FR\",\"@id\":\"https:\/\/snuipp86.fr\/index.php\/2017\/12\/18\/quelques-rappels-suite-au-propos-du-ministre-sur-la-lacit-lcole-et-les-sorties-scolaires\/#primaryimage\",\"url\":\"http:\/\/snuipp86.fr\/wp-content\/spip\/IMG\/arton3584.jpg\",\"contentUrl\":\"http:\/\/snuipp86.fr\/wp-content\/spip\/IMG\/arton3584.jpg\"},{\"@type\":\"BreadcrumbList\",\"@id\":\"https:\/\/snuipp86.fr\/index.php\/2017\/12\/18\/quelques-rappels-suite-au-propos-du-ministre-sur-la-lacit-lcole-et-les-sorties-scolaires\/#breadcrumb\",\"itemListElement\":[{\"@type\":\"ListItem\",\"position\":1,\"name\":\"Accueil\",\"item\":\"https:\/\/snuipp86.fr\/\"},{\"@type\":\"ListItem\",\"position\":2,\"name\":\"Quelques rappels suite au propos du ministre sur la la\u00efcit\u00e9 \u00e0 l&#8217;\u00e9cole et les sorties scolaires\"}]},{\"@type\":\"WebSite\",\"@id\":\"https:\/\/snuipp86.fr\/#website\",\"url\":\"https:\/\/snuipp86.fr\/\",\"name\":\"FSU-SNUipp 86\",\"description\":\"Des id\u00e9es qui font l&#039;\u00e9cole\",\"potentialAction\":[{\"@type\":\"SearchAction\",\"target\":{\"@type\":\"EntryPoint\",\"urlTemplate\":\"https:\/\/snuipp86.fr\/?s={search_term_string}\"},\"query-input\":{\"@type\":\"PropertyValueSpecification\",\"valueRequired\":true,\"valueName\":\"search_term_string\"}}],\"inLanguage\":\"fr-FR\"},{\"@type\":\"Person\",\"@id\":\"https:\/\/snuipp86.fr\/#\/schema\/person\/901b28b9ae1c7a63a6a940102e52a7a2\",\"name\":\"WP86Admin\",\"image\":{\"@type\":\"ImageObject\",\"inLanguage\":\"fr-FR\",\"@id\":\"https:\/\/snuipp86.fr\/#\/schema\/person\/image\/\",\"url\":\"https:\/\/secure.gravatar.com\/avatar\/0099845c7ec05dc10d777d8ab4f5142c5ba316283821af2459738ad469a37a1a?s=96&d=mm&r=g\",\"contentUrl\":\"https:\/\/secure.gravatar.com\/avatar\/0099845c7ec05dc10d777d8ab4f5142c5ba316283821af2459738ad469a37a1a?s=96&d=mm&r=g\",\"caption\":\"WP86Admin\"},\"url\":\"https:\/\/snuipp86.fr\/index.php\/author\/wp86admin\/\"}]}<\/script>\n<!-- \/ Yoast SEO plugin. -->","yoast_head_json":{"title":"Quelques rappels suite au propos du ministre sur la la\u00efcit\u00e9 \u00e0 l'\u00e9cole et les sorties scolaires - FSU-SNUipp 86","robots":{"index":"index","follow":"follow","max-snippet":"max-snippet:-1","max-image-preview":"max-image-preview:large","max-video-preview":"max-video-preview:-1"},"canonical":"https:\/\/snuipp86.fr\/index.php\/2017\/12\/18\/quelques-rappels-suite-au-propos-du-ministre-sur-la-lacit-lcole-et-les-sorties-scolaires\/","og_locale":"fr_FR","og_type":"article","og_title":"Quelques rappels suite au propos du ministre sur la la\u00efcit\u00e9 \u00e0 l'\u00e9cole et les sorties scolaires - FSU-SNUipp 86","og_description":"Lors de son intervention du 10 d\u00e9cembre 2017, le ministre de l'\u00e9ducation nationale a pris une position \u00ab personnelle \u00bb sur la question des m\u00e8res voil\u00e9es qui accompagnent des sorties scolaires. Il a affirm\u00e9 que le principe de neutralit\u00e9 religieuse devait s'appliquer \u00e0 elles. Professeur de droit, ex-recteur de l'acad\u00e9mie de Cr\u00e9teil, Jean-Michel Blanquer n'est pourtant pas sans conna\u00eetre le contenu du livret la\u00efcit\u00e9 (...) - LES TEXTES OFFICIELS \/ Les textes disent...","og_url":"https:\/\/snuipp86.fr\/index.php\/2017\/12\/18\/quelques-rappels-suite-au-propos-du-ministre-sur-la-lacit-lcole-et-les-sorties-scolaires\/","og_site_name":"FSU-SNUipp 86","article_published_time":"2017-12-18T16:24:51+00:00","og_image":[{"url":"http:\/\/snuipp86.fr\/wp-content\/spip\/IMG\/arton3584.jpg","type":"","width":"","height":""}],"author":"WP86Admin","twitter_card":"summary_large_image","twitter_misc":{"\u00c9crit par":"WP86Admin","Dur\u00e9e de lecture estim\u00e9e":"3 minutes"},"schema":{"@context":"https:\/\/schema.org","@graph":[{"@type":"WebPage","@id":"https:\/\/snuipp86.fr\/index.php\/2017\/12\/18\/quelques-rappels-suite-au-propos-du-ministre-sur-la-lacit-lcole-et-les-sorties-scolaires\/","url":"https:\/\/snuipp86.fr\/index.php\/2017\/12\/18\/quelques-rappels-suite-au-propos-du-ministre-sur-la-lacit-lcole-et-les-sorties-scolaires\/","name":"Quelques rappels suite au propos du ministre sur la la\u00efcit\u00e9 \u00e0 l'\u00e9cole et les sorties scolaires - FSU-SNUipp 86","isPartOf":{"@id":"https:\/\/snuipp86.fr\/#website"},"primaryImageOfPage":{"@id":"https:\/\/snuipp86.fr\/index.php\/2017\/12\/18\/quelques-rappels-suite-au-propos-du-ministre-sur-la-lacit-lcole-et-les-sorties-scolaires\/#primaryimage"},"image":{"@id":"https:\/\/snuipp86.fr\/index.php\/2017\/12\/18\/quelques-rappels-suite-au-propos-du-ministre-sur-la-lacit-lcole-et-les-sorties-scolaires\/#primaryimage"},"thumbnailUrl":"http:\/\/snuipp86.fr\/wp-content\/spip\/IMG\/arton3584.jpg","datePublished":"2017-12-18T16:24:51+00:00","author":{"@id":"https:\/\/snuipp86.fr\/#\/schema\/person\/901b28b9ae1c7a63a6a940102e52a7a2"},"breadcrumb":{"@id":"https:\/\/snuipp86.fr\/index.php\/2017\/12\/18\/quelques-rappels-suite-au-propos-du-ministre-sur-la-lacit-lcole-et-les-sorties-scolaires\/#breadcrumb"},"inLanguage":"fr-FR","potentialAction":[{"@type":"ReadAction","target":["https:\/\/snuipp86.fr\/index.php\/2017\/12\/18\/quelques-rappels-suite-au-propos-du-ministre-sur-la-lacit-lcole-et-les-sorties-scolaires\/"]}]},{"@type":"ImageObject","inLanguage":"fr-FR","@id":"https:\/\/snuipp86.fr\/index.php\/2017\/12\/18\/quelques-rappels-suite-au-propos-du-ministre-sur-la-lacit-lcole-et-les-sorties-scolaires\/#primaryimage","url":"http:\/\/snuipp86.fr\/wp-content\/spip\/IMG\/arton3584.jpg","contentUrl":"http:\/\/snuipp86.fr\/wp-content\/spip\/IMG\/arton3584.jpg"},{"@type":"BreadcrumbList","@id":"https:\/\/snuipp86.fr\/index.php\/2017\/12\/18\/quelques-rappels-suite-au-propos-du-ministre-sur-la-lacit-lcole-et-les-sorties-scolaires\/#breadcrumb","itemListElement":[{"@type":"ListItem","position":1,"name":"Accueil","item":"https:\/\/snuipp86.fr\/"},{"@type":"ListItem","position":2,"name":"Quelques rappels suite au propos du ministre sur la la\u00efcit\u00e9 \u00e0 l&#8217;\u00e9cole et les sorties scolaires"}]},{"@type":"WebSite","@id":"https:\/\/snuipp86.fr\/#website","url":"https:\/\/snuipp86.fr\/","name":"FSU-SNUipp 86","description":"Des id\u00e9es qui font l&#039;\u00e9cole","potentialAction":[{"@type":"SearchAction","target":{"@type":"EntryPoint","urlTemplate":"https:\/\/snuipp86.fr\/?s={search_term_string}"},"query-input":{"@type":"PropertyValueSpecification","valueRequired":true,"valueName":"search_term_string"}}],"inLanguage":"fr-FR"},{"@type":"Person","@id":"https:\/\/snuipp86.fr\/#\/schema\/person\/901b28b9ae1c7a63a6a940102e52a7a2","name":"WP86Admin","image":{"@type":"ImageObject","inLanguage":"fr-FR","@id":"https:\/\/snuipp86.fr\/#\/schema\/person\/image\/","url":"https:\/\/secure.gravatar.com\/avatar\/0099845c7ec05dc10d777d8ab4f5142c5ba316283821af2459738ad469a37a1a?s=96&d=mm&r=g","contentUrl":"https:\/\/secure.gravatar.com\/avatar\/0099845c7ec05dc10d777d8ab4f5142c5ba316283821af2459738ad469a37a1a?s=96&d=mm&r=g","caption":"WP86Admin"},"url":"https:\/\/snuipp86.fr\/index.php\/author\/wp86admin\/"}]}},"_links":{"self":[{"href":"https:\/\/snuipp86.fr\/index.php\/wp-json\/wp\/v2\/posts\/247","targetHints":{"allow":["GET"]}}],"collection":[{"href":"https:\/\/snuipp86.fr\/index.php\/wp-json\/wp\/v2\/posts"}],"about":[{"href":"https:\/\/snuipp86.fr\/index.php\/wp-json\/wp\/v2\/types\/post"}],"author":[{"embeddable":true,"href":"https:\/\/snuipp86.fr\/index.php\/wp-json\/wp\/v2\/users\/1"}],"replies":[{"embeddable":true,"href":"https:\/\/snuipp86.fr\/index.php\/wp-json\/wp\/v2\/comments?post=247"}],"version-history":[{"count":0,"href":"https:\/\/snuipp86.fr\/index.php\/wp-json\/wp\/v2\/posts\/247\/revisions"}],"wp:attachment":[{"href":"https:\/\/snuipp86.fr\/index.php\/wp-json\/wp\/v2\/media?parent=247"}],"wp:term":[{"taxonomy":"category","embeddable":true,"href":"https:\/\/snuipp86.fr\/index.php\/wp-json\/wp\/v2\/categories?post=247"},{"taxonomy":"post_tag","embeddable":true,"href":"https:\/\/snuipp86.fr\/index.php\/wp-json\/wp\/v2\/tags?post=247"}],"curies":[{"name":"wp","href":"https:\/\/api.w.org\/{rel}","templated":true}]}}