{"id":24861,"date":"2023-12-12T15:31:47","date_gmt":"2023-12-12T14:31:47","guid":{"rendered":"https:\/\/snuipp86.fr\/?p=24861"},"modified":"2023-12-12T15:31:47","modified_gmt":"2023-12-12T14:31:47","slug":"colos-2024-partenaires","status":"publish","type":"post","link":"https:\/\/snuipp86.fr\/index.php\/2023\/12\/12\/colos-2024-partenaires\/","title":{"rendered":"COLOS 2024 &#8211; partenaires"},"content":{"rendered":"<p>La SRIAS Nouvelle-Aquitaine subventionnera les s\u00e9jours\u00a0 avec les prestataires suivants :<\/p>\n<p><a href=\"https:\/\/www.aroeven.fr\">AROEVEN<\/a><\/p>\n<p><a href=\"http:\/\/www.action-sejours.com\">ACTION SEJOURS<\/a><\/p>\n<p><a href=\"https:\/\/centrecoloniedevacancecapbreton.fr\/informations-pratiques\/\">AMICALE DE NERAC<\/a><\/p>\n<p><a href=\"https:\/\/www.cgcv.org\/com\/homepage\">CGCV<\/a><\/p>\n<p><a href=\"https:\/\/www.ucpa.com\/?gad_source=1&amp;gclid=CjwKCAiA98WrBhAYEiwA2WvhOhWNDCDOIUrut7ftEr6Z-VNr5tTPXtVajFGYXt-SDIfr1sfmwADeiBoClzgQAvD_BwE\">UCPA<\/a><\/p>\n<p><a href=\"https:\/\/valt.com\/\">VALT<\/a><\/p>\n<p>Les conventions pour 2024 sont en cours de r\u00e9daction. Les offres seront \u00e0 suivre d&rsquo;ici 2024.<\/p>\n","protected":false},"excerpt":{"rendered":"<p>La SRIAS Nouvelle-Aquitaine subventionnera les s\u00e9jours\u00a0 avec les prestataires suivants : AROEVEN ACTION SEJOURS AMICALE DE NERAC CGCV UCPA VALT Les conventions pour 2024 sont en cours de r\u00e9daction. Les offres seront \u00e0 suivre d&rsquo;ici 2024.<\/p>\n","protected":false},"author":7,"featured_media":22381,"comment_status":"closed","ping_status":"closed","sticky":false,"template":"","format":"standard","meta":{"footnotes":""},"categories":[1],"tags":[54],"class_list":["post-24861","post","type-post","status-publish","format-standard","has-post-thumbnail","hentry","category-non-classe","tag-action-sociale"],"yoast_head":"<!-- This site is optimized with the Yoast SEO plugin v26.6 - https:\/\/yoast.com\/wordpress\/plugins\/seo\/ -->\n<title>COLOS 2024 - partenaires - FSU-SNUipp 86<\/title>\n<meta name=\"robots\" content=\"index, follow, max-snippet:-1, max-image-preview:large, max-video-preview:-1\" \/>\n<link rel=\"canonical\" href=\"https:\/\/snuipp86.fr\/index.php\/2023\/12\/12\/colos-2024-partenaires\/\" \/>\n<meta property=\"og:locale\" content=\"fr_FR\" \/>\n<meta property=\"og:type\" content=\"article\" \/>\n<meta property=\"og:title\" content=\"COLOS 2024 - partenaires - FSU-SNUipp 86\" \/>\n<meta property=\"og:description\" content=\"La SRIAS Nouvelle-Aquitaine subventionnera les s\u00e9jours\u00a0 avec les prestataires suivants : AROEVEN ACTION SEJOURS AMICALE DE NERAC CGCV UCPA VALT Les conventions pour 2024 sont en cours de r\u00e9daction. Les offres seront \u00e0 suivre d&rsquo;ici 2024.\" \/>\n<meta property=\"og:url\" content=\"https:\/\/snuipp86.fr\/index.php\/2023\/12\/12\/colos-2024-partenaires\/\" \/>\n<meta property=\"og:site_name\" content=\"FSU-SNUipp 86\" \/>\n<meta property=\"article:published_time\" content=\"2023-12-12T14:31:47+00:00\" \/>\n<meta property=\"og:image\" content=\"https:\/\/snuipp86.fr\/wp-content\/uploads\/2022\/05\/colo-montagne.jpg\" \/>\n\t<meta property=\"og:image:width\" content=\"612\" \/>\n\t<meta property=\"og:image:height\" content=\"408\" \/>\n\t<meta property=\"og:image:type\" content=\"image\/jpeg\" \/>\n<meta name=\"author\" content=\"Emilie Bordes\" \/>\n<meta name=\"twitter:card\" content=\"summary_large_image\" \/>\n<meta name=\"twitter:label1\" content=\"\u00c9crit par\" \/>\n\t<meta name=\"twitter:data1\" content=\"Emilie Bordes\" \/>\n\t<meta name=\"twitter:label2\" content=\"Dur\u00e9e de lecture estim\u00e9e\" \/>\n\t<meta name=\"twitter:data2\" content=\"1 minute\" \/>\n<script type=\"application\/ld+json\" class=\"yoast-schema-graph\">{\"@context\":\"https:\/\/schema.org\",\"@graph\":[{\"@type\":\"WebPage\",\"@id\":\"https:\/\/snuipp86.fr\/index.php\/2023\/12\/12\/colos-2024-partenaires\/\",\"url\":\"https:\/\/snuipp86.fr\/index.php\/2023\/12\/12\/colos-2024-partenaires\/\",\"name\":\"COLOS 2024 - partenaires - FSU-SNUipp 86\",\"isPartOf\":{\"@id\":\"https:\/\/snuipp86.fr\/#website\"},\"primaryImageOfPage\":{\"@id\":\"https:\/\/snuipp86.fr\/index.php\/2023\/12\/12\/colos-2024-partenaires\/#primaryimage\"},\"image\":{\"@id\":\"https:\/\/snuipp86.fr\/index.php\/2023\/12\/12\/colos-2024-partenaires\/#primaryimage\"},\"thumbnailUrl\":\"https:\/\/snuipp86.fr\/wp-content\/uploads\/2022\/05\/colo-montagne.jpg\",\"datePublished\":\"2023-12-12T14:31:47+00:00\",\"author\":{\"@id\":\"https:\/\/snuipp86.fr\/#\/schema\/person\/32551eb3043810865742a1acf011001d\"},\"breadcrumb\":{\"@id\":\"https:\/\/snuipp86.fr\/index.php\/2023\/12\/12\/colos-2024-partenaires\/#breadcrumb\"},\"inLanguage\":\"fr-FR\",\"potentialAction\":[{\"@type\":\"ReadAction\",\"target\":[\"https:\/\/snuipp86.fr\/index.php\/2023\/12\/12\/colos-2024-partenaires\/\"]}]},{\"@type\":\"ImageObject\",\"inLanguage\":\"fr-FR\",\"@id\":\"https:\/\/snuipp86.fr\/index.php\/2023\/12\/12\/colos-2024-partenaires\/#primaryimage\",\"url\":\"https:\/\/snuipp86.fr\/wp-content\/uploads\/2022\/05\/colo-montagne.jpg\",\"contentUrl\":\"https:\/\/snuipp86.fr\/wp-content\/uploads\/2022\/05\/colo-montagne.jpg\",\"width\":612,\"height\":408,\"caption\":\"Girl hiking on beautiful summer day in alps mountains Austria, resting on rock and admire amazing view to mountain peaks. Active family vacation leisure with kids. Outdoor fun and healthy activity\"},{\"@type\":\"BreadcrumbList\",\"@id\":\"https:\/\/snuipp86.fr\/index.php\/2023\/12\/12\/colos-2024-partenaires\/#breadcrumb\",\"itemListElement\":[{\"@type\":\"ListItem\",\"position\":1,\"name\":\"Accueil\",\"item\":\"https:\/\/snuipp86.fr\/\"},{\"@type\":\"ListItem\",\"position\":2,\"name\":\"COLOS 2024 &#8211; partenaires\"}]},{\"@type\":\"WebSite\",\"@id\":\"https:\/\/snuipp86.fr\/#website\",\"url\":\"https:\/\/snuipp86.fr\/\",\"name\":\"FSU-SNUipp 86\",\"description\":\"Des id\u00e9es qui font l&#039;\u00e9cole\",\"potentialAction\":[{\"@type\":\"SearchAction\",\"target\":{\"@type\":\"EntryPoint\",\"urlTemplate\":\"https:\/\/snuipp86.fr\/?s={search_term_string}\"},\"query-input\":{\"@type\":\"PropertyValueSpecification\",\"valueRequired\":true,\"valueName\":\"search_term_string\"}}],\"inLanguage\":\"fr-FR\"},{\"@type\":\"Person\",\"@id\":\"https:\/\/snuipp86.fr\/#\/schema\/person\/32551eb3043810865742a1acf011001d\",\"name\":\"Emilie Bordes\",\"image\":{\"@type\":\"ImageObject\",\"inLanguage\":\"fr-FR\",\"@id\":\"https:\/\/snuipp86.fr\/#\/schema\/person\/image\/\",\"url\":\"https:\/\/secure.gravatar.com\/avatar\/571abcf3c12ab1aaba66450f3ac5c0f8355284f01f7342dd440489ae804a109e?s=96&d=mm&r=g\",\"contentUrl\":\"https:\/\/secure.gravatar.com\/avatar\/571abcf3c12ab1aaba66450f3ac5c0f8355284f01f7342dd440489ae804a109e?s=96&d=mm&r=g\",\"caption\":\"Emilie Bordes\"},\"url\":\"https:\/\/snuipp86.fr\/index.php\/author\/ebordes\/\"}]}<\/script>\n<!-- \/ Yoast SEO plugin. -->","yoast_head_json":{"title":"COLOS 2024 - partenaires - FSU-SNUipp 86","robots":{"index":"index","follow":"follow","max-snippet":"max-snippet:-1","max-image-preview":"max-image-preview:large","max-video-preview":"max-video-preview:-1"},"canonical":"https:\/\/snuipp86.fr\/index.php\/2023\/12\/12\/colos-2024-partenaires\/","og_locale":"fr_FR","og_type":"article","og_title":"COLOS 2024 - partenaires - FSU-SNUipp 86","og_description":"La SRIAS Nouvelle-Aquitaine subventionnera les s\u00e9jours\u00a0 avec les prestataires suivants : AROEVEN ACTION SEJOURS AMICALE DE NERAC CGCV UCPA VALT Les conventions pour 2024 sont en cours de r\u00e9daction. Les offres seront \u00e0 suivre d&rsquo;ici 2024.","og_url":"https:\/\/snuipp86.fr\/index.php\/2023\/12\/12\/colos-2024-partenaires\/","og_site_name":"FSU-SNUipp 86","article_published_time":"2023-12-12T14:31:47+00:00","og_image":[{"width":612,"height":408,"url":"https:\/\/snuipp86.fr\/wp-content\/uploads\/2022\/05\/colo-montagne.jpg","type":"image\/jpeg"}],"author":"Emilie Bordes","twitter_card":"summary_large_image","twitter_misc":{"\u00c9crit par":"Emilie Bordes","Dur\u00e9e de lecture estim\u00e9e":"1 minute"},"schema":{"@context":"https:\/\/schema.org","@graph":[{"@type":"WebPage","@id":"https:\/\/snuipp86.fr\/index.php\/2023\/12\/12\/colos-2024-partenaires\/","url":"https:\/\/snuipp86.fr\/index.php\/2023\/12\/12\/colos-2024-partenaires\/","name":"COLOS 2024 - partenaires - FSU-SNUipp 86","isPartOf":{"@id":"https:\/\/snuipp86.fr\/#website"},"primaryImageOfPage":{"@id":"https:\/\/snuipp86.fr\/index.php\/2023\/12\/12\/colos-2024-partenaires\/#primaryimage"},"image":{"@id":"https:\/\/snuipp86.fr\/index.php\/2023\/12\/12\/colos-2024-partenaires\/#primaryimage"},"thumbnailUrl":"https:\/\/snuipp86.fr\/wp-content\/uploads\/2022\/05\/colo-montagne.jpg","datePublished":"2023-12-12T14:31:47+00:00","author":{"@id":"https:\/\/snuipp86.fr\/#\/schema\/person\/32551eb3043810865742a1acf011001d"},"breadcrumb":{"@id":"https:\/\/snuipp86.fr\/index.php\/2023\/12\/12\/colos-2024-partenaires\/#breadcrumb"},"inLanguage":"fr-FR","potentialAction":[{"@type":"ReadAction","target":["https:\/\/snuipp86.fr\/index.php\/2023\/12\/12\/colos-2024-partenaires\/"]}]},{"@type":"ImageObject","inLanguage":"fr-FR","@id":"https:\/\/snuipp86.fr\/index.php\/2023\/12\/12\/colos-2024-partenaires\/#primaryimage","url":"https:\/\/snuipp86.fr\/wp-content\/uploads\/2022\/05\/colo-montagne.jpg","contentUrl":"https:\/\/snuipp86.fr\/wp-content\/uploads\/2022\/05\/colo-montagne.jpg","width":612,"height":408,"caption":"Girl hiking on beautiful summer day in alps mountains Austria, resting on rock and admire amazing view to mountain peaks. Active family vacation leisure with kids. Outdoor fun and healthy activity"},{"@type":"BreadcrumbList","@id":"https:\/\/snuipp86.fr\/index.php\/2023\/12\/12\/colos-2024-partenaires\/#breadcrumb","itemListElement":[{"@type":"ListItem","position":1,"name":"Accueil","item":"https:\/\/snuipp86.fr\/"},{"@type":"ListItem","position":2,"name":"COLOS 2024 &#8211; partenaires"}]},{"@type":"WebSite","@id":"https:\/\/snuipp86.fr\/#website","url":"https:\/\/snuipp86.fr\/","name":"FSU-SNUipp 86","description":"Des id\u00e9es qui font l&#039;\u00e9cole","potentialAction":[{"@type":"SearchAction","target":{"@type":"EntryPoint","urlTemplate":"https:\/\/snuipp86.fr\/?s={search_term_string}"},"query-input":{"@type":"PropertyValueSpecification","valueRequired":true,"valueName":"search_term_string"}}],"inLanguage":"fr-FR"},{"@type":"Person","@id":"https:\/\/snuipp86.fr\/#\/schema\/person\/32551eb3043810865742a1acf011001d","name":"Emilie Bordes","image":{"@type":"ImageObject","inLanguage":"fr-FR","@id":"https:\/\/snuipp86.fr\/#\/schema\/person\/image\/","url":"https:\/\/secure.gravatar.com\/avatar\/571abcf3c12ab1aaba66450f3ac5c0f8355284f01f7342dd440489ae804a109e?s=96&d=mm&r=g","contentUrl":"https:\/\/secure.gravatar.com\/avatar\/571abcf3c12ab1aaba66450f3ac5c0f8355284f01f7342dd440489ae804a109e?s=96&d=mm&r=g","caption":"Emilie Bordes"},"url":"https:\/\/snuipp86.fr\/index.php\/author\/ebordes\/"}]}},"_links":{"self":[{"href":"https:\/\/snuipp86.fr\/index.php\/wp-json\/wp\/v2\/posts\/24861","targetHints":{"allow":["GET"]}}],"collection":[{"href":"https:\/\/snuipp86.fr\/index.php\/wp-json\/wp\/v2\/posts"}],"about":[{"href":"https:\/\/snuipp86.fr\/index.php\/wp-json\/wp\/v2\/types\/post"}],"author":[{"embeddable":true,"href":"https:\/\/snuipp86.fr\/index.php\/wp-json\/wp\/v2\/users\/7"}],"replies":[{"embeddable":true,"href":"https:\/\/snuipp86.fr\/index.php\/wp-json\/wp\/v2\/comments?post=24861"}],"version-history":[{"count":0,"href":"https:\/\/snuipp86.fr\/index.php\/wp-json\/wp\/v2\/posts\/24861\/revisions"}],"wp:featuredmedia":[{"embeddable":true,"href":"https:\/\/snuipp86.fr\/index.php\/wp-json\/wp\/v2\/media\/22381"}],"wp:attachment":[{"href":"https:\/\/snuipp86.fr\/index.php\/wp-json\/wp\/v2\/media?parent=24861"}],"wp:term":[{"taxonomy":"category","embeddable":true,"href":"https:\/\/snuipp86.fr\/index.php\/wp-json\/wp\/v2\/categories?post=24861"},{"taxonomy":"post_tag","embeddable":true,"href":"https:\/\/snuipp86.fr\/index.php\/wp-json\/wp\/v2\/tags?post=24861"}],"curies":[{"name":"wp","href":"https:\/\/api.w.org\/{rel}","templated":true}]}}