{"id":24881,"date":"2023-12-12T14:31:11","date_gmt":"2023-12-12T13:31:11","guid":{"rendered":"https:\/\/snuipp86.fr\/?p=24881"},"modified":"2023-12-12T14:31:45","modified_gmt":"2023-12-12T13:31:45","slug":"compte-rendu-rdv-avec-la-direction-de-linspe-du-11-decembre","status":"publish","type":"post","link":"https:\/\/snuipp86.fr\/index.php\/2023\/12\/12\/compte-rendu-rdv-avec-la-direction-de-linspe-du-11-decembre\/","title":{"rendered":"Compte-rendu RDV avec la direction de l&rsquo;Inspe du 11 d\u00e9cembre"},"content":{"rendered":"<p><b>Pr\u00e9sent-es : <\/b><span style=\"font-weight: 400;\">D. Alamargot (directeur de l\u2019INSPE Poitou-Charentes), Ga\u00ebl Leroux (FSU-SNUipp16), Peggy Soulaine et B\u00e9atrice Lecomte (FSU-SNUipp17), Olivier Lesquelen et Anne-Laure Salmon (FSU-SNUipp79), Mathieu Menaut-Lourtas (FSU-SNUipp86).<\/span><\/p>\n<p><span style=\"font-weight: 400;\">L\u2019INSPE a fait parvenir aux stagiaires des questionnaires. De notre c\u00f4t\u00e9, nous avons questionn\u00e9 les stagiaires pour conna\u00eetre ressentis et attentes.<\/span><\/p>\n<h1><span style=\"color: #0000ff;\"><b>Organisation de la formation\u00a0<\/b><\/span><\/h1>\n<ul>\n<li style=\"font-weight: 400;\" aria-level=\"1\"><span style=\"font-weight: 400;\">Les stagiaires Niortais qui se rendent \u00e0 La Rochelle ( et inversement) pour leur formation n\u2019ont pas acc\u00e8s \u00e0 leur emploi du temps.\u00a0<\/span><\/li>\n<\/ul>\n<p><b>R\u00e9ponses du directeur de l\u2019INSPE : <\/b><span style=\"font-weight: 400;\">il explique o\u00f9 r\u00e9side l\u2019\u00e9l\u00e9ment de blocage et avoue \u00eatre d\u00e9muni pour le moment. Il propose pour le moment un groupe Whatsapp pour les \u00e9changes. Les stagiaires sont consid\u00e9r\u00e9-es comme des \u00e9tudiant-es lorsqu\u2019ils et elles sont en formation, et leurs emplois du temps sont envoy\u00e9s sur leur adresse univ-poitiers. Il faut donc faire attention \u00e0 consulter les deux adresses.<\/span><\/p>\n<ul>\n<li style=\"font-weight: 400;\" aria-level=\"1\"><span style=\"font-weight: 400;\">Les stagiaires 100% font un retour positif des semaines de formation \u00e0 l\u2019INSPE comme des bouff\u00e9es d\u2019oxyg\u00e8ne, de prise de distance par rapport \u00e0 la charge li\u00e9e \u00e0 la gestion de classe.<\/span><\/li>\n<\/ul>\n<p><b>Le directeur de l\u2019INSPE<\/b><span style=\"font-weight: 400;\"> estime que le travail avec les DSDEN doit perdurer pour continuer \u00e0 chercher l\u2019ad\u00e9quation entre les n\u00e9cessit\u00e9s de formation et les besoins des stagiaires.<\/span><\/p>\n<ul>\n<li style=\"font-weight: 400;\" aria-level=\"1\"><span style=\"font-weight: 400;\">Les stagiaires font \u00e9tat d&rsquo;une tr\u00e8s grande fatigue engendr\u00e9e par les temps de trajet accrus.<\/span><\/li>\n<\/ul>\n<p><b>R\u00e9ponse du directeur de l\u2019INSPE :<\/b><span style=\"font-weight: 400;\"> les budgets allou\u00e9s \u00e0 la formation ne permettront pas de remettre en cause l\u2019alternance de la formation sur 2 sites. Le seul levier \u00e0 disposition de l\u2019INSPE est la vigilance port\u00e9e aux horaires des journ\u00e9es de formation pour qu\u2019elles soient compatibles avec une vie de famille.\u00a0<\/span><\/p>\n<ul>\n<li style=\"font-weight: 400;\" aria-level=\"1\"><span style=\"font-weight: 400;\">\u00c0 La Rochelle, les stagiaires sont inqui\u00e9t\u00e9-es par le co\u00fbt financier et la charge mentale suppl\u00e9mentaires engendr\u00e9s par le fait que les parkings \u00e0 proximit\u00e9 de l\u2019INSPE vont devenir payants.<\/span><\/li>\n<li style=\"font-weight: 400;\" aria-level=\"1\"><span style=\"font-weight: 400;\">\u00c0 La Rochelle, un seul micro-onde est \u00e0 disposition des \u00e9tudiant\u00b7es, ne permettant pas de prendre une pause avec un repas chaud.<\/span><\/li>\n<\/ul>\n<h1><span style=\"color: #0000ff;\"><b>Contenu de formation<\/b><\/span><\/h1>\n<ul>\n<li style=\"font-weight: 400;\" aria-level=\"1\"><span style=\"font-weight: 400;\">Sur les aspects p\u00e9dagogiques, quelques t\u00e9moignages font \u00e9tat de contenus de formation \u00e9loign\u00e9s des probl\u00e9matiques (notamment pour celles et ceux qui enseignent en cycle 1).<\/span><\/li>\n<li style=\"font-weight: 400;\" aria-level=\"1\"><span style=\"font-weight: 400;\">Les stagiaires de Poitiers\/Angoul\u00eame font \u00e9tat de difficult\u00e9s li\u00e9es \u00e0 des contenus de formation diff\u00e9rents selon qu\u2019ils et elles re\u00e7oivent la formation sur Poitiers ou Angoul\u00eame. Cela entra\u00eene des difficult\u00e9s dans les bin\u00f4mes.\u00a0<\/span><\/li>\n<\/ul>\n<h1><span style=\"color: #0000ff;\"><b>Versement des indemnit\u00e9s et gratifications\u00a0<\/b><\/span><\/h1>\n<p><span style=\"font-weight: 400;\">L\u2019essentiel des retours au questionnaire adress\u00e9 par l\u2019INSPE concerne la mise en paiement tardive des gratifications ainsi que l\u2019organisation des d\u00e9placements et leur indemnisation.\u00a0<\/span><\/p>\n<p><b>R\u00e9ponse du directeur de l\u2019INSPE :<\/b><span style=\"font-weight: 400;\"> l\u2019explication du versement tardif des indemnit\u00e9s et gratifications r\u00e9side dans la saisie des temps de pr\u00e9sence r\u00e9ellement effectu\u00e9, ce qui entra\u00eene un d\u00e9calage de 2 voire 3 mois du versement des indemnit\u00e9s et gratification.\u00a0<\/span><\/p>\n<p><span style=\"font-weight: 400;\">Nous faisons remarquer que l\u2019IFF \u00e9tant forfaitaire, son versement n\u2019est pas soumis au constat effectif de la pr\u00e9sence de l\u2019agent et ne devrait pas souffrir de tels d\u00e9calages.\u00a0<\/span><\/p>\n<p><b>Le directeur de l\u2019INSPE<\/b><span style=\"font-weight: 400;\"> va relancer la DIBAG pour que soient r\u00e9solues au plus vite les probl\u00e9matiques financi\u00e8res et que des r\u00e9ponses soient apport\u00e9es aux stagiaires qui ont demand\u00e9 un calcul d\u2019indemnit\u00e9 2006.<\/span><\/p>\n<h1><span style=\"color: #0000ff;\"><b>Conditions de formation <\/b><\/span><span style=\"font-weight: 400;\">\u00a0<\/span><\/h1>\n<ul>\n<li style=\"font-weight: 400;\" aria-level=\"1\"><span style=\"font-weight: 400;\">Les PEMF et MAT font \u00e9tat d\u2019une grande f\u00e9brilit\u00e9 des M2.<\/span><\/li>\n<li style=\"font-weight: 400;\" aria-level=\"1\"><span style=\"font-weight: 400;\">Pour les PEES 100%, des stagiaires se retrouvent en grande difficult\u00e9 de formation du fait de climat scolaire d\u00e9favorable \u00e0 l\u2019appropriation des objectifs de formation.<\/span><\/li>\n<\/ul>\n<p><span style=\"font-weight: 400;\">La FSU-SNUipp demande \u00e0 \u00eatre associ\u00e9e en GT \u00e0 la constitution de la carte des berceaux, en mettant \u00e0 profit sa connaissance du terrain.\u00a0<\/span><\/p>\n<h1><span style=\"color: #0000ff;\">Perspectives\u00a0<\/span><\/h1>\n<p><span style=\"font-weight: 400;\">La Direction est actuellement en n\u00e9gociation avec la DSDEN sur la possibilit\u00e9 de mettre en place une seule vague de stagiaire en mettant en bin\u00f4me un-e stagiaire et un-e PE titulaire. <\/span><span style=\"font-weight: 400;\">Actuellement, il y a 2 vagues (A et B) mais les stagiaires aimeraient avoir un bin\u00f4me titulaire.\u00a0<\/span><\/p>\n<p><span style=\"font-weight: 400;\">Les groupes de Niort\/La Rochelle et Poitiers\/Angoul\u00eame continueraient \u00e0 \u00eatre form\u00e9s en alternance sur 2 sites.\u00a0<\/span><span style=\"font-weight: 400;\">Les DSDEN vont devoir cr\u00e9er des postes de Compl\u00e9ment de service PES\/Brigades.<\/span><\/p>\n<h2><span style=\"font-weight: 400; color: #0000ff;\">R\u00e9forme de la formation initiale\u00a0<\/span><\/h2>\n<p><span style=\"font-weight: 400;\">Va d\u00e9stabiliser les INSPE et la DSDEN. <\/span><span style=\"font-weight: 400;\">Projette un concours en Licence et des p\u00e9riodes de stage en M1 et M2. Titularisation et Master + responsabilit\u00e9 de classe en M2.\u00a0<\/span><\/p>\n","protected":false},"excerpt":{"rendered":"<p>Pr\u00e9sent-es : D. Alamargot (directeur de l\u2019INSPE Poitou-Charentes), Ga\u00ebl Leroux (FSU-SNUipp16), Peggy Soulaine et B\u00e9atrice Lecomte (FSU-SNUipp17), Olivier Lesquelen et Anne-Laure Salmon (FSU-SNUipp79), Mathieu Menaut-Lourtas (FSU-SNUipp86). L\u2019INSPE a fait parvenir aux stagiaires des questionnaires. De notre c\u00f4t\u00e9, nous avons questionn\u00e9 les stagiaires pour conna\u00eetre ressentis et attentes. Organisation de la formation\u00a0 Les stagiaires Niortais qui se [&hellip;]<\/p>\n","protected":false},"author":5,"featured_media":24505,"comment_status":"closed","ping_status":"closed","sticky":false,"template":"","format":"standard","meta":{"footnotes":""},"categories":[20],"tags":[],"class_list":["post-24881","post","type-post","status-publish","format-standard","has-post-thumbnail","hentry","category-uncategorized"],"yoast_head":"<!-- This site is optimized with the Yoast SEO plugin v26.6 - https:\/\/yoast.com\/wordpress\/plugins\/seo\/ -->\n<title>Compte-rendu RDV avec la direction de l&#039;Inspe du 11 d\u00e9cembre - FSU-SNUipp 86<\/title>\n<meta name=\"robots\" content=\"index, follow, max-snippet:-1, max-image-preview:large, max-video-preview:-1\" \/>\n<link rel=\"canonical\" href=\"https:\/\/snuipp86.fr\/index.php\/2023\/12\/12\/compte-rendu-rdv-avec-la-direction-de-linspe-du-11-decembre\/\" \/>\n<meta property=\"og:locale\" content=\"fr_FR\" \/>\n<meta property=\"og:type\" content=\"article\" \/>\n<meta property=\"og:title\" content=\"Compte-rendu RDV avec la direction de l&#039;Inspe du 11 d\u00e9cembre - FSU-SNUipp 86\" \/>\n<meta property=\"og:description\" content=\"Pr\u00e9sent-es : D. Alamargot (directeur de l\u2019INSPE Poitou-Charentes), Ga\u00ebl Leroux (FSU-SNUipp16), Peggy Soulaine et B\u00e9atrice Lecomte (FSU-SNUipp17), Olivier Lesquelen et Anne-Laure Salmon (FSU-SNUipp79), Mathieu Menaut-Lourtas (FSU-SNUipp86). L\u2019INSPE a fait parvenir aux stagiaires des questionnaires. De notre c\u00f4t\u00e9, nous avons questionn\u00e9 les stagiaires pour conna\u00eetre ressentis et attentes. Organisation de la formation\u00a0 Les stagiaires Niortais qui se [&hellip;]\" \/>\n<meta property=\"og:url\" content=\"https:\/\/snuipp86.fr\/index.php\/2023\/12\/12\/compte-rendu-rdv-avec-la-direction-de-linspe-du-11-decembre\/\" \/>\n<meta property=\"og:site_name\" content=\"FSU-SNUipp 86\" \/>\n<meta property=\"article:published_time\" content=\"2023-12-12T13:31:11+00:00\" \/>\n<meta property=\"article:modified_time\" content=\"2023-12-12T13:31:45+00:00\" \/>\n<meta property=\"og:image\" content=\"https:\/\/snuipp86.fr\/wp-content\/uploads\/2023\/09\/Inspe-ecole.png\" \/>\n\t<meta property=\"og:image:width\" content=\"926\" \/>\n\t<meta property=\"og:image:height\" content=\"542\" \/>\n\t<meta property=\"og:image:type\" content=\"image\/png\" \/>\n<meta name=\"author\" content=\"N\u00e9oSnu86\" \/>\n<meta name=\"twitter:card\" content=\"summary_large_image\" \/>\n<meta name=\"twitter:label1\" content=\"\u00c9crit par\" \/>\n\t<meta name=\"twitter:data1\" content=\"N\u00e9oSnu86\" \/>\n\t<meta name=\"twitter:label2\" content=\"Dur\u00e9e de lecture estim\u00e9e\" \/>\n\t<meta name=\"twitter:data2\" content=\"4 minutes\" \/>\n<script type=\"application\/ld+json\" class=\"yoast-schema-graph\">{\"@context\":\"https:\/\/schema.org\",\"@graph\":[{\"@type\":\"WebPage\",\"@id\":\"https:\/\/snuipp86.fr\/index.php\/2023\/12\/12\/compte-rendu-rdv-avec-la-direction-de-linspe-du-11-decembre\/\",\"url\":\"https:\/\/snuipp86.fr\/index.php\/2023\/12\/12\/compte-rendu-rdv-avec-la-direction-de-linspe-du-11-decembre\/\",\"name\":\"Compte-rendu RDV avec la direction de l'Inspe du 11 d\u00e9cembre - FSU-SNUipp 86\",\"isPartOf\":{\"@id\":\"https:\/\/snuipp86.fr\/#website\"},\"primaryImageOfPage\":{\"@id\":\"https:\/\/snuipp86.fr\/index.php\/2023\/12\/12\/compte-rendu-rdv-avec-la-direction-de-linspe-du-11-decembre\/#primaryimage\"},\"image\":{\"@id\":\"https:\/\/snuipp86.fr\/index.php\/2023\/12\/12\/compte-rendu-rdv-avec-la-direction-de-linspe-du-11-decembre\/#primaryimage\"},\"thumbnailUrl\":\"https:\/\/snuipp86.fr\/wp-content\/uploads\/2023\/09\/Inspe-ecole.png\",\"datePublished\":\"2023-12-12T13:31:11+00:00\",\"dateModified\":\"2023-12-12T13:31:45+00:00\",\"author\":{\"@id\":\"https:\/\/snuipp86.fr\/#\/schema\/person\/f407ef30edeadbbecdeeccc916f46b3f\"},\"breadcrumb\":{\"@id\":\"https:\/\/snuipp86.fr\/index.php\/2023\/12\/12\/compte-rendu-rdv-avec-la-direction-de-linspe-du-11-decembre\/#breadcrumb\"},\"inLanguage\":\"fr-FR\",\"potentialAction\":[{\"@type\":\"ReadAction\",\"target\":[\"https:\/\/snuipp86.fr\/index.php\/2023\/12\/12\/compte-rendu-rdv-avec-la-direction-de-linspe-du-11-decembre\/\"]}]},{\"@type\":\"ImageObject\",\"inLanguage\":\"fr-FR\",\"@id\":\"https:\/\/snuipp86.fr\/index.php\/2023\/12\/12\/compte-rendu-rdv-avec-la-direction-de-linspe-du-11-decembre\/#primaryimage\",\"url\":\"https:\/\/snuipp86.fr\/wp-content\/uploads\/2023\/09\/Inspe-ecole.png\",\"contentUrl\":\"https:\/\/snuipp86.fr\/wp-content\/uploads\/2023\/09\/Inspe-ecole.png\",\"width\":926,\"height\":542},{\"@type\":\"BreadcrumbList\",\"@id\":\"https:\/\/snuipp86.fr\/index.php\/2023\/12\/12\/compte-rendu-rdv-avec-la-direction-de-linspe-du-11-decembre\/#breadcrumb\",\"itemListElement\":[{\"@type\":\"ListItem\",\"position\":1,\"name\":\"Accueil\",\"item\":\"https:\/\/snuipp86.fr\/\"},{\"@type\":\"ListItem\",\"position\":2,\"name\":\"Compte-rendu RDV avec la direction de l&#8217;Inspe du 11 d\u00e9cembre\"}]},{\"@type\":\"WebSite\",\"@id\":\"https:\/\/snuipp86.fr\/#website\",\"url\":\"https:\/\/snuipp86.fr\/\",\"name\":\"FSU-SNUipp 86\",\"description\":\"Des id\u00e9es qui font l&#039;\u00e9cole\",\"potentialAction\":[{\"@type\":\"SearchAction\",\"target\":{\"@type\":\"EntryPoint\",\"urlTemplate\":\"https:\/\/snuipp86.fr\/?s={search_term_string}\"},\"query-input\":{\"@type\":\"PropertyValueSpecification\",\"valueRequired\":true,\"valueName\":\"search_term_string\"}}],\"inLanguage\":\"fr-FR\"},{\"@type\":\"Person\",\"@id\":\"https:\/\/snuipp86.fr\/#\/schema\/person\/f407ef30edeadbbecdeeccc916f46b3f\",\"name\":\"N\u00e9oSnu86\",\"image\":{\"@type\":\"ImageObject\",\"inLanguage\":\"fr-FR\",\"@id\":\"https:\/\/snuipp86.fr\/#\/schema\/person\/image\/\",\"url\":\"https:\/\/secure.gravatar.com\/avatar\/4c97140d88f7341fdf04c5b751ee58f4976096205cf4572e8dfedb852288d12c?s=96&d=mm&r=g\",\"contentUrl\":\"https:\/\/secure.gravatar.com\/avatar\/4c97140d88f7341fdf04c5b751ee58f4976096205cf4572e8dfedb852288d12c?s=96&d=mm&r=g\",\"caption\":\"N\u00e9oSnu86\"},\"url\":\"https:\/\/snuipp86.fr\/index.php\/author\/neosnu86\/\"}]}<\/script>\n<!-- \/ Yoast SEO plugin. -->","yoast_head_json":{"title":"Compte-rendu RDV avec la direction de l'Inspe du 11 d\u00e9cembre - FSU-SNUipp 86","robots":{"index":"index","follow":"follow","max-snippet":"max-snippet:-1","max-image-preview":"max-image-preview:large","max-video-preview":"max-video-preview:-1"},"canonical":"https:\/\/snuipp86.fr\/index.php\/2023\/12\/12\/compte-rendu-rdv-avec-la-direction-de-linspe-du-11-decembre\/","og_locale":"fr_FR","og_type":"article","og_title":"Compte-rendu RDV avec la direction de l'Inspe du 11 d\u00e9cembre - FSU-SNUipp 86","og_description":"Pr\u00e9sent-es : D. Alamargot (directeur de l\u2019INSPE Poitou-Charentes), Ga\u00ebl Leroux (FSU-SNUipp16), Peggy Soulaine et B\u00e9atrice Lecomte (FSU-SNUipp17), Olivier Lesquelen et Anne-Laure Salmon (FSU-SNUipp79), Mathieu Menaut-Lourtas (FSU-SNUipp86). L\u2019INSPE a fait parvenir aux stagiaires des questionnaires. De notre c\u00f4t\u00e9, nous avons questionn\u00e9 les stagiaires pour conna\u00eetre ressentis et attentes. Organisation de la formation\u00a0 Les stagiaires Niortais qui se [&hellip;]","og_url":"https:\/\/snuipp86.fr\/index.php\/2023\/12\/12\/compte-rendu-rdv-avec-la-direction-de-linspe-du-11-decembre\/","og_site_name":"FSU-SNUipp 86","article_published_time":"2023-12-12T13:31:11+00:00","article_modified_time":"2023-12-12T13:31:45+00:00","og_image":[{"width":926,"height":542,"url":"https:\/\/snuipp86.fr\/wp-content\/uploads\/2023\/09\/Inspe-ecole.png","type":"image\/png"}],"author":"N\u00e9oSnu86","twitter_card":"summary_large_image","twitter_misc":{"\u00c9crit par":"N\u00e9oSnu86","Dur\u00e9e de lecture estim\u00e9e":"4 minutes"},"schema":{"@context":"https:\/\/schema.org","@graph":[{"@type":"WebPage","@id":"https:\/\/snuipp86.fr\/index.php\/2023\/12\/12\/compte-rendu-rdv-avec-la-direction-de-linspe-du-11-decembre\/","url":"https:\/\/snuipp86.fr\/index.php\/2023\/12\/12\/compte-rendu-rdv-avec-la-direction-de-linspe-du-11-decembre\/","name":"Compte-rendu RDV avec la direction de l'Inspe du 11 d\u00e9cembre - FSU-SNUipp 86","isPartOf":{"@id":"https:\/\/snuipp86.fr\/#website"},"primaryImageOfPage":{"@id":"https:\/\/snuipp86.fr\/index.php\/2023\/12\/12\/compte-rendu-rdv-avec-la-direction-de-linspe-du-11-decembre\/#primaryimage"},"image":{"@id":"https:\/\/snuipp86.fr\/index.php\/2023\/12\/12\/compte-rendu-rdv-avec-la-direction-de-linspe-du-11-decembre\/#primaryimage"},"thumbnailUrl":"https:\/\/snuipp86.fr\/wp-content\/uploads\/2023\/09\/Inspe-ecole.png","datePublished":"2023-12-12T13:31:11+00:00","dateModified":"2023-12-12T13:31:45+00:00","author":{"@id":"https:\/\/snuipp86.fr\/#\/schema\/person\/f407ef30edeadbbecdeeccc916f46b3f"},"breadcrumb":{"@id":"https:\/\/snuipp86.fr\/index.php\/2023\/12\/12\/compte-rendu-rdv-avec-la-direction-de-linspe-du-11-decembre\/#breadcrumb"},"inLanguage":"fr-FR","potentialAction":[{"@type":"ReadAction","target":["https:\/\/snuipp86.fr\/index.php\/2023\/12\/12\/compte-rendu-rdv-avec-la-direction-de-linspe-du-11-decembre\/"]}]},{"@type":"ImageObject","inLanguage":"fr-FR","@id":"https:\/\/snuipp86.fr\/index.php\/2023\/12\/12\/compte-rendu-rdv-avec-la-direction-de-linspe-du-11-decembre\/#primaryimage","url":"https:\/\/snuipp86.fr\/wp-content\/uploads\/2023\/09\/Inspe-ecole.png","contentUrl":"https:\/\/snuipp86.fr\/wp-content\/uploads\/2023\/09\/Inspe-ecole.png","width":926,"height":542},{"@type":"BreadcrumbList","@id":"https:\/\/snuipp86.fr\/index.php\/2023\/12\/12\/compte-rendu-rdv-avec-la-direction-de-linspe-du-11-decembre\/#breadcrumb","itemListElement":[{"@type":"ListItem","position":1,"name":"Accueil","item":"https:\/\/snuipp86.fr\/"},{"@type":"ListItem","position":2,"name":"Compte-rendu RDV avec la direction de l&#8217;Inspe du 11 d\u00e9cembre"}]},{"@type":"WebSite","@id":"https:\/\/snuipp86.fr\/#website","url":"https:\/\/snuipp86.fr\/","name":"FSU-SNUipp 86","description":"Des id\u00e9es qui font l&#039;\u00e9cole","potentialAction":[{"@type":"SearchAction","target":{"@type":"EntryPoint","urlTemplate":"https:\/\/snuipp86.fr\/?s={search_term_string}"},"query-input":{"@type":"PropertyValueSpecification","valueRequired":true,"valueName":"search_term_string"}}],"inLanguage":"fr-FR"},{"@type":"Person","@id":"https:\/\/snuipp86.fr\/#\/schema\/person\/f407ef30edeadbbecdeeccc916f46b3f","name":"N\u00e9oSnu86","image":{"@type":"ImageObject","inLanguage":"fr-FR","@id":"https:\/\/snuipp86.fr\/#\/schema\/person\/image\/","url":"https:\/\/secure.gravatar.com\/avatar\/4c97140d88f7341fdf04c5b751ee58f4976096205cf4572e8dfedb852288d12c?s=96&d=mm&r=g","contentUrl":"https:\/\/secure.gravatar.com\/avatar\/4c97140d88f7341fdf04c5b751ee58f4976096205cf4572e8dfedb852288d12c?s=96&d=mm&r=g","caption":"N\u00e9oSnu86"},"url":"https:\/\/snuipp86.fr\/index.php\/author\/neosnu86\/"}]}},"_links":{"self":[{"href":"https:\/\/snuipp86.fr\/index.php\/wp-json\/wp\/v2\/posts\/24881","targetHints":{"allow":["GET"]}}],"collection":[{"href":"https:\/\/snuipp86.fr\/index.php\/wp-json\/wp\/v2\/posts"}],"about":[{"href":"https:\/\/snuipp86.fr\/index.php\/wp-json\/wp\/v2\/types\/post"}],"author":[{"embeddable":true,"href":"https:\/\/snuipp86.fr\/index.php\/wp-json\/wp\/v2\/users\/5"}],"replies":[{"embeddable":true,"href":"https:\/\/snuipp86.fr\/index.php\/wp-json\/wp\/v2\/comments?post=24881"}],"version-history":[{"count":0,"href":"https:\/\/snuipp86.fr\/index.php\/wp-json\/wp\/v2\/posts\/24881\/revisions"}],"wp:featuredmedia":[{"embeddable":true,"href":"https:\/\/snuipp86.fr\/index.php\/wp-json\/wp\/v2\/media\/24505"}],"wp:attachment":[{"href":"https:\/\/snuipp86.fr\/index.php\/wp-json\/wp\/v2\/media?parent=24881"}],"wp:term":[{"taxonomy":"category","embeddable":true,"href":"https:\/\/snuipp86.fr\/index.php\/wp-json\/wp\/v2\/categories?post=24881"},{"taxonomy":"post_tag","embeddable":true,"href":"https:\/\/snuipp86.fr\/index.php\/wp-json\/wp\/v2\/tags?post=24881"}],"curies":[{"name":"wp","href":"https:\/\/api.w.org\/{rel}","templated":true}]}}