{"id":24883,"date":"2023-12-12T15:40:34","date_gmt":"2023-12-12T14:40:34","guid":{"rendered":"https:\/\/snuipp86.fr\/?p=24883"},"modified":"2023-12-18T07:03:13","modified_gmt":"2023-12-18T06:03:13","slug":"detachement-dans-leducation-nationale","status":"publish","type":"post","link":"https:\/\/snuipp86.fr\/index.php\/2023\/12\/12\/detachement-dans-leducation-nationale\/","title":{"rendered":"D\u00e9tachement dans l\u2019\u00e9ducation nationale"},"content":{"rendered":"<p><strong>Textes de r\u00e9f\u00e9rence<\/strong>\u00a0:<\/p>\n<ul>\n<li><a href=\"https:\/\/www.education.gouv.fr\/bo\/2023\/Hebdo44\/MENH2330274N\">Note de service du 31 octobre 2023, BO n\u00b044 du 23 novembre, NOR\u00a0: MENH2330274N<\/a><\/li>\n<li>Se reporter aussi \u00e0 la<a href=\"https:\/\/www.education.gouv.fr\/bo\/21\/Special6\/MENH2131955X.htm\"> LDG mobilit\u00e9 parue au BO Sp\u00e9cial n\u00b06 du 28\/10\/21<\/a><\/li>\n<\/ul>\n<p>&nbsp;<\/p>\n<p>La note de service relative au \u201c<em> D\u00e9tachement de fonctionnaires de cat\u00e9gorie A dans les corps des personnels enseignants des premier et second degr\u00e9, des personnels d&rsquo;\u00e9ducation et des psychologues de l&rsquo;\u00e9ducation nationale relevant du minist\u00e8re charg\u00e9 de l&rsquo;\u00e9ducation nationale &#8211; rentr\u00e9e 2024 <\/em>\u201d est parue au BO n\u00b044 du 23 novembre 2023. Elle s\u2019inscrit dans le cadre des lignes directrices de gestion.<\/p>\n<p><em>\u00a0<\/em><strong><em>Depuis la campagne 2023, les candidatures sont enti\u00e8rement d\u00e9mat\u00e9rialis\u00e9es, transmises via l\u2019application <\/em><\/strong><a href=\"https:\/\/i-dgrh2-app.adc.education.fr\/pegase\"><strong><em>Pegase<\/em><\/strong><\/a><strong><em>\u00a0 et s&rsquo;inscrivent dans un calendrier national.<\/em><\/strong><\/p>\n<p><span style=\"color: #ff0000;\">Saisie des demandes du 2 au 26 janvier 2024<\/span><\/p>\n<p>Note de service acad\u00e9mique sur ce lien : <a href=\"https:\/\/www.intra.ac-poitiers.fr\/mes-rubriques\/detachement-de-fonctionnaire-de-categorie-a-dans-le-corps-des-personnels-d-enseignement-d-education-et-psyen-2nd-degre-et-personnels-enseignants-1er-degre-annee-2024-2025-317303.kjsp?RH=1192696847494\">https:\/\/www.intra.ac-poitiers.fr\/mes-rubriques\/detachement-de-fonctionnaire-de-categorie-a-dans-le-corps-des-personnels-d-enseignement-d-education-et-psyen-2nd-degre-et-personnels-enseignants-1er-degre-annee-2024-2025-317303.kjsp?RH=1192696847494<\/a><\/p>\n<h1><span style=\"color: #0000ff;\"><strong>\u00a0<\/strong><strong><u>Cadre g\u00e9n\u00e9ral<\/u><\/strong><\/span><\/h1>\n<p>Les demandes de d\u00e9tachement sont prises en compte par l\u2019IA-DASEN au regard des besoins. Seules les demandes ayant recueilli un avis favorable de l\u2019IA-DASEN pour le premier degr\u00e9 sont transmises \u00e0 la DGRH.<\/p>\n<h2><span style=\"color: #800080;\"><strong><em>D\u00e9tachement et principe dit de \u00ab double carri\u00e8re<\/em><\/strong><strong> \u00bb.<\/strong><\/span><\/h2>\n<p>Les personnels en d\u00e9tachement peuvent b\u00e9n\u00e9ficier :<\/p>\n<ul>\n<li>des m\u00eames droits \u00e0 l\u2019avancement et \u00e0 la promotion que les membres du corps d\u2019accueil, avec prise d\u2019effet imm\u00e9diate\u00a0;<\/li>\n<li>d\u2019un changement de grade ou d\u2019une promotion \u00e0 un \u00e9chelon sp\u00e9cial dans leur corps d\u2019origine (suite \u00e0 un concours, inscription sur le tableau d\u2019avancement, \u2026), avec prise d\u2019effet imm\u00e9diate\u00a0;<\/li>\n<li>d\u2019un avancement d\u2019\u00e9chelon dans leur corps d\u2019origine mais celui-ci ne sera pris en compte que lors du renouvellement de leur d\u00e9tachement, de leur int\u00e9gration ou lors de leur r\u00e9int\u00e9gration.<\/li>\n<\/ul>\n<h2><span style=\"color: #800080;\"><strong><em>D\u00e9tachement et mutations<\/em><\/strong><\/span><\/h2>\n<p>Les personnels d\u00e9tach\u00e9s sont affect\u00e9s en fonction des besoins du service sur tout poste au sein du d\u00e9partement (1er degr\u00e9) ou de l&rsquo;acad\u00e9mie (2d degr\u00e9). Ils ne sont pas autoris\u00e9s \u00e0 participer au mouvement interd\u00e9partemental (1er degr\u00e9) ou au mouvement interacad\u00e9mique (2d degr\u00e9) durant leur p\u00e9riode de d\u00e9tachement.<\/p>\n<p>&nbsp;<\/p>\n<h1><span style=\"color: #0000ff;\"><strong><u>Conditions<\/u><\/strong><\/span><\/h1>\n<p>Les fonctionnaires titulaires des trois fonctions publiques, ou des \u00e9tablissements publics qui en d\u00e9pendent peuvent demander un d\u00e9tachement dans l\u2019\u00e9ducation nationale \u00e0 la double condition que les corps d&rsquo;accueil et d&rsquo;origine soient\u00a0:<\/p>\n<ul>\n<li>de cat\u00e9gorie A et de niveau comparable au regard des conditions de recrutement dans le corps (titres, dipl\u00f4mes, missions) ;<\/li>\n<li>les candidat.es au d\u00e9tachement doivent par ailleurs \u00eatre titulaires des dipl\u00f4mes ci-dessous au 1<sup>er<\/sup> septembre 2023:<\/li>\n<\/ul>\n<table width=\"717\">\n<tbody>\n<tr>\n<td colspan=\"2\" width=\"170\"><strong>\u00a0<\/strong><\/td>\n<td width=\"273\"><strong>Personnels enseignants et d&rsquo;\u00e9ducation titulaires relevant du minist\u00e8re de l&rsquo;\u00c9ducation nationale, de la Jeunesse et des Sports<\/strong><\/p>\n<p><strong>(art. 61 du d\u00e9cret n\u00b0 2013-768 du 23 ao\u00fbt 2013 relatif au recrutement et \u00e0 la formation initiale de certains personnels enseignants, d&rsquo;\u00e9ducation et d&rsquo;orientation relevant du MENJS)<\/strong><\/td>\n<td width=\"273\"><strong>Autres Fonctionnaires titulaires de Cat\u00e9gorie A (dont ressortissants de l&rsquo;UE)<\/strong><\/td>\n<\/tr>\n<tr>\n<td rowspan=\"9\" width=\"94\"><strong><u>Corps d&rsquo;accueil<\/u><\/strong><\/td>\n<td width=\"76\"><strong>Prof. des \u00e9coles<\/strong><\/td>\n<td width=\"273\">Licence ou \u00e9quivalent + qualifications en natation et en secourisme<\/td>\n<td width=\"273\">Master 2 ou \u00e9quivalent + qualifications en natation et en secourisme<\/td>\n<\/tr>\n<tr>\n<td width=\"76\"><strong>Prof. agr\u00e9g\u00e9s<\/strong><\/td>\n<td width=\"273\">Acc\u00e8s impossible au corps par d\u00e9tachement<\/td>\n<td width=\"273\">Master 2 ou \u00e9quivalent<\/p>\n<p>+ qualifications en sauvetage aquatique et en secourisme pour l&rsquo;EPS*<\/p>\n<p>&nbsp;<\/td>\n<\/tr>\n<tr>\n<td width=\"76\"><strong>Prof. certifi\u00e9s<\/strong><\/td>\n<td width=\"273\">Licence ou \u00e9quivalent<\/td>\n<td width=\"273\">Master 2 ou \u00e9quivalent<\/td>\n<\/tr>\n<tr>\n<td rowspan=\"3\" width=\"76\"><strong>PLP<\/strong><\/td>\n<td colspan=\"2\" width=\"547\"><strong>Pour l&rsquo;enseignement g\u00e9n\u00e9ral<\/strong> :<\/td>\n<\/tr>\n<tr>\n<td width=\"273\">licence ou \u00e9quivalent.<\/p>\n<p>&nbsp;<\/td>\n<td width=\"273\">Master 2 ou \u00e9quivalent.<\/td>\n<\/tr>\n<tr>\n<td colspan=\"2\" width=\"547\"><strong>Pour les sp\u00e9cialit\u00e9s professionnelles\u00a0:<\/strong><\/p>\n<p>dipl\u00f4me de niveau 5 (Bac + 2) + 5 ans de pratique professionnelle dans la discipline concern\u00e9e <strong>ou,<\/strong> pour les sp\u00e9cialit\u00e9s o\u00f9 il n&rsquo;existe pas de dipl\u00f4me sup\u00e9rieur au niveau 4, dipl\u00f4me de niveau IV (Bac) + 7 ans de pratique professionnelle dans les sp\u00e9cialit\u00e9s<\/td>\n<\/tr>\n<tr>\n<td width=\"76\"><strong>Prof. d&rsquo;EPS<\/strong><\/td>\n<td width=\"273\">*Licence Staps ou \u00e9quivalent + qualifications en sauvetage aquatique et en secourisme*<\/td>\n<td width=\"273\">Master 2 ou \u00e9quivalent + licence Staps ou \u00e9quivalent + qualifications en sauvetage aquatique et en secourisme<\/td>\n<\/tr>\n<tr>\n<td width=\"76\"><strong>CPE<\/strong><\/td>\n<td width=\"273\">Licence ou \u00e9quivalent.<\/p>\n<p>Aucune condition de titre ou dipl\u00f4me n&rsquo;est exig\u00e9e pour les professeurs de lyc\u00e9e professionnel<\/td>\n<td width=\"273\">Master 2 ou \u00e9quivalent<\/td>\n<\/tr>\n<tr>\n<td width=\"76\"><strong>PsyEN<\/strong><\/td>\n<td colspan=\"2\" width=\"547\">Licence en psychologie + Master 2 de psychologie comportant un stage professionnel de 500 heures (14 semaines) ou dipl\u00f4me dont la liste figure dans le d\u00e9cret n\u00b0 90-255 du 22 mars 1990<\/td>\n<\/tr>\n<\/tbody>\n<\/table>\n<p>Les candidat.es titulaires d&rsquo;un dipl\u00f4me obtenu \u00e0 l&rsquo;\u00e9tranger doivent fournir une attestation de comparabilit\u00e9 d\u00e9livr\u00e9e par France \u00c9ducation International (cf. 3 de la pr\u00e9sente note de service).<\/p>\n<p>&nbsp;<\/p>\n<p><em>* Arr\u00eat\u00e9 du 12 f\u00e9vrier 2019 fixant les titres, dipl\u00f4mes, attestations ou qualifications \u00e9quivalentes admis pour justifier des qualifications en sauvetage aquatique et en secourisme requises des personnels relevant du ministre charg\u00e9 de l&rsquo;\u00e9ducation nationale et assurant l&rsquo;enseignement de l&rsquo;\u00e9ducation physique et sportive dans le 2d degr\u00e9<\/em><\/p>\n<p><em>\u00a0<\/em><\/p>\n<p><strong>La note de service insiste sur le fait que certaines demandes de d\u00e9tachement doivent faire l\u2019objet d\u2019un \u00ab\u00a0examen attentif de la part des recteurs et des IA-DASEN\u00a0\u00bb\u00a0: <\/strong><\/p>\n<ul>\n<li>les demandes qui s\u2019inscrivent dans le cadre d\u2019une reconversion professionnelle pour inaptitude aux fonctions ;<\/li>\n<li>les demandes faites par les b\u00e9n\u00e9ficiaires de l\u2019obligation d\u2019emploi.<\/li>\n<\/ul>\n<p>&nbsp;<\/p>\n<h1><span style=\"color: #0000ff;\"><strong><u>Proc\u00e9dures<\/u><\/strong><\/span><\/h1>\n<p>Les candidat\u00b7es au d\u00e9tachement saisissent leur candidature uniquement en ligne, dans l&rsquo;application <a href=\"https:\/\/i-dgrh2-app.adc.education.fr\/pegase\">Pegase<\/a> du 2 au 26 janvier 2024.<\/p>\n<p>L\u2019avis du ou de la sup\u00e9rieur\u00b7e hi\u00e9rarchique <a href=\"https:\/\/www.education.gouv.fr\/sites\/default\/files\/perso274_annexe3_1.pdf\">(cf. annexe 3)<\/a> devra accompagner la demande de d\u00e9tachement. S\u2019il n\u2019est pas fourni lors du d\u00e9p\u00f4t du dossier il pourra \u00eatre envoy\u00e9 ult\u00e9rieurement (le plus rapidement possible et avant le 22 mars 2024, date de cl\u00f4ture de l\u2019\u00e9tude des dossiers dans les dsden).<\/p>\n<p>Pour les professeur\u00b7es des \u00e9coles candidat\u00b7es au d\u00e9tachement dans le corps des enseignant\u00b7es du 2d degr\u00e9, d&rsquo;\u00e9ducation et des psychologues de l&rsquo;\u00e9ducation nationale, l&rsquo;avis sera \u00e9mis par l&rsquo;IA-Dasen du d\u00e9partement dont ils ou elles rel\u00e8vent.<\/p>\n<p>N\u00e9anmoins, il y a lieu d\u2019encourager les candidat\u00b7es \u00e0 un d\u00e9tachement \u00e0 d\u00e9velopper explicitement chacune des rubriques du dossier, voire dans la lettre de motivation : leur parcours de formation et les d\u00e9marches entreprises pour actualiser leurs comp\u00e9tences et connaissances disciplinaires, leur parcours professionnel, les acquis de l&rsquo;exp\u00e9rience et leur motivation. <a href=\"https:\/\/www.education.gouv.fr\/sites\/default\/files\/perso274_annexe2.pdf\">Dans l\u2019annexe 2<\/a>, figure la liste des \u00e9l\u00e9ments et pi\u00e8ces requises lors de la constitution du dossier.<\/p>\n<p>Seuls les dossiers ayant re\u00e7u un avis favorable de <strong>\u201cl\u2019autorit\u00e9\u201d<\/strong> seront transmis au minist\u00e8re pour d\u00e9cision.<\/p>\n<p>Vigilances\u00a0:<\/p>\n<ul>\n<li>Si candidatures de d\u00e9tachement multiples, chaque demande doit faire l\u2019objet d\u2019une candidature distincte.<\/li>\n<li>Les personnels mis \u00e0 disposition de la Polyn\u00e9sie\/Nouvelle-Cal\u00e9donie ne peuvent \u00eatre en m\u00eame temps d\u00e9tach\u00e9s (ces deux positions du fonctionnaire sont incompatibles).<\/li>\n<\/ul>\n<p>&nbsp;<\/p>\n<h1><span style=\"color: #0000ff;\"><strong><u>Calendrier<\/u><\/strong><\/span><\/h1>\n<table width=\"661\">\n<tbody>\n<tr>\n<td width=\"235\"><strong><u>\u00a0<\/u><\/strong><\/td>\n<td width=\"426\">Fonctionnaires de cat\u00e9gorie A + Ressortissants de l&rsquo;UE<\/td>\n<\/tr>\n<tr>\n<td width=\"235\"><strong>2 au 26 janvier 2024 inclus<\/strong><\/td>\n<td width=\"426\">Saisie des demandes des candidats sur<\/p>\n<p><a href=\"https:\/\/i-dgrh2-app.adc.education.fr\/pegase\">https:\/\/i-dgrh2-app.adc.education.fr\/pegase<\/a><\/td>\n<\/tr>\n<tr>\n<td width=\"235\">31 janvier au 22 mars 2024<\/td>\n<td width=\"426\">Instruction des dossiers par les DSDEN et les rectorats<\/td>\n<\/tr>\n<tr>\n<td width=\"235\">22 mars 2024 au plus tard<\/td>\n<td width=\"426\">Transmission \u00e0 la DGRH des dossiers retenus par les IA-Dasen et les recteurs d&rsquo;acad\u00e9mie<\/td>\n<\/tr>\n<tr>\n<td width=\"235\">24 mai 2024 au plus tard<\/td>\n<td width=\"426\">Transmission \u00e0 la DGRH du tableau des demandes de maintien, renouvellement et fin de d\u00e9tachement ou d&rsquo;int\u00e9gration dans le corps d\u2019accueil ; joindre les pi\u00e8ces justificatives.<\/td>\n<\/tr>\n<tr>\n<td width=\"235\">24 mai 2024 au plus tard<\/td>\n<td width=\"426\">Transmission \u00e0 la DGRH des demandes d&rsquo;int\u00e9gration des professeur\u00b7es des \u00e9coles d\u00e9tach\u00e9\u00b7es dans le corps des psychologues de l&rsquo;\u00e9ducation nationale &#8211; sp\u00e9cialit\u00e9 EDA &#8211; lors de la constitution initiale du corps.<\/td>\n<\/tr>\n<tr>\n<td width=\"235\">Avril &#8211; mai 2024<\/td>\n<td width=\"426\">Instruction des dossiers par la DGRH du minist\u00e8re<\/td>\n<\/tr>\n<tr>\n<td width=\"235\">A partir du 3 juin 2024<\/td>\n<td width=\"426\">Communication des d\u00e9cisions minist\u00e9rielles aux services d\u00e9partementaux (1er degr\u00e9)<\/p>\n<p>ou acad\u00e9mique (2d degr\u00e9)<\/td>\n<\/tr>\n<tr>\n<td width=\"235\">1er septembre 2024<\/td>\n<td width=\"426\">D\u00e9but du d\u00e9tachement (ou de la p\u00e9riode probatoire pour les militaires)<\/td>\n<\/tr>\n<\/tbody>\n<\/table>\n<p><strong><u>\u00a0<\/u><\/strong><\/p>\n<h1><span style=\"color: #0000ff;\"><strong><u>Obtention du d\u00e9tachement (proc\u00e9dures et dur\u00e9e), renouvellement et int\u00e9gration<\/u><\/strong><\/span><\/h1>\n<p>Le d\u00e9tachement est attribu\u00e9 pour une dur\u00e9e de deux ans. Durant la premi\u00e8re ann\u00e9e, les agent\u00b7es d\u00e9tach\u00e9\u00b7es sont nomm\u00e9\u00b7es \u00e0 titre provisoire et suivent un parcours de \u201cformation adapt\u00e9e\u201d. A l\u2019issue de la premi\u00e8re ann\u00e9e, la DSDEN ou le rectorat \u00e9met un avis sur le maintien en d\u00e9tachement. S\u2019il est favorable, celui-ci se poursuit, dans le cas contraire, il est mis fin au d\u00e9tachement avec r\u00e9int\u00e9gration dans le corps d\u2019origine.<\/p>\n<p>&nbsp;<\/p>\n<p>L&rsquo;int\u00e9gration d\u00e9finitive dans le corps d\u2019accueil peut \u00eatre prononc\u00e9e \u00e0 l\u2019issue de la :<\/p>\n<ul>\n<li>premi\u00e8re ann\u00e9e si l\u2019agent\u00b7e en fait la demande et apr\u00e8s \u00e9tude par l\u2019autorit\u00e9 comp\u00e9tente ;<\/li>\n<li>seconde ann\u00e9e sur demande de l\u2019agent\u00b7e ou sur proposition de l\u2019administration et selon les m\u00eames conditions qu\u2019\u00e0 l\u2019issue de la premi\u00e8re ann\u00e9e.<\/li>\n<\/ul>\n<p>&nbsp;<\/p>\n<p>En cas de non int\u00e9gration \u00e0 la demande de l\u2019agent\u00b7e ou sur d\u00e9cision de l&rsquo;administration d\u2019accueil, l\u2019agent\u00b7e est replac\u00e9\u00b7e dans son administration d\u2019origine.<\/p>\n<p>&nbsp;<\/p>\n<h1><span style=\"color: #0000ff;\"><strong><u>Situation des PE d\u00e9tach\u00e9\u00b7es dans le corps des PsyEN-EDA lors de la constitution initiale du corps (d\u00e9tach\u00e9s depuis le 01\/09\/2017)<\/u><\/strong><\/span><\/h1>\n<p><strong>\u00a0<\/strong>Deux situations pour ces personnels, soit :<\/p>\n<ul>\n<li>ils ou elles sont en cours de d\u00e9tachement au 1\/09\/2024 et ils ou elles peuvent demander, \u00e0 leur initiative \u00e0 r\u00e9int\u00e9grer le corps des PE ou \u00e0 \u00eatre int\u00e9gr\u00e9s dans le corps des PsyEN sp\u00e9cialit\u00e9 EDA ;<\/li>\n<li>ils ou elles arrivent en fin de p\u00e9riode de d\u00e9tachement au 31\/08\/2024 alors l\u2019administration doit les interroger pour conna\u00eetre leur souhait : r\u00e9int\u00e9gration dans le corps des PE ou int\u00e9gration d\u00e9finitive dans le corps des PsyEN sp\u00e9cialit\u00e9 EDA ;<\/li>\n<\/ul>\n","protected":false},"excerpt":{"rendered":"<p>Textes de r\u00e9f\u00e9rence\u00a0: Note de service du 31 octobre 2023, BO n\u00b044 du 23 novembre, NOR\u00a0: MENH2330274N Se reporter aussi \u00e0 la LDG mobilit\u00e9 parue au BO Sp\u00e9cial n\u00b06 du 28\/10\/21 &nbsp; La note de service relative au \u201c D\u00e9tachement de fonctionnaires de cat\u00e9gorie A dans les corps des personnels enseignants des premier et second degr\u00e9, [&hellip;]<\/p>\n","protected":false},"author":4,"featured_media":19652,"comment_status":"closed","ping_status":"closed","sticky":false,"template":"","format":"standard","meta":{"footnotes":""},"categories":[1],"tags":[22],"class_list":["post-24883","post","type-post","status-publish","format-standard","has-post-thumbnail","hentry","category-non-classe","tag-droits-des-personnels"],"yoast_head":"<!-- This site is optimized with the Yoast SEO plugin v26.6 - https:\/\/yoast.com\/wordpress\/plugins\/seo\/ -->\n<title>D\u00e9tachement dans l\u2019\u00e9ducation nationale - FSU-SNUipp 86<\/title>\n<meta name=\"robots\" content=\"index, follow, max-snippet:-1, max-image-preview:large, max-video-preview:-1\" \/>\n<link rel=\"canonical\" href=\"https:\/\/snuipp86.fr\/index.php\/2023\/12\/12\/detachement-dans-leducation-nationale\/\" \/>\n<meta property=\"og:locale\" content=\"fr_FR\" \/>\n<meta property=\"og:type\" content=\"article\" \/>\n<meta property=\"og:title\" content=\"D\u00e9tachement dans l\u2019\u00e9ducation nationale - FSU-SNUipp 86\" \/>\n<meta property=\"og:description\" content=\"Textes de r\u00e9f\u00e9rence\u00a0: Note de service du 31 octobre 2023, BO n\u00b044 du 23 novembre, NOR\u00a0: MENH2330274N Se reporter aussi \u00e0 la LDG mobilit\u00e9 parue au BO Sp\u00e9cial n\u00b06 du 28\/10\/21 &nbsp; La note de service relative au \u201c D\u00e9tachement de fonctionnaires de cat\u00e9gorie A dans les corps des personnels enseignants des premier et second degr\u00e9, [&hellip;]\" \/>\n<meta property=\"og:url\" content=\"https:\/\/snuipp86.fr\/index.php\/2023\/12\/12\/detachement-dans-leducation-nationale\/\" \/>\n<meta property=\"og:site_name\" content=\"FSU-SNUipp 86\" \/>\n<meta property=\"article:published_time\" content=\"2023-12-12T14:40:34+00:00\" \/>\n<meta property=\"article:modified_time\" content=\"2023-12-18T06:03:13+00:00\" \/>\n<meta property=\"og:image\" content=\"https:\/\/snuipp86.fr\/wp-content\/uploads\/2020\/09\/d\u00e9tachement.png\" \/>\n\t<meta property=\"og:image:width\" content=\"225\" \/>\n\t<meta property=\"og:image:height\" content=\"225\" \/>\n\t<meta property=\"og:image:type\" content=\"image\/png\" \/>\n<meta name=\"author\" content=\"Matthieu Menaut\" \/>\n<meta name=\"twitter:card\" content=\"summary_large_image\" \/>\n<meta name=\"twitter:label1\" content=\"\u00c9crit par\" \/>\n\t<meta name=\"twitter:data1\" content=\"Matthieu Menaut\" \/>\n\t<meta name=\"twitter:label2\" content=\"Dur\u00e9e de lecture estim\u00e9e\" \/>\n\t<meta name=\"twitter:data2\" content=\"8 minutes\" \/>\n<script type=\"application\/ld+json\" class=\"yoast-schema-graph\">{\"@context\":\"https:\/\/schema.org\",\"@graph\":[{\"@type\":\"WebPage\",\"@id\":\"https:\/\/snuipp86.fr\/index.php\/2023\/12\/12\/detachement-dans-leducation-nationale\/\",\"url\":\"https:\/\/snuipp86.fr\/index.php\/2023\/12\/12\/detachement-dans-leducation-nationale\/\",\"name\":\"D\u00e9tachement dans l\u2019\u00e9ducation nationale - FSU-SNUipp 86\",\"isPartOf\":{\"@id\":\"https:\/\/snuipp86.fr\/#website\"},\"primaryImageOfPage\":{\"@id\":\"https:\/\/snuipp86.fr\/index.php\/2023\/12\/12\/detachement-dans-leducation-nationale\/#primaryimage\"},\"image\":{\"@id\":\"https:\/\/snuipp86.fr\/index.php\/2023\/12\/12\/detachement-dans-leducation-nationale\/#primaryimage\"},\"thumbnailUrl\":\"https:\/\/snuipp86.fr\/wp-content\/uploads\/2020\/09\/d\u00e9tachement.png\",\"datePublished\":\"2023-12-12T14:40:34+00:00\",\"dateModified\":\"2023-12-18T06:03:13+00:00\",\"author\":{\"@id\":\"https:\/\/snuipp86.fr\/#\/schema\/person\/5a96b33672b90a1385fd0b096fd5ebcb\"},\"breadcrumb\":{\"@id\":\"https:\/\/snuipp86.fr\/index.php\/2023\/12\/12\/detachement-dans-leducation-nationale\/#breadcrumb\"},\"inLanguage\":\"fr-FR\",\"potentialAction\":[{\"@type\":\"ReadAction\",\"target\":[\"https:\/\/snuipp86.fr\/index.php\/2023\/12\/12\/detachement-dans-leducation-nationale\/\"]}]},{\"@type\":\"ImageObject\",\"inLanguage\":\"fr-FR\",\"@id\":\"https:\/\/snuipp86.fr\/index.php\/2023\/12\/12\/detachement-dans-leducation-nationale\/#primaryimage\",\"url\":\"https:\/\/snuipp86.fr\/wp-content\/uploads\/2020\/09\/d\u00e9tachement.png\",\"contentUrl\":\"https:\/\/snuipp86.fr\/wp-content\/uploads\/2020\/09\/d\u00e9tachement.png\",\"width\":225,\"height\":225},{\"@type\":\"BreadcrumbList\",\"@id\":\"https:\/\/snuipp86.fr\/index.php\/2023\/12\/12\/detachement-dans-leducation-nationale\/#breadcrumb\",\"itemListElement\":[{\"@type\":\"ListItem\",\"position\":1,\"name\":\"Accueil\",\"item\":\"https:\/\/snuipp86.fr\/\"},{\"@type\":\"ListItem\",\"position\":2,\"name\":\"D\u00e9tachement dans l\u2019\u00e9ducation nationale\"}]},{\"@type\":\"WebSite\",\"@id\":\"https:\/\/snuipp86.fr\/#website\",\"url\":\"https:\/\/snuipp86.fr\/\",\"name\":\"FSU-SNUipp 86\",\"description\":\"Des id\u00e9es qui font l&#039;\u00e9cole\",\"potentialAction\":[{\"@type\":\"SearchAction\",\"target\":{\"@type\":\"EntryPoint\",\"urlTemplate\":\"https:\/\/snuipp86.fr\/?s={search_term_string}\"},\"query-input\":{\"@type\":\"PropertyValueSpecification\",\"valueRequired\":true,\"valueName\":\"search_term_string\"}}],\"inLanguage\":\"fr-FR\"},{\"@type\":\"Person\",\"@id\":\"https:\/\/snuipp86.fr\/#\/schema\/person\/5a96b33672b90a1385fd0b096fd5ebcb\",\"name\":\"Matthieu Menaut\",\"image\":{\"@type\":\"ImageObject\",\"inLanguage\":\"fr-FR\",\"@id\":\"https:\/\/snuipp86.fr\/#\/schema\/person\/image\/\",\"url\":\"https:\/\/secure.gravatar.com\/avatar\/03e70f897b03256ddca91d16c3e33a876c31abbf1b31cb48e60e770f684a04d1?s=96&d=mm&r=g\",\"contentUrl\":\"https:\/\/secure.gravatar.com\/avatar\/03e70f897b03256ddca91d16c3e33a876c31abbf1b31cb48e60e770f684a04d1?s=96&d=mm&r=g\",\"caption\":\"Matthieu Menaut\"},\"url\":\"https:\/\/snuipp86.fr\/index.php\/author\/mmenaut\/\"}]}<\/script>\n<!-- \/ Yoast SEO plugin. -->","yoast_head_json":{"title":"D\u00e9tachement dans l\u2019\u00e9ducation nationale - FSU-SNUipp 86","robots":{"index":"index","follow":"follow","max-snippet":"max-snippet:-1","max-image-preview":"max-image-preview:large","max-video-preview":"max-video-preview:-1"},"canonical":"https:\/\/snuipp86.fr\/index.php\/2023\/12\/12\/detachement-dans-leducation-nationale\/","og_locale":"fr_FR","og_type":"article","og_title":"D\u00e9tachement dans l\u2019\u00e9ducation nationale - FSU-SNUipp 86","og_description":"Textes de r\u00e9f\u00e9rence\u00a0: Note de service du 31 octobre 2023, BO n\u00b044 du 23 novembre, NOR\u00a0: MENH2330274N Se reporter aussi \u00e0 la LDG mobilit\u00e9 parue au BO Sp\u00e9cial n\u00b06 du 28\/10\/21 &nbsp; La note de service relative au \u201c D\u00e9tachement de fonctionnaires de cat\u00e9gorie A dans les corps des personnels enseignants des premier et second degr\u00e9, [&hellip;]","og_url":"https:\/\/snuipp86.fr\/index.php\/2023\/12\/12\/detachement-dans-leducation-nationale\/","og_site_name":"FSU-SNUipp 86","article_published_time":"2023-12-12T14:40:34+00:00","article_modified_time":"2023-12-18T06:03:13+00:00","og_image":[{"width":225,"height":225,"url":"https:\/\/snuipp86.fr\/wp-content\/uploads\/2020\/09\/d\u00e9tachement.png","type":"image\/png"}],"author":"Matthieu Menaut","twitter_card":"summary_large_image","twitter_misc":{"\u00c9crit par":"Matthieu Menaut","Dur\u00e9e de lecture estim\u00e9e":"8 minutes"},"schema":{"@context":"https:\/\/schema.org","@graph":[{"@type":"WebPage","@id":"https:\/\/snuipp86.fr\/index.php\/2023\/12\/12\/detachement-dans-leducation-nationale\/","url":"https:\/\/snuipp86.fr\/index.php\/2023\/12\/12\/detachement-dans-leducation-nationale\/","name":"D\u00e9tachement dans l\u2019\u00e9ducation nationale - FSU-SNUipp 86","isPartOf":{"@id":"https:\/\/snuipp86.fr\/#website"},"primaryImageOfPage":{"@id":"https:\/\/snuipp86.fr\/index.php\/2023\/12\/12\/detachement-dans-leducation-nationale\/#primaryimage"},"image":{"@id":"https:\/\/snuipp86.fr\/index.php\/2023\/12\/12\/detachement-dans-leducation-nationale\/#primaryimage"},"thumbnailUrl":"https:\/\/snuipp86.fr\/wp-content\/uploads\/2020\/09\/d\u00e9tachement.png","datePublished":"2023-12-12T14:40:34+00:00","dateModified":"2023-12-18T06:03:13+00:00","author":{"@id":"https:\/\/snuipp86.fr\/#\/schema\/person\/5a96b33672b90a1385fd0b096fd5ebcb"},"breadcrumb":{"@id":"https:\/\/snuipp86.fr\/index.php\/2023\/12\/12\/detachement-dans-leducation-nationale\/#breadcrumb"},"inLanguage":"fr-FR","potentialAction":[{"@type":"ReadAction","target":["https:\/\/snuipp86.fr\/index.php\/2023\/12\/12\/detachement-dans-leducation-nationale\/"]}]},{"@type":"ImageObject","inLanguage":"fr-FR","@id":"https:\/\/snuipp86.fr\/index.php\/2023\/12\/12\/detachement-dans-leducation-nationale\/#primaryimage","url":"https:\/\/snuipp86.fr\/wp-content\/uploads\/2020\/09\/d\u00e9tachement.png","contentUrl":"https:\/\/snuipp86.fr\/wp-content\/uploads\/2020\/09\/d\u00e9tachement.png","width":225,"height":225},{"@type":"BreadcrumbList","@id":"https:\/\/snuipp86.fr\/index.php\/2023\/12\/12\/detachement-dans-leducation-nationale\/#breadcrumb","itemListElement":[{"@type":"ListItem","position":1,"name":"Accueil","item":"https:\/\/snuipp86.fr\/"},{"@type":"ListItem","position":2,"name":"D\u00e9tachement dans l\u2019\u00e9ducation nationale"}]},{"@type":"WebSite","@id":"https:\/\/snuipp86.fr\/#website","url":"https:\/\/snuipp86.fr\/","name":"FSU-SNUipp 86","description":"Des id\u00e9es qui font l&#039;\u00e9cole","potentialAction":[{"@type":"SearchAction","target":{"@type":"EntryPoint","urlTemplate":"https:\/\/snuipp86.fr\/?s={search_term_string}"},"query-input":{"@type":"PropertyValueSpecification","valueRequired":true,"valueName":"search_term_string"}}],"inLanguage":"fr-FR"},{"@type":"Person","@id":"https:\/\/snuipp86.fr\/#\/schema\/person\/5a96b33672b90a1385fd0b096fd5ebcb","name":"Matthieu Menaut","image":{"@type":"ImageObject","inLanguage":"fr-FR","@id":"https:\/\/snuipp86.fr\/#\/schema\/person\/image\/","url":"https:\/\/secure.gravatar.com\/avatar\/03e70f897b03256ddca91d16c3e33a876c31abbf1b31cb48e60e770f684a04d1?s=96&d=mm&r=g","contentUrl":"https:\/\/secure.gravatar.com\/avatar\/03e70f897b03256ddca91d16c3e33a876c31abbf1b31cb48e60e770f684a04d1?s=96&d=mm&r=g","caption":"Matthieu Menaut"},"url":"https:\/\/snuipp86.fr\/index.php\/author\/mmenaut\/"}]}},"_links":{"self":[{"href":"https:\/\/snuipp86.fr\/index.php\/wp-json\/wp\/v2\/posts\/24883","targetHints":{"allow":["GET"]}}],"collection":[{"href":"https:\/\/snuipp86.fr\/index.php\/wp-json\/wp\/v2\/posts"}],"about":[{"href":"https:\/\/snuipp86.fr\/index.php\/wp-json\/wp\/v2\/types\/post"}],"author":[{"embeddable":true,"href":"https:\/\/snuipp86.fr\/index.php\/wp-json\/wp\/v2\/users\/4"}],"replies":[{"embeddable":true,"href":"https:\/\/snuipp86.fr\/index.php\/wp-json\/wp\/v2\/comments?post=24883"}],"version-history":[{"count":0,"href":"https:\/\/snuipp86.fr\/index.php\/wp-json\/wp\/v2\/posts\/24883\/revisions"}],"wp:featuredmedia":[{"embeddable":true,"href":"https:\/\/snuipp86.fr\/index.php\/wp-json\/wp\/v2\/media\/19652"}],"wp:attachment":[{"href":"https:\/\/snuipp86.fr\/index.php\/wp-json\/wp\/v2\/media?parent=24883"}],"wp:term":[{"taxonomy":"category","embeddable":true,"href":"https:\/\/snuipp86.fr\/index.php\/wp-json\/wp\/v2\/categories?post=24883"},{"taxonomy":"post_tag","embeddable":true,"href":"https:\/\/snuipp86.fr\/index.php\/wp-json\/wp\/v2\/tags?post=24883"}],"curies":[{"name":"wp","href":"https:\/\/api.w.org\/{rel}","templated":true}]}}