{"id":25330,"date":"2024-03-15T06:20:19","date_gmt":"2024-03-15T05:20:19","guid":{"rendered":"https:\/\/snuipp86.fr\/?p=25330"},"modified":"2024-04-02T06:58:43","modified_gmt":"2024-04-02T04:58:43","slug":"ouvertures-fermetures-rentree-2024-decisions-suite-au-cden-86-du-14-03-2024","status":"publish","type":"post","link":"https:\/\/snuipp86.fr\/index.php\/2024\/03\/15\/ouvertures-fermetures-rentree-2024-decisions-suite-au-cden-86-du-14-03-2024\/","title":{"rendered":"Ouvertures\/fermetures rentr\u00e9e 2024 : d\u00e9cisions suite au CDEN 86 du 14\/03\/2024"},"content":{"rendered":"<p><img decoding=\"async\" class=\"size-full wp-image-20277 aligncenter\" src=\"https:\/\/snuipp86.fr\/wp-content\/uploads\/2021\/03\/carte_sco-39ec0-8b231.png\" alt=\"\" width=\"200\" height=\"162\" \/><\/p>\n<p><strong>Le CDEN (Comit\u00e9 D\u00e9partemental de l&rsquo;Education Nationale) du 14 mars <\/strong>vient de se terminer.<\/p>\n<p><img decoding=\"async\" class=\"size-full wp-image-18105 alignleft\" src=\"https:\/\/snuipp86.fr\/wp-content\/uploads\/2019\/12\/carte.jpg\" alt=\"\" width=\"259\" height=\"194\" srcset=\"https:\/\/snuipp86.fr\/wp-content\/uploads\/2019\/12\/carte-200x150.jpg 200w, https:\/\/snuipp86.fr\/wp-content\/uploads\/2019\/12\/carte.jpg 259w\" sizes=\"(max-width: 259px) 100vw, 259px\" \/><\/p>\n<div class=\"x11i5rnm xat24cr x1mh8g0r x1vvkbs xtlvy1s x126k92a\">\n<div dir=\"auto\">L\u2019IA-DASEN a pr\u00e9sent\u00e9 par rapport \u00e0 ces annonces du CSA du 5 mars des modifications ou des pr\u00e9cisions sur ces choix de carte scolaire :<\/div>\n<ul>\n<li dir=\"auto\">\u00a0annulation de la fermeture sur <strong>Leugny<\/strong>, car le maire a refus\u00e9 la fermeture du poste sur l\u2019\u00e9cole qui aurait signifi\u00e9 la fermeture de l\u2019\u00e9cole, la fermeture est transf\u00e9r\u00e9e sur <strong>St R\u00e9my s\/ Creuse<\/strong><\/li>\n<li dir=\"auto\">\u00a0Transfert de la fermeture de<strong> Benassay \u00e0 Lavausseau<\/strong><\/li>\n<li dir=\"auto\">\u00a0l\u2019ouverture du dispositif de moins de trois ans sur Loudun est pr\u00e9cis\u00e9e sur l\u2019\u00e9cole du <strong>Chat Bott\u00e9 de Loudun.<\/strong><\/li>\n<li dir=\"auto\">\u00a0annulation de la fermeture sur <strong>Romagne<\/strong><\/li>\n<\/ul>\n<\/div>\n<div class=\"x11i5rnm xat24cr x1mh8g0r x1vvkbs xtlvy1s x126k92a\">\n<div dir=\"auto\">Toujours pas de postes de rempla\u00e7ant-es en plus, toujours pas de personnels Rased en plus, toujours pas de postes en \u00e9tablissements sp\u00e9cialis\u00e9s en plus, pas d ouvertures en plus malgr\u00e9 des effectifs de certaines \u00e9coles port\u00e9es par la <a class=\"x1i10hfl xjbqb8w x1ejq31n xd10rxx x1sy0etr x17r0tee x972fbf xcfux6l x1qhh985 xm0m39n x9f619 x1ypdohk xt0psk2 xe8uvvx xdj266r x11i5rnm xat24cr x1mh8g0r xexx8yu x4uap5 x18d9i69 xkhd6sd x16tdsg8 x1hl2dhg xggy1nq x1a2a7pz xt0b8zv x1fey0fg xo1l8bm\" tabindex=\"0\" role=\"link\" href=\"https:\/\/www.facebook.com\/snuippfsu.vienne?__cft__[0]=AZVVDNFA2hWrRD7VziRu7q5aUco43_J55h_cR2Qyq-9he8A8Qha7jycvhdd5x7li9rPWiGkzjD5XkAZLxFz6GtmPtCny38wZ_PS6dDzecliCGuLzmahPbYhpuoiV1m49NW3HGq9-SpJEf9S33uqB6N9KXOM79pn77JPq0KR3rVB9omkMGAEukjDBfTxiAaqdPk0&amp;__tn__=-]K-R\"><span class=\"xt0psk2\">Fsu Snuipp Vienne<\/span><\/a> qui le justifient comme \u00e0 Ingrandes elem ou Poitiers Tony Lain\u00e9 elem, toujours pas de cr\u00e9ation de postes de PDMQDC alors que cela est n\u00e9cessaire sur certaines \u00e9coles comme \u00e0 Civray&#8230;Il reste pourtant \u00e0 l\u2019IA 6 postes en r\u00e9serve pour effectuer des ouvertures, qu il n&rsquo; utilisera qu&rsquo;au moment de la rentr\u00e9e.<\/div>\n<div dir=\"auto\"><\/div>\n<\/div>\n<div class=\"x11i5rnm xat24cr x1mh8g0r x1vvkbs xtlvy1s x126k92a\">\n<div dir=\"auto\"><strong><span style=\"color: #ff0000;\">La FSU-CGT Educ&rsquo;action a vot\u00e9 \u00ab\u00a0contre\u00a0\u00bb avec ces 4 voix<\/span><\/strong>.\u00a0 R\u00e9sultats : 4 \u00ab\u00a0Pour\u00a0\u00bb, 7 \u00ab\u00a0abstention\u00a0\u00bb, 6 \u00ab\u00a0Contre\u00a0\u00bb.<\/div>\n<\/div>\n<div dir=\"auto\"><\/div>\n<div dir=\"auto\"><strong>Compte rendu complet du CDEN sur ce lien<\/strong> : <a href=\"https:\/\/fsu86.fsu.fr\/carte-scolaire-1er-degre-rythmes-scolaires-tne-colleges-cden-du-14-mars-2024\/\">https:\/\/fsu86.fsu.fr\/carte-scolaire-1er-degre-rythmes-scolaires-tne-colleges-cden-du-14-mars-2024\/<\/a><\/div>\n<p>Retrouvez ci-dessous l&rsquo;ensemble des d\u00e9cisions retenues \u00e0 l&rsquo;issue du CDEN.<\/p>\n<h1><span style=\"color: #0000ff;\">R\u00e9capitulatif des mesures adopt\u00e9es<\/span><\/h1>\n<p>&nbsp;<\/p>\n<table dir=\"ltr\" style=\"height: 1459px;\" border=\"1\" width=\"805\" cellspacing=\"0\" cellpadding=\"0\">\n<colgroup>\n<col width=\"136\" \/>\n<col width=\"183\" \/>\n<col width=\"263\" \/><\/colgroup>\n<tbody>\n<tr>\n<td><\/td>\n<td style=\"text-align: center;\" data-sheets-value=\"{&quot;1&quot;:2,&quot;2&quot;:&quot;Ouvertures&quot;}\"><span style=\"color: #0000ff;\"><strong>Ouvertures<\/strong><\/span><\/td>\n<td style=\"text-align: center;\" data-sheets-value=\"{&quot;1&quot;:2,&quot;2&quot;:&quot;Fermetures&quot;}\"><span style=\"color: #ff0000;\"><strong>Fermetures<\/strong><\/span><\/td>\n<\/tr>\n<tr>\n<td style=\"text-align: center;\" data-sheets-value=\"{&quot;1&quot;:2,&quot;2&quot;:&quot;classes Maternelle&quot;}\"><strong>classes Maternelle<\/strong><\/p>\n<p>6 ouvertures<\/p>\n<p>5 fermetures<\/td>\n<td data-sheets-value=\"{&quot;1&quot;:2,&quot;2&quot;:&quot;Ch\u00e2tellerault Carpantier; Ch\u00e2tellerault Souch\u00e9 (-3ans), Poitiers Andersen (GS 12), Poitiers Brel (GS 12), Poitiers Daudet (GS 12), Poitiers Lain\u00e9 (3 GS 112), Poitiers Licorne, Vouneuil s\/ Vienne&quot;}\">\n<ul>\n<li><span style=\"color: #0000ff;\">BUXEROLLES &#8211; J. M. Paratte (moyen provisoire R23)<\/span><\/li>\n<li><span style=\"color: #0000ff;\">ITEUIL<\/span><\/li>\n<li><span style=\"color: #0000ff;\">MIGNALOUX BEAUVOIR<\/span><\/li>\n<li><span style=\"color: #0000ff;\">POITIERS &#8211; Andersen (d\u00e9doublement GS)<\/span><\/li>\n<li><span style=\"color: #0000ff;\">POITIERS &#8211; Brassens<\/span><\/li>\n<li><span style=\"color: #0000ff;\">POITIERS &#8211; Montmidi<\/span><\/li>\n<\/ul>\n<\/td>\n<td data-sheets-value=\"{&quot;1&quot;:2,&quot;2&quot;:&quot;Avanton, Ch\u00e2tellerault Souch\u00e9, Ch\u00e2tellerault Antoign\u00e9, Iteuil, Mignaloux Beauvoir, Montmorillon Ville Basse, Poitiers Licorne (-3ans), Poitiers Pagnol, Rouill\u00e9, St Georges les Baillargeaux, Vouill\u00e9&quot;}\">\n<ul>\n<li><span style=\"color: #ff0000;\">LUSSAC LES CHATEAUX &#8211; J. Rostand<\/span><\/li>\n<li><span style=\"color: #ff0000;\">MIGNE AUXANCES &#8211; R. Desnos<\/span><\/li>\n<li><span style=\"color: #ff0000;\">POITIERS &#8211; Petit Tour<\/span><\/li>\n<li><span style=\"color: #ff0000;\">SCORBE CLAIRVAUX &#8211; Les P&rsquo;tits Loups<\/span><\/li>\n<li><span style=\"color: #ff0000;\">ST MARTIN LA PALLU (Vendeuvre) &#8211; G. Gauthier<\/span><\/li>\n<\/ul>\n<\/td>\n<\/tr>\n<tr>\n<td data-sheets-value=\"{&quot;1&quot;:2,&quot;2&quot;:&quot;classes El\u00e9mentaire&quot;}\">\n<p style=\"text-align: center;\"><strong>classes El\u00e9mentaire<\/strong><\/p>\n<p style=\"text-align: center;\">\u00a01 ouverture<\/p>\n<p style=\"text-align: center;\">15 fermetures<\/p>\n<\/td>\n<td data-sheets-value=\"{&quot;1&quot;:2,&quot;2&quot;:&quot;Lussac les Ch\u00e2teaux, Poitiers Daudet &quot;}\">\n<ul>\n<li><span style=\"color: #0000ff;\">POITIERS &#8211; A. Daudet<\/span><\/li>\n<\/ul>\n<\/td>\n<td data-sheets-value=\"{&quot;1&quot;:2,&quot;2&quot;:&quot;Buxerolles Paratte, Champigny en Rochereau Dernier, Ch\u00e2tellerault Herriot Dissay Ligug\u00e9 Loudun Pr\u00e9vert Neuville Ferry Nouaill\u00e9 Maupertuis Senill\u00e9-St Sauveur St Benoit Irma Jouenne Vouneuil s\/ Vienne&quot;}\">\n<ul>\n<li><span style=\"color: #ff0000;\">BOIVRE LA VALLEE &#8211; (Lavausseau)\u00a0<\/span><\/li>\n<li><span style=\"color: #ff0000;\">DISSAY &#8211; P.E. Victor<\/span><\/li>\n<li><span style=\"color: #ff0000;\">FONTAINE LE COMTE &#8211; J. Pr\u00e9vert<\/span><\/li>\n<li><span style=\"color: #ff0000;\">JAUNAY-MARIGNY &#8211; R. Cassin<\/span><\/li>\n<li><span style=\"color: #ff0000;\">LA VILLEDIEU DU CLAIN<\/span><\/li>\n<li><span style=\"color: #ff0000;\">LENCLOITRE &#8211; J. Baker<\/span><\/li>\n<li><span style=\"color: #ff0000;\">LIGUGE &#8211; Cl. P\u00e9ruchon<\/span><\/li>\n<li><span style=\"color: #ff0000;\">LOUDUN &#8211; J. Pr\u00e9vert<\/span><\/li>\n<li><span style=\"color: #ff0000;\">MIGNALOUX BEAUVOIR &#8211; P et G Chaussebourg<\/span><\/li>\n<li><span style=\"color: #ff0000;\">MIREBEAU &#8211; J. Raffarin<\/span><\/li>\n<li><span style=\"color: #ff0000;\">MONTAMISE &#8211; Ch. Choisie<\/span><\/li>\n<li><span style=\"color: #ff0000;\">NOUAILLE MAUPERTUIS<\/span><\/li>\n<li><span style=\"color: #ff0000;\">POITIERS &#8211; Allard-Ferry<\/span><\/li>\n<li><span style=\"color: #ff0000;\">POITIERS &#8211; Coligny-Cornet<\/span><\/li>\n<li><span style=\"color: #ff0000;\">VIVONNE &#8211; Langevin Wallon<\/span><\/li>\n<li><span style=\"color: #ff0000;\">VOUNEUIL SOUS BIARD &#8211; J.Y. Cousteau<\/span><\/li>\n<\/ul>\n<\/td>\n<\/tr>\n<tr>\n<td style=\"text-align: center;\" data-sheets-value=\"{&quot;1&quot;:2,&quot;2&quot;:&quot;classes Primaire&quot;}\"><strong>classes Primaire<\/strong><\/p>\n<p>4 ouvertures<\/p>\n<p>14 fermetures<\/td>\n<td data-sheets-value=\"{&quot;1&quot;:2,&quot;2&quot;:&quot;Availles Limouzine, Ch\u00e2tellerault Car\u00eame, Ch\u00e2tellerault Haigner\u00e9, Poitiers Perrault (GS 12), St Sauvant, Verri\u00e8res&quot;}\">&nbsp;<\/p>\n<ul>\n<li><span style=\"color: #0000ff;\">BERUGES &#8211; C et D. Alleaume<\/span><\/li>\n<li><span style=\"color: #0000ff;\">CHIRE EN MONTREUIL &#8211; A. Sauzeau (moyen provisoire R23)<\/span><\/li>\n<li><span style=\"color: #0000ff;\">POITIERS &#8211; Perrault <strong>(2)<\/strong><\/span><\/li>\n<\/ul>\n<\/td>\n<td data-sheets-value=\"{&quot;1&quot;:2,&quot;2&quot;:&quot;Bonnes, Buxeuil, Ch\u00e2tellerault Lavoisier, Montmorillon St Nicolas, Nieuil l'Espoir, Pleumartin, St Maurice La Clou\u00e8re, Thur\u00e9 Pagnol, Valdivienne &quot;}\">\n<ul>\n<li><span style=\"color: #ff0000;\">AVAILLES LIMOUZINE<\/span><\/li>\n<li><span style=\"color: #ff0000;\">BONNES<\/span><\/li>\n<li><span style=\"color: #ff0000;\">BONNEUIL MATOURS &#8211; M. Fombeure<\/span><\/li>\n<li><span style=\"color: #ff0000;\">CHATELLERAULT &#8211; Lakanal Littr\u00e9<\/span><\/li>\n<li><span style=\"color: #ff0000;\">CIVAUX &#8211; P. C\u00e9zanne<\/span><\/li>\n<li><span style=\"color: #ff0000;\">COULOMBIERS<\/span><\/li>\n<li><span style=\"color: #ff0000;\">GENCAY &#8211; J. et R. Hirsch<\/span><\/li>\n<li><span style=\"color: #ff0000;\">LATILLE<\/span><\/li>\n<li><span style=\"color: #ff0000;\">MARCAY &#8211; M. et H. Gauthier<\/span><\/li>\n<li><span style=\"color: #ff0000;\">NIEUIL L&rsquo;ESPOIR &#8211; J. Charpentreau<\/span><\/li>\n<li><span style=\"color: #ff0000;\">OYRE<\/span><\/li>\n<li><span style=\"color: #ff0000;\">SAVIGNY L&rsquo;EVESCAULT<\/span><\/li>\n<li><span style=\"color: #ff0000;\">ST GENEST D&rsquo;AMBIERE &#8211; Les Capucines<\/span><\/li>\n<li><span style=\"color: #ff0000;\">VALDIVIENNE &#8211; Les Gen\u00eats<\/span><\/li>\n<\/ul>\n<\/td>\n<\/tr>\n<tr>\n<td style=\"text-align: center;\" data-sheets-value=\"{&quot;1&quot;:2,&quot;2&quot;:&quot;classes RPI *site impact\u00e9&quot;}\" data-sheets-textstyleruns=\"{&quot;1&quot;:0}\uee10{&quot;1&quot;:59,&quot;2&quot;:{&quot;4&quot;:10,&quot;5&quot;:0}}\"><strong>classes RPI\/RPC<\/strong><\/p>\n<p>2 ouvertures<\/p>\n<p>6 fermetures<\/p>\n<p>*plus d&rsquo;\u00e9cole sur la commune<\/td>\n<td data-sheets-value=\"{&quot;1&quot;:2,&quot;2&quot;:&quot;Chaunay&quot;}\">\n<ul>\n<li><span style=\"color: #0000ff;\"><strong>BOURNAND (2)<\/strong>\u00a0&#8211; VEZIERES<\/span><\/li>\n<\/ul>\n<\/td>\n<td data-sheets-value=\"{&quot;1&quot;:2,&quot;2&quot;:&quot;Blanzay* - Champniers\\nChapelle Viviers* - Leignes sur Fontaine Ch\u00e2teau Larcher - Marnay\\n Chenevelles - Monthoiron* Cherves - Cuhon - Vouzailles* Jardes - Pouill\u00e9 - Terc\u00e9* St Macoux - St Saviol - St Pierre d'Exideuil*&quot;}\">\n<ul>\n<li><span style=\"color: #ff0000;\"><strong>AYRON<\/strong> &#8211; CHALANDRAY &#8211; MAILLE<\/span><\/li>\n<li><span style=\"color: #ff0000;\">BOURNAND &#8211; <strong>VEZIERES (2) <\/strong>*\u00a0<\/span><\/li>\n<li><span style=\"color: #ff0000;\">CHAUNAY \u00e9lem<\/span><\/li>\n<li><span style=\"color: #ff0000;\"><strong>JARDRES<\/strong> &#8211; POUILLE &#8211; TERCE<\/span><\/li>\n<li><span style=\"color: #ff0000;\">LEUGNY &#8211; <strong>ST REMY SUR CREUSE<\/strong><\/span><\/li>\n<\/ul>\n<\/td>\n<\/tr>\n<tr>\n<td data-sheets-value=\"{&quot;1&quot;:2,&quot;2&quot;:&quot;ASH&quot;}\">\n<p style=\"text-align: center;\"><strong>ASH<\/strong><\/p>\n<p style=\"text-align: center;\">2 ouvertures<\/p>\n<\/td>\n<td data-sheets-value=\"{&quot;1&quot;:2,&quot;2&quot;:&quot;0,5 coordination mat\u00e9riel p\u00e9dagogique adapt\u00e9 1 Unit\u00e9 Autisme maternelle sur Jaunay-Marigny Pr\u00e9vert&quot;}\">\n<ul>\n<li><span style=\"color: #0000ff;\">1 poste d&rsquo;Enseignant-e r\u00e9f\u00e9rent-e\u00a0<\/span><\/li>\n<li><span style=\"color: #0000ff;\">1 poste d&rsquo;Enseignant-e ressource TND (troubles du neuro-d\u00e9veloppement)<\/span><\/li>\n<\/ul>\n<\/td>\n<td><\/td>\n<\/tr>\n<tr>\n<td style=\"text-align: center;\" data-sheets-value=\"{&quot;1&quot;:2,&quot;2&quot;:&quot;Autres&quot;}\"><strong>Autres<\/strong><\/p>\n<p>10.74 ouvertures<\/p>\n<p>5.91 fermetures<\/td>\n<td data-sheets-value=\"{&quot;1&quot;:2,&quot;2&quot;:&quot;1 brigade d'appui, 5 brigades (TR dep), 1 Rased E Poitiers Ouest, 1 Casnav Ch\u00e2tellerault, 0,5 CRED, 1 PEMF, 6.35 d\u00e9charges direction&quot;}\">\n<ul>\n<li><span style=\"color: #0000ff;\">3 Titulaires Rempla\u00e7ant-es d\u00e9partementaux (postes provisoires)<\/span><\/li>\n<li><span style=\"color: #0000ff;\">D\u00e9charges PEMF<\/span>\n<ul>\n<li><span style=\"color: #0000ff;\">0.33 Chasseneuil mat<\/span><\/li>\n<li><span style=\"color: #0000ff;\">0.33 Poitiers Allard-Ferry (provisoire)<br \/>\n<\/span><\/li>\n<\/ul>\n<\/li>\n<li><span style=\"color: #0000ff;\">Coordination :<\/span>\n<ul>\n<li><span style=\"color: #0000ff;\">Coordination TER &#8211; Loudun &#8211; Renaudot (0,5)<\/span><\/li>\n<li><span style=\"color: #0000ff;\">Coordination Cit\u00e9 \u00e9ducative &#8211; Ch\u00e2tellerault (0,5)<\/span><\/li>\n<\/ul>\n<\/li>\n<li><span style=\"color: #0000ff;\">D\u00e9charges de direction exceptionnelle<\/span>\n<ul>\n<li><span style=\"color: #0000ff;\">0.08 Jaunay-Marigny &#8211; R. Cassin<\/span><\/li>\n<\/ul>\n<\/li>\n<li><span style=\"color: #0000ff;\">2 x 0.5 poste \u00ab\u00a0Appuis \u00e0 la direction\u00a0\u00bb :<\/span>\n<ul>\n<li><span style=\"color: #0000ff;\">0.5 Poitiers &#8211; Ch. Perrault<\/span><\/li>\n<li><span style=\"color: #0000ff;\">0.5 Ch\u00e2tellerault- Lakanal Littr\u00e9 <\/span><\/li>\n<\/ul>\n<\/li>\n<li><span style=\"color: #0000ff;\">2 conseiller-\u00e8res p\u00e9dagogiques :<\/span>\n<ul>\n<li><span style=\"color: #0000ff;\">CPD maternelle<\/span><\/li>\n<li><span style=\"color: #0000ff;\">CPC Montmorillon Sud Vienne<\/span><\/li>\n<\/ul>\n<\/li>\n<li><span style=\"color: #0000ff;\">2 dispositifs \u00ab\u00a0Moins de 3 ans\u00a0\u00bb :\u00a0<\/span>\n<ul>\n<li><span style=\"color: #0000ff;\">CHATELLERAULT &#8211; L\u00e9o Lagrange (moyen provisoire R23)<\/span><\/li>\n<li><span style=\"color: #0000ff;\">LOUDUN &#8211; Chat Bott\u00e9\u00a0<\/span><\/li>\n<\/ul>\n<\/li>\n<\/ul>\n<\/td>\n<td data-sheets-value=\"{&quot;1&quot;:2,&quot;2&quot;:&quot;1 Casnav Poitiers, 2 PDMQDC : Ch\u00e2tellerault Haigner\u00e9, Mirebeau&quot;}\">\n<ul>\n<li><span style=\"color: #ff0000;\">3 postes de remplacement \u00e0 l&rsquo;ann\u00e9e dit de \u00ab\u00a0renfort annuel\u00a0\u00bb : 1 \u00e0 Ch\u00e2tellerault, 2 \u00e0 Poitiers<\/span><\/li>\n<li><span style=\"color: #ff0000;\">D\u00e9charges PEMF<\/span>\n<ul>\n<li><span style=\"color: #ff0000;\">0.33 Vivonne \u00e9l\u00e9m<\/span><\/li>\n<li><span style=\"color: #ff0000;\">0.33 Poitiers St Exup\u00e9ry<\/span><\/li>\n<\/ul>\n<\/li>\n<li><span style=\"color: #ff0000;\">D\u00e9charge de direction exceptionnelle<\/span>\n<ul>\n<li><span style=\"color: #ff0000;\">0.25 Poitiers Renaudot<\/span><\/li>\n<\/ul>\n<\/li>\n<li><span style=\"color: #ff0000;\">2 Dispositif Plus De Ma\u00eetre-sses Que De Classes<\/span>\n<ul>\n<li><span style=\"color: #ff0000;\">CHARROUX\u00a0<\/span><\/li>\n<li><span style=\"color: #ff0000;\">GENCAY &#8211; J. et R. Hirsch<\/span><span style=\"color: #ff0000;\">\u00a0<\/span><\/li>\n<\/ul>\n<\/li>\n<\/ul>\n<\/td>\n<\/tr>\n<\/tbody>\n<\/table>\n<p>L&rsquo;IA indique qu&rsquo;il lui reste 6 postes pour pouvoir effectuer des ouvertures \u00e0 la rentr\u00e9e.<\/p>\n<p>Certaines \u00e9coles ont \u00e9t\u00e9 list\u00e9es en priorit\u00e9 \u00e0 observer :<\/p>\n<ul>\n<li>Ceaux en Loudun<\/li>\n<li>Lesigny<\/li>\n<li>Ingrandes \u00e9l\u00e9m<\/li>\n<li>Poitiers Tony \u00e9l\u00e9m<\/li>\n<li>Scorb\u00e9 Clairvaux mat<\/li>\n<li>St Genest d&rsquo;Ambi\u00e8re<\/li>\n<li>Vivonne \u00e9l\u00e9m<\/li>\n<\/ul>\n<p>&nbsp;<\/p>\n<h1><span style=\"color: #0000ff;\"><strong>Circonscription de Ch\u00e2tellerault<br \/>\n<\/strong><\/span><\/h1>\n<p><img decoding=\"async\" class=\"alignnone size-medium wp-image-21782\" src=\"https:\/\/snuipp86.fr\/wp-content\/uploads\/2022\/01\/Chatelt-300x290.png\" alt=\"\" width=\"300\" height=\"290\" srcset=\"https:\/\/snuipp86.fr\/wp-content\/uploads\/2022\/01\/Chatelt-200x193.png 200w, https:\/\/snuipp86.fr\/wp-content\/uploads\/2022\/01\/Chatelt-300x290.png 300w, https:\/\/snuipp86.fr\/wp-content\/uploads\/2022\/01\/Chatelt-400x386.png 400w, https:\/\/snuipp86.fr\/wp-content\/uploads\/2022\/01\/Chatelt.png 473w\" sizes=\"(max-width: 300px) 100vw, 300px\" \/><\/p>\n<h2>\u00c9l\u00e9mentaire<\/h2>\n<ul>\n<li>INGRANDES : arr\u00eat de la d\u00e9charge exceptionnelle \u00e0 0.25<\/li>\n<li>CHATELLERAULT &#8211; Herriot : fermeture du poste de rempla\u00e7ant-e \u00a0\u00bb renfort annuel Ch\u00e2tellerault\u00a0\u00bb<\/li>\n<\/ul>\n<h2>Primaire<\/h2>\n<ul>\n<li>CH\u00c2TELLERAULT &#8211; Lakanal Littr\u00e9 : fermeture d&rsquo;une classe + cr\u00e9ation d&rsquo;un demi-poste d&rsquo;Appui \u00e0 la direction<\/li>\n<li>CH\u00c2TELLERAULT &#8211; L\u00e9o Lagrange : ouverture d&rsquo;un dispositif \u00ab\u00a0Moins de 3 ans\u00a0\u00bb (moyen provisoire R23)<\/li>\n<li>OYRE : fermeture d&rsquo;une classe + perte de la d\u00e9charge de direction 1\/4<\/li>\n<\/ul>\n<h2>RPI\/RPC<\/h2>\n<ul>\n<li>LEUGNY &#8211; ST REMY SUR CREUSE* : fermeture de classe sur St R\u00e9my sur Creuse<\/li>\n<\/ul>\n<h2>Autre<\/h2>\n<ul>\n<li>Coordination Cit\u00e9 \u00e9ducative &#8211; Ch\u00e2tellerault (0,5)<\/li>\n<\/ul>\n<h1><span style=\"color: #0000ff;\">Circonscription de Lenclo\u00eetre Nord Vienne\u00a0<\/span><\/h1>\n<p><img decoding=\"async\" class=\"alignnone size-medium wp-image-21785\" src=\"https:\/\/snuipp86.fr\/wp-content\/uploads\/2022\/01\/Lencloitreseule-207x300.png\" alt=\"\" width=\"207\" height=\"300\" srcset=\"https:\/\/snuipp86.fr\/wp-content\/uploads\/2022\/01\/Lencloitreseule-200x290.png 200w, https:\/\/snuipp86.fr\/wp-content\/uploads\/2022\/01\/Lencloitreseule-207x300.png 207w, https:\/\/snuipp86.fr\/wp-content\/uploads\/2022\/01\/Lencloitreseule.png 344w\" sizes=\"(max-width: 207px) 100vw, 207px\" \/><\/p>\n<h2>Maternelle<\/h2>\n<ul>\n<li>LOUDUN &#8211; Chat Bott\u00e9\u00a0 : cr\u00e9ation d&rsquo;un dispositif \u00ab\u00a0Moins de 3 ans\u00a0\u00bb.<\/li>\n<li>SCORBE CLAIRVAUX &#8211; Les P&rsquo;tits Loups : fermeture d&rsquo;une classe<\/li>\n<li>ST MARTIN LA PALLU &#8211; (Vendeuvre) G. Gauthier : fermeture d&rsquo;une classe<\/li>\n<\/ul>\n<h2>\u00c9l\u00e9mentaire<\/h2>\n<ul>\n<li>BOIVRE LA VALLEE &#8211; (Lavausseau) : fermeture d&rsquo;une classe<\/li>\n<li>LENCLOITRE &#8211; J. Baker : fermeture d&rsquo;une classe<\/li>\n<li>LOUDUN &#8211; J. Pr\u00e9vert : fermeture d&rsquo;une classe et passage de la d\u00e9charge de direction de 1\/2 \u00e0 1\/3, impact sur le poste fractionn\u00e9 \u00e0 TD<\/li>\n<li>MIREBEAU &#8211; J. Raffarin : fermeture d&rsquo;une classe et passage de la d\u00e9charge de direction de 1\/2 \u00e0 1\/3<\/li>\n<\/ul>\n<h2>Primaire<\/h2>\n<ul>\n<li>CHIRE EN MONTREUIL &#8211; A. Sauzeau : ouverture d&rsquo;une classe (moyen provisoire R23) + cr\u00e9ation d\u00e9charge direction \u00e0 1\/4<\/li>\n<li>LATILLE &#8211; fermeture d&rsquo;une classe + fusion \u00e9l\u00e9m\/mat pour cr\u00e9er une \u00e9cole prim 5 classes<\/li>\n<li>ST GENEST D&rsquo;AMBIERE &#8211; Les Capucines &#8211; fermeture d&rsquo;une classe<\/li>\n<\/ul>\n<h2>RPI\/RPC<\/h2>\n<ul>\n<li>AYRON* &#8211; CHALANDRAY &#8211; MAILLE : fermeture d&rsquo;une classe sur Ayron<\/li>\n<li>BOURNAND &#8211; VEZIERES* : transfert des 2 postes de Vezi\u00e8res sur Bournand<\/li>\n<\/ul>\n<h2>Autre<\/h2>\n<ul>\n<li>Coordination TER &#8211; LOUDUN- Renaudot (0,5)<\/li>\n<li>BOIVRE LA VALLEE : maintien de l&rsquo;exp\u00e9rimentation avec d\u00e9charge \u00e0 100%<\/li>\n<\/ul>\n<h1><span style=\"color: #0000ff;\">Circonscription de Montmorillon Sud Vienne<br \/>\n<\/span><\/h1>\n<p><img decoding=\"async\" class=\"alignnone wp-image-21787\" src=\"https:\/\/snuipp86.fr\/wp-content\/uploads\/2022\/01\/montmorillon-simple-300x271.png\" alt=\"\" width=\"327\" height=\"295\" srcset=\"https:\/\/snuipp86.fr\/wp-content\/uploads\/2022\/01\/montmorillon-simple-200x181.png 200w, https:\/\/snuipp86.fr\/wp-content\/uploads\/2022\/01\/montmorillon-simple-300x271.png 300w, https:\/\/snuipp86.fr\/wp-content\/uploads\/2022\/01\/montmorillon-simple-400x361.png 400w, https:\/\/snuipp86.fr\/wp-content\/uploads\/2022\/01\/montmorillon-simple-600x542.png 600w, https:\/\/snuipp86.fr\/wp-content\/uploads\/2022\/01\/montmorillon-simple.png 630w\" sizes=\"(max-width: 327px) 100vw, 327px\" \/><\/p>\n<h2>Maternelle<\/h2>\n<ul>\n<li>LUSSAC LES CHATEAUX &#8211; J. Rostand &#8211; fermeture d&rsquo;une classe<\/li>\n<\/ul>\n<h2>Primaire<\/h2>\n<ul>\n<li>AVAILLES LIMOUZINE &#8211; fermeture d&rsquo;une classe<\/li>\n<li>BONNES &#8211; fermeture d&rsquo;une classe\u00a0 et passage de la d\u00e9charge de direction de 1\/3 \u00e0 1\/4<\/li>\n<li>CIVAUX &#8211; P. C\u00e9zanne : fermeture d&rsquo;une classe et passage de la direction de 1\/3 \u00e0 1\/4<\/li>\n<li>CHARROUX\u00a0 : fermeture du dispositif PDMQDC<\/li>\n<li>L&rsquo;ISLE JOURDAIN : maintien de la d\u00e9charge suppl\u00e9mentaire de 0.08<\/li>\n<li>VALDIVIENNE &#8211; Les Gen\u00eats : fermeture d&rsquo;une classe<\/li>\n<\/ul>\n<h2>RPI\/RPC<\/h2>\n<ul>\n<li>JARDRES* &#8211; POUILLE &#8211; TERCE : fermeture d&rsquo;une classe sur Jardres<\/li>\n<\/ul>\n<h2>Autre<\/h2>\n<ul>\n<li>Ouverture d&rsquo;un poste de Conseiller-\u00e8re p\u00e9dagogique de circonscription<\/li>\n<\/ul>\n<p>&nbsp;<\/p>\n<h1><span style=\"color: #0000ff;\">Circonscription de Poitiers Est<br \/>\n<\/span><\/h1>\n<p><img decoding=\"async\" class=\"alignnone size-full wp-image-21788\" src=\"https:\/\/snuipp86.fr\/wp-content\/uploads\/2022\/01\/PEst.png\" alt=\"\" width=\"189\" height=\"236\" \/><\/p>\n<h2>Maternelle<\/h2>\n<ul>\n<li>BUXEROLLES &#8211; J. M. Paratte (moyen provisoire R23) : ouverture d&rsquo;une classe<\/li>\n<li>MIGNALOUX BEAUVOIR : ouverture d&rsquo;une classe<\/li>\n<li>POITIERS &#8211; Andersen (d\u00e9doublement GS) : ouverture d&rsquo;une classe + maintien de la d\u00e9charge suppl\u00e9mentaire de 0.25<\/li>\n<li>POITIERS &#8211; Brassens : ouverture d&rsquo;une classe<\/li>\n<li>POITIERS Microm\u00e9gas : maintien de la d\u00e9charge suppl\u00e9mentaire de 0.08<\/li>\n<\/ul>\n<h2>\u00c9l\u00e9mentaire<\/h2>\n<ul>\n<li>BUXEROLLES Paratte : maintien de la d\u00e9charge suppl\u00e9mentaire de 0.28<\/li>\n<li>MIGNALOUX BEAUVOIR &#8211; P et G Chaussebourg : fermeture d&rsquo;une classe<\/li>\n<li>MONTAMISE &#8211; Ch. Choisie : fermeture d&rsquo;une classe, passage de la d\u00e9charge de direction de 1\/2 \u00e0 1\/3<\/li>\n<li>POITIERS &#8211; A. Daudet : ouverture d&rsquo;une classe<\/li>\n<li>POITIERS Microm\u00e9gas : maintien de la d\u00e9charge suppl\u00e9mentaire de 0.17<\/li>\n<li>POITIERS N\u00e9ruda : maintien de la d\u00e9charge suppl\u00e9mentaire de 0.08<\/li>\n<\/ul>\n<h2>Primaire<\/h2>\n<ul>\n<li>NIEUIL L&rsquo;ESPOIR &#8211; J. Charpentreau : fermeture d&rsquo;une classe<\/li>\n<li>POITIERS &#8211; Ch. Perrault : ouverture de 2 classes + cr\u00e9ation d&rsquo;un demi-poste d&rsquo;appui \u00e0 la direction<\/li>\n<li>SAVIGNY L&rsquo;EVESCAULT : fermeture d&rsquo;une classe + passage de la d\u00e9charge de 1\/3 \u00e0 1\/4<\/li>\n<\/ul>\n<p>&nbsp;<\/p>\n<h1><span style=\"color: #0000ff;\">Circonscription de Poitiers Nord<br \/>\n<\/span><\/h1>\n<p><img decoding=\"async\" class=\"alignnone size-medium wp-image-21790\" src=\"https:\/\/snuipp86.fr\/wp-content\/uploads\/2022\/01\/Poitiersnord-300x210.png\" alt=\"\" width=\"300\" height=\"210\" srcset=\"https:\/\/snuipp86.fr\/wp-content\/uploads\/2022\/01\/Poitiersnord-200x140.png 200w, https:\/\/snuipp86.fr\/wp-content\/uploads\/2022\/01\/Poitiersnord-300x210.png 300w, https:\/\/snuipp86.fr\/wp-content\/uploads\/2022\/01\/Poitiersnord-400x280.png 400w, https:\/\/snuipp86.fr\/wp-content\/uploads\/2022\/01\/Poitiersnord.png 408w\" sizes=\"(max-width: 300px) 100vw, 300px\" \/><\/p>\n<h2>Maternelle<\/h2>\n<ul>\n<li>CHASSENEUIL : transformation d&rsquo;un poste adjoint-e en poste PEMF<\/li>\n<li>JAUNAY-MARIGNY &#8211; Pr\u00e9vert : maintien de la d\u00e9charge suppl\u00e9mentaire de 0.08<\/li>\n<li>MIGNE AUXANCES &#8211; R. Desnos : fermeture d&rsquo;une classe<\/li>\n<\/ul>\n<h2>\u00c9l\u00e9mentaire<\/h2>\n<ul>\n<li>DISSAY &#8211; P.E. Victor : fermeture d&rsquo;une classe<\/li>\n<li>JAUNAY-MARIGNY &#8211; R. Cassin : fermeture d&rsquo;une classe +\u00a0 d\u00e9charge de direction suppl\u00e9mentaire pour maintien \u00e0 1\/3<\/li>\n<li>VOUNEUIL SOUS BIARD &#8211; J.Y. Cousteau : fermeture d&rsquo;une classe et passage de la d\u00e9charge de direction de 1\/2 \u00e0 1\/3, impact sur le Poste fractionn\u00e9 \u00e0 TD<\/li>\n<\/ul>\n<h2>Primaire<\/h2>\n<ul>\n<li>BONNEUIL MATOURS &#8211; M. Fombeure : fermeture d&rsquo;une classe<\/li>\n<\/ul>\n<h1><span style=\"color: #0000ff;\">Circonscription de Poitiers Ouest<br \/>\n<\/span><\/h1>\n<p><img decoding=\"async\" class=\"alignnone size-full wp-image-21792\" src=\"https:\/\/snuipp86.fr\/wp-content\/uploads\/2022\/01\/POuest.png\" alt=\"\" width=\"209\" height=\"181\" srcset=\"https:\/\/snuipp86.fr\/wp-content\/uploads\/2022\/01\/POuest-200x173.png 200w, https:\/\/snuipp86.fr\/wp-content\/uploads\/2022\/01\/POuest.png 209w\" sizes=\"(max-width: 209px) 100vw, 209px\" \/><\/p>\n<h2>Maternelle<\/h2>\n<ul>\n<li>POITIERS &#8211; Montmidi : ouverture d&rsquo;une classe et cr\u00e9ation d&rsquo;une d\u00e9charge de direction \u00e0 1\/4<\/li>\n<li>POITIERS &#8211; Petit Tour : fermeture d&rsquo;une classe<\/li>\n<li>POITIERS &#8211; Renaudot : perte de la d\u00e9charge suppl\u00e9mentaire de Dir 0.25<\/li>\n<\/ul>\n<h2>\u00c9l\u00e9mentaire<\/h2>\n<ul>\n<li>FONTAINE LE COMTE &#8211; J. Pr\u00e9vert : fermeture d&rsquo;une classe et passage de la d\u00e9charge de temps plein \u00e0 1\/2<\/li>\n<li>LIGUGE &#8211; Cl. P\u00e9ruchon : fermeture d&rsquo;une classe<\/li>\n<li>POITIERS &#8211; Allard-Ferry : fermeture d&rsquo;une classe + transformation d&rsquo;un poste d&rsquo;ajoint-e en poste de PEMF \u00e0 titre provisoire<\/li>\n<li>POITIERS &#8211; Coligny-Cornet : fermeture d&rsquo;une classe et passage de la d\u00e9charge de direction de 1\/2 \u00e0 1\/3<\/li>\n<li>POITIERS &#8211; Montmidi : fermeture du poste de rempla\u00e7ant-e \u00a0\u00bb renfort annuel Poitiers\u00a0\u00bb<\/li>\n<li>POITIERS &#8211; Perochon : fermeture du poste de rempla\u00e7ant-e \u00a0\u00bb renfort annuel Poitiers\u00a0\u00bb<\/li>\n<li>POITIERS &#8211; Saint-Exup\u00e9ry : transformation d&rsquo;un poste de PEMF en poste d&rsquo;adjoint-e<\/li>\n<\/ul>\n<h2>Primaire<\/h2>\n<ul>\n<li>BERUGES &#8211; C et D. Alleaume : ouverture d&rsquo;une classe et passage de la d\u00e9charge de 1\/4 \u00e0 1\/3<\/li>\n<li>POITIERS Paul Blet : maintien de la d\u00e9charge suppl\u00e9mentaire de 0.17<\/li>\n<\/ul>\n<h1><span style=\"color: #0000ff;\">Circonscription de Poitiers Sud<br \/>\n<\/span><\/h1>\n<p><img decoding=\"async\" class=\"alignnone size-medium wp-image-21795\" src=\"https:\/\/snuipp86.fr\/wp-content\/uploads\/2022\/01\/PSud-1-295x300.png\" alt=\"\" width=\"295\" height=\"300\" srcset=\"https:\/\/snuipp86.fr\/wp-content\/uploads\/2022\/01\/PSud-1-66x66.png 66w, https:\/\/snuipp86.fr\/wp-content\/uploads\/2022\/01\/PSud-1-200x203.png 200w, https:\/\/snuipp86.fr\/wp-content\/uploads\/2022\/01\/PSud-1-295x300.png 295w, https:\/\/snuipp86.fr\/wp-content\/uploads\/2022\/01\/PSud-1-400x406.png 400w, https:\/\/snuipp86.fr\/wp-content\/uploads\/2022\/01\/PSud-1.png 577w\" sizes=\"(max-width: 295px) 100vw, 295px\" \/><\/p>\n<h2>Maternelle<\/h2>\n<ul>\n<li>ITEUIL : ouverture d&rsquo;une classe<\/li>\n<\/ul>\n<h2>\u00c9l\u00e9mentaire<\/h2>\n<ul>\n<li>LA VILLEDIEU DU CLAIN : fermeture d&rsquo;une classe et perte de la d\u00e9charge de direction \u00e0 1\/4<\/li>\n<li>NOUAILLE MAUPERTUIS : fermeture d&rsquo;une classe<\/li>\n<li>VIVONNE &#8211; Langevin Wallon : fermeture d&rsquo;une classe et transformation du poste de PEMF en poste d&rsquo;adjoint-e<\/li>\n<\/ul>\n<h2>Primaire<\/h2>\n<ul>\n<li>COULOMBIERS : fermeture d&rsquo;une classe et passage de la d\u00e9charge de 1\/3 \u00e0 1\/4<\/li>\n<li>GENCAY &#8211; J. et R. Hirsch : fermeture d&rsquo;une classe et du dispositif PDMQDC + passage de la d\u00e9charge de 1\/3 \u00e0 1\/4<\/li>\n<li>MARCAY &#8211; M. et H. Gauthier : fermeture d&rsquo;une classe et passage de la d\u00e9charge de direction de 0.33 \u00e0 0.25, impact sur le poste fractionn\u00e9 \u00e0 titre d\u00e9finitif (association avec le 1\/4 de Coulombiers)<\/li>\n<\/ul>\n<h2>RPI\/RPC<\/h2>\n<ul>\n<li>CHAUNAY \u00e9lem : fermeture d&rsquo;une classe<\/li>\n<\/ul>\n<h2>Autre<\/h2>\n<ul>\n<li>RASED E \/ ADP : transfert du poste de la Villedieu du Clain \u00e0 Vivonne \u00e9l\u00e9m<\/li>\n<li>cr\u00e9ation d&rsquo;un poste fractionn\u00e9 1\/4 Vivonne mat + 1\/4 Aslonnes<\/li>\n<\/ul>\n<h1><span style=\"color: #0000ff;\">Autres mesures hors circonscription<br \/>\n<\/span><\/h1>\n<h2><strong>ASH<\/strong><\/h2>\n<ul>\n<li>cr\u00e9ation d&rsquo;1 poste d&rsquo;Enseignant-e r\u00e9f\u00e9rent-e<\/li>\n<li>cr\u00e9ation d&rsquo;1 poste d&rsquo;Enseignant-e ressource TND (troubles du neuro-d\u00e9veloppement)<\/li>\n<\/ul>\n<h2>Conseiller-\u00e8re P\u00e9dagogique D\u00e9partemental-e<\/h2>\n<ul>\n<li>cr\u00e9ation d&rsquo;un CPD maternelle<\/li>\n<\/ul>\n<h2>REMPLACEMENT<\/h2>\n<ul>\n<li>cr\u00e9ation de 3 Titulaires Rempla\u00e7ant-es d\u00e9partementaux (postes provisoires)<\/li>\n<\/ul>\n","protected":false},"excerpt":{"rendered":"<p>Le CDEN (Comit\u00e9 D\u00e9partemental de l&rsquo;Education Nationale) du 14 mars vient de se terminer. L\u2019IA-DASEN a pr\u00e9sent\u00e9 par rapport \u00e0 ces annonces du CSA du 5 mars des modifications ou des pr\u00e9cisions sur ces choix de carte scolaire : \u00a0annulation de la fermeture sur Leugny, car le maire a refus\u00e9 la fermeture du poste sur l\u2019\u00e9cole [&hellip;]<\/p>\n","protected":false},"author":4,"featured_media":25331,"comment_status":"closed","ping_status":"closed","sticky":false,"template":"","format":"standard","meta":{"footnotes":""},"categories":[14],"tags":[34,27],"class_list":["post-25330","post","type-post","status-publish","format-standard","has-post-thumbnail","hentry","category-a-la-une","tag-carte-scolaire","tag-cden"],"yoast_head":"<!-- This site is optimized with the Yoast SEO plugin v26.6 - https:\/\/yoast.com\/wordpress\/plugins\/seo\/ -->\n<title>Ouvertures\/fermetures rentr\u00e9e 2024 : d\u00e9cisions suite au CDEN 86 du 14\/03\/2024 - FSU-SNUipp 86<\/title>\n<meta name=\"robots\" content=\"index, follow, max-snippet:-1, max-image-preview:large, max-video-preview:-1\" \/>\n<link rel=\"canonical\" href=\"https:\/\/snuipp86.fr\/index.php\/2024\/03\/15\/ouvertures-fermetures-rentree-2024-decisions-suite-au-cden-86-du-14-03-2024\/\" \/>\n<meta property=\"og:locale\" content=\"fr_FR\" \/>\n<meta property=\"og:type\" content=\"article\" \/>\n<meta property=\"og:title\" content=\"Ouvertures\/fermetures rentr\u00e9e 2024 : d\u00e9cisions suite au CDEN 86 du 14\/03\/2024 - FSU-SNUipp 86\" \/>\n<meta property=\"og:description\" content=\"Le CDEN (Comit\u00e9 D\u00e9partemental de l&rsquo;Education Nationale) du 14 mars vient de se terminer. L\u2019IA-DASEN a pr\u00e9sent\u00e9 par rapport \u00e0 ces annonces du CSA du 5 mars des modifications ou des pr\u00e9cisions sur ces choix de carte scolaire : \u00a0annulation de la fermeture sur Leugny, car le maire a refus\u00e9 la fermeture du poste sur l\u2019\u00e9cole [&hellip;]\" \/>\n<meta property=\"og:url\" content=\"https:\/\/snuipp86.fr\/index.php\/2024\/03\/15\/ouvertures-fermetures-rentree-2024-decisions-suite-au-cden-86-du-14-03-2024\/\" \/>\n<meta property=\"og:site_name\" content=\"FSU-SNUipp 86\" \/>\n<meta property=\"article:published_time\" content=\"2024-03-15T05:20:19+00:00\" \/>\n<meta property=\"article:modified_time\" content=\"2024-04-02T04:58:43+00:00\" \/>\n<meta property=\"og:image\" content=\"https:\/\/snuipp86.fr\/wp-content\/uploads\/2024\/03\/cden_catesco.jpg\" \/>\n\t<meta property=\"og:image:width\" content=\"500\" \/>\n\t<meta property=\"og:image:height\" content=\"271\" \/>\n\t<meta property=\"og:image:type\" content=\"image\/jpeg\" \/>\n<meta name=\"author\" content=\"Matthieu Menaut\" \/>\n<meta name=\"twitter:card\" content=\"summary_large_image\" \/>\n<meta name=\"twitter:label1\" content=\"\u00c9crit par\" \/>\n\t<meta name=\"twitter:data1\" content=\"Matthieu Menaut\" \/>\n\t<meta name=\"twitter:label2\" content=\"Dur\u00e9e de lecture estim\u00e9e\" \/>\n\t<meta name=\"twitter:data2\" content=\"10 minutes\" \/>\n<script type=\"application\/ld+json\" class=\"yoast-schema-graph\">{\"@context\":\"https:\/\/schema.org\",\"@graph\":[{\"@type\":\"WebPage\",\"@id\":\"https:\/\/snuipp86.fr\/index.php\/2024\/03\/15\/ouvertures-fermetures-rentree-2024-decisions-suite-au-cden-86-du-14-03-2024\/\",\"url\":\"https:\/\/snuipp86.fr\/index.php\/2024\/03\/15\/ouvertures-fermetures-rentree-2024-decisions-suite-au-cden-86-du-14-03-2024\/\",\"name\":\"Ouvertures\/fermetures rentr\u00e9e 2024 : d\u00e9cisions suite au CDEN 86 du 14\/03\/2024 - FSU-SNUipp 86\",\"isPartOf\":{\"@id\":\"https:\/\/snuipp86.fr\/#website\"},\"primaryImageOfPage\":{\"@id\":\"https:\/\/snuipp86.fr\/index.php\/2024\/03\/15\/ouvertures-fermetures-rentree-2024-decisions-suite-au-cden-86-du-14-03-2024\/#primaryimage\"},\"image\":{\"@id\":\"https:\/\/snuipp86.fr\/index.php\/2024\/03\/15\/ouvertures-fermetures-rentree-2024-decisions-suite-au-cden-86-du-14-03-2024\/#primaryimage\"},\"thumbnailUrl\":\"https:\/\/snuipp86.fr\/wp-content\/uploads\/2024\/03\/cden_catesco.jpg\",\"datePublished\":\"2024-03-15T05:20:19+00:00\",\"dateModified\":\"2024-04-02T04:58:43+00:00\",\"author\":{\"@id\":\"https:\/\/snuipp86.fr\/#\/schema\/person\/5a96b33672b90a1385fd0b096fd5ebcb\"},\"breadcrumb\":{\"@id\":\"https:\/\/snuipp86.fr\/index.php\/2024\/03\/15\/ouvertures-fermetures-rentree-2024-decisions-suite-au-cden-86-du-14-03-2024\/#breadcrumb\"},\"inLanguage\":\"fr-FR\",\"potentialAction\":[{\"@type\":\"ReadAction\",\"target\":[\"https:\/\/snuipp86.fr\/index.php\/2024\/03\/15\/ouvertures-fermetures-rentree-2024-decisions-suite-au-cden-86-du-14-03-2024\/\"]}]},{\"@type\":\"ImageObject\",\"inLanguage\":\"fr-FR\",\"@id\":\"https:\/\/snuipp86.fr\/index.php\/2024\/03\/15\/ouvertures-fermetures-rentree-2024-decisions-suite-au-cden-86-du-14-03-2024\/#primaryimage\",\"url\":\"https:\/\/snuipp86.fr\/wp-content\/uploads\/2024\/03\/cden_catesco.jpg\",\"contentUrl\":\"https:\/\/snuipp86.fr\/wp-content\/uploads\/2024\/03\/cden_catesco.jpg\",\"width\":500,\"height\":271},{\"@type\":\"BreadcrumbList\",\"@id\":\"https:\/\/snuipp86.fr\/index.php\/2024\/03\/15\/ouvertures-fermetures-rentree-2024-decisions-suite-au-cden-86-du-14-03-2024\/#breadcrumb\",\"itemListElement\":[{\"@type\":\"ListItem\",\"position\":1,\"name\":\"Accueil\",\"item\":\"https:\/\/snuipp86.fr\/\"},{\"@type\":\"ListItem\",\"position\":2,\"name\":\"Ouvertures\/fermetures rentr\u00e9e 2024 : d\u00e9cisions suite au CDEN 86 du 14\/03\/2024\"}]},{\"@type\":\"WebSite\",\"@id\":\"https:\/\/snuipp86.fr\/#website\",\"url\":\"https:\/\/snuipp86.fr\/\",\"name\":\"FSU-SNUipp 86\",\"description\":\"Des id\u00e9es qui font l&#039;\u00e9cole\",\"potentialAction\":[{\"@type\":\"SearchAction\",\"target\":{\"@type\":\"EntryPoint\",\"urlTemplate\":\"https:\/\/snuipp86.fr\/?s={search_term_string}\"},\"query-input\":{\"@type\":\"PropertyValueSpecification\",\"valueRequired\":true,\"valueName\":\"search_term_string\"}}],\"inLanguage\":\"fr-FR\"},{\"@type\":\"Person\",\"@id\":\"https:\/\/snuipp86.fr\/#\/schema\/person\/5a96b33672b90a1385fd0b096fd5ebcb\",\"name\":\"Matthieu Menaut\",\"image\":{\"@type\":\"ImageObject\",\"inLanguage\":\"fr-FR\",\"@id\":\"https:\/\/snuipp86.fr\/#\/schema\/person\/image\/\",\"url\":\"https:\/\/secure.gravatar.com\/avatar\/03e70f897b03256ddca91d16c3e33a876c31abbf1b31cb48e60e770f684a04d1?s=96&d=mm&r=g\",\"contentUrl\":\"https:\/\/secure.gravatar.com\/avatar\/03e70f897b03256ddca91d16c3e33a876c31abbf1b31cb48e60e770f684a04d1?s=96&d=mm&r=g\",\"caption\":\"Matthieu Menaut\"},\"url\":\"https:\/\/snuipp86.fr\/index.php\/author\/mmenaut\/\"}]}<\/script>\n<!-- \/ Yoast SEO plugin. -->","yoast_head_json":{"title":"Ouvertures\/fermetures rentr\u00e9e 2024 : d\u00e9cisions suite au CDEN 86 du 14\/03\/2024 - FSU-SNUipp 86","robots":{"index":"index","follow":"follow","max-snippet":"max-snippet:-1","max-image-preview":"max-image-preview:large","max-video-preview":"max-video-preview:-1"},"canonical":"https:\/\/snuipp86.fr\/index.php\/2024\/03\/15\/ouvertures-fermetures-rentree-2024-decisions-suite-au-cden-86-du-14-03-2024\/","og_locale":"fr_FR","og_type":"article","og_title":"Ouvertures\/fermetures rentr\u00e9e 2024 : d\u00e9cisions suite au CDEN 86 du 14\/03\/2024 - FSU-SNUipp 86","og_description":"Le CDEN (Comit\u00e9 D\u00e9partemental de l&rsquo;Education Nationale) du 14 mars vient de se terminer. L\u2019IA-DASEN a pr\u00e9sent\u00e9 par rapport \u00e0 ces annonces du CSA du 5 mars des modifications ou des pr\u00e9cisions sur ces choix de carte scolaire : \u00a0annulation de la fermeture sur Leugny, car le maire a refus\u00e9 la fermeture du poste sur l\u2019\u00e9cole [&hellip;]","og_url":"https:\/\/snuipp86.fr\/index.php\/2024\/03\/15\/ouvertures-fermetures-rentree-2024-decisions-suite-au-cden-86-du-14-03-2024\/","og_site_name":"FSU-SNUipp 86","article_published_time":"2024-03-15T05:20:19+00:00","article_modified_time":"2024-04-02T04:58:43+00:00","og_image":[{"width":500,"height":271,"url":"https:\/\/snuipp86.fr\/wp-content\/uploads\/2024\/03\/cden_catesco.jpg","type":"image\/jpeg"}],"author":"Matthieu Menaut","twitter_card":"summary_large_image","twitter_misc":{"\u00c9crit par":"Matthieu Menaut","Dur\u00e9e de lecture estim\u00e9e":"10 minutes"},"schema":{"@context":"https:\/\/schema.org","@graph":[{"@type":"WebPage","@id":"https:\/\/snuipp86.fr\/index.php\/2024\/03\/15\/ouvertures-fermetures-rentree-2024-decisions-suite-au-cden-86-du-14-03-2024\/","url":"https:\/\/snuipp86.fr\/index.php\/2024\/03\/15\/ouvertures-fermetures-rentree-2024-decisions-suite-au-cden-86-du-14-03-2024\/","name":"Ouvertures\/fermetures rentr\u00e9e 2024 : d\u00e9cisions suite au CDEN 86 du 14\/03\/2024 - FSU-SNUipp 86","isPartOf":{"@id":"https:\/\/snuipp86.fr\/#website"},"primaryImageOfPage":{"@id":"https:\/\/snuipp86.fr\/index.php\/2024\/03\/15\/ouvertures-fermetures-rentree-2024-decisions-suite-au-cden-86-du-14-03-2024\/#primaryimage"},"image":{"@id":"https:\/\/snuipp86.fr\/index.php\/2024\/03\/15\/ouvertures-fermetures-rentree-2024-decisions-suite-au-cden-86-du-14-03-2024\/#primaryimage"},"thumbnailUrl":"https:\/\/snuipp86.fr\/wp-content\/uploads\/2024\/03\/cden_catesco.jpg","datePublished":"2024-03-15T05:20:19+00:00","dateModified":"2024-04-02T04:58:43+00:00","author":{"@id":"https:\/\/snuipp86.fr\/#\/schema\/person\/5a96b33672b90a1385fd0b096fd5ebcb"},"breadcrumb":{"@id":"https:\/\/snuipp86.fr\/index.php\/2024\/03\/15\/ouvertures-fermetures-rentree-2024-decisions-suite-au-cden-86-du-14-03-2024\/#breadcrumb"},"inLanguage":"fr-FR","potentialAction":[{"@type":"ReadAction","target":["https:\/\/snuipp86.fr\/index.php\/2024\/03\/15\/ouvertures-fermetures-rentree-2024-decisions-suite-au-cden-86-du-14-03-2024\/"]}]},{"@type":"ImageObject","inLanguage":"fr-FR","@id":"https:\/\/snuipp86.fr\/index.php\/2024\/03\/15\/ouvertures-fermetures-rentree-2024-decisions-suite-au-cden-86-du-14-03-2024\/#primaryimage","url":"https:\/\/snuipp86.fr\/wp-content\/uploads\/2024\/03\/cden_catesco.jpg","contentUrl":"https:\/\/snuipp86.fr\/wp-content\/uploads\/2024\/03\/cden_catesco.jpg","width":500,"height":271},{"@type":"BreadcrumbList","@id":"https:\/\/snuipp86.fr\/index.php\/2024\/03\/15\/ouvertures-fermetures-rentree-2024-decisions-suite-au-cden-86-du-14-03-2024\/#breadcrumb","itemListElement":[{"@type":"ListItem","position":1,"name":"Accueil","item":"https:\/\/snuipp86.fr\/"},{"@type":"ListItem","position":2,"name":"Ouvertures\/fermetures rentr\u00e9e 2024 : d\u00e9cisions suite au CDEN 86 du 14\/03\/2024"}]},{"@type":"WebSite","@id":"https:\/\/snuipp86.fr\/#website","url":"https:\/\/snuipp86.fr\/","name":"FSU-SNUipp 86","description":"Des id\u00e9es qui font l&#039;\u00e9cole","potentialAction":[{"@type":"SearchAction","target":{"@type":"EntryPoint","urlTemplate":"https:\/\/snuipp86.fr\/?s={search_term_string}"},"query-input":{"@type":"PropertyValueSpecification","valueRequired":true,"valueName":"search_term_string"}}],"inLanguage":"fr-FR"},{"@type":"Person","@id":"https:\/\/snuipp86.fr\/#\/schema\/person\/5a96b33672b90a1385fd0b096fd5ebcb","name":"Matthieu Menaut","image":{"@type":"ImageObject","inLanguage":"fr-FR","@id":"https:\/\/snuipp86.fr\/#\/schema\/person\/image\/","url":"https:\/\/secure.gravatar.com\/avatar\/03e70f897b03256ddca91d16c3e33a876c31abbf1b31cb48e60e770f684a04d1?s=96&d=mm&r=g","contentUrl":"https:\/\/secure.gravatar.com\/avatar\/03e70f897b03256ddca91d16c3e33a876c31abbf1b31cb48e60e770f684a04d1?s=96&d=mm&r=g","caption":"Matthieu Menaut"},"url":"https:\/\/snuipp86.fr\/index.php\/author\/mmenaut\/"}]}},"_links":{"self":[{"href":"https:\/\/snuipp86.fr\/index.php\/wp-json\/wp\/v2\/posts\/25330","targetHints":{"allow":["GET"]}}],"collection":[{"href":"https:\/\/snuipp86.fr\/index.php\/wp-json\/wp\/v2\/posts"}],"about":[{"href":"https:\/\/snuipp86.fr\/index.php\/wp-json\/wp\/v2\/types\/post"}],"author":[{"embeddable":true,"href":"https:\/\/snuipp86.fr\/index.php\/wp-json\/wp\/v2\/users\/4"}],"replies":[{"embeddable":true,"href":"https:\/\/snuipp86.fr\/index.php\/wp-json\/wp\/v2\/comments?post=25330"}],"version-history":[{"count":0,"href":"https:\/\/snuipp86.fr\/index.php\/wp-json\/wp\/v2\/posts\/25330\/revisions"}],"wp:featuredmedia":[{"embeddable":true,"href":"https:\/\/snuipp86.fr\/index.php\/wp-json\/wp\/v2\/media\/25331"}],"wp:attachment":[{"href":"https:\/\/snuipp86.fr\/index.php\/wp-json\/wp\/v2\/media?parent=25330"}],"wp:term":[{"taxonomy":"category","embeddable":true,"href":"https:\/\/snuipp86.fr\/index.php\/wp-json\/wp\/v2\/categories?post=25330"},{"taxonomy":"post_tag","embeddable":true,"href":"https:\/\/snuipp86.fr\/index.php\/wp-json\/wp\/v2\/tags?post=25330"}],"curies":[{"name":"wp","href":"https:\/\/api.w.org\/{rel}","templated":true}]}}