{"id":256,"date":"2017-12-08T06:52:18","date_gmt":"2017-12-08T06:52:18","guid":{"rendered":"http:\/\/localhost\/wordpress\/2017\/12\/08\/evaluations-pirls-les-propositions-du-ministre-ct-des-enjeux\/"},"modified":"2017-12-08T06:52:18","modified_gmt":"2017-12-08T06:52:18","slug":"evaluations-pirls-les-propositions-du-ministre-ct-des-enjeux","status":"publish","type":"post","link":"https:\/\/snuipp86.fr\/index.php\/2017\/12\/08\/evaluations-pirls-les-propositions-du-ministre-ct-des-enjeux\/","title":{"rendered":"Evaluations PIRLS : les propositions du ministre \u00e0 c\u00f4t\u00e9 des enjeux"},"content":{"rendered":"<p><img decoding=\"async\" src=\"https:\/\/snuipp86.fr\/wp-content\/spip\/IMG\/arton3556.jpg\" alt=\"\" align=\"right\" width=\"1020\" height=\"573\" class=\"spip_logos\" \/><\/p>\n","protected":false},"excerpt":{"rendered":"<p>Tr\u00e8s mauvaise note en lecture inflig\u00e9e \u00e0 l&rsquo;\u00e9cole fran\u00e7aise par la derni\u00e8re livraison de l&rsquo;\u00e9valuation internationale Pirls. Face \u00e0 ce choc, les quelques r\u00e9ponses apport\u00e9es par le ministre sont bien loin de r\u00e9pondre aux vrais enjeux.<br \/>\n&#8211;<br \/>\n<a href=\"http:\/\/86.snuipp.fr\/spip.php?rubrique249\" rel=\"directory\">L&rsquo;ACTUALIT\u00c9<\/a><br \/>\n\/<br \/>\n<a href=\"http:\/\/86.snuipp.fr\/spip.php?mot294\" rel=\"tag\">Evaluations<\/a><\/p>\n","protected":false},"author":1,"featured_media":0,"comment_status":"open","ping_status":"open","sticky":false,"template":"","format":"standard","meta":{"footnotes":""},"categories":[14],"tags":[],"class_list":["post-256","post","type-post","status-publish","format-standard","hentry","category-a-la-une"],"yoast_head":"<!-- This site is optimized with the Yoast SEO plugin v26.6 - https:\/\/yoast.com\/wordpress\/plugins\/seo\/ -->\n<title>Evaluations PIRLS : les propositions du ministre \u00e0 c\u00f4t\u00e9 des enjeux - FSU-SNUipp 86<\/title>\n<meta name=\"robots\" content=\"index, follow, max-snippet:-1, max-image-preview:large, max-video-preview:-1\" \/>\n<link rel=\"canonical\" href=\"https:\/\/snuipp86.fr\/index.php\/2017\/12\/08\/evaluations-pirls-les-propositions-du-ministre-ct-des-enjeux\/\" \/>\n<meta property=\"og:locale\" content=\"fr_FR\" \/>\n<meta property=\"og:type\" content=\"article\" \/>\n<meta property=\"og:title\" content=\"Evaluations PIRLS : les propositions du ministre \u00e0 c\u00f4t\u00e9 des enjeux - FSU-SNUipp 86\" \/>\n<meta property=\"og:description\" content=\"Tr\u00e8s mauvaise note en lecture inflig\u00e9e \u00e0 l&#039;\u00e9cole fran\u00e7aise par la derni\u00e8re livraison de l&#039;\u00e9valuation internationale Pirls. Face \u00e0 ce choc, les quelques r\u00e9ponses apport\u00e9es par le ministre sont bien loin de r\u00e9pondre aux vrais enjeux. - L&#039;ACTUALIT\u00c9 \/ Evaluations\" \/>\n<meta property=\"og:url\" content=\"https:\/\/snuipp86.fr\/index.php\/2017\/12\/08\/evaluations-pirls-les-propositions-du-ministre-ct-des-enjeux\/\" \/>\n<meta property=\"og:site_name\" content=\"FSU-SNUipp 86\" \/>\n<meta property=\"article:published_time\" content=\"2017-12-08T06:52:18+00:00\" \/>\n<meta property=\"og:image\" content=\"http:\/\/snuipp86.fr\/wp-content\/spip\/IMG\/arton3556.jpg\" \/>\n<meta name=\"author\" content=\"WP86Admin\" \/>\n<meta name=\"twitter:card\" content=\"summary_large_image\" \/>\n<meta name=\"twitter:label1\" content=\"\u00c9crit par\" \/>\n\t<meta name=\"twitter:data1\" content=\"WP86Admin\" \/>\n<script type=\"application\/ld+json\" class=\"yoast-schema-graph\">{\"@context\":\"https:\/\/schema.org\",\"@graph\":[{\"@type\":\"WebPage\",\"@id\":\"https:\/\/snuipp86.fr\/index.php\/2017\/12\/08\/evaluations-pirls-les-propositions-du-ministre-ct-des-enjeux\/\",\"url\":\"https:\/\/snuipp86.fr\/index.php\/2017\/12\/08\/evaluations-pirls-les-propositions-du-ministre-ct-des-enjeux\/\",\"name\":\"Evaluations PIRLS : les propositions du ministre \u00e0 c\u00f4t\u00e9 des enjeux - FSU-SNUipp 86\",\"isPartOf\":{\"@id\":\"https:\/\/snuipp86.fr\/#website\"},\"primaryImageOfPage\":{\"@id\":\"https:\/\/snuipp86.fr\/index.php\/2017\/12\/08\/evaluations-pirls-les-propositions-du-ministre-ct-des-enjeux\/#primaryimage\"},\"image\":{\"@id\":\"https:\/\/snuipp86.fr\/index.php\/2017\/12\/08\/evaluations-pirls-les-propositions-du-ministre-ct-des-enjeux\/#primaryimage\"},\"thumbnailUrl\":\"http:\/\/snuipp86.fr\/wp-content\/spip\/IMG\/arton3556.jpg\",\"datePublished\":\"2017-12-08T06:52:18+00:00\",\"author\":{\"@id\":\"https:\/\/snuipp86.fr\/#\/schema\/person\/901b28b9ae1c7a63a6a940102e52a7a2\"},\"breadcrumb\":{\"@id\":\"https:\/\/snuipp86.fr\/index.php\/2017\/12\/08\/evaluations-pirls-les-propositions-du-ministre-ct-des-enjeux\/#breadcrumb\"},\"inLanguage\":\"fr-FR\",\"potentialAction\":[{\"@type\":\"ReadAction\",\"target\":[\"https:\/\/snuipp86.fr\/index.php\/2017\/12\/08\/evaluations-pirls-les-propositions-du-ministre-ct-des-enjeux\/\"]}]},{\"@type\":\"ImageObject\",\"inLanguage\":\"fr-FR\",\"@id\":\"https:\/\/snuipp86.fr\/index.php\/2017\/12\/08\/evaluations-pirls-les-propositions-du-ministre-ct-des-enjeux\/#primaryimage\",\"url\":\"http:\/\/snuipp86.fr\/wp-content\/spip\/IMG\/arton3556.jpg\",\"contentUrl\":\"http:\/\/snuipp86.fr\/wp-content\/spip\/IMG\/arton3556.jpg\"},{\"@type\":\"BreadcrumbList\",\"@id\":\"https:\/\/snuipp86.fr\/index.php\/2017\/12\/08\/evaluations-pirls-les-propositions-du-ministre-ct-des-enjeux\/#breadcrumb\",\"itemListElement\":[{\"@type\":\"ListItem\",\"position\":1,\"name\":\"Accueil\",\"item\":\"https:\/\/snuipp86.fr\/\"},{\"@type\":\"ListItem\",\"position\":2,\"name\":\"Evaluations PIRLS : les propositions du ministre \u00e0 c\u00f4t\u00e9 des enjeux\"}]},{\"@type\":\"WebSite\",\"@id\":\"https:\/\/snuipp86.fr\/#website\",\"url\":\"https:\/\/snuipp86.fr\/\",\"name\":\"FSU-SNUipp 86\",\"description\":\"Des id\u00e9es qui font l&#039;\u00e9cole\",\"potentialAction\":[{\"@type\":\"SearchAction\",\"target\":{\"@type\":\"EntryPoint\",\"urlTemplate\":\"https:\/\/snuipp86.fr\/?s={search_term_string}\"},\"query-input\":{\"@type\":\"PropertyValueSpecification\",\"valueRequired\":true,\"valueName\":\"search_term_string\"}}],\"inLanguage\":\"fr-FR\"},{\"@type\":\"Person\",\"@id\":\"https:\/\/snuipp86.fr\/#\/schema\/person\/901b28b9ae1c7a63a6a940102e52a7a2\",\"name\":\"WP86Admin\",\"image\":{\"@type\":\"ImageObject\",\"inLanguage\":\"fr-FR\",\"@id\":\"https:\/\/snuipp86.fr\/#\/schema\/person\/image\/\",\"url\":\"https:\/\/secure.gravatar.com\/avatar\/0099845c7ec05dc10d777d8ab4f5142c5ba316283821af2459738ad469a37a1a?s=96&d=mm&r=g\",\"contentUrl\":\"https:\/\/secure.gravatar.com\/avatar\/0099845c7ec05dc10d777d8ab4f5142c5ba316283821af2459738ad469a37a1a?s=96&d=mm&r=g\",\"caption\":\"WP86Admin\"},\"url\":\"https:\/\/snuipp86.fr\/index.php\/author\/wp86admin\/\"}]}<\/script>\n<!-- \/ Yoast SEO plugin. -->","yoast_head_json":{"title":"Evaluations PIRLS : les propositions du ministre \u00e0 c\u00f4t\u00e9 des enjeux - FSU-SNUipp 86","robots":{"index":"index","follow":"follow","max-snippet":"max-snippet:-1","max-image-preview":"max-image-preview:large","max-video-preview":"max-video-preview:-1"},"canonical":"https:\/\/snuipp86.fr\/index.php\/2017\/12\/08\/evaluations-pirls-les-propositions-du-ministre-ct-des-enjeux\/","og_locale":"fr_FR","og_type":"article","og_title":"Evaluations PIRLS : les propositions du ministre \u00e0 c\u00f4t\u00e9 des enjeux - FSU-SNUipp 86","og_description":"Tr\u00e8s mauvaise note en lecture inflig\u00e9e \u00e0 l'\u00e9cole fran\u00e7aise par la derni\u00e8re livraison de l'\u00e9valuation internationale Pirls. Face \u00e0 ce choc, les quelques r\u00e9ponses apport\u00e9es par le ministre sont bien loin de r\u00e9pondre aux vrais enjeux. - L'ACTUALIT\u00c9 \/ Evaluations","og_url":"https:\/\/snuipp86.fr\/index.php\/2017\/12\/08\/evaluations-pirls-les-propositions-du-ministre-ct-des-enjeux\/","og_site_name":"FSU-SNUipp 86","article_published_time":"2017-12-08T06:52:18+00:00","og_image":[{"url":"http:\/\/snuipp86.fr\/wp-content\/spip\/IMG\/arton3556.jpg","type":"","width":"","height":""}],"author":"WP86Admin","twitter_card":"summary_large_image","twitter_misc":{"\u00c9crit par":"WP86Admin"},"schema":{"@context":"https:\/\/schema.org","@graph":[{"@type":"WebPage","@id":"https:\/\/snuipp86.fr\/index.php\/2017\/12\/08\/evaluations-pirls-les-propositions-du-ministre-ct-des-enjeux\/","url":"https:\/\/snuipp86.fr\/index.php\/2017\/12\/08\/evaluations-pirls-les-propositions-du-ministre-ct-des-enjeux\/","name":"Evaluations PIRLS : les propositions du ministre \u00e0 c\u00f4t\u00e9 des enjeux - FSU-SNUipp 86","isPartOf":{"@id":"https:\/\/snuipp86.fr\/#website"},"primaryImageOfPage":{"@id":"https:\/\/snuipp86.fr\/index.php\/2017\/12\/08\/evaluations-pirls-les-propositions-du-ministre-ct-des-enjeux\/#primaryimage"},"image":{"@id":"https:\/\/snuipp86.fr\/index.php\/2017\/12\/08\/evaluations-pirls-les-propositions-du-ministre-ct-des-enjeux\/#primaryimage"},"thumbnailUrl":"http:\/\/snuipp86.fr\/wp-content\/spip\/IMG\/arton3556.jpg","datePublished":"2017-12-08T06:52:18+00:00","author":{"@id":"https:\/\/snuipp86.fr\/#\/schema\/person\/901b28b9ae1c7a63a6a940102e52a7a2"},"breadcrumb":{"@id":"https:\/\/snuipp86.fr\/index.php\/2017\/12\/08\/evaluations-pirls-les-propositions-du-ministre-ct-des-enjeux\/#breadcrumb"},"inLanguage":"fr-FR","potentialAction":[{"@type":"ReadAction","target":["https:\/\/snuipp86.fr\/index.php\/2017\/12\/08\/evaluations-pirls-les-propositions-du-ministre-ct-des-enjeux\/"]}]},{"@type":"ImageObject","inLanguage":"fr-FR","@id":"https:\/\/snuipp86.fr\/index.php\/2017\/12\/08\/evaluations-pirls-les-propositions-du-ministre-ct-des-enjeux\/#primaryimage","url":"http:\/\/snuipp86.fr\/wp-content\/spip\/IMG\/arton3556.jpg","contentUrl":"http:\/\/snuipp86.fr\/wp-content\/spip\/IMG\/arton3556.jpg"},{"@type":"BreadcrumbList","@id":"https:\/\/snuipp86.fr\/index.php\/2017\/12\/08\/evaluations-pirls-les-propositions-du-ministre-ct-des-enjeux\/#breadcrumb","itemListElement":[{"@type":"ListItem","position":1,"name":"Accueil","item":"https:\/\/snuipp86.fr\/"},{"@type":"ListItem","position":2,"name":"Evaluations PIRLS : les propositions du ministre \u00e0 c\u00f4t\u00e9 des enjeux"}]},{"@type":"WebSite","@id":"https:\/\/snuipp86.fr\/#website","url":"https:\/\/snuipp86.fr\/","name":"FSU-SNUipp 86","description":"Des id\u00e9es qui font l&#039;\u00e9cole","potentialAction":[{"@type":"SearchAction","target":{"@type":"EntryPoint","urlTemplate":"https:\/\/snuipp86.fr\/?s={search_term_string}"},"query-input":{"@type":"PropertyValueSpecification","valueRequired":true,"valueName":"search_term_string"}}],"inLanguage":"fr-FR"},{"@type":"Person","@id":"https:\/\/snuipp86.fr\/#\/schema\/person\/901b28b9ae1c7a63a6a940102e52a7a2","name":"WP86Admin","image":{"@type":"ImageObject","inLanguage":"fr-FR","@id":"https:\/\/snuipp86.fr\/#\/schema\/person\/image\/","url":"https:\/\/secure.gravatar.com\/avatar\/0099845c7ec05dc10d777d8ab4f5142c5ba316283821af2459738ad469a37a1a?s=96&d=mm&r=g","contentUrl":"https:\/\/secure.gravatar.com\/avatar\/0099845c7ec05dc10d777d8ab4f5142c5ba316283821af2459738ad469a37a1a?s=96&d=mm&r=g","caption":"WP86Admin"},"url":"https:\/\/snuipp86.fr\/index.php\/author\/wp86admin\/"}]}},"_links":{"self":[{"href":"https:\/\/snuipp86.fr\/index.php\/wp-json\/wp\/v2\/posts\/256","targetHints":{"allow":["GET"]}}],"collection":[{"href":"https:\/\/snuipp86.fr\/index.php\/wp-json\/wp\/v2\/posts"}],"about":[{"href":"https:\/\/snuipp86.fr\/index.php\/wp-json\/wp\/v2\/types\/post"}],"author":[{"embeddable":true,"href":"https:\/\/snuipp86.fr\/index.php\/wp-json\/wp\/v2\/users\/1"}],"replies":[{"embeddable":true,"href":"https:\/\/snuipp86.fr\/index.php\/wp-json\/wp\/v2\/comments?post=256"}],"version-history":[{"count":0,"href":"https:\/\/snuipp86.fr\/index.php\/wp-json\/wp\/v2\/posts\/256\/revisions"}],"wp:attachment":[{"href":"https:\/\/snuipp86.fr\/index.php\/wp-json\/wp\/v2\/media?parent=256"}],"wp:term":[{"taxonomy":"category","embeddable":true,"href":"https:\/\/snuipp86.fr\/index.php\/wp-json\/wp\/v2\/categories?post=256"},{"taxonomy":"post_tag","embeddable":true,"href":"https:\/\/snuipp86.fr\/index.php\/wp-json\/wp\/v2\/tags?post=256"}],"curies":[{"name":"wp","href":"https:\/\/api.w.org\/{rel}","templated":true}]}}